
{"id":10223,"date":"2026-01-11T00:59:52","date_gmt":"2026-01-11T03:59:52","guid":{"rendered":"https:\/\/cuartetoenlaweb.com.ar\/sitio\/camila-galante-y-el-terrible-mensaje-con-el-que-marco-territorio-junto-a-leandro-paredes\/"},"modified":"2026-01-11T00:59:52","modified_gmt":"2026-01-11T03:59:52","slug":"camila-galante-y-el-terrible-mensaje-con-el-que-marco-territorio-junto-a-leandro-paredes","status":"publish","type":"post","link":"https:\/\/cuartetoenlaweb.com.ar\/sitio\/camila-galante-y-el-terrible-mensaje-con-el-que-marco-territorio-junto-a-leandro-paredes\/","title":{"rendered":"Camila Galante y el terrible mensaje con el que marc\u00f3 territorio junto a Leandro Paredes"},"content":{"rendered":"<p><strong><a href=\"https:\/\/www.paparazzi.com.ar\/?s=Camila+Galante\">Camila Galante<\/a><\/strong> volvi\u00f3 a quedar en el centro de la escena digital con un gesto tan simple como elocuente. Luego de que <strong><a href=\"https:\/\/www.paparazzi.com.ar\/?s=Leandro+Paredes\">Leandro Paredes<\/a><\/strong> compartiera una foto junto a ella en sus redes sociales, la esposa del futbolista no dud\u00f3 en recompartir la imagen con un mensaje directo y cargado de afecto: <em>\u201cTanto te amo\u201d,<\/em> acompa\u00f1ado por emojis de corazones. <\/p>\n<p>La frase, breve pero poderosa, no pas\u00f3 desapercibida entre los seguidores y r\u00e1pidamente gener\u00f3 m\u00faltiples lecturas. La publicaci\u00f3n se viraliz\u00f3 en cuesti\u00f3n de minutos y fue interpretada por muchos como una manera sutil pero firme de marcar territorio. <\/p>\n<p>Sin esc\u00e1ndalos, sin declaraciones pol\u00e9micas ni indirectas expl\u00edcitas, Camila eligi\u00f3 expresarse desde el amor y la presencia, reafirmando su lugar al lado del jugador de Boca y padre de sus tres hijos. La imagen original mostraba a Paredes relajado y cercano junto a Camila, en una postal familiar, lejos de poses forzadas o producciones exageradas. <\/p>\n<div class=\"mt-box \">\n<h4 class=\"mt-heading\">Mir\u00e1 Tambi\u00e9n<\/h4>\n<p><a href=\"https:\/\/www.paparazzi.com.ar\/videos\/exclusivo-tomas-dente-habla-de-su-particular-estilo-de-vida-no-tengo-sexo-ni-como-pizza-desde-hace-20-anos\/\"><\/p>\n<div class=\"mt-content\">\n<div class=\"mt-image-container\"><img decoding=\"async\" src=\"https:\/\/www.paparazzi.com.ar\/wp-content\/uploads\/2026\/01\/CHIMENTEROS-PORTADA-YT-TOMI-DENTE-359x226.jpg\" alt=\"\u00a1Exclusivo! Tom\u00e1s Dente habla de su particular estilo de vida: \u201cNo tengo sexo ni como pizza desde hace 20 a\u00f1os\u201d\" class=\"mt-image\" loading=\"lazy\" \/><\/div>\n<h5 class=\"mt-title\">\u00a1Exclusivo! Tom\u00e1s Dente habla de su particular estilo de vida: \u201cNo tengo sexo ni como pizza desde hace 20 a\u00f1os\u201d<\/h5>\n<\/div>\n<p><\/a><\/div>\n<p>Justamente esa espontaneidad fue una de las claves del impacto: una pareja consolidada, con historia y recorrido, que se muestra tal cual es. Al sumar su mensaje, Camila termin\u00f3 de sellar el significado de la foto y multiplic\u00f3 su alcance en redes.<\/p>\n<p>En tiempos donde cada gesto p\u00fablico se analiza al detalle, el <em>\u201ctanto te amo\u201d <\/em>funcion\u00f3 como una declaraci\u00f3n clara. Para muchos usuarios, no solo fue una muestra de cari\u00f1o, sino tambi\u00e9n una forma elegante de dejar en claro la solidez del v\u00ednculo frente a una audiencia masiva. Sin necesidad de aclaraciones, el mensaje habl\u00f3 por s\u00ed solo.<\/p>\n<div class=\"mt-box \">\n<h4 class=\"mt-heading\">Mir\u00e1 Tambi\u00e9n<\/h4>\n<p><a href=\"https:\/\/www.paparazzi.com.ar\/deportes\/vacaciones-leandro-paredes-camila-galante-finlandia\/\"><\/p>\n<div class=\"mt-content\">\n<div class=\"mt-image-container\"><img decoding=\"async\" src=\"https:\/\/www.paparazzi.com.ar\/wp-content\/uploads\/2025\/12\/lautaro-martinez-camila-galante-359x226.jpg\" alt=\"Leandro Paredes y Camila Galante viajaron a Finlandia con sus hijos para conocer a Pap\u00e1 Noel: las fotos m\u00e1s lindas\" class=\"mt-image\" loading=\"lazy\" \/><\/div>\n<h5 class=\"mt-title\">Leandro Paredes y Camila Galante viajaron a Finlandia con sus hijos para conocer a Pap\u00e1 Noel: las fotos m\u00e1s lindas<\/h5>\n<\/div>\n<p><\/a><\/div>\n<p>A diferencia de otras figuras vinculadas al mundo del f\u00fatbol, Camila Galante suele mantener un perfil bajo. Prioriza su rol como madre y acompa\u00f1a la carrera de Paredes sin buscar protagonismo constante. Justamente por eso, cada aparici\u00f3n o publicaci\u00f3n suya cobra mayor fuerza: no habla todo el tiempo, pero cuando lo hace, se hace notar.<\/p>\n<p>Su presencia en redes se caracteriza por ser medida, aut\u00e9ntica y coherente con la imagen que proyecta desde hace a\u00f1os. Madre de tres hijos y compa\u00f1era del futbolista desde hace mucho tiempo, Camila construy\u00f3 una identidad p\u00fablica basada en la familia, la discreci\u00f3n y el apoyo constante. Esa combinaci\u00f3n genera identificaci\u00f3n y respaldo entre sus seguidores.<\/p>\n<div class=\"mt-box \">\n<h4 class=\"mt-heading\">Mir\u00e1 Tambi\u00e9n<\/h4>\n<p><a href=\"https:\/\/www.paparazzi.com.ar\/teve\/explosiva-camila-galante-destruyo-a-un-famoso-periodista-por-atacar-a-leandro-paredes-ridiculo-nunca-vas-a\/\"><\/p>\n<div class=\"mt-content\">\n<div class=\"mt-image-container\"><img decoding=\"async\" src=\"https:\/\/www.paparazzi.com.ar\/wp-content\/uploads\/2025\/12\/Camila-Galante-359x226.jpg\" alt=\"\u00a1Explosiva! Camila Galante destruy\u00f3 a un famoso periodista por atacar a Leandro Paredes: \u201cRid\u00edculo, nunca vas a\u2026\u201d\" class=\"mt-image\" loading=\"lazy\" \/><\/div>\n<h5 class=\"mt-title\">\u00a1Explosiva! Camila Galante destruy\u00f3 a un famoso periodista por atacar a Leandro Paredes: \u201cRid\u00edculo, nunca vas a\u2026\u201d<\/h5>\n<\/div>\n<p><\/a><\/div>\n<p>La repercusi\u00f3n de la publicaci\u00f3n volvi\u00f3 a demostrar c\u00f3mo una simple foto puede generar conversaci\u00f3n cuando hay historia, v\u00ednculo real y una exposici\u00f3n justa. Sin pol\u00e9micas ni cruces medi\u00e1ticos, Camila Galante eligi\u00f3 mostrarse desde un lugar de seguridad y amor.<\/p>\n<p>Frente a millones de usuarios, el mensaje fue claro: uni\u00f3n, familia y un lugar bien definido. A veces, marcar territorio no requiere m\u00e1s que una imagen compartida, unas pocas palabras y muchos corazones.<\/p>\n<figure class=\"wp-block-image size-large\"><img decoding=\"async\" src=\"https:\/\/www.paparazzi.com.ar\/wp-content\/uploads\/2026\/01\/image-57-646x1024.png.webp\" loading=\"lazy\" alt=\"\" class=\"wp-image-459628\" \/><\/figure>\n<div class=\"mt-box \">\n<h4 class=\"mt-heading\">Mir\u00e1 Tambi\u00e9n<\/h4>\n<p><a href=\"https:\/\/www.paparazzi.com.ar\/teve\/la-terrible-reaccion-de-camila-galante-al-ver-la-fortuna-que-wanda-nara-gasto-en-su-decoracion-navidena\/\"><\/p>\n<div class=\"mt-content\">\n<div class=\"mt-image-container\"><img decoding=\"async\" src=\"https:\/\/www.paparazzi.com.ar\/wp-content\/uploads\/2025\/12\/Camila-Galante-y-Wanda-Nara-359x226.jpg\" alt=\"La terrible reacci\u00f3n de Camila Galante al ver la fortuna que Wanda Nara gast\u00f3 en su decoraci\u00f3n navide\u00f1a\" class=\"mt-image\" loading=\"lazy\" \/><\/div>\n<h5 class=\"mt-title\">La terrible reacci\u00f3n de Camila Galante al ver la fortuna que Wanda Nara gast\u00f3 en su decoraci\u00f3n navide\u00f1a<\/h5>\n<\/div>\n<p><\/a><\/div>\n<div class=\"mt-box \">\n<h4 class=\"mt-heading\">Mir\u00e1 Tambi\u00e9n<\/h4>\n<p><a href=\"https:\/\/www.paparazzi.com.ar\/teve\/leandro-paredes-y-camila-galante-reaparecieron-juntos-tras-los-rumores-de-infidelidad-con-eva-anderson\/\"><\/p>\n<div class=\"mt-content\">\n<div class=\"mt-image-container\"><img decoding=\"async\" src=\"https:\/\/www.paparazzi.com.ar\/wp-content\/uploads\/2025\/09\/image-203.png.webp\" alt=\"Leandro Paredes y Camila Galante reaparecieron juntos tras los rumores de infidelidad con Eva Anderson\" class=\"mt-image\" loading=\"lazy\" \/><\/div>\n<h5 class=\"mt-title\">Leandro Paredes y Camila Galante reaparecieron juntos tras los rumores de infidelidad con Eva Anderson<\/h5>\n<\/div>\n<p><\/a><\/div>\n<p>The post <a href=\"https:\/\/www.paparazzi.com.ar\/romances\/camila-galante-y-el-terrible-mensaje-con-el-que-marco-territorio-junto-a-leandro-paredes\/\">Camila Galante y el terrible mensaje con el que marc\u00f3 territorio junto a Leandro Paredes<\/a> appeared first on <a href=\"https:\/\/www.paparazzi.com.ar\">Revista Paparazzi<\/a>.<\/p>\n","protected":false},"excerpt":{"rendered":"<p>Camila Galante volvi\u00f3 a quedar en el centro de la<\/p>\n","protected":false},"author":0,"featured_media":10224,"comment_status":"","ping_status":"","sticky":false,"template":"","format":"standard","meta":{"footnotes":""},"categories":[65],"tags":[],"class_list":["post-10223","post","type-post","status-publish","format-standard","has-post-thumbnail","hentry","category-pais"],"yoast_head":"<!-- This site is optimized with the Yoast SEO plugin v27.5 - https:\/\/yoast.com\/product\/yoast-seo-wordpress\/ -->\n<title>Camila Galante y el terrible mensaje con el que marc\u00f3 territorio junto a Leandro Paredes - Cuarteto en la Web<\/title>\n<meta name=\"robots\" content=\"index, follow, max-snippet:-1, max-image-preview:large, max-video-preview:-1\" \/>\n<link rel=\"canonical\" href=\"https:\/\/cuartetoenlaweb.com.ar\/sitio\/camila-galante-y-el-terrible-mensaje-con-el-que-marco-territorio-junto-a-leandro-paredes\/\" \/>\n<meta property=\"og:locale\" content=\"es_ES\" \/>\n<meta property=\"og:type\" content=\"article\" \/>\n<meta property=\"og:title\" content=\"Camila Galante y el terrible mensaje con el que marc\u00f3 territorio junto a Leandro Paredes - Cuarteto en la Web\" \/>\n<meta property=\"og:description\" content=\"Camila Galante volvi\u00f3 a quedar en el centro de la\" \/>\n<meta property=\"og:url\" content=\"https:\/\/cuartetoenlaweb.com.ar\/sitio\/camila-galante-y-el-terrible-mensaje-con-el-que-marco-territorio-junto-a-leandro-paredes\/\" \/>\n<meta property=\"og:site_name\" content=\"Cuarteto en la Web\" \/>\n<meta property=\"article:published_time\" content=\"2026-01-11T03:59:52+00:00\" \/>\n<meta property=\"og:image\" content=\"https:\/\/cuartetoenlaweb.com.ar\/sitio\/wp-content\/uploads\/2026\/01\/CHIMENTEROS-PORTADA-YT-TOMI-DENTE-359x226-21.jpg\" \/>\n\t<meta property=\"og:image:width\" content=\"359\" \/>\n\t<meta property=\"og:image:height\" content=\"226\" \/>\n\t<meta property=\"og:image:type\" content=\"image\/jpeg\" \/>\n<meta name=\"twitter:card\" content=\"summary_large_image\" \/>\n<meta name=\"twitter:label1\" content=\"Tiempo de lectura\" \/>\n\t<meta name=\"twitter:data1\" content=\"3 minutos\" \/>\n<script type=\"application\/ld+json\" class=\"yoast-schema-graph\">{\"@context\":\"https:\\\/\\\/schema.org\",\"@graph\":[{\"@type\":\"Article\",\"@id\":\"https:\\\/\\\/cuartetoenlaweb.com.ar\\\/sitio\\\/camila-galante-y-el-terrible-mensaje-con-el-que-marco-territorio-junto-a-leandro-paredes\\\/#article\",\"isPartOf\":{\"@id\":\"https:\\\/\\\/cuartetoenlaweb.com.ar\\\/sitio\\\/camila-galante-y-el-terrible-mensaje-con-el-que-marco-territorio-junto-a-leandro-paredes\\\/\"},\"author\":{\"name\":\"\",\"@id\":\"\"},\"headline\":\"Camila Galante y el terrible mensaje con el que marc\u00f3 territorio junto a Leandro Paredes\",\"datePublished\":\"2026-01-11T03:59:52+00:00\",\"mainEntityOfPage\":{\"@id\":\"https:\\\/\\\/cuartetoenlaweb.com.ar\\\/sitio\\\/camila-galante-y-el-terrible-mensaje-con-el-que-marco-territorio-junto-a-leandro-paredes\\\/\"},\"wordCount\":618,\"publisher\":{\"@id\":\"https:\\\/\\\/cuartetoenlaweb.com.ar\\\/sitio\\\/#organization\"},\"image\":{\"@id\":\"https:\\\/\\\/cuartetoenlaweb.com.ar\\\/sitio\\\/camila-galante-y-el-terrible-mensaje-con-el-que-marco-territorio-junto-a-leandro-paredes\\\/#primaryimage\"},\"thumbnailUrl\":\"https:\\\/\\\/cuartetoenlaweb.com.ar\\\/sitio\\\/wp-content\\\/uploads\\\/2026\\\/01\\\/CHIMENTEROS-PORTADA-YT-TOMI-DENTE-359x226-21.jpg\",\"articleSection\":[\"PAIS\"],\"inLanguage\":\"es\"},{\"@type\":\"WebPage\",\"@id\":\"https:\\\/\\\/cuartetoenlaweb.com.ar\\\/sitio\\\/camila-galante-y-el-terrible-mensaje-con-el-que-marco-territorio-junto-a-leandro-paredes\\\/\",\"url\":\"https:\\\/\\\/cuartetoenlaweb.com.ar\\\/sitio\\\/camila-galante-y-el-terrible-mensaje-con-el-que-marco-territorio-junto-a-leandro-paredes\\\/\",\"name\":\"Camila Galante y el terrible mensaje con el que marc\u00f3 territorio junto a Leandro Paredes - Cuarteto en la Web\",\"isPartOf\":{\"@id\":\"https:\\\/\\\/cuartetoenlaweb.com.ar\\\/sitio\\\/#website\"},\"primaryImageOfPage\":{\"@id\":\"https:\\\/\\\/cuartetoenlaweb.com.ar\\\/sitio\\\/camila-galante-y-el-terrible-mensaje-con-el-que-marco-territorio-junto-a-leandro-paredes\\\/#primaryimage\"},\"image\":{\"@id\":\"https:\\\/\\\/cuartetoenlaweb.com.ar\\\/sitio\\\/camila-galante-y-el-terrible-mensaje-con-el-que-marco-territorio-junto-a-leandro-paredes\\\/#primaryimage\"},\"thumbnailUrl\":\"https:\\\/\\\/cuartetoenlaweb.com.ar\\\/sitio\\\/wp-content\\\/uploads\\\/2026\\\/01\\\/CHIMENTEROS-PORTADA-YT-TOMI-DENTE-359x226-21.jpg\",\"datePublished\":\"2026-01-11T03:59:52+00:00\",\"breadcrumb\":{\"@id\":\"https:\\\/\\\/cuartetoenlaweb.com.ar\\\/sitio\\\/camila-galante-y-el-terrible-mensaje-con-el-que-marco-territorio-junto-a-leandro-paredes\\\/#breadcrumb\"},\"inLanguage\":\"es\",\"potentialAction\":[{\"@type\":\"ReadAction\",\"target\":[\"https:\\\/\\\/cuartetoenlaweb.com.ar\\\/sitio\\\/camila-galante-y-el-terrible-mensaje-con-el-que-marco-territorio-junto-a-leandro-paredes\\\/\"]}]},{\"@type\":\"ImageObject\",\"inLanguage\":\"es\",\"@id\":\"https:\\\/\\\/cuartetoenlaweb.com.ar\\\/sitio\\\/camila-galante-y-el-terrible-mensaje-con-el-que-marco-territorio-junto-a-leandro-paredes\\\/#primaryimage\",\"url\":\"https:\\\/\\\/cuartetoenlaweb.com.ar\\\/sitio\\\/wp-content\\\/uploads\\\/2026\\\/01\\\/CHIMENTEROS-PORTADA-YT-TOMI-DENTE-359x226-21.jpg\",\"contentUrl\":\"https:\\\/\\\/cuartetoenlaweb.com.ar\\\/sitio\\\/wp-content\\\/uploads\\\/2026\\\/01\\\/CHIMENTEROS-PORTADA-YT-TOMI-DENTE-359x226-21.jpg\",\"width\":359,\"height\":226},{\"@type\":\"BreadcrumbList\",\"@id\":\"https:\\\/\\\/cuartetoenlaweb.com.ar\\\/sitio\\\/camila-galante-y-el-terrible-mensaje-con-el-que-marco-territorio-junto-a-leandro-paredes\\\/#breadcrumb\",\"itemListElement\":[{\"@type\":\"ListItem\",\"position\":1,\"name\":\"Portada\",\"item\":\"https:\\\/\\\/cuartetoenlaweb.com.ar\\\/sitio\\\/\"},{\"@type\":\"ListItem\",\"position\":2,\"name\":\"Camila Galante y el terrible mensaje con el que marc\u00f3 territorio junto a Leandro Paredes\"}]},{\"@type\":\"WebSite\",\"@id\":\"https:\\\/\\\/cuartetoenlaweb.com.ar\\\/sitio\\\/#website\",\"url\":\"https:\\\/\\\/cuartetoenlaweb.com.ar\\\/sitio\\\/\",\"name\":\"Cuarteto en la Web\",\"description\":\"\",\"publisher\":{\"@id\":\"https:\\\/\\\/cuartetoenlaweb.com.ar\\\/sitio\\\/#organization\"},\"potentialAction\":[{\"@type\":\"SearchAction\",\"target\":{\"@type\":\"EntryPoint\",\"urlTemplate\":\"https:\\\/\\\/cuartetoenlaweb.com.ar\\\/sitio\\\/?s={search_term_string}\"},\"query-input\":{\"@type\":\"PropertyValueSpecification\",\"valueRequired\":true,\"valueName\":\"search_term_string\"}}],\"inLanguage\":\"es\"},{\"@type\":\"Organization\",\"@id\":\"https:\\\/\\\/cuartetoenlaweb.com.ar\\\/sitio\\\/#organization\",\"name\":\"Cuarteto en la Web\",\"url\":\"https:\\\/\\\/cuartetoenlaweb.com.ar\\\/sitio\\\/\",\"logo\":{\"@type\":\"ImageObject\",\"inLanguage\":\"es\",\"@id\":\"https:\\\/\\\/cuartetoenlaweb.com.ar\\\/sitio\\\/#\\\/schema\\\/logo\\\/image\\\/\",\"url\":\"https:\\\/\\\/cuartetoenlaweb.com.ar\\\/sitio\\\/wp-content\\\/uploads\\\/2025\\\/07\\\/cropped-cropped-logitoweb21.png\",\"contentUrl\":\"https:\\\/\\\/cuartetoenlaweb.com.ar\\\/sitio\\\/wp-content\\\/uploads\\\/2025\\\/07\\\/cropped-cropped-logitoweb21.png\",\"width\":199,\"height\":199,\"caption\":\"Cuarteto en la Web\"},\"image\":{\"@id\":\"https:\\\/\\\/cuartetoenlaweb.com.ar\\\/sitio\\\/#\\\/schema\\\/logo\\\/image\\\/\"}}]}<\/script>\n<!-- \/ Yoast SEO plugin. -->","yoast_head_json":{"title":"Camila Galante y el terrible mensaje con el que marc\u00f3 territorio junto a Leandro Paredes - Cuarteto en la Web","robots":{"index":"index","follow":"follow","max-snippet":"max-snippet:-1","max-image-preview":"max-image-preview:large","max-video-preview":"max-video-preview:-1"},"canonical":"https:\/\/cuartetoenlaweb.com.ar\/sitio\/camila-galante-y-el-terrible-mensaje-con-el-que-marco-territorio-junto-a-leandro-paredes\/","og_locale":"es_ES","og_type":"article","og_title":"Camila Galante y el terrible mensaje con el que marc\u00f3 territorio junto a Leandro Paredes - Cuarteto en la Web","og_description":"Camila Galante volvi\u00f3 a quedar en el centro de la","og_url":"https:\/\/cuartetoenlaweb.com.ar\/sitio\/camila-galante-y-el-terrible-mensaje-con-el-que-marco-territorio-junto-a-leandro-paredes\/","og_site_name":"Cuarteto en la Web","article_published_time":"2026-01-11T03:59:52+00:00","og_image":[{"width":359,"height":226,"url":"https:\/\/cuartetoenlaweb.com.ar\/sitio\/wp-content\/uploads\/2026\/01\/CHIMENTEROS-PORTADA-YT-TOMI-DENTE-359x226-21.jpg","type":"image\/jpeg"}],"twitter_card":"summary_large_image","twitter_misc":{"Tiempo de lectura":"3 minutos"},"schema":{"@context":"https:\/\/schema.org","@graph":[{"@type":"Article","@id":"https:\/\/cuartetoenlaweb.com.ar\/sitio\/camila-galante-y-el-terrible-mensaje-con-el-que-marco-territorio-junto-a-leandro-paredes\/#article","isPartOf":{"@id":"https:\/\/cuartetoenlaweb.com.ar\/sitio\/camila-galante-y-el-terrible-mensaje-con-el-que-marco-territorio-junto-a-leandro-paredes\/"},"author":{"name":"","@id":""},"headline":"Camila Galante y el terrible mensaje con el que marc\u00f3 territorio junto a Leandro Paredes","datePublished":"2026-01-11T03:59:52+00:00","mainEntityOfPage":{"@id":"https:\/\/cuartetoenlaweb.com.ar\/sitio\/camila-galante-y-el-terrible-mensaje-con-el-que-marco-territorio-junto-a-leandro-paredes\/"},"wordCount":618,"publisher":{"@id":"https:\/\/cuartetoenlaweb.com.ar\/sitio\/#organization"},"image":{"@id":"https:\/\/cuartetoenlaweb.com.ar\/sitio\/camila-galante-y-el-terrible-mensaje-con-el-que-marco-territorio-junto-a-leandro-paredes\/#primaryimage"},"thumbnailUrl":"https:\/\/cuartetoenlaweb.com.ar\/sitio\/wp-content\/uploads\/2026\/01\/CHIMENTEROS-PORTADA-YT-TOMI-DENTE-359x226-21.jpg","articleSection":["PAIS"],"inLanguage":"es"},{"@type":"WebPage","@id":"https:\/\/cuartetoenlaweb.com.ar\/sitio\/camila-galante-y-el-terrible-mensaje-con-el-que-marco-territorio-junto-a-leandro-paredes\/","url":"https:\/\/cuartetoenlaweb.com.ar\/sitio\/camila-galante-y-el-terrible-mensaje-con-el-que-marco-territorio-junto-a-leandro-paredes\/","name":"Camila Galante y el terrible mensaje con el que marc\u00f3 territorio junto a Leandro Paredes - Cuarteto en la Web","isPartOf":{"@id":"https:\/\/cuartetoenlaweb.com.ar\/sitio\/#website"},"primaryImageOfPage":{"@id":"https:\/\/cuartetoenlaweb.com.ar\/sitio\/camila-galante-y-el-terrible-mensaje-con-el-que-marco-territorio-junto-a-leandro-paredes\/#primaryimage"},"image":{"@id":"https:\/\/cuartetoenlaweb.com.ar\/sitio\/camila-galante-y-el-terrible-mensaje-con-el-que-marco-territorio-junto-a-leandro-paredes\/#primaryimage"},"thumbnailUrl":"https:\/\/cuartetoenlaweb.com.ar\/sitio\/wp-content\/uploads\/2026\/01\/CHIMENTEROS-PORTADA-YT-TOMI-DENTE-359x226-21.jpg","datePublished":"2026-01-11T03:59:52+00:00","breadcrumb":{"@id":"https:\/\/cuartetoenlaweb.com.ar\/sitio\/camila-galante-y-el-terrible-mensaje-con-el-que-marco-territorio-junto-a-leandro-paredes\/#breadcrumb"},"inLanguage":"es","potentialAction":[{"@type":"ReadAction","target":["https:\/\/cuartetoenlaweb.com.ar\/sitio\/camila-galante-y-el-terrible-mensaje-con-el-que-marco-territorio-junto-a-leandro-paredes\/"]}]},{"@type":"ImageObject","inLanguage":"es","@id":"https:\/\/cuartetoenlaweb.com.ar\/sitio\/camila-galante-y-el-terrible-mensaje-con-el-que-marco-territorio-junto-a-leandro-paredes\/#primaryimage","url":"https:\/\/cuartetoenlaweb.com.ar\/sitio\/wp-content\/uploads\/2026\/01\/CHIMENTEROS-PORTADA-YT-TOMI-DENTE-359x226-21.jpg","contentUrl":"https:\/\/cuartetoenlaweb.com.ar\/sitio\/wp-content\/uploads\/2026\/01\/CHIMENTEROS-PORTADA-YT-TOMI-DENTE-359x226-21.jpg","width":359,"height":226},{"@type":"BreadcrumbList","@id":"https:\/\/cuartetoenlaweb.com.ar\/sitio\/camila-galante-y-el-terrible-mensaje-con-el-que-marco-territorio-junto-a-leandro-paredes\/#breadcrumb","itemListElement":[{"@type":"ListItem","position":1,"name":"Portada","item":"https:\/\/cuartetoenlaweb.com.ar\/sitio\/"},{"@type":"ListItem","position":2,"name":"Camila Galante y el terrible mensaje con el que marc\u00f3 territorio junto a Leandro Paredes"}]},{"@type":"WebSite","@id":"https:\/\/cuartetoenlaweb.com.ar\/sitio\/#website","url":"https:\/\/cuartetoenlaweb.com.ar\/sitio\/","name":"Cuarteto en la Web","description":"","publisher":{"@id":"https:\/\/cuartetoenlaweb.com.ar\/sitio\/#organization"},"potentialAction":[{"@type":"SearchAction","target":{"@type":"EntryPoint","urlTemplate":"https:\/\/cuartetoenlaweb.com.ar\/sitio\/?s={search_term_string}"},"query-input":{"@type":"PropertyValueSpecification","valueRequired":true,"valueName":"search_term_string"}}],"inLanguage":"es"},{"@type":"Organization","@id":"https:\/\/cuartetoenlaweb.com.ar\/sitio\/#organization","name":"Cuarteto en la Web","url":"https:\/\/cuartetoenlaweb.com.ar\/sitio\/","logo":{"@type":"ImageObject","inLanguage":"es","@id":"https:\/\/cuartetoenlaweb.com.ar\/sitio\/#\/schema\/logo\/image\/","url":"https:\/\/cuartetoenlaweb.com.ar\/sitio\/wp-content\/uploads\/2025\/07\/cropped-cropped-logitoweb21.png","contentUrl":"https:\/\/cuartetoenlaweb.com.ar\/sitio\/wp-content\/uploads\/2025\/07\/cropped-cropped-logitoweb21.png","width":199,"height":199,"caption":"Cuarteto en la Web"},"image":{"@id":"https:\/\/cuartetoenlaweb.com.ar\/sitio\/#\/schema\/logo\/image\/"}}]}},"_links":{"self":[{"href":"https:\/\/cuartetoenlaweb.com.ar\/sitio\/wp-json\/wp\/v2\/posts\/10223","targetHints":{"allow":["GET"]}}],"collection":[{"href":"https:\/\/cuartetoenlaweb.com.ar\/sitio\/wp-json\/wp\/v2\/posts"}],"about":[{"href":"https:\/\/cuartetoenlaweb.com.ar\/sitio\/wp-json\/wp\/v2\/types\/post"}],"replies":[{"embeddable":true,"href":"https:\/\/cuartetoenlaweb.com.ar\/sitio\/wp-json\/wp\/v2\/comments?post=10223"}],"version-history":[{"count":0,"href":"https:\/\/cuartetoenlaweb.com.ar\/sitio\/wp-json\/wp\/v2\/posts\/10223\/revisions"}],"wp:featuredmedia":[{"embeddable":true,"href":"https:\/\/cuartetoenlaweb.com.ar\/sitio\/wp-json\/wp\/v2\/media\/10224"}],"wp:attachment":[{"href":"https:\/\/cuartetoenlaweb.com.ar\/sitio\/wp-json\/wp\/v2\/media?parent=10223"}],"wp:term":[{"taxonomy":"category","embeddable":true,"href":"https:\/\/cuartetoenlaweb.com.ar\/sitio\/wp-json\/wp\/v2\/categories?post=10223"},{"taxonomy":"post_tag","embeddable":true,"href":"https:\/\/cuartetoenlaweb.com.ar\/sitio\/wp-json\/wp\/v2\/tags?post=10223"}],"curies":[{"name":"wp","href":"https:\/\/api.w.org\/{rel}","templated":true}]}}