
{"id":10221,"date":"2026-01-11T00:59:51","date_gmt":"2026-01-11T03:59:51","guid":{"rendered":"https:\/\/cuartetoenlaweb.com.ar\/sitio\/aca-me-quedo-para-siempre-la-romantica-carta-de-mauro-icardi-a-la-china-suarez\/"},"modified":"2026-01-11T00:59:51","modified_gmt":"2026-01-11T03:59:51","slug":"aca-me-quedo-para-siempre-la-romantica-carta-de-mauro-icardi-a-la-china-suarez","status":"publish","type":"post","link":"https:\/\/cuartetoenlaweb.com.ar\/sitio\/aca-me-quedo-para-siempre-la-romantica-carta-de-mauro-icardi-a-la-china-suarez\/","title":{"rendered":"\u201cAc\u00e1 me quedo para siempre\u201d: la rom\u00e1ntica carta de Mauro Icardi a la China Su\u00e1rez"},"content":{"rendered":"<p><strong><a href=\"https:\/\/www.paparazzi.com.ar\/?s=Mauro+Icardi\">Mauro Icardi<\/a><\/strong> volvi\u00f3 a mostrarse como \u201cel \u00faltimo rom\u00e1ntico\u201d y eligi\u00f3 una fecha clave para hacerlo p\u00fablico. A un a\u00f1o exacto de haber confirmado su relaci\u00f3n con la <strong><a href=\"https:\/\/www.paparazzi.com.ar\/?s=China+Su%C3%A1rez\">China Su\u00e1rez<\/a><\/strong> a trav\u00e9s de una primera foto juntos, el futbolista le dedic\u00f3 una nueva y extensa carta de amor que no pas\u00f3 desapercibida y volvi\u00f3 a encender las redes.<\/p>\n<p>Si bien los rumores sobre el v\u00ednculo entre Mauro y la China comenzaron mucho antes, en pleno estallido del WandaGate, la confirmaci\u00f3n oficial lleg\u00f3 reci\u00e9n el 9 de enero de 2025, cuando ambos compartieron la primera imagen juntos. <\/p>\n<p>Desde entonces, el delantero convirti\u00f3 sus redes sociales en una especie de diario \u00edntimo donde, cada tanto, le escribe mensajes cargados de emoci\u00f3n a su pareja. En esta oportunidad, Icardi eligi\u00f3 volver a publicar la misma foto con la que hab\u00edan blanqueado el romance y acompa\u00f1arla con palabras que hablaron de amor, calma y proyecci\u00f3n a futuro. <\/p>\n<div class=\"mt-box \">\n<h4 class=\"mt-heading\">Mir\u00e1 Tambi\u00e9n<\/h4>\n<p><a href=\"https:\/\/www.paparazzi.com.ar\/videos\/exclusivo-tomas-dente-habla-de-su-particular-estilo-de-vida-no-tengo-sexo-ni-como-pizza-desde-hace-20-anos\/\"><\/p>\n<div class=\"mt-content\">\n<div class=\"mt-image-container\"><img decoding=\"async\" src=\"https:\/\/www.paparazzi.com.ar\/wp-content\/uploads\/2026\/01\/CHIMENTEROS-PORTADA-YT-TOMI-DENTE-359x226.jpg\" alt=\"\u00a1Exclusivo! Tom\u00e1s Dente habla de su particular estilo de vida: \u201cNo tengo sexo ni como pizza desde hace 20 a\u00f1os\u201d\" class=\"mt-image\" loading=\"lazy\" \/><\/div>\n<h5 class=\"mt-title\">\u00a1Exclusivo! Tom\u00e1s Dente habla de su particular estilo de vida: \u201cNo tengo sexo ni como pizza desde hace 20 a\u00f1os\u201d<\/h5>\n<\/div>\n<p><\/a><\/div>\n<p><em>\u201cHace un a\u00f1o subimos una foto y sin decir demasiado le contamos al mundo que nos hab\u00edamos encontrado. Lo que no se ve\u00eda era la paz que me trajiste, la fuerza que me das, la complicidad, las risas y el amor real\u201d<\/em>, escribi\u00f3 el futbolista.<\/p>\n<p>Lejos de quedarse solo en el recuerdo, Mauro profundiz\u00f3 su declaraci\u00f3n y agradeci\u00f3 el acompa\u00f1amiento de la actriz en los momentos m\u00e1s dif\u00edciles.<em> \u201cGracias por caminar a mi lado, por sostenerme, por creer en nosotros incluso cuando no parec\u00eda f\u00e1cil\u201d<\/em>, expres\u00f3, dejando entrever que la relaci\u00f3n atraves\u00f3 situaciones complejas desde su inicio.<\/p>\n<div class=\"mt-box \">\n<h4 class=\"mt-heading\">Mir\u00e1 Tambi\u00e9n<\/h4>\n<p><a href=\"https:\/\/www.paparazzi.com.ar\/teve\/la-familia-de-mauro-icardi-atraviesa-una-vida-muy-precaria-en-rosario-les-cortaron-la-luz-y-el-gas\/\"><\/p>\n<div class=\"mt-content\">\n<div class=\"mt-image-container\"><img decoding=\"async\" src=\"https:\/\/www.paparazzi.com.ar\/wp-content\/uploads\/2026\/01\/Icardi-flia-359x226.jpeg\" alt=\"La familia de Mauro Icardi atraviesa una vida muy precaria en Rosario: \u201cLes cortaron la luz y el gas\u201d\" class=\"mt-image\" loading=\"lazy\" \/><\/div>\n<h5 class=\"mt-title\">La familia de Mauro Icardi atraviesa una vida muy precaria en Rosario: \u201cLes cortaron la luz y el gas\u201d<\/h5>\n<\/div>\n<p><\/a><\/div>\n<p>La carta continu\u00f3 con una fuerte afirmaci\u00f3n que r\u00e1pidamente llam\u00f3 la atenci\u00f3n de sus seguidores y del mundo del espect\u00e1culo: <em>\u201cHoy no celebro una foto, celebro a la mujer que amo, la historia que estamos construyendo y el futuro que sue\u00f1o con vos\u201d. <\/em>Y cerr\u00f3 con una frase que sell\u00f3 el mensaje: <em>\u201cHace un a\u00f1o dijimos \u2018ac\u00e1 estamos\u2019. Hoy te digo \u2018ac\u00e1 me quedo\u2019 para siempre\u201d.<\/em><\/p>\n<p>Adem\u00e1s del texto, Icardi arm\u00f3 un carrusel con algunas de las im\u00e1genes m\u00e1s significativas de la pareja a lo largo del \u00faltimo a\u00f1o: viajes, abrazos, besos y momentos de intimidad que reforzaron la idea de una relaci\u00f3n consolidada. La publicaci\u00f3n lleg\u00f3, adem\u00e1s, pocos d\u00edas despu\u00e9s de que Wanda Nara asegurara p\u00fablicamente que no lo ve feliz, lo que muchos interpretaron como una respuesta indirecta.<\/p>\n<div class=\"mt-box \">\n<h4 class=\"mt-heading\">Mir\u00e1 Tambi\u00e9n<\/h4>\n<p><a href=\"https:\/\/www.paparazzi.com.ar\/romances\/ella-es-la-que-sufre-mauro-icardi-destapo-la-delicada-realidad-de-la-china-suarez-en-turquia\/\"><\/p>\n<div class=\"mt-content\">\n<div class=\"mt-image-container\"><img decoding=\"async\" src=\"https:\/\/www.paparazzi.com.ar\/wp-content\/uploads\/2026\/01\/mauro-icardi-china-suarez-1-359x226.jpg\" alt=\"\u201cElla es la que sufre\u201d: Mauro Icardi destap\u00f3 la delicada situaci\u00f3n que la China Su\u00e1rez vive en Turqu\u00eda\" class=\"mt-image\" loading=\"lazy\" \/><\/div>\n<h5 class=\"mt-title\">\u201cElla es la que sufre\u201d: Mauro Icardi destap\u00f3 la delicada situaci\u00f3n que la China Su\u00e1rez vive en Turqu\u00eda<\/h5>\n<\/div>\n<p><\/a><\/div>\n<p>Cabe recordar que un a\u00f1o atr\u00e1s, cuando confirmaron su romance, Mauro tambi\u00e9n hab\u00eda acompa\u00f1ado la foto con una larga reflexi\u00f3n sobre el destino, los encuentros inesperados y la certeza de haber encontrado su lugar. Hoy, doce meses despu\u00e9s, volvi\u00f3 a ratificar ese sentimiento con una nueva carta que dej\u00f3 en claro que el romance sigue firme.<\/p>\n<p>As\u00ed, Mauro Icardi eligi\u00f3 celebrar el aniversario de su relaci\u00f3n con la China Su\u00e1rez de la misma manera en que la present\u00f3 al mundo: con palabras intensas, gestos rom\u00e1nticos y una promesa de amor a futuro que volvi\u00f3 a dar que hablar.<\/p>\n<figure class=\"wp-block-image size-full\"><img decoding=\"async\" width=\"768\" height=\"851\" src=\"https:\/\/www.paparazzi.com.ar\/wp-content\/uploads\/2026\/01\/image-58.png.webp\" loading=\"lazy\" alt=\"\" class=\"wp-image-459630\" \/><\/figure>\n<div class=\"mt-box \">\n<h4 class=\"mt-heading\">Mir\u00e1 Tambi\u00e9n<\/h4>\n<p><a href=\"https:\/\/www.paparazzi.com.ar\/romances\/bomba-absoluta-la-china-suarez-y-mauro-icardi-celebraran-y-se-filtro-todo-hay-casamiento\/\"><\/p>\n<div class=\"mt-content\">\n<div class=\"mt-image-container\"><img decoding=\"async\" src=\"https:\/\/www.paparazzi.com.ar\/wp-content\/uploads\/2026\/01\/\u00a1Bomba-absoluta-La-China-Suarez-y-Mauro-Icardi-celebraran-y-se-filtro-todo-22Hay-casamiento22-359x226.jpg\" alt=\"\u00a1Bomba absoluta! La China Su\u00e1rez y Mauro Icardi celebrar\u00e1n y se filtr\u00f3 todo: &quot;Hay casamiento&quot;\" class=\"mt-image\" loading=\"lazy\" \/><\/div>\n<h5 class=\"mt-title\">\u00a1Bomba absoluta! La China Su\u00e1rez y Mauro Icardi celebrar\u00e1n y se filtr\u00f3 todo: \u00abHay casamiento\u00bb<\/h5>\n<\/div>\n<p><\/a><\/div>\n<div class=\"mt-box \">\n<h4 class=\"mt-heading\">Mir\u00e1 Tambi\u00e9n<\/h4>\n<p><a href=\"https:\/\/www.paparazzi.com.ar\/romances\/sigue-enamorada-wanda-nara-se-confeso-con-yanina-latorre-sobre-mauro-icardi-no-lo-odio-pero\/\"><\/p>\n<div class=\"mt-content\">\n<div class=\"mt-image-container\"><img decoding=\"async\" src=\"https:\/\/www.paparazzi.com.ar\/wp-content\/uploads\/2026\/01\/wanda-nara-yanina-latorre-icardi-359x226.jpg\" alt=\"\u00bfSigue enamorada? Wanda Nara se confes\u00f3 con Yanina Latorre sobre Mauro Icardi: &quot;No lo odio, pero\u2026&quot;\" class=\"mt-image\" loading=\"lazy\" \/><\/div>\n<h5 class=\"mt-title\">\u00bfSigue enamorada? Wanda Nara se confes\u00f3 con Yanina Latorre sobre Mauro Icardi: \u00abNo lo odio, pero\u2026\u00bb<\/h5>\n<\/div>\n<p><\/a><\/div>\n<p>The post <a href=\"https:\/\/www.paparazzi.com.ar\/romances\/aca-me-quedo-para-siempre-la-romantica-carta-de-mauro-icardi-a-la-china-suarez\/\">\u201cAc\u00e1 me quedo para siempre\u201d: la rom\u00e1ntica carta de Mauro Icardi a la China Su\u00e1rez<\/a> appeared first on <a href=\"https:\/\/www.paparazzi.com.ar\">Revista Paparazzi<\/a>.<\/p>\n","protected":false},"excerpt":{"rendered":"<p>Mauro Icardi volvi\u00f3 a mostrarse como \u201cel \u00faltimo rom\u00e1ntico\u201d y<\/p>\n","protected":false},"author":0,"featured_media":10222,"comment_status":"","ping_status":"","sticky":false,"template":"","format":"standard","meta":{"footnotes":""},"categories":[65],"tags":[],"class_list":["post-10221","post","type-post","status-publish","format-standard","has-post-thumbnail","hentry","category-pais"],"yoast_head":"<!-- This site is optimized with the Yoast SEO plugin v27.5 - https:\/\/yoast.com\/product\/yoast-seo-wordpress\/ -->\n<title>\u201cAc\u00e1 me quedo para siempre\u201d: la rom\u00e1ntica carta de Mauro Icardi a la China Su\u00e1rez - Cuarteto en la Web<\/title>\n<meta name=\"robots\" content=\"index, follow, max-snippet:-1, max-image-preview:large, max-video-preview:-1\" \/>\n<link rel=\"canonical\" href=\"http:\/\/cuartetoenlaweb.com.ar\/sitio\/aca-me-quedo-para-siempre-la-romantica-carta-de-mauro-icardi-a-la-china-suarez\/\" \/>\n<meta property=\"og:locale\" content=\"es_ES\" \/>\n<meta property=\"og:type\" content=\"article\" \/>\n<meta property=\"og:title\" content=\"\u201cAc\u00e1 me quedo para siempre\u201d: la rom\u00e1ntica carta de Mauro Icardi a la China Su\u00e1rez - Cuarteto en la Web\" \/>\n<meta property=\"og:description\" content=\"Mauro Icardi volvi\u00f3 a mostrarse como \u201cel \u00faltimo rom\u00e1ntico\u201d y\" \/>\n<meta property=\"og:url\" content=\"http:\/\/cuartetoenlaweb.com.ar\/sitio\/aca-me-quedo-para-siempre-la-romantica-carta-de-mauro-icardi-a-la-china-suarez\/\" \/>\n<meta property=\"og:site_name\" content=\"Cuarteto en la Web\" \/>\n<meta property=\"article:published_time\" content=\"2026-01-11T03:59:51+00:00\" \/>\n<meta property=\"og:image\" content=\"http:\/\/cuartetoenlaweb.com.ar\/sitio\/wp-content\/uploads\/2026\/01\/CHIMENTEROS-PORTADA-YT-TOMI-DENTE-359x226-20.jpg\" \/>\n\t<meta property=\"og:image:width\" content=\"359\" \/>\n\t<meta property=\"og:image:height\" content=\"226\" \/>\n\t<meta property=\"og:image:type\" content=\"image\/jpeg\" \/>\n<meta name=\"twitter:card\" content=\"summary_large_image\" \/>\n<meta name=\"twitter:label1\" content=\"Tiempo de lectura\" \/>\n\t<meta name=\"twitter:data1\" content=\"3 minutos\" \/>\n<script type=\"application\/ld+json\" class=\"yoast-schema-graph\">{\"@context\":\"https:\\\/\\\/schema.org\",\"@graph\":[{\"@type\":\"Article\",\"@id\":\"http:\\\/\\\/cuartetoenlaweb.com.ar\\\/sitio\\\/aca-me-quedo-para-siempre-la-romantica-carta-de-mauro-icardi-a-la-china-suarez\\\/#article\",\"isPartOf\":{\"@id\":\"http:\\\/\\\/cuartetoenlaweb.com.ar\\\/sitio\\\/aca-me-quedo-para-siempre-la-romantica-carta-de-mauro-icardi-a-la-china-suarez\\\/\"},\"author\":{\"name\":\"\",\"@id\":\"\"},\"headline\":\"\u201cAc\u00e1 me quedo para siempre\u201d: la rom\u00e1ntica carta de Mauro Icardi a la China Su\u00e1rez\",\"datePublished\":\"2026-01-11T03:59:51+00:00\",\"mainEntityOfPage\":{\"@id\":\"http:\\\/\\\/cuartetoenlaweb.com.ar\\\/sitio\\\/aca-me-quedo-para-siempre-la-romantica-carta-de-mauro-icardi-a-la-china-suarez\\\/\"},\"wordCount\":675,\"publisher\":{\"@id\":\"https:\\\/\\\/cuartetoenlaweb.com.ar\\\/sitio\\\/#organization\"},\"image\":{\"@id\":\"http:\\\/\\\/cuartetoenlaweb.com.ar\\\/sitio\\\/aca-me-quedo-para-siempre-la-romantica-carta-de-mauro-icardi-a-la-china-suarez\\\/#primaryimage\"},\"thumbnailUrl\":\"https:\\\/\\\/cuartetoenlaweb.com.ar\\\/sitio\\\/wp-content\\\/uploads\\\/2026\\\/01\\\/CHIMENTEROS-PORTADA-YT-TOMI-DENTE-359x226-20.jpg\",\"articleSection\":[\"PAIS\"],\"inLanguage\":\"es\"},{\"@type\":\"WebPage\",\"@id\":\"http:\\\/\\\/cuartetoenlaweb.com.ar\\\/sitio\\\/aca-me-quedo-para-siempre-la-romantica-carta-de-mauro-icardi-a-la-china-suarez\\\/\",\"url\":\"http:\\\/\\\/cuartetoenlaweb.com.ar\\\/sitio\\\/aca-me-quedo-para-siempre-la-romantica-carta-de-mauro-icardi-a-la-china-suarez\\\/\",\"name\":\"\u201cAc\u00e1 me quedo para siempre\u201d: la rom\u00e1ntica carta de Mauro Icardi a la China Su\u00e1rez - Cuarteto en la Web\",\"isPartOf\":{\"@id\":\"https:\\\/\\\/cuartetoenlaweb.com.ar\\\/sitio\\\/#website\"},\"primaryImageOfPage\":{\"@id\":\"http:\\\/\\\/cuartetoenlaweb.com.ar\\\/sitio\\\/aca-me-quedo-para-siempre-la-romantica-carta-de-mauro-icardi-a-la-china-suarez\\\/#primaryimage\"},\"image\":{\"@id\":\"http:\\\/\\\/cuartetoenlaweb.com.ar\\\/sitio\\\/aca-me-quedo-para-siempre-la-romantica-carta-de-mauro-icardi-a-la-china-suarez\\\/#primaryimage\"},\"thumbnailUrl\":\"https:\\\/\\\/cuartetoenlaweb.com.ar\\\/sitio\\\/wp-content\\\/uploads\\\/2026\\\/01\\\/CHIMENTEROS-PORTADA-YT-TOMI-DENTE-359x226-20.jpg\",\"datePublished\":\"2026-01-11T03:59:51+00:00\",\"breadcrumb\":{\"@id\":\"http:\\\/\\\/cuartetoenlaweb.com.ar\\\/sitio\\\/aca-me-quedo-para-siempre-la-romantica-carta-de-mauro-icardi-a-la-china-suarez\\\/#breadcrumb\"},\"inLanguage\":\"es\",\"potentialAction\":[{\"@type\":\"ReadAction\",\"target\":[\"http:\\\/\\\/cuartetoenlaweb.com.ar\\\/sitio\\\/aca-me-quedo-para-siempre-la-romantica-carta-de-mauro-icardi-a-la-china-suarez\\\/\"]}]},{\"@type\":\"ImageObject\",\"inLanguage\":\"es\",\"@id\":\"http:\\\/\\\/cuartetoenlaweb.com.ar\\\/sitio\\\/aca-me-quedo-para-siempre-la-romantica-carta-de-mauro-icardi-a-la-china-suarez\\\/#primaryimage\",\"url\":\"https:\\\/\\\/cuartetoenlaweb.com.ar\\\/sitio\\\/wp-content\\\/uploads\\\/2026\\\/01\\\/CHIMENTEROS-PORTADA-YT-TOMI-DENTE-359x226-20.jpg\",\"contentUrl\":\"https:\\\/\\\/cuartetoenlaweb.com.ar\\\/sitio\\\/wp-content\\\/uploads\\\/2026\\\/01\\\/CHIMENTEROS-PORTADA-YT-TOMI-DENTE-359x226-20.jpg\",\"width\":359,\"height\":226},{\"@type\":\"BreadcrumbList\",\"@id\":\"http:\\\/\\\/cuartetoenlaweb.com.ar\\\/sitio\\\/aca-me-quedo-para-siempre-la-romantica-carta-de-mauro-icardi-a-la-china-suarez\\\/#breadcrumb\",\"itemListElement\":[{\"@type\":\"ListItem\",\"position\":1,\"name\":\"Portada\",\"item\":\"https:\\\/\\\/cuartetoenlaweb.com.ar\\\/sitio\\\/\"},{\"@type\":\"ListItem\",\"position\":2,\"name\":\"\u201cAc\u00e1 me quedo para siempre\u201d: la rom\u00e1ntica carta de Mauro Icardi a la China Su\u00e1rez\"}]},{\"@type\":\"WebSite\",\"@id\":\"https:\\\/\\\/cuartetoenlaweb.com.ar\\\/sitio\\\/#website\",\"url\":\"https:\\\/\\\/cuartetoenlaweb.com.ar\\\/sitio\\\/\",\"name\":\"Cuarteto en la Web\",\"description\":\"\",\"publisher\":{\"@id\":\"https:\\\/\\\/cuartetoenlaweb.com.ar\\\/sitio\\\/#organization\"},\"potentialAction\":[{\"@type\":\"SearchAction\",\"target\":{\"@type\":\"EntryPoint\",\"urlTemplate\":\"https:\\\/\\\/cuartetoenlaweb.com.ar\\\/sitio\\\/?s={search_term_string}\"},\"query-input\":{\"@type\":\"PropertyValueSpecification\",\"valueRequired\":true,\"valueName\":\"search_term_string\"}}],\"inLanguage\":\"es\"},{\"@type\":\"Organization\",\"@id\":\"https:\\\/\\\/cuartetoenlaweb.com.ar\\\/sitio\\\/#organization\",\"name\":\"Cuarteto en la Web\",\"url\":\"https:\\\/\\\/cuartetoenlaweb.com.ar\\\/sitio\\\/\",\"logo\":{\"@type\":\"ImageObject\",\"inLanguage\":\"es\",\"@id\":\"https:\\\/\\\/cuartetoenlaweb.com.ar\\\/sitio\\\/#\\\/schema\\\/logo\\\/image\\\/\",\"url\":\"https:\\\/\\\/cuartetoenlaweb.com.ar\\\/sitio\\\/wp-content\\\/uploads\\\/2025\\\/07\\\/cropped-cropped-logitoweb21.png\",\"contentUrl\":\"https:\\\/\\\/cuartetoenlaweb.com.ar\\\/sitio\\\/wp-content\\\/uploads\\\/2025\\\/07\\\/cropped-cropped-logitoweb21.png\",\"width\":199,\"height\":199,\"caption\":\"Cuarteto en la Web\"},\"image\":{\"@id\":\"https:\\\/\\\/cuartetoenlaweb.com.ar\\\/sitio\\\/#\\\/schema\\\/logo\\\/image\\\/\"}}]}<\/script>\n<!-- \/ Yoast SEO plugin. -->","yoast_head_json":{"title":"\u201cAc\u00e1 me quedo para siempre\u201d: la rom\u00e1ntica carta de Mauro Icardi a la China Su\u00e1rez - Cuarteto en la Web","robots":{"index":"index","follow":"follow","max-snippet":"max-snippet:-1","max-image-preview":"max-image-preview:large","max-video-preview":"max-video-preview:-1"},"canonical":"http:\/\/cuartetoenlaweb.com.ar\/sitio\/aca-me-quedo-para-siempre-la-romantica-carta-de-mauro-icardi-a-la-china-suarez\/","og_locale":"es_ES","og_type":"article","og_title":"\u201cAc\u00e1 me quedo para siempre\u201d: la rom\u00e1ntica carta de Mauro Icardi a la China Su\u00e1rez - Cuarteto en la Web","og_description":"Mauro Icardi volvi\u00f3 a mostrarse como \u201cel \u00faltimo rom\u00e1ntico\u201d y","og_url":"http:\/\/cuartetoenlaweb.com.ar\/sitio\/aca-me-quedo-para-siempre-la-romantica-carta-de-mauro-icardi-a-la-china-suarez\/","og_site_name":"Cuarteto en la Web","article_published_time":"2026-01-11T03:59:51+00:00","og_image":[{"width":359,"height":226,"url":"http:\/\/cuartetoenlaweb.com.ar\/sitio\/wp-content\/uploads\/2026\/01\/CHIMENTEROS-PORTADA-YT-TOMI-DENTE-359x226-20.jpg","type":"image\/jpeg"}],"twitter_card":"summary_large_image","twitter_misc":{"Tiempo de lectura":"3 minutos"},"schema":{"@context":"https:\/\/schema.org","@graph":[{"@type":"Article","@id":"http:\/\/cuartetoenlaweb.com.ar\/sitio\/aca-me-quedo-para-siempre-la-romantica-carta-de-mauro-icardi-a-la-china-suarez\/#article","isPartOf":{"@id":"http:\/\/cuartetoenlaweb.com.ar\/sitio\/aca-me-quedo-para-siempre-la-romantica-carta-de-mauro-icardi-a-la-china-suarez\/"},"author":{"name":"","@id":""},"headline":"\u201cAc\u00e1 me quedo para siempre\u201d: la rom\u00e1ntica carta de Mauro Icardi a la China Su\u00e1rez","datePublished":"2026-01-11T03:59:51+00:00","mainEntityOfPage":{"@id":"http:\/\/cuartetoenlaweb.com.ar\/sitio\/aca-me-quedo-para-siempre-la-romantica-carta-de-mauro-icardi-a-la-china-suarez\/"},"wordCount":675,"publisher":{"@id":"https:\/\/cuartetoenlaweb.com.ar\/sitio\/#organization"},"image":{"@id":"http:\/\/cuartetoenlaweb.com.ar\/sitio\/aca-me-quedo-para-siempre-la-romantica-carta-de-mauro-icardi-a-la-china-suarez\/#primaryimage"},"thumbnailUrl":"https:\/\/cuartetoenlaweb.com.ar\/sitio\/wp-content\/uploads\/2026\/01\/CHIMENTEROS-PORTADA-YT-TOMI-DENTE-359x226-20.jpg","articleSection":["PAIS"],"inLanguage":"es"},{"@type":"WebPage","@id":"http:\/\/cuartetoenlaweb.com.ar\/sitio\/aca-me-quedo-para-siempre-la-romantica-carta-de-mauro-icardi-a-la-china-suarez\/","url":"http:\/\/cuartetoenlaweb.com.ar\/sitio\/aca-me-quedo-para-siempre-la-romantica-carta-de-mauro-icardi-a-la-china-suarez\/","name":"\u201cAc\u00e1 me quedo para siempre\u201d: la rom\u00e1ntica carta de Mauro Icardi a la China Su\u00e1rez - Cuarteto en la Web","isPartOf":{"@id":"https:\/\/cuartetoenlaweb.com.ar\/sitio\/#website"},"primaryImageOfPage":{"@id":"http:\/\/cuartetoenlaweb.com.ar\/sitio\/aca-me-quedo-para-siempre-la-romantica-carta-de-mauro-icardi-a-la-china-suarez\/#primaryimage"},"image":{"@id":"http:\/\/cuartetoenlaweb.com.ar\/sitio\/aca-me-quedo-para-siempre-la-romantica-carta-de-mauro-icardi-a-la-china-suarez\/#primaryimage"},"thumbnailUrl":"https:\/\/cuartetoenlaweb.com.ar\/sitio\/wp-content\/uploads\/2026\/01\/CHIMENTEROS-PORTADA-YT-TOMI-DENTE-359x226-20.jpg","datePublished":"2026-01-11T03:59:51+00:00","breadcrumb":{"@id":"http:\/\/cuartetoenlaweb.com.ar\/sitio\/aca-me-quedo-para-siempre-la-romantica-carta-de-mauro-icardi-a-la-china-suarez\/#breadcrumb"},"inLanguage":"es","potentialAction":[{"@type":"ReadAction","target":["http:\/\/cuartetoenlaweb.com.ar\/sitio\/aca-me-quedo-para-siempre-la-romantica-carta-de-mauro-icardi-a-la-china-suarez\/"]}]},{"@type":"ImageObject","inLanguage":"es","@id":"http:\/\/cuartetoenlaweb.com.ar\/sitio\/aca-me-quedo-para-siempre-la-romantica-carta-de-mauro-icardi-a-la-china-suarez\/#primaryimage","url":"https:\/\/cuartetoenlaweb.com.ar\/sitio\/wp-content\/uploads\/2026\/01\/CHIMENTEROS-PORTADA-YT-TOMI-DENTE-359x226-20.jpg","contentUrl":"https:\/\/cuartetoenlaweb.com.ar\/sitio\/wp-content\/uploads\/2026\/01\/CHIMENTEROS-PORTADA-YT-TOMI-DENTE-359x226-20.jpg","width":359,"height":226},{"@type":"BreadcrumbList","@id":"http:\/\/cuartetoenlaweb.com.ar\/sitio\/aca-me-quedo-para-siempre-la-romantica-carta-de-mauro-icardi-a-la-china-suarez\/#breadcrumb","itemListElement":[{"@type":"ListItem","position":1,"name":"Portada","item":"https:\/\/cuartetoenlaweb.com.ar\/sitio\/"},{"@type":"ListItem","position":2,"name":"\u201cAc\u00e1 me quedo para siempre\u201d: la rom\u00e1ntica carta de Mauro Icardi a la China Su\u00e1rez"}]},{"@type":"WebSite","@id":"https:\/\/cuartetoenlaweb.com.ar\/sitio\/#website","url":"https:\/\/cuartetoenlaweb.com.ar\/sitio\/","name":"Cuarteto en la Web","description":"","publisher":{"@id":"https:\/\/cuartetoenlaweb.com.ar\/sitio\/#organization"},"potentialAction":[{"@type":"SearchAction","target":{"@type":"EntryPoint","urlTemplate":"https:\/\/cuartetoenlaweb.com.ar\/sitio\/?s={search_term_string}"},"query-input":{"@type":"PropertyValueSpecification","valueRequired":true,"valueName":"search_term_string"}}],"inLanguage":"es"},{"@type":"Organization","@id":"https:\/\/cuartetoenlaweb.com.ar\/sitio\/#organization","name":"Cuarteto en la Web","url":"https:\/\/cuartetoenlaweb.com.ar\/sitio\/","logo":{"@type":"ImageObject","inLanguage":"es","@id":"https:\/\/cuartetoenlaweb.com.ar\/sitio\/#\/schema\/logo\/image\/","url":"https:\/\/cuartetoenlaweb.com.ar\/sitio\/wp-content\/uploads\/2025\/07\/cropped-cropped-logitoweb21.png","contentUrl":"https:\/\/cuartetoenlaweb.com.ar\/sitio\/wp-content\/uploads\/2025\/07\/cropped-cropped-logitoweb21.png","width":199,"height":199,"caption":"Cuarteto en la Web"},"image":{"@id":"https:\/\/cuartetoenlaweb.com.ar\/sitio\/#\/schema\/logo\/image\/"}}]}},"_links":{"self":[{"href":"https:\/\/cuartetoenlaweb.com.ar\/sitio\/wp-json\/wp\/v2\/posts\/10221","targetHints":{"allow":["GET"]}}],"collection":[{"href":"https:\/\/cuartetoenlaweb.com.ar\/sitio\/wp-json\/wp\/v2\/posts"}],"about":[{"href":"https:\/\/cuartetoenlaweb.com.ar\/sitio\/wp-json\/wp\/v2\/types\/post"}],"replies":[{"embeddable":true,"href":"https:\/\/cuartetoenlaweb.com.ar\/sitio\/wp-json\/wp\/v2\/comments?post=10221"}],"version-history":[{"count":0,"href":"https:\/\/cuartetoenlaweb.com.ar\/sitio\/wp-json\/wp\/v2\/posts\/10221\/revisions"}],"wp:featuredmedia":[{"embeddable":true,"href":"https:\/\/cuartetoenlaweb.com.ar\/sitio\/wp-json\/wp\/v2\/media\/10222"}],"wp:attachment":[{"href":"https:\/\/cuartetoenlaweb.com.ar\/sitio\/wp-json\/wp\/v2\/media?parent=10221"}],"wp:term":[{"taxonomy":"category","embeddable":true,"href":"https:\/\/cuartetoenlaweb.com.ar\/sitio\/wp-json\/wp\/v2\/categories?post=10221"},{"taxonomy":"post_tag","embeddable":true,"href":"https:\/\/cuartetoenlaweb.com.ar\/sitio\/wp-json\/wp\/v2\/tags?post=10221"}],"curies":[{"name":"wp","href":"https:\/\/api.w.org\/{rel}","templated":true}]}}