
{"id":10219,"date":"2026-01-11T00:59:50","date_gmt":"2026-01-11T03:59:50","guid":{"rendered":"https:\/\/cuartetoenlaweb.com.ar\/sitio\/el-fuerte-cruce-entre-wanda-nara-y-el-jurado-de-masterchef-por-la-incorporacion-de-yanina-latorre\/"},"modified":"2026-01-11T00:59:50","modified_gmt":"2026-01-11T03:59:50","slug":"el-fuerte-cruce-entre-wanda-nara-y-el-jurado-de-masterchef-por-la-incorporacion-de-yanina-latorre","status":"publish","type":"post","link":"https:\/\/cuartetoenlaweb.com.ar\/sitio\/el-fuerte-cruce-entre-wanda-nara-y-el-jurado-de-masterchef-por-la-incorporacion-de-yanina-latorre\/","title":{"rendered":"El fuerte cruce entre Wanda Nara y el jurado de MasterChef  por la incorporaci\u00f3n de Yanina Latorre"},"content":{"rendered":"<p>Un <a href=\"https:\/\/www.paparazzi.com.ar\/teve\/se-pudrio-en-masterchef-wanda-nara-ninguneo-a-moni-giardina-y-se-armo-un-escandalo\/\">momento de m\u00e1xima tensi\u00f3n<\/a> se vivi\u00f3 en <em>MasterChef Celebrity Edici\u00f3n Especial<\/em>, cuando una charla aparentemente informal termin\u00f3 en un cruce inc\u00f3modo entre <strong>Wanda Nara<\/strong> y el jurado del programa. La pol\u00e9mica se desat\u00f3 <a href=\"https:\/\/www.paparazzi.com.ar\/teve\/cara-a-cara-yanina-latorre-y-maru-botana-volvieron-a-cruzarse-en-masterchef-luego-de-anos-de-peleas-y-chicanas\/\">a ra\u00edz de la incorporaci\u00f3n de <strong>Yanina Latorre<\/strong> como reemplazo<\/a>, una decisi\u00f3n que no cay\u00f3 bien.<\/p>\n<p>Todo ocurri\u00f3 durante una escena que r\u00e1pidamente se viraliz\u00f3 en redes sociales. Ante una pregunta de <strong>Donato Di Santis<\/strong> sobre qui\u00e9n decide las incorporaciones y reemplazos, Wanda respondi\u00f3 sin vueltas que la elecci\u00f3n hab\u00eda sido de <strong>Maxi L\u00f3pez<\/strong>, pero lo hizo con un gesto evidente de molestia.<\/p>\n<p>El clima se tens\u00f3 a\u00fan m\u00e1s cuando Wanda lanz\u00f3 una frase que no pas\u00f3 desapercibida: <em>\u201c\u00bfY por qu\u00e9 ustedes le permiten todo a Maxi?\u201d<\/em>. En un tono filoso, agreg\u00f3: <em>\u201cEn mi \u00e9poca lo ten\u00eda m\u00e1s corto, ustedes le dan mucho permiso\u201d,<\/em> dejando en claro su desacuerdo con la forma en la que se manejan las decisiones dentro del programa.<\/p>\n<div class=\"mt-box \">\n<h4 class=\"mt-heading\">Mir\u00e1 Tambi\u00e9n<\/h4>\n<p><a href=\"https:\/\/www.paparazzi.com.ar\/videos\/exclusivo-tomas-dente-habla-de-su-particular-estilo-de-vida-no-tengo-sexo-ni-como-pizza-desde-hace-20-anos\/\"><\/p>\n<div class=\"mt-content\">\n<div class=\"mt-image-container\"><img decoding=\"async\" src=\"https:\/\/www.paparazzi.com.ar\/wp-content\/uploads\/2026\/01\/CHIMENTEROS-PORTADA-YT-TOMI-DENTE-359x226.jpg\" alt=\"\u00a1Exclusivo! Tom\u00e1s Dente habla de su particular estilo de vida: \u201cNo tengo sexo ni como pizza desde hace 20 a\u00f1os\u201d\" class=\"mt-image\" loading=\"lazy\" \/><\/div>\n<h5 class=\"mt-title\">\u00a1Exclusivo! Tom\u00e1s Dente habla de su particular estilo de vida: \u201cNo tengo sexo ni como pizza desde hace 20 a\u00f1os\u201d<\/h5>\n<\/div>\n<p><\/a><\/div>\n<p>Lejos de bajar la intensidad, la conductora redobl\u00f3 la apuesta y expres\u00f3: <em>\u201cNo puede dejarnos semejante problema\u201d<\/em>, en clara alusi\u00f3n a la llegada de Yanina. Fue entonces cuando <a href=\"https:\/\/www.paparazzi.com.ar\/teve\/german-martitegui-se-saco-al-escuchar-que-es-el-mas-malo-de-masterchef-ya-no-me-callo-mas\/\">Donato Di Santis y el jurado quedaron en el centro de la escena<\/a>, intentando descomprimir la situaci\u00f3n.<\/p>\n<h2 class=\"wp-block-heading\">LA PELEA ENTRE EL JURADO DE MASTERCHEF Y WANDA NARA POR YANINA LATORRE Y MAXI L\u00d3PEZ:<\/h2>\n<p><strong>Germ\u00e1n Martitegui<\/strong> fue mencionado en medio del intercambio, pero quien sali\u00f3 con firmeza a responder fue <strong>Dami\u00e1n Betular<\/strong>. <em>\u201cNo es un problema, es una participante\u201d<\/em>, lanz\u00f3, marcando una postura clara frente al comentario de Wanda. Sin embargo, la empresaria no se qued\u00f3 callada y, con una sonrisa cargada de complicidad, desliz\u00f3: <em>\u201cEl elenco\u2026\u201d,<\/em> sugiriendo que no todos estar\u00edan conformes con la incorporaci\u00f3n de Yanina.<\/p>\n<p>Seg\u00fan dej\u00f3 entrever Wanda, <em>\u201cla mitad del elenco no quer\u00eda\u201d<\/em> a la panelista, una frase que encendi\u00f3 a\u00fan m\u00e1s la pol\u00e9mica. Betular, sin filtros, respondi\u00f3: <em>\u201cProblema de ellos, a m\u00ed me da igual. Si Maxi se siente c\u00f3modo con qui\u00e9n viene\u2026\u201d,<\/em> dejando en claro que su postura no iba a cambiar.<\/p>\n<div class=\"mt-box \">\n<h4 class=\"mt-heading\">Mir\u00e1 Tambi\u00e9n<\/h4>\n<p><a href=\"https:\/\/www.paparazzi.com.ar\/teve\/cara-a-cara-yanina-latorre-y-maru-botana-volvieron-a-cruzarse-en-masterchef-luego-de-anos-de-peleas-y-chicanas\/\"><\/p>\n<div class=\"mt-content\">\n<div class=\"mt-image-container\"><img decoding=\"async\" src=\"https:\/\/www.paparazzi.com.ar\/wp-content\/uploads\/2026\/01\/maru-botana-yanina-latorre-359x226.jpg\" alt=\"\u00a1Cara a cara! Yanina Latorre y Maru Botana volvieron a cruzarse en MasterChef luego de a\u00f1os de peleas y chicanas\" class=\"mt-image\" loading=\"lazy\" \/><\/div>\n<h5 class=\"mt-title\">\u00a1Cara a cara! Yanina Latorre y Maru Botana volvieron a cruzarse en MasterChef luego de a\u00f1os de peleas y chicanas<\/h5>\n<\/div>\n<p><\/a><\/div>\n<p>Pero el momento m\u00e1s inesperado lleg\u00f3 segundos despu\u00e9s, cuando Wanda, en un gesto que sorprendi\u00f3 a todos, tom\u00f3 una bolsa de pochoclos que estaba comiendo y le arroj\u00f3 un pu\u00f1ado en la cara a Betular. La escena, entre humor inc\u00f3modo y tensi\u00f3n real gener\u00f3 todo tipo de reacciones en el programa.<\/p>\n<p>El cruce dej\u00f3 expuesto que la llegada de Yanina Latorre no fue una decisi\u00f3n pac\u00edfica y que, detr\u00e1s de c\u00e1maras, hay posturas encontradas. Entre gestos, iron\u00edas y frases al l\u00edmite, <em>MasterChef Celebrity<\/em> volvi\u00f3 a demostrar que, adem\u00e1s de cocina, el reality sigue siendo terreno f\u00e9rtil para los conflictos y las pol\u00e9micas que encienden la pantalla.<\/p>\n<div class=\"mt-box \">\n<h4 class=\"mt-heading\">Mir\u00e1 Tambi\u00e9n<\/h4>\n<p><a href=\"https:\/\/www.paparazzi.com.ar\/teve\/masterchef-en-llamas-el-intimo-pedido-de-eva-anderson-a-ian-lucas-que-reavivo-los-rumores-de-romance\/\"><\/p>\n<div class=\"mt-content\">\n<div class=\"mt-image-container\"><img decoding=\"async\" src=\"https:\/\/www.paparazzi.com.ar\/wp-content\/uploads\/2026\/01\/Ian-Lucas-y-Eva-Anderson-359x226.jpg\" alt=\"\u00a1MasterChef en llamas! El \u00edntimo pedido de Eva Anderson a Ian Lucas que reaviv\u00f3 los rumores de romance\" class=\"mt-image\" loading=\"lazy\" \/><\/div>\n<h5 class=\"mt-title\">\u00a1MasterChef en llamas! El \u00edntimo pedido de Eva Anderson a Ian Lucas que reaviv\u00f3 los rumores de romance<\/h5>\n<\/div>\n<p><\/a><\/div>\n<div class=\"mt-box \">\n<h4 class=\"mt-heading\">Mir\u00e1 Tambi\u00e9n<\/h4>\n<p><a href=\"https:\/\/www.paparazzi.com.ar\/teve\/el-inesperado-pasado-de-momi-giardina-que-salio-a-la-luz-en-masterchef-durante-seis-anos-fui\/\"><\/p>\n<div class=\"mt-content\">\n<div class=\"mt-image-container\"><img decoding=\"async\" src=\"https:\/\/www.paparazzi.com.ar\/wp-content\/uploads\/2025\/12\/Momi-Giardina1-359x226.jpg\" alt=\"El inesperado pasado de Momi Giardina que sali\u00f3 a la luz en MasterChef: \u201cDurante seis a\u00f1os fui...\u201d\" class=\"mt-image\" loading=\"lazy\" \/><\/div>\n<h5 class=\"mt-title\">El inesperado pasado de Momi Giardina que sali\u00f3 a la luz en MasterChef: \u201cDurante seis a\u00f1os fui&#8230;\u201d<\/h5>\n<\/div>\n<p><\/a><\/div>\n<p>The post <a href=\"https:\/\/www.paparazzi.com.ar\/teve\/el-fuerte-cruce-entre-wanda-nara-y-el-jurado-de-masterchef-por-la-incorporacion-de-yanina-latorre\/\">El fuerte cruce entre Wanda Nara y el jurado de MasterChef  por la incorporaci\u00f3n de Yanina Latorre<\/a> appeared first on <a href=\"https:\/\/www.paparazzi.com.ar\">Revista Paparazzi<\/a>.<\/p>\n","protected":false},"excerpt":{"rendered":"<p>Un momento de m\u00e1xima tensi\u00f3n se vivi\u00f3 en MasterChef Celebrity<\/p>\n","protected":false},"author":0,"featured_media":10220,"comment_status":"","ping_status":"","sticky":false,"template":"","format":"standard","meta":{"footnotes":""},"categories":[65],"tags":[],"class_list":["post-10219","post","type-post","status-publish","format-standard","has-post-thumbnail","hentry","category-pais"],"yoast_head":"<!-- This site is optimized with the Yoast SEO plugin v27.5 - https:\/\/yoast.com\/product\/yoast-seo-wordpress\/ -->\n<title>El fuerte cruce entre Wanda Nara y el jurado de MasterChef por la incorporaci\u00f3n de Yanina Latorre - Cuarteto en la Web<\/title>\n<meta name=\"robots\" content=\"index, follow, max-snippet:-1, max-image-preview:large, max-video-preview:-1\" \/>\n<link rel=\"canonical\" href=\"https:\/\/cuartetoenlaweb.com.ar\/sitio\/el-fuerte-cruce-entre-wanda-nara-y-el-jurado-de-masterchef-por-la-incorporacion-de-yanina-latorre\/\" \/>\n<meta property=\"og:locale\" content=\"es_ES\" \/>\n<meta property=\"og:type\" content=\"article\" \/>\n<meta property=\"og:title\" content=\"El fuerte cruce entre Wanda Nara y el jurado de MasterChef por la incorporaci\u00f3n de Yanina Latorre - Cuarteto en la Web\" \/>\n<meta property=\"og:description\" content=\"Un momento de m\u00e1xima tensi\u00f3n se vivi\u00f3 en MasterChef Celebrity\" \/>\n<meta property=\"og:url\" content=\"https:\/\/cuartetoenlaweb.com.ar\/sitio\/el-fuerte-cruce-entre-wanda-nara-y-el-jurado-de-masterchef-por-la-incorporacion-de-yanina-latorre\/\" \/>\n<meta property=\"og:site_name\" content=\"Cuarteto en la Web\" \/>\n<meta property=\"article:published_time\" content=\"2026-01-11T03:59:50+00:00\" \/>\n<meta property=\"og:image\" content=\"https:\/\/cuartetoenlaweb.com.ar\/sitio\/wp-content\/uploads\/2026\/01\/CHIMENTEROS-PORTADA-YT-TOMI-DENTE-359x226-19.jpg\" \/>\n\t<meta property=\"og:image:width\" content=\"359\" \/>\n\t<meta property=\"og:image:height\" content=\"226\" \/>\n\t<meta property=\"og:image:type\" content=\"image\/jpeg\" \/>\n<meta name=\"twitter:card\" content=\"summary_large_image\" \/>\n<meta name=\"twitter:label1\" content=\"Tiempo de lectura\" \/>\n\t<meta name=\"twitter:data1\" content=\"3 minutos\" \/>\n<script type=\"application\/ld+json\" class=\"yoast-schema-graph\">{\"@context\":\"https:\\\/\\\/schema.org\",\"@graph\":[{\"@type\":\"Article\",\"@id\":\"https:\\\/\\\/cuartetoenlaweb.com.ar\\\/sitio\\\/el-fuerte-cruce-entre-wanda-nara-y-el-jurado-de-masterchef-por-la-incorporacion-de-yanina-latorre\\\/#article\",\"isPartOf\":{\"@id\":\"https:\\\/\\\/cuartetoenlaweb.com.ar\\\/sitio\\\/el-fuerte-cruce-entre-wanda-nara-y-el-jurado-de-masterchef-por-la-incorporacion-de-yanina-latorre\\\/\"},\"author\":{\"name\":\"\",\"@id\":\"\"},\"headline\":\"El fuerte cruce entre Wanda Nara y el jurado de MasterChef por la incorporaci\u00f3n de Yanina Latorre\",\"datePublished\":\"2026-01-11T03:59:50+00:00\",\"mainEntityOfPage\":{\"@id\":\"https:\\\/\\\/cuartetoenlaweb.com.ar\\\/sitio\\\/el-fuerte-cruce-entre-wanda-nara-y-el-jurado-de-masterchef-por-la-incorporacion-de-yanina-latorre\\\/\"},\"wordCount\":616,\"publisher\":{\"@id\":\"https:\\\/\\\/cuartetoenlaweb.com.ar\\\/sitio\\\/#organization\"},\"image\":{\"@id\":\"https:\\\/\\\/cuartetoenlaweb.com.ar\\\/sitio\\\/el-fuerte-cruce-entre-wanda-nara-y-el-jurado-de-masterchef-por-la-incorporacion-de-yanina-latorre\\\/#primaryimage\"},\"thumbnailUrl\":\"https:\\\/\\\/cuartetoenlaweb.com.ar\\\/sitio\\\/wp-content\\\/uploads\\\/2026\\\/01\\\/CHIMENTEROS-PORTADA-YT-TOMI-DENTE-359x226-19.jpg\",\"articleSection\":[\"PAIS\"],\"inLanguage\":\"es\"},{\"@type\":\"WebPage\",\"@id\":\"https:\\\/\\\/cuartetoenlaweb.com.ar\\\/sitio\\\/el-fuerte-cruce-entre-wanda-nara-y-el-jurado-de-masterchef-por-la-incorporacion-de-yanina-latorre\\\/\",\"url\":\"https:\\\/\\\/cuartetoenlaweb.com.ar\\\/sitio\\\/el-fuerte-cruce-entre-wanda-nara-y-el-jurado-de-masterchef-por-la-incorporacion-de-yanina-latorre\\\/\",\"name\":\"El fuerte cruce entre Wanda Nara y el jurado de MasterChef por la incorporaci\u00f3n de Yanina Latorre - Cuarteto en la Web\",\"isPartOf\":{\"@id\":\"https:\\\/\\\/cuartetoenlaweb.com.ar\\\/sitio\\\/#website\"},\"primaryImageOfPage\":{\"@id\":\"https:\\\/\\\/cuartetoenlaweb.com.ar\\\/sitio\\\/el-fuerte-cruce-entre-wanda-nara-y-el-jurado-de-masterchef-por-la-incorporacion-de-yanina-latorre\\\/#primaryimage\"},\"image\":{\"@id\":\"https:\\\/\\\/cuartetoenlaweb.com.ar\\\/sitio\\\/el-fuerte-cruce-entre-wanda-nara-y-el-jurado-de-masterchef-por-la-incorporacion-de-yanina-latorre\\\/#primaryimage\"},\"thumbnailUrl\":\"https:\\\/\\\/cuartetoenlaweb.com.ar\\\/sitio\\\/wp-content\\\/uploads\\\/2026\\\/01\\\/CHIMENTEROS-PORTADA-YT-TOMI-DENTE-359x226-19.jpg\",\"datePublished\":\"2026-01-11T03:59:50+00:00\",\"breadcrumb\":{\"@id\":\"https:\\\/\\\/cuartetoenlaweb.com.ar\\\/sitio\\\/el-fuerte-cruce-entre-wanda-nara-y-el-jurado-de-masterchef-por-la-incorporacion-de-yanina-latorre\\\/#breadcrumb\"},\"inLanguage\":\"es\",\"potentialAction\":[{\"@type\":\"ReadAction\",\"target\":[\"https:\\\/\\\/cuartetoenlaweb.com.ar\\\/sitio\\\/el-fuerte-cruce-entre-wanda-nara-y-el-jurado-de-masterchef-por-la-incorporacion-de-yanina-latorre\\\/\"]}]},{\"@type\":\"ImageObject\",\"inLanguage\":\"es\",\"@id\":\"https:\\\/\\\/cuartetoenlaweb.com.ar\\\/sitio\\\/el-fuerte-cruce-entre-wanda-nara-y-el-jurado-de-masterchef-por-la-incorporacion-de-yanina-latorre\\\/#primaryimage\",\"url\":\"https:\\\/\\\/cuartetoenlaweb.com.ar\\\/sitio\\\/wp-content\\\/uploads\\\/2026\\\/01\\\/CHIMENTEROS-PORTADA-YT-TOMI-DENTE-359x226-19.jpg\",\"contentUrl\":\"https:\\\/\\\/cuartetoenlaweb.com.ar\\\/sitio\\\/wp-content\\\/uploads\\\/2026\\\/01\\\/CHIMENTEROS-PORTADA-YT-TOMI-DENTE-359x226-19.jpg\",\"width\":359,\"height\":226},{\"@type\":\"BreadcrumbList\",\"@id\":\"https:\\\/\\\/cuartetoenlaweb.com.ar\\\/sitio\\\/el-fuerte-cruce-entre-wanda-nara-y-el-jurado-de-masterchef-por-la-incorporacion-de-yanina-latorre\\\/#breadcrumb\",\"itemListElement\":[{\"@type\":\"ListItem\",\"position\":1,\"name\":\"Portada\",\"item\":\"https:\\\/\\\/cuartetoenlaweb.com.ar\\\/sitio\\\/\"},{\"@type\":\"ListItem\",\"position\":2,\"name\":\"El fuerte cruce entre Wanda Nara y el jurado de MasterChef por la incorporaci\u00f3n de Yanina Latorre\"}]},{\"@type\":\"WebSite\",\"@id\":\"https:\\\/\\\/cuartetoenlaweb.com.ar\\\/sitio\\\/#website\",\"url\":\"https:\\\/\\\/cuartetoenlaweb.com.ar\\\/sitio\\\/\",\"name\":\"Cuarteto en la Web\",\"description\":\"\",\"publisher\":{\"@id\":\"https:\\\/\\\/cuartetoenlaweb.com.ar\\\/sitio\\\/#organization\"},\"potentialAction\":[{\"@type\":\"SearchAction\",\"target\":{\"@type\":\"EntryPoint\",\"urlTemplate\":\"https:\\\/\\\/cuartetoenlaweb.com.ar\\\/sitio\\\/?s={search_term_string}\"},\"query-input\":{\"@type\":\"PropertyValueSpecification\",\"valueRequired\":true,\"valueName\":\"search_term_string\"}}],\"inLanguage\":\"es\"},{\"@type\":\"Organization\",\"@id\":\"https:\\\/\\\/cuartetoenlaweb.com.ar\\\/sitio\\\/#organization\",\"name\":\"Cuarteto en la Web\",\"url\":\"https:\\\/\\\/cuartetoenlaweb.com.ar\\\/sitio\\\/\",\"logo\":{\"@type\":\"ImageObject\",\"inLanguage\":\"es\",\"@id\":\"https:\\\/\\\/cuartetoenlaweb.com.ar\\\/sitio\\\/#\\\/schema\\\/logo\\\/image\\\/\",\"url\":\"https:\\\/\\\/cuartetoenlaweb.com.ar\\\/sitio\\\/wp-content\\\/uploads\\\/2025\\\/07\\\/cropped-cropped-logitoweb21.png\",\"contentUrl\":\"https:\\\/\\\/cuartetoenlaweb.com.ar\\\/sitio\\\/wp-content\\\/uploads\\\/2025\\\/07\\\/cropped-cropped-logitoweb21.png\",\"width\":199,\"height\":199,\"caption\":\"Cuarteto en la Web\"},\"image\":{\"@id\":\"https:\\\/\\\/cuartetoenlaweb.com.ar\\\/sitio\\\/#\\\/schema\\\/logo\\\/image\\\/\"}}]}<\/script>\n<!-- \/ Yoast SEO plugin. -->","yoast_head_json":{"title":"El fuerte cruce entre Wanda Nara y el jurado de MasterChef por la incorporaci\u00f3n de Yanina Latorre - Cuarteto en la Web","robots":{"index":"index","follow":"follow","max-snippet":"max-snippet:-1","max-image-preview":"max-image-preview:large","max-video-preview":"max-video-preview:-1"},"canonical":"https:\/\/cuartetoenlaweb.com.ar\/sitio\/el-fuerte-cruce-entre-wanda-nara-y-el-jurado-de-masterchef-por-la-incorporacion-de-yanina-latorre\/","og_locale":"es_ES","og_type":"article","og_title":"El fuerte cruce entre Wanda Nara y el jurado de MasterChef por la incorporaci\u00f3n de Yanina Latorre - Cuarteto en la Web","og_description":"Un momento de m\u00e1xima tensi\u00f3n se vivi\u00f3 en MasterChef Celebrity","og_url":"https:\/\/cuartetoenlaweb.com.ar\/sitio\/el-fuerte-cruce-entre-wanda-nara-y-el-jurado-de-masterchef-por-la-incorporacion-de-yanina-latorre\/","og_site_name":"Cuarteto en la Web","article_published_time":"2026-01-11T03:59:50+00:00","og_image":[{"width":359,"height":226,"url":"https:\/\/cuartetoenlaweb.com.ar\/sitio\/wp-content\/uploads\/2026\/01\/CHIMENTEROS-PORTADA-YT-TOMI-DENTE-359x226-19.jpg","type":"image\/jpeg"}],"twitter_card":"summary_large_image","twitter_misc":{"Tiempo de lectura":"3 minutos"},"schema":{"@context":"https:\/\/schema.org","@graph":[{"@type":"Article","@id":"https:\/\/cuartetoenlaweb.com.ar\/sitio\/el-fuerte-cruce-entre-wanda-nara-y-el-jurado-de-masterchef-por-la-incorporacion-de-yanina-latorre\/#article","isPartOf":{"@id":"https:\/\/cuartetoenlaweb.com.ar\/sitio\/el-fuerte-cruce-entre-wanda-nara-y-el-jurado-de-masterchef-por-la-incorporacion-de-yanina-latorre\/"},"author":{"name":"","@id":""},"headline":"El fuerte cruce entre Wanda Nara y el jurado de MasterChef por la incorporaci\u00f3n de Yanina Latorre","datePublished":"2026-01-11T03:59:50+00:00","mainEntityOfPage":{"@id":"https:\/\/cuartetoenlaweb.com.ar\/sitio\/el-fuerte-cruce-entre-wanda-nara-y-el-jurado-de-masterchef-por-la-incorporacion-de-yanina-latorre\/"},"wordCount":616,"publisher":{"@id":"https:\/\/cuartetoenlaweb.com.ar\/sitio\/#organization"},"image":{"@id":"https:\/\/cuartetoenlaweb.com.ar\/sitio\/el-fuerte-cruce-entre-wanda-nara-y-el-jurado-de-masterchef-por-la-incorporacion-de-yanina-latorre\/#primaryimage"},"thumbnailUrl":"https:\/\/cuartetoenlaweb.com.ar\/sitio\/wp-content\/uploads\/2026\/01\/CHIMENTEROS-PORTADA-YT-TOMI-DENTE-359x226-19.jpg","articleSection":["PAIS"],"inLanguage":"es"},{"@type":"WebPage","@id":"https:\/\/cuartetoenlaweb.com.ar\/sitio\/el-fuerte-cruce-entre-wanda-nara-y-el-jurado-de-masterchef-por-la-incorporacion-de-yanina-latorre\/","url":"https:\/\/cuartetoenlaweb.com.ar\/sitio\/el-fuerte-cruce-entre-wanda-nara-y-el-jurado-de-masterchef-por-la-incorporacion-de-yanina-latorre\/","name":"El fuerte cruce entre Wanda Nara y el jurado de MasterChef por la incorporaci\u00f3n de Yanina Latorre - Cuarteto en la Web","isPartOf":{"@id":"https:\/\/cuartetoenlaweb.com.ar\/sitio\/#website"},"primaryImageOfPage":{"@id":"https:\/\/cuartetoenlaweb.com.ar\/sitio\/el-fuerte-cruce-entre-wanda-nara-y-el-jurado-de-masterchef-por-la-incorporacion-de-yanina-latorre\/#primaryimage"},"image":{"@id":"https:\/\/cuartetoenlaweb.com.ar\/sitio\/el-fuerte-cruce-entre-wanda-nara-y-el-jurado-de-masterchef-por-la-incorporacion-de-yanina-latorre\/#primaryimage"},"thumbnailUrl":"https:\/\/cuartetoenlaweb.com.ar\/sitio\/wp-content\/uploads\/2026\/01\/CHIMENTEROS-PORTADA-YT-TOMI-DENTE-359x226-19.jpg","datePublished":"2026-01-11T03:59:50+00:00","breadcrumb":{"@id":"https:\/\/cuartetoenlaweb.com.ar\/sitio\/el-fuerte-cruce-entre-wanda-nara-y-el-jurado-de-masterchef-por-la-incorporacion-de-yanina-latorre\/#breadcrumb"},"inLanguage":"es","potentialAction":[{"@type":"ReadAction","target":["https:\/\/cuartetoenlaweb.com.ar\/sitio\/el-fuerte-cruce-entre-wanda-nara-y-el-jurado-de-masterchef-por-la-incorporacion-de-yanina-latorre\/"]}]},{"@type":"ImageObject","inLanguage":"es","@id":"https:\/\/cuartetoenlaweb.com.ar\/sitio\/el-fuerte-cruce-entre-wanda-nara-y-el-jurado-de-masterchef-por-la-incorporacion-de-yanina-latorre\/#primaryimage","url":"https:\/\/cuartetoenlaweb.com.ar\/sitio\/wp-content\/uploads\/2026\/01\/CHIMENTEROS-PORTADA-YT-TOMI-DENTE-359x226-19.jpg","contentUrl":"https:\/\/cuartetoenlaweb.com.ar\/sitio\/wp-content\/uploads\/2026\/01\/CHIMENTEROS-PORTADA-YT-TOMI-DENTE-359x226-19.jpg","width":359,"height":226},{"@type":"BreadcrumbList","@id":"https:\/\/cuartetoenlaweb.com.ar\/sitio\/el-fuerte-cruce-entre-wanda-nara-y-el-jurado-de-masterchef-por-la-incorporacion-de-yanina-latorre\/#breadcrumb","itemListElement":[{"@type":"ListItem","position":1,"name":"Portada","item":"https:\/\/cuartetoenlaweb.com.ar\/sitio\/"},{"@type":"ListItem","position":2,"name":"El fuerte cruce entre Wanda Nara y el jurado de MasterChef por la incorporaci\u00f3n de Yanina Latorre"}]},{"@type":"WebSite","@id":"https:\/\/cuartetoenlaweb.com.ar\/sitio\/#website","url":"https:\/\/cuartetoenlaweb.com.ar\/sitio\/","name":"Cuarteto en la Web","description":"","publisher":{"@id":"https:\/\/cuartetoenlaweb.com.ar\/sitio\/#organization"},"potentialAction":[{"@type":"SearchAction","target":{"@type":"EntryPoint","urlTemplate":"https:\/\/cuartetoenlaweb.com.ar\/sitio\/?s={search_term_string}"},"query-input":{"@type":"PropertyValueSpecification","valueRequired":true,"valueName":"search_term_string"}}],"inLanguage":"es"},{"@type":"Organization","@id":"https:\/\/cuartetoenlaweb.com.ar\/sitio\/#organization","name":"Cuarteto en la Web","url":"https:\/\/cuartetoenlaweb.com.ar\/sitio\/","logo":{"@type":"ImageObject","inLanguage":"es","@id":"https:\/\/cuartetoenlaweb.com.ar\/sitio\/#\/schema\/logo\/image\/","url":"https:\/\/cuartetoenlaweb.com.ar\/sitio\/wp-content\/uploads\/2025\/07\/cropped-cropped-logitoweb21.png","contentUrl":"https:\/\/cuartetoenlaweb.com.ar\/sitio\/wp-content\/uploads\/2025\/07\/cropped-cropped-logitoweb21.png","width":199,"height":199,"caption":"Cuarteto en la Web"},"image":{"@id":"https:\/\/cuartetoenlaweb.com.ar\/sitio\/#\/schema\/logo\/image\/"}}]}},"_links":{"self":[{"href":"https:\/\/cuartetoenlaweb.com.ar\/sitio\/wp-json\/wp\/v2\/posts\/10219","targetHints":{"allow":["GET"]}}],"collection":[{"href":"https:\/\/cuartetoenlaweb.com.ar\/sitio\/wp-json\/wp\/v2\/posts"}],"about":[{"href":"https:\/\/cuartetoenlaweb.com.ar\/sitio\/wp-json\/wp\/v2\/types\/post"}],"replies":[{"embeddable":true,"href":"https:\/\/cuartetoenlaweb.com.ar\/sitio\/wp-json\/wp\/v2\/comments?post=10219"}],"version-history":[{"count":0,"href":"https:\/\/cuartetoenlaweb.com.ar\/sitio\/wp-json\/wp\/v2\/posts\/10219\/revisions"}],"wp:featuredmedia":[{"embeddable":true,"href":"https:\/\/cuartetoenlaweb.com.ar\/sitio\/wp-json\/wp\/v2\/media\/10220"}],"wp:attachment":[{"href":"https:\/\/cuartetoenlaweb.com.ar\/sitio\/wp-json\/wp\/v2\/media?parent=10219"}],"wp:term":[{"taxonomy":"category","embeddable":true,"href":"https:\/\/cuartetoenlaweb.com.ar\/sitio\/wp-json\/wp\/v2\/categories?post=10219"},{"taxonomy":"post_tag","embeddable":true,"href":"https:\/\/cuartetoenlaweb.com.ar\/sitio\/wp-json\/wp\/v2\/tags?post=10219"}],"curies":[{"name":"wp","href":"https:\/\/api.w.org\/{rel}","templated":true}]}}