
{"id":10191,"date":"2026-01-10T00:00:26","date_gmt":"2026-01-10T03:00:26","guid":{"rendered":"https:\/\/cuartetoenlaweb.com.ar\/sitio\/video-javier-milei-revelo-que-se-mudo-a-un-deposito-de-herramientas-en-la-quinta-de-olivos\/"},"modified":"2026-01-10T00:00:26","modified_gmt":"2026-01-10T03:00:26","slug":"video-javier-milei-revelo-que-se-mudo-a-un-deposito-de-herramientas-en-la-quinta-de-olivos","status":"publish","type":"post","link":"https:\/\/cuartetoenlaweb.com.ar\/sitio\/video-javier-milei-revelo-que-se-mudo-a-un-deposito-de-herramientas-en-la-quinta-de-olivos\/","title":{"rendered":"VIDEO: Javier Milei revel\u00f3 que se mud\u00f3 a un dep\u00f3sito de herramientas en la Quinta de Olivos"},"content":{"rendered":"<p>El mandatario nacional explic\u00f3 que refaccion\u00f3 una peque\u00f1a construcci\u00f3n dentro del predio de 28 hect\u00e1reas para vivir all\u00ed. \u201cNo tengo la l\u00f3gica de otras personas, ya descubr\u00ed qu\u00e9 es lo que me da felicidad\u201d, afirm\u00f3 durante una entrevista con el periodista Andr\u00e9s Oppenheimer.<\/p>\n","protected":false},"excerpt":{"rendered":"<p>El mandatario nacional explic\u00f3 que refaccion\u00f3 una peque\u00f1a construcci\u00f3n dentro<\/p>\n","protected":false},"author":0,"featured_media":10192,"comment_status":"","ping_status":"","sticky":false,"template":"","format":"standard","meta":{"footnotes":""},"categories":[65],"tags":[],"class_list":["post-10191","post","type-post","status-publish","format-standard","has-post-thumbnail","hentry","category-pais"],"yoast_head":"<!-- This site is optimized with the Yoast SEO plugin v27.5 - https:\/\/yoast.com\/product\/yoast-seo-wordpress\/ -->\n<title>VIDEO: Javier Milei revel\u00f3 que se mud\u00f3 a un dep\u00f3sito de herramientas en la Quinta de Olivos - Cuarteto en la Web<\/title>\n<meta name=\"robots\" content=\"index, follow, max-snippet:-1, max-image-preview:large, max-video-preview:-1\" \/>\n<link rel=\"canonical\" href=\"https:\/\/cuartetoenlaweb.com.ar\/sitio\/video-javier-milei-revelo-que-se-mudo-a-un-deposito-de-herramientas-en-la-quinta-de-olivos\/\" \/>\n<meta property=\"og:locale\" content=\"es_ES\" \/>\n<meta property=\"og:type\" content=\"article\" \/>\n<meta property=\"og:title\" content=\"VIDEO: Javier Milei revel\u00f3 que se mud\u00f3 a un dep\u00f3sito de herramientas en la Quinta de Olivos - Cuarteto en la Web\" \/>\n<meta property=\"og:description\" content=\"El mandatario nacional explic\u00f3 que refaccion\u00f3 una peque\u00f1a construcci\u00f3n dentro\" \/>\n<meta property=\"og:url\" content=\"https:\/\/cuartetoenlaweb.com.ar\/sitio\/video-javier-milei-revelo-que-se-mudo-a-un-deposito-de-herramientas-en-la-quinta-de-olivos\/\" \/>\n<meta property=\"og:site_name\" content=\"Cuarteto en la Web\" \/>\n<meta property=\"article:published_time\" content=\"2026-01-10T03:00:26+00:00\" \/>\n<meta property=\"og:image\" content=\"https:\/\/cuartetoenlaweb.com.ar\/sitio\/wp-content\/uploads\/2026\/01\/720-81.jpeg\" \/>\n\t<meta property=\"og:image:width\" content=\"1280\" \/>\n\t<meta property=\"og:image:height\" content=\"720\" \/>\n\t<meta property=\"og:image:type\" content=\"image\/jpeg\" \/>\n<meta name=\"twitter:card\" content=\"summary_large_image\" \/>\n<script type=\"application\/ld+json\" class=\"yoast-schema-graph\">{\"@context\":\"https:\\\/\\\/schema.org\",\"@graph\":[{\"@type\":\"Article\",\"@id\":\"https:\\\/\\\/cuartetoenlaweb.com.ar\\\/sitio\\\/video-javier-milei-revelo-que-se-mudo-a-un-deposito-de-herramientas-en-la-quinta-de-olivos\\\/#article\",\"isPartOf\":{\"@id\":\"https:\\\/\\\/cuartetoenlaweb.com.ar\\\/sitio\\\/video-javier-milei-revelo-que-se-mudo-a-un-deposito-de-herramientas-en-la-quinta-de-olivos\\\/\"},\"author\":{\"name\":\"\",\"@id\":\"\"},\"headline\":\"VIDEO: Javier Milei revel\u00f3 que se mud\u00f3 a un dep\u00f3sito de herramientas en la Quinta de Olivos\",\"datePublished\":\"2026-01-10T03:00:26+00:00\",\"mainEntityOfPage\":{\"@id\":\"https:\\\/\\\/cuartetoenlaweb.com.ar\\\/sitio\\\/video-javier-milei-revelo-que-se-mudo-a-un-deposito-de-herramientas-en-la-quinta-de-olivos\\\/\"},\"wordCount\":65,\"publisher\":{\"@id\":\"http:\\\/\\\/cuartetoenlaweb.com.ar\\\/sitio\\\/#organization\"},\"image\":{\"@id\":\"https:\\\/\\\/cuartetoenlaweb.com.ar\\\/sitio\\\/video-javier-milei-revelo-que-se-mudo-a-un-deposito-de-herramientas-en-la-quinta-de-olivos\\\/#primaryimage\"},\"thumbnailUrl\":\"https:\\\/\\\/cuartetoenlaweb.com.ar\\\/sitio\\\/wp-content\\\/uploads\\\/2026\\\/01\\\/720-81.jpeg\",\"articleSection\":[\"PAIS\"],\"inLanguage\":\"es\"},{\"@type\":\"WebPage\",\"@id\":\"https:\\\/\\\/cuartetoenlaweb.com.ar\\\/sitio\\\/video-javier-milei-revelo-que-se-mudo-a-un-deposito-de-herramientas-en-la-quinta-de-olivos\\\/\",\"url\":\"https:\\\/\\\/cuartetoenlaweb.com.ar\\\/sitio\\\/video-javier-milei-revelo-que-se-mudo-a-un-deposito-de-herramientas-en-la-quinta-de-olivos\\\/\",\"name\":\"VIDEO: Javier Milei revel\u00f3 que se mud\u00f3 a un dep\u00f3sito de herramientas en la Quinta de Olivos - Cuarteto en la Web\",\"isPartOf\":{\"@id\":\"http:\\\/\\\/cuartetoenlaweb.com.ar\\\/sitio\\\/#website\"},\"primaryImageOfPage\":{\"@id\":\"https:\\\/\\\/cuartetoenlaweb.com.ar\\\/sitio\\\/video-javier-milei-revelo-que-se-mudo-a-un-deposito-de-herramientas-en-la-quinta-de-olivos\\\/#primaryimage\"},\"image\":{\"@id\":\"https:\\\/\\\/cuartetoenlaweb.com.ar\\\/sitio\\\/video-javier-milei-revelo-que-se-mudo-a-un-deposito-de-herramientas-en-la-quinta-de-olivos\\\/#primaryimage\"},\"thumbnailUrl\":\"https:\\\/\\\/cuartetoenlaweb.com.ar\\\/sitio\\\/wp-content\\\/uploads\\\/2026\\\/01\\\/720-81.jpeg\",\"datePublished\":\"2026-01-10T03:00:26+00:00\",\"breadcrumb\":{\"@id\":\"https:\\\/\\\/cuartetoenlaweb.com.ar\\\/sitio\\\/video-javier-milei-revelo-que-se-mudo-a-un-deposito-de-herramientas-en-la-quinta-de-olivos\\\/#breadcrumb\"},\"inLanguage\":\"es\",\"potentialAction\":[{\"@type\":\"ReadAction\",\"target\":[\"https:\\\/\\\/cuartetoenlaweb.com.ar\\\/sitio\\\/video-javier-milei-revelo-que-se-mudo-a-un-deposito-de-herramientas-en-la-quinta-de-olivos\\\/\"]}]},{\"@type\":\"ImageObject\",\"inLanguage\":\"es\",\"@id\":\"https:\\\/\\\/cuartetoenlaweb.com.ar\\\/sitio\\\/video-javier-milei-revelo-que-se-mudo-a-un-deposito-de-herramientas-en-la-quinta-de-olivos\\\/#primaryimage\",\"url\":\"https:\\\/\\\/cuartetoenlaweb.com.ar\\\/sitio\\\/wp-content\\\/uploads\\\/2026\\\/01\\\/720-81.jpeg\",\"contentUrl\":\"https:\\\/\\\/cuartetoenlaweb.com.ar\\\/sitio\\\/wp-content\\\/uploads\\\/2026\\\/01\\\/720-81.jpeg\",\"width\":1280,\"height\":720},{\"@type\":\"BreadcrumbList\",\"@id\":\"https:\\\/\\\/cuartetoenlaweb.com.ar\\\/sitio\\\/video-javier-milei-revelo-que-se-mudo-a-un-deposito-de-herramientas-en-la-quinta-de-olivos\\\/#breadcrumb\",\"itemListElement\":[{\"@type\":\"ListItem\",\"position\":1,\"name\":\"Portada\",\"item\":\"http:\\\/\\\/cuartetoenlaweb.com.ar\\\/sitio\\\/\"},{\"@type\":\"ListItem\",\"position\":2,\"name\":\"VIDEO: Javier Milei revel\u00f3 que se mud\u00f3 a un dep\u00f3sito de herramientas en la Quinta de Olivos\"}]},{\"@type\":\"WebSite\",\"@id\":\"http:\\\/\\\/cuartetoenlaweb.com.ar\\\/sitio\\\/#website\",\"url\":\"http:\\\/\\\/cuartetoenlaweb.com.ar\\\/sitio\\\/\",\"name\":\"Cuarteto en la Web\",\"description\":\"\",\"publisher\":{\"@id\":\"http:\\\/\\\/cuartetoenlaweb.com.ar\\\/sitio\\\/#organization\"},\"potentialAction\":[{\"@type\":\"SearchAction\",\"target\":{\"@type\":\"EntryPoint\",\"urlTemplate\":\"http:\\\/\\\/cuartetoenlaweb.com.ar\\\/sitio\\\/?s={search_term_string}\"},\"query-input\":{\"@type\":\"PropertyValueSpecification\",\"valueRequired\":true,\"valueName\":\"search_term_string\"}}],\"inLanguage\":\"es\"},{\"@type\":\"Organization\",\"@id\":\"http:\\\/\\\/cuartetoenlaweb.com.ar\\\/sitio\\\/#organization\",\"name\":\"Cuarteto en la Web\",\"url\":\"http:\\\/\\\/cuartetoenlaweb.com.ar\\\/sitio\\\/\",\"logo\":{\"@type\":\"ImageObject\",\"inLanguage\":\"es\",\"@id\":\"http:\\\/\\\/cuartetoenlaweb.com.ar\\\/sitio\\\/#\\\/schema\\\/logo\\\/image\\\/\",\"url\":\"https:\\\/\\\/cuartetoenlaweb.com.ar\\\/sitio\\\/wp-content\\\/uploads\\\/2025\\\/07\\\/cropped-cropped-logitoweb21.png\",\"contentUrl\":\"https:\\\/\\\/cuartetoenlaweb.com.ar\\\/sitio\\\/wp-content\\\/uploads\\\/2025\\\/07\\\/cropped-cropped-logitoweb21.png\",\"width\":199,\"height\":199,\"caption\":\"Cuarteto en la Web\"},\"image\":{\"@id\":\"http:\\\/\\\/cuartetoenlaweb.com.ar\\\/sitio\\\/#\\\/schema\\\/logo\\\/image\\\/\"}}]}<\/script>\n<!-- \/ Yoast SEO plugin. -->","yoast_head_json":{"title":"VIDEO: Javier Milei revel\u00f3 que se mud\u00f3 a un dep\u00f3sito de herramientas en la Quinta de Olivos - Cuarteto en la Web","robots":{"index":"index","follow":"follow","max-snippet":"max-snippet:-1","max-image-preview":"max-image-preview:large","max-video-preview":"max-video-preview:-1"},"canonical":"https:\/\/cuartetoenlaweb.com.ar\/sitio\/video-javier-milei-revelo-que-se-mudo-a-un-deposito-de-herramientas-en-la-quinta-de-olivos\/","og_locale":"es_ES","og_type":"article","og_title":"VIDEO: Javier Milei revel\u00f3 que se mud\u00f3 a un dep\u00f3sito de herramientas en la Quinta de Olivos - Cuarteto en la Web","og_description":"El mandatario nacional explic\u00f3 que refaccion\u00f3 una peque\u00f1a construcci\u00f3n dentro","og_url":"https:\/\/cuartetoenlaweb.com.ar\/sitio\/video-javier-milei-revelo-que-se-mudo-a-un-deposito-de-herramientas-en-la-quinta-de-olivos\/","og_site_name":"Cuarteto en la Web","article_published_time":"2026-01-10T03:00:26+00:00","og_image":[{"width":1280,"height":720,"url":"https:\/\/cuartetoenlaweb.com.ar\/sitio\/wp-content\/uploads\/2026\/01\/720-81.jpeg","type":"image\/jpeg"}],"twitter_card":"summary_large_image","schema":{"@context":"https:\/\/schema.org","@graph":[{"@type":"Article","@id":"https:\/\/cuartetoenlaweb.com.ar\/sitio\/video-javier-milei-revelo-que-se-mudo-a-un-deposito-de-herramientas-en-la-quinta-de-olivos\/#article","isPartOf":{"@id":"https:\/\/cuartetoenlaweb.com.ar\/sitio\/video-javier-milei-revelo-que-se-mudo-a-un-deposito-de-herramientas-en-la-quinta-de-olivos\/"},"author":{"name":"","@id":""},"headline":"VIDEO: Javier Milei revel\u00f3 que se mud\u00f3 a un dep\u00f3sito de herramientas en la Quinta de Olivos","datePublished":"2026-01-10T03:00:26+00:00","mainEntityOfPage":{"@id":"https:\/\/cuartetoenlaweb.com.ar\/sitio\/video-javier-milei-revelo-que-se-mudo-a-un-deposito-de-herramientas-en-la-quinta-de-olivos\/"},"wordCount":65,"publisher":{"@id":"http:\/\/cuartetoenlaweb.com.ar\/sitio\/#organization"},"image":{"@id":"https:\/\/cuartetoenlaweb.com.ar\/sitio\/video-javier-milei-revelo-que-se-mudo-a-un-deposito-de-herramientas-en-la-quinta-de-olivos\/#primaryimage"},"thumbnailUrl":"https:\/\/cuartetoenlaweb.com.ar\/sitio\/wp-content\/uploads\/2026\/01\/720-81.jpeg","articleSection":["PAIS"],"inLanguage":"es"},{"@type":"WebPage","@id":"https:\/\/cuartetoenlaweb.com.ar\/sitio\/video-javier-milei-revelo-que-se-mudo-a-un-deposito-de-herramientas-en-la-quinta-de-olivos\/","url":"https:\/\/cuartetoenlaweb.com.ar\/sitio\/video-javier-milei-revelo-que-se-mudo-a-un-deposito-de-herramientas-en-la-quinta-de-olivos\/","name":"VIDEO: Javier Milei revel\u00f3 que se mud\u00f3 a un dep\u00f3sito de herramientas en la Quinta de Olivos - Cuarteto en la Web","isPartOf":{"@id":"http:\/\/cuartetoenlaweb.com.ar\/sitio\/#website"},"primaryImageOfPage":{"@id":"https:\/\/cuartetoenlaweb.com.ar\/sitio\/video-javier-milei-revelo-que-se-mudo-a-un-deposito-de-herramientas-en-la-quinta-de-olivos\/#primaryimage"},"image":{"@id":"https:\/\/cuartetoenlaweb.com.ar\/sitio\/video-javier-milei-revelo-que-se-mudo-a-un-deposito-de-herramientas-en-la-quinta-de-olivos\/#primaryimage"},"thumbnailUrl":"https:\/\/cuartetoenlaweb.com.ar\/sitio\/wp-content\/uploads\/2026\/01\/720-81.jpeg","datePublished":"2026-01-10T03:00:26+00:00","breadcrumb":{"@id":"https:\/\/cuartetoenlaweb.com.ar\/sitio\/video-javier-milei-revelo-que-se-mudo-a-un-deposito-de-herramientas-en-la-quinta-de-olivos\/#breadcrumb"},"inLanguage":"es","potentialAction":[{"@type":"ReadAction","target":["https:\/\/cuartetoenlaweb.com.ar\/sitio\/video-javier-milei-revelo-que-se-mudo-a-un-deposito-de-herramientas-en-la-quinta-de-olivos\/"]}]},{"@type":"ImageObject","inLanguage":"es","@id":"https:\/\/cuartetoenlaweb.com.ar\/sitio\/video-javier-milei-revelo-que-se-mudo-a-un-deposito-de-herramientas-en-la-quinta-de-olivos\/#primaryimage","url":"https:\/\/cuartetoenlaweb.com.ar\/sitio\/wp-content\/uploads\/2026\/01\/720-81.jpeg","contentUrl":"https:\/\/cuartetoenlaweb.com.ar\/sitio\/wp-content\/uploads\/2026\/01\/720-81.jpeg","width":1280,"height":720},{"@type":"BreadcrumbList","@id":"https:\/\/cuartetoenlaweb.com.ar\/sitio\/video-javier-milei-revelo-que-se-mudo-a-un-deposito-de-herramientas-en-la-quinta-de-olivos\/#breadcrumb","itemListElement":[{"@type":"ListItem","position":1,"name":"Portada","item":"http:\/\/cuartetoenlaweb.com.ar\/sitio\/"},{"@type":"ListItem","position":2,"name":"VIDEO: Javier Milei revel\u00f3 que se mud\u00f3 a un dep\u00f3sito de herramientas en la Quinta de Olivos"}]},{"@type":"WebSite","@id":"http:\/\/cuartetoenlaweb.com.ar\/sitio\/#website","url":"http:\/\/cuartetoenlaweb.com.ar\/sitio\/","name":"Cuarteto en la Web","description":"","publisher":{"@id":"http:\/\/cuartetoenlaweb.com.ar\/sitio\/#organization"},"potentialAction":[{"@type":"SearchAction","target":{"@type":"EntryPoint","urlTemplate":"http:\/\/cuartetoenlaweb.com.ar\/sitio\/?s={search_term_string}"},"query-input":{"@type":"PropertyValueSpecification","valueRequired":true,"valueName":"search_term_string"}}],"inLanguage":"es"},{"@type":"Organization","@id":"http:\/\/cuartetoenlaweb.com.ar\/sitio\/#organization","name":"Cuarteto en la Web","url":"http:\/\/cuartetoenlaweb.com.ar\/sitio\/","logo":{"@type":"ImageObject","inLanguage":"es","@id":"http:\/\/cuartetoenlaweb.com.ar\/sitio\/#\/schema\/logo\/image\/","url":"https:\/\/cuartetoenlaweb.com.ar\/sitio\/wp-content\/uploads\/2025\/07\/cropped-cropped-logitoweb21.png","contentUrl":"https:\/\/cuartetoenlaweb.com.ar\/sitio\/wp-content\/uploads\/2025\/07\/cropped-cropped-logitoweb21.png","width":199,"height":199,"caption":"Cuarteto en la Web"},"image":{"@id":"http:\/\/cuartetoenlaweb.com.ar\/sitio\/#\/schema\/logo\/image\/"}}]}},"_links":{"self":[{"href":"https:\/\/cuartetoenlaweb.com.ar\/sitio\/wp-json\/wp\/v2\/posts\/10191","targetHints":{"allow":["GET"]}}],"collection":[{"href":"https:\/\/cuartetoenlaweb.com.ar\/sitio\/wp-json\/wp\/v2\/posts"}],"about":[{"href":"https:\/\/cuartetoenlaweb.com.ar\/sitio\/wp-json\/wp\/v2\/types\/post"}],"replies":[{"embeddable":true,"href":"https:\/\/cuartetoenlaweb.com.ar\/sitio\/wp-json\/wp\/v2\/comments?post=10191"}],"version-history":[{"count":0,"href":"https:\/\/cuartetoenlaweb.com.ar\/sitio\/wp-json\/wp\/v2\/posts\/10191\/revisions"}],"wp:featuredmedia":[{"embeddable":true,"href":"https:\/\/cuartetoenlaweb.com.ar\/sitio\/wp-json\/wp\/v2\/media\/10192"}],"wp:attachment":[{"href":"https:\/\/cuartetoenlaweb.com.ar\/sitio\/wp-json\/wp\/v2\/media?parent=10191"}],"wp:term":[{"taxonomy":"category","embeddable":true,"href":"https:\/\/cuartetoenlaweb.com.ar\/sitio\/wp-json\/wp\/v2\/categories?post=10191"},{"taxonomy":"post_tag","embeddable":true,"href":"https:\/\/cuartetoenlaweb.com.ar\/sitio\/wp-json\/wp\/v2\/tags?post=10191"}],"curies":[{"name":"wp","href":"https:\/\/api.w.org\/{rel}","templated":true}]}}