
{"id":10183,"date":"2026-01-10T00:00:15","date_gmt":"2026-01-10T03:00:15","guid":{"rendered":"https:\/\/cuartetoenlaweb.com.ar\/sitio\/en-quien-se-apoya-wanda-nara-tras-su-escandalosa-separacion-de-martin-migueles\/"},"modified":"2026-01-10T00:00:15","modified_gmt":"2026-01-10T03:00:15","slug":"en-quien-se-apoya-wanda-nara-tras-su-escandalosa-separacion-de-martin-migueles","status":"publish","type":"post","link":"https:\/\/cuartetoenlaweb.com.ar\/sitio\/en-quien-se-apoya-wanda-nara-tras-su-escandalosa-separacion-de-martin-migueles\/","title":{"rendered":"En qui\u00e9n se apoya Wanda Nara tras su escandalosa separaci\u00f3n de Mart\u00edn Migueles"},"content":{"rendered":"<p><strong>Wanda Nara<\/strong> vive d\u00edas complejos, de esos que dejan huella y obligan a reordenar prioridades. Su explosiva separaci\u00f3n de <strong>Mart\u00edn Migueles<\/strong> la dej\u00f3 en el centro de todas las miradas, con un presente sensible y delicado. En este contexto, una pregunta comenz\u00f3 a circular por estas horas: \u00bfqui\u00e9n o qui\u00e9nes est\u00e1n acompa\u00f1ando a la medi\u00e1tica tras su ruptura?<\/p>\n<p>Quien se encarg\u00f3 de dar detalles de la actualidad de <strong><a href=\"https:\/\/www.paparazzi.com.ar\/romances\/exploto-todo-se-supo-quien-fue-la-famosa-que-provoco-la-separacion-de-wanda-nara-y-martin-migueles\/\">Wanda<\/a><\/strong> y c\u00f3mo se siente tras separarse de su novio es <strong>Kennys Palacios<\/strong>, su amigo \u00edntimo. El estilista habl\u00f3 en <strong><em>SQP<\/em><\/strong> y dej\u00f3 en claro que, lejos de estar sola, se encuentra contenida por un c\u00edrculo que no la suelta. Sin dudas es un momento sensible para la medi\u00e1tica, que necesita sentirse acompa\u00f1ada en un escenario fr\u00e1gil.<\/p>\n<p><em>\u201cElla tiene su grupo de amigos, nosotros, la producci\u00f3n\u2026 todos\u201d<\/em>, explic\u00f3 <strong>Kennys<\/strong>, marcando que el sost\u00e9n no llega de un solo lado, sino de varios frentes que forman parte de la rutina diaria de <strong><a href=\"https:\/\/www.paparazzi.com.ar\/romances\/tuvieron-que-asistir-a-wanda-nara-por-un-ataque-de-nervios-tras-separarse-de-migueles-estaba-mal-y\/\">Wanda<\/a><\/strong>. La medi\u00e1tica decidi\u00f3 refugiarse en su c\u00edrculo \u00edntimo, como parte de un acompa\u00f1amiento silencioso pero que siempre est\u00e1 ah\u00ed, constantemente. Y obviamente que todo esto se resignifica en medio de un clima dif\u00edcil para la famosa.<\/p>\n<div class=\"mt-box \">\n<h4 class=\"mt-heading\">Mir\u00e1 Tambi\u00e9n<\/h4>\n<p><a href=\"https:\/\/www.paparazzi.com.ar\/videos\/exclusivo-tomas-dente-habla-de-su-particular-estilo-de-vida-no-tengo-sexo-ni-como-pizza-desde-hace-20-anos\/\"><\/p>\n<div class=\"mt-content\">\n<div class=\"mt-image-container\"><img decoding=\"async\" src=\"https:\/\/www.paparazzi.com.ar\/wp-content\/uploads\/2026\/01\/CHIMENTEROS-PORTADA-YT-TOMI-DENTE-359x226.jpg\" alt=\"\u00a1Exclusivo! Tom\u00e1s Dente habla de su particular estilo de vida: \u201cNo tengo sexo ni como pizza desde hace 20 a\u00f1os\u201d\" class=\"mt-image\" loading=\"lazy\" \/><\/div>\n<h5 class=\"mt-title\">\u00a1Exclusivo! Tom\u00e1s Dente habla de su particular estilo de vida: \u201cNo tengo sexo ni como pizza desde hace 20 a\u00f1os\u201d<\/h5>\n<\/div>\n<p><\/a><\/div>\n<p>Seg\u00fan cont\u00f3 Kennys, el trabajo cumple un rol central en este proceso de reconstrucci\u00f3n. Las obligaciones, la rutina y el compromiso profesional aparecen como un refugio inesperado para <strong><a href=\"https:\/\/www.paparazzi.com.ar\/romances\/maxi-lopez-conto-el-terrible-escandalo-que-hizo-wanda-nara-por-su-separacion-de-migueles-me-empezo-a-put\/\">Wanda<\/a><\/strong>, una forma de seguir adelante cuando las emociones pesan. <em>\u201cYo creo que el trabajo distrae y la pas\u00e1s bien. Y, sobre todo, si te gusta lo que hac\u00e9s, la pas\u00e1s b\u00e1rbaro\u201d<\/em>, expres\u00f3.<\/p>\n<h2 class=\"wp-block-heading\">MAXI L\u00d3PEZ REVEL\u00d3 EL MAL MOMENTO QUE VIVI\u00d3 WANDA NARA TRAS SEPARARSE DE MART\u00cdN MIGUELES<\/h2>\n<p>El momento que atraviesa no es sencillo y el impacto emocional de la separaci\u00f3n todav\u00eda resuena. Sin embargo, el testimonio de alguien de su c\u00edrculo \u00edntimo permite entender que <strong>Wanda<\/strong> no enfrenta este proceso en soledad. <strong>Maxi L\u00f3pez <\/strong>mismo hab\u00eda revelado que la medi\u00e1tica protagoniz\u00f3 un tenso momento en MasterChef producto de su separaci\u00f3n.<\/p>\n<p><em>\u201cAyer estaba en el house con los chicos, en Telefe, y me empiezan a put&#8230; por el celular. Y yo dije: \u2018\u00bfqu\u00e9 pas\u00f3?\u2019. Empec\u00e9 a ver reproche tras reproche, le pregunto si le pasaba algo y ella segu\u00eda&#8230;\u201d<\/em>, comenz\u00f3 explicando <strong>Maxi<\/strong> en OLGA, en el programa de Nati Jota al que se sum\u00f3 por estos d\u00edas y donde estar\u00e1 durante la temporada de verano.<\/p>\n<div class=\"mt-box \">\n<h4 class=\"mt-heading\">Mir\u00e1 Tambi\u00e9n<\/h4>\n<p><a href=\"https:\/\/www.paparazzi.com.ar\/romances\/exploto-todo-se-supo-quien-fue-la-famosa-que-provoco-la-separacion-de-wanda-nara-y-martin-migueles\/\"><\/p>\n<div class=\"mt-content\">\n<div class=\"mt-image-container\"><img decoding=\"async\" src=\"https:\/\/www.paparazzi.com.ar\/wp-content\/uploads\/2026\/01\/\u00a1Exploto-todo-Se-supo-quien-fue-la-famosa-que-provoco-la-separacion-de-Wanda-Nara-y-Martin-Migueles-359x226.jpeg\" alt=\"\u00a1Explot\u00f3 todo! Se supo qui\u00e9n fue la famosa que provoc\u00f3 la separaci\u00f3n de Wanda Nara y Mart\u00edn Migueles\" class=\"mt-image\" loading=\"lazy\" \/><\/div>\n<h5 class=\"mt-title\">\u00a1Explot\u00f3 todo! Se supo qui\u00e9n fue la famosa que provoc\u00f3 la separaci\u00f3n de Wanda Nara y Mart\u00edn Migueles<\/h5>\n<\/div>\n<p><\/a><\/div>\n<p>Luego <strong>Maxi<\/strong> agreg\u00f3: <em>\u201cLe escribo: \u2018Bueno, despu\u00e9s paso y charlamos\u2019. Era todo sin motivo. Entonces, en el corte que tenemos al medio del programa, pas\u00e9. Ella me autoriz\u00f3 a contarlo y me dijo: \u2018No digas m\u00e1s esto porque no estoy m\u00e1s\u2019\u201d<\/em>. Y admiti\u00f3 que se enter\u00f3 todo detectando que algo no andaba bien: <em>\u201cYo fui a hacerla bajar un cambio porque no hab\u00eda hecho nada, no s\u00e9. Entonces fui a ver qu\u00e9 hab\u00eda pasado\u201d<\/em>.<\/p>\n<div class=\"mt-box \">\n<h4 class=\"mt-heading\">Mir\u00e1 Tambi\u00e9n<\/h4>\n<p><a href=\"https:\/\/www.paparazzi.com.ar\/romances\/tuvieron-que-asistir-a-wanda-nara-por-un-ataque-de-nervios-tras-separarse-de-migueles-estaba-mal-y\/\"><\/p>\n<div class=\"mt-content\">\n<div class=\"mt-image-container\"><img decoding=\"async\" src=\"https:\/\/www.paparazzi.com.ar\/wp-content\/uploads\/2026\/01\/Wanda-Nara-Martin-Migueles-1-359x226.jpg\" alt=\"Tuvieron que asistir a Wanda Nara por un ataque de nervios tras separarse de Migueles: \u201cEstaba mal y\u2026\u201d\" class=\"mt-image\" loading=\"lazy\" \/><\/div>\n<h5 class=\"mt-title\">Tuvieron que asistir a Wanda Nara por un ataque de nervios tras separarse de Migueles: \u201cEstaba mal y\u2026\u201d<\/h5>\n<\/div>\n<p><\/a><\/div>\n<div class=\"mt-box \">\n<h4 class=\"mt-heading\">Mir\u00e1 Tambi\u00e9n<\/h4>\n<p><a href=\"https:\/\/www.paparazzi.com.ar\/romances\/maxi-lopez-conto-el-terrible-escandalo-que-hizo-wanda-nara-por-su-separacion-de-migueles-me-empezo-a-put\/\"><\/p>\n<div class=\"mt-content\">\n<div class=\"mt-image-container\"><img decoding=\"async\" src=\"https:\/\/www.paparazzi.com.ar\/wp-content\/uploads\/2026\/01\/Maxi-Lopez-Wanda-Nara-Martin-Migueles-359x226.jpg\" alt=\"Maxi L\u00f3pez cont\u00f3 el terrible esc\u00e1ndalo que hizo Wanda Nara por su separaci\u00f3n de Migueles: \u201cMe empez\u00f3 a put\u2026\u201d\" class=\"mt-image\" loading=\"lazy\" \/><\/div>\n<h5 class=\"mt-title\">Maxi L\u00f3pez cont\u00f3 el terrible esc\u00e1ndalo que hizo Wanda Nara por su separaci\u00f3n de Migueles: \u201cMe empez\u00f3 a put\u2026\u201d<\/h5>\n<\/div>\n<p><\/a><\/div>\n<p>The post <a href=\"https:\/\/www.paparazzi.com.ar\/romances\/en-quien-se-apoya-wanda-nara-tras-su-escandalosa-separacion-de-martin-migueles\/\">En qui\u00e9n se apoya Wanda Nara tras su escandalosa separaci\u00f3n de Mart\u00edn Migueles<\/a> appeared first on <a href=\"https:\/\/www.paparazzi.com.ar\">Revista Paparazzi<\/a>.<\/p>\n","protected":false},"excerpt":{"rendered":"<p>Wanda Nara vive d\u00edas complejos, de esos que dejan huella<\/p>\n","protected":false},"author":0,"featured_media":10184,"comment_status":"","ping_status":"","sticky":false,"template":"","format":"standard","meta":{"footnotes":""},"categories":[65],"tags":[],"class_list":["post-10183","post","type-post","status-publish","format-standard","has-post-thumbnail","hentry","category-pais"],"yoast_head":"<!-- This site is optimized with the Yoast SEO plugin v27.5 - https:\/\/yoast.com\/product\/yoast-seo-wordpress\/ -->\n<title>En qui\u00e9n se apoya Wanda Nara tras su escandalosa separaci\u00f3n de Mart\u00edn Migueles - Cuarteto en la Web<\/title>\n<meta name=\"robots\" content=\"index, follow, max-snippet:-1, max-image-preview:large, max-video-preview:-1\" \/>\n<link rel=\"canonical\" href=\"https:\/\/cuartetoenlaweb.com.ar\/sitio\/en-quien-se-apoya-wanda-nara-tras-su-escandalosa-separacion-de-martin-migueles\/\" \/>\n<meta property=\"og:locale\" content=\"es_ES\" \/>\n<meta property=\"og:type\" content=\"article\" \/>\n<meta property=\"og:title\" content=\"En qui\u00e9n se apoya Wanda Nara tras su escandalosa separaci\u00f3n de Mart\u00edn Migueles - Cuarteto en la Web\" \/>\n<meta property=\"og:description\" content=\"Wanda Nara vive d\u00edas complejos, de esos que dejan huella\" \/>\n<meta property=\"og:url\" content=\"https:\/\/cuartetoenlaweb.com.ar\/sitio\/en-quien-se-apoya-wanda-nara-tras-su-escandalosa-separacion-de-martin-migueles\/\" \/>\n<meta property=\"og:site_name\" content=\"Cuarteto en la Web\" \/>\n<meta property=\"article:published_time\" content=\"2026-01-10T03:00:15+00:00\" \/>\n<meta property=\"og:image\" content=\"https:\/\/cuartetoenlaweb.com.ar\/sitio\/wp-content\/uploads\/2026\/01\/CHIMENTEROS-PORTADA-YT-TOMI-DENTE-359x226-17.jpg\" \/>\n\t<meta property=\"og:image:width\" content=\"359\" \/>\n\t<meta property=\"og:image:height\" content=\"226\" \/>\n\t<meta property=\"og:image:type\" content=\"image\/jpeg\" \/>\n<meta name=\"twitter:card\" content=\"summary_large_image\" \/>\n<meta name=\"twitter:label1\" content=\"Tiempo de lectura\" \/>\n\t<meta name=\"twitter:data1\" content=\"3 minutos\" \/>\n<script type=\"application\/ld+json\" class=\"yoast-schema-graph\">{\"@context\":\"https:\\\/\\\/schema.org\",\"@graph\":[{\"@type\":\"Article\",\"@id\":\"https:\\\/\\\/cuartetoenlaweb.com.ar\\\/sitio\\\/en-quien-se-apoya-wanda-nara-tras-su-escandalosa-separacion-de-martin-migueles\\\/#article\",\"isPartOf\":{\"@id\":\"https:\\\/\\\/cuartetoenlaweb.com.ar\\\/sitio\\\/en-quien-se-apoya-wanda-nara-tras-su-escandalosa-separacion-de-martin-migueles\\\/\"},\"author\":{\"name\":\"\",\"@id\":\"\"},\"headline\":\"En qui\u00e9n se apoya Wanda Nara tras su escandalosa separaci\u00f3n de Mart\u00edn Migueles\",\"datePublished\":\"2026-01-10T03:00:15+00:00\",\"mainEntityOfPage\":{\"@id\":\"https:\\\/\\\/cuartetoenlaweb.com.ar\\\/sitio\\\/en-quien-se-apoya-wanda-nara-tras-su-escandalosa-separacion-de-martin-migueles\\\/\"},\"wordCount\":638,\"publisher\":{\"@id\":\"http:\\\/\\\/cuartetoenlaweb.com.ar\\\/sitio\\\/#organization\"},\"image\":{\"@id\":\"https:\\\/\\\/cuartetoenlaweb.com.ar\\\/sitio\\\/en-quien-se-apoya-wanda-nara-tras-su-escandalosa-separacion-de-martin-migueles\\\/#primaryimage\"},\"thumbnailUrl\":\"https:\\\/\\\/cuartetoenlaweb.com.ar\\\/sitio\\\/wp-content\\\/uploads\\\/2026\\\/01\\\/CHIMENTEROS-PORTADA-YT-TOMI-DENTE-359x226-17.jpg\",\"articleSection\":[\"PAIS\"],\"inLanguage\":\"es\"},{\"@type\":\"WebPage\",\"@id\":\"https:\\\/\\\/cuartetoenlaweb.com.ar\\\/sitio\\\/en-quien-se-apoya-wanda-nara-tras-su-escandalosa-separacion-de-martin-migueles\\\/\",\"url\":\"https:\\\/\\\/cuartetoenlaweb.com.ar\\\/sitio\\\/en-quien-se-apoya-wanda-nara-tras-su-escandalosa-separacion-de-martin-migueles\\\/\",\"name\":\"En qui\u00e9n se apoya Wanda Nara tras su escandalosa separaci\u00f3n de Mart\u00edn Migueles - Cuarteto en la Web\",\"isPartOf\":{\"@id\":\"http:\\\/\\\/cuartetoenlaweb.com.ar\\\/sitio\\\/#website\"},\"primaryImageOfPage\":{\"@id\":\"https:\\\/\\\/cuartetoenlaweb.com.ar\\\/sitio\\\/en-quien-se-apoya-wanda-nara-tras-su-escandalosa-separacion-de-martin-migueles\\\/#primaryimage\"},\"image\":{\"@id\":\"https:\\\/\\\/cuartetoenlaweb.com.ar\\\/sitio\\\/en-quien-se-apoya-wanda-nara-tras-su-escandalosa-separacion-de-martin-migueles\\\/#primaryimage\"},\"thumbnailUrl\":\"https:\\\/\\\/cuartetoenlaweb.com.ar\\\/sitio\\\/wp-content\\\/uploads\\\/2026\\\/01\\\/CHIMENTEROS-PORTADA-YT-TOMI-DENTE-359x226-17.jpg\",\"datePublished\":\"2026-01-10T03:00:15+00:00\",\"breadcrumb\":{\"@id\":\"https:\\\/\\\/cuartetoenlaweb.com.ar\\\/sitio\\\/en-quien-se-apoya-wanda-nara-tras-su-escandalosa-separacion-de-martin-migueles\\\/#breadcrumb\"},\"inLanguage\":\"es\",\"potentialAction\":[{\"@type\":\"ReadAction\",\"target\":[\"https:\\\/\\\/cuartetoenlaweb.com.ar\\\/sitio\\\/en-quien-se-apoya-wanda-nara-tras-su-escandalosa-separacion-de-martin-migueles\\\/\"]}]},{\"@type\":\"ImageObject\",\"inLanguage\":\"es\",\"@id\":\"https:\\\/\\\/cuartetoenlaweb.com.ar\\\/sitio\\\/en-quien-se-apoya-wanda-nara-tras-su-escandalosa-separacion-de-martin-migueles\\\/#primaryimage\",\"url\":\"https:\\\/\\\/cuartetoenlaweb.com.ar\\\/sitio\\\/wp-content\\\/uploads\\\/2026\\\/01\\\/CHIMENTEROS-PORTADA-YT-TOMI-DENTE-359x226-17.jpg\",\"contentUrl\":\"https:\\\/\\\/cuartetoenlaweb.com.ar\\\/sitio\\\/wp-content\\\/uploads\\\/2026\\\/01\\\/CHIMENTEROS-PORTADA-YT-TOMI-DENTE-359x226-17.jpg\",\"width\":359,\"height\":226},{\"@type\":\"BreadcrumbList\",\"@id\":\"https:\\\/\\\/cuartetoenlaweb.com.ar\\\/sitio\\\/en-quien-se-apoya-wanda-nara-tras-su-escandalosa-separacion-de-martin-migueles\\\/#breadcrumb\",\"itemListElement\":[{\"@type\":\"ListItem\",\"position\":1,\"name\":\"Portada\",\"item\":\"http:\\\/\\\/cuartetoenlaweb.com.ar\\\/sitio\\\/\"},{\"@type\":\"ListItem\",\"position\":2,\"name\":\"En qui\u00e9n se apoya Wanda Nara tras su escandalosa separaci\u00f3n de Mart\u00edn Migueles\"}]},{\"@type\":\"WebSite\",\"@id\":\"http:\\\/\\\/cuartetoenlaweb.com.ar\\\/sitio\\\/#website\",\"url\":\"http:\\\/\\\/cuartetoenlaweb.com.ar\\\/sitio\\\/\",\"name\":\"Cuarteto en la Web\",\"description\":\"\",\"publisher\":{\"@id\":\"http:\\\/\\\/cuartetoenlaweb.com.ar\\\/sitio\\\/#organization\"},\"potentialAction\":[{\"@type\":\"SearchAction\",\"target\":{\"@type\":\"EntryPoint\",\"urlTemplate\":\"http:\\\/\\\/cuartetoenlaweb.com.ar\\\/sitio\\\/?s={search_term_string}\"},\"query-input\":{\"@type\":\"PropertyValueSpecification\",\"valueRequired\":true,\"valueName\":\"search_term_string\"}}],\"inLanguage\":\"es\"},{\"@type\":\"Organization\",\"@id\":\"http:\\\/\\\/cuartetoenlaweb.com.ar\\\/sitio\\\/#organization\",\"name\":\"Cuarteto en la Web\",\"url\":\"http:\\\/\\\/cuartetoenlaweb.com.ar\\\/sitio\\\/\",\"logo\":{\"@type\":\"ImageObject\",\"inLanguage\":\"es\",\"@id\":\"http:\\\/\\\/cuartetoenlaweb.com.ar\\\/sitio\\\/#\\\/schema\\\/logo\\\/image\\\/\",\"url\":\"https:\\\/\\\/cuartetoenlaweb.com.ar\\\/sitio\\\/wp-content\\\/uploads\\\/2025\\\/07\\\/cropped-cropped-logitoweb21.png\",\"contentUrl\":\"https:\\\/\\\/cuartetoenlaweb.com.ar\\\/sitio\\\/wp-content\\\/uploads\\\/2025\\\/07\\\/cropped-cropped-logitoweb21.png\",\"width\":199,\"height\":199,\"caption\":\"Cuarteto en la Web\"},\"image\":{\"@id\":\"http:\\\/\\\/cuartetoenlaweb.com.ar\\\/sitio\\\/#\\\/schema\\\/logo\\\/image\\\/\"}}]}<\/script>\n<!-- \/ Yoast SEO plugin. -->","yoast_head_json":{"title":"En qui\u00e9n se apoya Wanda Nara tras su escandalosa separaci\u00f3n de Mart\u00edn Migueles - Cuarteto en la Web","robots":{"index":"index","follow":"follow","max-snippet":"max-snippet:-1","max-image-preview":"max-image-preview:large","max-video-preview":"max-video-preview:-1"},"canonical":"https:\/\/cuartetoenlaweb.com.ar\/sitio\/en-quien-se-apoya-wanda-nara-tras-su-escandalosa-separacion-de-martin-migueles\/","og_locale":"es_ES","og_type":"article","og_title":"En qui\u00e9n se apoya Wanda Nara tras su escandalosa separaci\u00f3n de Mart\u00edn Migueles - Cuarteto en la Web","og_description":"Wanda Nara vive d\u00edas complejos, de esos que dejan huella","og_url":"https:\/\/cuartetoenlaweb.com.ar\/sitio\/en-quien-se-apoya-wanda-nara-tras-su-escandalosa-separacion-de-martin-migueles\/","og_site_name":"Cuarteto en la Web","article_published_time":"2026-01-10T03:00:15+00:00","og_image":[{"width":359,"height":226,"url":"https:\/\/cuartetoenlaweb.com.ar\/sitio\/wp-content\/uploads\/2026\/01\/CHIMENTEROS-PORTADA-YT-TOMI-DENTE-359x226-17.jpg","type":"image\/jpeg"}],"twitter_card":"summary_large_image","twitter_misc":{"Tiempo de lectura":"3 minutos"},"schema":{"@context":"https:\/\/schema.org","@graph":[{"@type":"Article","@id":"https:\/\/cuartetoenlaweb.com.ar\/sitio\/en-quien-se-apoya-wanda-nara-tras-su-escandalosa-separacion-de-martin-migueles\/#article","isPartOf":{"@id":"https:\/\/cuartetoenlaweb.com.ar\/sitio\/en-quien-se-apoya-wanda-nara-tras-su-escandalosa-separacion-de-martin-migueles\/"},"author":{"name":"","@id":""},"headline":"En qui\u00e9n se apoya Wanda Nara tras su escandalosa separaci\u00f3n de Mart\u00edn Migueles","datePublished":"2026-01-10T03:00:15+00:00","mainEntityOfPage":{"@id":"https:\/\/cuartetoenlaweb.com.ar\/sitio\/en-quien-se-apoya-wanda-nara-tras-su-escandalosa-separacion-de-martin-migueles\/"},"wordCount":638,"publisher":{"@id":"http:\/\/cuartetoenlaweb.com.ar\/sitio\/#organization"},"image":{"@id":"https:\/\/cuartetoenlaweb.com.ar\/sitio\/en-quien-se-apoya-wanda-nara-tras-su-escandalosa-separacion-de-martin-migueles\/#primaryimage"},"thumbnailUrl":"https:\/\/cuartetoenlaweb.com.ar\/sitio\/wp-content\/uploads\/2026\/01\/CHIMENTEROS-PORTADA-YT-TOMI-DENTE-359x226-17.jpg","articleSection":["PAIS"],"inLanguage":"es"},{"@type":"WebPage","@id":"https:\/\/cuartetoenlaweb.com.ar\/sitio\/en-quien-se-apoya-wanda-nara-tras-su-escandalosa-separacion-de-martin-migueles\/","url":"https:\/\/cuartetoenlaweb.com.ar\/sitio\/en-quien-se-apoya-wanda-nara-tras-su-escandalosa-separacion-de-martin-migueles\/","name":"En qui\u00e9n se apoya Wanda Nara tras su escandalosa separaci\u00f3n de Mart\u00edn Migueles - Cuarteto en la Web","isPartOf":{"@id":"http:\/\/cuartetoenlaweb.com.ar\/sitio\/#website"},"primaryImageOfPage":{"@id":"https:\/\/cuartetoenlaweb.com.ar\/sitio\/en-quien-se-apoya-wanda-nara-tras-su-escandalosa-separacion-de-martin-migueles\/#primaryimage"},"image":{"@id":"https:\/\/cuartetoenlaweb.com.ar\/sitio\/en-quien-se-apoya-wanda-nara-tras-su-escandalosa-separacion-de-martin-migueles\/#primaryimage"},"thumbnailUrl":"https:\/\/cuartetoenlaweb.com.ar\/sitio\/wp-content\/uploads\/2026\/01\/CHIMENTEROS-PORTADA-YT-TOMI-DENTE-359x226-17.jpg","datePublished":"2026-01-10T03:00:15+00:00","breadcrumb":{"@id":"https:\/\/cuartetoenlaweb.com.ar\/sitio\/en-quien-se-apoya-wanda-nara-tras-su-escandalosa-separacion-de-martin-migueles\/#breadcrumb"},"inLanguage":"es","potentialAction":[{"@type":"ReadAction","target":["https:\/\/cuartetoenlaweb.com.ar\/sitio\/en-quien-se-apoya-wanda-nara-tras-su-escandalosa-separacion-de-martin-migueles\/"]}]},{"@type":"ImageObject","inLanguage":"es","@id":"https:\/\/cuartetoenlaweb.com.ar\/sitio\/en-quien-se-apoya-wanda-nara-tras-su-escandalosa-separacion-de-martin-migueles\/#primaryimage","url":"https:\/\/cuartetoenlaweb.com.ar\/sitio\/wp-content\/uploads\/2026\/01\/CHIMENTEROS-PORTADA-YT-TOMI-DENTE-359x226-17.jpg","contentUrl":"https:\/\/cuartetoenlaweb.com.ar\/sitio\/wp-content\/uploads\/2026\/01\/CHIMENTEROS-PORTADA-YT-TOMI-DENTE-359x226-17.jpg","width":359,"height":226},{"@type":"BreadcrumbList","@id":"https:\/\/cuartetoenlaweb.com.ar\/sitio\/en-quien-se-apoya-wanda-nara-tras-su-escandalosa-separacion-de-martin-migueles\/#breadcrumb","itemListElement":[{"@type":"ListItem","position":1,"name":"Portada","item":"http:\/\/cuartetoenlaweb.com.ar\/sitio\/"},{"@type":"ListItem","position":2,"name":"En qui\u00e9n se apoya Wanda Nara tras su escandalosa separaci\u00f3n de Mart\u00edn Migueles"}]},{"@type":"WebSite","@id":"http:\/\/cuartetoenlaweb.com.ar\/sitio\/#website","url":"http:\/\/cuartetoenlaweb.com.ar\/sitio\/","name":"Cuarteto en la Web","description":"","publisher":{"@id":"http:\/\/cuartetoenlaweb.com.ar\/sitio\/#organization"},"potentialAction":[{"@type":"SearchAction","target":{"@type":"EntryPoint","urlTemplate":"http:\/\/cuartetoenlaweb.com.ar\/sitio\/?s={search_term_string}"},"query-input":{"@type":"PropertyValueSpecification","valueRequired":true,"valueName":"search_term_string"}}],"inLanguage":"es"},{"@type":"Organization","@id":"http:\/\/cuartetoenlaweb.com.ar\/sitio\/#organization","name":"Cuarteto en la Web","url":"http:\/\/cuartetoenlaweb.com.ar\/sitio\/","logo":{"@type":"ImageObject","inLanguage":"es","@id":"http:\/\/cuartetoenlaweb.com.ar\/sitio\/#\/schema\/logo\/image\/","url":"https:\/\/cuartetoenlaweb.com.ar\/sitio\/wp-content\/uploads\/2025\/07\/cropped-cropped-logitoweb21.png","contentUrl":"https:\/\/cuartetoenlaweb.com.ar\/sitio\/wp-content\/uploads\/2025\/07\/cropped-cropped-logitoweb21.png","width":199,"height":199,"caption":"Cuarteto en la Web"},"image":{"@id":"http:\/\/cuartetoenlaweb.com.ar\/sitio\/#\/schema\/logo\/image\/"}}]}},"_links":{"self":[{"href":"https:\/\/cuartetoenlaweb.com.ar\/sitio\/wp-json\/wp\/v2\/posts\/10183","targetHints":{"allow":["GET"]}}],"collection":[{"href":"https:\/\/cuartetoenlaweb.com.ar\/sitio\/wp-json\/wp\/v2\/posts"}],"about":[{"href":"https:\/\/cuartetoenlaweb.com.ar\/sitio\/wp-json\/wp\/v2\/types\/post"}],"replies":[{"embeddable":true,"href":"https:\/\/cuartetoenlaweb.com.ar\/sitio\/wp-json\/wp\/v2\/comments?post=10183"}],"version-history":[{"count":0,"href":"https:\/\/cuartetoenlaweb.com.ar\/sitio\/wp-json\/wp\/v2\/posts\/10183\/revisions"}],"wp:featuredmedia":[{"embeddable":true,"href":"https:\/\/cuartetoenlaweb.com.ar\/sitio\/wp-json\/wp\/v2\/media\/10184"}],"wp:attachment":[{"href":"https:\/\/cuartetoenlaweb.com.ar\/sitio\/wp-json\/wp\/v2\/media?parent=10183"}],"wp:term":[{"taxonomy":"category","embeddable":true,"href":"https:\/\/cuartetoenlaweb.com.ar\/sitio\/wp-json\/wp\/v2\/categories?post=10183"},{"taxonomy":"post_tag","embeddable":true,"href":"https:\/\/cuartetoenlaweb.com.ar\/sitio\/wp-json\/wp\/v2\/tags?post=10183"}],"curies":[{"name":"wp","href":"https:\/\/api.w.org\/{rel}","templated":true}]}}