
{"id":10181,"date":"2026-01-10T00:00:13","date_gmt":"2026-01-10T03:00:13","guid":{"rendered":"https:\/\/cuartetoenlaweb.com.ar\/sitio\/sorpresa-total-evangelina-anderson-se-separo-de-ian-lucas-los-fuertes-motivos-de-la-ruptura\/"},"modified":"2026-01-10T00:00:13","modified_gmt":"2026-01-10T03:00:13","slug":"sorpresa-total-evangelina-anderson-se-separo-de-ian-lucas-los-fuertes-motivos-de-la-ruptura","status":"publish","type":"post","link":"https:\/\/cuartetoenlaweb.com.ar\/sitio\/sorpresa-total-evangelina-anderson-se-separo-de-ian-lucas-los-fuertes-motivos-de-la-ruptura\/","title":{"rendered":"\u00a1Sorpresa total! Evangelina Anderson se separ\u00f3 de Ian Lucas: los fuertes motivos de la ruptura"},"content":{"rendered":"<p><strong>Evangelina Anderson<\/strong> viene de d\u00edas muy movidos dentro de su vida privada, aunque esta vez los ca\u00f1ones apuntaron de lleno a su coraz\u00f3n. Seg\u00fan trascendi\u00f3 en las \u00faltimas horas, la modelo habr\u00eda puesto punto final a su romance con<strong> Ian Lucas<\/strong>, una historia que hab\u00eda comenzado hace apenas unos meses pero que todo indica que se termin\u00f3.<\/p>\n<p>El v\u00ednculo entre <strong><a href=\"https:\/\/www.paparazzi.com.ar\/romances\/sorpresa-total-evangelina-anderson-se-separo-de-ian-lucas-los-fuertes-motivos-de-la-ruptura\/\">Evangelina<\/a><\/strong> y el influencer se fue generando durante las grabaciones de MasterChef. All\u00ed, entre desaf\u00edos, c\u00e1maras y largas jornadas de trabajo, naci\u00f3 una relaci\u00f3n que r\u00e1pidamente llam\u00f3 la atenci\u00f3n de todos. Fue un cambio de aire para la rubia, que ven\u00eda muy golpeada de su pol\u00e9mica separaci\u00f3n de <strong>Mart\u00edn Demichelis<\/strong> y ahora volv\u00eda a apostar al amor con el joven youtuber.<\/p>\n<p>Todo indicaba que <strong><a href=\"https:\/\/www.paparazzi.com.ar\/teve\/vivos-de-milagro-asi-actuaron-los-guardavidas-al-encontrar-a-demichelis-y-sus-hijos-ahogandose-en-el-mar\/\">Anderson<\/a><\/strong> hab\u00eda encontrado en <strong>Ian<\/strong> una contenci\u00f3n clave, un compa\u00f1ero con el que compartir una etapa de cambios y reconstrucci\u00f3n personal. Sin embargo, con el correr del tiempo, ese lazo empez\u00f3 a mostrar se\u00f1ales de desgaste. Las declaraciones cruzadas, m\u00e1s all\u00e1 de que nunca quisieron blanquearlo formalmente, empezaron a hacerse cada vez m\u00e1s notorias.<\/p>\n<div class=\"mt-box \">\n<h4 class=\"mt-heading\">Mir\u00e1 Tambi\u00e9n<\/h4>\n<p><a href=\"https:\/\/www.paparazzi.com.ar\/videos\/exclusivo-tomas-dente-habla-de-su-particular-estilo-de-vida-no-tengo-sexo-ni-como-pizza-desde-hace-20-anos\/\"><\/p>\n<div class=\"mt-content\">\n<div class=\"mt-image-container\"><img decoding=\"async\" src=\"https:\/\/www.paparazzi.com.ar\/wp-content\/uploads\/2026\/01\/CHIMENTEROS-PORTADA-YT-TOMI-DENTE-359x226.jpg\" alt=\"\u00a1Exclusivo! Tom\u00e1s Dente habla de su particular estilo de vida: \u201cNo tengo sexo ni como pizza desde hace 20 a\u00f1os\u201d\" class=\"mt-image\" loading=\"lazy\" \/><\/div>\n<h5 class=\"mt-title\">\u00a1Exclusivo! Tom\u00e1s Dente habla de su particular estilo de vida: \u201cNo tengo sexo ni como pizza desde hace 20 a\u00f1os\u201d<\/h5>\n<\/div>\n<p><\/a><\/div>\n<p>Pero ahora todo parece haber llegado a su final. Guido Zaffora decidi\u00f3 lanzar la inesperada ruptura de <strong><a href=\"https:\/\/www.paparazzi.com.ar\/teve\/el-drama-de-evangelina-anderson-al-ver-a-martin-demichelis-y-sus-hijos-ahogandose-en-punta-del-este\/\">Evangelina<\/a><\/strong> en su programa de El Observador, a trav\u00e9s de un enigm\u00e1tico. <em>\u201cSeparados, en crisis, confirmado desde MasterChef Celebrity, separados Ian Lucas y Evangelina Anderson\u201d<\/em>, asegur\u00f3 el periodista.<\/p>\n<h2 class=\"wp-block-heading\">LOS POL\u00c9MICOS MOTIVOS DE LA SEPARACI\u00d3N DE EVANGELINA ANDERSON E IAN LUCAS<\/h2>\n<p>Pero el dato no qued\u00f3 ah\u00ed. Zaffora tambi\u00e9n aport\u00f3 detalles sobre los motivos que habr\u00edan provocado la separaci\u00f3n de <strong>Evangelina<\/strong>. Todo parece que la exposici\u00f3n p\u00fablica fue clave. <em>\u201cSe cort\u00f3 la onda entre ellos. Ian no es medi\u00e1tico y Eva si, ah\u00ed estuvo el cortocircuito. Hay que buscar en las declaraciones de ellas que no le gustaron a \u00e9l\u201d<\/em>, sostuvo.<\/p>\n<p>Cabe destacar que <strong>Anderson<\/strong> viene sumergida en una situaci\u00f3n muy fuerte desde hace meses. No solo por su separaci\u00f3n con <strong>Demichelis<\/strong> que definitivamente sigue dejando secuelas, sino tambi\u00e9n por la exposici\u00f3n de sus hijos y esta cuesti\u00f3n medi\u00e1tica a la que, supuestamente, <strong>Ian<\/strong> no estar\u00eda tan acostumbrado.<\/p>\n<div class=\"mt-box \">\n<h4 class=\"mt-heading\">Mir\u00e1 Tambi\u00e9n<\/h4>\n<p><a href=\"https:\/\/www.paparazzi.com.ar\/romances\/sorpresa-total-evangelina-anderson-se-separo-de-ian-lucas-los-fuertes-motivos-de-la-ruptura\/\"><\/p>\n<div class=\"mt-content\">\n<div class=\"mt-image-container\"><img decoding=\"async\" src=\"https:\/\/www.paparazzi.com.ar\/wp-content\/uploads\/2025\/11\/Evangelina-Anderson-Ian-Lucas-1-1-359x226.jpg\" alt=\"\u00a1Sorpresa total! Evangelina Anderson se separ\u00f3 de Ian Lucas: los fuertes motivos de la ruptura\" class=\"mt-image\" loading=\"lazy\" \/><\/div>\n<h5 class=\"mt-title\">\u00a1Sorpresa total! Evangelina Anderson se separ\u00f3 de Ian Lucas: los fuertes motivos de la ruptura<\/h5>\n<\/div>\n<p><\/a><\/div>\n<p>Por ahora, ninguno de los dos sali\u00f3 a confirmar ni a desmentir esta inesperada separaci\u00f3n. De momento, <strong>Evangelina<\/strong> mantiene el hermetismo y se refugia en sus hijos. Por su parte, <strong>Ian<\/strong> tampoco se expres\u00f3 en sus redes sociales, pero todo indica que pronto alguno de los dos tomar\u00e1 la palabra. \u00bfNo hay vuelta atr\u00e1s?<\/p>\n<div class=\"mt-box \">\n<h4 class=\"mt-heading\">Mir\u00e1 Tambi\u00e9n<\/h4>\n<p><a href=\"https:\/\/www.paparazzi.com.ar\/teve\/vivos-de-milagro-asi-actuaron-los-guardavidas-al-encontrar-a-demichelis-y-sus-hijos-ahogandose-en-el-mar\/\"><\/p>\n<div class=\"mt-content\">\n<div class=\"mt-image-container\"><img decoding=\"async\" src=\"https:\/\/www.paparazzi.com.ar\/wp-content\/uploads\/2026\/01\/martin-demichelis-abrojito-359x226.jpg\" alt=\"\u201cVivos de milagro\u201d: as\u00ed actuaron los guardavidas al encontrar a Demichelis y sus hijos ahog\u00e1ndose en el mar\" class=\"mt-image\" loading=\"lazy\" \/><\/div>\n<h5 class=\"mt-title\">\u201cVivos de milagro\u201d: as\u00ed actuaron los guardavidas al encontrar a Demichelis y sus hijos ahog\u00e1ndose en el mar<\/h5>\n<\/div>\n<p><\/a><\/div>\n<div class=\"mt-box \">\n<h4 class=\"mt-heading\">Mir\u00e1 Tambi\u00e9n<\/h4>\n<p><a href=\"https:\/\/www.paparazzi.com.ar\/teve\/el-drama-de-evangelina-anderson-al-ver-a-martin-demichelis-y-sus-hijos-ahogandose-en-punta-del-este\/\"><\/p>\n<div class=\"mt-content\">\n<div class=\"mt-image-container\"><img decoding=\"async\" src=\"https:\/\/www.paparazzi.com.ar\/wp-content\/uploads\/2026\/01\/Evangelina-Anderson-Martin-Demichelis-hijos-359x226.jpg\" alt=\"El drama de Evangelina Anderson al enterarse que Mart\u00edn Demichelis y sus hijos se ahogaron y tuvieron que ser rescatados\" class=\"mt-image\" loading=\"lazy\" \/><\/div>\n<h5 class=\"mt-title\">El drama de Evangelina Anderson al enterarse que Mart\u00edn Demichelis y sus hijos se ahogaron y tuvieron que ser rescatados<\/h5>\n<\/div>\n<p><\/a><\/div>\n<p>The post <a href=\"https:\/\/www.paparazzi.com.ar\/romances\/sorpresa-total-evangelina-anderson-se-separo-de-ian-lucas-los-fuertes-motivos-de-la-ruptura\/\">\u00a1Sorpresa total! Evangelina Anderson se separ\u00f3 de Ian Lucas: los fuertes motivos de la ruptura<\/a> appeared first on <a href=\"https:\/\/www.paparazzi.com.ar\">Revista Paparazzi<\/a>.<\/p>\n","protected":false},"excerpt":{"rendered":"<p>Evangelina Anderson viene de d\u00edas muy movidos dentro de su<\/p>\n","protected":false},"author":0,"featured_media":10182,"comment_status":"","ping_status":"","sticky":false,"template":"","format":"standard","meta":{"footnotes":""},"categories":[65],"tags":[],"class_list":["post-10181","post","type-post","status-publish","format-standard","has-post-thumbnail","hentry","category-pais"],"yoast_head":"<!-- This site is optimized with the Yoast SEO plugin v27.5 - https:\/\/yoast.com\/product\/yoast-seo-wordpress\/ -->\n<title>\u00a1Sorpresa total! Evangelina Anderson se separ\u00f3 de Ian Lucas: los fuertes motivos de la ruptura - Cuarteto en la Web<\/title>\n<meta name=\"robots\" content=\"index, follow, max-snippet:-1, max-image-preview:large, max-video-preview:-1\" \/>\n<link rel=\"canonical\" href=\"https:\/\/cuartetoenlaweb.com.ar\/sitio\/sorpresa-total-evangelina-anderson-se-separo-de-ian-lucas-los-fuertes-motivos-de-la-ruptura\/\" \/>\n<meta property=\"og:locale\" content=\"es_ES\" \/>\n<meta property=\"og:type\" content=\"article\" \/>\n<meta property=\"og:title\" content=\"\u00a1Sorpresa total! Evangelina Anderson se separ\u00f3 de Ian Lucas: los fuertes motivos de la ruptura - Cuarteto en la Web\" \/>\n<meta property=\"og:description\" content=\"Evangelina Anderson viene de d\u00edas muy movidos dentro de su\" \/>\n<meta property=\"og:url\" content=\"https:\/\/cuartetoenlaweb.com.ar\/sitio\/sorpresa-total-evangelina-anderson-se-separo-de-ian-lucas-los-fuertes-motivos-de-la-ruptura\/\" \/>\n<meta property=\"og:site_name\" content=\"Cuarteto en la Web\" \/>\n<meta property=\"article:published_time\" content=\"2026-01-10T03:00:13+00:00\" \/>\n<meta property=\"og:image\" content=\"https:\/\/cuartetoenlaweb.com.ar\/sitio\/wp-content\/uploads\/2026\/01\/CHIMENTEROS-PORTADA-YT-TOMI-DENTE-359x226-16.jpg\" \/>\n\t<meta property=\"og:image:width\" content=\"359\" \/>\n\t<meta property=\"og:image:height\" content=\"226\" \/>\n\t<meta property=\"og:image:type\" content=\"image\/jpeg\" \/>\n<meta name=\"twitter:card\" content=\"summary_large_image\" \/>\n<meta name=\"twitter:label1\" content=\"Tiempo de lectura\" \/>\n\t<meta name=\"twitter:data1\" content=\"3 minutos\" \/>\n<script type=\"application\/ld+json\" class=\"yoast-schema-graph\">{\"@context\":\"https:\\\/\\\/schema.org\",\"@graph\":[{\"@type\":\"Article\",\"@id\":\"https:\\\/\\\/cuartetoenlaweb.com.ar\\\/sitio\\\/sorpresa-total-evangelina-anderson-se-separo-de-ian-lucas-los-fuertes-motivos-de-la-ruptura\\\/#article\",\"isPartOf\":{\"@id\":\"https:\\\/\\\/cuartetoenlaweb.com.ar\\\/sitio\\\/sorpresa-total-evangelina-anderson-se-separo-de-ian-lucas-los-fuertes-motivos-de-la-ruptura\\\/\"},\"author\":{\"name\":\"\",\"@id\":\"\"},\"headline\":\"\u00a1Sorpresa total! Evangelina Anderson se separ\u00f3 de Ian Lucas: los fuertes motivos de la ruptura\",\"datePublished\":\"2026-01-10T03:00:13+00:00\",\"mainEntityOfPage\":{\"@id\":\"https:\\\/\\\/cuartetoenlaweb.com.ar\\\/sitio\\\/sorpresa-total-evangelina-anderson-se-separo-de-ian-lucas-los-fuertes-motivos-de-la-ruptura\\\/\"},\"wordCount\":564,\"publisher\":{\"@id\":\"http:\\\/\\\/cuartetoenlaweb.com.ar\\\/sitio\\\/#organization\"},\"image\":{\"@id\":\"https:\\\/\\\/cuartetoenlaweb.com.ar\\\/sitio\\\/sorpresa-total-evangelina-anderson-se-separo-de-ian-lucas-los-fuertes-motivos-de-la-ruptura\\\/#primaryimage\"},\"thumbnailUrl\":\"https:\\\/\\\/cuartetoenlaweb.com.ar\\\/sitio\\\/wp-content\\\/uploads\\\/2026\\\/01\\\/CHIMENTEROS-PORTADA-YT-TOMI-DENTE-359x226-16.jpg\",\"articleSection\":[\"PAIS\"],\"inLanguage\":\"es\"},{\"@type\":\"WebPage\",\"@id\":\"https:\\\/\\\/cuartetoenlaweb.com.ar\\\/sitio\\\/sorpresa-total-evangelina-anderson-se-separo-de-ian-lucas-los-fuertes-motivos-de-la-ruptura\\\/\",\"url\":\"https:\\\/\\\/cuartetoenlaweb.com.ar\\\/sitio\\\/sorpresa-total-evangelina-anderson-se-separo-de-ian-lucas-los-fuertes-motivos-de-la-ruptura\\\/\",\"name\":\"\u00a1Sorpresa total! Evangelina Anderson se separ\u00f3 de Ian Lucas: los fuertes motivos de la ruptura - Cuarteto en la Web\",\"isPartOf\":{\"@id\":\"http:\\\/\\\/cuartetoenlaweb.com.ar\\\/sitio\\\/#website\"},\"primaryImageOfPage\":{\"@id\":\"https:\\\/\\\/cuartetoenlaweb.com.ar\\\/sitio\\\/sorpresa-total-evangelina-anderson-se-separo-de-ian-lucas-los-fuertes-motivos-de-la-ruptura\\\/#primaryimage\"},\"image\":{\"@id\":\"https:\\\/\\\/cuartetoenlaweb.com.ar\\\/sitio\\\/sorpresa-total-evangelina-anderson-se-separo-de-ian-lucas-los-fuertes-motivos-de-la-ruptura\\\/#primaryimage\"},\"thumbnailUrl\":\"https:\\\/\\\/cuartetoenlaweb.com.ar\\\/sitio\\\/wp-content\\\/uploads\\\/2026\\\/01\\\/CHIMENTEROS-PORTADA-YT-TOMI-DENTE-359x226-16.jpg\",\"datePublished\":\"2026-01-10T03:00:13+00:00\",\"breadcrumb\":{\"@id\":\"https:\\\/\\\/cuartetoenlaweb.com.ar\\\/sitio\\\/sorpresa-total-evangelina-anderson-se-separo-de-ian-lucas-los-fuertes-motivos-de-la-ruptura\\\/#breadcrumb\"},\"inLanguage\":\"es\",\"potentialAction\":[{\"@type\":\"ReadAction\",\"target\":[\"https:\\\/\\\/cuartetoenlaweb.com.ar\\\/sitio\\\/sorpresa-total-evangelina-anderson-se-separo-de-ian-lucas-los-fuertes-motivos-de-la-ruptura\\\/\"]}]},{\"@type\":\"ImageObject\",\"inLanguage\":\"es\",\"@id\":\"https:\\\/\\\/cuartetoenlaweb.com.ar\\\/sitio\\\/sorpresa-total-evangelina-anderson-se-separo-de-ian-lucas-los-fuertes-motivos-de-la-ruptura\\\/#primaryimage\",\"url\":\"https:\\\/\\\/cuartetoenlaweb.com.ar\\\/sitio\\\/wp-content\\\/uploads\\\/2026\\\/01\\\/CHIMENTEROS-PORTADA-YT-TOMI-DENTE-359x226-16.jpg\",\"contentUrl\":\"https:\\\/\\\/cuartetoenlaweb.com.ar\\\/sitio\\\/wp-content\\\/uploads\\\/2026\\\/01\\\/CHIMENTEROS-PORTADA-YT-TOMI-DENTE-359x226-16.jpg\",\"width\":359,\"height\":226},{\"@type\":\"BreadcrumbList\",\"@id\":\"https:\\\/\\\/cuartetoenlaweb.com.ar\\\/sitio\\\/sorpresa-total-evangelina-anderson-se-separo-de-ian-lucas-los-fuertes-motivos-de-la-ruptura\\\/#breadcrumb\",\"itemListElement\":[{\"@type\":\"ListItem\",\"position\":1,\"name\":\"Portada\",\"item\":\"http:\\\/\\\/cuartetoenlaweb.com.ar\\\/sitio\\\/\"},{\"@type\":\"ListItem\",\"position\":2,\"name\":\"\u00a1Sorpresa total! Evangelina Anderson se separ\u00f3 de Ian Lucas: los fuertes motivos de la ruptura\"}]},{\"@type\":\"WebSite\",\"@id\":\"http:\\\/\\\/cuartetoenlaweb.com.ar\\\/sitio\\\/#website\",\"url\":\"http:\\\/\\\/cuartetoenlaweb.com.ar\\\/sitio\\\/\",\"name\":\"Cuarteto en la Web\",\"description\":\"\",\"publisher\":{\"@id\":\"http:\\\/\\\/cuartetoenlaweb.com.ar\\\/sitio\\\/#organization\"},\"potentialAction\":[{\"@type\":\"SearchAction\",\"target\":{\"@type\":\"EntryPoint\",\"urlTemplate\":\"http:\\\/\\\/cuartetoenlaweb.com.ar\\\/sitio\\\/?s={search_term_string}\"},\"query-input\":{\"@type\":\"PropertyValueSpecification\",\"valueRequired\":true,\"valueName\":\"search_term_string\"}}],\"inLanguage\":\"es\"},{\"@type\":\"Organization\",\"@id\":\"http:\\\/\\\/cuartetoenlaweb.com.ar\\\/sitio\\\/#organization\",\"name\":\"Cuarteto en la Web\",\"url\":\"http:\\\/\\\/cuartetoenlaweb.com.ar\\\/sitio\\\/\",\"logo\":{\"@type\":\"ImageObject\",\"inLanguage\":\"es\",\"@id\":\"http:\\\/\\\/cuartetoenlaweb.com.ar\\\/sitio\\\/#\\\/schema\\\/logo\\\/image\\\/\",\"url\":\"https:\\\/\\\/cuartetoenlaweb.com.ar\\\/sitio\\\/wp-content\\\/uploads\\\/2025\\\/07\\\/cropped-cropped-logitoweb21.png\",\"contentUrl\":\"https:\\\/\\\/cuartetoenlaweb.com.ar\\\/sitio\\\/wp-content\\\/uploads\\\/2025\\\/07\\\/cropped-cropped-logitoweb21.png\",\"width\":199,\"height\":199,\"caption\":\"Cuarteto en la Web\"},\"image\":{\"@id\":\"http:\\\/\\\/cuartetoenlaweb.com.ar\\\/sitio\\\/#\\\/schema\\\/logo\\\/image\\\/\"}}]}<\/script>\n<!-- \/ Yoast SEO plugin. -->","yoast_head_json":{"title":"\u00a1Sorpresa total! Evangelina Anderson se separ\u00f3 de Ian Lucas: los fuertes motivos de la ruptura - Cuarteto en la Web","robots":{"index":"index","follow":"follow","max-snippet":"max-snippet:-1","max-image-preview":"max-image-preview:large","max-video-preview":"max-video-preview:-1"},"canonical":"https:\/\/cuartetoenlaweb.com.ar\/sitio\/sorpresa-total-evangelina-anderson-se-separo-de-ian-lucas-los-fuertes-motivos-de-la-ruptura\/","og_locale":"es_ES","og_type":"article","og_title":"\u00a1Sorpresa total! Evangelina Anderson se separ\u00f3 de Ian Lucas: los fuertes motivos de la ruptura - Cuarteto en la Web","og_description":"Evangelina Anderson viene de d\u00edas muy movidos dentro de su","og_url":"https:\/\/cuartetoenlaweb.com.ar\/sitio\/sorpresa-total-evangelina-anderson-se-separo-de-ian-lucas-los-fuertes-motivos-de-la-ruptura\/","og_site_name":"Cuarteto en la Web","article_published_time":"2026-01-10T03:00:13+00:00","og_image":[{"width":359,"height":226,"url":"https:\/\/cuartetoenlaweb.com.ar\/sitio\/wp-content\/uploads\/2026\/01\/CHIMENTEROS-PORTADA-YT-TOMI-DENTE-359x226-16.jpg","type":"image\/jpeg"}],"twitter_card":"summary_large_image","twitter_misc":{"Tiempo de lectura":"3 minutos"},"schema":{"@context":"https:\/\/schema.org","@graph":[{"@type":"Article","@id":"https:\/\/cuartetoenlaweb.com.ar\/sitio\/sorpresa-total-evangelina-anderson-se-separo-de-ian-lucas-los-fuertes-motivos-de-la-ruptura\/#article","isPartOf":{"@id":"https:\/\/cuartetoenlaweb.com.ar\/sitio\/sorpresa-total-evangelina-anderson-se-separo-de-ian-lucas-los-fuertes-motivos-de-la-ruptura\/"},"author":{"name":"","@id":""},"headline":"\u00a1Sorpresa total! Evangelina Anderson se separ\u00f3 de Ian Lucas: los fuertes motivos de la ruptura","datePublished":"2026-01-10T03:00:13+00:00","mainEntityOfPage":{"@id":"https:\/\/cuartetoenlaweb.com.ar\/sitio\/sorpresa-total-evangelina-anderson-se-separo-de-ian-lucas-los-fuertes-motivos-de-la-ruptura\/"},"wordCount":564,"publisher":{"@id":"http:\/\/cuartetoenlaweb.com.ar\/sitio\/#organization"},"image":{"@id":"https:\/\/cuartetoenlaweb.com.ar\/sitio\/sorpresa-total-evangelina-anderson-se-separo-de-ian-lucas-los-fuertes-motivos-de-la-ruptura\/#primaryimage"},"thumbnailUrl":"https:\/\/cuartetoenlaweb.com.ar\/sitio\/wp-content\/uploads\/2026\/01\/CHIMENTEROS-PORTADA-YT-TOMI-DENTE-359x226-16.jpg","articleSection":["PAIS"],"inLanguage":"es"},{"@type":"WebPage","@id":"https:\/\/cuartetoenlaweb.com.ar\/sitio\/sorpresa-total-evangelina-anderson-se-separo-de-ian-lucas-los-fuertes-motivos-de-la-ruptura\/","url":"https:\/\/cuartetoenlaweb.com.ar\/sitio\/sorpresa-total-evangelina-anderson-se-separo-de-ian-lucas-los-fuertes-motivos-de-la-ruptura\/","name":"\u00a1Sorpresa total! Evangelina Anderson se separ\u00f3 de Ian Lucas: los fuertes motivos de la ruptura - Cuarteto en la Web","isPartOf":{"@id":"http:\/\/cuartetoenlaweb.com.ar\/sitio\/#website"},"primaryImageOfPage":{"@id":"https:\/\/cuartetoenlaweb.com.ar\/sitio\/sorpresa-total-evangelina-anderson-se-separo-de-ian-lucas-los-fuertes-motivos-de-la-ruptura\/#primaryimage"},"image":{"@id":"https:\/\/cuartetoenlaweb.com.ar\/sitio\/sorpresa-total-evangelina-anderson-se-separo-de-ian-lucas-los-fuertes-motivos-de-la-ruptura\/#primaryimage"},"thumbnailUrl":"https:\/\/cuartetoenlaweb.com.ar\/sitio\/wp-content\/uploads\/2026\/01\/CHIMENTEROS-PORTADA-YT-TOMI-DENTE-359x226-16.jpg","datePublished":"2026-01-10T03:00:13+00:00","breadcrumb":{"@id":"https:\/\/cuartetoenlaweb.com.ar\/sitio\/sorpresa-total-evangelina-anderson-se-separo-de-ian-lucas-los-fuertes-motivos-de-la-ruptura\/#breadcrumb"},"inLanguage":"es","potentialAction":[{"@type":"ReadAction","target":["https:\/\/cuartetoenlaweb.com.ar\/sitio\/sorpresa-total-evangelina-anderson-se-separo-de-ian-lucas-los-fuertes-motivos-de-la-ruptura\/"]}]},{"@type":"ImageObject","inLanguage":"es","@id":"https:\/\/cuartetoenlaweb.com.ar\/sitio\/sorpresa-total-evangelina-anderson-se-separo-de-ian-lucas-los-fuertes-motivos-de-la-ruptura\/#primaryimage","url":"https:\/\/cuartetoenlaweb.com.ar\/sitio\/wp-content\/uploads\/2026\/01\/CHIMENTEROS-PORTADA-YT-TOMI-DENTE-359x226-16.jpg","contentUrl":"https:\/\/cuartetoenlaweb.com.ar\/sitio\/wp-content\/uploads\/2026\/01\/CHIMENTEROS-PORTADA-YT-TOMI-DENTE-359x226-16.jpg","width":359,"height":226},{"@type":"BreadcrumbList","@id":"https:\/\/cuartetoenlaweb.com.ar\/sitio\/sorpresa-total-evangelina-anderson-se-separo-de-ian-lucas-los-fuertes-motivos-de-la-ruptura\/#breadcrumb","itemListElement":[{"@type":"ListItem","position":1,"name":"Portada","item":"http:\/\/cuartetoenlaweb.com.ar\/sitio\/"},{"@type":"ListItem","position":2,"name":"\u00a1Sorpresa total! Evangelina Anderson se separ\u00f3 de Ian Lucas: los fuertes motivos de la ruptura"}]},{"@type":"WebSite","@id":"http:\/\/cuartetoenlaweb.com.ar\/sitio\/#website","url":"http:\/\/cuartetoenlaweb.com.ar\/sitio\/","name":"Cuarteto en la Web","description":"","publisher":{"@id":"http:\/\/cuartetoenlaweb.com.ar\/sitio\/#organization"},"potentialAction":[{"@type":"SearchAction","target":{"@type":"EntryPoint","urlTemplate":"http:\/\/cuartetoenlaweb.com.ar\/sitio\/?s={search_term_string}"},"query-input":{"@type":"PropertyValueSpecification","valueRequired":true,"valueName":"search_term_string"}}],"inLanguage":"es"},{"@type":"Organization","@id":"http:\/\/cuartetoenlaweb.com.ar\/sitio\/#organization","name":"Cuarteto en la Web","url":"http:\/\/cuartetoenlaweb.com.ar\/sitio\/","logo":{"@type":"ImageObject","inLanguage":"es","@id":"http:\/\/cuartetoenlaweb.com.ar\/sitio\/#\/schema\/logo\/image\/","url":"https:\/\/cuartetoenlaweb.com.ar\/sitio\/wp-content\/uploads\/2025\/07\/cropped-cropped-logitoweb21.png","contentUrl":"https:\/\/cuartetoenlaweb.com.ar\/sitio\/wp-content\/uploads\/2025\/07\/cropped-cropped-logitoweb21.png","width":199,"height":199,"caption":"Cuarteto en la Web"},"image":{"@id":"http:\/\/cuartetoenlaweb.com.ar\/sitio\/#\/schema\/logo\/image\/"}}]}},"_links":{"self":[{"href":"https:\/\/cuartetoenlaweb.com.ar\/sitio\/wp-json\/wp\/v2\/posts\/10181","targetHints":{"allow":["GET"]}}],"collection":[{"href":"https:\/\/cuartetoenlaweb.com.ar\/sitio\/wp-json\/wp\/v2\/posts"}],"about":[{"href":"https:\/\/cuartetoenlaweb.com.ar\/sitio\/wp-json\/wp\/v2\/types\/post"}],"replies":[{"embeddable":true,"href":"https:\/\/cuartetoenlaweb.com.ar\/sitio\/wp-json\/wp\/v2\/comments?post=10181"}],"version-history":[{"count":0,"href":"https:\/\/cuartetoenlaweb.com.ar\/sitio\/wp-json\/wp\/v2\/posts\/10181\/revisions"}],"wp:featuredmedia":[{"embeddable":true,"href":"https:\/\/cuartetoenlaweb.com.ar\/sitio\/wp-json\/wp\/v2\/media\/10182"}],"wp:attachment":[{"href":"https:\/\/cuartetoenlaweb.com.ar\/sitio\/wp-json\/wp\/v2\/media?parent=10181"}],"wp:term":[{"taxonomy":"category","embeddable":true,"href":"https:\/\/cuartetoenlaweb.com.ar\/sitio\/wp-json\/wp\/v2\/categories?post=10181"},{"taxonomy":"post_tag","embeddable":true,"href":"https:\/\/cuartetoenlaweb.com.ar\/sitio\/wp-json\/wp\/v2\/tags?post=10181"}],"curies":[{"name":"wp","href":"https:\/\/api.w.org\/{rel}","templated":true}]}}