
{"id":10175,"date":"2026-01-09T10:59:46","date_gmt":"2026-01-09T13:59:46","guid":{"rendered":"https:\/\/cuartetoenlaweb.com.ar\/sitio\/tres-estadounidenses-y-el-ruso-medvedev-buscaran-un-lugar-en-la-final-del-atp-de-brisbane\/"},"modified":"2026-01-09T10:59:46","modified_gmt":"2026-01-09T13:59:46","slug":"tres-estadounidenses-y-el-ruso-medvedev-buscaran-un-lugar-en-la-final-del-atp-de-brisbane","status":"publish","type":"post","link":"https:\/\/cuartetoenlaweb.com.ar\/sitio\/tres-estadounidenses-y-el-ruso-medvedev-buscaran-un-lugar-en-la-final-del-atp-de-brisbane\/","title":{"rendered":"Tres estadounidenses y el ruso Medvedev buscar\u00e1n un lugar en la final del ATP de Brisbane"},"content":{"rendered":"<p>Buenos Aires, 9 enero (NA) \u2013 El ruso n\u00famero 13 del mundo, Daniil Medvedev, venci\u00f3 6(4)-7(7), 6-3 y 6-2 al polaco Kamil Majchrzak y avanz\u00f3 a las semifinales del ATP 250 de Brisbane, donde se enfrentar\u00e1 al estadounidense Alex Michelsen que le gan\u00f3 a su compatriota Sebastian Korda.<\/p>\n<p>Como inform\u00f3 la Agencia Noticias Argentinas, el pr\u00f3ximo domingo ser\u00e1 la final del torneo que forma parte de la tradicional gira que antecede al Abierto de Australia, compartiendo semana con la United Cup y el ATP de Hong Kong.<\/p>\n<p>El ruso oriundo de Mosc\u00fa ir\u00e1 en busca de su novena final este s\u00e1bado cuando enfrente al estadounidense Michelsen, desde las 5:30, en el Pat Rafter Arena.<\/p>\n<p>Ambos se clasificaron a esta semifinal en la madrugada de este viernes pero fue al ex n\u00famero 1 del mundo al que le cost\u00f3 m\u00e1s de la cuenta la clasificaci\u00f3n.<\/p>\n<p>El ruso de 29 a\u00f1os tuvo que batallar durante dos horas y 12 minutos para vencer en tres sets al polaco n\u00famero 59 del mundo, Kamil Majchrzak, con un resultado final de 6(4)-7(7), 6-3 y 6-2.<\/p>\n<p>As\u00ed, Medvedev inaugura el historial ante Majchrzak con un triunfo que no le fue nada facil conseguir, mucho m\u00e1s a\u00fan tras perder el primer set en el tie break.<\/p>\n<p>En paralelo, el tenista oriundo de California venci\u00f3 6-3 y 7(9)-6(7) a su compatriota Sebastian Korda, en una hora y 39 minutos. El estadounidense de 21 a\u00f1os buscar\u00e1 su primera final en un torneo ATP.<\/p>\n<p>En tanto, quien clasific\u00f3 a la otra semifinal fue el estadounidense de San Diego, Brandon Nakashima, que venci\u00f3 al belga Rapha\u00ebl Collignon, en una hora y 39 minutos, con un resultado de 6-3 y 6-3.<\/p>\n<p>El n\u00famero 33 del mundo se enfrentar\u00e1 en la semifinal a su compatriota Aleksandar Kovacevic que, el jueves, le gan\u00f3 al franc\u00e9s Giovanni Mpetshi Perricard con un resultado de 7(7)-6(3), 4-6 y 6-3. #AgenciaNA<\/p>\n","protected":false},"excerpt":{"rendered":"<p>Buenos Aires, 9 enero (NA) \u2013 El ruso n\u00famero 13<\/p>\n","protected":false},"author":0,"featured_media":10176,"comment_status":"","ping_status":"","sticky":false,"template":"","format":"standard","meta":{"footnotes":""},"categories":[65],"tags":[],"class_list":["post-10175","post","type-post","status-publish","format-standard","has-post-thumbnail","hentry","category-pais"],"yoast_head":"<!-- This site is optimized with the Yoast SEO plugin v27.5 - https:\/\/yoast.com\/product\/yoast-seo-wordpress\/ -->\n<title>Tres estadounidenses y el ruso Medvedev buscar\u00e1n un lugar en la final del ATP de Brisbane - Cuarteto en la Web<\/title>\n<meta name=\"robots\" content=\"index, follow, max-snippet:-1, max-image-preview:large, max-video-preview:-1\" \/>\n<link rel=\"canonical\" href=\"https:\/\/cuartetoenlaweb.com.ar\/sitio\/tres-estadounidenses-y-el-ruso-medvedev-buscaran-un-lugar-en-la-final-del-atp-de-brisbane\/\" \/>\n<meta property=\"og:locale\" content=\"es_ES\" \/>\n<meta property=\"og:type\" content=\"article\" \/>\n<meta property=\"og:title\" content=\"Tres estadounidenses y el ruso Medvedev buscar\u00e1n un lugar en la final del ATP de Brisbane - Cuarteto en la Web\" \/>\n<meta property=\"og:description\" content=\"Buenos Aires, 9 enero (NA) \u2013 El ruso n\u00famero 13\" \/>\n<meta property=\"og:url\" content=\"https:\/\/cuartetoenlaweb.com.ar\/sitio\/tres-estadounidenses-y-el-ruso-medvedev-buscaran-un-lugar-en-la-final-del-atp-de-brisbane\/\" \/>\n<meta property=\"og:site_name\" content=\"Cuarteto en la Web\" \/>\n<meta property=\"article:published_time\" content=\"2026-01-09T13:59:46+00:00\" \/>\n<meta property=\"og:image\" content=\"https:\/\/cuartetoenlaweb.com.ar\/sitio\/wp-content\/uploads\/2026\/01\/720-78.jpeg\" \/>\n\t<meta property=\"og:image:width\" content=\"1280\" \/>\n\t<meta property=\"og:image:height\" content=\"720\" \/>\n\t<meta property=\"og:image:type\" content=\"image\/jpeg\" \/>\n<meta name=\"twitter:card\" content=\"summary_large_image\" \/>\n<meta name=\"twitter:label1\" content=\"Tiempo de lectura\" \/>\n\t<meta name=\"twitter:data1\" content=\"2 minutos\" \/>\n<script type=\"application\/ld+json\" class=\"yoast-schema-graph\">{\"@context\":\"https:\\\/\\\/schema.org\",\"@graph\":[{\"@type\":\"Article\",\"@id\":\"https:\\\/\\\/cuartetoenlaweb.com.ar\\\/sitio\\\/tres-estadounidenses-y-el-ruso-medvedev-buscaran-un-lugar-en-la-final-del-atp-de-brisbane\\\/#article\",\"isPartOf\":{\"@id\":\"https:\\\/\\\/cuartetoenlaweb.com.ar\\\/sitio\\\/tres-estadounidenses-y-el-ruso-medvedev-buscaran-un-lugar-en-la-final-del-atp-de-brisbane\\\/\"},\"author\":{\"name\":\"\",\"@id\":\"\"},\"headline\":\"Tres estadounidenses y el ruso Medvedev buscar\u00e1n un lugar en la final del ATP de Brisbane\",\"datePublished\":\"2026-01-09T13:59:46+00:00\",\"mainEntityOfPage\":{\"@id\":\"https:\\\/\\\/cuartetoenlaweb.com.ar\\\/sitio\\\/tres-estadounidenses-y-el-ruso-medvedev-buscaran-un-lugar-en-la-final-del-atp-de-brisbane\\\/\"},\"wordCount\":331,\"publisher\":{\"@id\":\"http:\\\/\\\/cuartetoenlaweb.com.ar\\\/sitio\\\/#organization\"},\"image\":{\"@id\":\"https:\\\/\\\/cuartetoenlaweb.com.ar\\\/sitio\\\/tres-estadounidenses-y-el-ruso-medvedev-buscaran-un-lugar-en-la-final-del-atp-de-brisbane\\\/#primaryimage\"},\"thumbnailUrl\":\"https:\\\/\\\/cuartetoenlaweb.com.ar\\\/sitio\\\/wp-content\\\/uploads\\\/2026\\\/01\\\/720-78.jpeg\",\"articleSection\":[\"PAIS\"],\"inLanguage\":\"es\"},{\"@type\":\"WebPage\",\"@id\":\"https:\\\/\\\/cuartetoenlaweb.com.ar\\\/sitio\\\/tres-estadounidenses-y-el-ruso-medvedev-buscaran-un-lugar-en-la-final-del-atp-de-brisbane\\\/\",\"url\":\"https:\\\/\\\/cuartetoenlaweb.com.ar\\\/sitio\\\/tres-estadounidenses-y-el-ruso-medvedev-buscaran-un-lugar-en-la-final-del-atp-de-brisbane\\\/\",\"name\":\"Tres estadounidenses y el ruso Medvedev buscar\u00e1n un lugar en la final del ATP de Brisbane - Cuarteto en la Web\",\"isPartOf\":{\"@id\":\"http:\\\/\\\/cuartetoenlaweb.com.ar\\\/sitio\\\/#website\"},\"primaryImageOfPage\":{\"@id\":\"https:\\\/\\\/cuartetoenlaweb.com.ar\\\/sitio\\\/tres-estadounidenses-y-el-ruso-medvedev-buscaran-un-lugar-en-la-final-del-atp-de-brisbane\\\/#primaryimage\"},\"image\":{\"@id\":\"https:\\\/\\\/cuartetoenlaweb.com.ar\\\/sitio\\\/tres-estadounidenses-y-el-ruso-medvedev-buscaran-un-lugar-en-la-final-del-atp-de-brisbane\\\/#primaryimage\"},\"thumbnailUrl\":\"https:\\\/\\\/cuartetoenlaweb.com.ar\\\/sitio\\\/wp-content\\\/uploads\\\/2026\\\/01\\\/720-78.jpeg\",\"datePublished\":\"2026-01-09T13:59:46+00:00\",\"breadcrumb\":{\"@id\":\"https:\\\/\\\/cuartetoenlaweb.com.ar\\\/sitio\\\/tres-estadounidenses-y-el-ruso-medvedev-buscaran-un-lugar-en-la-final-del-atp-de-brisbane\\\/#breadcrumb\"},\"inLanguage\":\"es\",\"potentialAction\":[{\"@type\":\"ReadAction\",\"target\":[\"https:\\\/\\\/cuartetoenlaweb.com.ar\\\/sitio\\\/tres-estadounidenses-y-el-ruso-medvedev-buscaran-un-lugar-en-la-final-del-atp-de-brisbane\\\/\"]}]},{\"@type\":\"ImageObject\",\"inLanguage\":\"es\",\"@id\":\"https:\\\/\\\/cuartetoenlaweb.com.ar\\\/sitio\\\/tres-estadounidenses-y-el-ruso-medvedev-buscaran-un-lugar-en-la-final-del-atp-de-brisbane\\\/#primaryimage\",\"url\":\"https:\\\/\\\/cuartetoenlaweb.com.ar\\\/sitio\\\/wp-content\\\/uploads\\\/2026\\\/01\\\/720-78.jpeg\",\"contentUrl\":\"https:\\\/\\\/cuartetoenlaweb.com.ar\\\/sitio\\\/wp-content\\\/uploads\\\/2026\\\/01\\\/720-78.jpeg\",\"width\":1280,\"height\":720},{\"@type\":\"BreadcrumbList\",\"@id\":\"https:\\\/\\\/cuartetoenlaweb.com.ar\\\/sitio\\\/tres-estadounidenses-y-el-ruso-medvedev-buscaran-un-lugar-en-la-final-del-atp-de-brisbane\\\/#breadcrumb\",\"itemListElement\":[{\"@type\":\"ListItem\",\"position\":1,\"name\":\"Portada\",\"item\":\"http:\\\/\\\/cuartetoenlaweb.com.ar\\\/sitio\\\/\"},{\"@type\":\"ListItem\",\"position\":2,\"name\":\"Tres estadounidenses y el ruso Medvedev buscar\u00e1n un lugar en la final del ATP de Brisbane\"}]},{\"@type\":\"WebSite\",\"@id\":\"http:\\\/\\\/cuartetoenlaweb.com.ar\\\/sitio\\\/#website\",\"url\":\"http:\\\/\\\/cuartetoenlaweb.com.ar\\\/sitio\\\/\",\"name\":\"Cuarteto en la Web\",\"description\":\"\",\"publisher\":{\"@id\":\"http:\\\/\\\/cuartetoenlaweb.com.ar\\\/sitio\\\/#organization\"},\"potentialAction\":[{\"@type\":\"SearchAction\",\"target\":{\"@type\":\"EntryPoint\",\"urlTemplate\":\"http:\\\/\\\/cuartetoenlaweb.com.ar\\\/sitio\\\/?s={search_term_string}\"},\"query-input\":{\"@type\":\"PropertyValueSpecification\",\"valueRequired\":true,\"valueName\":\"search_term_string\"}}],\"inLanguage\":\"es\"},{\"@type\":\"Organization\",\"@id\":\"http:\\\/\\\/cuartetoenlaweb.com.ar\\\/sitio\\\/#organization\",\"name\":\"Cuarteto en la Web\",\"url\":\"http:\\\/\\\/cuartetoenlaweb.com.ar\\\/sitio\\\/\",\"logo\":{\"@type\":\"ImageObject\",\"inLanguage\":\"es\",\"@id\":\"http:\\\/\\\/cuartetoenlaweb.com.ar\\\/sitio\\\/#\\\/schema\\\/logo\\\/image\\\/\",\"url\":\"https:\\\/\\\/cuartetoenlaweb.com.ar\\\/sitio\\\/wp-content\\\/uploads\\\/2025\\\/07\\\/cropped-cropped-logitoweb21.png\",\"contentUrl\":\"https:\\\/\\\/cuartetoenlaweb.com.ar\\\/sitio\\\/wp-content\\\/uploads\\\/2025\\\/07\\\/cropped-cropped-logitoweb21.png\",\"width\":199,\"height\":199,\"caption\":\"Cuarteto en la Web\"},\"image\":{\"@id\":\"http:\\\/\\\/cuartetoenlaweb.com.ar\\\/sitio\\\/#\\\/schema\\\/logo\\\/image\\\/\"}}]}<\/script>\n<!-- \/ Yoast SEO plugin. -->","yoast_head_json":{"title":"Tres estadounidenses y el ruso Medvedev buscar\u00e1n un lugar en la final del ATP de Brisbane - Cuarteto en la Web","robots":{"index":"index","follow":"follow","max-snippet":"max-snippet:-1","max-image-preview":"max-image-preview:large","max-video-preview":"max-video-preview:-1"},"canonical":"https:\/\/cuartetoenlaweb.com.ar\/sitio\/tres-estadounidenses-y-el-ruso-medvedev-buscaran-un-lugar-en-la-final-del-atp-de-brisbane\/","og_locale":"es_ES","og_type":"article","og_title":"Tres estadounidenses y el ruso Medvedev buscar\u00e1n un lugar en la final del ATP de Brisbane - Cuarteto en la Web","og_description":"Buenos Aires, 9 enero (NA) \u2013 El ruso n\u00famero 13","og_url":"https:\/\/cuartetoenlaweb.com.ar\/sitio\/tres-estadounidenses-y-el-ruso-medvedev-buscaran-un-lugar-en-la-final-del-atp-de-brisbane\/","og_site_name":"Cuarteto en la Web","article_published_time":"2026-01-09T13:59:46+00:00","og_image":[{"width":1280,"height":720,"url":"https:\/\/cuartetoenlaweb.com.ar\/sitio\/wp-content\/uploads\/2026\/01\/720-78.jpeg","type":"image\/jpeg"}],"twitter_card":"summary_large_image","twitter_misc":{"Tiempo de lectura":"2 minutos"},"schema":{"@context":"https:\/\/schema.org","@graph":[{"@type":"Article","@id":"https:\/\/cuartetoenlaweb.com.ar\/sitio\/tres-estadounidenses-y-el-ruso-medvedev-buscaran-un-lugar-en-la-final-del-atp-de-brisbane\/#article","isPartOf":{"@id":"https:\/\/cuartetoenlaweb.com.ar\/sitio\/tres-estadounidenses-y-el-ruso-medvedev-buscaran-un-lugar-en-la-final-del-atp-de-brisbane\/"},"author":{"name":"","@id":""},"headline":"Tres estadounidenses y el ruso Medvedev buscar\u00e1n un lugar en la final del ATP de Brisbane","datePublished":"2026-01-09T13:59:46+00:00","mainEntityOfPage":{"@id":"https:\/\/cuartetoenlaweb.com.ar\/sitio\/tres-estadounidenses-y-el-ruso-medvedev-buscaran-un-lugar-en-la-final-del-atp-de-brisbane\/"},"wordCount":331,"publisher":{"@id":"http:\/\/cuartetoenlaweb.com.ar\/sitio\/#organization"},"image":{"@id":"https:\/\/cuartetoenlaweb.com.ar\/sitio\/tres-estadounidenses-y-el-ruso-medvedev-buscaran-un-lugar-en-la-final-del-atp-de-brisbane\/#primaryimage"},"thumbnailUrl":"https:\/\/cuartetoenlaweb.com.ar\/sitio\/wp-content\/uploads\/2026\/01\/720-78.jpeg","articleSection":["PAIS"],"inLanguage":"es"},{"@type":"WebPage","@id":"https:\/\/cuartetoenlaweb.com.ar\/sitio\/tres-estadounidenses-y-el-ruso-medvedev-buscaran-un-lugar-en-la-final-del-atp-de-brisbane\/","url":"https:\/\/cuartetoenlaweb.com.ar\/sitio\/tres-estadounidenses-y-el-ruso-medvedev-buscaran-un-lugar-en-la-final-del-atp-de-brisbane\/","name":"Tres estadounidenses y el ruso Medvedev buscar\u00e1n un lugar en la final del ATP de Brisbane - Cuarteto en la Web","isPartOf":{"@id":"http:\/\/cuartetoenlaweb.com.ar\/sitio\/#website"},"primaryImageOfPage":{"@id":"https:\/\/cuartetoenlaweb.com.ar\/sitio\/tres-estadounidenses-y-el-ruso-medvedev-buscaran-un-lugar-en-la-final-del-atp-de-brisbane\/#primaryimage"},"image":{"@id":"https:\/\/cuartetoenlaweb.com.ar\/sitio\/tres-estadounidenses-y-el-ruso-medvedev-buscaran-un-lugar-en-la-final-del-atp-de-brisbane\/#primaryimage"},"thumbnailUrl":"https:\/\/cuartetoenlaweb.com.ar\/sitio\/wp-content\/uploads\/2026\/01\/720-78.jpeg","datePublished":"2026-01-09T13:59:46+00:00","breadcrumb":{"@id":"https:\/\/cuartetoenlaweb.com.ar\/sitio\/tres-estadounidenses-y-el-ruso-medvedev-buscaran-un-lugar-en-la-final-del-atp-de-brisbane\/#breadcrumb"},"inLanguage":"es","potentialAction":[{"@type":"ReadAction","target":["https:\/\/cuartetoenlaweb.com.ar\/sitio\/tres-estadounidenses-y-el-ruso-medvedev-buscaran-un-lugar-en-la-final-del-atp-de-brisbane\/"]}]},{"@type":"ImageObject","inLanguage":"es","@id":"https:\/\/cuartetoenlaweb.com.ar\/sitio\/tres-estadounidenses-y-el-ruso-medvedev-buscaran-un-lugar-en-la-final-del-atp-de-brisbane\/#primaryimage","url":"https:\/\/cuartetoenlaweb.com.ar\/sitio\/wp-content\/uploads\/2026\/01\/720-78.jpeg","contentUrl":"https:\/\/cuartetoenlaweb.com.ar\/sitio\/wp-content\/uploads\/2026\/01\/720-78.jpeg","width":1280,"height":720},{"@type":"BreadcrumbList","@id":"https:\/\/cuartetoenlaweb.com.ar\/sitio\/tres-estadounidenses-y-el-ruso-medvedev-buscaran-un-lugar-en-la-final-del-atp-de-brisbane\/#breadcrumb","itemListElement":[{"@type":"ListItem","position":1,"name":"Portada","item":"http:\/\/cuartetoenlaweb.com.ar\/sitio\/"},{"@type":"ListItem","position":2,"name":"Tres estadounidenses y el ruso Medvedev buscar\u00e1n un lugar en la final del ATP de Brisbane"}]},{"@type":"WebSite","@id":"http:\/\/cuartetoenlaweb.com.ar\/sitio\/#website","url":"http:\/\/cuartetoenlaweb.com.ar\/sitio\/","name":"Cuarteto en la Web","description":"","publisher":{"@id":"http:\/\/cuartetoenlaweb.com.ar\/sitio\/#organization"},"potentialAction":[{"@type":"SearchAction","target":{"@type":"EntryPoint","urlTemplate":"http:\/\/cuartetoenlaweb.com.ar\/sitio\/?s={search_term_string}"},"query-input":{"@type":"PropertyValueSpecification","valueRequired":true,"valueName":"search_term_string"}}],"inLanguage":"es"},{"@type":"Organization","@id":"http:\/\/cuartetoenlaweb.com.ar\/sitio\/#organization","name":"Cuarteto en la Web","url":"http:\/\/cuartetoenlaweb.com.ar\/sitio\/","logo":{"@type":"ImageObject","inLanguage":"es","@id":"http:\/\/cuartetoenlaweb.com.ar\/sitio\/#\/schema\/logo\/image\/","url":"https:\/\/cuartetoenlaweb.com.ar\/sitio\/wp-content\/uploads\/2025\/07\/cropped-cropped-logitoweb21.png","contentUrl":"https:\/\/cuartetoenlaweb.com.ar\/sitio\/wp-content\/uploads\/2025\/07\/cropped-cropped-logitoweb21.png","width":199,"height":199,"caption":"Cuarteto en la Web"},"image":{"@id":"http:\/\/cuartetoenlaweb.com.ar\/sitio\/#\/schema\/logo\/image\/"}}]}},"_links":{"self":[{"href":"https:\/\/cuartetoenlaweb.com.ar\/sitio\/wp-json\/wp\/v2\/posts\/10175","targetHints":{"allow":["GET"]}}],"collection":[{"href":"https:\/\/cuartetoenlaweb.com.ar\/sitio\/wp-json\/wp\/v2\/posts"}],"about":[{"href":"https:\/\/cuartetoenlaweb.com.ar\/sitio\/wp-json\/wp\/v2\/types\/post"}],"replies":[{"embeddable":true,"href":"https:\/\/cuartetoenlaweb.com.ar\/sitio\/wp-json\/wp\/v2\/comments?post=10175"}],"version-history":[{"count":0,"href":"https:\/\/cuartetoenlaweb.com.ar\/sitio\/wp-json\/wp\/v2\/posts\/10175\/revisions"}],"wp:featuredmedia":[{"embeddable":true,"href":"https:\/\/cuartetoenlaweb.com.ar\/sitio\/wp-json\/wp\/v2\/media\/10176"}],"wp:attachment":[{"href":"https:\/\/cuartetoenlaweb.com.ar\/sitio\/wp-json\/wp\/v2\/media?parent=10175"}],"wp:term":[{"taxonomy":"category","embeddable":true,"href":"https:\/\/cuartetoenlaweb.com.ar\/sitio\/wp-json\/wp\/v2\/categories?post=10175"},{"taxonomy":"post_tag","embeddable":true,"href":"https:\/\/cuartetoenlaweb.com.ar\/sitio\/wp-json\/wp\/v2\/tags?post=10175"}],"curies":[{"name":"wp","href":"https:\/\/api.w.org\/{rel}","templated":true}]}}