
{"id":10173,"date":"2026-01-09T10:59:44","date_gmt":"2026-01-09T13:59:44","guid":{"rendered":"https:\/\/cuartetoenlaweb.com.ar\/sitio\/el-problema-de-dario-barassi-en-jose-ignacio\/"},"modified":"2026-01-09T10:59:44","modified_gmt":"2026-01-09T13:59:44","slug":"el-problema-de-dario-barassi-en-jose-ignacio","status":"publish","type":"post","link":"https:\/\/cuartetoenlaweb.com.ar\/sitio\/el-problema-de-dario-barassi-en-jose-ignacio\/","title":{"rendered":"El problema de Dar\u00edo Barassi en Jos\u00e9 Ignacio"},"content":{"rendered":"<p>Buenos Aires, 9 enero (NA) \u2013 El actor Dar\u00edo Barassi se encuentra de vacaciones en Punta del Este, m\u00e1s espec\u00edficamente en la zona de Jos\u00e9 Ignacio, un lugar muy exclusivo que suelen elegir los ricos y famosos.<\/p>\n<p>Seg\u00fan pudo comprobar la Agencia Noticias Argentinas, el conductor public\u00f3 un divertido video en sus redes sociales para contar lo que le ocurre en la citada ciudad este\u00f1a. \u00abEste es un video con humor, t\u00f3menlo as\u00ed, no lo sobre analicen, ri\u00e1monos un poco\u00bb, comenz\u00f3 Barassi. <\/p>\n<p>\u00abFaltan gordos y peludos en Jos\u00e9 Ignacio. Yo soy un combo de los dos. No llegu\u00e9 a hacerme la magia ah\u00ed atr\u00e1s en la espalda, as\u00ed que tengo un su\u00e9ter. Y la gordura&#8230; No hay uno, no hay uno, miro para all\u00e1, no hay uno. Todos tallados, todos peladitos, as\u00ed depilados, bronceados, dorados, abdominales marcados, las espaldas gigantes&#8230; \u00a1Qu\u00e9 hijos de puta!\u00bb, coment\u00f3 el conductor.<\/p>\n<p>Entonces hizo un pedido para ver si hab\u00eda alguien similar a \u00e9l en la zona: \u00abY aparte, lo que se come ac\u00e1, lo que se come ac\u00e1. No entiendo d\u00f3nde est\u00e1n. Te juro, voy a llamar a un grupo para que me ayuden. Si sos un gordo y est\u00e1s en Jos\u00e9 Ignacio, escrib\u00edme ac\u00e1, coment\u00e1me en este video. Junt\u00e9monos, dos, tres, cuatro, cinco, los que est\u00e9n. Vamos juntos de la mano por la playa, \u00bfs\u00ed? Nos acompa\u00f1amos en esta soledad\u00bb.<\/p>\n<p>\u00abNo es que lo necesite, \u00bfeh? Yo llego a la playa, me tiro la camisa, mis tetas&#8230; Las estr\u00edas&#8230; Todo el mundo piensa que hay un tigre suelto en Jos\u00e9 Ignacio y le ara\u00f1aron la panza al gordo este. Me llama la atenci\u00f3n la soledad de mi cuerpo. Nadie, todos perfectos para todos lados\u00bb, continu\u00f3.<\/p>\n<p>Por \u00faltimo, el actor propuso hacer la \u00abgordo party\u00bb: \u00abBueno, dos negocios. Uno, importar gordos a Jos\u00e9 Ignacio y tambi\u00e9n el otro negocio es como un grupo de autosayuda. Si sos gordo y est\u00e1s en Jos\u00e9 Ignacio, dej\u00e1me ac\u00e1 tu arroba, te contacto y alg\u00fan d\u00eda metemos un \u2018gordo party\u2019, hacemos un sunset de gordos, \u00bfeh? \u00bfC\u00f3mo la ves? Gordos peludos, los espero. Av\u00edsenme d\u00f3nde andan\u00bb. #AgenciaNA<\/p>\n","protected":false},"excerpt":{"rendered":"<p>Buenos Aires, 9 enero (NA) \u2013 El actor Dar\u00edo Barassi<\/p>\n","protected":false},"author":0,"featured_media":10174,"comment_status":"","ping_status":"","sticky":false,"template":"","format":"standard","meta":{"footnotes":""},"categories":[65],"tags":[],"class_list":["post-10173","post","type-post","status-publish","format-standard","has-post-thumbnail","hentry","category-pais"],"yoast_head":"<!-- This site is optimized with the Yoast SEO plugin v27.5 - https:\/\/yoast.com\/product\/yoast-seo-wordpress\/ -->\n<title>El problema de Dar\u00edo Barassi en Jos\u00e9 Ignacio - Cuarteto en la Web<\/title>\n<meta name=\"robots\" content=\"index, follow, max-snippet:-1, max-image-preview:large, max-video-preview:-1\" \/>\n<link rel=\"canonical\" href=\"https:\/\/cuartetoenlaweb.com.ar\/sitio\/el-problema-de-dario-barassi-en-jose-ignacio\/\" \/>\n<meta property=\"og:locale\" content=\"es_ES\" \/>\n<meta property=\"og:type\" content=\"article\" \/>\n<meta property=\"og:title\" content=\"El problema de Dar\u00edo Barassi en Jos\u00e9 Ignacio - Cuarteto en la Web\" \/>\n<meta property=\"og:description\" content=\"Buenos Aires, 9 enero (NA) \u2013 El actor Dar\u00edo Barassi\" \/>\n<meta property=\"og:url\" content=\"https:\/\/cuartetoenlaweb.com.ar\/sitio\/el-problema-de-dario-barassi-en-jose-ignacio\/\" \/>\n<meta property=\"og:site_name\" content=\"Cuarteto en la Web\" \/>\n<meta property=\"article:published_time\" content=\"2026-01-09T13:59:44+00:00\" \/>\n<meta property=\"og:image\" content=\"https:\/\/cuartetoenlaweb.com.ar\/sitio\/wp-content\/uploads\/2026\/01\/720-77.jpeg\" \/>\n\t<meta property=\"og:image:width\" content=\"1083\" \/>\n\t<meta property=\"og:image:height\" content=\"720\" \/>\n\t<meta property=\"og:image:type\" content=\"image\/jpeg\" \/>\n<meta name=\"twitter:card\" content=\"summary_large_image\" \/>\n<meta name=\"twitter:label1\" content=\"Tiempo de lectura\" \/>\n\t<meta name=\"twitter:data1\" content=\"2 minutos\" \/>\n<script type=\"application\/ld+json\" class=\"yoast-schema-graph\">{\"@context\":\"https:\\\/\\\/schema.org\",\"@graph\":[{\"@type\":\"Article\",\"@id\":\"https:\\\/\\\/cuartetoenlaweb.com.ar\\\/sitio\\\/el-problema-de-dario-barassi-en-jose-ignacio\\\/#article\",\"isPartOf\":{\"@id\":\"https:\\\/\\\/cuartetoenlaweb.com.ar\\\/sitio\\\/el-problema-de-dario-barassi-en-jose-ignacio\\\/\"},\"author\":{\"name\":\"\",\"@id\":\"\"},\"headline\":\"El problema de Dar\u00edo Barassi en Jos\u00e9 Ignacio\",\"datePublished\":\"2026-01-09T13:59:44+00:00\",\"mainEntityOfPage\":{\"@id\":\"https:\\\/\\\/cuartetoenlaweb.com.ar\\\/sitio\\\/el-problema-de-dario-barassi-en-jose-ignacio\\\/\"},\"wordCount\":385,\"publisher\":{\"@id\":\"http:\\\/\\\/cuartetoenlaweb.com.ar\\\/sitio\\\/#organization\"},\"image\":{\"@id\":\"https:\\\/\\\/cuartetoenlaweb.com.ar\\\/sitio\\\/el-problema-de-dario-barassi-en-jose-ignacio\\\/#primaryimage\"},\"thumbnailUrl\":\"https:\\\/\\\/cuartetoenlaweb.com.ar\\\/sitio\\\/wp-content\\\/uploads\\\/2026\\\/01\\\/720-77.jpeg\",\"articleSection\":[\"PAIS\"],\"inLanguage\":\"es\"},{\"@type\":\"WebPage\",\"@id\":\"https:\\\/\\\/cuartetoenlaweb.com.ar\\\/sitio\\\/el-problema-de-dario-barassi-en-jose-ignacio\\\/\",\"url\":\"https:\\\/\\\/cuartetoenlaweb.com.ar\\\/sitio\\\/el-problema-de-dario-barassi-en-jose-ignacio\\\/\",\"name\":\"El problema de Dar\u00edo Barassi en Jos\u00e9 Ignacio - Cuarteto en la Web\",\"isPartOf\":{\"@id\":\"http:\\\/\\\/cuartetoenlaweb.com.ar\\\/sitio\\\/#website\"},\"primaryImageOfPage\":{\"@id\":\"https:\\\/\\\/cuartetoenlaweb.com.ar\\\/sitio\\\/el-problema-de-dario-barassi-en-jose-ignacio\\\/#primaryimage\"},\"image\":{\"@id\":\"https:\\\/\\\/cuartetoenlaweb.com.ar\\\/sitio\\\/el-problema-de-dario-barassi-en-jose-ignacio\\\/#primaryimage\"},\"thumbnailUrl\":\"https:\\\/\\\/cuartetoenlaweb.com.ar\\\/sitio\\\/wp-content\\\/uploads\\\/2026\\\/01\\\/720-77.jpeg\",\"datePublished\":\"2026-01-09T13:59:44+00:00\",\"breadcrumb\":{\"@id\":\"https:\\\/\\\/cuartetoenlaweb.com.ar\\\/sitio\\\/el-problema-de-dario-barassi-en-jose-ignacio\\\/#breadcrumb\"},\"inLanguage\":\"es\",\"potentialAction\":[{\"@type\":\"ReadAction\",\"target\":[\"https:\\\/\\\/cuartetoenlaweb.com.ar\\\/sitio\\\/el-problema-de-dario-barassi-en-jose-ignacio\\\/\"]}]},{\"@type\":\"ImageObject\",\"inLanguage\":\"es\",\"@id\":\"https:\\\/\\\/cuartetoenlaweb.com.ar\\\/sitio\\\/el-problema-de-dario-barassi-en-jose-ignacio\\\/#primaryimage\",\"url\":\"https:\\\/\\\/cuartetoenlaweb.com.ar\\\/sitio\\\/wp-content\\\/uploads\\\/2026\\\/01\\\/720-77.jpeg\",\"contentUrl\":\"https:\\\/\\\/cuartetoenlaweb.com.ar\\\/sitio\\\/wp-content\\\/uploads\\\/2026\\\/01\\\/720-77.jpeg\",\"width\":1083,\"height\":720},{\"@type\":\"BreadcrumbList\",\"@id\":\"https:\\\/\\\/cuartetoenlaweb.com.ar\\\/sitio\\\/el-problema-de-dario-barassi-en-jose-ignacio\\\/#breadcrumb\",\"itemListElement\":[{\"@type\":\"ListItem\",\"position\":1,\"name\":\"Portada\",\"item\":\"http:\\\/\\\/cuartetoenlaweb.com.ar\\\/sitio\\\/\"},{\"@type\":\"ListItem\",\"position\":2,\"name\":\"El problema de Dar\u00edo Barassi en Jos\u00e9 Ignacio\"}]},{\"@type\":\"WebSite\",\"@id\":\"http:\\\/\\\/cuartetoenlaweb.com.ar\\\/sitio\\\/#website\",\"url\":\"http:\\\/\\\/cuartetoenlaweb.com.ar\\\/sitio\\\/\",\"name\":\"Cuarteto en la Web\",\"description\":\"\",\"publisher\":{\"@id\":\"http:\\\/\\\/cuartetoenlaweb.com.ar\\\/sitio\\\/#organization\"},\"potentialAction\":[{\"@type\":\"SearchAction\",\"target\":{\"@type\":\"EntryPoint\",\"urlTemplate\":\"http:\\\/\\\/cuartetoenlaweb.com.ar\\\/sitio\\\/?s={search_term_string}\"},\"query-input\":{\"@type\":\"PropertyValueSpecification\",\"valueRequired\":true,\"valueName\":\"search_term_string\"}}],\"inLanguage\":\"es\"},{\"@type\":\"Organization\",\"@id\":\"http:\\\/\\\/cuartetoenlaweb.com.ar\\\/sitio\\\/#organization\",\"name\":\"Cuarteto en la Web\",\"url\":\"http:\\\/\\\/cuartetoenlaweb.com.ar\\\/sitio\\\/\",\"logo\":{\"@type\":\"ImageObject\",\"inLanguage\":\"es\",\"@id\":\"http:\\\/\\\/cuartetoenlaweb.com.ar\\\/sitio\\\/#\\\/schema\\\/logo\\\/image\\\/\",\"url\":\"https:\\\/\\\/cuartetoenlaweb.com.ar\\\/sitio\\\/wp-content\\\/uploads\\\/2025\\\/07\\\/cropped-cropped-logitoweb21.png\",\"contentUrl\":\"https:\\\/\\\/cuartetoenlaweb.com.ar\\\/sitio\\\/wp-content\\\/uploads\\\/2025\\\/07\\\/cropped-cropped-logitoweb21.png\",\"width\":199,\"height\":199,\"caption\":\"Cuarteto en la Web\"},\"image\":{\"@id\":\"http:\\\/\\\/cuartetoenlaweb.com.ar\\\/sitio\\\/#\\\/schema\\\/logo\\\/image\\\/\"}}]}<\/script>\n<!-- \/ Yoast SEO plugin. -->","yoast_head_json":{"title":"El problema de Dar\u00edo Barassi en Jos\u00e9 Ignacio - Cuarteto en la Web","robots":{"index":"index","follow":"follow","max-snippet":"max-snippet:-1","max-image-preview":"max-image-preview:large","max-video-preview":"max-video-preview:-1"},"canonical":"https:\/\/cuartetoenlaweb.com.ar\/sitio\/el-problema-de-dario-barassi-en-jose-ignacio\/","og_locale":"es_ES","og_type":"article","og_title":"El problema de Dar\u00edo Barassi en Jos\u00e9 Ignacio - Cuarteto en la Web","og_description":"Buenos Aires, 9 enero (NA) \u2013 El actor Dar\u00edo Barassi","og_url":"https:\/\/cuartetoenlaweb.com.ar\/sitio\/el-problema-de-dario-barassi-en-jose-ignacio\/","og_site_name":"Cuarteto en la Web","article_published_time":"2026-01-09T13:59:44+00:00","og_image":[{"width":1083,"height":720,"url":"https:\/\/cuartetoenlaweb.com.ar\/sitio\/wp-content\/uploads\/2026\/01\/720-77.jpeg","type":"image\/jpeg"}],"twitter_card":"summary_large_image","twitter_misc":{"Tiempo de lectura":"2 minutos"},"schema":{"@context":"https:\/\/schema.org","@graph":[{"@type":"Article","@id":"https:\/\/cuartetoenlaweb.com.ar\/sitio\/el-problema-de-dario-barassi-en-jose-ignacio\/#article","isPartOf":{"@id":"https:\/\/cuartetoenlaweb.com.ar\/sitio\/el-problema-de-dario-barassi-en-jose-ignacio\/"},"author":{"name":"","@id":""},"headline":"El problema de Dar\u00edo Barassi en Jos\u00e9 Ignacio","datePublished":"2026-01-09T13:59:44+00:00","mainEntityOfPage":{"@id":"https:\/\/cuartetoenlaweb.com.ar\/sitio\/el-problema-de-dario-barassi-en-jose-ignacio\/"},"wordCount":385,"publisher":{"@id":"http:\/\/cuartetoenlaweb.com.ar\/sitio\/#organization"},"image":{"@id":"https:\/\/cuartetoenlaweb.com.ar\/sitio\/el-problema-de-dario-barassi-en-jose-ignacio\/#primaryimage"},"thumbnailUrl":"https:\/\/cuartetoenlaweb.com.ar\/sitio\/wp-content\/uploads\/2026\/01\/720-77.jpeg","articleSection":["PAIS"],"inLanguage":"es"},{"@type":"WebPage","@id":"https:\/\/cuartetoenlaweb.com.ar\/sitio\/el-problema-de-dario-barassi-en-jose-ignacio\/","url":"https:\/\/cuartetoenlaweb.com.ar\/sitio\/el-problema-de-dario-barassi-en-jose-ignacio\/","name":"El problema de Dar\u00edo Barassi en Jos\u00e9 Ignacio - Cuarteto en la Web","isPartOf":{"@id":"http:\/\/cuartetoenlaweb.com.ar\/sitio\/#website"},"primaryImageOfPage":{"@id":"https:\/\/cuartetoenlaweb.com.ar\/sitio\/el-problema-de-dario-barassi-en-jose-ignacio\/#primaryimage"},"image":{"@id":"https:\/\/cuartetoenlaweb.com.ar\/sitio\/el-problema-de-dario-barassi-en-jose-ignacio\/#primaryimage"},"thumbnailUrl":"https:\/\/cuartetoenlaweb.com.ar\/sitio\/wp-content\/uploads\/2026\/01\/720-77.jpeg","datePublished":"2026-01-09T13:59:44+00:00","breadcrumb":{"@id":"https:\/\/cuartetoenlaweb.com.ar\/sitio\/el-problema-de-dario-barassi-en-jose-ignacio\/#breadcrumb"},"inLanguage":"es","potentialAction":[{"@type":"ReadAction","target":["https:\/\/cuartetoenlaweb.com.ar\/sitio\/el-problema-de-dario-barassi-en-jose-ignacio\/"]}]},{"@type":"ImageObject","inLanguage":"es","@id":"https:\/\/cuartetoenlaweb.com.ar\/sitio\/el-problema-de-dario-barassi-en-jose-ignacio\/#primaryimage","url":"https:\/\/cuartetoenlaweb.com.ar\/sitio\/wp-content\/uploads\/2026\/01\/720-77.jpeg","contentUrl":"https:\/\/cuartetoenlaweb.com.ar\/sitio\/wp-content\/uploads\/2026\/01\/720-77.jpeg","width":1083,"height":720},{"@type":"BreadcrumbList","@id":"https:\/\/cuartetoenlaweb.com.ar\/sitio\/el-problema-de-dario-barassi-en-jose-ignacio\/#breadcrumb","itemListElement":[{"@type":"ListItem","position":1,"name":"Portada","item":"http:\/\/cuartetoenlaweb.com.ar\/sitio\/"},{"@type":"ListItem","position":2,"name":"El problema de Dar\u00edo Barassi en Jos\u00e9 Ignacio"}]},{"@type":"WebSite","@id":"http:\/\/cuartetoenlaweb.com.ar\/sitio\/#website","url":"http:\/\/cuartetoenlaweb.com.ar\/sitio\/","name":"Cuarteto en la Web","description":"","publisher":{"@id":"http:\/\/cuartetoenlaweb.com.ar\/sitio\/#organization"},"potentialAction":[{"@type":"SearchAction","target":{"@type":"EntryPoint","urlTemplate":"http:\/\/cuartetoenlaweb.com.ar\/sitio\/?s={search_term_string}"},"query-input":{"@type":"PropertyValueSpecification","valueRequired":true,"valueName":"search_term_string"}}],"inLanguage":"es"},{"@type":"Organization","@id":"http:\/\/cuartetoenlaweb.com.ar\/sitio\/#organization","name":"Cuarteto en la Web","url":"http:\/\/cuartetoenlaweb.com.ar\/sitio\/","logo":{"@type":"ImageObject","inLanguage":"es","@id":"http:\/\/cuartetoenlaweb.com.ar\/sitio\/#\/schema\/logo\/image\/","url":"https:\/\/cuartetoenlaweb.com.ar\/sitio\/wp-content\/uploads\/2025\/07\/cropped-cropped-logitoweb21.png","contentUrl":"https:\/\/cuartetoenlaweb.com.ar\/sitio\/wp-content\/uploads\/2025\/07\/cropped-cropped-logitoweb21.png","width":199,"height":199,"caption":"Cuarteto en la Web"},"image":{"@id":"http:\/\/cuartetoenlaweb.com.ar\/sitio\/#\/schema\/logo\/image\/"}}]}},"_links":{"self":[{"href":"https:\/\/cuartetoenlaweb.com.ar\/sitio\/wp-json\/wp\/v2\/posts\/10173","targetHints":{"allow":["GET"]}}],"collection":[{"href":"https:\/\/cuartetoenlaweb.com.ar\/sitio\/wp-json\/wp\/v2\/posts"}],"about":[{"href":"https:\/\/cuartetoenlaweb.com.ar\/sitio\/wp-json\/wp\/v2\/types\/post"}],"replies":[{"embeddable":true,"href":"https:\/\/cuartetoenlaweb.com.ar\/sitio\/wp-json\/wp\/v2\/comments?post=10173"}],"version-history":[{"count":0,"href":"https:\/\/cuartetoenlaweb.com.ar\/sitio\/wp-json\/wp\/v2\/posts\/10173\/revisions"}],"wp:featuredmedia":[{"embeddable":true,"href":"https:\/\/cuartetoenlaweb.com.ar\/sitio\/wp-json\/wp\/v2\/media\/10174"}],"wp:attachment":[{"href":"https:\/\/cuartetoenlaweb.com.ar\/sitio\/wp-json\/wp\/v2\/media?parent=10173"}],"wp:term":[{"taxonomy":"category","embeddable":true,"href":"https:\/\/cuartetoenlaweb.com.ar\/sitio\/wp-json\/wp\/v2\/categories?post=10173"},{"taxonomy":"post_tag","embeddable":true,"href":"https:\/\/cuartetoenlaweb.com.ar\/sitio\/wp-json\/wp\/v2\/tags?post=10173"}],"curies":[{"name":"wp","href":"https:\/\/api.w.org\/{rel}","templated":true}]}}