
{"id":10169,"date":"2026-01-09T10:59:40","date_gmt":"2026-01-09T13:59:40","guid":{"rendered":"https:\/\/cuartetoenlaweb.com.ar\/sitio\/martin-migueles-enfrenta-una-demanda-en-uruguay\/"},"modified":"2026-01-09T10:59:40","modified_gmt":"2026-01-09T13:59:40","slug":"martin-migueles-enfrenta-una-demanda-en-uruguay","status":"publish","type":"post","link":"https:\/\/cuartetoenlaweb.com.ar\/sitio\/martin-migueles-enfrenta-una-demanda-en-uruguay\/","title":{"rendered":"Mart\u00edn Migueles enfrenta una demanda en Uruguay"},"content":{"rendered":"<p>Buenos Aires, 9 enero (NA) \u2013 Mart\u00edn Migueles, ex pareja de Wanda Nara, podr\u00eda enfrentar una posible demanda de parte del periodista uruguayo Gustavo Descalzi, por el tenso momento que protagonizaron el pasado 4 de enero en Punta del Este. <\/p>\n<p>Seg\u00fan pudo constatar la Agencia Noticias Argentinas, el cronista de Infama intent\u00f3 acercarse al empresario para obtener una declaraci\u00f3n. Sin embargo, deriv\u00f3 en un fuerte cruce que qued\u00f3 registrado en la c\u00e1mara del periodista.<\/p>\n<p>En tanto, el periodista Juan Etchegoyen cont\u00f3 en Mitre Live que Delcanzi estar\u00eda planeando llevar a la Justicia al empresario tras su violento cruce y la demanda se radicar\u00eda en Uruguay, lugar donde ocurrieron los hechos. <\/p>\n<p>\u201cEl t\u00edtulo a esta hora es que el ex novio de Wanda recibir\u00e1 una denuncia en el exterior y es todo grav\u00edsimo\u201d, inform\u00f3 Etchegoyen.<\/p>\n<p>El relato del uruguayo no termina ah\u00ed, ya que tambi\u00e9n denuncia haber sufrido amenazas posteriores al encuentro con Migueles: \u201c\u00bfPor qu\u00e9 es grave esto? Porque, m\u00e1s all\u00e1 de lo que se vio, pasaron otras cosas. Me dicen que habr\u00eda sufrido amenazas despu\u00e9s de lo que pas\u00f3\u201d.<\/p>\n<p>\u201cHay un mensaje que dice: \u2018la pr\u00f3xima vez pens\u00e1 bien con qui\u00e9n te met\u00e9s porque la vas a pasar peor\u2019\u201d, ley\u00f3 el periodista. <\/p>\n<p>Si bien Descalzi coment\u00f3 que el mensaje no se le puede atribuir a Migueles, mencion\u00f3 que le llama la atenci\u00f3n la forma en la que le lleg\u00f3 el texto. #AgenciaNA<\/p>\n","protected":false},"excerpt":{"rendered":"<p>Buenos Aires, 9 enero (NA) \u2013 Mart\u00edn Migueles, ex pareja<\/p>\n","protected":false},"author":0,"featured_media":10170,"comment_status":"","ping_status":"","sticky":false,"template":"","format":"standard","meta":{"footnotes":""},"categories":[65],"tags":[],"class_list":["post-10169","post","type-post","status-publish","format-standard","has-post-thumbnail","hentry","category-pais"],"yoast_head":"<!-- This site is optimized with the Yoast SEO plugin v27.5 - https:\/\/yoast.com\/product\/yoast-seo-wordpress\/ -->\n<title>Mart\u00edn Migueles enfrenta una demanda en Uruguay - Cuarteto en la Web<\/title>\n<meta name=\"robots\" content=\"index, follow, max-snippet:-1, max-image-preview:large, max-video-preview:-1\" \/>\n<link rel=\"canonical\" href=\"https:\/\/cuartetoenlaweb.com.ar\/sitio\/martin-migueles-enfrenta-una-demanda-en-uruguay\/\" \/>\n<meta property=\"og:locale\" content=\"es_ES\" \/>\n<meta property=\"og:type\" content=\"article\" \/>\n<meta property=\"og:title\" content=\"Mart\u00edn Migueles enfrenta una demanda en Uruguay - Cuarteto en la Web\" \/>\n<meta property=\"og:description\" content=\"Buenos Aires, 9 enero (NA) \u2013 Mart\u00edn Migueles, ex pareja\" \/>\n<meta property=\"og:url\" content=\"https:\/\/cuartetoenlaweb.com.ar\/sitio\/martin-migueles-enfrenta-una-demanda-en-uruguay\/\" \/>\n<meta property=\"og:site_name\" content=\"Cuarteto en la Web\" \/>\n<meta property=\"article:published_time\" content=\"2026-01-09T13:59:40+00:00\" \/>\n<meta property=\"og:image\" content=\"https:\/\/cuartetoenlaweb.com.ar\/sitio\/wp-content\/uploads\/2026\/01\/720-75.jpeg\" \/>\n\t<meta property=\"og:image:width\" content=\"1280\" \/>\n\t<meta property=\"og:image:height\" content=\"720\" \/>\n\t<meta property=\"og:image:type\" content=\"image\/jpeg\" \/>\n<meta name=\"twitter:card\" content=\"summary_large_image\" \/>\n<meta name=\"twitter:label1\" content=\"Tiempo de lectura\" \/>\n\t<meta name=\"twitter:data1\" content=\"1 minuto\" \/>\n<script type=\"application\/ld+json\" class=\"yoast-schema-graph\">{\"@context\":\"https:\\\/\\\/schema.org\",\"@graph\":[{\"@type\":\"Article\",\"@id\":\"https:\\\/\\\/cuartetoenlaweb.com.ar\\\/sitio\\\/martin-migueles-enfrenta-una-demanda-en-uruguay\\\/#article\",\"isPartOf\":{\"@id\":\"https:\\\/\\\/cuartetoenlaweb.com.ar\\\/sitio\\\/martin-migueles-enfrenta-una-demanda-en-uruguay\\\/\"},\"author\":{\"name\":\"\",\"@id\":\"\"},\"headline\":\"Mart\u00edn Migueles enfrenta una demanda en Uruguay\",\"datePublished\":\"2026-01-09T13:59:40+00:00\",\"mainEntityOfPage\":{\"@id\":\"https:\\\/\\\/cuartetoenlaweb.com.ar\\\/sitio\\\/martin-migueles-enfrenta-una-demanda-en-uruguay\\\/\"},\"wordCount\":255,\"publisher\":{\"@id\":\"http:\\\/\\\/cuartetoenlaweb.com.ar\\\/sitio\\\/#organization\"},\"image\":{\"@id\":\"https:\\\/\\\/cuartetoenlaweb.com.ar\\\/sitio\\\/martin-migueles-enfrenta-una-demanda-en-uruguay\\\/#primaryimage\"},\"thumbnailUrl\":\"https:\\\/\\\/cuartetoenlaweb.com.ar\\\/sitio\\\/wp-content\\\/uploads\\\/2026\\\/01\\\/720-75.jpeg\",\"articleSection\":[\"PAIS\"],\"inLanguage\":\"es\"},{\"@type\":\"WebPage\",\"@id\":\"https:\\\/\\\/cuartetoenlaweb.com.ar\\\/sitio\\\/martin-migueles-enfrenta-una-demanda-en-uruguay\\\/\",\"url\":\"https:\\\/\\\/cuartetoenlaweb.com.ar\\\/sitio\\\/martin-migueles-enfrenta-una-demanda-en-uruguay\\\/\",\"name\":\"Mart\u00edn Migueles enfrenta una demanda en Uruguay - Cuarteto en la Web\",\"isPartOf\":{\"@id\":\"http:\\\/\\\/cuartetoenlaweb.com.ar\\\/sitio\\\/#website\"},\"primaryImageOfPage\":{\"@id\":\"https:\\\/\\\/cuartetoenlaweb.com.ar\\\/sitio\\\/martin-migueles-enfrenta-una-demanda-en-uruguay\\\/#primaryimage\"},\"image\":{\"@id\":\"https:\\\/\\\/cuartetoenlaweb.com.ar\\\/sitio\\\/martin-migueles-enfrenta-una-demanda-en-uruguay\\\/#primaryimage\"},\"thumbnailUrl\":\"https:\\\/\\\/cuartetoenlaweb.com.ar\\\/sitio\\\/wp-content\\\/uploads\\\/2026\\\/01\\\/720-75.jpeg\",\"datePublished\":\"2026-01-09T13:59:40+00:00\",\"breadcrumb\":{\"@id\":\"https:\\\/\\\/cuartetoenlaweb.com.ar\\\/sitio\\\/martin-migueles-enfrenta-una-demanda-en-uruguay\\\/#breadcrumb\"},\"inLanguage\":\"es\",\"potentialAction\":[{\"@type\":\"ReadAction\",\"target\":[\"https:\\\/\\\/cuartetoenlaweb.com.ar\\\/sitio\\\/martin-migueles-enfrenta-una-demanda-en-uruguay\\\/\"]}]},{\"@type\":\"ImageObject\",\"inLanguage\":\"es\",\"@id\":\"https:\\\/\\\/cuartetoenlaweb.com.ar\\\/sitio\\\/martin-migueles-enfrenta-una-demanda-en-uruguay\\\/#primaryimage\",\"url\":\"https:\\\/\\\/cuartetoenlaweb.com.ar\\\/sitio\\\/wp-content\\\/uploads\\\/2026\\\/01\\\/720-75.jpeg\",\"contentUrl\":\"https:\\\/\\\/cuartetoenlaweb.com.ar\\\/sitio\\\/wp-content\\\/uploads\\\/2026\\\/01\\\/720-75.jpeg\",\"width\":1280,\"height\":720},{\"@type\":\"BreadcrumbList\",\"@id\":\"https:\\\/\\\/cuartetoenlaweb.com.ar\\\/sitio\\\/martin-migueles-enfrenta-una-demanda-en-uruguay\\\/#breadcrumb\",\"itemListElement\":[{\"@type\":\"ListItem\",\"position\":1,\"name\":\"Portada\",\"item\":\"http:\\\/\\\/cuartetoenlaweb.com.ar\\\/sitio\\\/\"},{\"@type\":\"ListItem\",\"position\":2,\"name\":\"Mart\u00edn Migueles enfrenta una demanda en Uruguay\"}]},{\"@type\":\"WebSite\",\"@id\":\"http:\\\/\\\/cuartetoenlaweb.com.ar\\\/sitio\\\/#website\",\"url\":\"http:\\\/\\\/cuartetoenlaweb.com.ar\\\/sitio\\\/\",\"name\":\"Cuarteto en la Web\",\"description\":\"\",\"publisher\":{\"@id\":\"http:\\\/\\\/cuartetoenlaweb.com.ar\\\/sitio\\\/#organization\"},\"potentialAction\":[{\"@type\":\"SearchAction\",\"target\":{\"@type\":\"EntryPoint\",\"urlTemplate\":\"http:\\\/\\\/cuartetoenlaweb.com.ar\\\/sitio\\\/?s={search_term_string}\"},\"query-input\":{\"@type\":\"PropertyValueSpecification\",\"valueRequired\":true,\"valueName\":\"search_term_string\"}}],\"inLanguage\":\"es\"},{\"@type\":\"Organization\",\"@id\":\"http:\\\/\\\/cuartetoenlaweb.com.ar\\\/sitio\\\/#organization\",\"name\":\"Cuarteto en la Web\",\"url\":\"http:\\\/\\\/cuartetoenlaweb.com.ar\\\/sitio\\\/\",\"logo\":{\"@type\":\"ImageObject\",\"inLanguage\":\"es\",\"@id\":\"http:\\\/\\\/cuartetoenlaweb.com.ar\\\/sitio\\\/#\\\/schema\\\/logo\\\/image\\\/\",\"url\":\"https:\\\/\\\/cuartetoenlaweb.com.ar\\\/sitio\\\/wp-content\\\/uploads\\\/2025\\\/07\\\/cropped-cropped-logitoweb21.png\",\"contentUrl\":\"https:\\\/\\\/cuartetoenlaweb.com.ar\\\/sitio\\\/wp-content\\\/uploads\\\/2025\\\/07\\\/cropped-cropped-logitoweb21.png\",\"width\":199,\"height\":199,\"caption\":\"Cuarteto en la Web\"},\"image\":{\"@id\":\"http:\\\/\\\/cuartetoenlaweb.com.ar\\\/sitio\\\/#\\\/schema\\\/logo\\\/image\\\/\"}}]}<\/script>\n<!-- \/ Yoast SEO plugin. -->","yoast_head_json":{"title":"Mart\u00edn Migueles enfrenta una demanda en Uruguay - Cuarteto en la Web","robots":{"index":"index","follow":"follow","max-snippet":"max-snippet:-1","max-image-preview":"max-image-preview:large","max-video-preview":"max-video-preview:-1"},"canonical":"https:\/\/cuartetoenlaweb.com.ar\/sitio\/martin-migueles-enfrenta-una-demanda-en-uruguay\/","og_locale":"es_ES","og_type":"article","og_title":"Mart\u00edn Migueles enfrenta una demanda en Uruguay - Cuarteto en la Web","og_description":"Buenos Aires, 9 enero (NA) \u2013 Mart\u00edn Migueles, ex pareja","og_url":"https:\/\/cuartetoenlaweb.com.ar\/sitio\/martin-migueles-enfrenta-una-demanda-en-uruguay\/","og_site_name":"Cuarteto en la Web","article_published_time":"2026-01-09T13:59:40+00:00","og_image":[{"width":1280,"height":720,"url":"https:\/\/cuartetoenlaweb.com.ar\/sitio\/wp-content\/uploads\/2026\/01\/720-75.jpeg","type":"image\/jpeg"}],"twitter_card":"summary_large_image","twitter_misc":{"Tiempo de lectura":"1 minuto"},"schema":{"@context":"https:\/\/schema.org","@graph":[{"@type":"Article","@id":"https:\/\/cuartetoenlaweb.com.ar\/sitio\/martin-migueles-enfrenta-una-demanda-en-uruguay\/#article","isPartOf":{"@id":"https:\/\/cuartetoenlaweb.com.ar\/sitio\/martin-migueles-enfrenta-una-demanda-en-uruguay\/"},"author":{"name":"","@id":""},"headline":"Mart\u00edn Migueles enfrenta una demanda en Uruguay","datePublished":"2026-01-09T13:59:40+00:00","mainEntityOfPage":{"@id":"https:\/\/cuartetoenlaweb.com.ar\/sitio\/martin-migueles-enfrenta-una-demanda-en-uruguay\/"},"wordCount":255,"publisher":{"@id":"http:\/\/cuartetoenlaweb.com.ar\/sitio\/#organization"},"image":{"@id":"https:\/\/cuartetoenlaweb.com.ar\/sitio\/martin-migueles-enfrenta-una-demanda-en-uruguay\/#primaryimage"},"thumbnailUrl":"https:\/\/cuartetoenlaweb.com.ar\/sitio\/wp-content\/uploads\/2026\/01\/720-75.jpeg","articleSection":["PAIS"],"inLanguage":"es"},{"@type":"WebPage","@id":"https:\/\/cuartetoenlaweb.com.ar\/sitio\/martin-migueles-enfrenta-una-demanda-en-uruguay\/","url":"https:\/\/cuartetoenlaweb.com.ar\/sitio\/martin-migueles-enfrenta-una-demanda-en-uruguay\/","name":"Mart\u00edn Migueles enfrenta una demanda en Uruguay - Cuarteto en la Web","isPartOf":{"@id":"http:\/\/cuartetoenlaweb.com.ar\/sitio\/#website"},"primaryImageOfPage":{"@id":"https:\/\/cuartetoenlaweb.com.ar\/sitio\/martin-migueles-enfrenta-una-demanda-en-uruguay\/#primaryimage"},"image":{"@id":"https:\/\/cuartetoenlaweb.com.ar\/sitio\/martin-migueles-enfrenta-una-demanda-en-uruguay\/#primaryimage"},"thumbnailUrl":"https:\/\/cuartetoenlaweb.com.ar\/sitio\/wp-content\/uploads\/2026\/01\/720-75.jpeg","datePublished":"2026-01-09T13:59:40+00:00","breadcrumb":{"@id":"https:\/\/cuartetoenlaweb.com.ar\/sitio\/martin-migueles-enfrenta-una-demanda-en-uruguay\/#breadcrumb"},"inLanguage":"es","potentialAction":[{"@type":"ReadAction","target":["https:\/\/cuartetoenlaweb.com.ar\/sitio\/martin-migueles-enfrenta-una-demanda-en-uruguay\/"]}]},{"@type":"ImageObject","inLanguage":"es","@id":"https:\/\/cuartetoenlaweb.com.ar\/sitio\/martin-migueles-enfrenta-una-demanda-en-uruguay\/#primaryimage","url":"https:\/\/cuartetoenlaweb.com.ar\/sitio\/wp-content\/uploads\/2026\/01\/720-75.jpeg","contentUrl":"https:\/\/cuartetoenlaweb.com.ar\/sitio\/wp-content\/uploads\/2026\/01\/720-75.jpeg","width":1280,"height":720},{"@type":"BreadcrumbList","@id":"https:\/\/cuartetoenlaweb.com.ar\/sitio\/martin-migueles-enfrenta-una-demanda-en-uruguay\/#breadcrumb","itemListElement":[{"@type":"ListItem","position":1,"name":"Portada","item":"http:\/\/cuartetoenlaweb.com.ar\/sitio\/"},{"@type":"ListItem","position":2,"name":"Mart\u00edn Migueles enfrenta una demanda en Uruguay"}]},{"@type":"WebSite","@id":"http:\/\/cuartetoenlaweb.com.ar\/sitio\/#website","url":"http:\/\/cuartetoenlaweb.com.ar\/sitio\/","name":"Cuarteto en la Web","description":"","publisher":{"@id":"http:\/\/cuartetoenlaweb.com.ar\/sitio\/#organization"},"potentialAction":[{"@type":"SearchAction","target":{"@type":"EntryPoint","urlTemplate":"http:\/\/cuartetoenlaweb.com.ar\/sitio\/?s={search_term_string}"},"query-input":{"@type":"PropertyValueSpecification","valueRequired":true,"valueName":"search_term_string"}}],"inLanguage":"es"},{"@type":"Organization","@id":"http:\/\/cuartetoenlaweb.com.ar\/sitio\/#organization","name":"Cuarteto en la Web","url":"http:\/\/cuartetoenlaweb.com.ar\/sitio\/","logo":{"@type":"ImageObject","inLanguage":"es","@id":"http:\/\/cuartetoenlaweb.com.ar\/sitio\/#\/schema\/logo\/image\/","url":"https:\/\/cuartetoenlaweb.com.ar\/sitio\/wp-content\/uploads\/2025\/07\/cropped-cropped-logitoweb21.png","contentUrl":"https:\/\/cuartetoenlaweb.com.ar\/sitio\/wp-content\/uploads\/2025\/07\/cropped-cropped-logitoweb21.png","width":199,"height":199,"caption":"Cuarteto en la Web"},"image":{"@id":"http:\/\/cuartetoenlaweb.com.ar\/sitio\/#\/schema\/logo\/image\/"}}]}},"_links":{"self":[{"href":"https:\/\/cuartetoenlaweb.com.ar\/sitio\/wp-json\/wp\/v2\/posts\/10169","targetHints":{"allow":["GET"]}}],"collection":[{"href":"https:\/\/cuartetoenlaweb.com.ar\/sitio\/wp-json\/wp\/v2\/posts"}],"about":[{"href":"https:\/\/cuartetoenlaweb.com.ar\/sitio\/wp-json\/wp\/v2\/types\/post"}],"replies":[{"embeddable":true,"href":"https:\/\/cuartetoenlaweb.com.ar\/sitio\/wp-json\/wp\/v2\/comments?post=10169"}],"version-history":[{"count":0,"href":"https:\/\/cuartetoenlaweb.com.ar\/sitio\/wp-json\/wp\/v2\/posts\/10169\/revisions"}],"wp:featuredmedia":[{"embeddable":true,"href":"https:\/\/cuartetoenlaweb.com.ar\/sitio\/wp-json\/wp\/v2\/media\/10170"}],"wp:attachment":[{"href":"https:\/\/cuartetoenlaweb.com.ar\/sitio\/wp-json\/wp\/v2\/media?parent=10169"}],"wp:term":[{"taxonomy":"category","embeddable":true,"href":"https:\/\/cuartetoenlaweb.com.ar\/sitio\/wp-json\/wp\/v2\/categories?post=10169"},{"taxonomy":"post_tag","embeddable":true,"href":"https:\/\/cuartetoenlaweb.com.ar\/sitio\/wp-json\/wp\/v2\/tags?post=10169"}],"curies":[{"name":"wp","href":"https:\/\/api.w.org\/{rel}","templated":true}]}}