
{"id":10165,"date":"2026-01-09T10:59:39","date_gmt":"2026-01-09T13:59:39","guid":{"rendered":"https:\/\/cuartetoenlaweb.com.ar\/sitio\/la-charla-privada-de-evangelina-anderson-con-su-hijo-mayor-asi-le-oculto-demichelis-que-se-ahogaron-en-el-mar\/"},"modified":"2026-01-09T10:59:39","modified_gmt":"2026-01-09T13:59:39","slug":"la-charla-privada-de-evangelina-anderson-con-su-hijo-mayor-asi-le-oculto-demichelis-que-se-ahogaron-en-el-mar","status":"publish","type":"post","link":"https:\/\/cuartetoenlaweb.com.ar\/sitio\/la-charla-privada-de-evangelina-anderson-con-su-hijo-mayor-asi-le-oculto-demichelis-que-se-ahogaron-en-el-mar\/","title":{"rendered":"La charla privada de Evangelina Anderson con su hijo mayor: as\u00ed le ocult\u00f3 Demichelis que se ahogaron en el mar"},"content":{"rendered":"<p>El drama fue total y nadie puede creerlo; <a href=\"https:\/\/www.paparazzi.com.ar\/teve\/fuerte-video-martin-demichelis-y-sus-hijos-casi-se-ahogan-en-el-mar-de-punta-del-este-tuvieron-que-rescatarlos-los-guardavidas\/\">el video de <strong>Mart\u00edn Demichelis<\/strong><\/a> y sus hijos ahog\u00e1ndose en el mar de Punta del Este, y el rescate de los guardavidas impact\u00f3 de lleno en el mundo de la far\u00e1ndula, a donde por obvias razones,<strong> Evangelina Anderson<\/strong> apareci\u00f3 en la mira.<\/p>\n<p>Y s\u00ed, el que no viene pegando una este verano es Micho; desde su vuelta Argentina todas p\u00e1lidas: lo echaron de River, le fue mal en Monterrey de M\u00e9xico, se separ\u00f3 de <a href=\"https:\/\/www.paparazzi.com.ar\/romances\/evangelina-anderson-se-metio-en-la-violenta-pelea-de-demichelis-con-su-novia-y-ardio-todo-su-furioso-descargo\/\">Evangelina<\/a>, apareci\u00f3 en un video peleando con su nueva novia y ahora esto, la que faltaba Micho\u2026<\/p>\n<div class=\"mt-box \">\n<h4 class=\"mt-heading\">Mir\u00e1 Tambi\u00e9n<\/h4>\n<p><a href=\"https:\/\/www.paparazzi.com.ar\/teve\/el-drama-de-evangelina-anderson-al-ver-a-martin-demichelis-y-sus-hijos-ahogandose-en-punta-del-este\/\"><\/p>\n<div class=\"mt-content\">\n<div class=\"mt-image-container\"><img decoding=\"async\" src=\"https:\/\/www.paparazzi.com.ar\/wp-content\/uploads\/2026\/01\/Evangelina-Anderson-Martin-Demichelis-hijos-359x226.jpg\" alt=\"El drama de Evangelina Anderson al enterarse que Mart\u00edn Demichelis y sus hijos se ahogaron y tuvieron que ser rescatados\" class=\"mt-image\" loading=\"lazy\" \/><\/div>\n<h5 class=\"mt-title\">El drama de Evangelina Anderson al enterarse que Mart\u00edn Demichelis y sus hijos se ahogaron y tuvieron que ser rescatados<\/h5>\n<\/div>\n<p><\/a><\/div>\n<p>Claro que lo que muchos pensaron es qu\u00e9 pas\u00f3 con Evangelina o c\u00f3mo se lo tom\u00f3. La furia fue uno de los primeros sentimientos que flor\u00f3 luego de la bronca desmedida porque <a href=\"http:\/\/paparazzi.com.ar\/teve\/fuerte-video-martin-demichelis-y-sus-hijos-casi-se-ahogan-en-el-mar-de-punta-del-este-tuvieron-que-rescatarlos-los-guardavidas\/\">Demichelis<\/a> no se lo cont\u00f3 y se enter\u00f3 de todo en una charla con su hijo.<\/p>\n<p>\u201c<em>Se enter\u00f3 en el avi\u00f3n, volviendo a Buenos Aires, y por uno de sus hijos. No se enter\u00f3 por Mart\u00edn Demichelis. Est\u00e1 totalmente indignada. Cuatro d\u00edas despu\u00e9s se entera de que dos de sus hijos podr\u00edan haber muerto<\/em>\u201d, asever\u00f3 <strong>Santiago Sposatto<\/strong> en A la Tarde.<\/p>\n<h2 class=\"wp-block-heading\">MART\u00cdN DEMICHELIS LE OCULT\u00d3 LO QUE PAS\u00d3 A EVANGELINA ANDERSON<\/h2>\n<p>Del 31 de diciembre que esto pas\u00f3, a 4 de enero, muchos d\u00edas pasaron para que una madre no estuviera al tanto de que sus hijos estuvieron en riesgo. Y si bien esto es algo que no puede preverse, lo cierto es que en el mar y ante las olas, siempre hay muchos recaudos que tomar.<\/p>\n<div class=\"mt-box \">\n<h4 class=\"mt-heading\">Mir\u00e1 Tambi\u00e9n<\/h4>\n<p><a href=\"https:\/\/www.paparazzi.com.ar\/horoscopo\/los-signos-del-horoscopo-chino-que-cumpliran-suenos-y-grandes-logros-durante-enero-segun-ludovica-squirru\/\"><\/p>\n<div class=\"mt-content\">\n<div class=\"mt-image-container\"><img decoding=\"async\" src=\"https:\/\/www.paparazzi.com.ar\/wp-content\/uploads\/2025\/10\/Los-signos-del-Horoscopo-Chino-que-viviran-cambios-de-vida-y-presion-en-las-finanzas-segun-Ludovica-Squirru-359x226.jpg\" alt=\"Los signos del hor\u00f3scopo Chino que cumplir\u00e1n sue\u00f1os y grandes logros durante enero, seg\u00fan Ludovica Squirru\" class=\"mt-image\" loading=\"lazy\" \/><\/div>\n<h5 class=\"mt-title\">Los signos del hor\u00f3scopo Chino que cumplir\u00e1n sue\u00f1os y grandes logros durante enero, seg\u00fan Ludovica Squirru<\/h5>\n<\/div>\n<p><\/a><\/div>\n<p>\u00ab<em>Esto pas\u00f3 el 31 de diciembre, pero ella se entera reci\u00e9n el 4 de enero, durante el vuelo de regreso, cuando el mayor se lo cuenta<\/em>\u201d, explic\u00f3 el periodista. En cuanto a otros detalles de lo que fue ese momento, hasta el propio Mart\u00edn corri\u00f3 riesgo.<\/p>\n<p><strong>Oliver Quiroz<\/strong> expuso c\u00f3mo las olas estuvieron a punto de arrastrarlos, en lo que pudo ser un tragedia que, de solo pensarlo, a muchos les pone la piel de gallina: \u201c<em>Se ve a Mart\u00edn Demichelis flotando en el agua, casi tapado por las olas. Estaba Bastian, tambi\u00e9n su sobrina y su nena, Abrojito<\/em>\u201d.<\/p>\n<p>The post <a href=\"https:\/\/www.paparazzi.com.ar\/teve\/la-charla-privada-de-evangelina-anderson-con-su-hijo-mayor-asi-le-oculto-demichelis-que-se-ahogaron-en-el-mar\/\">La charla privada de Evangelina Anderson con su hijo mayor: as\u00ed le ocult\u00f3 Demichelis que se ahogaron en el mar<\/a> appeared first on <a href=\"https:\/\/www.paparazzi.com.ar\">Revista Paparazzi<\/a>.<\/p>\n","protected":false},"excerpt":{"rendered":"<p>El drama fue total y nadie puede creerlo; el video<\/p>\n","protected":false},"author":0,"featured_media":10166,"comment_status":"","ping_status":"","sticky":false,"template":"","format":"standard","meta":{"footnotes":""},"categories":[65],"tags":[],"class_list":["post-10165","post","type-post","status-publish","format-standard","has-post-thumbnail","hentry","category-pais"],"yoast_head":"<!-- This site is optimized with the Yoast SEO plugin v27.5 - https:\/\/yoast.com\/product\/yoast-seo-wordpress\/ -->\n<title>La charla privada de Evangelina Anderson con su hijo mayor: as\u00ed le ocult\u00f3 Demichelis que se ahogaron en el mar - Cuarteto en la Web<\/title>\n<meta name=\"robots\" content=\"index, follow, max-snippet:-1, max-image-preview:large, max-video-preview:-1\" \/>\n<link rel=\"canonical\" href=\"https:\/\/cuartetoenlaweb.com.ar\/sitio\/la-charla-privada-de-evangelina-anderson-con-su-hijo-mayor-asi-le-oculto-demichelis-que-se-ahogaron-en-el-mar\/\" \/>\n<meta property=\"og:locale\" content=\"es_ES\" \/>\n<meta property=\"og:type\" content=\"article\" \/>\n<meta property=\"og:title\" content=\"La charla privada de Evangelina Anderson con su hijo mayor: as\u00ed le ocult\u00f3 Demichelis que se ahogaron en el mar - Cuarteto en la Web\" \/>\n<meta property=\"og:description\" content=\"El drama fue total y nadie puede creerlo; el video\" \/>\n<meta property=\"og:url\" content=\"https:\/\/cuartetoenlaweb.com.ar\/sitio\/la-charla-privada-de-evangelina-anderson-con-su-hijo-mayor-asi-le-oculto-demichelis-que-se-ahogaron-en-el-mar\/\" \/>\n<meta property=\"og:site_name\" content=\"Cuarteto en la Web\" \/>\n<meta property=\"article:published_time\" content=\"2026-01-09T13:59:39+00:00\" \/>\n<meta property=\"og:image\" content=\"https:\/\/cuartetoenlaweb.com.ar\/sitio\/wp-content\/uploads\/2026\/01\/Evangelina-Anderson-Martin-Demichelis-hijos-359x226-2.jpg\" \/>\n\t<meta property=\"og:image:width\" content=\"359\" \/>\n\t<meta property=\"og:image:height\" content=\"226\" \/>\n\t<meta property=\"og:image:type\" content=\"image\/jpeg\" \/>\n<meta name=\"twitter:card\" content=\"summary_large_image\" \/>\n<meta name=\"twitter:label1\" content=\"Tiempo de lectura\" \/>\n\t<meta name=\"twitter:data1\" content=\"2 minutos\" \/>\n<script type=\"application\/ld+json\" class=\"yoast-schema-graph\">{\"@context\":\"https:\\\/\\\/schema.org\",\"@graph\":[{\"@type\":\"Article\",\"@id\":\"https:\\\/\\\/cuartetoenlaweb.com.ar\\\/sitio\\\/la-charla-privada-de-evangelina-anderson-con-su-hijo-mayor-asi-le-oculto-demichelis-que-se-ahogaron-en-el-mar\\\/#article\",\"isPartOf\":{\"@id\":\"https:\\\/\\\/cuartetoenlaweb.com.ar\\\/sitio\\\/la-charla-privada-de-evangelina-anderson-con-su-hijo-mayor-asi-le-oculto-demichelis-que-se-ahogaron-en-el-mar\\\/\"},\"author\":{\"name\":\"\",\"@id\":\"\"},\"headline\":\"La charla privada de Evangelina Anderson con su hijo mayor: as\u00ed le ocult\u00f3 Demichelis que se ahogaron en el mar\",\"datePublished\":\"2026-01-09T13:59:39+00:00\",\"mainEntityOfPage\":{\"@id\":\"https:\\\/\\\/cuartetoenlaweb.com.ar\\\/sitio\\\/la-charla-privada-de-evangelina-anderson-con-su-hijo-mayor-asi-le-oculto-demichelis-que-se-ahogaron-en-el-mar\\\/\"},\"wordCount\":465,\"publisher\":{\"@id\":\"http:\\\/\\\/cuartetoenlaweb.com.ar\\\/sitio\\\/#organization\"},\"image\":{\"@id\":\"https:\\\/\\\/cuartetoenlaweb.com.ar\\\/sitio\\\/la-charla-privada-de-evangelina-anderson-con-su-hijo-mayor-asi-le-oculto-demichelis-que-se-ahogaron-en-el-mar\\\/#primaryimage\"},\"thumbnailUrl\":\"https:\\\/\\\/cuartetoenlaweb.com.ar\\\/sitio\\\/wp-content\\\/uploads\\\/2026\\\/01\\\/Evangelina-Anderson-Martin-Demichelis-hijos-359x226-2.jpg\",\"articleSection\":[\"PAIS\"],\"inLanguage\":\"es\"},{\"@type\":\"WebPage\",\"@id\":\"https:\\\/\\\/cuartetoenlaweb.com.ar\\\/sitio\\\/la-charla-privada-de-evangelina-anderson-con-su-hijo-mayor-asi-le-oculto-demichelis-que-se-ahogaron-en-el-mar\\\/\",\"url\":\"https:\\\/\\\/cuartetoenlaweb.com.ar\\\/sitio\\\/la-charla-privada-de-evangelina-anderson-con-su-hijo-mayor-asi-le-oculto-demichelis-que-se-ahogaron-en-el-mar\\\/\",\"name\":\"La charla privada de Evangelina Anderson con su hijo mayor: as\u00ed le ocult\u00f3 Demichelis que se ahogaron en el mar - Cuarteto en la Web\",\"isPartOf\":{\"@id\":\"http:\\\/\\\/cuartetoenlaweb.com.ar\\\/sitio\\\/#website\"},\"primaryImageOfPage\":{\"@id\":\"https:\\\/\\\/cuartetoenlaweb.com.ar\\\/sitio\\\/la-charla-privada-de-evangelina-anderson-con-su-hijo-mayor-asi-le-oculto-demichelis-que-se-ahogaron-en-el-mar\\\/#primaryimage\"},\"image\":{\"@id\":\"https:\\\/\\\/cuartetoenlaweb.com.ar\\\/sitio\\\/la-charla-privada-de-evangelina-anderson-con-su-hijo-mayor-asi-le-oculto-demichelis-que-se-ahogaron-en-el-mar\\\/#primaryimage\"},\"thumbnailUrl\":\"https:\\\/\\\/cuartetoenlaweb.com.ar\\\/sitio\\\/wp-content\\\/uploads\\\/2026\\\/01\\\/Evangelina-Anderson-Martin-Demichelis-hijos-359x226-2.jpg\",\"datePublished\":\"2026-01-09T13:59:39+00:00\",\"breadcrumb\":{\"@id\":\"https:\\\/\\\/cuartetoenlaweb.com.ar\\\/sitio\\\/la-charla-privada-de-evangelina-anderson-con-su-hijo-mayor-asi-le-oculto-demichelis-que-se-ahogaron-en-el-mar\\\/#breadcrumb\"},\"inLanguage\":\"es\",\"potentialAction\":[{\"@type\":\"ReadAction\",\"target\":[\"https:\\\/\\\/cuartetoenlaweb.com.ar\\\/sitio\\\/la-charla-privada-de-evangelina-anderson-con-su-hijo-mayor-asi-le-oculto-demichelis-que-se-ahogaron-en-el-mar\\\/\"]}]},{\"@type\":\"ImageObject\",\"inLanguage\":\"es\",\"@id\":\"https:\\\/\\\/cuartetoenlaweb.com.ar\\\/sitio\\\/la-charla-privada-de-evangelina-anderson-con-su-hijo-mayor-asi-le-oculto-demichelis-que-se-ahogaron-en-el-mar\\\/#primaryimage\",\"url\":\"https:\\\/\\\/cuartetoenlaweb.com.ar\\\/sitio\\\/wp-content\\\/uploads\\\/2026\\\/01\\\/Evangelina-Anderson-Martin-Demichelis-hijos-359x226-2.jpg\",\"contentUrl\":\"https:\\\/\\\/cuartetoenlaweb.com.ar\\\/sitio\\\/wp-content\\\/uploads\\\/2026\\\/01\\\/Evangelina-Anderson-Martin-Demichelis-hijos-359x226-2.jpg\",\"width\":359,\"height\":226},{\"@type\":\"BreadcrumbList\",\"@id\":\"https:\\\/\\\/cuartetoenlaweb.com.ar\\\/sitio\\\/la-charla-privada-de-evangelina-anderson-con-su-hijo-mayor-asi-le-oculto-demichelis-que-se-ahogaron-en-el-mar\\\/#breadcrumb\",\"itemListElement\":[{\"@type\":\"ListItem\",\"position\":1,\"name\":\"Portada\",\"item\":\"http:\\\/\\\/cuartetoenlaweb.com.ar\\\/sitio\\\/\"},{\"@type\":\"ListItem\",\"position\":2,\"name\":\"La charla privada de Evangelina Anderson con su hijo mayor: as\u00ed le ocult\u00f3 Demichelis que se ahogaron en el mar\"}]},{\"@type\":\"WebSite\",\"@id\":\"http:\\\/\\\/cuartetoenlaweb.com.ar\\\/sitio\\\/#website\",\"url\":\"http:\\\/\\\/cuartetoenlaweb.com.ar\\\/sitio\\\/\",\"name\":\"Cuarteto en la Web\",\"description\":\"\",\"publisher\":{\"@id\":\"http:\\\/\\\/cuartetoenlaweb.com.ar\\\/sitio\\\/#organization\"},\"potentialAction\":[{\"@type\":\"SearchAction\",\"target\":{\"@type\":\"EntryPoint\",\"urlTemplate\":\"http:\\\/\\\/cuartetoenlaweb.com.ar\\\/sitio\\\/?s={search_term_string}\"},\"query-input\":{\"@type\":\"PropertyValueSpecification\",\"valueRequired\":true,\"valueName\":\"search_term_string\"}}],\"inLanguage\":\"es\"},{\"@type\":\"Organization\",\"@id\":\"http:\\\/\\\/cuartetoenlaweb.com.ar\\\/sitio\\\/#organization\",\"name\":\"Cuarteto en la Web\",\"url\":\"http:\\\/\\\/cuartetoenlaweb.com.ar\\\/sitio\\\/\",\"logo\":{\"@type\":\"ImageObject\",\"inLanguage\":\"es\",\"@id\":\"http:\\\/\\\/cuartetoenlaweb.com.ar\\\/sitio\\\/#\\\/schema\\\/logo\\\/image\\\/\",\"url\":\"https:\\\/\\\/cuartetoenlaweb.com.ar\\\/sitio\\\/wp-content\\\/uploads\\\/2025\\\/07\\\/cropped-cropped-logitoweb21.png\",\"contentUrl\":\"https:\\\/\\\/cuartetoenlaweb.com.ar\\\/sitio\\\/wp-content\\\/uploads\\\/2025\\\/07\\\/cropped-cropped-logitoweb21.png\",\"width\":199,\"height\":199,\"caption\":\"Cuarteto en la Web\"},\"image\":{\"@id\":\"http:\\\/\\\/cuartetoenlaweb.com.ar\\\/sitio\\\/#\\\/schema\\\/logo\\\/image\\\/\"}}]}<\/script>\n<!-- \/ Yoast SEO plugin. -->","yoast_head_json":{"title":"La charla privada de Evangelina Anderson con su hijo mayor: as\u00ed le ocult\u00f3 Demichelis que se ahogaron en el mar - Cuarteto en la Web","robots":{"index":"index","follow":"follow","max-snippet":"max-snippet:-1","max-image-preview":"max-image-preview:large","max-video-preview":"max-video-preview:-1"},"canonical":"https:\/\/cuartetoenlaweb.com.ar\/sitio\/la-charla-privada-de-evangelina-anderson-con-su-hijo-mayor-asi-le-oculto-demichelis-que-se-ahogaron-en-el-mar\/","og_locale":"es_ES","og_type":"article","og_title":"La charla privada de Evangelina Anderson con su hijo mayor: as\u00ed le ocult\u00f3 Demichelis que se ahogaron en el mar - Cuarteto en la Web","og_description":"El drama fue total y nadie puede creerlo; el video","og_url":"https:\/\/cuartetoenlaweb.com.ar\/sitio\/la-charla-privada-de-evangelina-anderson-con-su-hijo-mayor-asi-le-oculto-demichelis-que-se-ahogaron-en-el-mar\/","og_site_name":"Cuarteto en la Web","article_published_time":"2026-01-09T13:59:39+00:00","og_image":[{"width":359,"height":226,"url":"https:\/\/cuartetoenlaweb.com.ar\/sitio\/wp-content\/uploads\/2026\/01\/Evangelina-Anderson-Martin-Demichelis-hijos-359x226-2.jpg","type":"image\/jpeg"}],"twitter_card":"summary_large_image","twitter_misc":{"Tiempo de lectura":"2 minutos"},"schema":{"@context":"https:\/\/schema.org","@graph":[{"@type":"Article","@id":"https:\/\/cuartetoenlaweb.com.ar\/sitio\/la-charla-privada-de-evangelina-anderson-con-su-hijo-mayor-asi-le-oculto-demichelis-que-se-ahogaron-en-el-mar\/#article","isPartOf":{"@id":"https:\/\/cuartetoenlaweb.com.ar\/sitio\/la-charla-privada-de-evangelina-anderson-con-su-hijo-mayor-asi-le-oculto-demichelis-que-se-ahogaron-en-el-mar\/"},"author":{"name":"","@id":""},"headline":"La charla privada de Evangelina Anderson con su hijo mayor: as\u00ed le ocult\u00f3 Demichelis que se ahogaron en el mar","datePublished":"2026-01-09T13:59:39+00:00","mainEntityOfPage":{"@id":"https:\/\/cuartetoenlaweb.com.ar\/sitio\/la-charla-privada-de-evangelina-anderson-con-su-hijo-mayor-asi-le-oculto-demichelis-que-se-ahogaron-en-el-mar\/"},"wordCount":465,"publisher":{"@id":"http:\/\/cuartetoenlaweb.com.ar\/sitio\/#organization"},"image":{"@id":"https:\/\/cuartetoenlaweb.com.ar\/sitio\/la-charla-privada-de-evangelina-anderson-con-su-hijo-mayor-asi-le-oculto-demichelis-que-se-ahogaron-en-el-mar\/#primaryimage"},"thumbnailUrl":"https:\/\/cuartetoenlaweb.com.ar\/sitio\/wp-content\/uploads\/2026\/01\/Evangelina-Anderson-Martin-Demichelis-hijos-359x226-2.jpg","articleSection":["PAIS"],"inLanguage":"es"},{"@type":"WebPage","@id":"https:\/\/cuartetoenlaweb.com.ar\/sitio\/la-charla-privada-de-evangelina-anderson-con-su-hijo-mayor-asi-le-oculto-demichelis-que-se-ahogaron-en-el-mar\/","url":"https:\/\/cuartetoenlaweb.com.ar\/sitio\/la-charla-privada-de-evangelina-anderson-con-su-hijo-mayor-asi-le-oculto-demichelis-que-se-ahogaron-en-el-mar\/","name":"La charla privada de Evangelina Anderson con su hijo mayor: as\u00ed le ocult\u00f3 Demichelis que se ahogaron en el mar - Cuarteto en la Web","isPartOf":{"@id":"http:\/\/cuartetoenlaweb.com.ar\/sitio\/#website"},"primaryImageOfPage":{"@id":"https:\/\/cuartetoenlaweb.com.ar\/sitio\/la-charla-privada-de-evangelina-anderson-con-su-hijo-mayor-asi-le-oculto-demichelis-que-se-ahogaron-en-el-mar\/#primaryimage"},"image":{"@id":"https:\/\/cuartetoenlaweb.com.ar\/sitio\/la-charla-privada-de-evangelina-anderson-con-su-hijo-mayor-asi-le-oculto-demichelis-que-se-ahogaron-en-el-mar\/#primaryimage"},"thumbnailUrl":"https:\/\/cuartetoenlaweb.com.ar\/sitio\/wp-content\/uploads\/2026\/01\/Evangelina-Anderson-Martin-Demichelis-hijos-359x226-2.jpg","datePublished":"2026-01-09T13:59:39+00:00","breadcrumb":{"@id":"https:\/\/cuartetoenlaweb.com.ar\/sitio\/la-charla-privada-de-evangelina-anderson-con-su-hijo-mayor-asi-le-oculto-demichelis-que-se-ahogaron-en-el-mar\/#breadcrumb"},"inLanguage":"es","potentialAction":[{"@type":"ReadAction","target":["https:\/\/cuartetoenlaweb.com.ar\/sitio\/la-charla-privada-de-evangelina-anderson-con-su-hijo-mayor-asi-le-oculto-demichelis-que-se-ahogaron-en-el-mar\/"]}]},{"@type":"ImageObject","inLanguage":"es","@id":"https:\/\/cuartetoenlaweb.com.ar\/sitio\/la-charla-privada-de-evangelina-anderson-con-su-hijo-mayor-asi-le-oculto-demichelis-que-se-ahogaron-en-el-mar\/#primaryimage","url":"https:\/\/cuartetoenlaweb.com.ar\/sitio\/wp-content\/uploads\/2026\/01\/Evangelina-Anderson-Martin-Demichelis-hijos-359x226-2.jpg","contentUrl":"https:\/\/cuartetoenlaweb.com.ar\/sitio\/wp-content\/uploads\/2026\/01\/Evangelina-Anderson-Martin-Demichelis-hijos-359x226-2.jpg","width":359,"height":226},{"@type":"BreadcrumbList","@id":"https:\/\/cuartetoenlaweb.com.ar\/sitio\/la-charla-privada-de-evangelina-anderson-con-su-hijo-mayor-asi-le-oculto-demichelis-que-se-ahogaron-en-el-mar\/#breadcrumb","itemListElement":[{"@type":"ListItem","position":1,"name":"Portada","item":"http:\/\/cuartetoenlaweb.com.ar\/sitio\/"},{"@type":"ListItem","position":2,"name":"La charla privada de Evangelina Anderson con su hijo mayor: as\u00ed le ocult\u00f3 Demichelis que se ahogaron en el mar"}]},{"@type":"WebSite","@id":"http:\/\/cuartetoenlaweb.com.ar\/sitio\/#website","url":"http:\/\/cuartetoenlaweb.com.ar\/sitio\/","name":"Cuarteto en la Web","description":"","publisher":{"@id":"http:\/\/cuartetoenlaweb.com.ar\/sitio\/#organization"},"potentialAction":[{"@type":"SearchAction","target":{"@type":"EntryPoint","urlTemplate":"http:\/\/cuartetoenlaweb.com.ar\/sitio\/?s={search_term_string}"},"query-input":{"@type":"PropertyValueSpecification","valueRequired":true,"valueName":"search_term_string"}}],"inLanguage":"es"},{"@type":"Organization","@id":"http:\/\/cuartetoenlaweb.com.ar\/sitio\/#organization","name":"Cuarteto en la Web","url":"http:\/\/cuartetoenlaweb.com.ar\/sitio\/","logo":{"@type":"ImageObject","inLanguage":"es","@id":"http:\/\/cuartetoenlaweb.com.ar\/sitio\/#\/schema\/logo\/image\/","url":"https:\/\/cuartetoenlaweb.com.ar\/sitio\/wp-content\/uploads\/2025\/07\/cropped-cropped-logitoweb21.png","contentUrl":"https:\/\/cuartetoenlaweb.com.ar\/sitio\/wp-content\/uploads\/2025\/07\/cropped-cropped-logitoweb21.png","width":199,"height":199,"caption":"Cuarteto en la Web"},"image":{"@id":"http:\/\/cuartetoenlaweb.com.ar\/sitio\/#\/schema\/logo\/image\/"}}]}},"_links":{"self":[{"href":"https:\/\/cuartetoenlaweb.com.ar\/sitio\/wp-json\/wp\/v2\/posts\/10165","targetHints":{"allow":["GET"]}}],"collection":[{"href":"https:\/\/cuartetoenlaweb.com.ar\/sitio\/wp-json\/wp\/v2\/posts"}],"about":[{"href":"https:\/\/cuartetoenlaweb.com.ar\/sitio\/wp-json\/wp\/v2\/types\/post"}],"replies":[{"embeddable":true,"href":"https:\/\/cuartetoenlaweb.com.ar\/sitio\/wp-json\/wp\/v2\/comments?post=10165"}],"version-history":[{"count":0,"href":"https:\/\/cuartetoenlaweb.com.ar\/sitio\/wp-json\/wp\/v2\/posts\/10165\/revisions"}],"wp:featuredmedia":[{"embeddable":true,"href":"https:\/\/cuartetoenlaweb.com.ar\/sitio\/wp-json\/wp\/v2\/media\/10166"}],"wp:attachment":[{"href":"https:\/\/cuartetoenlaweb.com.ar\/sitio\/wp-json\/wp\/v2\/media?parent=10165"}],"wp:term":[{"taxonomy":"category","embeddable":true,"href":"https:\/\/cuartetoenlaweb.com.ar\/sitio\/wp-json\/wp\/v2\/categories?post=10165"},{"taxonomy":"post_tag","embeddable":true,"href":"https:\/\/cuartetoenlaweb.com.ar\/sitio\/wp-json\/wp\/v2\/tags?post=10165"}],"curies":[{"name":"wp","href":"https:\/\/api.w.org\/{rel}","templated":true}]}}