
{"id":10159,"date":"2026-01-09T10:59:36","date_gmt":"2026-01-09T13:59:36","guid":{"rendered":"https:\/\/cuartetoenlaweb.com.ar\/sitio\/vivos-de-milagro-asi-actuaron-los-guardavidas-al-encontrar-a-demichelis-y-sus-hijos-ahogandose-en-el-mar\/"},"modified":"2026-01-09T10:59:36","modified_gmt":"2026-01-09T13:59:36","slug":"vivos-de-milagro-asi-actuaron-los-guardavidas-al-encontrar-a-demichelis-y-sus-hijos-ahogandose-en-el-mar","status":"publish","type":"post","link":"https:\/\/cuartetoenlaweb.com.ar\/sitio\/vivos-de-milagro-asi-actuaron-los-guardavidas-al-encontrar-a-demichelis-y-sus-hijos-ahogandose-en-el-mar\/","title":{"rendered":"\u201cVivos de milagro\u201d: as\u00ed actuaron los guardavidas al encontrar a Demichelis y sus hijos ahog\u00e1ndose en el mar"},"content":{"rendered":"<p><strong>Evangelina Anderson<\/strong> tiembla cuando recuerda lo que se enter\u00f3 por su hijo <strong>Basti\u00e1n<\/strong>, d\u00edas despu\u00e9s, sobre el terrible susto que tuvieron en el mar de Jos\u00e9 Ignacio, el 31 de diciembre. Una tarde radiante de sol en la que se metieron en el agua con <strong>Mart\u00edn Demichelis<\/strong>, su hermana <strong>Abrojito <\/strong>y <strong>Camila<\/strong>, su prima. La tarde en la que casi se ahogan, llevados por la corriente en una zona muy peligrosa. <\/p>\n<p><em>\u201cEst\u00e1n vivos de milagro\u201d<\/em>, cont\u00f3 <strong>Gustavo Descalzi <\/strong>desde Punta del Este a <strong>A la tarde <\/strong>(<strong>Am\u00e9rica<\/strong>), al relatar c\u00f3mo fue el salvataje de la familia de <a href=\"https:\/\/www.paparazzi.com.ar\/tag\/martin-demichelis\/\">Demichelis <\/a>por unos guardavidas que estaban en la zona de casualidad, haciendo surf, ya que la playa donde se metieron no cuenta con ba\u00f1eros.\u00a0<\/p>\n<div class=\"mt-box \">\n<h4 class=\"mt-heading\">Mir\u00e1 Tambi\u00e9n<\/h4>\n<p><a href=\"https:\/\/www.paparazzi.com.ar\/teve\/el-drama-de-evangelina-anderson-al-ver-a-martin-demichelis-y-sus-hijos-ahogandose-en-punta-del-este\/\"><\/p>\n<div class=\"mt-content\">\n<div class=\"mt-image-container\"><img decoding=\"async\" src=\"https:\/\/www.paparazzi.com.ar\/wp-content\/uploads\/2026\/01\/Evangelina-Anderson-Martin-Demichelis-hijos-359x226.jpg\" alt=\"El drama de Evangelina Anderson al enterarse que Mart\u00edn Demichelis y sus hijos se ahogaron y tuvieron que ser rescatados\" class=\"mt-image\" loading=\"lazy\" \/><\/div>\n<h5 class=\"mt-title\">El drama de Evangelina Anderson al enterarse que Mart\u00edn Demichelis y sus hijos se ahogaron y tuvieron que ser rescatados<\/h5>\n<\/div>\n<p><\/a><\/div>\n<p><em>\u201cEl lugar al que nos referimos se llama Ed\u00e9n Rock, esto es al lado de San Vicente. En este lugar no es que est\u00e1n prohibidos los ba\u00f1os, es que no tienen guardavidas, el puesto m\u00e1s cercano est\u00e1 casi a un kil\u00f3metro<\/em>\u201d, coment\u00f3 el periodista desde Uruguay sobre lo que pas\u00f3 muy cerca de la casa de<strong> Wanda Nara<\/strong> con los hijos de <a href=\"https:\/\/www.paparazzi.com.ar\/tag\/evangelina-anderson\/\">Evangelina<\/a>.<\/p>\n<p><em>\u201cCuando hablo de milagro, lo digo porque todo fue en un momento que hubo un cambio de relevo y dos guardavidas fueron a almorzar. Al ir a almorzar, hacen una recorrida por la playa y escucharon los gritos\u201d,<\/em> recapitul\u00f3.&nbsp;<\/p>\n<h2 class=\"wp-block-heading\">LA ZONA DONDE CASI SE AHOGAN LOS HIJOS DE MART\u00cdN DEMICHELIS&nbsp;<\/h2>\n<p>El cronista explic\u00f3 en el programa de <strong>Karina Mazzocco <\/strong>que la zona del mar donde ocurri\u00f3 todo \u201c<em>est\u00e1 habilitada para ba\u00f1arse, pero es peligros\u00edsimo\u201d.<\/em> Y destac\u00f3: \u201c<em>Es muy profundo y hay un cambio de corriente que los lleva hacia adentro. Yo vivo ah\u00ed, conozco. Hay guardavidas a casi un kil\u00f3metro\u201d<\/em>.<\/p>\n<p><em>\u201cEn ese sector en particular no hay guardavidas pero no est\u00e1 prohibido\u201d<\/em>, asever\u00f3 Descalzi, y subray\u00f3 que <em>\u201ces responsabilidad de los adultos\u201d <\/em>lo que ocurra all\u00ed. Lo cierto es que Basti\u00e1n, su prima y su hermana menor fueron rescatados en circunstancias absolutamente azarosas.&nbsp;<\/p>\n<div class=\"mt-box \">\n<h4 class=\"mt-heading\">Mir\u00e1 Tambi\u00e9n<\/h4>\n<p><a href=\"https:\/\/www.paparazzi.com.ar\/teve\/el-fuerte-mensaje-de-evangelina-anderson-al-enterarse-de-que-sus-hijos-casi-se-ahogan\/\"><\/p>\n<div class=\"mt-content\">\n<div class=\"mt-image-container\"><img decoding=\"async\" src=\"https:\/\/www.paparazzi.com.ar\/wp-content\/uploads\/2026\/01\/Evangelina-Anderson-Martin-Demichelis-hijos-1-359x226.jpg\" alt=\"El fuerte mensaje de Evangelina Anderson al enterarse de que sus hijos casi se ahogan\" class=\"mt-image\" loading=\"lazy\" \/><\/div>\n<h5 class=\"mt-title\">El fuerte mensaje de Evangelina Anderson al enterarse de que sus hijos casi se ahogan<\/h5>\n<\/div>\n<p><\/a><\/div>\n<p><em>\u201cEstaban en su tiempo libre surfeando, de casualidad, un milagro que estaban en la zona porque se ve\u00eda la desesperaci\u00f3n de Demichelis y sus hijos\u201d<\/em>, comentaron y agregaron un detalle sobre el operativo improvisado: <em>\u201cLos rescatan con una tabla de surf, con lo que ten\u00edan, porque no estaban trabajando, queda en evidencia\u201d<\/em>.&nbsp;<\/p>\n<p>The post <a href=\"https:\/\/www.paparazzi.com.ar\/teve\/vivos-de-milagro-asi-actuaron-los-guardavidas-al-encontrar-a-demichelis-y-sus-hijos-ahogandose-en-el-mar\/\">\u201cVivos de milagro\u201d: as\u00ed actuaron los guardavidas al encontrar a Demichelis y sus hijos ahog\u00e1ndose en el mar<\/a> appeared first on <a href=\"https:\/\/www.paparazzi.com.ar\">Revista Paparazzi<\/a>.<\/p>\n","protected":false},"excerpt":{"rendered":"<p>Evangelina Anderson tiembla cuando recuerda lo que se enter\u00f3 por<\/p>\n","protected":false},"author":0,"featured_media":10160,"comment_status":"","ping_status":"","sticky":false,"template":"","format":"standard","meta":{"footnotes":""},"categories":[65],"tags":[],"class_list":["post-10159","post","type-post","status-publish","format-standard","has-post-thumbnail","hentry","category-pais"],"yoast_head":"<!-- This site is optimized with the Yoast SEO plugin v27.5 - https:\/\/yoast.com\/product\/yoast-seo-wordpress\/ -->\n<title>\u201cVivos de milagro\u201d: as\u00ed actuaron los guardavidas al encontrar a Demichelis y sus hijos ahog\u00e1ndose en el mar - Cuarteto en la Web<\/title>\n<meta name=\"robots\" content=\"index, follow, max-snippet:-1, max-image-preview:large, max-video-preview:-1\" \/>\n<link rel=\"canonical\" href=\"https:\/\/cuartetoenlaweb.com.ar\/sitio\/vivos-de-milagro-asi-actuaron-los-guardavidas-al-encontrar-a-demichelis-y-sus-hijos-ahogandose-en-el-mar\/\" \/>\n<meta property=\"og:locale\" content=\"es_ES\" \/>\n<meta property=\"og:type\" content=\"article\" \/>\n<meta property=\"og:title\" content=\"\u201cVivos de milagro\u201d: as\u00ed actuaron los guardavidas al encontrar a Demichelis y sus hijos ahog\u00e1ndose en el mar - Cuarteto en la Web\" \/>\n<meta property=\"og:description\" content=\"Evangelina Anderson tiembla cuando recuerda lo que se enter\u00f3 por\" \/>\n<meta property=\"og:url\" content=\"https:\/\/cuartetoenlaweb.com.ar\/sitio\/vivos-de-milagro-asi-actuaron-los-guardavidas-al-encontrar-a-demichelis-y-sus-hijos-ahogandose-en-el-mar\/\" \/>\n<meta property=\"og:site_name\" content=\"Cuarteto en la Web\" \/>\n<meta property=\"article:published_time\" content=\"2026-01-09T13:59:36+00:00\" \/>\n<meta property=\"og:image\" content=\"https:\/\/cuartetoenlaweb.com.ar\/sitio\/wp-content\/uploads\/2026\/01\/Evangelina-Anderson-Martin-Demichelis-hijos-359x226-1.jpg\" \/>\n\t<meta property=\"og:image:width\" content=\"359\" \/>\n\t<meta property=\"og:image:height\" content=\"226\" \/>\n\t<meta property=\"og:image:type\" content=\"image\/jpeg\" \/>\n<meta name=\"twitter:card\" content=\"summary_large_image\" \/>\n<meta name=\"twitter:label1\" content=\"Tiempo de lectura\" \/>\n\t<meta name=\"twitter:data1\" content=\"2 minutos\" \/>\n<script type=\"application\/ld+json\" class=\"yoast-schema-graph\">{\"@context\":\"https:\\\/\\\/schema.org\",\"@graph\":[{\"@type\":\"Article\",\"@id\":\"https:\\\/\\\/cuartetoenlaweb.com.ar\\\/sitio\\\/vivos-de-milagro-asi-actuaron-los-guardavidas-al-encontrar-a-demichelis-y-sus-hijos-ahogandose-en-el-mar\\\/#article\",\"isPartOf\":{\"@id\":\"https:\\\/\\\/cuartetoenlaweb.com.ar\\\/sitio\\\/vivos-de-milagro-asi-actuaron-los-guardavidas-al-encontrar-a-demichelis-y-sus-hijos-ahogandose-en-el-mar\\\/\"},\"author\":{\"name\":\"\",\"@id\":\"\"},\"headline\":\"\u201cVivos de milagro\u201d: as\u00ed actuaron los guardavidas al encontrar a Demichelis y sus hijos ahog\u00e1ndose en el mar\",\"datePublished\":\"2026-01-09T13:59:36+00:00\",\"mainEntityOfPage\":{\"@id\":\"https:\\\/\\\/cuartetoenlaweb.com.ar\\\/sitio\\\/vivos-de-milagro-asi-actuaron-los-guardavidas-al-encontrar-a-demichelis-y-sus-hijos-ahogandose-en-el-mar\\\/\"},\"wordCount\":490,\"publisher\":{\"@id\":\"http:\\\/\\\/cuartetoenlaweb.com.ar\\\/sitio\\\/#organization\"},\"image\":{\"@id\":\"https:\\\/\\\/cuartetoenlaweb.com.ar\\\/sitio\\\/vivos-de-milagro-asi-actuaron-los-guardavidas-al-encontrar-a-demichelis-y-sus-hijos-ahogandose-en-el-mar\\\/#primaryimage\"},\"thumbnailUrl\":\"https:\\\/\\\/cuartetoenlaweb.com.ar\\\/sitio\\\/wp-content\\\/uploads\\\/2026\\\/01\\\/Evangelina-Anderson-Martin-Demichelis-hijos-359x226-1.jpg\",\"articleSection\":[\"PAIS\"],\"inLanguage\":\"es\"},{\"@type\":\"WebPage\",\"@id\":\"https:\\\/\\\/cuartetoenlaweb.com.ar\\\/sitio\\\/vivos-de-milagro-asi-actuaron-los-guardavidas-al-encontrar-a-demichelis-y-sus-hijos-ahogandose-en-el-mar\\\/\",\"url\":\"https:\\\/\\\/cuartetoenlaweb.com.ar\\\/sitio\\\/vivos-de-milagro-asi-actuaron-los-guardavidas-al-encontrar-a-demichelis-y-sus-hijos-ahogandose-en-el-mar\\\/\",\"name\":\"\u201cVivos de milagro\u201d: as\u00ed actuaron los guardavidas al encontrar a Demichelis y sus hijos ahog\u00e1ndose en el mar - Cuarteto en la Web\",\"isPartOf\":{\"@id\":\"http:\\\/\\\/cuartetoenlaweb.com.ar\\\/sitio\\\/#website\"},\"primaryImageOfPage\":{\"@id\":\"https:\\\/\\\/cuartetoenlaweb.com.ar\\\/sitio\\\/vivos-de-milagro-asi-actuaron-los-guardavidas-al-encontrar-a-demichelis-y-sus-hijos-ahogandose-en-el-mar\\\/#primaryimage\"},\"image\":{\"@id\":\"https:\\\/\\\/cuartetoenlaweb.com.ar\\\/sitio\\\/vivos-de-milagro-asi-actuaron-los-guardavidas-al-encontrar-a-demichelis-y-sus-hijos-ahogandose-en-el-mar\\\/#primaryimage\"},\"thumbnailUrl\":\"https:\\\/\\\/cuartetoenlaweb.com.ar\\\/sitio\\\/wp-content\\\/uploads\\\/2026\\\/01\\\/Evangelina-Anderson-Martin-Demichelis-hijos-359x226-1.jpg\",\"datePublished\":\"2026-01-09T13:59:36+00:00\",\"breadcrumb\":{\"@id\":\"https:\\\/\\\/cuartetoenlaweb.com.ar\\\/sitio\\\/vivos-de-milagro-asi-actuaron-los-guardavidas-al-encontrar-a-demichelis-y-sus-hijos-ahogandose-en-el-mar\\\/#breadcrumb\"},\"inLanguage\":\"es\",\"potentialAction\":[{\"@type\":\"ReadAction\",\"target\":[\"https:\\\/\\\/cuartetoenlaweb.com.ar\\\/sitio\\\/vivos-de-milagro-asi-actuaron-los-guardavidas-al-encontrar-a-demichelis-y-sus-hijos-ahogandose-en-el-mar\\\/\"]}]},{\"@type\":\"ImageObject\",\"inLanguage\":\"es\",\"@id\":\"https:\\\/\\\/cuartetoenlaweb.com.ar\\\/sitio\\\/vivos-de-milagro-asi-actuaron-los-guardavidas-al-encontrar-a-demichelis-y-sus-hijos-ahogandose-en-el-mar\\\/#primaryimage\",\"url\":\"https:\\\/\\\/cuartetoenlaweb.com.ar\\\/sitio\\\/wp-content\\\/uploads\\\/2026\\\/01\\\/Evangelina-Anderson-Martin-Demichelis-hijos-359x226-1.jpg\",\"contentUrl\":\"https:\\\/\\\/cuartetoenlaweb.com.ar\\\/sitio\\\/wp-content\\\/uploads\\\/2026\\\/01\\\/Evangelina-Anderson-Martin-Demichelis-hijos-359x226-1.jpg\",\"width\":359,\"height\":226},{\"@type\":\"BreadcrumbList\",\"@id\":\"https:\\\/\\\/cuartetoenlaweb.com.ar\\\/sitio\\\/vivos-de-milagro-asi-actuaron-los-guardavidas-al-encontrar-a-demichelis-y-sus-hijos-ahogandose-en-el-mar\\\/#breadcrumb\",\"itemListElement\":[{\"@type\":\"ListItem\",\"position\":1,\"name\":\"Portada\",\"item\":\"http:\\\/\\\/cuartetoenlaweb.com.ar\\\/sitio\\\/\"},{\"@type\":\"ListItem\",\"position\":2,\"name\":\"\u201cVivos de milagro\u201d: as\u00ed actuaron los guardavidas al encontrar a Demichelis y sus hijos ahog\u00e1ndose en el mar\"}]},{\"@type\":\"WebSite\",\"@id\":\"http:\\\/\\\/cuartetoenlaweb.com.ar\\\/sitio\\\/#website\",\"url\":\"http:\\\/\\\/cuartetoenlaweb.com.ar\\\/sitio\\\/\",\"name\":\"Cuarteto en la Web\",\"description\":\"\",\"publisher\":{\"@id\":\"http:\\\/\\\/cuartetoenlaweb.com.ar\\\/sitio\\\/#organization\"},\"potentialAction\":[{\"@type\":\"SearchAction\",\"target\":{\"@type\":\"EntryPoint\",\"urlTemplate\":\"http:\\\/\\\/cuartetoenlaweb.com.ar\\\/sitio\\\/?s={search_term_string}\"},\"query-input\":{\"@type\":\"PropertyValueSpecification\",\"valueRequired\":true,\"valueName\":\"search_term_string\"}}],\"inLanguage\":\"es\"},{\"@type\":\"Organization\",\"@id\":\"http:\\\/\\\/cuartetoenlaweb.com.ar\\\/sitio\\\/#organization\",\"name\":\"Cuarteto en la Web\",\"url\":\"http:\\\/\\\/cuartetoenlaweb.com.ar\\\/sitio\\\/\",\"logo\":{\"@type\":\"ImageObject\",\"inLanguage\":\"es\",\"@id\":\"http:\\\/\\\/cuartetoenlaweb.com.ar\\\/sitio\\\/#\\\/schema\\\/logo\\\/image\\\/\",\"url\":\"https:\\\/\\\/cuartetoenlaweb.com.ar\\\/sitio\\\/wp-content\\\/uploads\\\/2025\\\/07\\\/cropped-cropped-logitoweb21.png\",\"contentUrl\":\"https:\\\/\\\/cuartetoenlaweb.com.ar\\\/sitio\\\/wp-content\\\/uploads\\\/2025\\\/07\\\/cropped-cropped-logitoweb21.png\",\"width\":199,\"height\":199,\"caption\":\"Cuarteto en la Web\"},\"image\":{\"@id\":\"http:\\\/\\\/cuartetoenlaweb.com.ar\\\/sitio\\\/#\\\/schema\\\/logo\\\/image\\\/\"}}]}<\/script>\n<!-- \/ Yoast SEO plugin. -->","yoast_head_json":{"title":"\u201cVivos de milagro\u201d: as\u00ed actuaron los guardavidas al encontrar a Demichelis y sus hijos ahog\u00e1ndose en el mar - Cuarteto en la Web","robots":{"index":"index","follow":"follow","max-snippet":"max-snippet:-1","max-image-preview":"max-image-preview:large","max-video-preview":"max-video-preview:-1"},"canonical":"https:\/\/cuartetoenlaweb.com.ar\/sitio\/vivos-de-milagro-asi-actuaron-los-guardavidas-al-encontrar-a-demichelis-y-sus-hijos-ahogandose-en-el-mar\/","og_locale":"es_ES","og_type":"article","og_title":"\u201cVivos de milagro\u201d: as\u00ed actuaron los guardavidas al encontrar a Demichelis y sus hijos ahog\u00e1ndose en el mar - Cuarteto en la Web","og_description":"Evangelina Anderson tiembla cuando recuerda lo que se enter\u00f3 por","og_url":"https:\/\/cuartetoenlaweb.com.ar\/sitio\/vivos-de-milagro-asi-actuaron-los-guardavidas-al-encontrar-a-demichelis-y-sus-hijos-ahogandose-en-el-mar\/","og_site_name":"Cuarteto en la Web","article_published_time":"2026-01-09T13:59:36+00:00","og_image":[{"width":359,"height":226,"url":"https:\/\/cuartetoenlaweb.com.ar\/sitio\/wp-content\/uploads\/2026\/01\/Evangelina-Anderson-Martin-Demichelis-hijos-359x226-1.jpg","type":"image\/jpeg"}],"twitter_card":"summary_large_image","twitter_misc":{"Tiempo de lectura":"2 minutos"},"schema":{"@context":"https:\/\/schema.org","@graph":[{"@type":"Article","@id":"https:\/\/cuartetoenlaweb.com.ar\/sitio\/vivos-de-milagro-asi-actuaron-los-guardavidas-al-encontrar-a-demichelis-y-sus-hijos-ahogandose-en-el-mar\/#article","isPartOf":{"@id":"https:\/\/cuartetoenlaweb.com.ar\/sitio\/vivos-de-milagro-asi-actuaron-los-guardavidas-al-encontrar-a-demichelis-y-sus-hijos-ahogandose-en-el-mar\/"},"author":{"name":"","@id":""},"headline":"\u201cVivos de milagro\u201d: as\u00ed actuaron los guardavidas al encontrar a Demichelis y sus hijos ahog\u00e1ndose en el mar","datePublished":"2026-01-09T13:59:36+00:00","mainEntityOfPage":{"@id":"https:\/\/cuartetoenlaweb.com.ar\/sitio\/vivos-de-milagro-asi-actuaron-los-guardavidas-al-encontrar-a-demichelis-y-sus-hijos-ahogandose-en-el-mar\/"},"wordCount":490,"publisher":{"@id":"http:\/\/cuartetoenlaweb.com.ar\/sitio\/#organization"},"image":{"@id":"https:\/\/cuartetoenlaweb.com.ar\/sitio\/vivos-de-milagro-asi-actuaron-los-guardavidas-al-encontrar-a-demichelis-y-sus-hijos-ahogandose-en-el-mar\/#primaryimage"},"thumbnailUrl":"https:\/\/cuartetoenlaweb.com.ar\/sitio\/wp-content\/uploads\/2026\/01\/Evangelina-Anderson-Martin-Demichelis-hijos-359x226-1.jpg","articleSection":["PAIS"],"inLanguage":"es"},{"@type":"WebPage","@id":"https:\/\/cuartetoenlaweb.com.ar\/sitio\/vivos-de-milagro-asi-actuaron-los-guardavidas-al-encontrar-a-demichelis-y-sus-hijos-ahogandose-en-el-mar\/","url":"https:\/\/cuartetoenlaweb.com.ar\/sitio\/vivos-de-milagro-asi-actuaron-los-guardavidas-al-encontrar-a-demichelis-y-sus-hijos-ahogandose-en-el-mar\/","name":"\u201cVivos de milagro\u201d: as\u00ed actuaron los guardavidas al encontrar a Demichelis y sus hijos ahog\u00e1ndose en el mar - Cuarteto en la Web","isPartOf":{"@id":"http:\/\/cuartetoenlaweb.com.ar\/sitio\/#website"},"primaryImageOfPage":{"@id":"https:\/\/cuartetoenlaweb.com.ar\/sitio\/vivos-de-milagro-asi-actuaron-los-guardavidas-al-encontrar-a-demichelis-y-sus-hijos-ahogandose-en-el-mar\/#primaryimage"},"image":{"@id":"https:\/\/cuartetoenlaweb.com.ar\/sitio\/vivos-de-milagro-asi-actuaron-los-guardavidas-al-encontrar-a-demichelis-y-sus-hijos-ahogandose-en-el-mar\/#primaryimage"},"thumbnailUrl":"https:\/\/cuartetoenlaweb.com.ar\/sitio\/wp-content\/uploads\/2026\/01\/Evangelina-Anderson-Martin-Demichelis-hijos-359x226-1.jpg","datePublished":"2026-01-09T13:59:36+00:00","breadcrumb":{"@id":"https:\/\/cuartetoenlaweb.com.ar\/sitio\/vivos-de-milagro-asi-actuaron-los-guardavidas-al-encontrar-a-demichelis-y-sus-hijos-ahogandose-en-el-mar\/#breadcrumb"},"inLanguage":"es","potentialAction":[{"@type":"ReadAction","target":["https:\/\/cuartetoenlaweb.com.ar\/sitio\/vivos-de-milagro-asi-actuaron-los-guardavidas-al-encontrar-a-demichelis-y-sus-hijos-ahogandose-en-el-mar\/"]}]},{"@type":"ImageObject","inLanguage":"es","@id":"https:\/\/cuartetoenlaweb.com.ar\/sitio\/vivos-de-milagro-asi-actuaron-los-guardavidas-al-encontrar-a-demichelis-y-sus-hijos-ahogandose-en-el-mar\/#primaryimage","url":"https:\/\/cuartetoenlaweb.com.ar\/sitio\/wp-content\/uploads\/2026\/01\/Evangelina-Anderson-Martin-Demichelis-hijos-359x226-1.jpg","contentUrl":"https:\/\/cuartetoenlaweb.com.ar\/sitio\/wp-content\/uploads\/2026\/01\/Evangelina-Anderson-Martin-Demichelis-hijos-359x226-1.jpg","width":359,"height":226},{"@type":"BreadcrumbList","@id":"https:\/\/cuartetoenlaweb.com.ar\/sitio\/vivos-de-milagro-asi-actuaron-los-guardavidas-al-encontrar-a-demichelis-y-sus-hijos-ahogandose-en-el-mar\/#breadcrumb","itemListElement":[{"@type":"ListItem","position":1,"name":"Portada","item":"http:\/\/cuartetoenlaweb.com.ar\/sitio\/"},{"@type":"ListItem","position":2,"name":"\u201cVivos de milagro\u201d: as\u00ed actuaron los guardavidas al encontrar a Demichelis y sus hijos ahog\u00e1ndose en el mar"}]},{"@type":"WebSite","@id":"http:\/\/cuartetoenlaweb.com.ar\/sitio\/#website","url":"http:\/\/cuartetoenlaweb.com.ar\/sitio\/","name":"Cuarteto en la Web","description":"","publisher":{"@id":"http:\/\/cuartetoenlaweb.com.ar\/sitio\/#organization"},"potentialAction":[{"@type":"SearchAction","target":{"@type":"EntryPoint","urlTemplate":"http:\/\/cuartetoenlaweb.com.ar\/sitio\/?s={search_term_string}"},"query-input":{"@type":"PropertyValueSpecification","valueRequired":true,"valueName":"search_term_string"}}],"inLanguage":"es"},{"@type":"Organization","@id":"http:\/\/cuartetoenlaweb.com.ar\/sitio\/#organization","name":"Cuarteto en la Web","url":"http:\/\/cuartetoenlaweb.com.ar\/sitio\/","logo":{"@type":"ImageObject","inLanguage":"es","@id":"http:\/\/cuartetoenlaweb.com.ar\/sitio\/#\/schema\/logo\/image\/","url":"https:\/\/cuartetoenlaweb.com.ar\/sitio\/wp-content\/uploads\/2025\/07\/cropped-cropped-logitoweb21.png","contentUrl":"https:\/\/cuartetoenlaweb.com.ar\/sitio\/wp-content\/uploads\/2025\/07\/cropped-cropped-logitoweb21.png","width":199,"height":199,"caption":"Cuarteto en la Web"},"image":{"@id":"http:\/\/cuartetoenlaweb.com.ar\/sitio\/#\/schema\/logo\/image\/"}}]}},"_links":{"self":[{"href":"https:\/\/cuartetoenlaweb.com.ar\/sitio\/wp-json\/wp\/v2\/posts\/10159","targetHints":{"allow":["GET"]}}],"collection":[{"href":"https:\/\/cuartetoenlaweb.com.ar\/sitio\/wp-json\/wp\/v2\/posts"}],"about":[{"href":"https:\/\/cuartetoenlaweb.com.ar\/sitio\/wp-json\/wp\/v2\/types\/post"}],"replies":[{"embeddable":true,"href":"https:\/\/cuartetoenlaweb.com.ar\/sitio\/wp-json\/wp\/v2\/comments?post=10159"}],"version-history":[{"count":0,"href":"https:\/\/cuartetoenlaweb.com.ar\/sitio\/wp-json\/wp\/v2\/posts\/10159\/revisions"}],"wp:featuredmedia":[{"embeddable":true,"href":"https:\/\/cuartetoenlaweb.com.ar\/sitio\/wp-json\/wp\/v2\/media\/10160"}],"wp:attachment":[{"href":"https:\/\/cuartetoenlaweb.com.ar\/sitio\/wp-json\/wp\/v2\/media?parent=10159"}],"wp:term":[{"taxonomy":"category","embeddable":true,"href":"https:\/\/cuartetoenlaweb.com.ar\/sitio\/wp-json\/wp\/v2\/categories?post=10159"},{"taxonomy":"post_tag","embeddable":true,"href":"https:\/\/cuartetoenlaweb.com.ar\/sitio\/wp-json\/wp\/v2\/tags?post=10159"}],"curies":[{"name":"wp","href":"https:\/\/api.w.org\/{rel}","templated":true}]}}