
{"id":10153,"date":"2026-01-08T22:00:25","date_gmt":"2026-01-09T01:00:25","guid":{"rendered":"https:\/\/cuartetoenlaweb.com.ar\/sitio\/se-reune-manana-el-pj-bonaerense-para-avanzar-en-el-esquema-electoral\/"},"modified":"2026-01-08T22:00:25","modified_gmt":"2026-01-09T01:00:25","slug":"se-reune-manana-el-pj-bonaerense-para-avanzar-en-el-esquema-electoral","status":"publish","type":"post","link":"https:\/\/cuartetoenlaweb.com.ar\/sitio\/se-reune-manana-el-pj-bonaerense-para-avanzar-en-el-esquema-electoral\/","title":{"rendered":"Se re\u00fane ma\u00f1ana el PJ bonaerense para avanzar en el esquema electoral"},"content":{"rendered":"<p>Buenos Aires, 8 enero (NA) \u2013 El Partido Justicialista bonaerense, que encabeza el diputado nacional de Uni\u00f3n por la Patria M\u00e1ximo Kirchner, se reunir\u00e1 ma\u00f1ana para avanzar en el dise\u00f1o del esquema electoral de cara a la instancia de renovaci\u00f3n de autoridades prevista para el pr\u00f3ximo 15 de marzo.<\/p>\n<p>La reuni\u00f3n de la Junta partidaria, la segunda de este tipo desde que se acord\u00f3 llamar a elecciones en marzo, tendr\u00e1 una modalidad mixta (con participaci\u00f3n presencial y remota seg\u00fan el caso) y le dar\u00e1 continuidad al debate en torno al formato que tendr\u00e1n las elecciones, un asunto a\u00fan no saldado: si habr\u00e1 lista de unidad o competencia.<\/p>\n<p>Lo que est\u00e1 en juego es la sucesi\u00f3n de M\u00e1ximo Kirchner en la conducci\u00f3n del partido a nivel bonaerense.<\/p>\n<p>El gobernador Axel Kicillof busca que ese sill\u00f3n sea ocupado por alguien de su m\u00e1xima confianza que alinee el partido a su gesti\u00f3n y a su proyecto presidencial de cara al 2027.<\/p>\n<p>Los nombres que pican en punta son los de su vicegobernadora, Ver\u00f3nica Magario, el intendente de La Plata, Julio Alak, y su ministro de Infraestructura, Gabriel Katopodis.<\/p>\n<p>El jefe de La C\u00e1mpora pretende que el kirchnerismo siga teniendo el control del partido.<\/p>\n<p>Por este sector piden pista los intendentes de Lomas de Zamora, Federico Oterm\u00edn, de Moreno, Mariel Fern\u00e1ndez, y de Malvinas Argentinas, Leonardo Nardini. <\/p>\n<p>El pasado 26 de diciembre, la junta partidaria presidida por Nardini logr\u00f3 definir el reglamento para el hipot\u00e9tico caso en que se desarrollen elecciones internas para definir la integraci\u00f3n del consejo con sus respectivas autoridades. <\/p>\n<p>Entre otros aspectos, se acord\u00f3 que las listas de candidatos deber\u00e1n seguir la Ley de Paridad de G\u00e9nero y tener el respaldo de avales de afiliados.<\/p>\n<p>#AgenciaNA<\/p>\n","protected":false},"excerpt":{"rendered":"<p>Buenos Aires, 8 enero (NA) \u2013 El Partido Justicialista bonaerense,<\/p>\n","protected":false},"author":0,"featured_media":10154,"comment_status":"","ping_status":"","sticky":false,"template":"","format":"standard","meta":{"footnotes":""},"categories":[65],"tags":[],"class_list":["post-10153","post","type-post","status-publish","format-standard","has-post-thumbnail","hentry","category-pais"],"yoast_head":"<!-- This site is optimized with the Yoast SEO plugin v27.5 - https:\/\/yoast.com\/product\/yoast-seo-wordpress\/ -->\n<title>Se re\u00fane ma\u00f1ana el PJ bonaerense para avanzar en el esquema electoral - Cuarteto en la Web<\/title>\n<meta name=\"robots\" content=\"index, follow, max-snippet:-1, max-image-preview:large, max-video-preview:-1\" \/>\n<link rel=\"canonical\" href=\"https:\/\/cuartetoenlaweb.com.ar\/sitio\/se-reune-manana-el-pj-bonaerense-para-avanzar-en-el-esquema-electoral\/\" \/>\n<meta property=\"og:locale\" content=\"es_ES\" \/>\n<meta property=\"og:type\" content=\"article\" \/>\n<meta property=\"og:title\" content=\"Se re\u00fane ma\u00f1ana el PJ bonaerense para avanzar en el esquema electoral - Cuarteto en la Web\" \/>\n<meta property=\"og:description\" content=\"Buenos Aires, 8 enero (NA) \u2013 El Partido Justicialista bonaerense,\" \/>\n<meta property=\"og:url\" content=\"https:\/\/cuartetoenlaweb.com.ar\/sitio\/se-reune-manana-el-pj-bonaerense-para-avanzar-en-el-esquema-electoral\/\" \/>\n<meta property=\"og:site_name\" content=\"Cuarteto en la Web\" \/>\n<meta property=\"article:published_time\" content=\"2026-01-09T01:00:25+00:00\" \/>\n<meta property=\"og:image\" content=\"https:\/\/cuartetoenlaweb.com.ar\/sitio\/wp-content\/uploads\/2026\/01\/720-72.jpeg\" \/>\n\t<meta property=\"og:image:width\" content=\"988\" \/>\n\t<meta property=\"og:image:height\" content=\"720\" \/>\n\t<meta property=\"og:image:type\" content=\"image\/jpeg\" \/>\n<meta name=\"twitter:card\" content=\"summary_large_image\" \/>\n<meta name=\"twitter:label1\" content=\"Tiempo de lectura\" \/>\n\t<meta name=\"twitter:data1\" content=\"2 minutos\" \/>\n<script type=\"application\/ld+json\" class=\"yoast-schema-graph\">{\"@context\":\"https:\\\/\\\/schema.org\",\"@graph\":[{\"@type\":\"Article\",\"@id\":\"https:\\\/\\\/cuartetoenlaweb.com.ar\\\/sitio\\\/se-reune-manana-el-pj-bonaerense-para-avanzar-en-el-esquema-electoral\\\/#article\",\"isPartOf\":{\"@id\":\"https:\\\/\\\/cuartetoenlaweb.com.ar\\\/sitio\\\/se-reune-manana-el-pj-bonaerense-para-avanzar-en-el-esquema-electoral\\\/\"},\"author\":{\"name\":\"\",\"@id\":\"\"},\"headline\":\"Se re\u00fane ma\u00f1ana el PJ bonaerense para avanzar en el esquema electoral\",\"datePublished\":\"2026-01-09T01:00:25+00:00\",\"mainEntityOfPage\":{\"@id\":\"https:\\\/\\\/cuartetoenlaweb.com.ar\\\/sitio\\\/se-reune-manana-el-pj-bonaerense-para-avanzar-en-el-esquema-electoral\\\/\"},\"wordCount\":319,\"publisher\":{\"@id\":\"http:\\\/\\\/cuartetoenlaweb.com.ar\\\/sitio\\\/#organization\"},\"image\":{\"@id\":\"https:\\\/\\\/cuartetoenlaweb.com.ar\\\/sitio\\\/se-reune-manana-el-pj-bonaerense-para-avanzar-en-el-esquema-electoral\\\/#primaryimage\"},\"thumbnailUrl\":\"https:\\\/\\\/cuartetoenlaweb.com.ar\\\/sitio\\\/wp-content\\\/uploads\\\/2026\\\/01\\\/720-72.jpeg\",\"articleSection\":[\"PAIS\"],\"inLanguage\":\"es\"},{\"@type\":\"WebPage\",\"@id\":\"https:\\\/\\\/cuartetoenlaweb.com.ar\\\/sitio\\\/se-reune-manana-el-pj-bonaerense-para-avanzar-en-el-esquema-electoral\\\/\",\"url\":\"https:\\\/\\\/cuartetoenlaweb.com.ar\\\/sitio\\\/se-reune-manana-el-pj-bonaerense-para-avanzar-en-el-esquema-electoral\\\/\",\"name\":\"Se re\u00fane ma\u00f1ana el PJ bonaerense para avanzar en el esquema electoral - Cuarteto en la Web\",\"isPartOf\":{\"@id\":\"http:\\\/\\\/cuartetoenlaweb.com.ar\\\/sitio\\\/#website\"},\"primaryImageOfPage\":{\"@id\":\"https:\\\/\\\/cuartetoenlaweb.com.ar\\\/sitio\\\/se-reune-manana-el-pj-bonaerense-para-avanzar-en-el-esquema-electoral\\\/#primaryimage\"},\"image\":{\"@id\":\"https:\\\/\\\/cuartetoenlaweb.com.ar\\\/sitio\\\/se-reune-manana-el-pj-bonaerense-para-avanzar-en-el-esquema-electoral\\\/#primaryimage\"},\"thumbnailUrl\":\"https:\\\/\\\/cuartetoenlaweb.com.ar\\\/sitio\\\/wp-content\\\/uploads\\\/2026\\\/01\\\/720-72.jpeg\",\"datePublished\":\"2026-01-09T01:00:25+00:00\",\"breadcrumb\":{\"@id\":\"https:\\\/\\\/cuartetoenlaweb.com.ar\\\/sitio\\\/se-reune-manana-el-pj-bonaerense-para-avanzar-en-el-esquema-electoral\\\/#breadcrumb\"},\"inLanguage\":\"es\",\"potentialAction\":[{\"@type\":\"ReadAction\",\"target\":[\"https:\\\/\\\/cuartetoenlaweb.com.ar\\\/sitio\\\/se-reune-manana-el-pj-bonaerense-para-avanzar-en-el-esquema-electoral\\\/\"]}]},{\"@type\":\"ImageObject\",\"inLanguage\":\"es\",\"@id\":\"https:\\\/\\\/cuartetoenlaweb.com.ar\\\/sitio\\\/se-reune-manana-el-pj-bonaerense-para-avanzar-en-el-esquema-electoral\\\/#primaryimage\",\"url\":\"https:\\\/\\\/cuartetoenlaweb.com.ar\\\/sitio\\\/wp-content\\\/uploads\\\/2026\\\/01\\\/720-72.jpeg\",\"contentUrl\":\"https:\\\/\\\/cuartetoenlaweb.com.ar\\\/sitio\\\/wp-content\\\/uploads\\\/2026\\\/01\\\/720-72.jpeg\",\"width\":988,\"height\":720},{\"@type\":\"BreadcrumbList\",\"@id\":\"https:\\\/\\\/cuartetoenlaweb.com.ar\\\/sitio\\\/se-reune-manana-el-pj-bonaerense-para-avanzar-en-el-esquema-electoral\\\/#breadcrumb\",\"itemListElement\":[{\"@type\":\"ListItem\",\"position\":1,\"name\":\"Portada\",\"item\":\"http:\\\/\\\/cuartetoenlaweb.com.ar\\\/sitio\\\/\"},{\"@type\":\"ListItem\",\"position\":2,\"name\":\"Se re\u00fane ma\u00f1ana el PJ bonaerense para avanzar en el esquema electoral\"}]},{\"@type\":\"WebSite\",\"@id\":\"http:\\\/\\\/cuartetoenlaweb.com.ar\\\/sitio\\\/#website\",\"url\":\"http:\\\/\\\/cuartetoenlaweb.com.ar\\\/sitio\\\/\",\"name\":\"Cuarteto en la Web\",\"description\":\"\",\"publisher\":{\"@id\":\"http:\\\/\\\/cuartetoenlaweb.com.ar\\\/sitio\\\/#organization\"},\"potentialAction\":[{\"@type\":\"SearchAction\",\"target\":{\"@type\":\"EntryPoint\",\"urlTemplate\":\"http:\\\/\\\/cuartetoenlaweb.com.ar\\\/sitio\\\/?s={search_term_string}\"},\"query-input\":{\"@type\":\"PropertyValueSpecification\",\"valueRequired\":true,\"valueName\":\"search_term_string\"}}],\"inLanguage\":\"es\"},{\"@type\":\"Organization\",\"@id\":\"http:\\\/\\\/cuartetoenlaweb.com.ar\\\/sitio\\\/#organization\",\"name\":\"Cuarteto en la Web\",\"url\":\"http:\\\/\\\/cuartetoenlaweb.com.ar\\\/sitio\\\/\",\"logo\":{\"@type\":\"ImageObject\",\"inLanguage\":\"es\",\"@id\":\"http:\\\/\\\/cuartetoenlaweb.com.ar\\\/sitio\\\/#\\\/schema\\\/logo\\\/image\\\/\",\"url\":\"https:\\\/\\\/cuartetoenlaweb.com.ar\\\/sitio\\\/wp-content\\\/uploads\\\/2025\\\/07\\\/cropped-cropped-logitoweb21.png\",\"contentUrl\":\"https:\\\/\\\/cuartetoenlaweb.com.ar\\\/sitio\\\/wp-content\\\/uploads\\\/2025\\\/07\\\/cropped-cropped-logitoweb21.png\",\"width\":199,\"height\":199,\"caption\":\"Cuarteto en la Web\"},\"image\":{\"@id\":\"http:\\\/\\\/cuartetoenlaweb.com.ar\\\/sitio\\\/#\\\/schema\\\/logo\\\/image\\\/\"}}]}<\/script>\n<!-- \/ Yoast SEO plugin. -->","yoast_head_json":{"title":"Se re\u00fane ma\u00f1ana el PJ bonaerense para avanzar en el esquema electoral - Cuarteto en la Web","robots":{"index":"index","follow":"follow","max-snippet":"max-snippet:-1","max-image-preview":"max-image-preview:large","max-video-preview":"max-video-preview:-1"},"canonical":"https:\/\/cuartetoenlaweb.com.ar\/sitio\/se-reune-manana-el-pj-bonaerense-para-avanzar-en-el-esquema-electoral\/","og_locale":"es_ES","og_type":"article","og_title":"Se re\u00fane ma\u00f1ana el PJ bonaerense para avanzar en el esquema electoral - Cuarteto en la Web","og_description":"Buenos Aires, 8 enero (NA) \u2013 El Partido Justicialista bonaerense,","og_url":"https:\/\/cuartetoenlaweb.com.ar\/sitio\/se-reune-manana-el-pj-bonaerense-para-avanzar-en-el-esquema-electoral\/","og_site_name":"Cuarteto en la Web","article_published_time":"2026-01-09T01:00:25+00:00","og_image":[{"width":988,"height":720,"url":"https:\/\/cuartetoenlaweb.com.ar\/sitio\/wp-content\/uploads\/2026\/01\/720-72.jpeg","type":"image\/jpeg"}],"twitter_card":"summary_large_image","twitter_misc":{"Tiempo de lectura":"2 minutos"},"schema":{"@context":"https:\/\/schema.org","@graph":[{"@type":"Article","@id":"https:\/\/cuartetoenlaweb.com.ar\/sitio\/se-reune-manana-el-pj-bonaerense-para-avanzar-en-el-esquema-electoral\/#article","isPartOf":{"@id":"https:\/\/cuartetoenlaweb.com.ar\/sitio\/se-reune-manana-el-pj-bonaerense-para-avanzar-en-el-esquema-electoral\/"},"author":{"name":"","@id":""},"headline":"Se re\u00fane ma\u00f1ana el PJ bonaerense para avanzar en el esquema electoral","datePublished":"2026-01-09T01:00:25+00:00","mainEntityOfPage":{"@id":"https:\/\/cuartetoenlaweb.com.ar\/sitio\/se-reune-manana-el-pj-bonaerense-para-avanzar-en-el-esquema-electoral\/"},"wordCount":319,"publisher":{"@id":"http:\/\/cuartetoenlaweb.com.ar\/sitio\/#organization"},"image":{"@id":"https:\/\/cuartetoenlaweb.com.ar\/sitio\/se-reune-manana-el-pj-bonaerense-para-avanzar-en-el-esquema-electoral\/#primaryimage"},"thumbnailUrl":"https:\/\/cuartetoenlaweb.com.ar\/sitio\/wp-content\/uploads\/2026\/01\/720-72.jpeg","articleSection":["PAIS"],"inLanguage":"es"},{"@type":"WebPage","@id":"https:\/\/cuartetoenlaweb.com.ar\/sitio\/se-reune-manana-el-pj-bonaerense-para-avanzar-en-el-esquema-electoral\/","url":"https:\/\/cuartetoenlaweb.com.ar\/sitio\/se-reune-manana-el-pj-bonaerense-para-avanzar-en-el-esquema-electoral\/","name":"Se re\u00fane ma\u00f1ana el PJ bonaerense para avanzar en el esquema electoral - Cuarteto en la Web","isPartOf":{"@id":"http:\/\/cuartetoenlaweb.com.ar\/sitio\/#website"},"primaryImageOfPage":{"@id":"https:\/\/cuartetoenlaweb.com.ar\/sitio\/se-reune-manana-el-pj-bonaerense-para-avanzar-en-el-esquema-electoral\/#primaryimage"},"image":{"@id":"https:\/\/cuartetoenlaweb.com.ar\/sitio\/se-reune-manana-el-pj-bonaerense-para-avanzar-en-el-esquema-electoral\/#primaryimage"},"thumbnailUrl":"https:\/\/cuartetoenlaweb.com.ar\/sitio\/wp-content\/uploads\/2026\/01\/720-72.jpeg","datePublished":"2026-01-09T01:00:25+00:00","breadcrumb":{"@id":"https:\/\/cuartetoenlaweb.com.ar\/sitio\/se-reune-manana-el-pj-bonaerense-para-avanzar-en-el-esquema-electoral\/#breadcrumb"},"inLanguage":"es","potentialAction":[{"@type":"ReadAction","target":["https:\/\/cuartetoenlaweb.com.ar\/sitio\/se-reune-manana-el-pj-bonaerense-para-avanzar-en-el-esquema-electoral\/"]}]},{"@type":"ImageObject","inLanguage":"es","@id":"https:\/\/cuartetoenlaweb.com.ar\/sitio\/se-reune-manana-el-pj-bonaerense-para-avanzar-en-el-esquema-electoral\/#primaryimage","url":"https:\/\/cuartetoenlaweb.com.ar\/sitio\/wp-content\/uploads\/2026\/01\/720-72.jpeg","contentUrl":"https:\/\/cuartetoenlaweb.com.ar\/sitio\/wp-content\/uploads\/2026\/01\/720-72.jpeg","width":988,"height":720},{"@type":"BreadcrumbList","@id":"https:\/\/cuartetoenlaweb.com.ar\/sitio\/se-reune-manana-el-pj-bonaerense-para-avanzar-en-el-esquema-electoral\/#breadcrumb","itemListElement":[{"@type":"ListItem","position":1,"name":"Portada","item":"http:\/\/cuartetoenlaweb.com.ar\/sitio\/"},{"@type":"ListItem","position":2,"name":"Se re\u00fane ma\u00f1ana el PJ bonaerense para avanzar en el esquema electoral"}]},{"@type":"WebSite","@id":"http:\/\/cuartetoenlaweb.com.ar\/sitio\/#website","url":"http:\/\/cuartetoenlaweb.com.ar\/sitio\/","name":"Cuarteto en la Web","description":"","publisher":{"@id":"http:\/\/cuartetoenlaweb.com.ar\/sitio\/#organization"},"potentialAction":[{"@type":"SearchAction","target":{"@type":"EntryPoint","urlTemplate":"http:\/\/cuartetoenlaweb.com.ar\/sitio\/?s={search_term_string}"},"query-input":{"@type":"PropertyValueSpecification","valueRequired":true,"valueName":"search_term_string"}}],"inLanguage":"es"},{"@type":"Organization","@id":"http:\/\/cuartetoenlaweb.com.ar\/sitio\/#organization","name":"Cuarteto en la Web","url":"http:\/\/cuartetoenlaweb.com.ar\/sitio\/","logo":{"@type":"ImageObject","inLanguage":"es","@id":"http:\/\/cuartetoenlaweb.com.ar\/sitio\/#\/schema\/logo\/image\/","url":"https:\/\/cuartetoenlaweb.com.ar\/sitio\/wp-content\/uploads\/2025\/07\/cropped-cropped-logitoweb21.png","contentUrl":"https:\/\/cuartetoenlaweb.com.ar\/sitio\/wp-content\/uploads\/2025\/07\/cropped-cropped-logitoweb21.png","width":199,"height":199,"caption":"Cuarteto en la Web"},"image":{"@id":"http:\/\/cuartetoenlaweb.com.ar\/sitio\/#\/schema\/logo\/image\/"}}]}},"_links":{"self":[{"href":"https:\/\/cuartetoenlaweb.com.ar\/sitio\/wp-json\/wp\/v2\/posts\/10153","targetHints":{"allow":["GET"]}}],"collection":[{"href":"https:\/\/cuartetoenlaweb.com.ar\/sitio\/wp-json\/wp\/v2\/posts"}],"about":[{"href":"https:\/\/cuartetoenlaweb.com.ar\/sitio\/wp-json\/wp\/v2\/types\/post"}],"replies":[{"embeddable":true,"href":"https:\/\/cuartetoenlaweb.com.ar\/sitio\/wp-json\/wp\/v2\/comments?post=10153"}],"version-history":[{"count":0,"href":"https:\/\/cuartetoenlaweb.com.ar\/sitio\/wp-json\/wp\/v2\/posts\/10153\/revisions"}],"wp:featuredmedia":[{"embeddable":true,"href":"https:\/\/cuartetoenlaweb.com.ar\/sitio\/wp-json\/wp\/v2\/media\/10154"}],"wp:attachment":[{"href":"https:\/\/cuartetoenlaweb.com.ar\/sitio\/wp-json\/wp\/v2\/media?parent=10153"}],"wp:term":[{"taxonomy":"category","embeddable":true,"href":"https:\/\/cuartetoenlaweb.com.ar\/sitio\/wp-json\/wp\/v2\/categories?post=10153"},{"taxonomy":"post_tag","embeddable":true,"href":"https:\/\/cuartetoenlaweb.com.ar\/sitio\/wp-json\/wp\/v2\/tags?post=10153"}],"curies":[{"name":"wp","href":"https:\/\/api.w.org\/{rel}","templated":true}]}}