
{"id":10147,"date":"2026-01-08T22:00:15","date_gmt":"2026-01-09T01:00:15","guid":{"rendered":"https:\/\/cuartetoenlaweb.com.ar\/sitio\/el-drama-de-evangelina-anderson-al-enterarse-que-martin-demichelis-y-sus-hijos-se-ahogaron-y-tuvieron-que-ser-rescatados\/"},"modified":"2026-01-08T22:00:15","modified_gmt":"2026-01-09T01:00:15","slug":"el-drama-de-evangelina-anderson-al-enterarse-que-martin-demichelis-y-sus-hijos-se-ahogaron-y-tuvieron-que-ser-rescatados","status":"publish","type":"post","link":"https:\/\/cuartetoenlaweb.com.ar\/sitio\/el-drama-de-evangelina-anderson-al-enterarse-que-martin-demichelis-y-sus-hijos-se-ahogaron-y-tuvieron-que-ser-rescatados\/","title":{"rendered":"El drama de Evangelina Anderson al enterarse que Mart\u00edn Demichelis y sus hijos se ahogaron y tuvieron que ser rescatados"},"content":{"rendered":"<p>Las fuertes im\u00e1genes de <strong>Mart\u00edn Demichelis<\/strong> ahog\u00e1ndose en el mar de Punta del Este junto a sus hijos dejaron en shock al mundo del espect\u00e1culo. El entrenador no la pas\u00f3 nada bien en medio de sus vacaciones y por poco no se dio una tragedia para lamentar. En medio de todo esto, la palabra de <strong>Evangelina Anderson<\/strong> fue de las m\u00e1s buscadas, ya que no sab\u00eda c\u00f3mo iba a reaccionar a todo esto.<\/p>\n<p><em>\u201cEllos decidieron ba\u00f1arse en una playa donde est\u00e1 prohibido entrar\u201d<\/em>, dijo Karina Mazzocco sobre la responsabilidad que tuvo <strong><a href=\"https:\/\/www.paparazzi.com.ar\/teve\/fuerte-video-martin-demichelis-y-sus-hijos-casi-se-ahogan-en-el-mar-de-punta-del-este-tuvieron-que-rescatarlos-los-guardavidas\/\">Demichelis<\/a><\/strong>. Es que en definitiva, todo parece indicar que el DT era el \u00fanico mayor responsable, ya que se encontraba con sus hijos y su sobrina. Una situaci\u00f3n que se sali\u00f3 de control e impact\u00f3 a todos.<\/p>\n<p>En este contexto, Santiago Sposato cont\u00f3 en A la tarde c\u00f3mo fue el momento en el que <strong>Evangelina<\/strong> supo lo que realmente pas\u00f3 con sus hijos. \u00bfLa peor parte? No fue <strong><a href=\"https:\/\/www.paparazzi.com.ar\/romances\/evangelina-anderson-se-metio-en-la-violenta-pelea-de-demichelis-con-su-novia-y-ardio-todo-su-furioso-descargo\/\">Demichelis<\/a><\/strong> el encargado de dec\u00edrselo, sino que tuvo conocimiento de la situaci\u00f3n por <strong>Bastian<\/strong>, su hijo mayor. <em>\u201cSe enter\u00f3 en el avi\u00f3n volviendo a Buenos Aires y por uno de sus hijos. No se enter\u00f3 por Mart\u00edn Demichelis\u201d<\/em>, dijo.<\/p>\n<div class=\"mt-box \">\n<h4 class=\"mt-heading\">Mir\u00e1 Tambi\u00e9n<\/h4>\n<p><a href=\"https:\/\/www.paparazzi.com.ar\/videos\/exclusivo-tomas-dente-habla-de-su-particular-estilo-de-vida-no-tengo-sexo-ni-como-pizza-desde-hace-20-anos\/\"><\/p>\n<div class=\"mt-content\">\n<div class=\"mt-image-container\"><img decoding=\"async\" src=\"https:\/\/www.paparazzi.com.ar\/wp-content\/uploads\/2026\/01\/CHIMENTEROS-PORTADA-YT-TOMI-DENTE-359x226.jpg\" alt=\"\u00a1Exclusivo! Tom\u00e1s Dente habla de su particular estilo de vida: \u201cNo tengo sexo ni como pizza desde hace 20 a\u00f1os\u201d\" class=\"mt-image\" loading=\"lazy\" \/><\/div>\n<h5 class=\"mt-title\">\u00a1Exclusivo! Tom\u00e1s Dente habla de su particular estilo de vida: \u201cNo tengo sexo ni como pizza desde hace 20 a\u00f1os\u201d<\/h5>\n<\/div>\n<p><\/a><\/div>\n<p><em>\u201cEsto pas\u00f3 el 31 de diciembre, pero ella se entera el 4 de enero volviendo en el avi\u00f3n con sus hijos porque el mayor, Bastian, se lo cuenta\u201d,<\/em> sigui\u00f3 relatando el periodista. Por supuesto, esto no le cay\u00f3 nada bien a <strong><a href=\"https:\/\/www.paparazzi.com.ar\/teve\/fuerte-video-violenta-pelea-de-martin-demichelis-con-su-nueva-novia-intervino-la-seguridad-y\/\">Evangelina<\/a><\/strong>, que explot\u00f3 de angustia y bronca: <em>\u201cEst\u00e1 totalmente indignada. Cuatro d\u00edas despu\u00e9s ella se entera que dos de sus hijos podr\u00edan haber muerto\u201d<\/em>.<\/p>\n<h2 class=\"wp-block-heading\">EL DESESPERANTE MOMENTO DE MART\u00cdN DEMICHELIS Y SUS HIJOS CUANDO CASI SE AHOGAN EN PUNTA DEL ESTE<\/h2>\n<p><em>\u201cPod\u00edan haber muerto. Es la tragedia que no fue, morir en fin de a\u00f1o en Punta del Este. Tan solo un instante pod\u00eda separar la tragedia del rescate milagroso\u00bb<\/em>, explic\u00f3 Luis Bremer. En las im\u00e1genes se puede ver c\u00f3mo tanto <strong>Demichelis<\/strong>, sus hijos y su sobrina eran rescatados del mar con absoluta dificultad para respirar, luego de un valiente accionar de los surfers.<\/p>\n<p>El dram\u00e1tico episodio tuvo lugar en la playa de Laguna Escondida, en Jos\u00e9 Ignacio. Seg\u00fan relat\u00f3 Mazzocco, <strong>Demichelis<\/strong> y su familia <em>\u201centraron, vieron un mar calmo, apacible, 31 de diciembre, hac\u00eda un calor de morirse. Quisieron, eh, darse un ba\u00f1o de mar y resulta ser que luego no pod\u00edan salir\u201d<\/em>. Por eso mismo se habl\u00f3 del enojo de <strong>Evangelina<\/strong>, porque se enter\u00f3 mucho despu\u00e9s de lo sucedido.<\/p>\n<div class=\"mt-box \">\n<h4 class=\"mt-heading\">Mir\u00e1 Tambi\u00e9n<\/h4>\n<p><a href=\"https:\/\/www.paparazzi.com.ar\/teve\/fuerte-video-martin-demichelis-y-sus-hijos-casi-se-ahogan-en-el-mar-de-punta-del-este-tuvieron-que-rescatarlos-los-guardavidas\/\"><\/p>\n<div class=\"mt-content\">\n<div class=\"mt-image-container\"><img decoding=\"async\" src=\"https:\/\/www.paparazzi.com.ar\/wp-content\/uploads\/2026\/01\/Martin-Demichelis-ahogado-359x226.jpg\" alt=\"\u00a1Dram\u00e1tico video! Mart\u00edn Demichelis y sus hijos casi se ahogan en el mar de Punta del Este: tuvieron que rescatarlos los guardavidas\" class=\"mt-image\" loading=\"lazy\" \/><\/div>\n<h5 class=\"mt-title\">\u00a1Dram\u00e1tico video! Mart\u00edn Demichelis y sus hijos casi se ahogan en el mar de Punta del Este: tuvieron que rescatarlos los guardavidas<\/h5>\n<\/div>\n<p><\/a><\/div>\n<p><em>\u201cSe ve a Mart\u00edn Demichelis flotando en el agua, casi tapado por las olas. Estaba Bastian, tambi\u00e9n estaba su sobrina. Estaba tambi\u00e9n su nena, Abrojito\u201d<\/em>, explic\u00f3 Oliver Quiroz, analizando las im\u00e1genes y la desesperaci\u00f3n incluso de los integrantes de la familia. Lo que parec\u00eda ser una tarde de diversi\u00f3n, r\u00e1pidamente se transform\u00f3 en una pesadilla para la familia de <strong>Demichelis<\/strong>.<\/p>\n<p><em>\u201cNo, ten\u00e9s que ser muy salame. Si hay carteles que dicen: \u2018No te pod\u00e9s ba\u00f1ar\u2019, no te pod\u00e9s ba\u00f1ar. Entonces, es totalmente culpable Demichelis\u201d<\/em>, dispararon desde el panel de Karina Mazzocco, responsabilizando por completo a <strong>Demichelis<\/strong> sobre esta tragedia que no fue. Por fortuna, hoy todos pueden contarla y se evit\u00f3 que algo much\u00edsimo m\u00e1s grave sucediera.<\/p>\n<div class=\"mt-box \">\n<h4 class=\"mt-heading\">Mir\u00e1 Tambi\u00e9n<\/h4>\n<p><a href=\"https:\/\/www.paparazzi.com.ar\/romances\/evangelina-anderson-se-metio-en-la-violenta-pelea-de-demichelis-con-su-novia-y-ardio-todo-su-furioso-descargo\/\"><\/p>\n<div class=\"mt-content\">\n<div class=\"mt-image-container\"><img decoding=\"async\" src=\"https:\/\/www.paparazzi.com.ar\/wp-content\/uploads\/2026\/01\/Evangelina-Anderson-se-metio-en-la-violenta-pelea-de-Demichelis-con-su-novia-y-ardio-todo-su-furioso-descargo-359x226.jpg\" alt=\"Evangelina Anderson se meti\u00f3 en la violenta pelea de Demichelis con su novia y ardi\u00f3 todo: su furioso descargo\" class=\"mt-image\" loading=\"lazy\" \/><\/div>\n<h5 class=\"mt-title\">Evangelina Anderson se meti\u00f3 en la violenta pelea de Demichelis con su novia y ardi\u00f3 todo: su furioso descargo<\/h5>\n<\/div>\n<p><\/a><\/div>\n<div class=\"mt-box \">\n<h4 class=\"mt-heading\">Mir\u00e1 Tambi\u00e9n<\/h4>\n<p><a href=\"https:\/\/www.paparazzi.com.ar\/teve\/fuerte-video-violenta-pelea-de-martin-demichelis-con-su-nueva-novia-intervino-la-seguridad-y\/\"><\/p>\n<div class=\"mt-content\">\n<div class=\"mt-image-container\"><img decoding=\"async\" src=\"https:\/\/www.paparazzi.com.ar\/wp-content\/uploads\/2026\/01\/demichelis-martin-359x226.jpg\" alt=\"\u00a1Fuerte video! Violenta pelea de Mart\u00edn Demichelis con su nueva novia: \u201cIntervino la seguridad y\u2026\u201d\" class=\"mt-image\" loading=\"lazy\" \/><\/div>\n<h5 class=\"mt-title\">\u00a1Fuerte video! Violenta pelea de Mart\u00edn Demichelis con su nueva novia: \u201cIntervino la seguridad y\u2026\u201d<\/h5>\n<\/div>\n<p><\/a><\/div>\n<p>The post <a href=\"https:\/\/www.paparazzi.com.ar\/teve\/el-drama-de-evangelina-anderson-al-ver-a-martin-demichelis-y-sus-hijos-ahogandose-en-punta-del-este\/\">El drama de Evangelina Anderson al enterarse que Mart\u00edn Demichelis y sus hijos se ahogaron y tuvieron que ser rescatados<\/a> appeared first on <a href=\"https:\/\/www.paparazzi.com.ar\">Revista Paparazzi<\/a>.<\/p>\n","protected":false},"excerpt":{"rendered":"<p>Las fuertes im\u00e1genes de Mart\u00edn Demichelis ahog\u00e1ndose en el mar<\/p>\n","protected":false},"author":0,"featured_media":10148,"comment_status":"","ping_status":"","sticky":false,"template":"","format":"standard","meta":{"footnotes":""},"categories":[65],"tags":[],"class_list":["post-10147","post","type-post","status-publish","format-standard","has-post-thumbnail","hentry","category-pais"],"yoast_head":"<!-- This site is optimized with the Yoast SEO plugin v27.5 - https:\/\/yoast.com\/product\/yoast-seo-wordpress\/ -->\n<title>El drama de Evangelina Anderson al enterarse que Mart\u00edn Demichelis y sus hijos se ahogaron y tuvieron que ser rescatados - Cuarteto en la Web<\/title>\n<meta name=\"robots\" content=\"index, follow, max-snippet:-1, max-image-preview:large, max-video-preview:-1\" \/>\n<link rel=\"canonical\" href=\"https:\/\/cuartetoenlaweb.com.ar\/sitio\/el-drama-de-evangelina-anderson-al-enterarse-que-martin-demichelis-y-sus-hijos-se-ahogaron-y-tuvieron-que-ser-rescatados\/\" \/>\n<meta property=\"og:locale\" content=\"es_ES\" \/>\n<meta property=\"og:type\" content=\"article\" \/>\n<meta property=\"og:title\" content=\"El drama de Evangelina Anderson al enterarse que Mart\u00edn Demichelis y sus hijos se ahogaron y tuvieron que ser rescatados - Cuarteto en la Web\" \/>\n<meta property=\"og:description\" content=\"Las fuertes im\u00e1genes de Mart\u00edn Demichelis ahog\u00e1ndose en el mar\" \/>\n<meta property=\"og:url\" content=\"https:\/\/cuartetoenlaweb.com.ar\/sitio\/el-drama-de-evangelina-anderson-al-enterarse-que-martin-demichelis-y-sus-hijos-se-ahogaron-y-tuvieron-que-ser-rescatados\/\" \/>\n<meta property=\"og:site_name\" content=\"Cuarteto en la Web\" \/>\n<meta property=\"article:published_time\" content=\"2026-01-09T01:00:15+00:00\" \/>\n<meta property=\"og:image\" content=\"https:\/\/cuartetoenlaweb.com.ar\/sitio\/wp-content\/uploads\/2026\/01\/CHIMENTEROS-PORTADA-YT-TOMI-DENTE-359x226-14.jpg\" \/>\n\t<meta property=\"og:image:width\" content=\"359\" \/>\n\t<meta property=\"og:image:height\" content=\"226\" \/>\n\t<meta property=\"og:image:type\" content=\"image\/jpeg\" \/>\n<meta name=\"twitter:card\" content=\"summary_large_image\" \/>\n<meta name=\"twitter:label1\" content=\"Tiempo de lectura\" \/>\n\t<meta name=\"twitter:data1\" content=\"3 minutos\" \/>\n<script type=\"application\/ld+json\" class=\"yoast-schema-graph\">{\"@context\":\"https:\\\/\\\/schema.org\",\"@graph\":[{\"@type\":\"Article\",\"@id\":\"https:\\\/\\\/cuartetoenlaweb.com.ar\\\/sitio\\\/el-drama-de-evangelina-anderson-al-enterarse-que-martin-demichelis-y-sus-hijos-se-ahogaron-y-tuvieron-que-ser-rescatados\\\/#article\",\"isPartOf\":{\"@id\":\"https:\\\/\\\/cuartetoenlaweb.com.ar\\\/sitio\\\/el-drama-de-evangelina-anderson-al-enterarse-que-martin-demichelis-y-sus-hijos-se-ahogaron-y-tuvieron-que-ser-rescatados\\\/\"},\"author\":{\"name\":\"\",\"@id\":\"\"},\"headline\":\"El drama de Evangelina Anderson al enterarse que Mart\u00edn Demichelis y sus hijos se ahogaron y tuvieron que ser rescatados\",\"datePublished\":\"2026-01-09T01:00:15+00:00\",\"mainEntityOfPage\":{\"@id\":\"https:\\\/\\\/cuartetoenlaweb.com.ar\\\/sitio\\\/el-drama-de-evangelina-anderson-al-enterarse-que-martin-demichelis-y-sus-hijos-se-ahogaron-y-tuvieron-que-ser-rescatados\\\/\"},\"wordCount\":710,\"publisher\":{\"@id\":\"http:\\\/\\\/cuartetoenlaweb.com.ar\\\/sitio\\\/#organization\"},\"image\":{\"@id\":\"https:\\\/\\\/cuartetoenlaweb.com.ar\\\/sitio\\\/el-drama-de-evangelina-anderson-al-enterarse-que-martin-demichelis-y-sus-hijos-se-ahogaron-y-tuvieron-que-ser-rescatados\\\/#primaryimage\"},\"thumbnailUrl\":\"https:\\\/\\\/cuartetoenlaweb.com.ar\\\/sitio\\\/wp-content\\\/uploads\\\/2026\\\/01\\\/CHIMENTEROS-PORTADA-YT-TOMI-DENTE-359x226-14.jpg\",\"articleSection\":[\"PAIS\"],\"inLanguage\":\"es\"},{\"@type\":\"WebPage\",\"@id\":\"https:\\\/\\\/cuartetoenlaweb.com.ar\\\/sitio\\\/el-drama-de-evangelina-anderson-al-enterarse-que-martin-demichelis-y-sus-hijos-se-ahogaron-y-tuvieron-que-ser-rescatados\\\/\",\"url\":\"https:\\\/\\\/cuartetoenlaweb.com.ar\\\/sitio\\\/el-drama-de-evangelina-anderson-al-enterarse-que-martin-demichelis-y-sus-hijos-se-ahogaron-y-tuvieron-que-ser-rescatados\\\/\",\"name\":\"El drama de Evangelina Anderson al enterarse que Mart\u00edn Demichelis y sus hijos se ahogaron y tuvieron que ser rescatados - Cuarteto en la Web\",\"isPartOf\":{\"@id\":\"http:\\\/\\\/cuartetoenlaweb.com.ar\\\/sitio\\\/#website\"},\"primaryImageOfPage\":{\"@id\":\"https:\\\/\\\/cuartetoenlaweb.com.ar\\\/sitio\\\/el-drama-de-evangelina-anderson-al-enterarse-que-martin-demichelis-y-sus-hijos-se-ahogaron-y-tuvieron-que-ser-rescatados\\\/#primaryimage\"},\"image\":{\"@id\":\"https:\\\/\\\/cuartetoenlaweb.com.ar\\\/sitio\\\/el-drama-de-evangelina-anderson-al-enterarse-que-martin-demichelis-y-sus-hijos-se-ahogaron-y-tuvieron-que-ser-rescatados\\\/#primaryimage\"},\"thumbnailUrl\":\"https:\\\/\\\/cuartetoenlaweb.com.ar\\\/sitio\\\/wp-content\\\/uploads\\\/2026\\\/01\\\/CHIMENTEROS-PORTADA-YT-TOMI-DENTE-359x226-14.jpg\",\"datePublished\":\"2026-01-09T01:00:15+00:00\",\"breadcrumb\":{\"@id\":\"https:\\\/\\\/cuartetoenlaweb.com.ar\\\/sitio\\\/el-drama-de-evangelina-anderson-al-enterarse-que-martin-demichelis-y-sus-hijos-se-ahogaron-y-tuvieron-que-ser-rescatados\\\/#breadcrumb\"},\"inLanguage\":\"es\",\"potentialAction\":[{\"@type\":\"ReadAction\",\"target\":[\"https:\\\/\\\/cuartetoenlaweb.com.ar\\\/sitio\\\/el-drama-de-evangelina-anderson-al-enterarse-que-martin-demichelis-y-sus-hijos-se-ahogaron-y-tuvieron-que-ser-rescatados\\\/\"]}]},{\"@type\":\"ImageObject\",\"inLanguage\":\"es\",\"@id\":\"https:\\\/\\\/cuartetoenlaweb.com.ar\\\/sitio\\\/el-drama-de-evangelina-anderson-al-enterarse-que-martin-demichelis-y-sus-hijos-se-ahogaron-y-tuvieron-que-ser-rescatados\\\/#primaryimage\",\"url\":\"https:\\\/\\\/cuartetoenlaweb.com.ar\\\/sitio\\\/wp-content\\\/uploads\\\/2026\\\/01\\\/CHIMENTEROS-PORTADA-YT-TOMI-DENTE-359x226-14.jpg\",\"contentUrl\":\"https:\\\/\\\/cuartetoenlaweb.com.ar\\\/sitio\\\/wp-content\\\/uploads\\\/2026\\\/01\\\/CHIMENTEROS-PORTADA-YT-TOMI-DENTE-359x226-14.jpg\",\"width\":359,\"height\":226},{\"@type\":\"BreadcrumbList\",\"@id\":\"https:\\\/\\\/cuartetoenlaweb.com.ar\\\/sitio\\\/el-drama-de-evangelina-anderson-al-enterarse-que-martin-demichelis-y-sus-hijos-se-ahogaron-y-tuvieron-que-ser-rescatados\\\/#breadcrumb\",\"itemListElement\":[{\"@type\":\"ListItem\",\"position\":1,\"name\":\"Portada\",\"item\":\"http:\\\/\\\/cuartetoenlaweb.com.ar\\\/sitio\\\/\"},{\"@type\":\"ListItem\",\"position\":2,\"name\":\"El drama de Evangelina Anderson al enterarse que Mart\u00edn Demichelis y sus hijos se ahogaron y tuvieron que ser rescatados\"}]},{\"@type\":\"WebSite\",\"@id\":\"http:\\\/\\\/cuartetoenlaweb.com.ar\\\/sitio\\\/#website\",\"url\":\"http:\\\/\\\/cuartetoenlaweb.com.ar\\\/sitio\\\/\",\"name\":\"Cuarteto en la Web\",\"description\":\"\",\"publisher\":{\"@id\":\"http:\\\/\\\/cuartetoenlaweb.com.ar\\\/sitio\\\/#organization\"},\"potentialAction\":[{\"@type\":\"SearchAction\",\"target\":{\"@type\":\"EntryPoint\",\"urlTemplate\":\"http:\\\/\\\/cuartetoenlaweb.com.ar\\\/sitio\\\/?s={search_term_string}\"},\"query-input\":{\"@type\":\"PropertyValueSpecification\",\"valueRequired\":true,\"valueName\":\"search_term_string\"}}],\"inLanguage\":\"es\"},{\"@type\":\"Organization\",\"@id\":\"http:\\\/\\\/cuartetoenlaweb.com.ar\\\/sitio\\\/#organization\",\"name\":\"Cuarteto en la Web\",\"url\":\"http:\\\/\\\/cuartetoenlaweb.com.ar\\\/sitio\\\/\",\"logo\":{\"@type\":\"ImageObject\",\"inLanguage\":\"es\",\"@id\":\"http:\\\/\\\/cuartetoenlaweb.com.ar\\\/sitio\\\/#\\\/schema\\\/logo\\\/image\\\/\",\"url\":\"https:\\\/\\\/cuartetoenlaweb.com.ar\\\/sitio\\\/wp-content\\\/uploads\\\/2025\\\/07\\\/cropped-cropped-logitoweb21.png\",\"contentUrl\":\"https:\\\/\\\/cuartetoenlaweb.com.ar\\\/sitio\\\/wp-content\\\/uploads\\\/2025\\\/07\\\/cropped-cropped-logitoweb21.png\",\"width\":199,\"height\":199,\"caption\":\"Cuarteto en la Web\"},\"image\":{\"@id\":\"http:\\\/\\\/cuartetoenlaweb.com.ar\\\/sitio\\\/#\\\/schema\\\/logo\\\/image\\\/\"}}]}<\/script>\n<!-- \/ Yoast SEO plugin. -->","yoast_head_json":{"title":"El drama de Evangelina Anderson al enterarse que Mart\u00edn Demichelis y sus hijos se ahogaron y tuvieron que ser rescatados - Cuarteto en la Web","robots":{"index":"index","follow":"follow","max-snippet":"max-snippet:-1","max-image-preview":"max-image-preview:large","max-video-preview":"max-video-preview:-1"},"canonical":"https:\/\/cuartetoenlaweb.com.ar\/sitio\/el-drama-de-evangelina-anderson-al-enterarse-que-martin-demichelis-y-sus-hijos-se-ahogaron-y-tuvieron-que-ser-rescatados\/","og_locale":"es_ES","og_type":"article","og_title":"El drama de Evangelina Anderson al enterarse que Mart\u00edn Demichelis y sus hijos se ahogaron y tuvieron que ser rescatados - Cuarteto en la Web","og_description":"Las fuertes im\u00e1genes de Mart\u00edn Demichelis ahog\u00e1ndose en el mar","og_url":"https:\/\/cuartetoenlaweb.com.ar\/sitio\/el-drama-de-evangelina-anderson-al-enterarse-que-martin-demichelis-y-sus-hijos-se-ahogaron-y-tuvieron-que-ser-rescatados\/","og_site_name":"Cuarteto en la Web","article_published_time":"2026-01-09T01:00:15+00:00","og_image":[{"width":359,"height":226,"url":"https:\/\/cuartetoenlaweb.com.ar\/sitio\/wp-content\/uploads\/2026\/01\/CHIMENTEROS-PORTADA-YT-TOMI-DENTE-359x226-14.jpg","type":"image\/jpeg"}],"twitter_card":"summary_large_image","twitter_misc":{"Tiempo de lectura":"3 minutos"},"schema":{"@context":"https:\/\/schema.org","@graph":[{"@type":"Article","@id":"https:\/\/cuartetoenlaweb.com.ar\/sitio\/el-drama-de-evangelina-anderson-al-enterarse-que-martin-demichelis-y-sus-hijos-se-ahogaron-y-tuvieron-que-ser-rescatados\/#article","isPartOf":{"@id":"https:\/\/cuartetoenlaweb.com.ar\/sitio\/el-drama-de-evangelina-anderson-al-enterarse-que-martin-demichelis-y-sus-hijos-se-ahogaron-y-tuvieron-que-ser-rescatados\/"},"author":{"name":"","@id":""},"headline":"El drama de Evangelina Anderson al enterarse que Mart\u00edn Demichelis y sus hijos se ahogaron y tuvieron que ser rescatados","datePublished":"2026-01-09T01:00:15+00:00","mainEntityOfPage":{"@id":"https:\/\/cuartetoenlaweb.com.ar\/sitio\/el-drama-de-evangelina-anderson-al-enterarse-que-martin-demichelis-y-sus-hijos-se-ahogaron-y-tuvieron-que-ser-rescatados\/"},"wordCount":710,"publisher":{"@id":"http:\/\/cuartetoenlaweb.com.ar\/sitio\/#organization"},"image":{"@id":"https:\/\/cuartetoenlaweb.com.ar\/sitio\/el-drama-de-evangelina-anderson-al-enterarse-que-martin-demichelis-y-sus-hijos-se-ahogaron-y-tuvieron-que-ser-rescatados\/#primaryimage"},"thumbnailUrl":"https:\/\/cuartetoenlaweb.com.ar\/sitio\/wp-content\/uploads\/2026\/01\/CHIMENTEROS-PORTADA-YT-TOMI-DENTE-359x226-14.jpg","articleSection":["PAIS"],"inLanguage":"es"},{"@type":"WebPage","@id":"https:\/\/cuartetoenlaweb.com.ar\/sitio\/el-drama-de-evangelina-anderson-al-enterarse-que-martin-demichelis-y-sus-hijos-se-ahogaron-y-tuvieron-que-ser-rescatados\/","url":"https:\/\/cuartetoenlaweb.com.ar\/sitio\/el-drama-de-evangelina-anderson-al-enterarse-que-martin-demichelis-y-sus-hijos-se-ahogaron-y-tuvieron-que-ser-rescatados\/","name":"El drama de Evangelina Anderson al enterarse que Mart\u00edn Demichelis y sus hijos se ahogaron y tuvieron que ser rescatados - Cuarteto en la Web","isPartOf":{"@id":"http:\/\/cuartetoenlaweb.com.ar\/sitio\/#website"},"primaryImageOfPage":{"@id":"https:\/\/cuartetoenlaweb.com.ar\/sitio\/el-drama-de-evangelina-anderson-al-enterarse-que-martin-demichelis-y-sus-hijos-se-ahogaron-y-tuvieron-que-ser-rescatados\/#primaryimage"},"image":{"@id":"https:\/\/cuartetoenlaweb.com.ar\/sitio\/el-drama-de-evangelina-anderson-al-enterarse-que-martin-demichelis-y-sus-hijos-se-ahogaron-y-tuvieron-que-ser-rescatados\/#primaryimage"},"thumbnailUrl":"https:\/\/cuartetoenlaweb.com.ar\/sitio\/wp-content\/uploads\/2026\/01\/CHIMENTEROS-PORTADA-YT-TOMI-DENTE-359x226-14.jpg","datePublished":"2026-01-09T01:00:15+00:00","breadcrumb":{"@id":"https:\/\/cuartetoenlaweb.com.ar\/sitio\/el-drama-de-evangelina-anderson-al-enterarse-que-martin-demichelis-y-sus-hijos-se-ahogaron-y-tuvieron-que-ser-rescatados\/#breadcrumb"},"inLanguage":"es","potentialAction":[{"@type":"ReadAction","target":["https:\/\/cuartetoenlaweb.com.ar\/sitio\/el-drama-de-evangelina-anderson-al-enterarse-que-martin-demichelis-y-sus-hijos-se-ahogaron-y-tuvieron-que-ser-rescatados\/"]}]},{"@type":"ImageObject","inLanguage":"es","@id":"https:\/\/cuartetoenlaweb.com.ar\/sitio\/el-drama-de-evangelina-anderson-al-enterarse-que-martin-demichelis-y-sus-hijos-se-ahogaron-y-tuvieron-que-ser-rescatados\/#primaryimage","url":"https:\/\/cuartetoenlaweb.com.ar\/sitio\/wp-content\/uploads\/2026\/01\/CHIMENTEROS-PORTADA-YT-TOMI-DENTE-359x226-14.jpg","contentUrl":"https:\/\/cuartetoenlaweb.com.ar\/sitio\/wp-content\/uploads\/2026\/01\/CHIMENTEROS-PORTADA-YT-TOMI-DENTE-359x226-14.jpg","width":359,"height":226},{"@type":"BreadcrumbList","@id":"https:\/\/cuartetoenlaweb.com.ar\/sitio\/el-drama-de-evangelina-anderson-al-enterarse-que-martin-demichelis-y-sus-hijos-se-ahogaron-y-tuvieron-que-ser-rescatados\/#breadcrumb","itemListElement":[{"@type":"ListItem","position":1,"name":"Portada","item":"http:\/\/cuartetoenlaweb.com.ar\/sitio\/"},{"@type":"ListItem","position":2,"name":"El drama de Evangelina Anderson al enterarse que Mart\u00edn Demichelis y sus hijos se ahogaron y tuvieron que ser rescatados"}]},{"@type":"WebSite","@id":"http:\/\/cuartetoenlaweb.com.ar\/sitio\/#website","url":"http:\/\/cuartetoenlaweb.com.ar\/sitio\/","name":"Cuarteto en la Web","description":"","publisher":{"@id":"http:\/\/cuartetoenlaweb.com.ar\/sitio\/#organization"},"potentialAction":[{"@type":"SearchAction","target":{"@type":"EntryPoint","urlTemplate":"http:\/\/cuartetoenlaweb.com.ar\/sitio\/?s={search_term_string}"},"query-input":{"@type":"PropertyValueSpecification","valueRequired":true,"valueName":"search_term_string"}}],"inLanguage":"es"},{"@type":"Organization","@id":"http:\/\/cuartetoenlaweb.com.ar\/sitio\/#organization","name":"Cuarteto en la Web","url":"http:\/\/cuartetoenlaweb.com.ar\/sitio\/","logo":{"@type":"ImageObject","inLanguage":"es","@id":"http:\/\/cuartetoenlaweb.com.ar\/sitio\/#\/schema\/logo\/image\/","url":"https:\/\/cuartetoenlaweb.com.ar\/sitio\/wp-content\/uploads\/2025\/07\/cropped-cropped-logitoweb21.png","contentUrl":"https:\/\/cuartetoenlaweb.com.ar\/sitio\/wp-content\/uploads\/2025\/07\/cropped-cropped-logitoweb21.png","width":199,"height":199,"caption":"Cuarteto en la Web"},"image":{"@id":"http:\/\/cuartetoenlaweb.com.ar\/sitio\/#\/schema\/logo\/image\/"}}]}},"_links":{"self":[{"href":"https:\/\/cuartetoenlaweb.com.ar\/sitio\/wp-json\/wp\/v2\/posts\/10147","targetHints":{"allow":["GET"]}}],"collection":[{"href":"https:\/\/cuartetoenlaweb.com.ar\/sitio\/wp-json\/wp\/v2\/posts"}],"about":[{"href":"https:\/\/cuartetoenlaweb.com.ar\/sitio\/wp-json\/wp\/v2\/types\/post"}],"replies":[{"embeddable":true,"href":"https:\/\/cuartetoenlaweb.com.ar\/sitio\/wp-json\/wp\/v2\/comments?post=10147"}],"version-history":[{"count":0,"href":"https:\/\/cuartetoenlaweb.com.ar\/sitio\/wp-json\/wp\/v2\/posts\/10147\/revisions"}],"wp:featuredmedia":[{"embeddable":true,"href":"https:\/\/cuartetoenlaweb.com.ar\/sitio\/wp-json\/wp\/v2\/media\/10148"}],"wp:attachment":[{"href":"https:\/\/cuartetoenlaweb.com.ar\/sitio\/wp-json\/wp\/v2\/media?parent=10147"}],"wp:term":[{"taxonomy":"category","embeddable":true,"href":"https:\/\/cuartetoenlaweb.com.ar\/sitio\/wp-json\/wp\/v2\/categories?post=10147"},{"taxonomy":"post_tag","embeddable":true,"href":"https:\/\/cuartetoenlaweb.com.ar\/sitio\/wp-json\/wp\/v2\/tags?post=10147"}],"curies":[{"name":"wp","href":"https:\/\/api.w.org\/{rel}","templated":true}]}}