
{"id":10143,"date":"2026-01-08T22:00:13","date_gmt":"2026-01-09T01:00:13","guid":{"rendered":"https:\/\/cuartetoenlaweb.com.ar\/sitio\/tuvieron-que-asistir-a-wanda-nara-por-un-ataque-de-nervios-tras-separarse-de-migueles-estaba-mal-y\/"},"modified":"2026-01-08T22:00:13","modified_gmt":"2026-01-09T01:00:13","slug":"tuvieron-que-asistir-a-wanda-nara-por-un-ataque-de-nervios-tras-separarse-de-migueles-estaba-mal-y","status":"publish","type":"post","link":"https:\/\/cuartetoenlaweb.com.ar\/sitio\/tuvieron-que-asistir-a-wanda-nara-por-un-ataque-de-nervios-tras-separarse-de-migueles-estaba-mal-y\/","title":{"rendered":"Tuvieron que asistir a Wanda Nara por un ataque de nervios tras separarse de Migueles: \u201cEstaba mal y\u2026\u201d"},"content":{"rendered":"<p>Despu\u00e9s de varias semanas donde se hablaba de una fuerte crisis y separaci\u00f3n, <strong>Wanda Nara <\/strong>termin\u00f3 de confirmar su ruptura de <strong>Mart\u00edn Migueles<\/strong>. La medi\u00e1tica hab\u00eda quedado en el ojo de la tormenta por los diferentes y turbulentos \u00faltimos movimientos de su pareja, desde complicaciones legales graves hasta rumores de infidelidad. Todo fue el detonante para ponerle un punto final.<\/p>\n<p>Si bien <strong><a href=\"https:\/\/www.paparazzi.com.ar\/romances\/maxi-lopez-conto-el-terrible-escandalo-que-hizo-wanda-nara-por-su-separacion-de-migueles-me-empezo-a-put\/\">Wanda<\/a><\/strong> tard\u00f3 d\u00edas en reconocer la separaci\u00f3n, este jueves 8 de enero <strong>Maxi L\u00f3pez <\/strong>decidi\u00f3 contar la charla privada que tuvo con su ex. All\u00ed, ella le blanque\u00f3 que est\u00e1 separada de <strong>Migueles<\/strong> y que lo autorizaba a contar toda la verdad. No obstante, todo esto arranc\u00f3 por una serie de malas actitudes por parte de la conductora de <strong><em>MasterChef<\/em><\/strong> que llamaron poderosamente la atenci\u00f3n.<\/p>\n<p>Sucedi\u00f3 durante las grabaciones del programa de cocina de Telefe, cuando <strong><a href=\"https:\/\/www.paparazzi.com.ar\/romances\/la-actitud-violenta-de-martin-migueles-que-colmo-la-paciencia-de-wanda-nara\/\">Maxi<\/a><\/strong> no vio bien a la medi\u00e1tica. <em>\u201cEstaba en el house con los chicos, en Telefe, y me empiezan a put&#8230; por el celular. Y yo dije: \u2018\u00bfqu\u00e9 pas\u00f3?\u2019. Empec\u00e9 a ver reproche tras reproche, le pregunto si le pasaba algo y ella segu\u00eda\u2026\u201d<\/em>, comenz\u00f3 explicando el ex River.<\/p>\n<div class=\"mt-box \">\n<h4 class=\"mt-heading\">Mir\u00e1 Tambi\u00e9n<\/h4>\n<p><a href=\"https:\/\/www.paparazzi.com.ar\/videos\/exclusivo-tomas-dente-habla-de-su-particular-estilo-de-vida-no-tengo-sexo-ni-como-pizza-desde-hace-20-anos\/\"><\/p>\n<div class=\"mt-content\">\n<div class=\"mt-image-container\"><img decoding=\"async\" src=\"https:\/\/www.paparazzi.com.ar\/wp-content\/uploads\/2026\/01\/CHIMENTEROS-PORTADA-YT-TOMI-DENTE-359x226.jpg\" alt=\"\u00a1Exclusivo! Tom\u00e1s Dente habla de su particular estilo de vida: \u201cNo tengo sexo ni como pizza desde hace 20 a\u00f1os\u201d\" class=\"mt-image\" loading=\"lazy\" \/><\/div>\n<h5 class=\"mt-title\">\u00a1Exclusivo! Tom\u00e1s Dente habla de su particular estilo de vida: \u201cNo tengo sexo ni como pizza desde hace 20 a\u00f1os\u201d<\/h5>\n<\/div>\n<p><\/a><\/div>\n<p>Tambi\u00e9n dijo que fue ah\u00ed cuando se enter\u00f3 que <strong><a href=\"https:\/\/www.paparazzi.com.ar\/romances\/no-dan-las-fechas-yanina-latorre-destapo-la-mentira-mas-explosiva-de-wanda-nara-sobre-migueles\/\">Wanda<\/a><\/strong> se hab\u00eda separado, ya que ese ataque de bronca estaba impulsado por su ruptura con <strong>Migueles<\/strong>. <em>\u201cEn el corte que tenemos al medio del programa, pas\u00e9. Ella me autoriz\u00f3 a contarlo y me dijo: \u2018No digas m\u00e1s esto porque no estoy m\u00e1s\u2019. Yo fui a hacerla bajar un cambio porque no hab\u00eda hecho nada, no s\u00e9. Entonces fui a ver qu\u00e9 hab\u00eda pasado\u201d<\/em>, relat\u00f3.<\/p>\n<h2 class=\"wp-block-heading\">REVELARON EL DIF\u00cdCIL MOMENTO AN\u00cdMICO DE WANDA NARA TRAS SEPARARSE DE MIGUELES<\/h2>\n<p>Ahora bien, en SQP, Ximena Capristo dio m\u00e1s detalles sobre el momento que pas\u00f3 <strong>Wanda<\/strong> en las grabaciones de <strong><em>MasterChef<\/em><\/strong>. Autoridades de Telefe le comentaron que no la vieron nada bien, por lo que decidieron acompa\u00f1arla y estar asisti\u00e9ndola en todo momento. De hecho mencion\u00f3 una palabra fuerte sobre el estado an\u00edmico que ten\u00eda la conductora: <em>\u201cInfumable\u201d<\/em>.<\/p>\n<p><em>\u201cNo estar\u00eda muy bien de humor. Estaba bastante infumable, que es la palabra que me dicen ac\u00e1 cuando me pasan la data. No la quer\u00edan dejar sola porque realmente no la ve\u00edan bien\u201d<\/em>, explic\u00f3 Ximena seg\u00fan la data que le hicieron llegar de <strong>Wanda<\/strong> desde la producci\u00f3n de Telefe. <em>\u201cLa separaci\u00f3n es un tema que la est\u00e1 afectando bastante\u201d<\/em>, agreg\u00f3 la ex GH.<\/p>\n<div class=\"mt-box \">\n<h4 class=\"mt-heading\">Mir\u00e1 Tambi\u00e9n<\/h4>\n<p><a href=\"https:\/\/www.paparazzi.com.ar\/romances\/maxi-lopez-conto-el-terrible-escandalo-que-hizo-wanda-nara-por-su-separacion-de-migueles-me-empezo-a-put\/\"><\/p>\n<div class=\"mt-content\">\n<div class=\"mt-image-container\"><img decoding=\"async\" src=\"https:\/\/www.paparazzi.com.ar\/wp-content\/uploads\/2026\/01\/Maxi-Lopez-Wanda-Nara-Martin-Migueles-359x226.jpg\" alt=\"Maxi L\u00f3pez cont\u00f3 el terrible esc\u00e1ndalo que hizo Wanda Nara por su separaci\u00f3n de Migueles: \u201cMe empez\u00f3 a put\u2026\u201d\" class=\"mt-image\" loading=\"lazy\" \/><\/div>\n<h5 class=\"mt-title\">Maxi L\u00f3pez cont\u00f3 el terrible esc\u00e1ndalo que hizo Wanda Nara por su separaci\u00f3n de Migueles: \u201cMe empez\u00f3 a put\u2026\u201d<\/h5>\n<\/div>\n<p><\/a><\/div>\n<p><em>\u201cEs muy dif\u00edcil estar en un mal estado an\u00edmico y tener que laburar. Verte espl\u00e9ndida, ser divertida, graciosa y ocurrente\u2026 es re dif\u00edcil\u201d<\/em>, a\u00f1adi\u00f3 Carla Conte. Definitivamente, no es el mejor momento el que est\u00e1 viviendo <strong>Wanda<\/strong>. Lo dijo primero <strong>Maxi<\/strong> y ahora lo confirmaron desde el programa de Am\u00e9rica. Una situaci\u00f3n que la desbord\u00f3 por completo.<\/p>\n<div class=\"mt-box \">\n<h4 class=\"mt-heading\">Mir\u00e1 Tambi\u00e9n<\/h4>\n<p><a href=\"https:\/\/www.paparazzi.com.ar\/romances\/la-actitud-violenta-de-martin-migueles-que-colmo-la-paciencia-de-wanda-nara\/\"><\/p>\n<div class=\"mt-content\">\n<div class=\"mt-image-container\"><img decoding=\"async\" src=\"https:\/\/www.paparazzi.com.ar\/wp-content\/uploads\/2026\/01\/Wanda-1-2-359x226.jpg\" alt=\"\u00a1Hay video! La horrible actitud de Mart\u00edn Migueles que colm\u00f3 la paciencia de Wanda Nara y la llev\u00f3 a dejarlo\" class=\"mt-image\" loading=\"lazy\" \/><\/div>\n<h5 class=\"mt-title\">\u00a1Hay video! La horrible actitud de Mart\u00edn Migueles que colm\u00f3 la paciencia de Wanda Nara y la llev\u00f3 a dejarlo<\/h5>\n<\/div>\n<p><\/a><\/div>\n<div class=\"mt-box \">\n<h4 class=\"mt-heading\">Mir\u00e1 Tambi\u00e9n<\/h4>\n<p><a href=\"https:\/\/www.paparazzi.com.ar\/romances\/no-dan-las-fechas-yanina-latorre-destapo-la-mentira-mas-explosiva-de-wanda-nara-sobre-migueles\/\"><\/p>\n<div class=\"mt-content\">\n<div class=\"mt-image-container\"><img decoding=\"async\" src=\"https:\/\/www.paparazzi.com.ar\/wp-content\/uploads\/2026\/01\/WANDA-NARA-YANINA-LATORRE-359x226.jpg\" alt=\"\u00a1No dan las fechas! Yanina Latorre destap\u00f3 la mentira m\u00e1s explosiva de Wanda Nara sobre Migueles\" class=\"mt-image\" loading=\"lazy\" \/><\/div>\n<h5 class=\"mt-title\">\u00a1No dan las fechas! Yanina Latorre destap\u00f3 la mentira m\u00e1s explosiva de Wanda Nara sobre Migueles<\/h5>\n<\/div>\n<p><\/a><\/div>\n<p>The post <a href=\"https:\/\/www.paparazzi.com.ar\/romances\/tuvieron-que-asistir-a-wanda-nara-por-un-ataque-de-nervios-tras-separarse-de-migueles-estaba-mal-y\/\">Tuvieron que asistir a Wanda Nara por un ataque de nervios tras separarse de Migueles: \u201cEstaba mal y\u2026\u201d<\/a> appeared first on <a href=\"https:\/\/www.paparazzi.com.ar\">Revista Paparazzi<\/a>.<\/p>\n","protected":false},"excerpt":{"rendered":"<p>Despu\u00e9s de varias semanas donde se hablaba de una fuerte<\/p>\n","protected":false},"author":0,"featured_media":10144,"comment_status":"","ping_status":"","sticky":false,"template":"","format":"standard","meta":{"footnotes":""},"categories":[65],"tags":[],"class_list":["post-10143","post","type-post","status-publish","format-standard","has-post-thumbnail","hentry","category-pais"],"yoast_head":"<!-- This site is optimized with the Yoast SEO plugin v27.5 - https:\/\/yoast.com\/product\/yoast-seo-wordpress\/ -->\n<title>Tuvieron que asistir a Wanda Nara por un ataque de nervios tras separarse de Migueles: \u201cEstaba mal y\u2026\u201d - Cuarteto en la Web<\/title>\n<meta name=\"robots\" content=\"index, follow, max-snippet:-1, max-image-preview:large, max-video-preview:-1\" \/>\n<link rel=\"canonical\" href=\"http:\/\/cuartetoenlaweb.com.ar\/sitio\/tuvieron-que-asistir-a-wanda-nara-por-un-ataque-de-nervios-tras-separarse-de-migueles-estaba-mal-y\/\" \/>\n<meta property=\"og:locale\" content=\"es_ES\" \/>\n<meta property=\"og:type\" content=\"article\" \/>\n<meta property=\"og:title\" content=\"Tuvieron que asistir a Wanda Nara por un ataque de nervios tras separarse de Migueles: \u201cEstaba mal y\u2026\u201d - Cuarteto en la Web\" \/>\n<meta property=\"og:description\" content=\"Despu\u00e9s de varias semanas donde se hablaba de una fuerte\" \/>\n<meta property=\"og:url\" content=\"http:\/\/cuartetoenlaweb.com.ar\/sitio\/tuvieron-que-asistir-a-wanda-nara-por-un-ataque-de-nervios-tras-separarse-de-migueles-estaba-mal-y\/\" \/>\n<meta property=\"og:site_name\" content=\"Cuarteto en la Web\" \/>\n<meta property=\"article:published_time\" content=\"2026-01-09T01:00:13+00:00\" \/>\n<meta property=\"og:image\" content=\"http:\/\/cuartetoenlaweb.com.ar\/sitio\/wp-content\/uploads\/2026\/01\/CHIMENTEROS-PORTADA-YT-TOMI-DENTE-359x226-12.jpg\" \/>\n\t<meta property=\"og:image:width\" content=\"359\" \/>\n\t<meta property=\"og:image:height\" content=\"226\" \/>\n\t<meta property=\"og:image:type\" content=\"image\/jpeg\" \/>\n<meta name=\"twitter:card\" content=\"summary_large_image\" \/>\n<meta name=\"twitter:label1\" content=\"Tiempo de lectura\" \/>\n\t<meta name=\"twitter:data1\" content=\"3 minutos\" \/>\n<script type=\"application\/ld+json\" class=\"yoast-schema-graph\">{\"@context\":\"https:\\\/\\\/schema.org\",\"@graph\":[{\"@type\":\"Article\",\"@id\":\"http:\\\/\\\/cuartetoenlaweb.com.ar\\\/sitio\\\/tuvieron-que-asistir-a-wanda-nara-por-un-ataque-de-nervios-tras-separarse-de-migueles-estaba-mal-y\\\/#article\",\"isPartOf\":{\"@id\":\"http:\\\/\\\/cuartetoenlaweb.com.ar\\\/sitio\\\/tuvieron-que-asistir-a-wanda-nara-por-un-ataque-de-nervios-tras-separarse-de-migueles-estaba-mal-y\\\/\"},\"author\":{\"name\":\"\",\"@id\":\"\"},\"headline\":\"Tuvieron que asistir a Wanda Nara por un ataque de nervios tras separarse de Migueles: \u201cEstaba mal y\u2026\u201d\",\"datePublished\":\"2026-01-09T01:00:13+00:00\",\"mainEntityOfPage\":{\"@id\":\"http:\\\/\\\/cuartetoenlaweb.com.ar\\\/sitio\\\/tuvieron-que-asistir-a-wanda-nara-por-un-ataque-de-nervios-tras-separarse-de-migueles-estaba-mal-y\\\/\"},\"wordCount\":622,\"publisher\":{\"@id\":\"http:\\\/\\\/cuartetoenlaweb.com.ar\\\/sitio\\\/#organization\"},\"image\":{\"@id\":\"http:\\\/\\\/cuartetoenlaweb.com.ar\\\/sitio\\\/tuvieron-que-asistir-a-wanda-nara-por-un-ataque-de-nervios-tras-separarse-de-migueles-estaba-mal-y\\\/#primaryimage\"},\"thumbnailUrl\":\"https:\\\/\\\/cuartetoenlaweb.com.ar\\\/sitio\\\/wp-content\\\/uploads\\\/2026\\\/01\\\/CHIMENTEROS-PORTADA-YT-TOMI-DENTE-359x226-12.jpg\",\"articleSection\":[\"PAIS\"],\"inLanguage\":\"es\"},{\"@type\":\"WebPage\",\"@id\":\"http:\\\/\\\/cuartetoenlaweb.com.ar\\\/sitio\\\/tuvieron-que-asistir-a-wanda-nara-por-un-ataque-de-nervios-tras-separarse-de-migueles-estaba-mal-y\\\/\",\"url\":\"http:\\\/\\\/cuartetoenlaweb.com.ar\\\/sitio\\\/tuvieron-que-asistir-a-wanda-nara-por-un-ataque-de-nervios-tras-separarse-de-migueles-estaba-mal-y\\\/\",\"name\":\"Tuvieron que asistir a Wanda Nara por un ataque de nervios tras separarse de Migueles: \u201cEstaba mal y\u2026\u201d - Cuarteto en la Web\",\"isPartOf\":{\"@id\":\"http:\\\/\\\/cuartetoenlaweb.com.ar\\\/sitio\\\/#website\"},\"primaryImageOfPage\":{\"@id\":\"http:\\\/\\\/cuartetoenlaweb.com.ar\\\/sitio\\\/tuvieron-que-asistir-a-wanda-nara-por-un-ataque-de-nervios-tras-separarse-de-migueles-estaba-mal-y\\\/#primaryimage\"},\"image\":{\"@id\":\"http:\\\/\\\/cuartetoenlaweb.com.ar\\\/sitio\\\/tuvieron-que-asistir-a-wanda-nara-por-un-ataque-de-nervios-tras-separarse-de-migueles-estaba-mal-y\\\/#primaryimage\"},\"thumbnailUrl\":\"https:\\\/\\\/cuartetoenlaweb.com.ar\\\/sitio\\\/wp-content\\\/uploads\\\/2026\\\/01\\\/CHIMENTEROS-PORTADA-YT-TOMI-DENTE-359x226-12.jpg\",\"datePublished\":\"2026-01-09T01:00:13+00:00\",\"breadcrumb\":{\"@id\":\"http:\\\/\\\/cuartetoenlaweb.com.ar\\\/sitio\\\/tuvieron-que-asistir-a-wanda-nara-por-un-ataque-de-nervios-tras-separarse-de-migueles-estaba-mal-y\\\/#breadcrumb\"},\"inLanguage\":\"es\",\"potentialAction\":[{\"@type\":\"ReadAction\",\"target\":[\"http:\\\/\\\/cuartetoenlaweb.com.ar\\\/sitio\\\/tuvieron-que-asistir-a-wanda-nara-por-un-ataque-de-nervios-tras-separarse-de-migueles-estaba-mal-y\\\/\"]}]},{\"@type\":\"ImageObject\",\"inLanguage\":\"es\",\"@id\":\"http:\\\/\\\/cuartetoenlaweb.com.ar\\\/sitio\\\/tuvieron-que-asistir-a-wanda-nara-por-un-ataque-de-nervios-tras-separarse-de-migueles-estaba-mal-y\\\/#primaryimage\",\"url\":\"https:\\\/\\\/cuartetoenlaweb.com.ar\\\/sitio\\\/wp-content\\\/uploads\\\/2026\\\/01\\\/CHIMENTEROS-PORTADA-YT-TOMI-DENTE-359x226-12.jpg\",\"contentUrl\":\"https:\\\/\\\/cuartetoenlaweb.com.ar\\\/sitio\\\/wp-content\\\/uploads\\\/2026\\\/01\\\/CHIMENTEROS-PORTADA-YT-TOMI-DENTE-359x226-12.jpg\",\"width\":359,\"height\":226},{\"@type\":\"BreadcrumbList\",\"@id\":\"http:\\\/\\\/cuartetoenlaweb.com.ar\\\/sitio\\\/tuvieron-que-asistir-a-wanda-nara-por-un-ataque-de-nervios-tras-separarse-de-migueles-estaba-mal-y\\\/#breadcrumb\",\"itemListElement\":[{\"@type\":\"ListItem\",\"position\":1,\"name\":\"Portada\",\"item\":\"http:\\\/\\\/cuartetoenlaweb.com.ar\\\/sitio\\\/\"},{\"@type\":\"ListItem\",\"position\":2,\"name\":\"Tuvieron que asistir a Wanda Nara por un ataque de nervios tras separarse de Migueles: \u201cEstaba mal y\u2026\u201d\"}]},{\"@type\":\"WebSite\",\"@id\":\"http:\\\/\\\/cuartetoenlaweb.com.ar\\\/sitio\\\/#website\",\"url\":\"http:\\\/\\\/cuartetoenlaweb.com.ar\\\/sitio\\\/\",\"name\":\"Cuarteto en la Web\",\"description\":\"\",\"publisher\":{\"@id\":\"http:\\\/\\\/cuartetoenlaweb.com.ar\\\/sitio\\\/#organization\"},\"potentialAction\":[{\"@type\":\"SearchAction\",\"target\":{\"@type\":\"EntryPoint\",\"urlTemplate\":\"http:\\\/\\\/cuartetoenlaweb.com.ar\\\/sitio\\\/?s={search_term_string}\"},\"query-input\":{\"@type\":\"PropertyValueSpecification\",\"valueRequired\":true,\"valueName\":\"search_term_string\"}}],\"inLanguage\":\"es\"},{\"@type\":\"Organization\",\"@id\":\"http:\\\/\\\/cuartetoenlaweb.com.ar\\\/sitio\\\/#organization\",\"name\":\"Cuarteto en la Web\",\"url\":\"http:\\\/\\\/cuartetoenlaweb.com.ar\\\/sitio\\\/\",\"logo\":{\"@type\":\"ImageObject\",\"inLanguage\":\"es\",\"@id\":\"http:\\\/\\\/cuartetoenlaweb.com.ar\\\/sitio\\\/#\\\/schema\\\/logo\\\/image\\\/\",\"url\":\"https:\\\/\\\/cuartetoenlaweb.com.ar\\\/sitio\\\/wp-content\\\/uploads\\\/2025\\\/07\\\/cropped-cropped-logitoweb21.png\",\"contentUrl\":\"https:\\\/\\\/cuartetoenlaweb.com.ar\\\/sitio\\\/wp-content\\\/uploads\\\/2025\\\/07\\\/cropped-cropped-logitoweb21.png\",\"width\":199,\"height\":199,\"caption\":\"Cuarteto en la Web\"},\"image\":{\"@id\":\"http:\\\/\\\/cuartetoenlaweb.com.ar\\\/sitio\\\/#\\\/schema\\\/logo\\\/image\\\/\"}}]}<\/script>\n<!-- \/ Yoast SEO plugin. -->","yoast_head_json":{"title":"Tuvieron que asistir a Wanda Nara por un ataque de nervios tras separarse de Migueles: \u201cEstaba mal y\u2026\u201d - Cuarteto en la Web","robots":{"index":"index","follow":"follow","max-snippet":"max-snippet:-1","max-image-preview":"max-image-preview:large","max-video-preview":"max-video-preview:-1"},"canonical":"http:\/\/cuartetoenlaweb.com.ar\/sitio\/tuvieron-que-asistir-a-wanda-nara-por-un-ataque-de-nervios-tras-separarse-de-migueles-estaba-mal-y\/","og_locale":"es_ES","og_type":"article","og_title":"Tuvieron que asistir a Wanda Nara por un ataque de nervios tras separarse de Migueles: \u201cEstaba mal y\u2026\u201d - Cuarteto en la Web","og_description":"Despu\u00e9s de varias semanas donde se hablaba de una fuerte","og_url":"http:\/\/cuartetoenlaweb.com.ar\/sitio\/tuvieron-que-asistir-a-wanda-nara-por-un-ataque-de-nervios-tras-separarse-de-migueles-estaba-mal-y\/","og_site_name":"Cuarteto en la Web","article_published_time":"2026-01-09T01:00:13+00:00","og_image":[{"width":359,"height":226,"url":"http:\/\/cuartetoenlaweb.com.ar\/sitio\/wp-content\/uploads\/2026\/01\/CHIMENTEROS-PORTADA-YT-TOMI-DENTE-359x226-12.jpg","type":"image\/jpeg"}],"twitter_card":"summary_large_image","twitter_misc":{"Tiempo de lectura":"3 minutos"},"schema":{"@context":"https:\/\/schema.org","@graph":[{"@type":"Article","@id":"http:\/\/cuartetoenlaweb.com.ar\/sitio\/tuvieron-que-asistir-a-wanda-nara-por-un-ataque-de-nervios-tras-separarse-de-migueles-estaba-mal-y\/#article","isPartOf":{"@id":"http:\/\/cuartetoenlaweb.com.ar\/sitio\/tuvieron-que-asistir-a-wanda-nara-por-un-ataque-de-nervios-tras-separarse-de-migueles-estaba-mal-y\/"},"author":{"name":"","@id":""},"headline":"Tuvieron que asistir a Wanda Nara por un ataque de nervios tras separarse de Migueles: \u201cEstaba mal y\u2026\u201d","datePublished":"2026-01-09T01:00:13+00:00","mainEntityOfPage":{"@id":"http:\/\/cuartetoenlaweb.com.ar\/sitio\/tuvieron-que-asistir-a-wanda-nara-por-un-ataque-de-nervios-tras-separarse-de-migueles-estaba-mal-y\/"},"wordCount":622,"publisher":{"@id":"http:\/\/cuartetoenlaweb.com.ar\/sitio\/#organization"},"image":{"@id":"http:\/\/cuartetoenlaweb.com.ar\/sitio\/tuvieron-que-asistir-a-wanda-nara-por-un-ataque-de-nervios-tras-separarse-de-migueles-estaba-mal-y\/#primaryimage"},"thumbnailUrl":"https:\/\/cuartetoenlaweb.com.ar\/sitio\/wp-content\/uploads\/2026\/01\/CHIMENTEROS-PORTADA-YT-TOMI-DENTE-359x226-12.jpg","articleSection":["PAIS"],"inLanguage":"es"},{"@type":"WebPage","@id":"http:\/\/cuartetoenlaweb.com.ar\/sitio\/tuvieron-que-asistir-a-wanda-nara-por-un-ataque-de-nervios-tras-separarse-de-migueles-estaba-mal-y\/","url":"http:\/\/cuartetoenlaweb.com.ar\/sitio\/tuvieron-que-asistir-a-wanda-nara-por-un-ataque-de-nervios-tras-separarse-de-migueles-estaba-mal-y\/","name":"Tuvieron que asistir a Wanda Nara por un ataque de nervios tras separarse de Migueles: \u201cEstaba mal y\u2026\u201d - Cuarteto en la Web","isPartOf":{"@id":"http:\/\/cuartetoenlaweb.com.ar\/sitio\/#website"},"primaryImageOfPage":{"@id":"http:\/\/cuartetoenlaweb.com.ar\/sitio\/tuvieron-que-asistir-a-wanda-nara-por-un-ataque-de-nervios-tras-separarse-de-migueles-estaba-mal-y\/#primaryimage"},"image":{"@id":"http:\/\/cuartetoenlaweb.com.ar\/sitio\/tuvieron-que-asistir-a-wanda-nara-por-un-ataque-de-nervios-tras-separarse-de-migueles-estaba-mal-y\/#primaryimage"},"thumbnailUrl":"https:\/\/cuartetoenlaweb.com.ar\/sitio\/wp-content\/uploads\/2026\/01\/CHIMENTEROS-PORTADA-YT-TOMI-DENTE-359x226-12.jpg","datePublished":"2026-01-09T01:00:13+00:00","breadcrumb":{"@id":"http:\/\/cuartetoenlaweb.com.ar\/sitio\/tuvieron-que-asistir-a-wanda-nara-por-un-ataque-de-nervios-tras-separarse-de-migueles-estaba-mal-y\/#breadcrumb"},"inLanguage":"es","potentialAction":[{"@type":"ReadAction","target":["http:\/\/cuartetoenlaweb.com.ar\/sitio\/tuvieron-que-asistir-a-wanda-nara-por-un-ataque-de-nervios-tras-separarse-de-migueles-estaba-mal-y\/"]}]},{"@type":"ImageObject","inLanguage":"es","@id":"http:\/\/cuartetoenlaweb.com.ar\/sitio\/tuvieron-que-asistir-a-wanda-nara-por-un-ataque-de-nervios-tras-separarse-de-migueles-estaba-mal-y\/#primaryimage","url":"https:\/\/cuartetoenlaweb.com.ar\/sitio\/wp-content\/uploads\/2026\/01\/CHIMENTEROS-PORTADA-YT-TOMI-DENTE-359x226-12.jpg","contentUrl":"https:\/\/cuartetoenlaweb.com.ar\/sitio\/wp-content\/uploads\/2026\/01\/CHIMENTEROS-PORTADA-YT-TOMI-DENTE-359x226-12.jpg","width":359,"height":226},{"@type":"BreadcrumbList","@id":"http:\/\/cuartetoenlaweb.com.ar\/sitio\/tuvieron-que-asistir-a-wanda-nara-por-un-ataque-de-nervios-tras-separarse-de-migueles-estaba-mal-y\/#breadcrumb","itemListElement":[{"@type":"ListItem","position":1,"name":"Portada","item":"http:\/\/cuartetoenlaweb.com.ar\/sitio\/"},{"@type":"ListItem","position":2,"name":"Tuvieron que asistir a Wanda Nara por un ataque de nervios tras separarse de Migueles: \u201cEstaba mal y\u2026\u201d"}]},{"@type":"WebSite","@id":"http:\/\/cuartetoenlaweb.com.ar\/sitio\/#website","url":"http:\/\/cuartetoenlaweb.com.ar\/sitio\/","name":"Cuarteto en la Web","description":"","publisher":{"@id":"http:\/\/cuartetoenlaweb.com.ar\/sitio\/#organization"},"potentialAction":[{"@type":"SearchAction","target":{"@type":"EntryPoint","urlTemplate":"http:\/\/cuartetoenlaweb.com.ar\/sitio\/?s={search_term_string}"},"query-input":{"@type":"PropertyValueSpecification","valueRequired":true,"valueName":"search_term_string"}}],"inLanguage":"es"},{"@type":"Organization","@id":"http:\/\/cuartetoenlaweb.com.ar\/sitio\/#organization","name":"Cuarteto en la Web","url":"http:\/\/cuartetoenlaweb.com.ar\/sitio\/","logo":{"@type":"ImageObject","inLanguage":"es","@id":"http:\/\/cuartetoenlaweb.com.ar\/sitio\/#\/schema\/logo\/image\/","url":"https:\/\/cuartetoenlaweb.com.ar\/sitio\/wp-content\/uploads\/2025\/07\/cropped-cropped-logitoweb21.png","contentUrl":"https:\/\/cuartetoenlaweb.com.ar\/sitio\/wp-content\/uploads\/2025\/07\/cropped-cropped-logitoweb21.png","width":199,"height":199,"caption":"Cuarteto en la Web"},"image":{"@id":"http:\/\/cuartetoenlaweb.com.ar\/sitio\/#\/schema\/logo\/image\/"}}]}},"_links":{"self":[{"href":"https:\/\/cuartetoenlaweb.com.ar\/sitio\/wp-json\/wp\/v2\/posts\/10143","targetHints":{"allow":["GET"]}}],"collection":[{"href":"https:\/\/cuartetoenlaweb.com.ar\/sitio\/wp-json\/wp\/v2\/posts"}],"about":[{"href":"https:\/\/cuartetoenlaweb.com.ar\/sitio\/wp-json\/wp\/v2\/types\/post"}],"replies":[{"embeddable":true,"href":"https:\/\/cuartetoenlaweb.com.ar\/sitio\/wp-json\/wp\/v2\/comments?post=10143"}],"version-history":[{"count":0,"href":"https:\/\/cuartetoenlaweb.com.ar\/sitio\/wp-json\/wp\/v2\/posts\/10143\/revisions"}],"wp:featuredmedia":[{"embeddable":true,"href":"https:\/\/cuartetoenlaweb.com.ar\/sitio\/wp-json\/wp\/v2\/media\/10144"}],"wp:attachment":[{"href":"https:\/\/cuartetoenlaweb.com.ar\/sitio\/wp-json\/wp\/v2\/media?parent=10143"}],"wp:term":[{"taxonomy":"category","embeddable":true,"href":"https:\/\/cuartetoenlaweb.com.ar\/sitio\/wp-json\/wp\/v2\/categories?post=10143"},{"taxonomy":"post_tag","embeddable":true,"href":"https:\/\/cuartetoenlaweb.com.ar\/sitio\/wp-json\/wp\/v2\/tags?post=10143"}],"curies":[{"name":"wp","href":"https:\/\/api.w.org\/{rel}","templated":true}]}}