
{"id":10141,"date":"2026-01-08T22:00:11","date_gmt":"2026-01-09T01:00:11","guid":{"rendered":"https:\/\/cuartetoenlaweb.com.ar\/sitio\/laura-ubfal-anuncio-el-primer-romance-bomba-del-2026-ella-tiene-34-anos-y-el-25\/"},"modified":"2026-01-08T22:00:11","modified_gmt":"2026-01-09T01:00:11","slug":"laura-ubfal-anuncio-el-primer-romance-bomba-del-2026-ella-tiene-34-anos-y-el-25","status":"publish","type":"post","link":"https:\/\/cuartetoenlaweb.com.ar\/sitio\/laura-ubfal-anuncio-el-primer-romance-bomba-del-2026-ella-tiene-34-anos-y-el-25\/","title":{"rendered":"Laura Ubfal anunci\u00f3 el primer romance bomba del 2026: &quot;Ella tiene 34 a\u00f1os y \u00e9l 25&quot;"},"content":{"rendered":"<p>El mundo del espect\u00e1culo argentino arranc\u00f3 con todo y enero comenz\u00f3 a puro bombazos;\u00a0 esta vez la noticia viene de la mano del joven m\u00fasico y figura medi\u00e1tica <strong>Gonzalo El Chino Agostini<\/strong>, hijo de <strong><a href=\"https:\/\/www.paparazzi.com.ar\/teve\/como-crecio-titi-el-hijo-de-nazarena-velez-ya-tiene-15-y-vende-entradas-para-la-obra-de-su-mama-soy-bastante-macanudo\/\">Nazarena V\u00e9lez<\/a><\/strong> y <strong>Daniel Agostini<\/strong>, quien confirm\u00f3 p\u00fablicamente un romance que nadie ve\u00eda venir.<\/p>\n<p>La historia de amor se blanque\u00f3 de la forma m\u00e1s espont\u00e1nea posible: durante una transmisi\u00f3n en vivo por streaming en la plataforma Kick, donde Chino y <strong>Katia \u201cLa Tana\u201d Fenoglio<\/strong>, ex participante de <em>Gran Hermano<\/em>, compartieron una charla distendida con sus seguidores. All\u00ed, entre risas y comentarios del p\u00fablico, el v\u00ednculo se fue haciendo cada vez m\u00e1s evidente.<\/p>\n<div class=\"mt-box \">\n<h4 class=\"mt-heading\">Mir\u00e1 Tambi\u00e9n<\/h4>\n<p><a href=\"https:\/\/www.paparazzi.com.ar\/romances\/evangelina-anderson-se-metio-en-la-violenta-pelea-de-demichelis-con-su-novia-y-ardio-todo-su-furioso-descargo\/\"><\/p>\n<div class=\"mt-content\">\n<div class=\"mt-image-container\"><img decoding=\"async\" src=\"https:\/\/www.paparazzi.com.ar\/wp-content\/uploads\/2026\/01\/Evangelina-Anderson-se-metio-en-la-violenta-pelea-de-Demichelis-con-su-novia-y-ardio-todo-su-furioso-descargo-359x226.jpg\" alt=\"Evangelina Anderson se meti\u00f3 en la violenta pelea de Demichelis con su novia y ardi\u00f3 todo: su furioso descargo\" class=\"mt-image\" loading=\"lazy\" \/><\/div>\n<h5 class=\"mt-title\">Evangelina Anderson se meti\u00f3 en la violenta pelea de Demichelis con su novia y ardi\u00f3 todo: su furioso descargo<\/h5>\n<\/div>\n<p><\/a><\/div>\n<p>Todo comenz\u00f3 cuando un espectador escribi\u00f3 en el chat: <em>\u201cNo les creo hasta que no se besen\u201d<\/em>. Sin dudarlo, ambos aceptaron el desaf\u00edo, sellando el momento con un beso que no dej\u00f3 lugar a dudas de que lo que ten\u00edan era real. La confirmaci\u00f3n fue instant\u00e1nea y viral: los clips empezaron a circular por redes sociales y reavivaron la conversaci\u00f3n sobre sus vidas amorosas.<\/p>\n<p>La Tana, de <strong>34 a\u00f1os<\/strong>, conocida por su paso pol\u00e9mico por la casa m\u00e1s vista de la televisi\u00f3n, no es una desconocida en materia de romances medi\u00e1ticos, y su estilo directo y sin filtros suele generar debate en cada aparici\u00f3n p\u00fablica. Por su parte, <a href=\"https:\/\/www.paparazzi.com.ar\/romances\/el-nuevo-noviazgo-que-nadie-vio-venir-el-es-hijo-de-una-mega-famosa-y-ella-una-ex-gran-hermano\/\">Chino<\/a>, de <strong>25 a\u00f1os<\/strong>, acostumbra a moverse entre la m\u00fasica y las redes, profesionalizando su carrera con una banda propia que combina cumbia y ra\u00edces urbanas.<\/p>\n<h2 class=\"wp-block-heading\">EL CHINO AGOSTINI Y LA TANA FERRO, EL PRIMER ROMANCE DE 2026<\/h2>\n<p>La noticia explot\u00f3 tambi\u00e9n en Twitter (ahora X), donde el periodista <strong>Fede Flowers<\/strong> public\u00f3 un tuit que se volvi\u00f3 centro de conversaci\u00f3n: <em>\u201cLa nueva nuera de Nazarena V\u00e9lez es la Tana de GH, confirmaron romance con El Chino Agostini\u201d<\/em>. Asi mismo, la repercusi\u00f3n sigui\u00f3 creciendo luego que <strong>Laura Ubfal<\/strong> tambi\u00e9n hiciera lo propio desde su cuenta de X.<\/p>\n<div class=\"mt-box \">\n<h4 class=\"mt-heading\">Mir\u00e1 Tambi\u00e9n<\/h4>\n<p><a href=\"https:\/\/www.paparazzi.com.ar\/romances\/bomba-el-nuevo-romance-de-mariana-nannis-que-revoluciono-a-la-farandula-esta-en-pareja-con\/\"><\/p>\n<div class=\"mt-content\">\n<div class=\"mt-image-container\"><img decoding=\"async\" src=\"https:\/\/www.paparazzi.com.ar\/wp-content\/uploads\/2026\/01\/\u00a1Bomba-El-nuevo-romance-de-Mariana-Nannis-que-revoluciono-a-la-farandula-22Esta-en-pareja-con.22-359x226.jpg\" alt=\"\u00a1Bomba! El nuevo romance de Mariana Nannis que revolucion\u00f3 a la far\u00e1ndula: &quot;Est\u00e1 en pareja con...&quot;\" class=\"mt-image\" loading=\"lazy\" \/><\/div>\n<h5 class=\"mt-title\">\u00a1Bomba! El nuevo romance de Mariana Nannis que revolucion\u00f3 a la far\u00e1ndula: \u00abEst\u00e1 en pareja con&#8230;\u00bb<\/h5>\n<\/div>\n<p><\/a><\/div>\n<p>Este romance desat\u00f3 todo tipo de reacciones entre los usuarios de las redes: desde quienes celebran la uni\u00f3n hasta quienes especulan con que se trate de una estrategia para sumar visualizaciones. Algo es seguro: el apellido Agostini vuelve a estar en boca de todos, y ahora con un cap\u00edtulo sentimental que promete alargarse durante el verano.<\/p>\n<p>Por supuesto, muchos ya se preguntan c\u00f3mo reaccionar\u00e1 <strong>Nazarena <\/strong>ante este nuevo v\u00ednculo sentimental de su hijo, dadas sus recurrentes apariciones medi\u00e1ticas y nivel de exposici\u00f3n familiar. En un contexto donde los v\u00ednculos entre famosos suelen ser trending topic, esta historia parece reci\u00e9n comenzar a desarrollarse.<\/p>\n<p>The post <a href=\"https:\/\/www.paparazzi.com.ar\/romances\/laura-ubfal-anuncio-el-primer-romance-bomba-del-2026-ella-tiene-34-anos-y-el-25\/\">Laura Ubfal anunci\u00f3 el primer romance bomba del 2026: &quot;Ella tiene 34 a\u00f1os y \u00e9l 25&quot;<\/a> appeared first on <a href=\"https:\/\/www.paparazzi.com.ar\">Revista Paparazzi<\/a>.<\/p>\n","protected":false},"excerpt":{"rendered":"<p>El mundo del espect\u00e1culo argentino arranc\u00f3 con todo y enero<\/p>\n","protected":false},"author":0,"featured_media":10142,"comment_status":"","ping_status":"","sticky":false,"template":"","format":"standard","meta":{"footnotes":""},"categories":[65],"tags":[],"class_list":["post-10141","post","type-post","status-publish","format-standard","has-post-thumbnail","hentry","category-pais"],"yoast_head":"<!-- This site is optimized with the Yoast SEO plugin v27.5 - https:\/\/yoast.com\/product\/yoast-seo-wordpress\/ -->\n<title>Laura Ubfal anunci\u00f3 el primer romance bomba del 2026: &quot;Ella tiene 34 a\u00f1os y \u00e9l 25&quot; - Cuarteto en la Web<\/title>\n<meta name=\"robots\" content=\"index, follow, max-snippet:-1, max-image-preview:large, max-video-preview:-1\" \/>\n<link rel=\"canonical\" href=\"http:\/\/cuartetoenlaweb.com.ar\/sitio\/laura-ubfal-anuncio-el-primer-romance-bomba-del-2026-ella-tiene-34-anos-y-el-25\/\" \/>\n<meta property=\"og:locale\" content=\"es_ES\" \/>\n<meta property=\"og:type\" content=\"article\" \/>\n<meta property=\"og:title\" content=\"Laura Ubfal anunci\u00f3 el primer romance bomba del 2026: &quot;Ella tiene 34 a\u00f1os y \u00e9l 25&quot; - Cuarteto en la Web\" \/>\n<meta property=\"og:description\" content=\"El mundo del espect\u00e1culo argentino arranc\u00f3 con todo y enero\" \/>\n<meta property=\"og:url\" content=\"http:\/\/cuartetoenlaweb.com.ar\/sitio\/laura-ubfal-anuncio-el-primer-romance-bomba-del-2026-ella-tiene-34-anos-y-el-25\/\" \/>\n<meta property=\"og:site_name\" content=\"Cuarteto en la Web\" \/>\n<meta property=\"article:published_time\" content=\"2026-01-09T01:00:11+00:00\" \/>\n<meta property=\"og:image\" content=\"http:\/\/cuartetoenlaweb.com.ar\/sitio\/wp-content\/uploads\/2026\/01\/Evangelina-Anderson-se-metio-en-la-violenta-pelea-de-Demichelis-con-su-novia-y-ardio-todo-su-furioso-descargo-359x226-1.jpg\" \/>\n\t<meta property=\"og:image:width\" content=\"359\" \/>\n\t<meta property=\"og:image:height\" content=\"226\" \/>\n\t<meta property=\"og:image:type\" content=\"image\/jpeg\" \/>\n<meta name=\"twitter:card\" content=\"summary_large_image\" \/>\n<meta name=\"twitter:label1\" content=\"Tiempo de lectura\" \/>\n\t<meta name=\"twitter:data1\" content=\"3 minutos\" \/>\n<script type=\"application\/ld+json\" class=\"yoast-schema-graph\">{\"@context\":\"https:\\\/\\\/schema.org\",\"@graph\":[{\"@type\":\"Article\",\"@id\":\"http:\\\/\\\/cuartetoenlaweb.com.ar\\\/sitio\\\/laura-ubfal-anuncio-el-primer-romance-bomba-del-2026-ella-tiene-34-anos-y-el-25\\\/#article\",\"isPartOf\":{\"@id\":\"http:\\\/\\\/cuartetoenlaweb.com.ar\\\/sitio\\\/laura-ubfal-anuncio-el-primer-romance-bomba-del-2026-ella-tiene-34-anos-y-el-25\\\/\"},\"author\":{\"name\":\"\",\"@id\":\"\"},\"headline\":\"Laura Ubfal anunci\u00f3 el primer romance bomba del 2026: &quot;Ella tiene 34 a\u00f1os y \u00e9l 25&quot;\",\"datePublished\":\"2026-01-09T01:00:11+00:00\",\"mainEntityOfPage\":{\"@id\":\"http:\\\/\\\/cuartetoenlaweb.com.ar\\\/sitio\\\/laura-ubfal-anuncio-el-primer-romance-bomba-del-2026-ella-tiene-34-anos-y-el-25\\\/\"},\"wordCount\":530,\"publisher\":{\"@id\":\"http:\\\/\\\/cuartetoenlaweb.com.ar\\\/sitio\\\/#organization\"},\"image\":{\"@id\":\"http:\\\/\\\/cuartetoenlaweb.com.ar\\\/sitio\\\/laura-ubfal-anuncio-el-primer-romance-bomba-del-2026-ella-tiene-34-anos-y-el-25\\\/#primaryimage\"},\"thumbnailUrl\":\"https:\\\/\\\/cuartetoenlaweb.com.ar\\\/sitio\\\/wp-content\\\/uploads\\\/2026\\\/01\\\/Evangelina-Anderson-se-metio-en-la-violenta-pelea-de-Demichelis-con-su-novia-y-ardio-todo-su-furioso-descargo-359x226-1.jpg\",\"articleSection\":[\"PAIS\"],\"inLanguage\":\"es\"},{\"@type\":\"WebPage\",\"@id\":\"http:\\\/\\\/cuartetoenlaweb.com.ar\\\/sitio\\\/laura-ubfal-anuncio-el-primer-romance-bomba-del-2026-ella-tiene-34-anos-y-el-25\\\/\",\"url\":\"http:\\\/\\\/cuartetoenlaweb.com.ar\\\/sitio\\\/laura-ubfal-anuncio-el-primer-romance-bomba-del-2026-ella-tiene-34-anos-y-el-25\\\/\",\"name\":\"Laura Ubfal anunci\u00f3 el primer romance bomba del 2026: &quot;Ella tiene 34 a\u00f1os y \u00e9l 25&quot; - Cuarteto en la Web\",\"isPartOf\":{\"@id\":\"http:\\\/\\\/cuartetoenlaweb.com.ar\\\/sitio\\\/#website\"},\"primaryImageOfPage\":{\"@id\":\"http:\\\/\\\/cuartetoenlaweb.com.ar\\\/sitio\\\/laura-ubfal-anuncio-el-primer-romance-bomba-del-2026-ella-tiene-34-anos-y-el-25\\\/#primaryimage\"},\"image\":{\"@id\":\"http:\\\/\\\/cuartetoenlaweb.com.ar\\\/sitio\\\/laura-ubfal-anuncio-el-primer-romance-bomba-del-2026-ella-tiene-34-anos-y-el-25\\\/#primaryimage\"},\"thumbnailUrl\":\"https:\\\/\\\/cuartetoenlaweb.com.ar\\\/sitio\\\/wp-content\\\/uploads\\\/2026\\\/01\\\/Evangelina-Anderson-se-metio-en-la-violenta-pelea-de-Demichelis-con-su-novia-y-ardio-todo-su-furioso-descargo-359x226-1.jpg\",\"datePublished\":\"2026-01-09T01:00:11+00:00\",\"breadcrumb\":{\"@id\":\"http:\\\/\\\/cuartetoenlaweb.com.ar\\\/sitio\\\/laura-ubfal-anuncio-el-primer-romance-bomba-del-2026-ella-tiene-34-anos-y-el-25\\\/#breadcrumb\"},\"inLanguage\":\"es\",\"potentialAction\":[{\"@type\":\"ReadAction\",\"target\":[\"http:\\\/\\\/cuartetoenlaweb.com.ar\\\/sitio\\\/laura-ubfal-anuncio-el-primer-romance-bomba-del-2026-ella-tiene-34-anos-y-el-25\\\/\"]}]},{\"@type\":\"ImageObject\",\"inLanguage\":\"es\",\"@id\":\"http:\\\/\\\/cuartetoenlaweb.com.ar\\\/sitio\\\/laura-ubfal-anuncio-el-primer-romance-bomba-del-2026-ella-tiene-34-anos-y-el-25\\\/#primaryimage\",\"url\":\"https:\\\/\\\/cuartetoenlaweb.com.ar\\\/sitio\\\/wp-content\\\/uploads\\\/2026\\\/01\\\/Evangelina-Anderson-se-metio-en-la-violenta-pelea-de-Demichelis-con-su-novia-y-ardio-todo-su-furioso-descargo-359x226-1.jpg\",\"contentUrl\":\"https:\\\/\\\/cuartetoenlaweb.com.ar\\\/sitio\\\/wp-content\\\/uploads\\\/2026\\\/01\\\/Evangelina-Anderson-se-metio-en-la-violenta-pelea-de-Demichelis-con-su-novia-y-ardio-todo-su-furioso-descargo-359x226-1.jpg\",\"width\":359,\"height\":226},{\"@type\":\"BreadcrumbList\",\"@id\":\"http:\\\/\\\/cuartetoenlaweb.com.ar\\\/sitio\\\/laura-ubfal-anuncio-el-primer-romance-bomba-del-2026-ella-tiene-34-anos-y-el-25\\\/#breadcrumb\",\"itemListElement\":[{\"@type\":\"ListItem\",\"position\":1,\"name\":\"Portada\",\"item\":\"http:\\\/\\\/cuartetoenlaweb.com.ar\\\/sitio\\\/\"},{\"@type\":\"ListItem\",\"position\":2,\"name\":\"Laura Ubfal anunci\u00f3 el primer romance bomba del 2026: &quot;Ella tiene 34 a\u00f1os y \u00e9l 25&quot;\"}]},{\"@type\":\"WebSite\",\"@id\":\"http:\\\/\\\/cuartetoenlaweb.com.ar\\\/sitio\\\/#website\",\"url\":\"http:\\\/\\\/cuartetoenlaweb.com.ar\\\/sitio\\\/\",\"name\":\"Cuarteto en la Web\",\"description\":\"\",\"publisher\":{\"@id\":\"http:\\\/\\\/cuartetoenlaweb.com.ar\\\/sitio\\\/#organization\"},\"potentialAction\":[{\"@type\":\"SearchAction\",\"target\":{\"@type\":\"EntryPoint\",\"urlTemplate\":\"http:\\\/\\\/cuartetoenlaweb.com.ar\\\/sitio\\\/?s={search_term_string}\"},\"query-input\":{\"@type\":\"PropertyValueSpecification\",\"valueRequired\":true,\"valueName\":\"search_term_string\"}}],\"inLanguage\":\"es\"},{\"@type\":\"Organization\",\"@id\":\"http:\\\/\\\/cuartetoenlaweb.com.ar\\\/sitio\\\/#organization\",\"name\":\"Cuarteto en la Web\",\"url\":\"http:\\\/\\\/cuartetoenlaweb.com.ar\\\/sitio\\\/\",\"logo\":{\"@type\":\"ImageObject\",\"inLanguage\":\"es\",\"@id\":\"http:\\\/\\\/cuartetoenlaweb.com.ar\\\/sitio\\\/#\\\/schema\\\/logo\\\/image\\\/\",\"url\":\"https:\\\/\\\/cuartetoenlaweb.com.ar\\\/sitio\\\/wp-content\\\/uploads\\\/2025\\\/07\\\/cropped-cropped-logitoweb21.png\",\"contentUrl\":\"https:\\\/\\\/cuartetoenlaweb.com.ar\\\/sitio\\\/wp-content\\\/uploads\\\/2025\\\/07\\\/cropped-cropped-logitoweb21.png\",\"width\":199,\"height\":199,\"caption\":\"Cuarteto en la Web\"},\"image\":{\"@id\":\"http:\\\/\\\/cuartetoenlaweb.com.ar\\\/sitio\\\/#\\\/schema\\\/logo\\\/image\\\/\"}}]}<\/script>\n<!-- \/ Yoast SEO plugin. -->","yoast_head_json":{"title":"Laura Ubfal anunci\u00f3 el primer romance bomba del 2026: &quot;Ella tiene 34 a\u00f1os y \u00e9l 25&quot; - Cuarteto en la Web","robots":{"index":"index","follow":"follow","max-snippet":"max-snippet:-1","max-image-preview":"max-image-preview:large","max-video-preview":"max-video-preview:-1"},"canonical":"http:\/\/cuartetoenlaweb.com.ar\/sitio\/laura-ubfal-anuncio-el-primer-romance-bomba-del-2026-ella-tiene-34-anos-y-el-25\/","og_locale":"es_ES","og_type":"article","og_title":"Laura Ubfal anunci\u00f3 el primer romance bomba del 2026: &quot;Ella tiene 34 a\u00f1os y \u00e9l 25&quot; - Cuarteto en la Web","og_description":"El mundo del espect\u00e1culo argentino arranc\u00f3 con todo y enero","og_url":"http:\/\/cuartetoenlaweb.com.ar\/sitio\/laura-ubfal-anuncio-el-primer-romance-bomba-del-2026-ella-tiene-34-anos-y-el-25\/","og_site_name":"Cuarteto en la Web","article_published_time":"2026-01-09T01:00:11+00:00","og_image":[{"width":359,"height":226,"url":"http:\/\/cuartetoenlaweb.com.ar\/sitio\/wp-content\/uploads\/2026\/01\/Evangelina-Anderson-se-metio-en-la-violenta-pelea-de-Demichelis-con-su-novia-y-ardio-todo-su-furioso-descargo-359x226-1.jpg","type":"image\/jpeg"}],"twitter_card":"summary_large_image","twitter_misc":{"Tiempo de lectura":"3 minutos"},"schema":{"@context":"https:\/\/schema.org","@graph":[{"@type":"Article","@id":"http:\/\/cuartetoenlaweb.com.ar\/sitio\/laura-ubfal-anuncio-el-primer-romance-bomba-del-2026-ella-tiene-34-anos-y-el-25\/#article","isPartOf":{"@id":"http:\/\/cuartetoenlaweb.com.ar\/sitio\/laura-ubfal-anuncio-el-primer-romance-bomba-del-2026-ella-tiene-34-anos-y-el-25\/"},"author":{"name":"","@id":""},"headline":"Laura Ubfal anunci\u00f3 el primer romance bomba del 2026: &quot;Ella tiene 34 a\u00f1os y \u00e9l 25&quot;","datePublished":"2026-01-09T01:00:11+00:00","mainEntityOfPage":{"@id":"http:\/\/cuartetoenlaweb.com.ar\/sitio\/laura-ubfal-anuncio-el-primer-romance-bomba-del-2026-ella-tiene-34-anos-y-el-25\/"},"wordCount":530,"publisher":{"@id":"http:\/\/cuartetoenlaweb.com.ar\/sitio\/#organization"},"image":{"@id":"http:\/\/cuartetoenlaweb.com.ar\/sitio\/laura-ubfal-anuncio-el-primer-romance-bomba-del-2026-ella-tiene-34-anos-y-el-25\/#primaryimage"},"thumbnailUrl":"https:\/\/cuartetoenlaweb.com.ar\/sitio\/wp-content\/uploads\/2026\/01\/Evangelina-Anderson-se-metio-en-la-violenta-pelea-de-Demichelis-con-su-novia-y-ardio-todo-su-furioso-descargo-359x226-1.jpg","articleSection":["PAIS"],"inLanguage":"es"},{"@type":"WebPage","@id":"http:\/\/cuartetoenlaweb.com.ar\/sitio\/laura-ubfal-anuncio-el-primer-romance-bomba-del-2026-ella-tiene-34-anos-y-el-25\/","url":"http:\/\/cuartetoenlaweb.com.ar\/sitio\/laura-ubfal-anuncio-el-primer-romance-bomba-del-2026-ella-tiene-34-anos-y-el-25\/","name":"Laura Ubfal anunci\u00f3 el primer romance bomba del 2026: &quot;Ella tiene 34 a\u00f1os y \u00e9l 25&quot; - Cuarteto en la Web","isPartOf":{"@id":"http:\/\/cuartetoenlaweb.com.ar\/sitio\/#website"},"primaryImageOfPage":{"@id":"http:\/\/cuartetoenlaweb.com.ar\/sitio\/laura-ubfal-anuncio-el-primer-romance-bomba-del-2026-ella-tiene-34-anos-y-el-25\/#primaryimage"},"image":{"@id":"http:\/\/cuartetoenlaweb.com.ar\/sitio\/laura-ubfal-anuncio-el-primer-romance-bomba-del-2026-ella-tiene-34-anos-y-el-25\/#primaryimage"},"thumbnailUrl":"https:\/\/cuartetoenlaweb.com.ar\/sitio\/wp-content\/uploads\/2026\/01\/Evangelina-Anderson-se-metio-en-la-violenta-pelea-de-Demichelis-con-su-novia-y-ardio-todo-su-furioso-descargo-359x226-1.jpg","datePublished":"2026-01-09T01:00:11+00:00","breadcrumb":{"@id":"http:\/\/cuartetoenlaweb.com.ar\/sitio\/laura-ubfal-anuncio-el-primer-romance-bomba-del-2026-ella-tiene-34-anos-y-el-25\/#breadcrumb"},"inLanguage":"es","potentialAction":[{"@type":"ReadAction","target":["http:\/\/cuartetoenlaweb.com.ar\/sitio\/laura-ubfal-anuncio-el-primer-romance-bomba-del-2026-ella-tiene-34-anos-y-el-25\/"]}]},{"@type":"ImageObject","inLanguage":"es","@id":"http:\/\/cuartetoenlaweb.com.ar\/sitio\/laura-ubfal-anuncio-el-primer-romance-bomba-del-2026-ella-tiene-34-anos-y-el-25\/#primaryimage","url":"https:\/\/cuartetoenlaweb.com.ar\/sitio\/wp-content\/uploads\/2026\/01\/Evangelina-Anderson-se-metio-en-la-violenta-pelea-de-Demichelis-con-su-novia-y-ardio-todo-su-furioso-descargo-359x226-1.jpg","contentUrl":"https:\/\/cuartetoenlaweb.com.ar\/sitio\/wp-content\/uploads\/2026\/01\/Evangelina-Anderson-se-metio-en-la-violenta-pelea-de-Demichelis-con-su-novia-y-ardio-todo-su-furioso-descargo-359x226-1.jpg","width":359,"height":226},{"@type":"BreadcrumbList","@id":"http:\/\/cuartetoenlaweb.com.ar\/sitio\/laura-ubfal-anuncio-el-primer-romance-bomba-del-2026-ella-tiene-34-anos-y-el-25\/#breadcrumb","itemListElement":[{"@type":"ListItem","position":1,"name":"Portada","item":"http:\/\/cuartetoenlaweb.com.ar\/sitio\/"},{"@type":"ListItem","position":2,"name":"Laura Ubfal anunci\u00f3 el primer romance bomba del 2026: &quot;Ella tiene 34 a\u00f1os y \u00e9l 25&quot;"}]},{"@type":"WebSite","@id":"http:\/\/cuartetoenlaweb.com.ar\/sitio\/#website","url":"http:\/\/cuartetoenlaweb.com.ar\/sitio\/","name":"Cuarteto en la Web","description":"","publisher":{"@id":"http:\/\/cuartetoenlaweb.com.ar\/sitio\/#organization"},"potentialAction":[{"@type":"SearchAction","target":{"@type":"EntryPoint","urlTemplate":"http:\/\/cuartetoenlaweb.com.ar\/sitio\/?s={search_term_string}"},"query-input":{"@type":"PropertyValueSpecification","valueRequired":true,"valueName":"search_term_string"}}],"inLanguage":"es"},{"@type":"Organization","@id":"http:\/\/cuartetoenlaweb.com.ar\/sitio\/#organization","name":"Cuarteto en la Web","url":"http:\/\/cuartetoenlaweb.com.ar\/sitio\/","logo":{"@type":"ImageObject","inLanguage":"es","@id":"http:\/\/cuartetoenlaweb.com.ar\/sitio\/#\/schema\/logo\/image\/","url":"https:\/\/cuartetoenlaweb.com.ar\/sitio\/wp-content\/uploads\/2025\/07\/cropped-cropped-logitoweb21.png","contentUrl":"https:\/\/cuartetoenlaweb.com.ar\/sitio\/wp-content\/uploads\/2025\/07\/cropped-cropped-logitoweb21.png","width":199,"height":199,"caption":"Cuarteto en la Web"},"image":{"@id":"http:\/\/cuartetoenlaweb.com.ar\/sitio\/#\/schema\/logo\/image\/"}}]}},"_links":{"self":[{"href":"https:\/\/cuartetoenlaweb.com.ar\/sitio\/wp-json\/wp\/v2\/posts\/10141","targetHints":{"allow":["GET"]}}],"collection":[{"href":"https:\/\/cuartetoenlaweb.com.ar\/sitio\/wp-json\/wp\/v2\/posts"}],"about":[{"href":"https:\/\/cuartetoenlaweb.com.ar\/sitio\/wp-json\/wp\/v2\/types\/post"}],"replies":[{"embeddable":true,"href":"https:\/\/cuartetoenlaweb.com.ar\/sitio\/wp-json\/wp\/v2\/comments?post=10141"}],"version-history":[{"count":0,"href":"https:\/\/cuartetoenlaweb.com.ar\/sitio\/wp-json\/wp\/v2\/posts\/10141\/revisions"}],"wp:featuredmedia":[{"embeddable":true,"href":"https:\/\/cuartetoenlaweb.com.ar\/sitio\/wp-json\/wp\/v2\/media\/10142"}],"wp:attachment":[{"href":"https:\/\/cuartetoenlaweb.com.ar\/sitio\/wp-json\/wp\/v2\/media?parent=10141"}],"wp:term":[{"taxonomy":"category","embeddable":true,"href":"https:\/\/cuartetoenlaweb.com.ar\/sitio\/wp-json\/wp\/v2\/categories?post=10141"},{"taxonomy":"post_tag","embeddable":true,"href":"https:\/\/cuartetoenlaweb.com.ar\/sitio\/wp-json\/wp\/v2\/tags?post=10141"}],"curies":[{"name":"wp","href":"https:\/\/api.w.org\/{rel}","templated":true}]}}