
{"id":10137,"date":"2026-01-08T09:00:28","date_gmt":"2026-01-08T12:00:28","guid":{"rendered":"https:\/\/cuartetoenlaweb.com.ar\/sitio\/el-parlamento-venezolano-elabora-un-nuevo-codigo-social-para-el-periodo-legislativo-2026-2031\/"},"modified":"2026-01-08T09:00:28","modified_gmt":"2026-01-08T12:00:28","slug":"el-parlamento-venezolano-elabora-un-nuevo-codigo-social-para-el-periodo-legislativo-2026-2031","status":"publish","type":"post","link":"https:\/\/cuartetoenlaweb.com.ar\/sitio\/el-parlamento-venezolano-elabora-un-nuevo-codigo-social-para-el-periodo-legislativo-2026-2031\/","title":{"rendered":"El Parlamento venezolano elabora un nuevo \u201cC\u00f3digo Social\u201d para el per\u00edodo legislativo 2026-2031"},"content":{"rendered":"<p>Buenos Aires, 8 enero (NA) \u2013 El presidente del Parlamento de Venezuela, Jorge Rodr\u00edguez, propuso la elaboraci\u00f3n de un nuevo C\u00f3digo Social venezolano como prioridad estrat\u00e9gica para el per\u00edodo legislativo 2026-2031, con el objetivo de ordenar y actualizar el marco legal del pa\u00eds frente a los desaf\u00edos econ\u00f3micos, sociales y ambientales de la nueva d\u00e9cada.<\/p>\n<p>La propuesta fue anunciada el mi\u00e9rcoles durante el acto de notificaci\u00f3n al Ejecutivo del inicio formal de funciones del nuevo per\u00edodo legislativo ante la presidenta encargada de la Rep\u00fablica, Delcy Rodr\u00edguez, seg\u00fan pudo saber la Agencia Noticias Argentinas.<\/p>\n<p>El jefe del Legislativo subray\u00f3 que la defensa de la soberan\u00eda, la libertad y la independencia constituyen la prioridad absoluta del Parlamento electo el 25 de mayo de 2025, al tiempo que reafirm\u00f3 la cohesi\u00f3n institucional frente a las recientes amenazas y agresiones contra el pa\u00eds.<\/p>\n<p>En ese sentido, Rodr\u00edguez expres\u00f3 la disposici\u00f3n de la Asamblea Nacional a trabajar de manera coordinada con el Poder Ejecutivo y el pueblo venezolano para preservar la paz, impulsar el crecimiento econ\u00f3mico y contribuir al restablecimiento de la prosperidad nacional.<\/p>\n<p>En ese marco, plante\u00f3 la necesidad de una reforma integral del ordenamiento jur\u00eddico mediante un C\u00f3digo Social que sistematice y modernice la legislaci\u00f3n, incorporando \u00e1reas clave como la econom\u00eda, el derecho civil, la protecci\u00f3n ambiental y la atenci\u00f3n a personas en situaci\u00f3n de vulnerabilidad.<\/p>\n<p>El proyecto, seg\u00fan explic\u00f3, busca ofrecer un instrumento legal coherente y adaptado a las realidades contempor\u00e1neas que fortalezca un modelo de justicia social y desarrollo propio, sin subordinaci\u00f3n a presiones externas.<\/p>\n<p>Con esta notificaci\u00f3n al Ejecutivo, la Asamblea Nacional culmin\u00f3 el ciclo formal de inicio del a\u00f1o parlamentario, tras informar previamente a los dem\u00e1s Poderes P\u00fablicos, y ratific\u00f3 que su labor legislativa estar\u00e1 orientada a la estabilidad del pa\u00eds y a la defensa del inter\u00e9s nacional. #AgenciaNA<\/p>\n","protected":false},"excerpt":{"rendered":"<p>Buenos Aires, 8 enero (NA) \u2013 El presidente del Parlamento<\/p>\n","protected":false},"author":0,"featured_media":10138,"comment_status":"","ping_status":"","sticky":false,"template":"","format":"standard","meta":{"footnotes":""},"categories":[65],"tags":[],"class_list":["post-10137","post","type-post","status-publish","format-standard","has-post-thumbnail","hentry","category-pais"],"yoast_head":"<!-- This site is optimized with the Yoast SEO plugin v27.5 - https:\/\/yoast.com\/product\/yoast-seo-wordpress\/ -->\n<title>El Parlamento venezolano elabora un nuevo \u201cC\u00f3digo Social\u201d para el per\u00edodo legislativo 2026-2031 - Cuarteto en la Web<\/title>\n<meta name=\"robots\" content=\"index, follow, max-snippet:-1, max-image-preview:large, max-video-preview:-1\" \/>\n<link rel=\"canonical\" href=\"https:\/\/cuartetoenlaweb.com.ar\/sitio\/el-parlamento-venezolano-elabora-un-nuevo-codigo-social-para-el-periodo-legislativo-2026-2031\/\" \/>\n<meta property=\"og:locale\" content=\"es_ES\" \/>\n<meta property=\"og:type\" content=\"article\" \/>\n<meta property=\"og:title\" content=\"El Parlamento venezolano elabora un nuevo \u201cC\u00f3digo Social\u201d para el per\u00edodo legislativo 2026-2031 - Cuarteto en la Web\" \/>\n<meta property=\"og:description\" content=\"Buenos Aires, 8 enero (NA) \u2013 El presidente del Parlamento\" \/>\n<meta property=\"og:url\" content=\"https:\/\/cuartetoenlaweb.com.ar\/sitio\/el-parlamento-venezolano-elabora-un-nuevo-codigo-social-para-el-periodo-legislativo-2026-2031\/\" \/>\n<meta property=\"og:site_name\" content=\"Cuarteto en la Web\" \/>\n<meta property=\"article:published_time\" content=\"2026-01-08T12:00:28+00:00\" \/>\n<meta property=\"og:image\" content=\"https:\/\/cuartetoenlaweb.com.ar\/sitio\/wp-content\/uploads\/2026\/01\/720-69.jpeg\" \/>\n\t<meta property=\"og:image:width\" content=\"1080\" \/>\n\t<meta property=\"og:image:height\" content=\"720\" \/>\n\t<meta property=\"og:image:type\" content=\"image\/jpeg\" \/>\n<meta name=\"twitter:card\" content=\"summary_large_image\" \/>\n<meta name=\"twitter:label1\" content=\"Tiempo de lectura\" \/>\n\t<meta name=\"twitter:data1\" content=\"2 minutos\" \/>\n<script type=\"application\/ld+json\" class=\"yoast-schema-graph\">{\"@context\":\"https:\\\/\\\/schema.org\",\"@graph\":[{\"@type\":\"Article\",\"@id\":\"https:\\\/\\\/cuartetoenlaweb.com.ar\\\/sitio\\\/el-parlamento-venezolano-elabora-un-nuevo-codigo-social-para-el-periodo-legislativo-2026-2031\\\/#article\",\"isPartOf\":{\"@id\":\"https:\\\/\\\/cuartetoenlaweb.com.ar\\\/sitio\\\/el-parlamento-venezolano-elabora-un-nuevo-codigo-social-para-el-periodo-legislativo-2026-2031\\\/\"},\"author\":{\"name\":\"\",\"@id\":\"\"},\"headline\":\"El Parlamento venezolano elabora un nuevo \u201cC\u00f3digo Social\u201d para el per\u00edodo legislativo 2026-2031\",\"datePublished\":\"2026-01-08T12:00:28+00:00\",\"mainEntityOfPage\":{\"@id\":\"https:\\\/\\\/cuartetoenlaweb.com.ar\\\/sitio\\\/el-parlamento-venezolano-elabora-un-nuevo-codigo-social-para-el-periodo-legislativo-2026-2031\\\/\"},\"wordCount\":348,\"publisher\":{\"@id\":\"http:\\\/\\\/cuartetoenlaweb.com.ar\\\/sitio\\\/#organization\"},\"image\":{\"@id\":\"https:\\\/\\\/cuartetoenlaweb.com.ar\\\/sitio\\\/el-parlamento-venezolano-elabora-un-nuevo-codigo-social-para-el-periodo-legislativo-2026-2031\\\/#primaryimage\"},\"thumbnailUrl\":\"https:\\\/\\\/cuartetoenlaweb.com.ar\\\/sitio\\\/wp-content\\\/uploads\\\/2026\\\/01\\\/720-69.jpeg\",\"articleSection\":[\"PAIS\"],\"inLanguage\":\"es\"},{\"@type\":\"WebPage\",\"@id\":\"https:\\\/\\\/cuartetoenlaweb.com.ar\\\/sitio\\\/el-parlamento-venezolano-elabora-un-nuevo-codigo-social-para-el-periodo-legislativo-2026-2031\\\/\",\"url\":\"https:\\\/\\\/cuartetoenlaweb.com.ar\\\/sitio\\\/el-parlamento-venezolano-elabora-un-nuevo-codigo-social-para-el-periodo-legislativo-2026-2031\\\/\",\"name\":\"El Parlamento venezolano elabora un nuevo \u201cC\u00f3digo Social\u201d para el per\u00edodo legislativo 2026-2031 - Cuarteto en la Web\",\"isPartOf\":{\"@id\":\"http:\\\/\\\/cuartetoenlaweb.com.ar\\\/sitio\\\/#website\"},\"primaryImageOfPage\":{\"@id\":\"https:\\\/\\\/cuartetoenlaweb.com.ar\\\/sitio\\\/el-parlamento-venezolano-elabora-un-nuevo-codigo-social-para-el-periodo-legislativo-2026-2031\\\/#primaryimage\"},\"image\":{\"@id\":\"https:\\\/\\\/cuartetoenlaweb.com.ar\\\/sitio\\\/el-parlamento-venezolano-elabora-un-nuevo-codigo-social-para-el-periodo-legislativo-2026-2031\\\/#primaryimage\"},\"thumbnailUrl\":\"https:\\\/\\\/cuartetoenlaweb.com.ar\\\/sitio\\\/wp-content\\\/uploads\\\/2026\\\/01\\\/720-69.jpeg\",\"datePublished\":\"2026-01-08T12:00:28+00:00\",\"breadcrumb\":{\"@id\":\"https:\\\/\\\/cuartetoenlaweb.com.ar\\\/sitio\\\/el-parlamento-venezolano-elabora-un-nuevo-codigo-social-para-el-periodo-legislativo-2026-2031\\\/#breadcrumb\"},\"inLanguage\":\"es\",\"potentialAction\":[{\"@type\":\"ReadAction\",\"target\":[\"https:\\\/\\\/cuartetoenlaweb.com.ar\\\/sitio\\\/el-parlamento-venezolano-elabora-un-nuevo-codigo-social-para-el-periodo-legislativo-2026-2031\\\/\"]}]},{\"@type\":\"ImageObject\",\"inLanguage\":\"es\",\"@id\":\"https:\\\/\\\/cuartetoenlaweb.com.ar\\\/sitio\\\/el-parlamento-venezolano-elabora-un-nuevo-codigo-social-para-el-periodo-legislativo-2026-2031\\\/#primaryimage\",\"url\":\"https:\\\/\\\/cuartetoenlaweb.com.ar\\\/sitio\\\/wp-content\\\/uploads\\\/2026\\\/01\\\/720-69.jpeg\",\"contentUrl\":\"https:\\\/\\\/cuartetoenlaweb.com.ar\\\/sitio\\\/wp-content\\\/uploads\\\/2026\\\/01\\\/720-69.jpeg\",\"width\":1080,\"height\":720},{\"@type\":\"BreadcrumbList\",\"@id\":\"https:\\\/\\\/cuartetoenlaweb.com.ar\\\/sitio\\\/el-parlamento-venezolano-elabora-un-nuevo-codigo-social-para-el-periodo-legislativo-2026-2031\\\/#breadcrumb\",\"itemListElement\":[{\"@type\":\"ListItem\",\"position\":1,\"name\":\"Portada\",\"item\":\"http:\\\/\\\/cuartetoenlaweb.com.ar\\\/sitio\\\/\"},{\"@type\":\"ListItem\",\"position\":2,\"name\":\"El Parlamento venezolano elabora un nuevo \u201cC\u00f3digo Social\u201d para el per\u00edodo legislativo 2026-2031\"}]},{\"@type\":\"WebSite\",\"@id\":\"http:\\\/\\\/cuartetoenlaweb.com.ar\\\/sitio\\\/#website\",\"url\":\"http:\\\/\\\/cuartetoenlaweb.com.ar\\\/sitio\\\/\",\"name\":\"Cuarteto en la Web\",\"description\":\"\",\"publisher\":{\"@id\":\"http:\\\/\\\/cuartetoenlaweb.com.ar\\\/sitio\\\/#organization\"},\"potentialAction\":[{\"@type\":\"SearchAction\",\"target\":{\"@type\":\"EntryPoint\",\"urlTemplate\":\"http:\\\/\\\/cuartetoenlaweb.com.ar\\\/sitio\\\/?s={search_term_string}\"},\"query-input\":{\"@type\":\"PropertyValueSpecification\",\"valueRequired\":true,\"valueName\":\"search_term_string\"}}],\"inLanguage\":\"es\"},{\"@type\":\"Organization\",\"@id\":\"http:\\\/\\\/cuartetoenlaweb.com.ar\\\/sitio\\\/#organization\",\"name\":\"Cuarteto en la Web\",\"url\":\"http:\\\/\\\/cuartetoenlaweb.com.ar\\\/sitio\\\/\",\"logo\":{\"@type\":\"ImageObject\",\"inLanguage\":\"es\",\"@id\":\"http:\\\/\\\/cuartetoenlaweb.com.ar\\\/sitio\\\/#\\\/schema\\\/logo\\\/image\\\/\",\"url\":\"https:\\\/\\\/cuartetoenlaweb.com.ar\\\/sitio\\\/wp-content\\\/uploads\\\/2025\\\/07\\\/cropped-cropped-logitoweb21.png\",\"contentUrl\":\"https:\\\/\\\/cuartetoenlaweb.com.ar\\\/sitio\\\/wp-content\\\/uploads\\\/2025\\\/07\\\/cropped-cropped-logitoweb21.png\",\"width\":199,\"height\":199,\"caption\":\"Cuarteto en la Web\"},\"image\":{\"@id\":\"http:\\\/\\\/cuartetoenlaweb.com.ar\\\/sitio\\\/#\\\/schema\\\/logo\\\/image\\\/\"}}]}<\/script>\n<!-- \/ Yoast SEO plugin. -->","yoast_head_json":{"title":"El Parlamento venezolano elabora un nuevo \u201cC\u00f3digo Social\u201d para el per\u00edodo legislativo 2026-2031 - Cuarteto en la Web","robots":{"index":"index","follow":"follow","max-snippet":"max-snippet:-1","max-image-preview":"max-image-preview:large","max-video-preview":"max-video-preview:-1"},"canonical":"https:\/\/cuartetoenlaweb.com.ar\/sitio\/el-parlamento-venezolano-elabora-un-nuevo-codigo-social-para-el-periodo-legislativo-2026-2031\/","og_locale":"es_ES","og_type":"article","og_title":"El Parlamento venezolano elabora un nuevo \u201cC\u00f3digo Social\u201d para el per\u00edodo legislativo 2026-2031 - Cuarteto en la Web","og_description":"Buenos Aires, 8 enero (NA) \u2013 El presidente del Parlamento","og_url":"https:\/\/cuartetoenlaweb.com.ar\/sitio\/el-parlamento-venezolano-elabora-un-nuevo-codigo-social-para-el-periodo-legislativo-2026-2031\/","og_site_name":"Cuarteto en la Web","article_published_time":"2026-01-08T12:00:28+00:00","og_image":[{"width":1080,"height":720,"url":"https:\/\/cuartetoenlaweb.com.ar\/sitio\/wp-content\/uploads\/2026\/01\/720-69.jpeg","type":"image\/jpeg"}],"twitter_card":"summary_large_image","twitter_misc":{"Tiempo de lectura":"2 minutos"},"schema":{"@context":"https:\/\/schema.org","@graph":[{"@type":"Article","@id":"https:\/\/cuartetoenlaweb.com.ar\/sitio\/el-parlamento-venezolano-elabora-un-nuevo-codigo-social-para-el-periodo-legislativo-2026-2031\/#article","isPartOf":{"@id":"https:\/\/cuartetoenlaweb.com.ar\/sitio\/el-parlamento-venezolano-elabora-un-nuevo-codigo-social-para-el-periodo-legislativo-2026-2031\/"},"author":{"name":"","@id":""},"headline":"El Parlamento venezolano elabora un nuevo \u201cC\u00f3digo Social\u201d para el per\u00edodo legislativo 2026-2031","datePublished":"2026-01-08T12:00:28+00:00","mainEntityOfPage":{"@id":"https:\/\/cuartetoenlaweb.com.ar\/sitio\/el-parlamento-venezolano-elabora-un-nuevo-codigo-social-para-el-periodo-legislativo-2026-2031\/"},"wordCount":348,"publisher":{"@id":"http:\/\/cuartetoenlaweb.com.ar\/sitio\/#organization"},"image":{"@id":"https:\/\/cuartetoenlaweb.com.ar\/sitio\/el-parlamento-venezolano-elabora-un-nuevo-codigo-social-para-el-periodo-legislativo-2026-2031\/#primaryimage"},"thumbnailUrl":"https:\/\/cuartetoenlaweb.com.ar\/sitio\/wp-content\/uploads\/2026\/01\/720-69.jpeg","articleSection":["PAIS"],"inLanguage":"es"},{"@type":"WebPage","@id":"https:\/\/cuartetoenlaweb.com.ar\/sitio\/el-parlamento-venezolano-elabora-un-nuevo-codigo-social-para-el-periodo-legislativo-2026-2031\/","url":"https:\/\/cuartetoenlaweb.com.ar\/sitio\/el-parlamento-venezolano-elabora-un-nuevo-codigo-social-para-el-periodo-legislativo-2026-2031\/","name":"El Parlamento venezolano elabora un nuevo \u201cC\u00f3digo Social\u201d para el per\u00edodo legislativo 2026-2031 - Cuarteto en la Web","isPartOf":{"@id":"http:\/\/cuartetoenlaweb.com.ar\/sitio\/#website"},"primaryImageOfPage":{"@id":"https:\/\/cuartetoenlaweb.com.ar\/sitio\/el-parlamento-venezolano-elabora-un-nuevo-codigo-social-para-el-periodo-legislativo-2026-2031\/#primaryimage"},"image":{"@id":"https:\/\/cuartetoenlaweb.com.ar\/sitio\/el-parlamento-venezolano-elabora-un-nuevo-codigo-social-para-el-periodo-legislativo-2026-2031\/#primaryimage"},"thumbnailUrl":"https:\/\/cuartetoenlaweb.com.ar\/sitio\/wp-content\/uploads\/2026\/01\/720-69.jpeg","datePublished":"2026-01-08T12:00:28+00:00","breadcrumb":{"@id":"https:\/\/cuartetoenlaweb.com.ar\/sitio\/el-parlamento-venezolano-elabora-un-nuevo-codigo-social-para-el-periodo-legislativo-2026-2031\/#breadcrumb"},"inLanguage":"es","potentialAction":[{"@type":"ReadAction","target":["https:\/\/cuartetoenlaweb.com.ar\/sitio\/el-parlamento-venezolano-elabora-un-nuevo-codigo-social-para-el-periodo-legislativo-2026-2031\/"]}]},{"@type":"ImageObject","inLanguage":"es","@id":"https:\/\/cuartetoenlaweb.com.ar\/sitio\/el-parlamento-venezolano-elabora-un-nuevo-codigo-social-para-el-periodo-legislativo-2026-2031\/#primaryimage","url":"https:\/\/cuartetoenlaweb.com.ar\/sitio\/wp-content\/uploads\/2026\/01\/720-69.jpeg","contentUrl":"https:\/\/cuartetoenlaweb.com.ar\/sitio\/wp-content\/uploads\/2026\/01\/720-69.jpeg","width":1080,"height":720},{"@type":"BreadcrumbList","@id":"https:\/\/cuartetoenlaweb.com.ar\/sitio\/el-parlamento-venezolano-elabora-un-nuevo-codigo-social-para-el-periodo-legislativo-2026-2031\/#breadcrumb","itemListElement":[{"@type":"ListItem","position":1,"name":"Portada","item":"http:\/\/cuartetoenlaweb.com.ar\/sitio\/"},{"@type":"ListItem","position":2,"name":"El Parlamento venezolano elabora un nuevo \u201cC\u00f3digo Social\u201d para el per\u00edodo legislativo 2026-2031"}]},{"@type":"WebSite","@id":"http:\/\/cuartetoenlaweb.com.ar\/sitio\/#website","url":"http:\/\/cuartetoenlaweb.com.ar\/sitio\/","name":"Cuarteto en la Web","description":"","publisher":{"@id":"http:\/\/cuartetoenlaweb.com.ar\/sitio\/#organization"},"potentialAction":[{"@type":"SearchAction","target":{"@type":"EntryPoint","urlTemplate":"http:\/\/cuartetoenlaweb.com.ar\/sitio\/?s={search_term_string}"},"query-input":{"@type":"PropertyValueSpecification","valueRequired":true,"valueName":"search_term_string"}}],"inLanguage":"es"},{"@type":"Organization","@id":"http:\/\/cuartetoenlaweb.com.ar\/sitio\/#organization","name":"Cuarteto en la Web","url":"http:\/\/cuartetoenlaweb.com.ar\/sitio\/","logo":{"@type":"ImageObject","inLanguage":"es","@id":"http:\/\/cuartetoenlaweb.com.ar\/sitio\/#\/schema\/logo\/image\/","url":"https:\/\/cuartetoenlaweb.com.ar\/sitio\/wp-content\/uploads\/2025\/07\/cropped-cropped-logitoweb21.png","contentUrl":"https:\/\/cuartetoenlaweb.com.ar\/sitio\/wp-content\/uploads\/2025\/07\/cropped-cropped-logitoweb21.png","width":199,"height":199,"caption":"Cuarteto en la Web"},"image":{"@id":"http:\/\/cuartetoenlaweb.com.ar\/sitio\/#\/schema\/logo\/image\/"}}]}},"_links":{"self":[{"href":"https:\/\/cuartetoenlaweb.com.ar\/sitio\/wp-json\/wp\/v2\/posts\/10137","targetHints":{"allow":["GET"]}}],"collection":[{"href":"https:\/\/cuartetoenlaweb.com.ar\/sitio\/wp-json\/wp\/v2\/posts"}],"about":[{"href":"https:\/\/cuartetoenlaweb.com.ar\/sitio\/wp-json\/wp\/v2\/types\/post"}],"replies":[{"embeddable":true,"href":"https:\/\/cuartetoenlaweb.com.ar\/sitio\/wp-json\/wp\/v2\/comments?post=10137"}],"version-history":[{"count":0,"href":"https:\/\/cuartetoenlaweb.com.ar\/sitio\/wp-json\/wp\/v2\/posts\/10137\/revisions"}],"wp:featuredmedia":[{"embeddable":true,"href":"https:\/\/cuartetoenlaweb.com.ar\/sitio\/wp-json\/wp\/v2\/media\/10138"}],"wp:attachment":[{"href":"https:\/\/cuartetoenlaweb.com.ar\/sitio\/wp-json\/wp\/v2\/media?parent=10137"}],"wp:term":[{"taxonomy":"category","embeddable":true,"href":"https:\/\/cuartetoenlaweb.com.ar\/sitio\/wp-json\/wp\/v2\/categories?post=10137"},{"taxonomy":"post_tag","embeddable":true,"href":"https:\/\/cuartetoenlaweb.com.ar\/sitio\/wp-json\/wp\/v2\/tags?post=10137"}],"curies":[{"name":"wp","href":"https:\/\/api.w.org\/{rel}","templated":true}]}}