
{"id":10135,"date":"2026-01-08T09:00:24","date_gmt":"2026-01-08T12:00:24","guid":{"rendered":"https:\/\/cuartetoenlaweb.com.ar\/sitio\/tras-dias-de-agonia-fallecio-la-unica-sobreviviente-del-brutal-choque-en-chajari\/"},"modified":"2026-01-08T09:00:24","modified_gmt":"2026-01-08T12:00:24","slug":"tras-dias-de-agonia-fallecio-la-unica-sobreviviente-del-brutal-choque-en-chajari","status":"publish","type":"post","link":"https:\/\/cuartetoenlaweb.com.ar\/sitio\/tras-dias-de-agonia-fallecio-la-unica-sobreviviente-del-brutal-choque-en-chajari\/","title":{"rendered":"Tras d\u00edas de agon\u00eda, falleci\u00f3 la \u00fanica sobreviviente del brutal choque en Chajar\u00ed"},"content":{"rendered":"<p>Buenos Aires, 8 enero (NA) \u2013 La \u00fanica sobreviviente del brutal y fatal choque en Chajar\u00ed, Entre R\u00edos, en el que murieron cuatro de sus familiares, falleci\u00f3 tras permanecer internada varios d\u00edas en el hospital con el 95% de su cuerpo quemado. <\/p>\n<p>Se trata de Astrid Raquel Mart\u00ednez, de 17 a\u00f1os y el mi\u00e9rcoles las autoridades del Hospital San Mart\u00edn de Paran\u00e1 confirmaron que la adolescente falleci\u00f3 luego de 48 horas de agon\u00eda, debido a que sufri\u00f3 quemaduras en casi todo su cuerpo producto del accidente ocurrido este fin de semana sobre la ruta 14 en el acceso a Chajar\u00ed, donde murieron su madre, sus dos hermanas y su t\u00edo.<\/p>\n<p>Medios locales confirmaron que viajaban desde General Roca, en R\u00edo Negro, hacia Misiones por vacaciones pero, a metros del ingreso a la ciudad de Chajar\u00ed, el auto Volkswagen Suran en el que se movilizaban roz\u00f3 el guardarra\u00edl, volc\u00f3 y se incendi\u00f3.<\/p>\n<p>Cuando personal policial y bomberos acudieron al lugar constataron los cuerpos calcinados de Carmen Techeira (44), sus hijas Gabriela Liz Mart\u00ednez (20) y Omaira Ruth Mart\u00ednez (17), y su hermano David Techeira (30).<\/p>\n<p>Astrid era la \u00fanica que logr\u00f3 sobrevivir, pero los m\u00e9dicos indicaron que su pronostico era muy grave debido a que presentaba quemaduras en el 95% de su cuerpo, por lo que sus d\u00edas en el hospital estuvo en coma y con respirador artificial, supo la Agencia Noticias Argentinas.<\/p>\n<p>Pese al labor m\u00e9dico, se confirm\u00f3 que la adolescente falleci\u00f3 frente a la gravedad en su estado de salud. #AgenciaNA<\/p>\n","protected":false},"excerpt":{"rendered":"<p>Buenos Aires, 8 enero (NA) \u2013 La \u00fanica sobreviviente del<\/p>\n","protected":false},"author":0,"featured_media":10136,"comment_status":"","ping_status":"","sticky":false,"template":"","format":"standard","meta":{"footnotes":""},"categories":[65],"tags":[],"class_list":["post-10135","post","type-post","status-publish","format-standard","has-post-thumbnail","hentry","category-pais"],"yoast_head":"<!-- This site is optimized with the Yoast SEO plugin v27.5 - https:\/\/yoast.com\/product\/yoast-seo-wordpress\/ -->\n<title>Tras d\u00edas de agon\u00eda, falleci\u00f3 la \u00fanica sobreviviente del brutal choque en Chajar\u00ed - Cuarteto en la Web<\/title>\n<meta name=\"robots\" content=\"index, follow, max-snippet:-1, max-image-preview:large, max-video-preview:-1\" \/>\n<link rel=\"canonical\" href=\"https:\/\/cuartetoenlaweb.com.ar\/sitio\/tras-dias-de-agonia-fallecio-la-unica-sobreviviente-del-brutal-choque-en-chajari\/\" \/>\n<meta property=\"og:locale\" content=\"es_ES\" \/>\n<meta property=\"og:type\" content=\"article\" \/>\n<meta property=\"og:title\" content=\"Tras d\u00edas de agon\u00eda, falleci\u00f3 la \u00fanica sobreviviente del brutal choque en Chajar\u00ed - Cuarteto en la Web\" \/>\n<meta property=\"og:description\" content=\"Buenos Aires, 8 enero (NA) \u2013 La \u00fanica sobreviviente del\" \/>\n<meta property=\"og:url\" content=\"https:\/\/cuartetoenlaweb.com.ar\/sitio\/tras-dias-de-agonia-fallecio-la-unica-sobreviviente-del-brutal-choque-en-chajari\/\" \/>\n<meta property=\"og:site_name\" content=\"Cuarteto en la Web\" \/>\n<meta property=\"article:published_time\" content=\"2026-01-08T12:00:24+00:00\" \/>\n<meta property=\"og:image\" content=\"https:\/\/cuartetoenlaweb.com.ar\/sitio\/wp-content\/uploads\/2026\/01\/720-68.jpeg\" \/>\n\t<meta property=\"og:image:width\" content=\"1080\" \/>\n\t<meta property=\"og:image:height\" content=\"720\" \/>\n\t<meta property=\"og:image:type\" content=\"image\/jpeg\" \/>\n<meta name=\"twitter:card\" content=\"summary_large_image\" \/>\n<meta name=\"twitter:label1\" content=\"Tiempo de lectura\" \/>\n\t<meta name=\"twitter:data1\" content=\"1 minuto\" \/>\n<script type=\"application\/ld+json\" class=\"yoast-schema-graph\">{\"@context\":\"https:\\\/\\\/schema.org\",\"@graph\":[{\"@type\":\"Article\",\"@id\":\"https:\\\/\\\/cuartetoenlaweb.com.ar\\\/sitio\\\/tras-dias-de-agonia-fallecio-la-unica-sobreviviente-del-brutal-choque-en-chajari\\\/#article\",\"isPartOf\":{\"@id\":\"https:\\\/\\\/cuartetoenlaweb.com.ar\\\/sitio\\\/tras-dias-de-agonia-fallecio-la-unica-sobreviviente-del-brutal-choque-en-chajari\\\/\"},\"author\":{\"name\":\"\",\"@id\":\"\"},\"headline\":\"Tras d\u00edas de agon\u00eda, falleci\u00f3 la \u00fanica sobreviviente del brutal choque en Chajar\u00ed\",\"datePublished\":\"2026-01-08T12:00:24+00:00\",\"mainEntityOfPage\":{\"@id\":\"https:\\\/\\\/cuartetoenlaweb.com.ar\\\/sitio\\\/tras-dias-de-agonia-fallecio-la-unica-sobreviviente-del-brutal-choque-en-chajari\\\/\"},\"wordCount\":271,\"publisher\":{\"@id\":\"http:\\\/\\\/cuartetoenlaweb.com.ar\\\/sitio\\\/#organization\"},\"image\":{\"@id\":\"https:\\\/\\\/cuartetoenlaweb.com.ar\\\/sitio\\\/tras-dias-de-agonia-fallecio-la-unica-sobreviviente-del-brutal-choque-en-chajari\\\/#primaryimage\"},\"thumbnailUrl\":\"https:\\\/\\\/cuartetoenlaweb.com.ar\\\/sitio\\\/wp-content\\\/uploads\\\/2026\\\/01\\\/720-68.jpeg\",\"articleSection\":[\"PAIS\"],\"inLanguage\":\"es\"},{\"@type\":\"WebPage\",\"@id\":\"https:\\\/\\\/cuartetoenlaweb.com.ar\\\/sitio\\\/tras-dias-de-agonia-fallecio-la-unica-sobreviviente-del-brutal-choque-en-chajari\\\/\",\"url\":\"https:\\\/\\\/cuartetoenlaweb.com.ar\\\/sitio\\\/tras-dias-de-agonia-fallecio-la-unica-sobreviviente-del-brutal-choque-en-chajari\\\/\",\"name\":\"Tras d\u00edas de agon\u00eda, falleci\u00f3 la \u00fanica sobreviviente del brutal choque en Chajar\u00ed - Cuarteto en la Web\",\"isPartOf\":{\"@id\":\"http:\\\/\\\/cuartetoenlaweb.com.ar\\\/sitio\\\/#website\"},\"primaryImageOfPage\":{\"@id\":\"https:\\\/\\\/cuartetoenlaweb.com.ar\\\/sitio\\\/tras-dias-de-agonia-fallecio-la-unica-sobreviviente-del-brutal-choque-en-chajari\\\/#primaryimage\"},\"image\":{\"@id\":\"https:\\\/\\\/cuartetoenlaweb.com.ar\\\/sitio\\\/tras-dias-de-agonia-fallecio-la-unica-sobreviviente-del-brutal-choque-en-chajari\\\/#primaryimage\"},\"thumbnailUrl\":\"https:\\\/\\\/cuartetoenlaweb.com.ar\\\/sitio\\\/wp-content\\\/uploads\\\/2026\\\/01\\\/720-68.jpeg\",\"datePublished\":\"2026-01-08T12:00:24+00:00\",\"breadcrumb\":{\"@id\":\"https:\\\/\\\/cuartetoenlaweb.com.ar\\\/sitio\\\/tras-dias-de-agonia-fallecio-la-unica-sobreviviente-del-brutal-choque-en-chajari\\\/#breadcrumb\"},\"inLanguage\":\"es\",\"potentialAction\":[{\"@type\":\"ReadAction\",\"target\":[\"https:\\\/\\\/cuartetoenlaweb.com.ar\\\/sitio\\\/tras-dias-de-agonia-fallecio-la-unica-sobreviviente-del-brutal-choque-en-chajari\\\/\"]}]},{\"@type\":\"ImageObject\",\"inLanguage\":\"es\",\"@id\":\"https:\\\/\\\/cuartetoenlaweb.com.ar\\\/sitio\\\/tras-dias-de-agonia-fallecio-la-unica-sobreviviente-del-brutal-choque-en-chajari\\\/#primaryimage\",\"url\":\"https:\\\/\\\/cuartetoenlaweb.com.ar\\\/sitio\\\/wp-content\\\/uploads\\\/2026\\\/01\\\/720-68.jpeg\",\"contentUrl\":\"https:\\\/\\\/cuartetoenlaweb.com.ar\\\/sitio\\\/wp-content\\\/uploads\\\/2026\\\/01\\\/720-68.jpeg\",\"width\":1080,\"height\":720},{\"@type\":\"BreadcrumbList\",\"@id\":\"https:\\\/\\\/cuartetoenlaweb.com.ar\\\/sitio\\\/tras-dias-de-agonia-fallecio-la-unica-sobreviviente-del-brutal-choque-en-chajari\\\/#breadcrumb\",\"itemListElement\":[{\"@type\":\"ListItem\",\"position\":1,\"name\":\"Portada\",\"item\":\"http:\\\/\\\/cuartetoenlaweb.com.ar\\\/sitio\\\/\"},{\"@type\":\"ListItem\",\"position\":2,\"name\":\"Tras d\u00edas de agon\u00eda, falleci\u00f3 la \u00fanica sobreviviente del brutal choque en Chajar\u00ed\"}]},{\"@type\":\"WebSite\",\"@id\":\"http:\\\/\\\/cuartetoenlaweb.com.ar\\\/sitio\\\/#website\",\"url\":\"http:\\\/\\\/cuartetoenlaweb.com.ar\\\/sitio\\\/\",\"name\":\"Cuarteto en la Web\",\"description\":\"\",\"publisher\":{\"@id\":\"http:\\\/\\\/cuartetoenlaweb.com.ar\\\/sitio\\\/#organization\"},\"potentialAction\":[{\"@type\":\"SearchAction\",\"target\":{\"@type\":\"EntryPoint\",\"urlTemplate\":\"http:\\\/\\\/cuartetoenlaweb.com.ar\\\/sitio\\\/?s={search_term_string}\"},\"query-input\":{\"@type\":\"PropertyValueSpecification\",\"valueRequired\":true,\"valueName\":\"search_term_string\"}}],\"inLanguage\":\"es\"},{\"@type\":\"Organization\",\"@id\":\"http:\\\/\\\/cuartetoenlaweb.com.ar\\\/sitio\\\/#organization\",\"name\":\"Cuarteto en la Web\",\"url\":\"http:\\\/\\\/cuartetoenlaweb.com.ar\\\/sitio\\\/\",\"logo\":{\"@type\":\"ImageObject\",\"inLanguage\":\"es\",\"@id\":\"http:\\\/\\\/cuartetoenlaweb.com.ar\\\/sitio\\\/#\\\/schema\\\/logo\\\/image\\\/\",\"url\":\"https:\\\/\\\/cuartetoenlaweb.com.ar\\\/sitio\\\/wp-content\\\/uploads\\\/2025\\\/07\\\/cropped-cropped-logitoweb21.png\",\"contentUrl\":\"https:\\\/\\\/cuartetoenlaweb.com.ar\\\/sitio\\\/wp-content\\\/uploads\\\/2025\\\/07\\\/cropped-cropped-logitoweb21.png\",\"width\":199,\"height\":199,\"caption\":\"Cuarteto en la Web\"},\"image\":{\"@id\":\"http:\\\/\\\/cuartetoenlaweb.com.ar\\\/sitio\\\/#\\\/schema\\\/logo\\\/image\\\/\"}}]}<\/script>\n<!-- \/ Yoast SEO plugin. -->","yoast_head_json":{"title":"Tras d\u00edas de agon\u00eda, falleci\u00f3 la \u00fanica sobreviviente del brutal choque en Chajar\u00ed - Cuarteto en la Web","robots":{"index":"index","follow":"follow","max-snippet":"max-snippet:-1","max-image-preview":"max-image-preview:large","max-video-preview":"max-video-preview:-1"},"canonical":"https:\/\/cuartetoenlaweb.com.ar\/sitio\/tras-dias-de-agonia-fallecio-la-unica-sobreviviente-del-brutal-choque-en-chajari\/","og_locale":"es_ES","og_type":"article","og_title":"Tras d\u00edas de agon\u00eda, falleci\u00f3 la \u00fanica sobreviviente del brutal choque en Chajar\u00ed - Cuarteto en la Web","og_description":"Buenos Aires, 8 enero (NA) \u2013 La \u00fanica sobreviviente del","og_url":"https:\/\/cuartetoenlaweb.com.ar\/sitio\/tras-dias-de-agonia-fallecio-la-unica-sobreviviente-del-brutal-choque-en-chajari\/","og_site_name":"Cuarteto en la Web","article_published_time":"2026-01-08T12:00:24+00:00","og_image":[{"width":1080,"height":720,"url":"https:\/\/cuartetoenlaweb.com.ar\/sitio\/wp-content\/uploads\/2026\/01\/720-68.jpeg","type":"image\/jpeg"}],"twitter_card":"summary_large_image","twitter_misc":{"Tiempo de lectura":"1 minuto"},"schema":{"@context":"https:\/\/schema.org","@graph":[{"@type":"Article","@id":"https:\/\/cuartetoenlaweb.com.ar\/sitio\/tras-dias-de-agonia-fallecio-la-unica-sobreviviente-del-brutal-choque-en-chajari\/#article","isPartOf":{"@id":"https:\/\/cuartetoenlaweb.com.ar\/sitio\/tras-dias-de-agonia-fallecio-la-unica-sobreviviente-del-brutal-choque-en-chajari\/"},"author":{"name":"","@id":""},"headline":"Tras d\u00edas de agon\u00eda, falleci\u00f3 la \u00fanica sobreviviente del brutal choque en Chajar\u00ed","datePublished":"2026-01-08T12:00:24+00:00","mainEntityOfPage":{"@id":"https:\/\/cuartetoenlaweb.com.ar\/sitio\/tras-dias-de-agonia-fallecio-la-unica-sobreviviente-del-brutal-choque-en-chajari\/"},"wordCount":271,"publisher":{"@id":"http:\/\/cuartetoenlaweb.com.ar\/sitio\/#organization"},"image":{"@id":"https:\/\/cuartetoenlaweb.com.ar\/sitio\/tras-dias-de-agonia-fallecio-la-unica-sobreviviente-del-brutal-choque-en-chajari\/#primaryimage"},"thumbnailUrl":"https:\/\/cuartetoenlaweb.com.ar\/sitio\/wp-content\/uploads\/2026\/01\/720-68.jpeg","articleSection":["PAIS"],"inLanguage":"es"},{"@type":"WebPage","@id":"https:\/\/cuartetoenlaweb.com.ar\/sitio\/tras-dias-de-agonia-fallecio-la-unica-sobreviviente-del-brutal-choque-en-chajari\/","url":"https:\/\/cuartetoenlaweb.com.ar\/sitio\/tras-dias-de-agonia-fallecio-la-unica-sobreviviente-del-brutal-choque-en-chajari\/","name":"Tras d\u00edas de agon\u00eda, falleci\u00f3 la \u00fanica sobreviviente del brutal choque en Chajar\u00ed - Cuarteto en la Web","isPartOf":{"@id":"http:\/\/cuartetoenlaweb.com.ar\/sitio\/#website"},"primaryImageOfPage":{"@id":"https:\/\/cuartetoenlaweb.com.ar\/sitio\/tras-dias-de-agonia-fallecio-la-unica-sobreviviente-del-brutal-choque-en-chajari\/#primaryimage"},"image":{"@id":"https:\/\/cuartetoenlaweb.com.ar\/sitio\/tras-dias-de-agonia-fallecio-la-unica-sobreviviente-del-brutal-choque-en-chajari\/#primaryimage"},"thumbnailUrl":"https:\/\/cuartetoenlaweb.com.ar\/sitio\/wp-content\/uploads\/2026\/01\/720-68.jpeg","datePublished":"2026-01-08T12:00:24+00:00","breadcrumb":{"@id":"https:\/\/cuartetoenlaweb.com.ar\/sitio\/tras-dias-de-agonia-fallecio-la-unica-sobreviviente-del-brutal-choque-en-chajari\/#breadcrumb"},"inLanguage":"es","potentialAction":[{"@type":"ReadAction","target":["https:\/\/cuartetoenlaweb.com.ar\/sitio\/tras-dias-de-agonia-fallecio-la-unica-sobreviviente-del-brutal-choque-en-chajari\/"]}]},{"@type":"ImageObject","inLanguage":"es","@id":"https:\/\/cuartetoenlaweb.com.ar\/sitio\/tras-dias-de-agonia-fallecio-la-unica-sobreviviente-del-brutal-choque-en-chajari\/#primaryimage","url":"https:\/\/cuartetoenlaweb.com.ar\/sitio\/wp-content\/uploads\/2026\/01\/720-68.jpeg","contentUrl":"https:\/\/cuartetoenlaweb.com.ar\/sitio\/wp-content\/uploads\/2026\/01\/720-68.jpeg","width":1080,"height":720},{"@type":"BreadcrumbList","@id":"https:\/\/cuartetoenlaweb.com.ar\/sitio\/tras-dias-de-agonia-fallecio-la-unica-sobreviviente-del-brutal-choque-en-chajari\/#breadcrumb","itemListElement":[{"@type":"ListItem","position":1,"name":"Portada","item":"http:\/\/cuartetoenlaweb.com.ar\/sitio\/"},{"@type":"ListItem","position":2,"name":"Tras d\u00edas de agon\u00eda, falleci\u00f3 la \u00fanica sobreviviente del brutal choque en Chajar\u00ed"}]},{"@type":"WebSite","@id":"http:\/\/cuartetoenlaweb.com.ar\/sitio\/#website","url":"http:\/\/cuartetoenlaweb.com.ar\/sitio\/","name":"Cuarteto en la Web","description":"","publisher":{"@id":"http:\/\/cuartetoenlaweb.com.ar\/sitio\/#organization"},"potentialAction":[{"@type":"SearchAction","target":{"@type":"EntryPoint","urlTemplate":"http:\/\/cuartetoenlaweb.com.ar\/sitio\/?s={search_term_string}"},"query-input":{"@type":"PropertyValueSpecification","valueRequired":true,"valueName":"search_term_string"}}],"inLanguage":"es"},{"@type":"Organization","@id":"http:\/\/cuartetoenlaweb.com.ar\/sitio\/#organization","name":"Cuarteto en la Web","url":"http:\/\/cuartetoenlaweb.com.ar\/sitio\/","logo":{"@type":"ImageObject","inLanguage":"es","@id":"http:\/\/cuartetoenlaweb.com.ar\/sitio\/#\/schema\/logo\/image\/","url":"https:\/\/cuartetoenlaweb.com.ar\/sitio\/wp-content\/uploads\/2025\/07\/cropped-cropped-logitoweb21.png","contentUrl":"https:\/\/cuartetoenlaweb.com.ar\/sitio\/wp-content\/uploads\/2025\/07\/cropped-cropped-logitoweb21.png","width":199,"height":199,"caption":"Cuarteto en la Web"},"image":{"@id":"http:\/\/cuartetoenlaweb.com.ar\/sitio\/#\/schema\/logo\/image\/"}}]}},"_links":{"self":[{"href":"https:\/\/cuartetoenlaweb.com.ar\/sitio\/wp-json\/wp\/v2\/posts\/10135","targetHints":{"allow":["GET"]}}],"collection":[{"href":"https:\/\/cuartetoenlaweb.com.ar\/sitio\/wp-json\/wp\/v2\/posts"}],"about":[{"href":"https:\/\/cuartetoenlaweb.com.ar\/sitio\/wp-json\/wp\/v2\/types\/post"}],"replies":[{"embeddable":true,"href":"https:\/\/cuartetoenlaweb.com.ar\/sitio\/wp-json\/wp\/v2\/comments?post=10135"}],"version-history":[{"count":0,"href":"https:\/\/cuartetoenlaweb.com.ar\/sitio\/wp-json\/wp\/v2\/posts\/10135\/revisions"}],"wp:featuredmedia":[{"embeddable":true,"href":"https:\/\/cuartetoenlaweb.com.ar\/sitio\/wp-json\/wp\/v2\/media\/10136"}],"wp:attachment":[{"href":"https:\/\/cuartetoenlaweb.com.ar\/sitio\/wp-json\/wp\/v2\/media?parent=10135"}],"wp:term":[{"taxonomy":"category","embeddable":true,"href":"https:\/\/cuartetoenlaweb.com.ar\/sitio\/wp-json\/wp\/v2\/categories?post=10135"},{"taxonomy":"post_tag","embeddable":true,"href":"https:\/\/cuartetoenlaweb.com.ar\/sitio\/wp-json\/wp\/v2\/tags?post=10135"}],"curies":[{"name":"wp","href":"https:\/\/api.w.org\/{rel}","templated":true}]}}