
{"id":10133,"date":"2026-01-08T09:00:22","date_gmt":"2026-01-08T12:00:22","guid":{"rendered":"https:\/\/cuartetoenlaweb.com.ar\/sitio\/la-reini-opino-sobre-la-llegada-de-yanina-latorre-a-masterchef-no-la-queremos\/"},"modified":"2026-01-08T09:00:22","modified_gmt":"2026-01-08T12:00:22","slug":"la-reini-opino-sobre-la-llegada-de-yanina-latorre-a-masterchef-no-la-queremos","status":"publish","type":"post","link":"https:\/\/cuartetoenlaweb.com.ar\/sitio\/la-reini-opino-sobre-la-llegada-de-yanina-latorre-a-masterchef-no-la-queremos\/","title":{"rendered":"La Reini opin\u00f3 sobre la llegada de Yanina Latorre a Masterchef: \u201cNo la queremos\u201d"},"content":{"rendered":"<p>Buenos Aires, 8 enero (NA) \u2014 Las cocinas de Masterchef Celebrity volvieron a encenderse en una nueva emisi\u00f3n cargada de intensidad y, en esta oportunidad, los protagonistas no fueron los platos, sino el chisme entre Wanda Nara y los participantes sobre la llegada de Yanina Latorre al certamen. <\/p>\n<p>Seg\u00fan supo la Agencia Noticias Argentinas, la conductora de S\u00e1lvese quien pueda ser\u00e1 la encargada de defender el puesto de Maxi L\u00f3pez, mientras \u00e9l se encuentra en Suiza con su familia y el inesperado desembarco de Latorre al reality gener\u00f3 tensi\u00f3n, a la vez que le dio al certamen la pizca de picante que le faltaba. <\/p>\n<p>Durante su visita a las estaciones, Wanda Nara se detuvo en la isla de Sof\u00eda \u201cLa Reini\u201d Gonet, para preguntarle su honesta opini\u00f3n sobre la nueva incorporaci\u00f3n. \u201cNo s\u00e9 para el resto de mis compa\u00f1eros, pero a m\u00ed me re divierte que venga Yanina ac\u00e1\u201d, confes\u00f3 la influencer en su entrevista individual. <\/p>\n<p>\u201c\u00bfQuiere estar en el grupo de ustedes? \u00bfLa van a agregar?\u201d, consult\u00f3 la conductora.<\/p>\n<p>La Reini fue tajante al responder que, tras una decisi\u00f3n en conjunto con los dem\u00e1s participantes, no la agregar\u00edan al grupo de WhatsApp. \u201cPorque no&#8230; viste que ella hizo demasiados quilombos entre muchos de nosotros, entonces medio que no la queremos\u201d, se sincer\u00f3. <\/p>\n<p>\u201cAl grupo de WhatsApp prohibida, porque nos va a filtrar todo\u201d, sum\u00f3. <\/p>\n<p>La conductora fue al hueso y le pregunto a la influencer quienes son los participantes que m\u00e1s odian a Yanina y Gonet no dud\u00f3 en mandar al frente a sus compa\u00f1eras: \u201cBueno, tengo mis teor\u00edas&#8230; yo creo que Marixa (Balli) no la quiere mucho y Evangelina (Anderson) tampoco. Yo me llevo bien igual, no tengo problema. Viste que entre v\u00edboras un poco nos entendemos, pero bueno, veremos qu\u00e9 pasa\u201d.<\/p>\n<p>EL POL\u00c9MICO APODO QUE LOS PARTICIPANTES LE PUSIERON A YANINA LATORRE<\/p>\n<p>En las \u00faltimas horas, Evangelina Anderson realiz\u00f3 una serie de posteos de la preproducci\u00f3n de MasterChef Celebrity, compartiendo la hora del almuerzo con sus colegas; Ian Lucas, \u201cChino\u201d Leunis, La Joaqui y \u201cCachete\u201d Sierra.<\/p>\n<p>En una charla distendida, Leunis mencion\u00f3 que estaba comiendo \u201cunas frutas que le trajo Yanina\u201d, para luego hacer un acting de que hab\u00eda sido envenenado. Al gesto se le sum\u00f3 el comentario de Evangelina, quien compar\u00f3 a la conductora con una reconocida asesina argentina. <\/p>\n<p>\u201c\u00bfQui\u00e9n? \u00bfYiya Murano? \u00bfYiya Latorre?\u00bb, lanz\u00f3 picante. #AgenciaNA<\/p>\n","protected":false},"excerpt":{"rendered":"<p>Buenos Aires, 8 enero (NA) \u2014 Las cocinas de Masterchef<\/p>\n","protected":false},"author":0,"featured_media":10134,"comment_status":"","ping_status":"","sticky":false,"template":"","format":"standard","meta":{"footnotes":""},"categories":[65],"tags":[],"class_list":["post-10133","post","type-post","status-publish","format-standard","has-post-thumbnail","hentry","category-pais"],"yoast_head":"<!-- This site is optimized with the Yoast SEO plugin v27.5 - https:\/\/yoast.com\/product\/yoast-seo-wordpress\/ -->\n<title>La Reini opin\u00f3 sobre la llegada de Yanina Latorre a Masterchef: \u201cNo la queremos\u201d - Cuarteto en la Web<\/title>\n<meta name=\"robots\" content=\"index, follow, max-snippet:-1, max-image-preview:large, max-video-preview:-1\" \/>\n<link rel=\"canonical\" href=\"https:\/\/cuartetoenlaweb.com.ar\/sitio\/la-reini-opino-sobre-la-llegada-de-yanina-latorre-a-masterchef-no-la-queremos\/\" \/>\n<meta property=\"og:locale\" content=\"es_ES\" \/>\n<meta property=\"og:type\" content=\"article\" \/>\n<meta property=\"og:title\" content=\"La Reini opin\u00f3 sobre la llegada de Yanina Latorre a Masterchef: \u201cNo la queremos\u201d - Cuarteto en la Web\" \/>\n<meta property=\"og:description\" content=\"Buenos Aires, 8 enero (NA) \u2014 Las cocinas de Masterchef\" \/>\n<meta property=\"og:url\" content=\"https:\/\/cuartetoenlaweb.com.ar\/sitio\/la-reini-opino-sobre-la-llegada-de-yanina-latorre-a-masterchef-no-la-queremos\/\" \/>\n<meta property=\"og:site_name\" content=\"Cuarteto en la Web\" \/>\n<meta property=\"article:published_time\" content=\"2026-01-08T12:00:22+00:00\" \/>\n<meta property=\"og:image\" content=\"https:\/\/cuartetoenlaweb.com.ar\/sitio\/wp-content\/uploads\/2026\/01\/720-67.jpeg\" \/>\n\t<meta property=\"og:image:width\" content=\"1280\" \/>\n\t<meta property=\"og:image:height\" content=\"720\" \/>\n\t<meta property=\"og:image:type\" content=\"image\/jpeg\" \/>\n<meta name=\"twitter:card\" content=\"summary_large_image\" \/>\n<meta name=\"twitter:label1\" content=\"Tiempo de lectura\" \/>\n\t<meta name=\"twitter:data1\" content=\"2 minutos\" \/>\n<script type=\"application\/ld+json\" class=\"yoast-schema-graph\">{\"@context\":\"https:\\\/\\\/schema.org\",\"@graph\":[{\"@type\":\"Article\",\"@id\":\"https:\\\/\\\/cuartetoenlaweb.com.ar\\\/sitio\\\/la-reini-opino-sobre-la-llegada-de-yanina-latorre-a-masterchef-no-la-queremos\\\/#article\",\"isPartOf\":{\"@id\":\"https:\\\/\\\/cuartetoenlaweb.com.ar\\\/sitio\\\/la-reini-opino-sobre-la-llegada-de-yanina-latorre-a-masterchef-no-la-queremos\\\/\"},\"author\":{\"name\":\"\",\"@id\":\"\"},\"headline\":\"La Reini opin\u00f3 sobre la llegada de Yanina Latorre a Masterchef: \u201cNo la queremos\u201d\",\"datePublished\":\"2026-01-08T12:00:22+00:00\",\"mainEntityOfPage\":{\"@id\":\"https:\\\/\\\/cuartetoenlaweb.com.ar\\\/sitio\\\/la-reini-opino-sobre-la-llegada-de-yanina-latorre-a-masterchef-no-la-queremos\\\/\"},\"wordCount\":423,\"publisher\":{\"@id\":\"http:\\\/\\\/cuartetoenlaweb.com.ar\\\/sitio\\\/#organization\"},\"image\":{\"@id\":\"https:\\\/\\\/cuartetoenlaweb.com.ar\\\/sitio\\\/la-reini-opino-sobre-la-llegada-de-yanina-latorre-a-masterchef-no-la-queremos\\\/#primaryimage\"},\"thumbnailUrl\":\"https:\\\/\\\/cuartetoenlaweb.com.ar\\\/sitio\\\/wp-content\\\/uploads\\\/2026\\\/01\\\/720-67.jpeg\",\"articleSection\":[\"PAIS\"],\"inLanguage\":\"es\"},{\"@type\":\"WebPage\",\"@id\":\"https:\\\/\\\/cuartetoenlaweb.com.ar\\\/sitio\\\/la-reini-opino-sobre-la-llegada-de-yanina-latorre-a-masterchef-no-la-queremos\\\/\",\"url\":\"https:\\\/\\\/cuartetoenlaweb.com.ar\\\/sitio\\\/la-reini-opino-sobre-la-llegada-de-yanina-latorre-a-masterchef-no-la-queremos\\\/\",\"name\":\"La Reini opin\u00f3 sobre la llegada de Yanina Latorre a Masterchef: \u201cNo la queremos\u201d - Cuarteto en la Web\",\"isPartOf\":{\"@id\":\"http:\\\/\\\/cuartetoenlaweb.com.ar\\\/sitio\\\/#website\"},\"primaryImageOfPage\":{\"@id\":\"https:\\\/\\\/cuartetoenlaweb.com.ar\\\/sitio\\\/la-reini-opino-sobre-la-llegada-de-yanina-latorre-a-masterchef-no-la-queremos\\\/#primaryimage\"},\"image\":{\"@id\":\"https:\\\/\\\/cuartetoenlaweb.com.ar\\\/sitio\\\/la-reini-opino-sobre-la-llegada-de-yanina-latorre-a-masterchef-no-la-queremos\\\/#primaryimage\"},\"thumbnailUrl\":\"https:\\\/\\\/cuartetoenlaweb.com.ar\\\/sitio\\\/wp-content\\\/uploads\\\/2026\\\/01\\\/720-67.jpeg\",\"datePublished\":\"2026-01-08T12:00:22+00:00\",\"breadcrumb\":{\"@id\":\"https:\\\/\\\/cuartetoenlaweb.com.ar\\\/sitio\\\/la-reini-opino-sobre-la-llegada-de-yanina-latorre-a-masterchef-no-la-queremos\\\/#breadcrumb\"},\"inLanguage\":\"es\",\"potentialAction\":[{\"@type\":\"ReadAction\",\"target\":[\"https:\\\/\\\/cuartetoenlaweb.com.ar\\\/sitio\\\/la-reini-opino-sobre-la-llegada-de-yanina-latorre-a-masterchef-no-la-queremos\\\/\"]}]},{\"@type\":\"ImageObject\",\"inLanguage\":\"es\",\"@id\":\"https:\\\/\\\/cuartetoenlaweb.com.ar\\\/sitio\\\/la-reini-opino-sobre-la-llegada-de-yanina-latorre-a-masterchef-no-la-queremos\\\/#primaryimage\",\"url\":\"https:\\\/\\\/cuartetoenlaweb.com.ar\\\/sitio\\\/wp-content\\\/uploads\\\/2026\\\/01\\\/720-67.jpeg\",\"contentUrl\":\"https:\\\/\\\/cuartetoenlaweb.com.ar\\\/sitio\\\/wp-content\\\/uploads\\\/2026\\\/01\\\/720-67.jpeg\",\"width\":1280,\"height\":720},{\"@type\":\"BreadcrumbList\",\"@id\":\"https:\\\/\\\/cuartetoenlaweb.com.ar\\\/sitio\\\/la-reini-opino-sobre-la-llegada-de-yanina-latorre-a-masterchef-no-la-queremos\\\/#breadcrumb\",\"itemListElement\":[{\"@type\":\"ListItem\",\"position\":1,\"name\":\"Portada\",\"item\":\"http:\\\/\\\/cuartetoenlaweb.com.ar\\\/sitio\\\/\"},{\"@type\":\"ListItem\",\"position\":2,\"name\":\"La Reini opin\u00f3 sobre la llegada de Yanina Latorre a Masterchef: \u201cNo la queremos\u201d\"}]},{\"@type\":\"WebSite\",\"@id\":\"http:\\\/\\\/cuartetoenlaweb.com.ar\\\/sitio\\\/#website\",\"url\":\"http:\\\/\\\/cuartetoenlaweb.com.ar\\\/sitio\\\/\",\"name\":\"Cuarteto en la Web\",\"description\":\"\",\"publisher\":{\"@id\":\"http:\\\/\\\/cuartetoenlaweb.com.ar\\\/sitio\\\/#organization\"},\"potentialAction\":[{\"@type\":\"SearchAction\",\"target\":{\"@type\":\"EntryPoint\",\"urlTemplate\":\"http:\\\/\\\/cuartetoenlaweb.com.ar\\\/sitio\\\/?s={search_term_string}\"},\"query-input\":{\"@type\":\"PropertyValueSpecification\",\"valueRequired\":true,\"valueName\":\"search_term_string\"}}],\"inLanguage\":\"es\"},{\"@type\":\"Organization\",\"@id\":\"http:\\\/\\\/cuartetoenlaweb.com.ar\\\/sitio\\\/#organization\",\"name\":\"Cuarteto en la Web\",\"url\":\"http:\\\/\\\/cuartetoenlaweb.com.ar\\\/sitio\\\/\",\"logo\":{\"@type\":\"ImageObject\",\"inLanguage\":\"es\",\"@id\":\"http:\\\/\\\/cuartetoenlaweb.com.ar\\\/sitio\\\/#\\\/schema\\\/logo\\\/image\\\/\",\"url\":\"https:\\\/\\\/cuartetoenlaweb.com.ar\\\/sitio\\\/wp-content\\\/uploads\\\/2025\\\/07\\\/cropped-cropped-logitoweb21.png\",\"contentUrl\":\"https:\\\/\\\/cuartetoenlaweb.com.ar\\\/sitio\\\/wp-content\\\/uploads\\\/2025\\\/07\\\/cropped-cropped-logitoweb21.png\",\"width\":199,\"height\":199,\"caption\":\"Cuarteto en la Web\"},\"image\":{\"@id\":\"http:\\\/\\\/cuartetoenlaweb.com.ar\\\/sitio\\\/#\\\/schema\\\/logo\\\/image\\\/\"}}]}<\/script>\n<!-- \/ Yoast SEO plugin. -->","yoast_head_json":{"title":"La Reini opin\u00f3 sobre la llegada de Yanina Latorre a Masterchef: \u201cNo la queremos\u201d - Cuarteto en la Web","robots":{"index":"index","follow":"follow","max-snippet":"max-snippet:-1","max-image-preview":"max-image-preview:large","max-video-preview":"max-video-preview:-1"},"canonical":"https:\/\/cuartetoenlaweb.com.ar\/sitio\/la-reini-opino-sobre-la-llegada-de-yanina-latorre-a-masterchef-no-la-queremos\/","og_locale":"es_ES","og_type":"article","og_title":"La Reini opin\u00f3 sobre la llegada de Yanina Latorre a Masterchef: \u201cNo la queremos\u201d - Cuarteto en la Web","og_description":"Buenos Aires, 8 enero (NA) \u2014 Las cocinas de Masterchef","og_url":"https:\/\/cuartetoenlaweb.com.ar\/sitio\/la-reini-opino-sobre-la-llegada-de-yanina-latorre-a-masterchef-no-la-queremos\/","og_site_name":"Cuarteto en la Web","article_published_time":"2026-01-08T12:00:22+00:00","og_image":[{"width":1280,"height":720,"url":"https:\/\/cuartetoenlaweb.com.ar\/sitio\/wp-content\/uploads\/2026\/01\/720-67.jpeg","type":"image\/jpeg"}],"twitter_card":"summary_large_image","twitter_misc":{"Tiempo de lectura":"2 minutos"},"schema":{"@context":"https:\/\/schema.org","@graph":[{"@type":"Article","@id":"https:\/\/cuartetoenlaweb.com.ar\/sitio\/la-reini-opino-sobre-la-llegada-de-yanina-latorre-a-masterchef-no-la-queremos\/#article","isPartOf":{"@id":"https:\/\/cuartetoenlaweb.com.ar\/sitio\/la-reini-opino-sobre-la-llegada-de-yanina-latorre-a-masterchef-no-la-queremos\/"},"author":{"name":"","@id":""},"headline":"La Reini opin\u00f3 sobre la llegada de Yanina Latorre a Masterchef: \u201cNo la queremos\u201d","datePublished":"2026-01-08T12:00:22+00:00","mainEntityOfPage":{"@id":"https:\/\/cuartetoenlaweb.com.ar\/sitio\/la-reini-opino-sobre-la-llegada-de-yanina-latorre-a-masterchef-no-la-queremos\/"},"wordCount":423,"publisher":{"@id":"http:\/\/cuartetoenlaweb.com.ar\/sitio\/#organization"},"image":{"@id":"https:\/\/cuartetoenlaweb.com.ar\/sitio\/la-reini-opino-sobre-la-llegada-de-yanina-latorre-a-masterchef-no-la-queremos\/#primaryimage"},"thumbnailUrl":"https:\/\/cuartetoenlaweb.com.ar\/sitio\/wp-content\/uploads\/2026\/01\/720-67.jpeg","articleSection":["PAIS"],"inLanguage":"es"},{"@type":"WebPage","@id":"https:\/\/cuartetoenlaweb.com.ar\/sitio\/la-reini-opino-sobre-la-llegada-de-yanina-latorre-a-masterchef-no-la-queremos\/","url":"https:\/\/cuartetoenlaweb.com.ar\/sitio\/la-reini-opino-sobre-la-llegada-de-yanina-latorre-a-masterchef-no-la-queremos\/","name":"La Reini opin\u00f3 sobre la llegada de Yanina Latorre a Masterchef: \u201cNo la queremos\u201d - Cuarteto en la Web","isPartOf":{"@id":"http:\/\/cuartetoenlaweb.com.ar\/sitio\/#website"},"primaryImageOfPage":{"@id":"https:\/\/cuartetoenlaweb.com.ar\/sitio\/la-reini-opino-sobre-la-llegada-de-yanina-latorre-a-masterchef-no-la-queremos\/#primaryimage"},"image":{"@id":"https:\/\/cuartetoenlaweb.com.ar\/sitio\/la-reini-opino-sobre-la-llegada-de-yanina-latorre-a-masterchef-no-la-queremos\/#primaryimage"},"thumbnailUrl":"https:\/\/cuartetoenlaweb.com.ar\/sitio\/wp-content\/uploads\/2026\/01\/720-67.jpeg","datePublished":"2026-01-08T12:00:22+00:00","breadcrumb":{"@id":"https:\/\/cuartetoenlaweb.com.ar\/sitio\/la-reini-opino-sobre-la-llegada-de-yanina-latorre-a-masterchef-no-la-queremos\/#breadcrumb"},"inLanguage":"es","potentialAction":[{"@type":"ReadAction","target":["https:\/\/cuartetoenlaweb.com.ar\/sitio\/la-reini-opino-sobre-la-llegada-de-yanina-latorre-a-masterchef-no-la-queremos\/"]}]},{"@type":"ImageObject","inLanguage":"es","@id":"https:\/\/cuartetoenlaweb.com.ar\/sitio\/la-reini-opino-sobre-la-llegada-de-yanina-latorre-a-masterchef-no-la-queremos\/#primaryimage","url":"https:\/\/cuartetoenlaweb.com.ar\/sitio\/wp-content\/uploads\/2026\/01\/720-67.jpeg","contentUrl":"https:\/\/cuartetoenlaweb.com.ar\/sitio\/wp-content\/uploads\/2026\/01\/720-67.jpeg","width":1280,"height":720},{"@type":"BreadcrumbList","@id":"https:\/\/cuartetoenlaweb.com.ar\/sitio\/la-reini-opino-sobre-la-llegada-de-yanina-latorre-a-masterchef-no-la-queremos\/#breadcrumb","itemListElement":[{"@type":"ListItem","position":1,"name":"Portada","item":"http:\/\/cuartetoenlaweb.com.ar\/sitio\/"},{"@type":"ListItem","position":2,"name":"La Reini opin\u00f3 sobre la llegada de Yanina Latorre a Masterchef: \u201cNo la queremos\u201d"}]},{"@type":"WebSite","@id":"http:\/\/cuartetoenlaweb.com.ar\/sitio\/#website","url":"http:\/\/cuartetoenlaweb.com.ar\/sitio\/","name":"Cuarteto en la Web","description":"","publisher":{"@id":"http:\/\/cuartetoenlaweb.com.ar\/sitio\/#organization"},"potentialAction":[{"@type":"SearchAction","target":{"@type":"EntryPoint","urlTemplate":"http:\/\/cuartetoenlaweb.com.ar\/sitio\/?s={search_term_string}"},"query-input":{"@type":"PropertyValueSpecification","valueRequired":true,"valueName":"search_term_string"}}],"inLanguage":"es"},{"@type":"Organization","@id":"http:\/\/cuartetoenlaweb.com.ar\/sitio\/#organization","name":"Cuarteto en la Web","url":"http:\/\/cuartetoenlaweb.com.ar\/sitio\/","logo":{"@type":"ImageObject","inLanguage":"es","@id":"http:\/\/cuartetoenlaweb.com.ar\/sitio\/#\/schema\/logo\/image\/","url":"https:\/\/cuartetoenlaweb.com.ar\/sitio\/wp-content\/uploads\/2025\/07\/cropped-cropped-logitoweb21.png","contentUrl":"https:\/\/cuartetoenlaweb.com.ar\/sitio\/wp-content\/uploads\/2025\/07\/cropped-cropped-logitoweb21.png","width":199,"height":199,"caption":"Cuarteto en la Web"},"image":{"@id":"http:\/\/cuartetoenlaweb.com.ar\/sitio\/#\/schema\/logo\/image\/"}}]}},"_links":{"self":[{"href":"https:\/\/cuartetoenlaweb.com.ar\/sitio\/wp-json\/wp\/v2\/posts\/10133","targetHints":{"allow":["GET"]}}],"collection":[{"href":"https:\/\/cuartetoenlaweb.com.ar\/sitio\/wp-json\/wp\/v2\/posts"}],"about":[{"href":"https:\/\/cuartetoenlaweb.com.ar\/sitio\/wp-json\/wp\/v2\/types\/post"}],"replies":[{"embeddable":true,"href":"https:\/\/cuartetoenlaweb.com.ar\/sitio\/wp-json\/wp\/v2\/comments?post=10133"}],"version-history":[{"count":0,"href":"https:\/\/cuartetoenlaweb.com.ar\/sitio\/wp-json\/wp\/v2\/posts\/10133\/revisions"}],"wp:featuredmedia":[{"embeddable":true,"href":"https:\/\/cuartetoenlaweb.com.ar\/sitio\/wp-json\/wp\/v2\/media\/10134"}],"wp:attachment":[{"href":"https:\/\/cuartetoenlaweb.com.ar\/sitio\/wp-json\/wp\/v2\/media?parent=10133"}],"wp:term":[{"taxonomy":"category","embeddable":true,"href":"https:\/\/cuartetoenlaweb.com.ar\/sitio\/wp-json\/wp\/v2\/categories?post=10133"},{"taxonomy":"post_tag","embeddable":true,"href":"https:\/\/cuartetoenlaweb.com.ar\/sitio\/wp-json\/wp\/v2\/tags?post=10133"}],"curies":[{"name":"wp","href":"https:\/\/api.w.org\/{rel}","templated":true}]}}