
{"id":10125,"date":"2026-01-08T09:00:14","date_gmt":"2026-01-08T12:00:14","guid":{"rendered":"https:\/\/cuartetoenlaweb.com.ar\/sitio\/jimena-baron-mostro-la-hermosa-casa-que-compro-con-matias-palleiro-todavia-no-caigo\/"},"modified":"2026-01-08T09:00:14","modified_gmt":"2026-01-08T12:00:14","slug":"jimena-baron-mostro-la-hermosa-casa-que-compro-con-matias-palleiro-todavia-no-caigo","status":"publish","type":"post","link":"https:\/\/cuartetoenlaweb.com.ar\/sitio\/jimena-baron-mostro-la-hermosa-casa-que-compro-con-matias-palleiro-todavia-no-caigo\/","title":{"rendered":"Jimena Bar\u00f3n mostr\u00f3 la hermosa casa que compr\u00f3 con Mat\u00edas Palleiro: \u201cTodav\u00eda no caigo\u201d"},"content":{"rendered":"<p><strong>Jimena Bar\u00f3n<\/strong> y <strong>Mat\u00edas Palleiro<\/strong> arrancan el 2026 con todo. Luego de recibir el a\u00f1o en Quequ\u00e9n, su lugar en el mundo, <a href=\"https:\/\/www.paparazzi.com.ar\/tag\/jimena-baron\/\">Jimena <\/a>y <a href=\"https:\/\/www.paparazzi.com.ar\/tag\/matias-palleiro\/\">Mat\u00edas <\/a>volvieron a Buenos Aires\u00a0para concretar uno de sus proyectos m\u00e1s so\u00f1ados: la compra de su nuevo hogar, una espectacular casa que ya <strong>La Cobra<\/strong> mostr\u00f3 en sus redes.\u00a0<\/p>\n<p>Emocionada con este logro, <a href=\"https:\/\/www.paparazzi.com.ar\/teve\/la-inesperada-habilidad-del-bebe-de-jimena-baron-a-sus-cinco-meses-que-sorprendio-a-todos\/\">Bar\u00f3n <\/a>comparti\u00f3 la noticia en Instagram con las primeras fotos del hogar. <em>\u201cEsta familia tiene casa nueva. La casa de nuestros sue\u00f1os. \u00a1Te vamos a renovar y armar con todo nuestro coraz\u00f3n!\u201d<\/em>, expres\u00f3 la artista el martes 6 de enero. Y Jimena cerr\u00f3: <em>\u201cTodav\u00eda no caigo\u2026 \u00a1Qu\u00e9 equipo Q! \u00a1Qu\u00e9 a\u00f1o nos espera! \u00a1Gracias, Dios!\u201d<\/em>.<\/p>\n<div class=\"mt-box \">\n<h4 class=\"mt-heading\">Mir\u00e1 Tambi\u00e9n<\/h4>\n<p><a href=\"https:\/\/www.paparazzi.com.ar\/teve\/el-escandaloso-cumpleanos-de-15-de-allegra-con-nicole-neumann-y-muy-lejos-de-su-papa-fabian-cubero\/\"><\/p>\n<div class=\"mt-content\">\n<div class=\"mt-image-container\"><img decoding=\"async\" src=\"https:\/\/www.paparazzi.com.ar\/wp-content\/uploads\/2026\/01\/allegra-cubero-nicole-neumann-fabian-cubero-359x226.jpg\" alt=\"El escandaloso cumplea\u00f1os de 15 de Allegra: con Nicole Neumann y muy lejos de su pap\u00e1, Fabi\u00e1n Cubero\" class=\"mt-image\" loading=\"lazy\" \/><\/div>\n<h5 class=\"mt-title\">El escandaloso cumplea\u00f1os de 15 de Allegra: con Nicole Neumann y muy lejos de su pap\u00e1, Fabi\u00e1n Cubero<\/h5>\n<\/div>\n<p><\/a><\/div>\n<p><em>\u00abHome sweet home. Qu\u00e9 2026 se nos viene\u00bb<\/em>, le respondi\u00f3 Mat\u00edas por su parte, debajo de las dos postales con las que Jime abri\u00f3 las puertas de su casa que la pareja planea decorar y remodelar a su gusto para albergar a toda la familia, ellos dos y sus hijos <strong>Momo <\/strong>y el peque\u00f1o <strong>Arturo<\/strong>.&nbsp;<\/p>\n<p><em>\u201c\u00bfQui\u00e9n se va a fumar de remodelar la casa nueva ac\u00e1 en Instagram?\u201d<\/em>, pregunt\u00f3 m\u00e1s tarde Jime en sus historias de IG, tras dejar ver uno de los espacios de la propiedad: un amplio living que es pura luz, de techos altos, molduras, piso de pinotea y una puerta que da a un jard\u00edn lleno de verde.&nbsp;<\/p>\n<p><strong>LAS PRIMERAS FOTOS DE LA NUEVA CASA DE JIMENA BAR\u00d3N<\/strong><\/p>\n<figure class=\"wp-block-image size-large\"><img decoding=\"async\" src=\"https:\/\/www.paparazzi.com.ar\/wp-content\/uploads\/2026\/01\/Jimena-Baron-casa-1-768x1024.jpg.webp\" loading=\"lazy\" alt=\"\" class=\"wp-image-459136\" \/><\/figure>\n<figure class=\"wp-block-image size-large\"><img decoding=\"async\" src=\"https:\/\/www.paparazzi.com.ar\/wp-content\/uploads\/2026\/01\/Jimena-Baron-casa-2-768x1024.jpg.webp\" loading=\"lazy\" alt=\"\" class=\"wp-image-459137\" \/><\/figure>\n<h2 class=\"wp-block-heading\">EL D\u00cdA EN EL QUE JIMENA BAR\u00d3N MOSTR\u00d3 A SU HIJO ARTURO<\/h2>\n<p>El 1 de enero de 2026, <a href=\"https:\/\/www.paparazzi.com.ar\/teve\/jimena-baron-mostro-por-primera-vez-la-carita-de-su-hijo-arturo-las-fotos-que-revelaron-el-misterio\/\">Jimena Bar\u00f3n<\/a> termin\u00f3 con el misterio y mostr\u00f3 por primera vez la carita de Arturo, su hijo con Mat\u00edas Palleiro. <em>\u201cSiempre est\u00e1s contento. Siempre sonriendo. Todo te viene bien y te da alegr\u00eda. Sos precioso (yo te veo parecido a tu pap\u00e1 y a tu hermano y me derrito). Esos ojos, tus cachetes, \u00a1todo vos me enloquece!\u201d<\/em>, escribi\u00f3.<\/p>\n<p><em>\u201cVerte con Momo y verte con tu pap\u00e1 me inunda de amor. Gracias, hijo, por este milagro que sos vos, que es tenerte sano y besarte y disfrutarte cada d\u00eda, todo el d\u00eda. Soy inmensamente afortunada. Gracias mi rey Arturo por volver a hacerme mam\u00e1. Gracias por consagrarnos familia. Nada me hizo m\u00e1s feliz en la vida que esto\u201d<\/em>, sum\u00f3.<\/p>\n<p>The post <a href=\"https:\/\/www.paparazzi.com.ar\/teve\/jimena-baron-mostro-la-hermosa-casa-que-compro-con-matias-palleiro-todavia-no-caigo\/\">Jimena Bar\u00f3n mostr\u00f3 la hermosa casa que compr\u00f3 con Mat\u00edas Palleiro: \u201cTodav\u00eda no caigo\u201d<\/a> appeared first on <a href=\"https:\/\/www.paparazzi.com.ar\">Revista Paparazzi<\/a>.<\/p>\n","protected":false},"excerpt":{"rendered":"<p>Jimena Bar\u00f3n y Mat\u00edas Palleiro arrancan el 2026 con todo.<\/p>\n","protected":false},"author":0,"featured_media":10126,"comment_status":"","ping_status":"","sticky":false,"template":"","format":"standard","meta":{"footnotes":""},"categories":[65],"tags":[],"class_list":["post-10125","post","type-post","status-publish","format-standard","has-post-thumbnail","hentry","category-pais"],"yoast_head":"<!-- This site is optimized with the Yoast SEO plugin v27.5 - https:\/\/yoast.com\/product\/yoast-seo-wordpress\/ -->\n<title>Jimena Bar\u00f3n mostr\u00f3 la hermosa casa que compr\u00f3 con Mat\u00edas Palleiro: \u201cTodav\u00eda no caigo\u201d - Cuarteto en la Web<\/title>\n<meta name=\"robots\" content=\"index, follow, max-snippet:-1, max-image-preview:large, max-video-preview:-1\" \/>\n<link rel=\"canonical\" href=\"https:\/\/cuartetoenlaweb.com.ar\/sitio\/jimena-baron-mostro-la-hermosa-casa-que-compro-con-matias-palleiro-todavia-no-caigo\/\" \/>\n<meta property=\"og:locale\" content=\"es_ES\" \/>\n<meta property=\"og:type\" content=\"article\" \/>\n<meta property=\"og:title\" content=\"Jimena Bar\u00f3n mostr\u00f3 la hermosa casa que compr\u00f3 con Mat\u00edas Palleiro: \u201cTodav\u00eda no caigo\u201d - Cuarteto en la Web\" \/>\n<meta property=\"og:description\" content=\"Jimena Bar\u00f3n y Mat\u00edas Palleiro arrancan el 2026 con todo.\" \/>\n<meta property=\"og:url\" content=\"https:\/\/cuartetoenlaweb.com.ar\/sitio\/jimena-baron-mostro-la-hermosa-casa-que-compro-con-matias-palleiro-todavia-no-caigo\/\" \/>\n<meta property=\"og:site_name\" content=\"Cuarteto en la Web\" \/>\n<meta property=\"article:published_time\" content=\"2026-01-08T12:00:14+00:00\" \/>\n<meta property=\"og:image\" content=\"https:\/\/cuartetoenlaweb.com.ar\/sitio\/wp-content\/uploads\/2026\/01\/allegra-cubero-nicole-neumann-fabian-cubero-359x226-2.jpg\" \/>\n\t<meta property=\"og:image:width\" content=\"359\" \/>\n\t<meta property=\"og:image:height\" content=\"226\" \/>\n\t<meta property=\"og:image:type\" content=\"image\/jpeg\" \/>\n<meta name=\"twitter:card\" content=\"summary_large_image\" \/>\n<meta name=\"twitter:label1\" content=\"Tiempo de lectura\" \/>\n\t<meta name=\"twitter:data1\" content=\"2 minutos\" \/>\n<script type=\"application\/ld+json\" class=\"yoast-schema-graph\">{\"@context\":\"https:\\\/\\\/schema.org\",\"@graph\":[{\"@type\":\"Article\",\"@id\":\"https:\\\/\\\/cuartetoenlaweb.com.ar\\\/sitio\\\/jimena-baron-mostro-la-hermosa-casa-que-compro-con-matias-palleiro-todavia-no-caigo\\\/#article\",\"isPartOf\":{\"@id\":\"https:\\\/\\\/cuartetoenlaweb.com.ar\\\/sitio\\\/jimena-baron-mostro-la-hermosa-casa-que-compro-con-matias-palleiro-todavia-no-caigo\\\/\"},\"author\":{\"name\":\"\",\"@id\":\"\"},\"headline\":\"Jimena Bar\u00f3n mostr\u00f3 la hermosa casa que compr\u00f3 con Mat\u00edas Palleiro: \u201cTodav\u00eda no caigo\u201d\",\"datePublished\":\"2026-01-08T12:00:14+00:00\",\"mainEntityOfPage\":{\"@id\":\"https:\\\/\\\/cuartetoenlaweb.com.ar\\\/sitio\\\/jimena-baron-mostro-la-hermosa-casa-que-compro-con-matias-palleiro-todavia-no-caigo\\\/\"},\"wordCount\":458,\"publisher\":{\"@id\":\"http:\\\/\\\/cuartetoenlaweb.com.ar\\\/sitio\\\/#organization\"},\"image\":{\"@id\":\"https:\\\/\\\/cuartetoenlaweb.com.ar\\\/sitio\\\/jimena-baron-mostro-la-hermosa-casa-que-compro-con-matias-palleiro-todavia-no-caigo\\\/#primaryimage\"},\"thumbnailUrl\":\"https:\\\/\\\/cuartetoenlaweb.com.ar\\\/sitio\\\/wp-content\\\/uploads\\\/2026\\\/01\\\/allegra-cubero-nicole-neumann-fabian-cubero-359x226-2.jpg\",\"articleSection\":[\"PAIS\"],\"inLanguage\":\"es\"},{\"@type\":\"WebPage\",\"@id\":\"https:\\\/\\\/cuartetoenlaweb.com.ar\\\/sitio\\\/jimena-baron-mostro-la-hermosa-casa-que-compro-con-matias-palleiro-todavia-no-caigo\\\/\",\"url\":\"https:\\\/\\\/cuartetoenlaweb.com.ar\\\/sitio\\\/jimena-baron-mostro-la-hermosa-casa-que-compro-con-matias-palleiro-todavia-no-caigo\\\/\",\"name\":\"Jimena Bar\u00f3n mostr\u00f3 la hermosa casa que compr\u00f3 con Mat\u00edas Palleiro: \u201cTodav\u00eda no caigo\u201d - Cuarteto en la Web\",\"isPartOf\":{\"@id\":\"http:\\\/\\\/cuartetoenlaweb.com.ar\\\/sitio\\\/#website\"},\"primaryImageOfPage\":{\"@id\":\"https:\\\/\\\/cuartetoenlaweb.com.ar\\\/sitio\\\/jimena-baron-mostro-la-hermosa-casa-que-compro-con-matias-palleiro-todavia-no-caigo\\\/#primaryimage\"},\"image\":{\"@id\":\"https:\\\/\\\/cuartetoenlaweb.com.ar\\\/sitio\\\/jimena-baron-mostro-la-hermosa-casa-que-compro-con-matias-palleiro-todavia-no-caigo\\\/#primaryimage\"},\"thumbnailUrl\":\"https:\\\/\\\/cuartetoenlaweb.com.ar\\\/sitio\\\/wp-content\\\/uploads\\\/2026\\\/01\\\/allegra-cubero-nicole-neumann-fabian-cubero-359x226-2.jpg\",\"datePublished\":\"2026-01-08T12:00:14+00:00\",\"breadcrumb\":{\"@id\":\"https:\\\/\\\/cuartetoenlaweb.com.ar\\\/sitio\\\/jimena-baron-mostro-la-hermosa-casa-que-compro-con-matias-palleiro-todavia-no-caigo\\\/#breadcrumb\"},\"inLanguage\":\"es\",\"potentialAction\":[{\"@type\":\"ReadAction\",\"target\":[\"https:\\\/\\\/cuartetoenlaweb.com.ar\\\/sitio\\\/jimena-baron-mostro-la-hermosa-casa-que-compro-con-matias-palleiro-todavia-no-caigo\\\/\"]}]},{\"@type\":\"ImageObject\",\"inLanguage\":\"es\",\"@id\":\"https:\\\/\\\/cuartetoenlaweb.com.ar\\\/sitio\\\/jimena-baron-mostro-la-hermosa-casa-que-compro-con-matias-palleiro-todavia-no-caigo\\\/#primaryimage\",\"url\":\"https:\\\/\\\/cuartetoenlaweb.com.ar\\\/sitio\\\/wp-content\\\/uploads\\\/2026\\\/01\\\/allegra-cubero-nicole-neumann-fabian-cubero-359x226-2.jpg\",\"contentUrl\":\"https:\\\/\\\/cuartetoenlaweb.com.ar\\\/sitio\\\/wp-content\\\/uploads\\\/2026\\\/01\\\/allegra-cubero-nicole-neumann-fabian-cubero-359x226-2.jpg\",\"width\":359,\"height\":226},{\"@type\":\"BreadcrumbList\",\"@id\":\"https:\\\/\\\/cuartetoenlaweb.com.ar\\\/sitio\\\/jimena-baron-mostro-la-hermosa-casa-que-compro-con-matias-palleiro-todavia-no-caigo\\\/#breadcrumb\",\"itemListElement\":[{\"@type\":\"ListItem\",\"position\":1,\"name\":\"Portada\",\"item\":\"http:\\\/\\\/cuartetoenlaweb.com.ar\\\/sitio\\\/\"},{\"@type\":\"ListItem\",\"position\":2,\"name\":\"Jimena Bar\u00f3n mostr\u00f3 la hermosa casa que compr\u00f3 con Mat\u00edas Palleiro: \u201cTodav\u00eda no caigo\u201d\"}]},{\"@type\":\"WebSite\",\"@id\":\"http:\\\/\\\/cuartetoenlaweb.com.ar\\\/sitio\\\/#website\",\"url\":\"http:\\\/\\\/cuartetoenlaweb.com.ar\\\/sitio\\\/\",\"name\":\"Cuarteto en la Web\",\"description\":\"\",\"publisher\":{\"@id\":\"http:\\\/\\\/cuartetoenlaweb.com.ar\\\/sitio\\\/#organization\"},\"potentialAction\":[{\"@type\":\"SearchAction\",\"target\":{\"@type\":\"EntryPoint\",\"urlTemplate\":\"http:\\\/\\\/cuartetoenlaweb.com.ar\\\/sitio\\\/?s={search_term_string}\"},\"query-input\":{\"@type\":\"PropertyValueSpecification\",\"valueRequired\":true,\"valueName\":\"search_term_string\"}}],\"inLanguage\":\"es\"},{\"@type\":\"Organization\",\"@id\":\"http:\\\/\\\/cuartetoenlaweb.com.ar\\\/sitio\\\/#organization\",\"name\":\"Cuarteto en la Web\",\"url\":\"http:\\\/\\\/cuartetoenlaweb.com.ar\\\/sitio\\\/\",\"logo\":{\"@type\":\"ImageObject\",\"inLanguage\":\"es\",\"@id\":\"http:\\\/\\\/cuartetoenlaweb.com.ar\\\/sitio\\\/#\\\/schema\\\/logo\\\/image\\\/\",\"url\":\"https:\\\/\\\/cuartetoenlaweb.com.ar\\\/sitio\\\/wp-content\\\/uploads\\\/2025\\\/07\\\/cropped-cropped-logitoweb21.png\",\"contentUrl\":\"https:\\\/\\\/cuartetoenlaweb.com.ar\\\/sitio\\\/wp-content\\\/uploads\\\/2025\\\/07\\\/cropped-cropped-logitoweb21.png\",\"width\":199,\"height\":199,\"caption\":\"Cuarteto en la Web\"},\"image\":{\"@id\":\"http:\\\/\\\/cuartetoenlaweb.com.ar\\\/sitio\\\/#\\\/schema\\\/logo\\\/image\\\/\"}}]}<\/script>\n<!-- \/ Yoast SEO plugin. -->","yoast_head_json":{"title":"Jimena Bar\u00f3n mostr\u00f3 la hermosa casa que compr\u00f3 con Mat\u00edas Palleiro: \u201cTodav\u00eda no caigo\u201d - Cuarteto en la Web","robots":{"index":"index","follow":"follow","max-snippet":"max-snippet:-1","max-image-preview":"max-image-preview:large","max-video-preview":"max-video-preview:-1"},"canonical":"https:\/\/cuartetoenlaweb.com.ar\/sitio\/jimena-baron-mostro-la-hermosa-casa-que-compro-con-matias-palleiro-todavia-no-caigo\/","og_locale":"es_ES","og_type":"article","og_title":"Jimena Bar\u00f3n mostr\u00f3 la hermosa casa que compr\u00f3 con Mat\u00edas Palleiro: \u201cTodav\u00eda no caigo\u201d - Cuarteto en la Web","og_description":"Jimena Bar\u00f3n y Mat\u00edas Palleiro arrancan el 2026 con todo.","og_url":"https:\/\/cuartetoenlaweb.com.ar\/sitio\/jimena-baron-mostro-la-hermosa-casa-que-compro-con-matias-palleiro-todavia-no-caigo\/","og_site_name":"Cuarteto en la Web","article_published_time":"2026-01-08T12:00:14+00:00","og_image":[{"width":359,"height":226,"url":"https:\/\/cuartetoenlaweb.com.ar\/sitio\/wp-content\/uploads\/2026\/01\/allegra-cubero-nicole-neumann-fabian-cubero-359x226-2.jpg","type":"image\/jpeg"}],"twitter_card":"summary_large_image","twitter_misc":{"Tiempo de lectura":"2 minutos"},"schema":{"@context":"https:\/\/schema.org","@graph":[{"@type":"Article","@id":"https:\/\/cuartetoenlaweb.com.ar\/sitio\/jimena-baron-mostro-la-hermosa-casa-que-compro-con-matias-palleiro-todavia-no-caigo\/#article","isPartOf":{"@id":"https:\/\/cuartetoenlaweb.com.ar\/sitio\/jimena-baron-mostro-la-hermosa-casa-que-compro-con-matias-palleiro-todavia-no-caigo\/"},"author":{"name":"","@id":""},"headline":"Jimena Bar\u00f3n mostr\u00f3 la hermosa casa que compr\u00f3 con Mat\u00edas Palleiro: \u201cTodav\u00eda no caigo\u201d","datePublished":"2026-01-08T12:00:14+00:00","mainEntityOfPage":{"@id":"https:\/\/cuartetoenlaweb.com.ar\/sitio\/jimena-baron-mostro-la-hermosa-casa-que-compro-con-matias-palleiro-todavia-no-caigo\/"},"wordCount":458,"publisher":{"@id":"http:\/\/cuartetoenlaweb.com.ar\/sitio\/#organization"},"image":{"@id":"https:\/\/cuartetoenlaweb.com.ar\/sitio\/jimena-baron-mostro-la-hermosa-casa-que-compro-con-matias-palleiro-todavia-no-caigo\/#primaryimage"},"thumbnailUrl":"https:\/\/cuartetoenlaweb.com.ar\/sitio\/wp-content\/uploads\/2026\/01\/allegra-cubero-nicole-neumann-fabian-cubero-359x226-2.jpg","articleSection":["PAIS"],"inLanguage":"es"},{"@type":"WebPage","@id":"https:\/\/cuartetoenlaweb.com.ar\/sitio\/jimena-baron-mostro-la-hermosa-casa-que-compro-con-matias-palleiro-todavia-no-caigo\/","url":"https:\/\/cuartetoenlaweb.com.ar\/sitio\/jimena-baron-mostro-la-hermosa-casa-que-compro-con-matias-palleiro-todavia-no-caigo\/","name":"Jimena Bar\u00f3n mostr\u00f3 la hermosa casa que compr\u00f3 con Mat\u00edas Palleiro: \u201cTodav\u00eda no caigo\u201d - Cuarteto en la Web","isPartOf":{"@id":"http:\/\/cuartetoenlaweb.com.ar\/sitio\/#website"},"primaryImageOfPage":{"@id":"https:\/\/cuartetoenlaweb.com.ar\/sitio\/jimena-baron-mostro-la-hermosa-casa-que-compro-con-matias-palleiro-todavia-no-caigo\/#primaryimage"},"image":{"@id":"https:\/\/cuartetoenlaweb.com.ar\/sitio\/jimena-baron-mostro-la-hermosa-casa-que-compro-con-matias-palleiro-todavia-no-caigo\/#primaryimage"},"thumbnailUrl":"https:\/\/cuartetoenlaweb.com.ar\/sitio\/wp-content\/uploads\/2026\/01\/allegra-cubero-nicole-neumann-fabian-cubero-359x226-2.jpg","datePublished":"2026-01-08T12:00:14+00:00","breadcrumb":{"@id":"https:\/\/cuartetoenlaweb.com.ar\/sitio\/jimena-baron-mostro-la-hermosa-casa-que-compro-con-matias-palleiro-todavia-no-caigo\/#breadcrumb"},"inLanguage":"es","potentialAction":[{"@type":"ReadAction","target":["https:\/\/cuartetoenlaweb.com.ar\/sitio\/jimena-baron-mostro-la-hermosa-casa-que-compro-con-matias-palleiro-todavia-no-caigo\/"]}]},{"@type":"ImageObject","inLanguage":"es","@id":"https:\/\/cuartetoenlaweb.com.ar\/sitio\/jimena-baron-mostro-la-hermosa-casa-que-compro-con-matias-palleiro-todavia-no-caigo\/#primaryimage","url":"https:\/\/cuartetoenlaweb.com.ar\/sitio\/wp-content\/uploads\/2026\/01\/allegra-cubero-nicole-neumann-fabian-cubero-359x226-2.jpg","contentUrl":"https:\/\/cuartetoenlaweb.com.ar\/sitio\/wp-content\/uploads\/2026\/01\/allegra-cubero-nicole-neumann-fabian-cubero-359x226-2.jpg","width":359,"height":226},{"@type":"BreadcrumbList","@id":"https:\/\/cuartetoenlaweb.com.ar\/sitio\/jimena-baron-mostro-la-hermosa-casa-que-compro-con-matias-palleiro-todavia-no-caigo\/#breadcrumb","itemListElement":[{"@type":"ListItem","position":1,"name":"Portada","item":"http:\/\/cuartetoenlaweb.com.ar\/sitio\/"},{"@type":"ListItem","position":2,"name":"Jimena Bar\u00f3n mostr\u00f3 la hermosa casa que compr\u00f3 con Mat\u00edas Palleiro: \u201cTodav\u00eda no caigo\u201d"}]},{"@type":"WebSite","@id":"http:\/\/cuartetoenlaweb.com.ar\/sitio\/#website","url":"http:\/\/cuartetoenlaweb.com.ar\/sitio\/","name":"Cuarteto en la Web","description":"","publisher":{"@id":"http:\/\/cuartetoenlaweb.com.ar\/sitio\/#organization"},"potentialAction":[{"@type":"SearchAction","target":{"@type":"EntryPoint","urlTemplate":"http:\/\/cuartetoenlaweb.com.ar\/sitio\/?s={search_term_string}"},"query-input":{"@type":"PropertyValueSpecification","valueRequired":true,"valueName":"search_term_string"}}],"inLanguage":"es"},{"@type":"Organization","@id":"http:\/\/cuartetoenlaweb.com.ar\/sitio\/#organization","name":"Cuarteto en la Web","url":"http:\/\/cuartetoenlaweb.com.ar\/sitio\/","logo":{"@type":"ImageObject","inLanguage":"es","@id":"http:\/\/cuartetoenlaweb.com.ar\/sitio\/#\/schema\/logo\/image\/","url":"https:\/\/cuartetoenlaweb.com.ar\/sitio\/wp-content\/uploads\/2025\/07\/cropped-cropped-logitoweb21.png","contentUrl":"https:\/\/cuartetoenlaweb.com.ar\/sitio\/wp-content\/uploads\/2025\/07\/cropped-cropped-logitoweb21.png","width":199,"height":199,"caption":"Cuarteto en la Web"},"image":{"@id":"http:\/\/cuartetoenlaweb.com.ar\/sitio\/#\/schema\/logo\/image\/"}}]}},"_links":{"self":[{"href":"https:\/\/cuartetoenlaweb.com.ar\/sitio\/wp-json\/wp\/v2\/posts\/10125","targetHints":{"allow":["GET"]}}],"collection":[{"href":"https:\/\/cuartetoenlaweb.com.ar\/sitio\/wp-json\/wp\/v2\/posts"}],"about":[{"href":"https:\/\/cuartetoenlaweb.com.ar\/sitio\/wp-json\/wp\/v2\/types\/post"}],"replies":[{"embeddable":true,"href":"https:\/\/cuartetoenlaweb.com.ar\/sitio\/wp-json\/wp\/v2\/comments?post=10125"}],"version-history":[{"count":0,"href":"https:\/\/cuartetoenlaweb.com.ar\/sitio\/wp-json\/wp\/v2\/posts\/10125\/revisions"}],"wp:featuredmedia":[{"embeddable":true,"href":"https:\/\/cuartetoenlaweb.com.ar\/sitio\/wp-json\/wp\/v2\/media\/10126"}],"wp:attachment":[{"href":"https:\/\/cuartetoenlaweb.com.ar\/sitio\/wp-json\/wp\/v2\/media?parent=10125"}],"wp:term":[{"taxonomy":"category","embeddable":true,"href":"https:\/\/cuartetoenlaweb.com.ar\/sitio\/wp-json\/wp\/v2\/categories?post=10125"},{"taxonomy":"post_tag","embeddable":true,"href":"https:\/\/cuartetoenlaweb.com.ar\/sitio\/wp-json\/wp\/v2\/tags?post=10125"}],"curies":[{"name":"wp","href":"https:\/\/api.w.org\/{rel}","templated":true}]}}