
{"id":10123,"date":"2026-01-08T09:00:13","date_gmt":"2026-01-08T12:00:13","guid":{"rendered":"https:\/\/cuartetoenlaweb.com.ar\/sitio\/quien-es-la-famosa-que-trato-de-agrandado-a-nico-furtado-y-revelo-sus-costumbres-en-la-intimidad-se-ponia-peluca-y\/"},"modified":"2026-01-08T09:00:13","modified_gmt":"2026-01-08T12:00:13","slug":"quien-es-la-famosa-que-trato-de-agrandado-a-nico-furtado-y-revelo-sus-costumbres-en-la-intimidad-se-ponia-peluca-y","status":"publish","type":"post","link":"https:\/\/cuartetoenlaweb.com.ar\/sitio\/quien-es-la-famosa-que-trato-de-agrandado-a-nico-furtado-y-revelo-sus-costumbres-en-la-intimidad-se-ponia-peluca-y\/","title":{"rendered":"Qui\u00e9n es la famosa que trat\u00f3 de agrandado a Nico Furtado y revel\u00f3 sus costumbres en la intimidad: &quot;Se pon\u00eda peluca y\u2026&quot;"},"content":{"rendered":"<p>El 2026 comenz\u00f3 con algunos famosos oficializando romances, entre ellos <strong>Zaira Nara.<\/strong> de quien ya se ven\u00eda especulando que estaba comenzando a salir con el millonario polista Robert Strom. Y fue a ra\u00edz de esta noticia con la que comenzaron el a\u00f1o en Puro Show que se desprendieron an\u00e9cdotas que dejaron muy mal parado a otro artista.<\/p>\n<p>Siendo que en la lista de candidatos de la hermana de<strong> Wanda Nara <\/strong>tambi\u00e9n figuraba <strong>Nicol\u00e1s Furtado<\/strong>, los conductores del programa de espect\u00e1culos de El Trece no solo lo recordaron sino que, adem\u00e1s, emitieron opiniones al respecto del talentoso protagonista de <em>El Marginal<\/em>.<\/p>\n<p><em>\u201cSe acuerdan que el a\u00f1o pasado, tanto a <a href=\"https:\/\/www.paparazzi.com.ar\/romances\/zaira-nara-conto-toda-la-verdad-de-su-romance-con-nico-furtado-estuvimos-juntos-en\/\">Pampita como a Zaira <\/a>se la hab\u00eda vinculado al actor uruguayo que siempre tiene tan mala onda con la prensa. Tiene un complejo como que se cree mega mega famoso y que la gente lo est\u00e1 hostigando todo el tiempo\u2026 no\u201d<\/em>, lanz\u00f3 <strong>Pampito<\/strong>.<\/p>\n<div class=\"mt-box \">\n<h4 class=\"mt-heading\">Mir\u00e1 Tambi\u00e9n<\/h4>\n<p><a href=\"https:\/\/www.paparazzi.com.ar\/teve\/romina-gaetani-relato-por-primera-vez-como-fue-la-agresion-de-su-ex-me-saco-el-celular-y-me-empieza-a\/\"><\/p>\n<div class=\"mt-content\">\n<div class=\"mt-image-container\"><img decoding=\"async\" src=\"https:\/\/www.paparazzi.com.ar\/wp-content\/uploads\/2025\/12\/Romina-Gaetani-Luis-Cavanagh-359x226.jpg\" alt=\"Romina Gaetani relat\u00f3 por primera vez c\u00f3mo fue la agresi\u00f3n de su ex: \u201cMe sac\u00f3 el celular y me empieza a\u2026\u201d\" class=\"mt-image\" loading=\"lazy\" \/><\/div>\n<h5 class=\"mt-title\">Romina Gaetani relat\u00f3 por primera vez c\u00f3mo fue la agresi\u00f3n de su ex: \u201cMe sac\u00f3 el celular y me empieza a\u2026\u201d<\/h5>\n<\/div>\n<p><\/a><\/div>\n<p>Y desarroll\u00f3: \u201c<em>Esperen que les cuento esto. Ella estaba con el <\/em><strong><em>Pollo Alvarez<\/em><\/strong><em> haciendo su programa de streaming y fue el prensa del evento y le dijo \u00b4Nico, te quer\u00e9s ir a sentar un rato con los chicos y Zaira\u00b4. Y esto de gente que estaba ah\u00ed y lo escuch\u00f3, <a href=\"https:\/\/www.paparazzi.com.ar\/teve\/nicolas-furtado-destrozado-tras-la-muerte-de-jorge-lorenzo-actor-de-el-marginal-el-desgarrador-mensaje\/\">Furtado<\/a> respondi\u00f3 \u00b4de ninguna manera. Estoy ac\u00e1, en este evento por vos\u00b4\u201d.&nbsp;<\/em><\/p>\n<h2 class=\"wp-block-heading\">FURTADO SE HIZO FAMA DE MALA ONDA<\/h2>\n<p>A lo que <strong>Pochi<\/strong>, al escucharlo, acot\u00f3: \u201c<em>Es cre\u00eddo. Me van a odiar con esto que voy a contar porque a <a href=\"https:\/\/www.paparazzi.com.ar\/romances\/las-pruebas-con-que-galan-top-la-novia-de-nico-furtado-lo-engano-desatando-un-escandalo\/\">Nico<\/a> lo conoc\u00ed un verano en Punta del Este porque estuvo con una amiga m\u00eda. Pasamos mucho tiempo juntos. El ya era famoso, ya hab\u00eda hecho El marginal<\/em>\u201d.<\/p>\n<p>\u201c<em>Estaba haciendo la telenovela con<\/em><strong><em> Agustina Cherri,<\/em><\/strong><em> Fany la Fun. No le fue bien. La levantaron. Me acuerdo que est\u00e1bamos en el departamento de mi amiga en zona norte. Que no hab\u00eda nadie en Mart\u00ednez a la noche, y ca\u00eda con anteojos y peluca como si alguien lo fuera a reconocer\u201d,<\/em> remat\u00f3 Pochi.<\/p>\n<figure class=\"wp-block-image size-full\"><img decoding=\"async\" src=\"https:\/\/www.paparazzi.com.ar\/wp-content\/uploads\/2025\/08\/pampita-nico-furtado-zaira-nara-2.jpg.webp\" loading=\"lazy\" alt=\"\" class=\"wp-image-436431\" \/><\/figure>\n<div class=\"mt-box \">\n<h4 class=\"mt-heading\">Mir\u00e1 Tambi\u00e9n<\/h4>\n<p><a href=\"https:\/\/www.paparazzi.com.ar\/teve\/noelia-marzol-respondio-denuncia-video-intimo\/\"><\/p>\n<div class=\"mt-content\">\n<div class=\"mt-image-container\"><img decoding=\"async\" src=\"https:\/\/www.paparazzi.com.ar\/wp-content\/uploads\/2026\/01\/noelia-marzol-359x226.jpg\" alt=\"\u00a1Sacada! La furia de Noelia Marzol tras ser denunciada por el video \u00edntimo con su marido: &quot;No me tomen de p\u2026&quot;\" class=\"mt-image\" loading=\"lazy\" \/><\/div>\n<h5 class=\"mt-title\">\u00a1Sacada! La furia de Noelia Marzol tras ser denunciada por el video \u00edntimo con su marido: \u00abNo me tomen de p\u2026\u00bb<\/h5>\n<\/div>\n<p><\/a><\/div>\n<div class=\"mt-box \">\n<h4 class=\"mt-heading\">Mir\u00e1 Tambi\u00e9n<\/h4>\n<p><a href=\"https:\/\/www.paparazzi.com.ar\/videos\/exclusivo-tomas-dente-habla-de-su-particular-estilo-de-vida-no-tengo-sexo-ni-como-pizza-desde-hace-20-anos\/\"><\/p>\n<div class=\"mt-content\">\n<div class=\"mt-image-container\"><img decoding=\"async\" src=\"https:\/\/www.paparazzi.com.ar\/wp-content\/uploads\/2026\/01\/CHIMENTEROS-PORTADA-YT-TOMI-DENTE-359x226.jpg\" alt=\"\u00a1Exclusivo! Tom\u00e1s Dente habla de su particular estilo de vida: \u201cNo tengo sexo ni como pizza desde hace 20 a\u00f1os\u201d\" class=\"mt-image\" loading=\"lazy\" \/><\/div>\n<h5 class=\"mt-title\">\u00a1Exclusivo! Tom\u00e1s Dente habla de su particular estilo de vida: \u201cNo tengo sexo ni como pizza desde hace 20 a\u00f1os\u201d<\/h5>\n<\/div>\n<p><\/a><\/div>\n<p>The post <a href=\"https:\/\/www.paparazzi.com.ar\/teve\/quien-es-la-famosa-que-trato-de-agrandado-a-nico-furtado-y-revelo-sus-costumbres-en-la-intimidad-se-ponia-peluca-y\/\">Qui\u00e9n es la famosa que trat\u00f3 de agrandado a Nico Furtado y revel\u00f3 sus costumbres en la intimidad: &quot;Se pon\u00eda peluca y\u2026&quot;<\/a> appeared first on <a href=\"https:\/\/www.paparazzi.com.ar\">Revista Paparazzi<\/a>.<\/p>\n","protected":false},"excerpt":{"rendered":"<p>El 2026 comenz\u00f3 con algunos famosos oficializando romances, entre ellos<\/p>\n","protected":false},"author":0,"featured_media":10124,"comment_status":"","ping_status":"","sticky":false,"template":"","format":"standard","meta":{"footnotes":""},"categories":[65],"tags":[],"class_list":["post-10123","post","type-post","status-publish","format-standard","has-post-thumbnail","hentry","category-pais"],"yoast_head":"<!-- This site is optimized with the Yoast SEO plugin v27.5 - https:\/\/yoast.com\/product\/yoast-seo-wordpress\/ -->\n<title>Qui\u00e9n es la famosa que trat\u00f3 de agrandado a Nico Furtado y revel\u00f3 sus costumbres en la intimidad: &quot;Se pon\u00eda peluca y\u2026&quot; - Cuarteto en la Web<\/title>\n<meta name=\"robots\" content=\"index, follow, max-snippet:-1, max-image-preview:large, max-video-preview:-1\" \/>\n<link rel=\"canonical\" href=\"https:\/\/cuartetoenlaweb.com.ar\/sitio\/quien-es-la-famosa-que-trato-de-agrandado-a-nico-furtado-y-revelo-sus-costumbres-en-la-intimidad-se-ponia-peluca-y\/\" \/>\n<meta property=\"og:locale\" content=\"es_ES\" \/>\n<meta property=\"og:type\" content=\"article\" \/>\n<meta property=\"og:title\" content=\"Qui\u00e9n es la famosa que trat\u00f3 de agrandado a Nico Furtado y revel\u00f3 sus costumbres en la intimidad: &quot;Se pon\u00eda peluca y\u2026&quot; - Cuarteto en la Web\" \/>\n<meta property=\"og:description\" content=\"El 2026 comenz\u00f3 con algunos famosos oficializando romances, entre ellos\" \/>\n<meta property=\"og:url\" content=\"https:\/\/cuartetoenlaweb.com.ar\/sitio\/quien-es-la-famosa-que-trato-de-agrandado-a-nico-furtado-y-revelo-sus-costumbres-en-la-intimidad-se-ponia-peluca-y\/\" \/>\n<meta property=\"og:site_name\" content=\"Cuarteto en la Web\" \/>\n<meta property=\"article:published_time\" content=\"2026-01-08T12:00:13+00:00\" \/>\n<meta property=\"og:image\" content=\"https:\/\/cuartetoenlaweb.com.ar\/sitio\/wp-content\/uploads\/2026\/01\/Romina-Gaetani-Luis-Cavanagh-359x226-1.jpg\" \/>\n\t<meta property=\"og:image:width\" content=\"359\" \/>\n\t<meta property=\"og:image:height\" content=\"226\" \/>\n\t<meta property=\"og:image:type\" content=\"image\/jpeg\" \/>\n<meta name=\"twitter:card\" content=\"summary_large_image\" \/>\n<meta name=\"twitter:label1\" content=\"Tiempo de lectura\" \/>\n\t<meta name=\"twitter:data1\" content=\"2 minutos\" \/>\n<script type=\"application\/ld+json\" class=\"yoast-schema-graph\">{\"@context\":\"https:\\\/\\\/schema.org\",\"@graph\":[{\"@type\":\"Article\",\"@id\":\"https:\\\/\\\/cuartetoenlaweb.com.ar\\\/sitio\\\/quien-es-la-famosa-que-trato-de-agrandado-a-nico-furtado-y-revelo-sus-costumbres-en-la-intimidad-se-ponia-peluca-y\\\/#article\",\"isPartOf\":{\"@id\":\"https:\\\/\\\/cuartetoenlaweb.com.ar\\\/sitio\\\/quien-es-la-famosa-que-trato-de-agrandado-a-nico-furtado-y-revelo-sus-costumbres-en-la-intimidad-se-ponia-peluca-y\\\/\"},\"author\":{\"name\":\"\",\"@id\":\"\"},\"headline\":\"Qui\u00e9n es la famosa que trat\u00f3 de agrandado a Nico Furtado y revel\u00f3 sus costumbres en la intimidad: &quot;Se pon\u00eda peluca y\u2026&quot;\",\"datePublished\":\"2026-01-08T12:00:13+00:00\",\"mainEntityOfPage\":{\"@id\":\"https:\\\/\\\/cuartetoenlaweb.com.ar\\\/sitio\\\/quien-es-la-famosa-que-trato-de-agrandado-a-nico-furtado-y-revelo-sus-costumbres-en-la-intimidad-se-ponia-peluca-y\\\/\"},\"wordCount\":473,\"publisher\":{\"@id\":\"http:\\\/\\\/cuartetoenlaweb.com.ar\\\/sitio\\\/#organization\"},\"image\":{\"@id\":\"https:\\\/\\\/cuartetoenlaweb.com.ar\\\/sitio\\\/quien-es-la-famosa-que-trato-de-agrandado-a-nico-furtado-y-revelo-sus-costumbres-en-la-intimidad-se-ponia-peluca-y\\\/#primaryimage\"},\"thumbnailUrl\":\"https:\\\/\\\/cuartetoenlaweb.com.ar\\\/sitio\\\/wp-content\\\/uploads\\\/2026\\\/01\\\/Romina-Gaetani-Luis-Cavanagh-359x226-1.jpg\",\"articleSection\":[\"PAIS\"],\"inLanguage\":\"es\"},{\"@type\":\"WebPage\",\"@id\":\"https:\\\/\\\/cuartetoenlaweb.com.ar\\\/sitio\\\/quien-es-la-famosa-que-trato-de-agrandado-a-nico-furtado-y-revelo-sus-costumbres-en-la-intimidad-se-ponia-peluca-y\\\/\",\"url\":\"https:\\\/\\\/cuartetoenlaweb.com.ar\\\/sitio\\\/quien-es-la-famosa-que-trato-de-agrandado-a-nico-furtado-y-revelo-sus-costumbres-en-la-intimidad-se-ponia-peluca-y\\\/\",\"name\":\"Qui\u00e9n es la famosa que trat\u00f3 de agrandado a Nico Furtado y revel\u00f3 sus costumbres en la intimidad: &quot;Se pon\u00eda peluca y\u2026&quot; - Cuarteto en la Web\",\"isPartOf\":{\"@id\":\"http:\\\/\\\/cuartetoenlaweb.com.ar\\\/sitio\\\/#website\"},\"primaryImageOfPage\":{\"@id\":\"https:\\\/\\\/cuartetoenlaweb.com.ar\\\/sitio\\\/quien-es-la-famosa-que-trato-de-agrandado-a-nico-furtado-y-revelo-sus-costumbres-en-la-intimidad-se-ponia-peluca-y\\\/#primaryimage\"},\"image\":{\"@id\":\"https:\\\/\\\/cuartetoenlaweb.com.ar\\\/sitio\\\/quien-es-la-famosa-que-trato-de-agrandado-a-nico-furtado-y-revelo-sus-costumbres-en-la-intimidad-se-ponia-peluca-y\\\/#primaryimage\"},\"thumbnailUrl\":\"https:\\\/\\\/cuartetoenlaweb.com.ar\\\/sitio\\\/wp-content\\\/uploads\\\/2026\\\/01\\\/Romina-Gaetani-Luis-Cavanagh-359x226-1.jpg\",\"datePublished\":\"2026-01-08T12:00:13+00:00\",\"breadcrumb\":{\"@id\":\"https:\\\/\\\/cuartetoenlaweb.com.ar\\\/sitio\\\/quien-es-la-famosa-que-trato-de-agrandado-a-nico-furtado-y-revelo-sus-costumbres-en-la-intimidad-se-ponia-peluca-y\\\/#breadcrumb\"},\"inLanguage\":\"es\",\"potentialAction\":[{\"@type\":\"ReadAction\",\"target\":[\"https:\\\/\\\/cuartetoenlaweb.com.ar\\\/sitio\\\/quien-es-la-famosa-que-trato-de-agrandado-a-nico-furtado-y-revelo-sus-costumbres-en-la-intimidad-se-ponia-peluca-y\\\/\"]}]},{\"@type\":\"ImageObject\",\"inLanguage\":\"es\",\"@id\":\"https:\\\/\\\/cuartetoenlaweb.com.ar\\\/sitio\\\/quien-es-la-famosa-que-trato-de-agrandado-a-nico-furtado-y-revelo-sus-costumbres-en-la-intimidad-se-ponia-peluca-y\\\/#primaryimage\",\"url\":\"https:\\\/\\\/cuartetoenlaweb.com.ar\\\/sitio\\\/wp-content\\\/uploads\\\/2026\\\/01\\\/Romina-Gaetani-Luis-Cavanagh-359x226-1.jpg\",\"contentUrl\":\"https:\\\/\\\/cuartetoenlaweb.com.ar\\\/sitio\\\/wp-content\\\/uploads\\\/2026\\\/01\\\/Romina-Gaetani-Luis-Cavanagh-359x226-1.jpg\",\"width\":359,\"height\":226},{\"@type\":\"BreadcrumbList\",\"@id\":\"https:\\\/\\\/cuartetoenlaweb.com.ar\\\/sitio\\\/quien-es-la-famosa-que-trato-de-agrandado-a-nico-furtado-y-revelo-sus-costumbres-en-la-intimidad-se-ponia-peluca-y\\\/#breadcrumb\",\"itemListElement\":[{\"@type\":\"ListItem\",\"position\":1,\"name\":\"Portada\",\"item\":\"http:\\\/\\\/cuartetoenlaweb.com.ar\\\/sitio\\\/\"},{\"@type\":\"ListItem\",\"position\":2,\"name\":\"Qui\u00e9n es la famosa que trat\u00f3 de agrandado a Nico Furtado y revel\u00f3 sus costumbres en la intimidad: &quot;Se pon\u00eda peluca y\u2026&quot;\"}]},{\"@type\":\"WebSite\",\"@id\":\"http:\\\/\\\/cuartetoenlaweb.com.ar\\\/sitio\\\/#website\",\"url\":\"http:\\\/\\\/cuartetoenlaweb.com.ar\\\/sitio\\\/\",\"name\":\"Cuarteto en la Web\",\"description\":\"\",\"publisher\":{\"@id\":\"http:\\\/\\\/cuartetoenlaweb.com.ar\\\/sitio\\\/#organization\"},\"potentialAction\":[{\"@type\":\"SearchAction\",\"target\":{\"@type\":\"EntryPoint\",\"urlTemplate\":\"http:\\\/\\\/cuartetoenlaweb.com.ar\\\/sitio\\\/?s={search_term_string}\"},\"query-input\":{\"@type\":\"PropertyValueSpecification\",\"valueRequired\":true,\"valueName\":\"search_term_string\"}}],\"inLanguage\":\"es\"},{\"@type\":\"Organization\",\"@id\":\"http:\\\/\\\/cuartetoenlaweb.com.ar\\\/sitio\\\/#organization\",\"name\":\"Cuarteto en la Web\",\"url\":\"http:\\\/\\\/cuartetoenlaweb.com.ar\\\/sitio\\\/\",\"logo\":{\"@type\":\"ImageObject\",\"inLanguage\":\"es\",\"@id\":\"http:\\\/\\\/cuartetoenlaweb.com.ar\\\/sitio\\\/#\\\/schema\\\/logo\\\/image\\\/\",\"url\":\"https:\\\/\\\/cuartetoenlaweb.com.ar\\\/sitio\\\/wp-content\\\/uploads\\\/2025\\\/07\\\/cropped-cropped-logitoweb21.png\",\"contentUrl\":\"https:\\\/\\\/cuartetoenlaweb.com.ar\\\/sitio\\\/wp-content\\\/uploads\\\/2025\\\/07\\\/cropped-cropped-logitoweb21.png\",\"width\":199,\"height\":199,\"caption\":\"Cuarteto en la Web\"},\"image\":{\"@id\":\"http:\\\/\\\/cuartetoenlaweb.com.ar\\\/sitio\\\/#\\\/schema\\\/logo\\\/image\\\/\"}}]}<\/script>\n<!-- \/ Yoast SEO plugin. -->","yoast_head_json":{"title":"Qui\u00e9n es la famosa que trat\u00f3 de agrandado a Nico Furtado y revel\u00f3 sus costumbres en la intimidad: &quot;Se pon\u00eda peluca y\u2026&quot; - Cuarteto en la Web","robots":{"index":"index","follow":"follow","max-snippet":"max-snippet:-1","max-image-preview":"max-image-preview:large","max-video-preview":"max-video-preview:-1"},"canonical":"https:\/\/cuartetoenlaweb.com.ar\/sitio\/quien-es-la-famosa-que-trato-de-agrandado-a-nico-furtado-y-revelo-sus-costumbres-en-la-intimidad-se-ponia-peluca-y\/","og_locale":"es_ES","og_type":"article","og_title":"Qui\u00e9n es la famosa que trat\u00f3 de agrandado a Nico Furtado y revel\u00f3 sus costumbres en la intimidad: &quot;Se pon\u00eda peluca y\u2026&quot; - Cuarteto en la Web","og_description":"El 2026 comenz\u00f3 con algunos famosos oficializando romances, entre ellos","og_url":"https:\/\/cuartetoenlaweb.com.ar\/sitio\/quien-es-la-famosa-que-trato-de-agrandado-a-nico-furtado-y-revelo-sus-costumbres-en-la-intimidad-se-ponia-peluca-y\/","og_site_name":"Cuarteto en la Web","article_published_time":"2026-01-08T12:00:13+00:00","og_image":[{"width":359,"height":226,"url":"https:\/\/cuartetoenlaweb.com.ar\/sitio\/wp-content\/uploads\/2026\/01\/Romina-Gaetani-Luis-Cavanagh-359x226-1.jpg","type":"image\/jpeg"}],"twitter_card":"summary_large_image","twitter_misc":{"Tiempo de lectura":"2 minutos"},"schema":{"@context":"https:\/\/schema.org","@graph":[{"@type":"Article","@id":"https:\/\/cuartetoenlaweb.com.ar\/sitio\/quien-es-la-famosa-que-trato-de-agrandado-a-nico-furtado-y-revelo-sus-costumbres-en-la-intimidad-se-ponia-peluca-y\/#article","isPartOf":{"@id":"https:\/\/cuartetoenlaweb.com.ar\/sitio\/quien-es-la-famosa-que-trato-de-agrandado-a-nico-furtado-y-revelo-sus-costumbres-en-la-intimidad-se-ponia-peluca-y\/"},"author":{"name":"","@id":""},"headline":"Qui\u00e9n es la famosa que trat\u00f3 de agrandado a Nico Furtado y revel\u00f3 sus costumbres en la intimidad: &quot;Se pon\u00eda peluca y\u2026&quot;","datePublished":"2026-01-08T12:00:13+00:00","mainEntityOfPage":{"@id":"https:\/\/cuartetoenlaweb.com.ar\/sitio\/quien-es-la-famosa-que-trato-de-agrandado-a-nico-furtado-y-revelo-sus-costumbres-en-la-intimidad-se-ponia-peluca-y\/"},"wordCount":473,"publisher":{"@id":"http:\/\/cuartetoenlaweb.com.ar\/sitio\/#organization"},"image":{"@id":"https:\/\/cuartetoenlaweb.com.ar\/sitio\/quien-es-la-famosa-que-trato-de-agrandado-a-nico-furtado-y-revelo-sus-costumbres-en-la-intimidad-se-ponia-peluca-y\/#primaryimage"},"thumbnailUrl":"https:\/\/cuartetoenlaweb.com.ar\/sitio\/wp-content\/uploads\/2026\/01\/Romina-Gaetani-Luis-Cavanagh-359x226-1.jpg","articleSection":["PAIS"],"inLanguage":"es"},{"@type":"WebPage","@id":"https:\/\/cuartetoenlaweb.com.ar\/sitio\/quien-es-la-famosa-que-trato-de-agrandado-a-nico-furtado-y-revelo-sus-costumbres-en-la-intimidad-se-ponia-peluca-y\/","url":"https:\/\/cuartetoenlaweb.com.ar\/sitio\/quien-es-la-famosa-que-trato-de-agrandado-a-nico-furtado-y-revelo-sus-costumbres-en-la-intimidad-se-ponia-peluca-y\/","name":"Qui\u00e9n es la famosa que trat\u00f3 de agrandado a Nico Furtado y revel\u00f3 sus costumbres en la intimidad: &quot;Se pon\u00eda peluca y\u2026&quot; - Cuarteto en la Web","isPartOf":{"@id":"http:\/\/cuartetoenlaweb.com.ar\/sitio\/#website"},"primaryImageOfPage":{"@id":"https:\/\/cuartetoenlaweb.com.ar\/sitio\/quien-es-la-famosa-que-trato-de-agrandado-a-nico-furtado-y-revelo-sus-costumbres-en-la-intimidad-se-ponia-peluca-y\/#primaryimage"},"image":{"@id":"https:\/\/cuartetoenlaweb.com.ar\/sitio\/quien-es-la-famosa-que-trato-de-agrandado-a-nico-furtado-y-revelo-sus-costumbres-en-la-intimidad-se-ponia-peluca-y\/#primaryimage"},"thumbnailUrl":"https:\/\/cuartetoenlaweb.com.ar\/sitio\/wp-content\/uploads\/2026\/01\/Romina-Gaetani-Luis-Cavanagh-359x226-1.jpg","datePublished":"2026-01-08T12:00:13+00:00","breadcrumb":{"@id":"https:\/\/cuartetoenlaweb.com.ar\/sitio\/quien-es-la-famosa-que-trato-de-agrandado-a-nico-furtado-y-revelo-sus-costumbres-en-la-intimidad-se-ponia-peluca-y\/#breadcrumb"},"inLanguage":"es","potentialAction":[{"@type":"ReadAction","target":["https:\/\/cuartetoenlaweb.com.ar\/sitio\/quien-es-la-famosa-que-trato-de-agrandado-a-nico-furtado-y-revelo-sus-costumbres-en-la-intimidad-se-ponia-peluca-y\/"]}]},{"@type":"ImageObject","inLanguage":"es","@id":"https:\/\/cuartetoenlaweb.com.ar\/sitio\/quien-es-la-famosa-que-trato-de-agrandado-a-nico-furtado-y-revelo-sus-costumbres-en-la-intimidad-se-ponia-peluca-y\/#primaryimage","url":"https:\/\/cuartetoenlaweb.com.ar\/sitio\/wp-content\/uploads\/2026\/01\/Romina-Gaetani-Luis-Cavanagh-359x226-1.jpg","contentUrl":"https:\/\/cuartetoenlaweb.com.ar\/sitio\/wp-content\/uploads\/2026\/01\/Romina-Gaetani-Luis-Cavanagh-359x226-1.jpg","width":359,"height":226},{"@type":"BreadcrumbList","@id":"https:\/\/cuartetoenlaweb.com.ar\/sitio\/quien-es-la-famosa-que-trato-de-agrandado-a-nico-furtado-y-revelo-sus-costumbres-en-la-intimidad-se-ponia-peluca-y\/#breadcrumb","itemListElement":[{"@type":"ListItem","position":1,"name":"Portada","item":"http:\/\/cuartetoenlaweb.com.ar\/sitio\/"},{"@type":"ListItem","position":2,"name":"Qui\u00e9n es la famosa que trat\u00f3 de agrandado a Nico Furtado y revel\u00f3 sus costumbres en la intimidad: &quot;Se pon\u00eda peluca y\u2026&quot;"}]},{"@type":"WebSite","@id":"http:\/\/cuartetoenlaweb.com.ar\/sitio\/#website","url":"http:\/\/cuartetoenlaweb.com.ar\/sitio\/","name":"Cuarteto en la Web","description":"","publisher":{"@id":"http:\/\/cuartetoenlaweb.com.ar\/sitio\/#organization"},"potentialAction":[{"@type":"SearchAction","target":{"@type":"EntryPoint","urlTemplate":"http:\/\/cuartetoenlaweb.com.ar\/sitio\/?s={search_term_string}"},"query-input":{"@type":"PropertyValueSpecification","valueRequired":true,"valueName":"search_term_string"}}],"inLanguage":"es"},{"@type":"Organization","@id":"http:\/\/cuartetoenlaweb.com.ar\/sitio\/#organization","name":"Cuarteto en la Web","url":"http:\/\/cuartetoenlaweb.com.ar\/sitio\/","logo":{"@type":"ImageObject","inLanguage":"es","@id":"http:\/\/cuartetoenlaweb.com.ar\/sitio\/#\/schema\/logo\/image\/","url":"https:\/\/cuartetoenlaweb.com.ar\/sitio\/wp-content\/uploads\/2025\/07\/cropped-cropped-logitoweb21.png","contentUrl":"https:\/\/cuartetoenlaweb.com.ar\/sitio\/wp-content\/uploads\/2025\/07\/cropped-cropped-logitoweb21.png","width":199,"height":199,"caption":"Cuarteto en la Web"},"image":{"@id":"http:\/\/cuartetoenlaweb.com.ar\/sitio\/#\/schema\/logo\/image\/"}}]}},"_links":{"self":[{"href":"https:\/\/cuartetoenlaweb.com.ar\/sitio\/wp-json\/wp\/v2\/posts\/10123","targetHints":{"allow":["GET"]}}],"collection":[{"href":"https:\/\/cuartetoenlaweb.com.ar\/sitio\/wp-json\/wp\/v2\/posts"}],"about":[{"href":"https:\/\/cuartetoenlaweb.com.ar\/sitio\/wp-json\/wp\/v2\/types\/post"}],"replies":[{"embeddable":true,"href":"https:\/\/cuartetoenlaweb.com.ar\/sitio\/wp-json\/wp\/v2\/comments?post=10123"}],"version-history":[{"count":0,"href":"https:\/\/cuartetoenlaweb.com.ar\/sitio\/wp-json\/wp\/v2\/posts\/10123\/revisions"}],"wp:featuredmedia":[{"embeddable":true,"href":"https:\/\/cuartetoenlaweb.com.ar\/sitio\/wp-json\/wp\/v2\/media\/10124"}],"wp:attachment":[{"href":"https:\/\/cuartetoenlaweb.com.ar\/sitio\/wp-json\/wp\/v2\/media?parent=10123"}],"wp:term":[{"taxonomy":"category","embeddable":true,"href":"https:\/\/cuartetoenlaweb.com.ar\/sitio\/wp-json\/wp\/v2\/categories?post=10123"},{"taxonomy":"post_tag","embeddable":true,"href":"https:\/\/cuartetoenlaweb.com.ar\/sitio\/wp-json\/wp\/v2\/tags?post=10123"}],"curies":[{"name":"wp","href":"https:\/\/api.w.org\/{rel}","templated":true}]}}