
{"id":10121,"date":"2026-01-08T09:00:12","date_gmt":"2026-01-08T12:00:12","guid":{"rendered":"https:\/\/cuartetoenlaweb.com.ar\/sitio\/sorpresa-quien-es-la-polemica-y-famosa-influencer-que-wanda-nara-eligio-como-su-sucesora\/"},"modified":"2026-01-08T09:00:12","modified_gmt":"2026-01-08T12:00:12","slug":"sorpresa-quien-es-la-polemica-y-famosa-influencer-que-wanda-nara-eligio-como-su-sucesora","status":"publish","type":"post","link":"https:\/\/cuartetoenlaweb.com.ar\/sitio\/sorpresa-quien-es-la-polemica-y-famosa-influencer-que-wanda-nara-eligio-como-su-sucesora\/","title":{"rendered":"\u00a1Sorpresa! Qui\u00e9n es la pol\u00e9mica y famosa influencer que Wanda Nara eligi\u00f3 como su sucesora"},"content":{"rendered":"<p>En pleno <strong>MasterChef Celebrity<\/strong> (<strong>Telefe<\/strong>), <strong>Wanda Nara<\/strong>, la medi\u00e1tica m\u00e1s explosiva del pa\u00eds, fren\u00f3 la cocina para tirar una bomba. Lo cierto es que <a href=\"https:\/\/www.paparazzi.com.ar\/tag\/wanda-nara\/\">Wanda <\/a>ya detect\u00f3 a su heredera, a su sucesora. Una joven influencer en quien se identifica y ve similitudes, con genes parecidos a los suyos, capaces de generar esc\u00e1ndalos de novela.\u00a0<\/p>\n<p>Hablamos de <strong>Sof\u00eda Gonet<\/strong>, <strong>La Reini<\/strong>. Todo surgi\u00f3 cuando <a href=\"https:\/\/www.paparazzi.com.ar\/teve\/los-secretos-mas-fuertes-de-la-audiencia-de-wanda-nara-y-mauro-icardi-fue-un-caos\/\">Wanda <\/a>le pregunt\u00f3 a la participante qu\u00e9 cosas la sacaban de quicio. La respuesta de <a href=\"https:\/\/www.paparazzi.com.ar\/tag\/sofia-gonet\/\">Gonet <\/a>fue un sincericidio total: <em>\u201cMe vuelvo loca. Enloquezco por todo. En cualquier \u00e1mbito de la vida\u201d<\/em>. Y lejos de frenar, redobl\u00f3: <em>\u201cMe enloquecen los v\u00ednculos, la plata, las amistades, problemas de familia. \u00a1Todo me enloquece!\u201d<\/em>.\u00a0<\/p>\n<p>Fue entonces cuando la conductora larg\u00f3 la frase que electrific\u00f3 la noche: <em>\u201cEmpez\u00e1 a organizarte porque si yo tuviera que elegir de todas las chicas nuevas, del momento, una sucesora, te veo mucho de eso\u201d<\/em>. La elegida, entre risas y fascinada, expres\u00f3: <em>\u201cGracias. Ni me importa esto de MasterChef Argentina. Yo con esto ya gan\u00e9\u201d<\/em>.&nbsp;<\/p>\n<div class=\"mt-box \">\n<h4 class=\"mt-heading\">Mir\u00e1 Tambi\u00e9n<\/h4>\n<p><a href=\"https:\/\/www.paparazzi.com.ar\/teve\/wanda-nara-revelo-cual-fue-el-robo-mas-grande-que-le-hizo-su-ex-secretaria-la-vi-en-las-camaras-del-banco\/\"><\/p>\n<div class=\"mt-content\">\n<div class=\"mt-image-container\"><img decoding=\"async\" src=\"https:\/\/www.paparazzi.com.ar\/wp-content\/uploads\/2025\/11\/Wanda-Nara-empleada-1-359x226.jpg\" alt=\"Wanda Nara revel\u00f3 cu\u00e1l fue el robo m\u00e1s grande que le hizo su ex secretaria: \u201cLa vi en las c\u00e1maras del banco\u201d\" class=\"mt-image\" loading=\"lazy\" \/><\/div>\n<h5 class=\"mt-title\">Wanda Nara revel\u00f3 cu\u00e1l fue el robo m\u00e1s grande que le hizo su ex secretaria: \u201cLa vi en las c\u00e1maras del banco\u201d<\/h5>\n<\/div>\n<p><\/a><\/div>\n<p>Y como si fuera poco, en la entrevista posterior La Reni remat\u00f3 con fuertes declaraciones: <em>\u201cChau a la competencia. No me interesa MasterChef. Sigan cocinando\u201d<\/em>. Con esa frase, la heredera que nadie anticipaba sell\u00f3 un momento \u00fanico: cuando Wanda la eligi\u00f3, y la elegida hizo lo que mejor sabe\u2026 encender fuego sin prender una hornalla.<\/p>\n<h2 class=\"wp-block-heading\">EL ESC\u00c1NDALO DETR\u00c1S DE LA FOTO QUE WANDA NARA SE SAC\u00d3 CON JOHNNY DEPP<\/h2>\n<p>D\u00edas atr\u00e1s, aprovechando la visita de<strong> Johnny Depp<\/strong> a <strong>Cort\u00e1 por Lozano<\/strong>, <a href=\"https:\/\/www.paparazzi.com.ar\/teve\/guerra-en-telefe-por-que-vero-lozano-esta-odiada-con-wanda-nara\/\">Wanda <\/a>jug\u00f3 fuerte y se col\u00f3 entre medio de la gente para sacarse una foto y enloquecer de celos a Mauro Icardi, que desde hace meses ven\u00eda con su obsesivo <em>\u201ctic tac, ya falta poco, Johnny\u201d<\/em>. Pero a quien no le gust\u00f3 mucho la actitud de Wan fue a Vero Lozano.\u00a0<\/p>\n<p>Vero record\u00f3 que Depp salud\u00f3 a todos y agreg\u00f3 que<em> \u201cclaramente no conoc\u00eda a Wanda\u201d <\/em>m\u00e1s de lo que conoc\u00eda a cualquier otra persona del staff. Y dijo m\u00e1s: <em>\u201cNo me gust\u00f3 la forma. Todos queremos sacarnos fotos con Johnny\u2026 olvidate, yo tambi\u00e9n\u201d<\/em>, reconoci\u00f3 Lozano y fue tajante sobre Wanda: <em>\u201cla mata la ansiedad, no lo hace de mala, la mata su ego\u201d.<\/em><\/p>\n<div class=\"mt-box \">\n<h4 class=\"mt-heading\">Mir\u00e1 Tambi\u00e9n<\/h4>\n<p><a href=\"https:\/\/www.paparazzi.com.ar\/teve\/exclusivo-la-increible-salida-de-mirtha-legrand-viviendo-la-noche-portena-a-sus-98-anos\/\"><\/p>\n<div class=\"mt-content\">\n<div class=\"mt-image-container\"><img decoding=\"async\" src=\"https:\/\/www.paparazzi.com.ar\/wp-content\/uploads\/2025\/11\/\u00a1Exclusivo-La-increible-salida-de-Mirtha-Legrand-viviendo-la-noche-portena-a-sus-98-anos-359x226.jpg\" alt=\"\u00a1Exclusivo! La incre\u00edble salida de Mirtha Legrand viviendo la noche porte\u00f1a a sus 98 a\u00f1os\" class=\"mt-image\" loading=\"lazy\" \/><\/div>\n<h5 class=\"mt-title\">\u00a1Exclusivo! La incre\u00edble salida de Mirtha Legrand viviendo la noche porte\u00f1a a sus 98 a\u00f1os<\/h5>\n<\/div>\n<p><\/a><\/div>\n<div class=\"mt-box \">\n<h4 class=\"mt-heading\">Mir\u00e1 Tambi\u00e9n<\/h4>\n<p><a href=\"https:\/\/www.paparazzi.com.ar\/teve\/escalofriante-roban-la-casa-de-valeria-mazza-con-su-hija-taina-gravier-adentro-se-encerro-en-un-cuarto-y\/\"><\/p>\n<div class=\"mt-content\">\n<div class=\"mt-image-container\"><img decoding=\"async\" src=\"https:\/\/www.paparazzi.com.ar\/wp-content\/uploads\/2025\/11\/valeria-mazza-taina-gravier--359x226.jpg\" alt=\"\u00a1Escalofriante! Roban la casa de Valeria Mazza con su hija Ta\u00edna Gravier adentro: &quot;Se encerr\u00f3 en un cuarto y\u2026&quot;\" class=\"mt-image\" loading=\"lazy\" \/><\/div>\n<h5 class=\"mt-title\">\u00a1Escalofriante! Roban la casa de Valeria Mazza con su hija Ta\u00edna Gravier adentro: \u00abSe encerr\u00f3 en un cuarto y\u2026\u00bb<\/h5>\n<\/div>\n<p><\/a><\/div>\n<p>The post <a href=\"https:\/\/www.paparazzi.com.ar\/teve\/sorpresa-quien-es-la-polemica-y-famosa-influencer-que-wanda-nara-eligio-como-su-sucesora\/\">\u00a1Sorpresa! Qui\u00e9n es la pol\u00e9mica y famosa influencer que Wanda Nara eligi\u00f3 como su sucesora<\/a> appeared first on <a href=\"https:\/\/www.paparazzi.com.ar\">Revista Paparazzi<\/a>.<\/p>\n","protected":false},"excerpt":{"rendered":"<p>En pleno MasterChef Celebrity (Telefe), Wanda Nara, la medi\u00e1tica m\u00e1s<\/p>\n","protected":false},"author":0,"featured_media":10122,"comment_status":"","ping_status":"","sticky":false,"template":"","format":"standard","meta":{"footnotes":""},"categories":[65],"tags":[],"class_list":["post-10121","post","type-post","status-publish","format-standard","has-post-thumbnail","hentry","category-pais"],"yoast_head":"<!-- This site is optimized with the Yoast SEO plugin v27.5 - https:\/\/yoast.com\/product\/yoast-seo-wordpress\/ -->\n<title>\u00a1Sorpresa! Qui\u00e9n es la pol\u00e9mica y famosa influencer que Wanda Nara eligi\u00f3 como su sucesora - Cuarteto en la Web<\/title>\n<meta name=\"robots\" content=\"index, follow, max-snippet:-1, max-image-preview:large, max-video-preview:-1\" \/>\n<link rel=\"canonical\" href=\"http:\/\/cuartetoenlaweb.com.ar\/sitio\/sorpresa-quien-es-la-polemica-y-famosa-influencer-que-wanda-nara-eligio-como-su-sucesora\/\" \/>\n<meta property=\"og:locale\" content=\"es_ES\" \/>\n<meta property=\"og:type\" content=\"article\" \/>\n<meta property=\"og:title\" content=\"\u00a1Sorpresa! Qui\u00e9n es la pol\u00e9mica y famosa influencer que Wanda Nara eligi\u00f3 como su sucesora - Cuarteto en la Web\" \/>\n<meta property=\"og:description\" content=\"En pleno MasterChef Celebrity (Telefe), Wanda Nara, la medi\u00e1tica m\u00e1s\" \/>\n<meta property=\"og:url\" content=\"http:\/\/cuartetoenlaweb.com.ar\/sitio\/sorpresa-quien-es-la-polemica-y-famosa-influencer-que-wanda-nara-eligio-como-su-sucesora\/\" \/>\n<meta property=\"og:site_name\" content=\"Cuarteto en la Web\" \/>\n<meta property=\"article:published_time\" content=\"2026-01-08T12:00:12+00:00\" \/>\n<meta property=\"og:image\" content=\"http:\/\/cuartetoenlaweb.com.ar\/sitio\/wp-content\/uploads\/2026\/01\/Wanda-Nara-empleada-1-359x226-1.jpg\" \/>\n\t<meta property=\"og:image:width\" content=\"359\" \/>\n\t<meta property=\"og:image:height\" content=\"226\" \/>\n\t<meta property=\"og:image:type\" content=\"image\/jpeg\" \/>\n<meta name=\"twitter:card\" content=\"summary_large_image\" \/>\n<meta name=\"twitter:label1\" content=\"Tiempo de lectura\" \/>\n\t<meta name=\"twitter:data1\" content=\"2 minutos\" \/>\n<script type=\"application\/ld+json\" class=\"yoast-schema-graph\">{\"@context\":\"https:\\\/\\\/schema.org\",\"@graph\":[{\"@type\":\"Article\",\"@id\":\"http:\\\/\\\/cuartetoenlaweb.com.ar\\\/sitio\\\/sorpresa-quien-es-la-polemica-y-famosa-influencer-que-wanda-nara-eligio-como-su-sucesora\\\/#article\",\"isPartOf\":{\"@id\":\"http:\\\/\\\/cuartetoenlaweb.com.ar\\\/sitio\\\/sorpresa-quien-es-la-polemica-y-famosa-influencer-que-wanda-nara-eligio-como-su-sucesora\\\/\"},\"author\":{\"name\":\"\",\"@id\":\"\"},\"headline\":\"\u00a1Sorpresa! Qui\u00e9n es la pol\u00e9mica y famosa influencer que Wanda Nara eligi\u00f3 como su sucesora\",\"datePublished\":\"2026-01-08T12:00:12+00:00\",\"mainEntityOfPage\":{\"@id\":\"http:\\\/\\\/cuartetoenlaweb.com.ar\\\/sitio\\\/sorpresa-quien-es-la-polemica-y-famosa-influencer-que-wanda-nara-eligio-como-su-sucesora\\\/\"},\"wordCount\":494,\"publisher\":{\"@id\":\"http:\\\/\\\/cuartetoenlaweb.com.ar\\\/sitio\\\/#organization\"},\"image\":{\"@id\":\"http:\\\/\\\/cuartetoenlaweb.com.ar\\\/sitio\\\/sorpresa-quien-es-la-polemica-y-famosa-influencer-que-wanda-nara-eligio-como-su-sucesora\\\/#primaryimage\"},\"thumbnailUrl\":\"https:\\\/\\\/cuartetoenlaweb.com.ar\\\/sitio\\\/wp-content\\\/uploads\\\/2026\\\/01\\\/Wanda-Nara-empleada-1-359x226-1.jpg\",\"articleSection\":[\"PAIS\"],\"inLanguage\":\"es\"},{\"@type\":\"WebPage\",\"@id\":\"http:\\\/\\\/cuartetoenlaweb.com.ar\\\/sitio\\\/sorpresa-quien-es-la-polemica-y-famosa-influencer-que-wanda-nara-eligio-como-su-sucesora\\\/\",\"url\":\"http:\\\/\\\/cuartetoenlaweb.com.ar\\\/sitio\\\/sorpresa-quien-es-la-polemica-y-famosa-influencer-que-wanda-nara-eligio-como-su-sucesora\\\/\",\"name\":\"\u00a1Sorpresa! Qui\u00e9n es la pol\u00e9mica y famosa influencer que Wanda Nara eligi\u00f3 como su sucesora - Cuarteto en la Web\",\"isPartOf\":{\"@id\":\"http:\\\/\\\/cuartetoenlaweb.com.ar\\\/sitio\\\/#website\"},\"primaryImageOfPage\":{\"@id\":\"http:\\\/\\\/cuartetoenlaweb.com.ar\\\/sitio\\\/sorpresa-quien-es-la-polemica-y-famosa-influencer-que-wanda-nara-eligio-como-su-sucesora\\\/#primaryimage\"},\"image\":{\"@id\":\"http:\\\/\\\/cuartetoenlaweb.com.ar\\\/sitio\\\/sorpresa-quien-es-la-polemica-y-famosa-influencer-que-wanda-nara-eligio-como-su-sucesora\\\/#primaryimage\"},\"thumbnailUrl\":\"https:\\\/\\\/cuartetoenlaweb.com.ar\\\/sitio\\\/wp-content\\\/uploads\\\/2026\\\/01\\\/Wanda-Nara-empleada-1-359x226-1.jpg\",\"datePublished\":\"2026-01-08T12:00:12+00:00\",\"breadcrumb\":{\"@id\":\"http:\\\/\\\/cuartetoenlaweb.com.ar\\\/sitio\\\/sorpresa-quien-es-la-polemica-y-famosa-influencer-que-wanda-nara-eligio-como-su-sucesora\\\/#breadcrumb\"},\"inLanguage\":\"es\",\"potentialAction\":[{\"@type\":\"ReadAction\",\"target\":[\"http:\\\/\\\/cuartetoenlaweb.com.ar\\\/sitio\\\/sorpresa-quien-es-la-polemica-y-famosa-influencer-que-wanda-nara-eligio-como-su-sucesora\\\/\"]}]},{\"@type\":\"ImageObject\",\"inLanguage\":\"es\",\"@id\":\"http:\\\/\\\/cuartetoenlaweb.com.ar\\\/sitio\\\/sorpresa-quien-es-la-polemica-y-famosa-influencer-que-wanda-nara-eligio-como-su-sucesora\\\/#primaryimage\",\"url\":\"https:\\\/\\\/cuartetoenlaweb.com.ar\\\/sitio\\\/wp-content\\\/uploads\\\/2026\\\/01\\\/Wanda-Nara-empleada-1-359x226-1.jpg\",\"contentUrl\":\"https:\\\/\\\/cuartetoenlaweb.com.ar\\\/sitio\\\/wp-content\\\/uploads\\\/2026\\\/01\\\/Wanda-Nara-empleada-1-359x226-1.jpg\",\"width\":359,\"height\":226},{\"@type\":\"BreadcrumbList\",\"@id\":\"http:\\\/\\\/cuartetoenlaweb.com.ar\\\/sitio\\\/sorpresa-quien-es-la-polemica-y-famosa-influencer-que-wanda-nara-eligio-como-su-sucesora\\\/#breadcrumb\",\"itemListElement\":[{\"@type\":\"ListItem\",\"position\":1,\"name\":\"Portada\",\"item\":\"http:\\\/\\\/cuartetoenlaweb.com.ar\\\/sitio\\\/\"},{\"@type\":\"ListItem\",\"position\":2,\"name\":\"\u00a1Sorpresa! Qui\u00e9n es la pol\u00e9mica y famosa influencer que Wanda Nara eligi\u00f3 como su sucesora\"}]},{\"@type\":\"WebSite\",\"@id\":\"http:\\\/\\\/cuartetoenlaweb.com.ar\\\/sitio\\\/#website\",\"url\":\"http:\\\/\\\/cuartetoenlaweb.com.ar\\\/sitio\\\/\",\"name\":\"Cuarteto en la Web\",\"description\":\"\",\"publisher\":{\"@id\":\"http:\\\/\\\/cuartetoenlaweb.com.ar\\\/sitio\\\/#organization\"},\"potentialAction\":[{\"@type\":\"SearchAction\",\"target\":{\"@type\":\"EntryPoint\",\"urlTemplate\":\"http:\\\/\\\/cuartetoenlaweb.com.ar\\\/sitio\\\/?s={search_term_string}\"},\"query-input\":{\"@type\":\"PropertyValueSpecification\",\"valueRequired\":true,\"valueName\":\"search_term_string\"}}],\"inLanguage\":\"es\"},{\"@type\":\"Organization\",\"@id\":\"http:\\\/\\\/cuartetoenlaweb.com.ar\\\/sitio\\\/#organization\",\"name\":\"Cuarteto en la Web\",\"url\":\"http:\\\/\\\/cuartetoenlaweb.com.ar\\\/sitio\\\/\",\"logo\":{\"@type\":\"ImageObject\",\"inLanguage\":\"es\",\"@id\":\"http:\\\/\\\/cuartetoenlaweb.com.ar\\\/sitio\\\/#\\\/schema\\\/logo\\\/image\\\/\",\"url\":\"https:\\\/\\\/cuartetoenlaweb.com.ar\\\/sitio\\\/wp-content\\\/uploads\\\/2025\\\/07\\\/cropped-cropped-logitoweb21.png\",\"contentUrl\":\"https:\\\/\\\/cuartetoenlaweb.com.ar\\\/sitio\\\/wp-content\\\/uploads\\\/2025\\\/07\\\/cropped-cropped-logitoweb21.png\",\"width\":199,\"height\":199,\"caption\":\"Cuarteto en la Web\"},\"image\":{\"@id\":\"http:\\\/\\\/cuartetoenlaweb.com.ar\\\/sitio\\\/#\\\/schema\\\/logo\\\/image\\\/\"}}]}<\/script>\n<!-- \/ Yoast SEO plugin. -->","yoast_head_json":{"title":"\u00a1Sorpresa! Qui\u00e9n es la pol\u00e9mica y famosa influencer que Wanda Nara eligi\u00f3 como su sucesora - Cuarteto en la Web","robots":{"index":"index","follow":"follow","max-snippet":"max-snippet:-1","max-image-preview":"max-image-preview:large","max-video-preview":"max-video-preview:-1"},"canonical":"http:\/\/cuartetoenlaweb.com.ar\/sitio\/sorpresa-quien-es-la-polemica-y-famosa-influencer-que-wanda-nara-eligio-como-su-sucesora\/","og_locale":"es_ES","og_type":"article","og_title":"\u00a1Sorpresa! Qui\u00e9n es la pol\u00e9mica y famosa influencer que Wanda Nara eligi\u00f3 como su sucesora - Cuarteto en la Web","og_description":"En pleno MasterChef Celebrity (Telefe), Wanda Nara, la medi\u00e1tica m\u00e1s","og_url":"http:\/\/cuartetoenlaweb.com.ar\/sitio\/sorpresa-quien-es-la-polemica-y-famosa-influencer-que-wanda-nara-eligio-como-su-sucesora\/","og_site_name":"Cuarteto en la Web","article_published_time":"2026-01-08T12:00:12+00:00","og_image":[{"width":359,"height":226,"url":"http:\/\/cuartetoenlaweb.com.ar\/sitio\/wp-content\/uploads\/2026\/01\/Wanda-Nara-empleada-1-359x226-1.jpg","type":"image\/jpeg"}],"twitter_card":"summary_large_image","twitter_misc":{"Tiempo de lectura":"2 minutos"},"schema":{"@context":"https:\/\/schema.org","@graph":[{"@type":"Article","@id":"http:\/\/cuartetoenlaweb.com.ar\/sitio\/sorpresa-quien-es-la-polemica-y-famosa-influencer-que-wanda-nara-eligio-como-su-sucesora\/#article","isPartOf":{"@id":"http:\/\/cuartetoenlaweb.com.ar\/sitio\/sorpresa-quien-es-la-polemica-y-famosa-influencer-que-wanda-nara-eligio-como-su-sucesora\/"},"author":{"name":"","@id":""},"headline":"\u00a1Sorpresa! Qui\u00e9n es la pol\u00e9mica y famosa influencer que Wanda Nara eligi\u00f3 como su sucesora","datePublished":"2026-01-08T12:00:12+00:00","mainEntityOfPage":{"@id":"http:\/\/cuartetoenlaweb.com.ar\/sitio\/sorpresa-quien-es-la-polemica-y-famosa-influencer-que-wanda-nara-eligio-como-su-sucesora\/"},"wordCount":494,"publisher":{"@id":"http:\/\/cuartetoenlaweb.com.ar\/sitio\/#organization"},"image":{"@id":"http:\/\/cuartetoenlaweb.com.ar\/sitio\/sorpresa-quien-es-la-polemica-y-famosa-influencer-que-wanda-nara-eligio-como-su-sucesora\/#primaryimage"},"thumbnailUrl":"https:\/\/cuartetoenlaweb.com.ar\/sitio\/wp-content\/uploads\/2026\/01\/Wanda-Nara-empleada-1-359x226-1.jpg","articleSection":["PAIS"],"inLanguage":"es"},{"@type":"WebPage","@id":"http:\/\/cuartetoenlaweb.com.ar\/sitio\/sorpresa-quien-es-la-polemica-y-famosa-influencer-que-wanda-nara-eligio-como-su-sucesora\/","url":"http:\/\/cuartetoenlaweb.com.ar\/sitio\/sorpresa-quien-es-la-polemica-y-famosa-influencer-que-wanda-nara-eligio-como-su-sucesora\/","name":"\u00a1Sorpresa! Qui\u00e9n es la pol\u00e9mica y famosa influencer que Wanda Nara eligi\u00f3 como su sucesora - Cuarteto en la Web","isPartOf":{"@id":"http:\/\/cuartetoenlaweb.com.ar\/sitio\/#website"},"primaryImageOfPage":{"@id":"http:\/\/cuartetoenlaweb.com.ar\/sitio\/sorpresa-quien-es-la-polemica-y-famosa-influencer-que-wanda-nara-eligio-como-su-sucesora\/#primaryimage"},"image":{"@id":"http:\/\/cuartetoenlaweb.com.ar\/sitio\/sorpresa-quien-es-la-polemica-y-famosa-influencer-que-wanda-nara-eligio-como-su-sucesora\/#primaryimage"},"thumbnailUrl":"https:\/\/cuartetoenlaweb.com.ar\/sitio\/wp-content\/uploads\/2026\/01\/Wanda-Nara-empleada-1-359x226-1.jpg","datePublished":"2026-01-08T12:00:12+00:00","breadcrumb":{"@id":"http:\/\/cuartetoenlaweb.com.ar\/sitio\/sorpresa-quien-es-la-polemica-y-famosa-influencer-que-wanda-nara-eligio-como-su-sucesora\/#breadcrumb"},"inLanguage":"es","potentialAction":[{"@type":"ReadAction","target":["http:\/\/cuartetoenlaweb.com.ar\/sitio\/sorpresa-quien-es-la-polemica-y-famosa-influencer-que-wanda-nara-eligio-como-su-sucesora\/"]}]},{"@type":"ImageObject","inLanguage":"es","@id":"http:\/\/cuartetoenlaweb.com.ar\/sitio\/sorpresa-quien-es-la-polemica-y-famosa-influencer-que-wanda-nara-eligio-como-su-sucesora\/#primaryimage","url":"https:\/\/cuartetoenlaweb.com.ar\/sitio\/wp-content\/uploads\/2026\/01\/Wanda-Nara-empleada-1-359x226-1.jpg","contentUrl":"https:\/\/cuartetoenlaweb.com.ar\/sitio\/wp-content\/uploads\/2026\/01\/Wanda-Nara-empleada-1-359x226-1.jpg","width":359,"height":226},{"@type":"BreadcrumbList","@id":"http:\/\/cuartetoenlaweb.com.ar\/sitio\/sorpresa-quien-es-la-polemica-y-famosa-influencer-que-wanda-nara-eligio-como-su-sucesora\/#breadcrumb","itemListElement":[{"@type":"ListItem","position":1,"name":"Portada","item":"http:\/\/cuartetoenlaweb.com.ar\/sitio\/"},{"@type":"ListItem","position":2,"name":"\u00a1Sorpresa! Qui\u00e9n es la pol\u00e9mica y famosa influencer que Wanda Nara eligi\u00f3 como su sucesora"}]},{"@type":"WebSite","@id":"http:\/\/cuartetoenlaweb.com.ar\/sitio\/#website","url":"http:\/\/cuartetoenlaweb.com.ar\/sitio\/","name":"Cuarteto en la Web","description":"","publisher":{"@id":"http:\/\/cuartetoenlaweb.com.ar\/sitio\/#organization"},"potentialAction":[{"@type":"SearchAction","target":{"@type":"EntryPoint","urlTemplate":"http:\/\/cuartetoenlaweb.com.ar\/sitio\/?s={search_term_string}"},"query-input":{"@type":"PropertyValueSpecification","valueRequired":true,"valueName":"search_term_string"}}],"inLanguage":"es"},{"@type":"Organization","@id":"http:\/\/cuartetoenlaweb.com.ar\/sitio\/#organization","name":"Cuarteto en la Web","url":"http:\/\/cuartetoenlaweb.com.ar\/sitio\/","logo":{"@type":"ImageObject","inLanguage":"es","@id":"http:\/\/cuartetoenlaweb.com.ar\/sitio\/#\/schema\/logo\/image\/","url":"https:\/\/cuartetoenlaweb.com.ar\/sitio\/wp-content\/uploads\/2025\/07\/cropped-cropped-logitoweb21.png","contentUrl":"https:\/\/cuartetoenlaweb.com.ar\/sitio\/wp-content\/uploads\/2025\/07\/cropped-cropped-logitoweb21.png","width":199,"height":199,"caption":"Cuarteto en la Web"},"image":{"@id":"http:\/\/cuartetoenlaweb.com.ar\/sitio\/#\/schema\/logo\/image\/"}}]}},"_links":{"self":[{"href":"https:\/\/cuartetoenlaweb.com.ar\/sitio\/wp-json\/wp\/v2\/posts\/10121","targetHints":{"allow":["GET"]}}],"collection":[{"href":"https:\/\/cuartetoenlaweb.com.ar\/sitio\/wp-json\/wp\/v2\/posts"}],"about":[{"href":"https:\/\/cuartetoenlaweb.com.ar\/sitio\/wp-json\/wp\/v2\/types\/post"}],"replies":[{"embeddable":true,"href":"https:\/\/cuartetoenlaweb.com.ar\/sitio\/wp-json\/wp\/v2\/comments?post=10121"}],"version-history":[{"count":0,"href":"https:\/\/cuartetoenlaweb.com.ar\/sitio\/wp-json\/wp\/v2\/posts\/10121\/revisions"}],"wp:featuredmedia":[{"embeddable":true,"href":"https:\/\/cuartetoenlaweb.com.ar\/sitio\/wp-json\/wp\/v2\/media\/10122"}],"wp:attachment":[{"href":"https:\/\/cuartetoenlaweb.com.ar\/sitio\/wp-json\/wp\/v2\/media?parent=10121"}],"wp:term":[{"taxonomy":"category","embeddable":true,"href":"https:\/\/cuartetoenlaweb.com.ar\/sitio\/wp-json\/wp\/v2\/categories?post=10121"},{"taxonomy":"post_tag","embeddable":true,"href":"https:\/\/cuartetoenlaweb.com.ar\/sitio\/wp-json\/wp\/v2\/tags?post=10121"}],"curies":[{"name":"wp","href":"https:\/\/api.w.org\/{rel}","templated":true}]}}