
{"id":10119,"date":"2026-01-08T09:00:07","date_gmt":"2026-01-08T12:00:07","guid":{"rendered":"https:\/\/cuartetoenlaweb.com.ar\/sitio\/evangelina-anderson-se-metio-en-la-violenta-pelea-de-demichelis-con-su-novia-y-ardio-todo-su-furioso-descargo\/"},"modified":"2026-01-08T09:00:07","modified_gmt":"2026-01-08T12:00:07","slug":"evangelina-anderson-se-metio-en-la-violenta-pelea-de-demichelis-con-su-novia-y-ardio-todo-su-furioso-descargo","status":"publish","type":"post","link":"https:\/\/cuartetoenlaweb.com.ar\/sitio\/evangelina-anderson-se-metio-en-la-violenta-pelea-de-demichelis-con-su-novia-y-ardio-todo-su-furioso-descargo\/","title":{"rendered":"Evangelina Anderson se meti\u00f3 en la violenta pelea de Demichelis con su novia y ardi\u00f3 todo: su furioso descargo"},"content":{"rendered":"<p>El 2026 arranc\u00f3 con todo y no precisamente de la mejor manera; al menos para <strong><a href=\"https:\/\/www.paparazzi.com.ar\/teve\/fuerte-video-violenta-pelea-de-martin-demichelis-con-su-nueva-novia-intervino-la-seguridad-y\/\">Mart\u00edn Demichelis<\/a><\/strong>, quien present\u00f3 a su nueva novia, a los pocos d\u00edas ya se encuentra atravesando un escandal\u00f3n luego de la discusi\u00f3n que se filtr\u00f3 con su pareja en Punta del Este.<\/p>\n<p>Las im\u00e1genes que circularon fueron contundentes y expusieron c\u00f3mo el ex DT de River Plate mantuvo un acalorado intercambio de palabras con su nueva chica, <strong>Micaela<\/strong>. En un conflicto que naci\u00f3 tras la presentaci\u00f3n oficial a sus hijos, la que intervino en medio de todo esto fue <strong><a href=\"https:\/\/www.paparazzi.com.ar\/teve\/bajo-la-lluvia-y-en-medio-de-la-ruta-el-inesperado-momento-que-vivieron-evangelina-anderson-y-majo-martino\/\">Evangelina Anderson<\/a><\/strong>.<\/p>\n<div class=\"mt-box \">\n<h4 class=\"mt-heading\">Mir\u00e1 Tambi\u00e9n<\/h4>\n<p><a href=\"https:\/\/www.paparazzi.com.ar\/teve\/murio-la-companera-incondicional-de-sandra-mihanovich-y-la-artista-quedo-devastada-no-paro-de-llorar\/\"><\/p>\n<div class=\"mt-content\">\n<div class=\"mt-image-container\"><img decoding=\"async\" src=\"https:\/\/www.paparazzi.com.ar\/wp-content\/uploads\/2026\/01\/Murio-la-companera-incondicional-de-Sandra-Mihanovich-y-la-artista-quedo-devastada-22No-paro-de-llorar22-359x226.jpg\" alt=\"Muri\u00f3 la compa\u00f1era incondicional de Sandra Mihanovich y la artista qued\u00f3 devastada: &quot;No paro de llorar&quot;\" class=\"mt-image\" loading=\"lazy\" \/><\/div>\n<h5 class=\"mt-title\">Muri\u00f3 la compa\u00f1era incondicional de Sandra Mihanovich y la artista qued\u00f3 devastada: \u00abNo paro de llorar\u00bb<\/h5>\n<\/div>\n<p><\/a><\/div>\n<p>A trav\u00e9s de una informaci\u00f3n que revel\u00f3 <strong>Nancy Dur\u00e9<\/strong>, la panelista de <em>Puro Show<\/em> logr\u00f3 acceder a un testimonio exclusivo en una charla con Anderson. All\u00ed ella lo \u00fanico que le dej\u00f3 en claro es que no quiere que sus hijos se vean involucrados en medio de ninguna pol\u00e9mica.<\/p>\n<p>\u201c<em>Le pregunt\u00e9 si \u00e9l le present\u00f3 a los hijos y lo que ella me contesta es que no le present\u00f3 a nadie. \u201cDice que por favor no metan a los hijos de por medio en esta situaci\u00f3n<\/em>\u201d, desliz\u00f3 Nancy, en relaci\u00f3n a la charla que tuvo con <a href=\"https:\/\/www.paparazzi.com.ar\/romances\/la-cruda-decision-de-martin-demichelis-que-desato-un-nuevo-conflicto-con-evangelina-anderson\/\">Eva<\/a>.<\/p>\n<h2 class=\"wp-block-heading\">QU\u00c9 PAS\u00d3 CON EVANGELINA ANDERSON TRAS LA PELEA DE MART\u00cdN DEMICHELIS<\/h2>\n<p>Cabe destacar que la discusi\u00f3n que tuvo Demichelis con su novia Micaela alcanz\u00f3 niveles muy pol\u00e9micos, a punto tal que la seguridad del lugar de la playa de Punta del Este, a donde ocurrieron los hechos, debi\u00f3 intervenir.<\/p>\n<p>\u201c<em>Hubo insultos, gritos. La seguridad del lugar se tuvo que acercar para ver qu\u00e9 estaba pasando en el estacionamiento de La Susana Beach de Jos\u00e9 Ignacio<\/em>\u201d, destac\u00f3 el conductor del programa de El Trece, <strong>Mat\u00edas V\u00e1zaquez<\/strong>.<\/p>\n<div class=\"mt-box \">\n<h4 class=\"mt-heading\">Mir\u00e1 Tambi\u00e9n<\/h4>\n<p><a href=\"https:\/\/www.paparazzi.com.ar\/teve\/todo-mal-salio-a-la-luz-como-se-llevan-florencia-raggi-y-juana-repetto-no-tengo-un-vinculo-de\/\"><\/p>\n<div class=\"mt-content\">\n<div class=\"mt-image-container\"><img decoding=\"async\" src=\"https:\/\/www.paparazzi.com.ar\/wp-content\/uploads\/2026\/01\/\u00bfTodo-mal-Salio-a-la-luz-como-se-llevan-Florencia-Raggi-y-Juana-Repetto-22No-tengo-un-vinculo-de.22-359x226.jpg\" alt=\"\u00bfTodo mal? Sali\u00f3 a la luz c\u00f3mo se llevan Florencia Raggi y Juana Repetto: &quot;No tengo un v\u00ednculo de...&quot;\" class=\"mt-image\" loading=\"lazy\" \/><\/div>\n<h5 class=\"mt-title\">\u00bfTodo mal? Sali\u00f3 a la luz c\u00f3mo se llevan Florencia Raggi y Juana Repetto: \u00abNo tengo un v\u00ednculo de&#8230;\u00bb<\/h5>\n<\/div>\n<p><\/a><\/div>\n<p>Sobre esas mismas l\u00edneas, el presentador expuso crud\u00edsimos detalles de la pelea que tuvieron y todo se desarroll\u00f3 arriba del veh\u00edculo de Demichelis: \u201c<em>Cuando se le tira encima ella se lo saca pero esto no es nada. Ella no quer\u00eda saber nada con este hombre<\/em>\u201d.<\/p>\n<p>\u201c<em>Hab\u00eda un momento de tensi\u00f3n dentro de un auto<\/em>\u201d, sentenci\u00f3 V\u00e1zquez. Y al cierre de esta informaci\u00f3n, Dur\u00e9 agreg\u00f3 que \u201c<em>mucha gente pensaba que podr\u00eda tener que ver con la presentaci\u00f3n que se hizo de los hijos. Pero Evangelina Anderson dice que no hubo ninguna presentaci\u00f3n<\/em>\u201d.<\/p>\n<p>The post <a href=\"https:\/\/www.paparazzi.com.ar\/romances\/evangelina-anderson-se-metio-en-la-violenta-pelea-de-demichelis-con-su-novia-y-ardio-todo-su-furioso-descargo\/\">Evangelina Anderson se meti\u00f3 en la violenta pelea de Demichelis con su novia y ardi\u00f3 todo: su furioso descargo<\/a> appeared first on <a href=\"https:\/\/www.paparazzi.com.ar\">Revista Paparazzi<\/a>.<\/p>\n","protected":false},"excerpt":{"rendered":"<p>El 2026 arranc\u00f3 con todo y no precisamente de la<\/p>\n","protected":false},"author":0,"featured_media":10120,"comment_status":"","ping_status":"","sticky":false,"template":"","format":"standard","meta":{"footnotes":""},"categories":[65],"tags":[],"class_list":["post-10119","post","type-post","status-publish","format-standard","has-post-thumbnail","hentry","category-pais"],"yoast_head":"<!-- This site is optimized with the Yoast SEO plugin v27.5 - https:\/\/yoast.com\/product\/yoast-seo-wordpress\/ -->\n<title>Evangelina Anderson se meti\u00f3 en la violenta pelea de Demichelis con su novia y ardi\u00f3 todo: su furioso descargo - Cuarteto en la Web<\/title>\n<meta name=\"robots\" content=\"index, follow, max-snippet:-1, max-image-preview:large, max-video-preview:-1\" \/>\n<link rel=\"canonical\" href=\"https:\/\/cuartetoenlaweb.com.ar\/sitio\/evangelina-anderson-se-metio-en-la-violenta-pelea-de-demichelis-con-su-novia-y-ardio-todo-su-furioso-descargo\/\" \/>\n<meta property=\"og:locale\" content=\"es_ES\" \/>\n<meta property=\"og:type\" content=\"article\" \/>\n<meta property=\"og:title\" content=\"Evangelina Anderson se meti\u00f3 en la violenta pelea de Demichelis con su novia y ardi\u00f3 todo: su furioso descargo - Cuarteto en la Web\" \/>\n<meta property=\"og:description\" content=\"El 2026 arranc\u00f3 con todo y no precisamente de la\" \/>\n<meta property=\"og:url\" content=\"https:\/\/cuartetoenlaweb.com.ar\/sitio\/evangelina-anderson-se-metio-en-la-violenta-pelea-de-demichelis-con-su-novia-y-ardio-todo-su-furioso-descargo\/\" \/>\n<meta property=\"og:site_name\" content=\"Cuarteto en la Web\" \/>\n<meta property=\"article:published_time\" content=\"2026-01-08T12:00:07+00:00\" \/>\n<meta property=\"og:image\" content=\"https:\/\/cuartetoenlaweb.com.ar\/sitio\/wp-content\/uploads\/2026\/01\/Murio-la-companera-incondicional-de-Sandra-Mihanovich-y-la-artista-quedo-devastada-22No-paro-de-llorar22-359x226-1.jpg\" \/>\n\t<meta property=\"og:image:width\" content=\"359\" \/>\n\t<meta property=\"og:image:height\" content=\"226\" \/>\n\t<meta property=\"og:image:type\" content=\"image\/jpeg\" \/>\n<meta name=\"twitter:card\" content=\"summary_large_image\" \/>\n<meta name=\"twitter:label1\" content=\"Tiempo de lectura\" \/>\n\t<meta name=\"twitter:data1\" content=\"2 minutos\" \/>\n<script type=\"application\/ld+json\" class=\"yoast-schema-graph\">{\"@context\":\"https:\\\/\\\/schema.org\",\"@graph\":[{\"@type\":\"Article\",\"@id\":\"https:\\\/\\\/cuartetoenlaweb.com.ar\\\/sitio\\\/evangelina-anderson-se-metio-en-la-violenta-pelea-de-demichelis-con-su-novia-y-ardio-todo-su-furioso-descargo\\\/#article\",\"isPartOf\":{\"@id\":\"https:\\\/\\\/cuartetoenlaweb.com.ar\\\/sitio\\\/evangelina-anderson-se-metio-en-la-violenta-pelea-de-demichelis-con-su-novia-y-ardio-todo-su-furioso-descargo\\\/\"},\"author\":{\"name\":\"\",\"@id\":\"\"},\"headline\":\"Evangelina Anderson se meti\u00f3 en la violenta pelea de Demichelis con su novia y ardi\u00f3 todo: su furioso descargo\",\"datePublished\":\"2026-01-08T12:00:07+00:00\",\"mainEntityOfPage\":{\"@id\":\"https:\\\/\\\/cuartetoenlaweb.com.ar\\\/sitio\\\/evangelina-anderson-se-metio-en-la-violenta-pelea-de-demichelis-con-su-novia-y-ardio-todo-su-furioso-descargo\\\/\"},\"wordCount\":485,\"publisher\":{\"@id\":\"http:\\\/\\\/cuartetoenlaweb.com.ar\\\/sitio\\\/#organization\"},\"image\":{\"@id\":\"https:\\\/\\\/cuartetoenlaweb.com.ar\\\/sitio\\\/evangelina-anderson-se-metio-en-la-violenta-pelea-de-demichelis-con-su-novia-y-ardio-todo-su-furioso-descargo\\\/#primaryimage\"},\"thumbnailUrl\":\"https:\\\/\\\/cuartetoenlaweb.com.ar\\\/sitio\\\/wp-content\\\/uploads\\\/2026\\\/01\\\/Murio-la-companera-incondicional-de-Sandra-Mihanovich-y-la-artista-quedo-devastada-22No-paro-de-llorar22-359x226-1.jpg\",\"articleSection\":[\"PAIS\"],\"inLanguage\":\"es\"},{\"@type\":\"WebPage\",\"@id\":\"https:\\\/\\\/cuartetoenlaweb.com.ar\\\/sitio\\\/evangelina-anderson-se-metio-en-la-violenta-pelea-de-demichelis-con-su-novia-y-ardio-todo-su-furioso-descargo\\\/\",\"url\":\"https:\\\/\\\/cuartetoenlaweb.com.ar\\\/sitio\\\/evangelina-anderson-se-metio-en-la-violenta-pelea-de-demichelis-con-su-novia-y-ardio-todo-su-furioso-descargo\\\/\",\"name\":\"Evangelina Anderson se meti\u00f3 en la violenta pelea de Demichelis con su novia y ardi\u00f3 todo: su furioso descargo - Cuarteto en la Web\",\"isPartOf\":{\"@id\":\"http:\\\/\\\/cuartetoenlaweb.com.ar\\\/sitio\\\/#website\"},\"primaryImageOfPage\":{\"@id\":\"https:\\\/\\\/cuartetoenlaweb.com.ar\\\/sitio\\\/evangelina-anderson-se-metio-en-la-violenta-pelea-de-demichelis-con-su-novia-y-ardio-todo-su-furioso-descargo\\\/#primaryimage\"},\"image\":{\"@id\":\"https:\\\/\\\/cuartetoenlaweb.com.ar\\\/sitio\\\/evangelina-anderson-se-metio-en-la-violenta-pelea-de-demichelis-con-su-novia-y-ardio-todo-su-furioso-descargo\\\/#primaryimage\"},\"thumbnailUrl\":\"https:\\\/\\\/cuartetoenlaweb.com.ar\\\/sitio\\\/wp-content\\\/uploads\\\/2026\\\/01\\\/Murio-la-companera-incondicional-de-Sandra-Mihanovich-y-la-artista-quedo-devastada-22No-paro-de-llorar22-359x226-1.jpg\",\"datePublished\":\"2026-01-08T12:00:07+00:00\",\"breadcrumb\":{\"@id\":\"https:\\\/\\\/cuartetoenlaweb.com.ar\\\/sitio\\\/evangelina-anderson-se-metio-en-la-violenta-pelea-de-demichelis-con-su-novia-y-ardio-todo-su-furioso-descargo\\\/#breadcrumb\"},\"inLanguage\":\"es\",\"potentialAction\":[{\"@type\":\"ReadAction\",\"target\":[\"https:\\\/\\\/cuartetoenlaweb.com.ar\\\/sitio\\\/evangelina-anderson-se-metio-en-la-violenta-pelea-de-demichelis-con-su-novia-y-ardio-todo-su-furioso-descargo\\\/\"]}]},{\"@type\":\"ImageObject\",\"inLanguage\":\"es\",\"@id\":\"https:\\\/\\\/cuartetoenlaweb.com.ar\\\/sitio\\\/evangelina-anderson-se-metio-en-la-violenta-pelea-de-demichelis-con-su-novia-y-ardio-todo-su-furioso-descargo\\\/#primaryimage\",\"url\":\"https:\\\/\\\/cuartetoenlaweb.com.ar\\\/sitio\\\/wp-content\\\/uploads\\\/2026\\\/01\\\/Murio-la-companera-incondicional-de-Sandra-Mihanovich-y-la-artista-quedo-devastada-22No-paro-de-llorar22-359x226-1.jpg\",\"contentUrl\":\"https:\\\/\\\/cuartetoenlaweb.com.ar\\\/sitio\\\/wp-content\\\/uploads\\\/2026\\\/01\\\/Murio-la-companera-incondicional-de-Sandra-Mihanovich-y-la-artista-quedo-devastada-22No-paro-de-llorar22-359x226-1.jpg\",\"width\":359,\"height\":226},{\"@type\":\"BreadcrumbList\",\"@id\":\"https:\\\/\\\/cuartetoenlaweb.com.ar\\\/sitio\\\/evangelina-anderson-se-metio-en-la-violenta-pelea-de-demichelis-con-su-novia-y-ardio-todo-su-furioso-descargo\\\/#breadcrumb\",\"itemListElement\":[{\"@type\":\"ListItem\",\"position\":1,\"name\":\"Portada\",\"item\":\"http:\\\/\\\/cuartetoenlaweb.com.ar\\\/sitio\\\/\"},{\"@type\":\"ListItem\",\"position\":2,\"name\":\"Evangelina Anderson se meti\u00f3 en la violenta pelea de Demichelis con su novia y ardi\u00f3 todo: su furioso descargo\"}]},{\"@type\":\"WebSite\",\"@id\":\"http:\\\/\\\/cuartetoenlaweb.com.ar\\\/sitio\\\/#website\",\"url\":\"http:\\\/\\\/cuartetoenlaweb.com.ar\\\/sitio\\\/\",\"name\":\"Cuarteto en la Web\",\"description\":\"\",\"publisher\":{\"@id\":\"http:\\\/\\\/cuartetoenlaweb.com.ar\\\/sitio\\\/#organization\"},\"potentialAction\":[{\"@type\":\"SearchAction\",\"target\":{\"@type\":\"EntryPoint\",\"urlTemplate\":\"http:\\\/\\\/cuartetoenlaweb.com.ar\\\/sitio\\\/?s={search_term_string}\"},\"query-input\":{\"@type\":\"PropertyValueSpecification\",\"valueRequired\":true,\"valueName\":\"search_term_string\"}}],\"inLanguage\":\"es\"},{\"@type\":\"Organization\",\"@id\":\"http:\\\/\\\/cuartetoenlaweb.com.ar\\\/sitio\\\/#organization\",\"name\":\"Cuarteto en la Web\",\"url\":\"http:\\\/\\\/cuartetoenlaweb.com.ar\\\/sitio\\\/\",\"logo\":{\"@type\":\"ImageObject\",\"inLanguage\":\"es\",\"@id\":\"http:\\\/\\\/cuartetoenlaweb.com.ar\\\/sitio\\\/#\\\/schema\\\/logo\\\/image\\\/\",\"url\":\"https:\\\/\\\/cuartetoenlaweb.com.ar\\\/sitio\\\/wp-content\\\/uploads\\\/2025\\\/07\\\/cropped-cropped-logitoweb21.png\",\"contentUrl\":\"https:\\\/\\\/cuartetoenlaweb.com.ar\\\/sitio\\\/wp-content\\\/uploads\\\/2025\\\/07\\\/cropped-cropped-logitoweb21.png\",\"width\":199,\"height\":199,\"caption\":\"Cuarteto en la Web\"},\"image\":{\"@id\":\"http:\\\/\\\/cuartetoenlaweb.com.ar\\\/sitio\\\/#\\\/schema\\\/logo\\\/image\\\/\"}}]}<\/script>\n<!-- \/ Yoast SEO plugin. -->","yoast_head_json":{"title":"Evangelina Anderson se meti\u00f3 en la violenta pelea de Demichelis con su novia y ardi\u00f3 todo: su furioso descargo - Cuarteto en la Web","robots":{"index":"index","follow":"follow","max-snippet":"max-snippet:-1","max-image-preview":"max-image-preview:large","max-video-preview":"max-video-preview:-1"},"canonical":"https:\/\/cuartetoenlaweb.com.ar\/sitio\/evangelina-anderson-se-metio-en-la-violenta-pelea-de-demichelis-con-su-novia-y-ardio-todo-su-furioso-descargo\/","og_locale":"es_ES","og_type":"article","og_title":"Evangelina Anderson se meti\u00f3 en la violenta pelea de Demichelis con su novia y ardi\u00f3 todo: su furioso descargo - Cuarteto en la Web","og_description":"El 2026 arranc\u00f3 con todo y no precisamente de la","og_url":"https:\/\/cuartetoenlaweb.com.ar\/sitio\/evangelina-anderson-se-metio-en-la-violenta-pelea-de-demichelis-con-su-novia-y-ardio-todo-su-furioso-descargo\/","og_site_name":"Cuarteto en la Web","article_published_time":"2026-01-08T12:00:07+00:00","og_image":[{"width":359,"height":226,"url":"https:\/\/cuartetoenlaweb.com.ar\/sitio\/wp-content\/uploads\/2026\/01\/Murio-la-companera-incondicional-de-Sandra-Mihanovich-y-la-artista-quedo-devastada-22No-paro-de-llorar22-359x226-1.jpg","type":"image\/jpeg"}],"twitter_card":"summary_large_image","twitter_misc":{"Tiempo de lectura":"2 minutos"},"schema":{"@context":"https:\/\/schema.org","@graph":[{"@type":"Article","@id":"https:\/\/cuartetoenlaweb.com.ar\/sitio\/evangelina-anderson-se-metio-en-la-violenta-pelea-de-demichelis-con-su-novia-y-ardio-todo-su-furioso-descargo\/#article","isPartOf":{"@id":"https:\/\/cuartetoenlaweb.com.ar\/sitio\/evangelina-anderson-se-metio-en-la-violenta-pelea-de-demichelis-con-su-novia-y-ardio-todo-su-furioso-descargo\/"},"author":{"name":"","@id":""},"headline":"Evangelina Anderson se meti\u00f3 en la violenta pelea de Demichelis con su novia y ardi\u00f3 todo: su furioso descargo","datePublished":"2026-01-08T12:00:07+00:00","mainEntityOfPage":{"@id":"https:\/\/cuartetoenlaweb.com.ar\/sitio\/evangelina-anderson-se-metio-en-la-violenta-pelea-de-demichelis-con-su-novia-y-ardio-todo-su-furioso-descargo\/"},"wordCount":485,"publisher":{"@id":"http:\/\/cuartetoenlaweb.com.ar\/sitio\/#organization"},"image":{"@id":"https:\/\/cuartetoenlaweb.com.ar\/sitio\/evangelina-anderson-se-metio-en-la-violenta-pelea-de-demichelis-con-su-novia-y-ardio-todo-su-furioso-descargo\/#primaryimage"},"thumbnailUrl":"https:\/\/cuartetoenlaweb.com.ar\/sitio\/wp-content\/uploads\/2026\/01\/Murio-la-companera-incondicional-de-Sandra-Mihanovich-y-la-artista-quedo-devastada-22No-paro-de-llorar22-359x226-1.jpg","articleSection":["PAIS"],"inLanguage":"es"},{"@type":"WebPage","@id":"https:\/\/cuartetoenlaweb.com.ar\/sitio\/evangelina-anderson-se-metio-en-la-violenta-pelea-de-demichelis-con-su-novia-y-ardio-todo-su-furioso-descargo\/","url":"https:\/\/cuartetoenlaweb.com.ar\/sitio\/evangelina-anderson-se-metio-en-la-violenta-pelea-de-demichelis-con-su-novia-y-ardio-todo-su-furioso-descargo\/","name":"Evangelina Anderson se meti\u00f3 en la violenta pelea de Demichelis con su novia y ardi\u00f3 todo: su furioso descargo - Cuarteto en la Web","isPartOf":{"@id":"http:\/\/cuartetoenlaweb.com.ar\/sitio\/#website"},"primaryImageOfPage":{"@id":"https:\/\/cuartetoenlaweb.com.ar\/sitio\/evangelina-anderson-se-metio-en-la-violenta-pelea-de-demichelis-con-su-novia-y-ardio-todo-su-furioso-descargo\/#primaryimage"},"image":{"@id":"https:\/\/cuartetoenlaweb.com.ar\/sitio\/evangelina-anderson-se-metio-en-la-violenta-pelea-de-demichelis-con-su-novia-y-ardio-todo-su-furioso-descargo\/#primaryimage"},"thumbnailUrl":"https:\/\/cuartetoenlaweb.com.ar\/sitio\/wp-content\/uploads\/2026\/01\/Murio-la-companera-incondicional-de-Sandra-Mihanovich-y-la-artista-quedo-devastada-22No-paro-de-llorar22-359x226-1.jpg","datePublished":"2026-01-08T12:00:07+00:00","breadcrumb":{"@id":"https:\/\/cuartetoenlaweb.com.ar\/sitio\/evangelina-anderson-se-metio-en-la-violenta-pelea-de-demichelis-con-su-novia-y-ardio-todo-su-furioso-descargo\/#breadcrumb"},"inLanguage":"es","potentialAction":[{"@type":"ReadAction","target":["https:\/\/cuartetoenlaweb.com.ar\/sitio\/evangelina-anderson-se-metio-en-la-violenta-pelea-de-demichelis-con-su-novia-y-ardio-todo-su-furioso-descargo\/"]}]},{"@type":"ImageObject","inLanguage":"es","@id":"https:\/\/cuartetoenlaweb.com.ar\/sitio\/evangelina-anderson-se-metio-en-la-violenta-pelea-de-demichelis-con-su-novia-y-ardio-todo-su-furioso-descargo\/#primaryimage","url":"https:\/\/cuartetoenlaweb.com.ar\/sitio\/wp-content\/uploads\/2026\/01\/Murio-la-companera-incondicional-de-Sandra-Mihanovich-y-la-artista-quedo-devastada-22No-paro-de-llorar22-359x226-1.jpg","contentUrl":"https:\/\/cuartetoenlaweb.com.ar\/sitio\/wp-content\/uploads\/2026\/01\/Murio-la-companera-incondicional-de-Sandra-Mihanovich-y-la-artista-quedo-devastada-22No-paro-de-llorar22-359x226-1.jpg","width":359,"height":226},{"@type":"BreadcrumbList","@id":"https:\/\/cuartetoenlaweb.com.ar\/sitio\/evangelina-anderson-se-metio-en-la-violenta-pelea-de-demichelis-con-su-novia-y-ardio-todo-su-furioso-descargo\/#breadcrumb","itemListElement":[{"@type":"ListItem","position":1,"name":"Portada","item":"http:\/\/cuartetoenlaweb.com.ar\/sitio\/"},{"@type":"ListItem","position":2,"name":"Evangelina Anderson se meti\u00f3 en la violenta pelea de Demichelis con su novia y ardi\u00f3 todo: su furioso descargo"}]},{"@type":"WebSite","@id":"http:\/\/cuartetoenlaweb.com.ar\/sitio\/#website","url":"http:\/\/cuartetoenlaweb.com.ar\/sitio\/","name":"Cuarteto en la Web","description":"","publisher":{"@id":"http:\/\/cuartetoenlaweb.com.ar\/sitio\/#organization"},"potentialAction":[{"@type":"SearchAction","target":{"@type":"EntryPoint","urlTemplate":"http:\/\/cuartetoenlaweb.com.ar\/sitio\/?s={search_term_string}"},"query-input":{"@type":"PropertyValueSpecification","valueRequired":true,"valueName":"search_term_string"}}],"inLanguage":"es"},{"@type":"Organization","@id":"http:\/\/cuartetoenlaweb.com.ar\/sitio\/#organization","name":"Cuarteto en la Web","url":"http:\/\/cuartetoenlaweb.com.ar\/sitio\/","logo":{"@type":"ImageObject","inLanguage":"es","@id":"http:\/\/cuartetoenlaweb.com.ar\/sitio\/#\/schema\/logo\/image\/","url":"https:\/\/cuartetoenlaweb.com.ar\/sitio\/wp-content\/uploads\/2025\/07\/cropped-cropped-logitoweb21.png","contentUrl":"https:\/\/cuartetoenlaweb.com.ar\/sitio\/wp-content\/uploads\/2025\/07\/cropped-cropped-logitoweb21.png","width":199,"height":199,"caption":"Cuarteto en la Web"},"image":{"@id":"http:\/\/cuartetoenlaweb.com.ar\/sitio\/#\/schema\/logo\/image\/"}}]}},"_links":{"self":[{"href":"https:\/\/cuartetoenlaweb.com.ar\/sitio\/wp-json\/wp\/v2\/posts\/10119","targetHints":{"allow":["GET"]}}],"collection":[{"href":"https:\/\/cuartetoenlaweb.com.ar\/sitio\/wp-json\/wp\/v2\/posts"}],"about":[{"href":"https:\/\/cuartetoenlaweb.com.ar\/sitio\/wp-json\/wp\/v2\/types\/post"}],"replies":[{"embeddable":true,"href":"https:\/\/cuartetoenlaweb.com.ar\/sitio\/wp-json\/wp\/v2\/comments?post=10119"}],"version-history":[{"count":0,"href":"https:\/\/cuartetoenlaweb.com.ar\/sitio\/wp-json\/wp\/v2\/posts\/10119\/revisions"}],"wp:featuredmedia":[{"embeddable":true,"href":"https:\/\/cuartetoenlaweb.com.ar\/sitio\/wp-json\/wp\/v2\/media\/10120"}],"wp:attachment":[{"href":"https:\/\/cuartetoenlaweb.com.ar\/sitio\/wp-json\/wp\/v2\/media?parent=10119"}],"wp:term":[{"taxonomy":"category","embeddable":true,"href":"https:\/\/cuartetoenlaweb.com.ar\/sitio\/wp-json\/wp\/v2\/categories?post=10119"},{"taxonomy":"post_tag","embeddable":true,"href":"https:\/\/cuartetoenlaweb.com.ar\/sitio\/wp-json\/wp\/v2\/tags?post=10119"}],"curies":[{"name":"wp","href":"https:\/\/api.w.org\/{rel}","templated":true}]}}