
{"id":10115,"date":"2026-01-07T19:59:47","date_gmt":"2026-01-07T22:59:47","guid":{"rendered":"http:\/\/cuartetoenlaweb.com.ar\/sitio\/rio-negro-polemico-proyecto-para-controlar-vacunacion-infantil\/"},"modified":"2026-01-07T19:59:47","modified_gmt":"2026-01-07T22:59:47","slug":"rio-negro-polemico-proyecto-para-controlar-vacunacion-infantil","status":"publish","type":"post","link":"https:\/\/cuartetoenlaweb.com.ar\/sitio\/rio-negro-polemico-proyecto-para-controlar-vacunacion-infantil\/","title":{"rendered":"R\u00edo Negro: Pol\u00e9mico proyecto para controlar vacunaci\u00f3n infantil"},"content":{"rendered":"<p>Viedma, 7 enero (NA) &#8212; Los ni\u00f1os rionegrinos que no hayan completado las vacunas inclu\u00eddas en el calendario ser\u00edan inoculados compulsivamente, y adem\u00e1s sus padres o tutores ser\u00edan multados, si se aprueba el proyecto presentado por un legislador provicial.<\/p>\n<p>En ese sentido, el legislador del Bloque Coalici\u00f3n C\u00edvica Ari-Cambiemos, Javier Acevedo, present\u00f3 la iniciativa que habilita la intervenci\u00f3n del gobierno provincial para reforzar los controles de vacunaci\u00f3n de los ni\u00f1os.<\/p>\n<p>Adem\u00e1s, si se comprueba que los menores no recibieron las dosis del calendario ser\u00edan vacunados obligatoriamente, mientras que sus padres o tutores deber\u00edan pagar una multa econ\u00f3mica, que no ser\u00eda inferior al 20 por ciento del Salario M\u00ednimo Vital y M\u00f3vil. En caso de insolvencia econ\u00f3mica, el involucrado deber\u00e1 realizar trabajos comunitarios en el \u00e1rea de Salud de la provincia.<\/p>\n<p>La fundamentaci\u00f3n del proyecto se apoya en las estad\u00edsticas brindadas por el Ministerio de Salud de la Naci\u00f3n, seg\u00fan las cuales en 2024 hubo una leve pero preocupante ca\u00edda en los niveles de vacunaci\u00f3n infantil en el pa\u00eds, seg\u00fan supo la agencia Noticias Argentinas, a trav\u00e9s del diario R\u00edo Negro.<\/p>\n<p>Por otra parte, y a mediados de diciembre \u00faltimo, el gobierno de Mendoza denunci\u00f3 a 15 padres porque sus hijos no ten\u00edan todas las dosis del calendario, y de esa manera se hab\u00eda convertido en la primera provincia en recurrir a la justicia para exigir el cumplimiento de la vacunaci\u00f3n.<\/p>\n<p>#AgenciaNA<\/p>\n","protected":false},"excerpt":{"rendered":"<p>Viedma, 7 enero (NA) &#8212; Los ni\u00f1os rionegrinos que no<\/p>\n","protected":false},"author":0,"featured_media":10116,"comment_status":"","ping_status":"","sticky":false,"template":"","format":"standard","meta":{"footnotes":""},"categories":[65],"tags":[],"class_list":["post-10115","post","type-post","status-publish","format-standard","has-post-thumbnail","hentry","category-pais"],"yoast_head":"<!-- This site is optimized with the Yoast SEO plugin v27.5 - https:\/\/yoast.com\/product\/yoast-seo-wordpress\/ -->\n<title>R\u00edo Negro: Pol\u00e9mico proyecto para controlar vacunaci\u00f3n infantil - Cuarteto en la Web<\/title>\n<meta name=\"robots\" content=\"index, follow, max-snippet:-1, max-image-preview:large, max-video-preview:-1\" \/>\n<link rel=\"canonical\" href=\"https:\/\/cuartetoenlaweb.com.ar\/sitio\/rio-negro-polemico-proyecto-para-controlar-vacunacion-infantil\/\" \/>\n<meta property=\"og:locale\" content=\"es_ES\" \/>\n<meta property=\"og:type\" content=\"article\" \/>\n<meta property=\"og:title\" content=\"R\u00edo Negro: Pol\u00e9mico proyecto para controlar vacunaci\u00f3n infantil - Cuarteto en la Web\" \/>\n<meta property=\"og:description\" content=\"Viedma, 7 enero (NA) &#8212; Los ni\u00f1os rionegrinos que no\" \/>\n<meta property=\"og:url\" content=\"https:\/\/cuartetoenlaweb.com.ar\/sitio\/rio-negro-polemico-proyecto-para-controlar-vacunacion-infantil\/\" \/>\n<meta property=\"og:site_name\" content=\"Cuarteto en la Web\" \/>\n<meta property=\"article:published_time\" content=\"2026-01-07T22:59:47+00:00\" \/>\n<meta property=\"og:image\" content=\"https:\/\/cuartetoenlaweb.com.ar\/sitio\/wp-content\/uploads\/2026\/01\/720-63.jpeg\" \/>\n\t<meta property=\"og:image:width\" content=\"1280\" \/>\n\t<meta property=\"og:image:height\" content=\"657\" \/>\n\t<meta property=\"og:image:type\" content=\"image\/jpeg\" \/>\n<meta name=\"twitter:card\" content=\"summary_large_image\" \/>\n<meta name=\"twitter:label1\" content=\"Tiempo de lectura\" \/>\n\t<meta name=\"twitter:data1\" content=\"1 minuto\" \/>\n<script type=\"application\/ld+json\" class=\"yoast-schema-graph\">{\"@context\":\"https:\\\/\\\/schema.org\",\"@graph\":[{\"@type\":\"Article\",\"@id\":\"https:\\\/\\\/cuartetoenlaweb.com.ar\\\/sitio\\\/rio-negro-polemico-proyecto-para-controlar-vacunacion-infantil\\\/#article\",\"isPartOf\":{\"@id\":\"https:\\\/\\\/cuartetoenlaweb.com.ar\\\/sitio\\\/rio-negro-polemico-proyecto-para-controlar-vacunacion-infantil\\\/\"},\"author\":{\"name\":\"\",\"@id\":\"\"},\"headline\":\"R\u00edo Negro: Pol\u00e9mico proyecto para controlar vacunaci\u00f3n infantil\",\"datePublished\":\"2026-01-07T22:59:47+00:00\",\"mainEntityOfPage\":{\"@id\":\"https:\\\/\\\/cuartetoenlaweb.com.ar\\\/sitio\\\/rio-negro-polemico-proyecto-para-controlar-vacunacion-infantil\\\/\"},\"wordCount\":269,\"publisher\":{\"@id\":\"http:\\\/\\\/cuartetoenlaweb.com.ar\\\/sitio\\\/#organization\"},\"image\":{\"@id\":\"https:\\\/\\\/cuartetoenlaweb.com.ar\\\/sitio\\\/rio-negro-polemico-proyecto-para-controlar-vacunacion-infantil\\\/#primaryimage\"},\"thumbnailUrl\":\"https:\\\/\\\/cuartetoenlaweb.com.ar\\\/sitio\\\/wp-content\\\/uploads\\\/2026\\\/01\\\/720-63.jpeg\",\"articleSection\":[\"PAIS\"],\"inLanguage\":\"es\"},{\"@type\":\"WebPage\",\"@id\":\"https:\\\/\\\/cuartetoenlaweb.com.ar\\\/sitio\\\/rio-negro-polemico-proyecto-para-controlar-vacunacion-infantil\\\/\",\"url\":\"https:\\\/\\\/cuartetoenlaweb.com.ar\\\/sitio\\\/rio-negro-polemico-proyecto-para-controlar-vacunacion-infantil\\\/\",\"name\":\"R\u00edo Negro: Pol\u00e9mico proyecto para controlar vacunaci\u00f3n infantil - Cuarteto en la Web\",\"isPartOf\":{\"@id\":\"http:\\\/\\\/cuartetoenlaweb.com.ar\\\/sitio\\\/#website\"},\"primaryImageOfPage\":{\"@id\":\"https:\\\/\\\/cuartetoenlaweb.com.ar\\\/sitio\\\/rio-negro-polemico-proyecto-para-controlar-vacunacion-infantil\\\/#primaryimage\"},\"image\":{\"@id\":\"https:\\\/\\\/cuartetoenlaweb.com.ar\\\/sitio\\\/rio-negro-polemico-proyecto-para-controlar-vacunacion-infantil\\\/#primaryimage\"},\"thumbnailUrl\":\"https:\\\/\\\/cuartetoenlaweb.com.ar\\\/sitio\\\/wp-content\\\/uploads\\\/2026\\\/01\\\/720-63.jpeg\",\"datePublished\":\"2026-01-07T22:59:47+00:00\",\"breadcrumb\":{\"@id\":\"https:\\\/\\\/cuartetoenlaweb.com.ar\\\/sitio\\\/rio-negro-polemico-proyecto-para-controlar-vacunacion-infantil\\\/#breadcrumb\"},\"inLanguage\":\"es\",\"potentialAction\":[{\"@type\":\"ReadAction\",\"target\":[\"https:\\\/\\\/cuartetoenlaweb.com.ar\\\/sitio\\\/rio-negro-polemico-proyecto-para-controlar-vacunacion-infantil\\\/\"]}]},{\"@type\":\"ImageObject\",\"inLanguage\":\"es\",\"@id\":\"https:\\\/\\\/cuartetoenlaweb.com.ar\\\/sitio\\\/rio-negro-polemico-proyecto-para-controlar-vacunacion-infantil\\\/#primaryimage\",\"url\":\"https:\\\/\\\/cuartetoenlaweb.com.ar\\\/sitio\\\/wp-content\\\/uploads\\\/2026\\\/01\\\/720-63.jpeg\",\"contentUrl\":\"https:\\\/\\\/cuartetoenlaweb.com.ar\\\/sitio\\\/wp-content\\\/uploads\\\/2026\\\/01\\\/720-63.jpeg\",\"width\":1280,\"height\":657},{\"@type\":\"BreadcrumbList\",\"@id\":\"https:\\\/\\\/cuartetoenlaweb.com.ar\\\/sitio\\\/rio-negro-polemico-proyecto-para-controlar-vacunacion-infantil\\\/#breadcrumb\",\"itemListElement\":[{\"@type\":\"ListItem\",\"position\":1,\"name\":\"Portada\",\"item\":\"http:\\\/\\\/cuartetoenlaweb.com.ar\\\/sitio\\\/\"},{\"@type\":\"ListItem\",\"position\":2,\"name\":\"R\u00edo Negro: Pol\u00e9mico proyecto para controlar vacunaci\u00f3n infantil\"}]},{\"@type\":\"WebSite\",\"@id\":\"http:\\\/\\\/cuartetoenlaweb.com.ar\\\/sitio\\\/#website\",\"url\":\"http:\\\/\\\/cuartetoenlaweb.com.ar\\\/sitio\\\/\",\"name\":\"Cuarteto en la Web\",\"description\":\"\",\"publisher\":{\"@id\":\"http:\\\/\\\/cuartetoenlaweb.com.ar\\\/sitio\\\/#organization\"},\"potentialAction\":[{\"@type\":\"SearchAction\",\"target\":{\"@type\":\"EntryPoint\",\"urlTemplate\":\"http:\\\/\\\/cuartetoenlaweb.com.ar\\\/sitio\\\/?s={search_term_string}\"},\"query-input\":{\"@type\":\"PropertyValueSpecification\",\"valueRequired\":true,\"valueName\":\"search_term_string\"}}],\"inLanguage\":\"es\"},{\"@type\":\"Organization\",\"@id\":\"http:\\\/\\\/cuartetoenlaweb.com.ar\\\/sitio\\\/#organization\",\"name\":\"Cuarteto en la Web\",\"url\":\"http:\\\/\\\/cuartetoenlaweb.com.ar\\\/sitio\\\/\",\"logo\":{\"@type\":\"ImageObject\",\"inLanguage\":\"es\",\"@id\":\"http:\\\/\\\/cuartetoenlaweb.com.ar\\\/sitio\\\/#\\\/schema\\\/logo\\\/image\\\/\",\"url\":\"https:\\\/\\\/cuartetoenlaweb.com.ar\\\/sitio\\\/wp-content\\\/uploads\\\/2025\\\/07\\\/cropped-cropped-logitoweb21.png\",\"contentUrl\":\"https:\\\/\\\/cuartetoenlaweb.com.ar\\\/sitio\\\/wp-content\\\/uploads\\\/2025\\\/07\\\/cropped-cropped-logitoweb21.png\",\"width\":199,\"height\":199,\"caption\":\"Cuarteto en la Web\"},\"image\":{\"@id\":\"http:\\\/\\\/cuartetoenlaweb.com.ar\\\/sitio\\\/#\\\/schema\\\/logo\\\/image\\\/\"}}]}<\/script>\n<!-- \/ Yoast SEO plugin. -->","yoast_head_json":{"title":"R\u00edo Negro: Pol\u00e9mico proyecto para controlar vacunaci\u00f3n infantil - Cuarteto en la Web","robots":{"index":"index","follow":"follow","max-snippet":"max-snippet:-1","max-image-preview":"max-image-preview:large","max-video-preview":"max-video-preview:-1"},"canonical":"https:\/\/cuartetoenlaweb.com.ar\/sitio\/rio-negro-polemico-proyecto-para-controlar-vacunacion-infantil\/","og_locale":"es_ES","og_type":"article","og_title":"R\u00edo Negro: Pol\u00e9mico proyecto para controlar vacunaci\u00f3n infantil - Cuarteto en la Web","og_description":"Viedma, 7 enero (NA) &#8212; Los ni\u00f1os rionegrinos que no","og_url":"https:\/\/cuartetoenlaweb.com.ar\/sitio\/rio-negro-polemico-proyecto-para-controlar-vacunacion-infantil\/","og_site_name":"Cuarteto en la Web","article_published_time":"2026-01-07T22:59:47+00:00","og_image":[{"width":1280,"height":657,"url":"https:\/\/cuartetoenlaweb.com.ar\/sitio\/wp-content\/uploads\/2026\/01\/720-63.jpeg","type":"image\/jpeg"}],"twitter_card":"summary_large_image","twitter_misc":{"Tiempo de lectura":"1 minuto"},"schema":{"@context":"https:\/\/schema.org","@graph":[{"@type":"Article","@id":"https:\/\/cuartetoenlaweb.com.ar\/sitio\/rio-negro-polemico-proyecto-para-controlar-vacunacion-infantil\/#article","isPartOf":{"@id":"https:\/\/cuartetoenlaweb.com.ar\/sitio\/rio-negro-polemico-proyecto-para-controlar-vacunacion-infantil\/"},"author":{"name":"","@id":""},"headline":"R\u00edo Negro: Pol\u00e9mico proyecto para controlar vacunaci\u00f3n infantil","datePublished":"2026-01-07T22:59:47+00:00","mainEntityOfPage":{"@id":"https:\/\/cuartetoenlaweb.com.ar\/sitio\/rio-negro-polemico-proyecto-para-controlar-vacunacion-infantil\/"},"wordCount":269,"publisher":{"@id":"http:\/\/cuartetoenlaweb.com.ar\/sitio\/#organization"},"image":{"@id":"https:\/\/cuartetoenlaweb.com.ar\/sitio\/rio-negro-polemico-proyecto-para-controlar-vacunacion-infantil\/#primaryimage"},"thumbnailUrl":"https:\/\/cuartetoenlaweb.com.ar\/sitio\/wp-content\/uploads\/2026\/01\/720-63.jpeg","articleSection":["PAIS"],"inLanguage":"es"},{"@type":"WebPage","@id":"https:\/\/cuartetoenlaweb.com.ar\/sitio\/rio-negro-polemico-proyecto-para-controlar-vacunacion-infantil\/","url":"https:\/\/cuartetoenlaweb.com.ar\/sitio\/rio-negro-polemico-proyecto-para-controlar-vacunacion-infantil\/","name":"R\u00edo Negro: Pol\u00e9mico proyecto para controlar vacunaci\u00f3n infantil - Cuarteto en la Web","isPartOf":{"@id":"http:\/\/cuartetoenlaweb.com.ar\/sitio\/#website"},"primaryImageOfPage":{"@id":"https:\/\/cuartetoenlaweb.com.ar\/sitio\/rio-negro-polemico-proyecto-para-controlar-vacunacion-infantil\/#primaryimage"},"image":{"@id":"https:\/\/cuartetoenlaweb.com.ar\/sitio\/rio-negro-polemico-proyecto-para-controlar-vacunacion-infantil\/#primaryimage"},"thumbnailUrl":"https:\/\/cuartetoenlaweb.com.ar\/sitio\/wp-content\/uploads\/2026\/01\/720-63.jpeg","datePublished":"2026-01-07T22:59:47+00:00","breadcrumb":{"@id":"https:\/\/cuartetoenlaweb.com.ar\/sitio\/rio-negro-polemico-proyecto-para-controlar-vacunacion-infantil\/#breadcrumb"},"inLanguage":"es","potentialAction":[{"@type":"ReadAction","target":["https:\/\/cuartetoenlaweb.com.ar\/sitio\/rio-negro-polemico-proyecto-para-controlar-vacunacion-infantil\/"]}]},{"@type":"ImageObject","inLanguage":"es","@id":"https:\/\/cuartetoenlaweb.com.ar\/sitio\/rio-negro-polemico-proyecto-para-controlar-vacunacion-infantil\/#primaryimage","url":"https:\/\/cuartetoenlaweb.com.ar\/sitio\/wp-content\/uploads\/2026\/01\/720-63.jpeg","contentUrl":"https:\/\/cuartetoenlaweb.com.ar\/sitio\/wp-content\/uploads\/2026\/01\/720-63.jpeg","width":1280,"height":657},{"@type":"BreadcrumbList","@id":"https:\/\/cuartetoenlaweb.com.ar\/sitio\/rio-negro-polemico-proyecto-para-controlar-vacunacion-infantil\/#breadcrumb","itemListElement":[{"@type":"ListItem","position":1,"name":"Portada","item":"http:\/\/cuartetoenlaweb.com.ar\/sitio\/"},{"@type":"ListItem","position":2,"name":"R\u00edo Negro: Pol\u00e9mico proyecto para controlar vacunaci\u00f3n infantil"}]},{"@type":"WebSite","@id":"http:\/\/cuartetoenlaweb.com.ar\/sitio\/#website","url":"http:\/\/cuartetoenlaweb.com.ar\/sitio\/","name":"Cuarteto en la Web","description":"","publisher":{"@id":"http:\/\/cuartetoenlaweb.com.ar\/sitio\/#organization"},"potentialAction":[{"@type":"SearchAction","target":{"@type":"EntryPoint","urlTemplate":"http:\/\/cuartetoenlaweb.com.ar\/sitio\/?s={search_term_string}"},"query-input":{"@type":"PropertyValueSpecification","valueRequired":true,"valueName":"search_term_string"}}],"inLanguage":"es"},{"@type":"Organization","@id":"http:\/\/cuartetoenlaweb.com.ar\/sitio\/#organization","name":"Cuarteto en la Web","url":"http:\/\/cuartetoenlaweb.com.ar\/sitio\/","logo":{"@type":"ImageObject","inLanguage":"es","@id":"http:\/\/cuartetoenlaweb.com.ar\/sitio\/#\/schema\/logo\/image\/","url":"https:\/\/cuartetoenlaweb.com.ar\/sitio\/wp-content\/uploads\/2025\/07\/cropped-cropped-logitoweb21.png","contentUrl":"https:\/\/cuartetoenlaweb.com.ar\/sitio\/wp-content\/uploads\/2025\/07\/cropped-cropped-logitoweb21.png","width":199,"height":199,"caption":"Cuarteto en la Web"},"image":{"@id":"http:\/\/cuartetoenlaweb.com.ar\/sitio\/#\/schema\/logo\/image\/"}}]}},"_links":{"self":[{"href":"https:\/\/cuartetoenlaweb.com.ar\/sitio\/wp-json\/wp\/v2\/posts\/10115","targetHints":{"allow":["GET"]}}],"collection":[{"href":"https:\/\/cuartetoenlaweb.com.ar\/sitio\/wp-json\/wp\/v2\/posts"}],"about":[{"href":"https:\/\/cuartetoenlaweb.com.ar\/sitio\/wp-json\/wp\/v2\/types\/post"}],"replies":[{"embeddable":true,"href":"https:\/\/cuartetoenlaweb.com.ar\/sitio\/wp-json\/wp\/v2\/comments?post=10115"}],"version-history":[{"count":0,"href":"https:\/\/cuartetoenlaweb.com.ar\/sitio\/wp-json\/wp\/v2\/posts\/10115\/revisions"}],"wp:featuredmedia":[{"embeddable":true,"href":"https:\/\/cuartetoenlaweb.com.ar\/sitio\/wp-json\/wp\/v2\/media\/10116"}],"wp:attachment":[{"href":"https:\/\/cuartetoenlaweb.com.ar\/sitio\/wp-json\/wp\/v2\/media?parent=10115"}],"wp:term":[{"taxonomy":"category","embeddable":true,"href":"https:\/\/cuartetoenlaweb.com.ar\/sitio\/wp-json\/wp\/v2\/categories?post=10115"},{"taxonomy":"post_tag","embeddable":true,"href":"https:\/\/cuartetoenlaweb.com.ar\/sitio\/wp-json\/wp\/v2\/tags?post=10115"}],"curies":[{"name":"wp","href":"https:\/\/api.w.org\/{rel}","templated":true}]}}