
{"id":10111,"date":"2026-01-07T19:59:43","date_gmt":"2026-01-07T22:59:43","guid":{"rendered":"http:\/\/cuartetoenlaweb.com.ar\/sitio\/palo-alto-el-sabor-del-mediterraneo-en-el-corazon-de-villa-gesell\/"},"modified":"2026-01-07T19:59:43","modified_gmt":"2026-01-07T22:59:43","slug":"palo-alto-el-sabor-del-mediterraneo-en-el-corazon-de-villa-gesell","status":"publish","type":"post","link":"https:\/\/cuartetoenlaweb.com.ar\/sitio\/palo-alto-el-sabor-del-mediterraneo-en-el-corazon-de-villa-gesell\/","title":{"rendered":"Palo Alto: el sabor del Mediterr\u00e1neo en el coraz\u00f3n de Villa Gesell"},"content":{"rendered":"<p>Buenos Aires, 7 enero (NA) &#8211; Si busc\u00e1s un lugar donde la variedad se encuentre con la excelencia culinaria, Palo Alto es una parada obligatoria en tu pr\u00f3xima visita a la ciudad. Con una propuesta que equilibra la frescura del mar y la calidez de las pastas artesanales, este restaurante se ha consolidado como un referente para los paladares exigentes.<\/p>\n<p>EL CORAZ\u00d3N DE SU COCINA: PESCADOS, MARISCOS Y PASTAS<\/p>\n<p>Aunque su carta es amplia, el principal impulso de Palo Alto reside en su cocina mediterr\u00e1nea. La frescura de sus pescados y mariscos es el sello distintivo de la casa, complementada a la perfecci\u00f3n con pastas caseras artesanales que remiten a lo mejor de la tradici\u00f3n italiana.<\/p>\n<p>Pero la oferta no termina ah\u00ed; el restaurante es un verdadero multiespacio gastron\u00f3mico que incluye:<\/p>\n<p> * Sushi Bar: Piezas frescas y elaboradas para los amantes de la cocina oriental.<br \/>\n * Parrilla y Tradici\u00f3n: Carnes rojas y blancas en su punto justo.<br \/>\n * Pizzas: Variedades cl\u00e1sicas para compartir en familia.<\/p>\n<p>CALIDAD A PRECIOS COMPETITIVOS<\/p>\n<p>Un punto a destacar de Palo Alto es su excelente relaci\u00f3n precio-calidad, permitiendo disfrutar de platos abundantes sin descuidar el bolsillo. Por ejemplo:<\/p>\n<p> * Provoleta especial (con champi\u00f1\u00f3n, jam\u00f3n, verdeo y morr\u00f3n): $17.500<br \/>\n * Porci\u00f3n de Rabas: $18.000<\/p>\n<p>Estos valores resaltan frente a la calidad de la materia prima y el servicio que ofrecen, posicion\u00e1ndolos como una opci\u00f3n muy competitiva en la zona de la Alameda.<\/p>\n<p>BAR Y CAFETER\u00cdA: MUCHO M\u00c1S QUE UNA CENA<\/p>\n<p>Palo Alto no solo brilla en el horario de comida. Cuenta con una nutrida carta de cafeter\u00eda ideal para las tardes geselinas y un bar de categor\u00eda. Los amantes de la cocteler\u00eda encontrar\u00e1n tragos cl\u00e1sicos y de autor, adem\u00e1s de una importante variedad de etiquetas de Whisky, ideal para cerrar la noche frente al mar.<\/p>\n<p>DATOS \u00daTILES Y RESERVAS<\/p>\n<p>Ya sea que prefieras disfrutar de su acogedor sal\u00f3n, retirar tu pedido o recibirlo en casa, Palo Alto te ofrece todas las opciones:<\/p>\n<p> * Direcci\u00f3n: Calle 304 y Alameda 205, Villa Gesell.<br \/>\n * Servicios: Sal\u00f3n, Take Away y Delivery.<br \/>\n * Pedidos y Reservas: \ud83d\udcde 2255-454428<br \/>\n * WhatsApp: \ud83d\udcf1 2255-5059000 #AgenciaNA<\/p>\n","protected":false},"excerpt":{"rendered":"<p>Buenos Aires, 7 enero (NA) &#8211; Si busc\u00e1s un lugar<\/p>\n","protected":false},"author":0,"featured_media":10112,"comment_status":"","ping_status":"","sticky":false,"template":"","format":"standard","meta":{"footnotes":""},"categories":[65],"tags":[],"class_list":["post-10111","post","type-post","status-publish","format-standard","has-post-thumbnail","hentry","category-pais"],"yoast_head":"<!-- This site is optimized with the Yoast SEO plugin v27.5 - https:\/\/yoast.com\/product\/yoast-seo-wordpress\/ -->\n<title>Palo Alto: el sabor del Mediterr\u00e1neo en el coraz\u00f3n de Villa Gesell - Cuarteto en la Web<\/title>\n<meta name=\"robots\" content=\"index, follow, max-snippet:-1, max-image-preview:large, max-video-preview:-1\" \/>\n<link rel=\"canonical\" href=\"https:\/\/cuartetoenlaweb.com.ar\/sitio\/palo-alto-el-sabor-del-mediterraneo-en-el-corazon-de-villa-gesell\/\" \/>\n<meta property=\"og:locale\" content=\"es_ES\" \/>\n<meta property=\"og:type\" content=\"article\" \/>\n<meta property=\"og:title\" content=\"Palo Alto: el sabor del Mediterr\u00e1neo en el coraz\u00f3n de Villa Gesell - Cuarteto en la Web\" \/>\n<meta property=\"og:description\" content=\"Buenos Aires, 7 enero (NA) &#8211; Si busc\u00e1s un lugar\" \/>\n<meta property=\"og:url\" content=\"https:\/\/cuartetoenlaweb.com.ar\/sitio\/palo-alto-el-sabor-del-mediterraneo-en-el-corazon-de-villa-gesell\/\" \/>\n<meta property=\"og:site_name\" content=\"Cuarteto en la Web\" \/>\n<meta property=\"article:published_time\" content=\"2026-01-07T22:59:43+00:00\" \/>\n<meta property=\"og:image\" content=\"https:\/\/cuartetoenlaweb.com.ar\/sitio\/wp-content\/uploads\/2026\/01\/720-61.jpeg\" \/>\n\t<meta property=\"og:image:width\" content=\"720\" \/>\n\t<meta property=\"og:image:height\" content=\"720\" \/>\n\t<meta property=\"og:image:type\" content=\"image\/jpeg\" \/>\n<meta name=\"twitter:card\" content=\"summary_large_image\" \/>\n<meta name=\"twitter:label1\" content=\"Tiempo de lectura\" \/>\n\t<meta name=\"twitter:data1\" content=\"2 minutos\" \/>\n<script type=\"application\/ld+json\" class=\"yoast-schema-graph\">{\"@context\":\"https:\\\/\\\/schema.org\",\"@graph\":[{\"@type\":\"Article\",\"@id\":\"https:\\\/\\\/cuartetoenlaweb.com.ar\\\/sitio\\\/palo-alto-el-sabor-del-mediterraneo-en-el-corazon-de-villa-gesell\\\/#article\",\"isPartOf\":{\"@id\":\"https:\\\/\\\/cuartetoenlaweb.com.ar\\\/sitio\\\/palo-alto-el-sabor-del-mediterraneo-en-el-corazon-de-villa-gesell\\\/\"},\"author\":{\"name\":\"\",\"@id\":\"\"},\"headline\":\"Palo Alto: el sabor del Mediterr\u00e1neo en el coraz\u00f3n de Villa Gesell\",\"datePublished\":\"2026-01-07T22:59:43+00:00\",\"mainEntityOfPage\":{\"@id\":\"https:\\\/\\\/cuartetoenlaweb.com.ar\\\/sitio\\\/palo-alto-el-sabor-del-mediterraneo-en-el-corazon-de-villa-gesell\\\/\"},\"wordCount\":377,\"publisher\":{\"@id\":\"http:\\\/\\\/cuartetoenlaweb.com.ar\\\/sitio\\\/#organization\"},\"image\":{\"@id\":\"https:\\\/\\\/cuartetoenlaweb.com.ar\\\/sitio\\\/palo-alto-el-sabor-del-mediterraneo-en-el-corazon-de-villa-gesell\\\/#primaryimage\"},\"thumbnailUrl\":\"https:\\\/\\\/cuartetoenlaweb.com.ar\\\/sitio\\\/wp-content\\\/uploads\\\/2026\\\/01\\\/720-61.jpeg\",\"articleSection\":[\"PAIS\"],\"inLanguage\":\"es\"},{\"@type\":\"WebPage\",\"@id\":\"https:\\\/\\\/cuartetoenlaweb.com.ar\\\/sitio\\\/palo-alto-el-sabor-del-mediterraneo-en-el-corazon-de-villa-gesell\\\/\",\"url\":\"https:\\\/\\\/cuartetoenlaweb.com.ar\\\/sitio\\\/palo-alto-el-sabor-del-mediterraneo-en-el-corazon-de-villa-gesell\\\/\",\"name\":\"Palo Alto: el sabor del Mediterr\u00e1neo en el coraz\u00f3n de Villa Gesell - Cuarteto en la Web\",\"isPartOf\":{\"@id\":\"http:\\\/\\\/cuartetoenlaweb.com.ar\\\/sitio\\\/#website\"},\"primaryImageOfPage\":{\"@id\":\"https:\\\/\\\/cuartetoenlaweb.com.ar\\\/sitio\\\/palo-alto-el-sabor-del-mediterraneo-en-el-corazon-de-villa-gesell\\\/#primaryimage\"},\"image\":{\"@id\":\"https:\\\/\\\/cuartetoenlaweb.com.ar\\\/sitio\\\/palo-alto-el-sabor-del-mediterraneo-en-el-corazon-de-villa-gesell\\\/#primaryimage\"},\"thumbnailUrl\":\"https:\\\/\\\/cuartetoenlaweb.com.ar\\\/sitio\\\/wp-content\\\/uploads\\\/2026\\\/01\\\/720-61.jpeg\",\"datePublished\":\"2026-01-07T22:59:43+00:00\",\"breadcrumb\":{\"@id\":\"https:\\\/\\\/cuartetoenlaweb.com.ar\\\/sitio\\\/palo-alto-el-sabor-del-mediterraneo-en-el-corazon-de-villa-gesell\\\/#breadcrumb\"},\"inLanguage\":\"es\",\"potentialAction\":[{\"@type\":\"ReadAction\",\"target\":[\"https:\\\/\\\/cuartetoenlaweb.com.ar\\\/sitio\\\/palo-alto-el-sabor-del-mediterraneo-en-el-corazon-de-villa-gesell\\\/\"]}]},{\"@type\":\"ImageObject\",\"inLanguage\":\"es\",\"@id\":\"https:\\\/\\\/cuartetoenlaweb.com.ar\\\/sitio\\\/palo-alto-el-sabor-del-mediterraneo-en-el-corazon-de-villa-gesell\\\/#primaryimage\",\"url\":\"https:\\\/\\\/cuartetoenlaweb.com.ar\\\/sitio\\\/wp-content\\\/uploads\\\/2026\\\/01\\\/720-61.jpeg\",\"contentUrl\":\"https:\\\/\\\/cuartetoenlaweb.com.ar\\\/sitio\\\/wp-content\\\/uploads\\\/2026\\\/01\\\/720-61.jpeg\",\"width\":720,\"height\":720},{\"@type\":\"BreadcrumbList\",\"@id\":\"https:\\\/\\\/cuartetoenlaweb.com.ar\\\/sitio\\\/palo-alto-el-sabor-del-mediterraneo-en-el-corazon-de-villa-gesell\\\/#breadcrumb\",\"itemListElement\":[{\"@type\":\"ListItem\",\"position\":1,\"name\":\"Portada\",\"item\":\"http:\\\/\\\/cuartetoenlaweb.com.ar\\\/sitio\\\/\"},{\"@type\":\"ListItem\",\"position\":2,\"name\":\"Palo Alto: el sabor del Mediterr\u00e1neo en el coraz\u00f3n de Villa Gesell\"}]},{\"@type\":\"WebSite\",\"@id\":\"http:\\\/\\\/cuartetoenlaweb.com.ar\\\/sitio\\\/#website\",\"url\":\"http:\\\/\\\/cuartetoenlaweb.com.ar\\\/sitio\\\/\",\"name\":\"Cuarteto en la Web\",\"description\":\"\",\"publisher\":{\"@id\":\"http:\\\/\\\/cuartetoenlaweb.com.ar\\\/sitio\\\/#organization\"},\"potentialAction\":[{\"@type\":\"SearchAction\",\"target\":{\"@type\":\"EntryPoint\",\"urlTemplate\":\"http:\\\/\\\/cuartetoenlaweb.com.ar\\\/sitio\\\/?s={search_term_string}\"},\"query-input\":{\"@type\":\"PropertyValueSpecification\",\"valueRequired\":true,\"valueName\":\"search_term_string\"}}],\"inLanguage\":\"es\"},{\"@type\":\"Organization\",\"@id\":\"http:\\\/\\\/cuartetoenlaweb.com.ar\\\/sitio\\\/#organization\",\"name\":\"Cuarteto en la Web\",\"url\":\"http:\\\/\\\/cuartetoenlaweb.com.ar\\\/sitio\\\/\",\"logo\":{\"@type\":\"ImageObject\",\"inLanguage\":\"es\",\"@id\":\"http:\\\/\\\/cuartetoenlaweb.com.ar\\\/sitio\\\/#\\\/schema\\\/logo\\\/image\\\/\",\"url\":\"https:\\\/\\\/cuartetoenlaweb.com.ar\\\/sitio\\\/wp-content\\\/uploads\\\/2025\\\/07\\\/cropped-cropped-logitoweb21.png\",\"contentUrl\":\"https:\\\/\\\/cuartetoenlaweb.com.ar\\\/sitio\\\/wp-content\\\/uploads\\\/2025\\\/07\\\/cropped-cropped-logitoweb21.png\",\"width\":199,\"height\":199,\"caption\":\"Cuarteto en la Web\"},\"image\":{\"@id\":\"http:\\\/\\\/cuartetoenlaweb.com.ar\\\/sitio\\\/#\\\/schema\\\/logo\\\/image\\\/\"}}]}<\/script>\n<!-- \/ Yoast SEO plugin. -->","yoast_head_json":{"title":"Palo Alto: el sabor del Mediterr\u00e1neo en el coraz\u00f3n de Villa Gesell - Cuarteto en la Web","robots":{"index":"index","follow":"follow","max-snippet":"max-snippet:-1","max-image-preview":"max-image-preview:large","max-video-preview":"max-video-preview:-1"},"canonical":"https:\/\/cuartetoenlaweb.com.ar\/sitio\/palo-alto-el-sabor-del-mediterraneo-en-el-corazon-de-villa-gesell\/","og_locale":"es_ES","og_type":"article","og_title":"Palo Alto: el sabor del Mediterr\u00e1neo en el coraz\u00f3n de Villa Gesell - Cuarteto en la Web","og_description":"Buenos Aires, 7 enero (NA) &#8211; Si busc\u00e1s un lugar","og_url":"https:\/\/cuartetoenlaweb.com.ar\/sitio\/palo-alto-el-sabor-del-mediterraneo-en-el-corazon-de-villa-gesell\/","og_site_name":"Cuarteto en la Web","article_published_time":"2026-01-07T22:59:43+00:00","og_image":[{"width":720,"height":720,"url":"https:\/\/cuartetoenlaweb.com.ar\/sitio\/wp-content\/uploads\/2026\/01\/720-61.jpeg","type":"image\/jpeg"}],"twitter_card":"summary_large_image","twitter_misc":{"Tiempo de lectura":"2 minutos"},"schema":{"@context":"https:\/\/schema.org","@graph":[{"@type":"Article","@id":"https:\/\/cuartetoenlaweb.com.ar\/sitio\/palo-alto-el-sabor-del-mediterraneo-en-el-corazon-de-villa-gesell\/#article","isPartOf":{"@id":"https:\/\/cuartetoenlaweb.com.ar\/sitio\/palo-alto-el-sabor-del-mediterraneo-en-el-corazon-de-villa-gesell\/"},"author":{"name":"","@id":""},"headline":"Palo Alto: el sabor del Mediterr\u00e1neo en el coraz\u00f3n de Villa Gesell","datePublished":"2026-01-07T22:59:43+00:00","mainEntityOfPage":{"@id":"https:\/\/cuartetoenlaweb.com.ar\/sitio\/palo-alto-el-sabor-del-mediterraneo-en-el-corazon-de-villa-gesell\/"},"wordCount":377,"publisher":{"@id":"http:\/\/cuartetoenlaweb.com.ar\/sitio\/#organization"},"image":{"@id":"https:\/\/cuartetoenlaweb.com.ar\/sitio\/palo-alto-el-sabor-del-mediterraneo-en-el-corazon-de-villa-gesell\/#primaryimage"},"thumbnailUrl":"https:\/\/cuartetoenlaweb.com.ar\/sitio\/wp-content\/uploads\/2026\/01\/720-61.jpeg","articleSection":["PAIS"],"inLanguage":"es"},{"@type":"WebPage","@id":"https:\/\/cuartetoenlaweb.com.ar\/sitio\/palo-alto-el-sabor-del-mediterraneo-en-el-corazon-de-villa-gesell\/","url":"https:\/\/cuartetoenlaweb.com.ar\/sitio\/palo-alto-el-sabor-del-mediterraneo-en-el-corazon-de-villa-gesell\/","name":"Palo Alto: el sabor del Mediterr\u00e1neo en el coraz\u00f3n de Villa Gesell - Cuarteto en la Web","isPartOf":{"@id":"http:\/\/cuartetoenlaweb.com.ar\/sitio\/#website"},"primaryImageOfPage":{"@id":"https:\/\/cuartetoenlaweb.com.ar\/sitio\/palo-alto-el-sabor-del-mediterraneo-en-el-corazon-de-villa-gesell\/#primaryimage"},"image":{"@id":"https:\/\/cuartetoenlaweb.com.ar\/sitio\/palo-alto-el-sabor-del-mediterraneo-en-el-corazon-de-villa-gesell\/#primaryimage"},"thumbnailUrl":"https:\/\/cuartetoenlaweb.com.ar\/sitio\/wp-content\/uploads\/2026\/01\/720-61.jpeg","datePublished":"2026-01-07T22:59:43+00:00","breadcrumb":{"@id":"https:\/\/cuartetoenlaweb.com.ar\/sitio\/palo-alto-el-sabor-del-mediterraneo-en-el-corazon-de-villa-gesell\/#breadcrumb"},"inLanguage":"es","potentialAction":[{"@type":"ReadAction","target":["https:\/\/cuartetoenlaweb.com.ar\/sitio\/palo-alto-el-sabor-del-mediterraneo-en-el-corazon-de-villa-gesell\/"]}]},{"@type":"ImageObject","inLanguage":"es","@id":"https:\/\/cuartetoenlaweb.com.ar\/sitio\/palo-alto-el-sabor-del-mediterraneo-en-el-corazon-de-villa-gesell\/#primaryimage","url":"https:\/\/cuartetoenlaweb.com.ar\/sitio\/wp-content\/uploads\/2026\/01\/720-61.jpeg","contentUrl":"https:\/\/cuartetoenlaweb.com.ar\/sitio\/wp-content\/uploads\/2026\/01\/720-61.jpeg","width":720,"height":720},{"@type":"BreadcrumbList","@id":"https:\/\/cuartetoenlaweb.com.ar\/sitio\/palo-alto-el-sabor-del-mediterraneo-en-el-corazon-de-villa-gesell\/#breadcrumb","itemListElement":[{"@type":"ListItem","position":1,"name":"Portada","item":"http:\/\/cuartetoenlaweb.com.ar\/sitio\/"},{"@type":"ListItem","position":2,"name":"Palo Alto: el sabor del Mediterr\u00e1neo en el coraz\u00f3n de Villa Gesell"}]},{"@type":"WebSite","@id":"http:\/\/cuartetoenlaweb.com.ar\/sitio\/#website","url":"http:\/\/cuartetoenlaweb.com.ar\/sitio\/","name":"Cuarteto en la Web","description":"","publisher":{"@id":"http:\/\/cuartetoenlaweb.com.ar\/sitio\/#organization"},"potentialAction":[{"@type":"SearchAction","target":{"@type":"EntryPoint","urlTemplate":"http:\/\/cuartetoenlaweb.com.ar\/sitio\/?s={search_term_string}"},"query-input":{"@type":"PropertyValueSpecification","valueRequired":true,"valueName":"search_term_string"}}],"inLanguage":"es"},{"@type":"Organization","@id":"http:\/\/cuartetoenlaweb.com.ar\/sitio\/#organization","name":"Cuarteto en la Web","url":"http:\/\/cuartetoenlaweb.com.ar\/sitio\/","logo":{"@type":"ImageObject","inLanguage":"es","@id":"http:\/\/cuartetoenlaweb.com.ar\/sitio\/#\/schema\/logo\/image\/","url":"https:\/\/cuartetoenlaweb.com.ar\/sitio\/wp-content\/uploads\/2025\/07\/cropped-cropped-logitoweb21.png","contentUrl":"https:\/\/cuartetoenlaweb.com.ar\/sitio\/wp-content\/uploads\/2025\/07\/cropped-cropped-logitoweb21.png","width":199,"height":199,"caption":"Cuarteto en la Web"},"image":{"@id":"http:\/\/cuartetoenlaweb.com.ar\/sitio\/#\/schema\/logo\/image\/"}}]}},"_links":{"self":[{"href":"https:\/\/cuartetoenlaweb.com.ar\/sitio\/wp-json\/wp\/v2\/posts\/10111","targetHints":{"allow":["GET"]}}],"collection":[{"href":"https:\/\/cuartetoenlaweb.com.ar\/sitio\/wp-json\/wp\/v2\/posts"}],"about":[{"href":"https:\/\/cuartetoenlaweb.com.ar\/sitio\/wp-json\/wp\/v2\/types\/post"}],"replies":[{"embeddable":true,"href":"https:\/\/cuartetoenlaweb.com.ar\/sitio\/wp-json\/wp\/v2\/comments?post=10111"}],"version-history":[{"count":0,"href":"https:\/\/cuartetoenlaweb.com.ar\/sitio\/wp-json\/wp\/v2\/posts\/10111\/revisions"}],"wp:featuredmedia":[{"embeddable":true,"href":"https:\/\/cuartetoenlaweb.com.ar\/sitio\/wp-json\/wp\/v2\/media\/10112"}],"wp:attachment":[{"href":"https:\/\/cuartetoenlaweb.com.ar\/sitio\/wp-json\/wp\/v2\/media?parent=10111"}],"wp:term":[{"taxonomy":"category","embeddable":true,"href":"https:\/\/cuartetoenlaweb.com.ar\/sitio\/wp-json\/wp\/v2\/categories?post=10111"},{"taxonomy":"post_tag","embeddable":true,"href":"https:\/\/cuartetoenlaweb.com.ar\/sitio\/wp-json\/wp\/v2\/tags?post=10111"}],"curies":[{"name":"wp","href":"https:\/\/api.w.org\/{rel}","templated":true}]}}