
{"id":10103,"date":"2026-01-07T19:59:39","date_gmt":"2026-01-07T22:59:39","guid":{"rendered":"http:\/\/cuartetoenlaweb.com.ar\/sitio\/la-nueva-novia-de-martin-demichelis-rompio-el-silencio-tras-la-violenta-pelea-en-punta-del-este-el-tema-es\/"},"modified":"2026-01-07T19:59:39","modified_gmt":"2026-01-07T22:59:39","slug":"la-nueva-novia-de-martin-demichelis-rompio-el-silencio-tras-la-violenta-pelea-en-punta-del-este-el-tema-es","status":"publish","type":"post","link":"https:\/\/cuartetoenlaweb.com.ar\/sitio\/la-nueva-novia-de-martin-demichelis-rompio-el-silencio-tras-la-violenta-pelea-en-punta-del-este-el-tema-es\/","title":{"rendered":"La nueva novia de Mart\u00edn Demichelis rompi\u00f3 el silencio tras la violenta pelea en Punta del Este: &quot;El tema es\u2026&quot;"},"content":{"rendered":"<p>Las im\u00e1genes de <strong><a href=\"https:\/\/www.paparazzi.com.ar\/?s=Mart%C3%ADn+Demichelis\">Mart\u00edn Demichelis<\/a><\/strong> discutiendo <a href=\"https:\/\/www.paparazzi.com.ar\/romances\/que-dijo-martin-demichelis-sobre-su-nueva-novia-a-5-meses-de-separarse-de-evangelina-anderson\/\">con su nueva novia en Punta del Este<\/a> generaron revuelo inmediato. <a href=\"https:\/\/www.paparazzi.com.ar\/teve\/fuerte-video-violenta-pelea-de-martin-demichelis-con-su-nueva-novia-intervino-la-seguridad-y\/\">Captados en el estacionamiento de un parador de Jos\u00e9 Ignacio<\/a>, los gestos tensos dentro de una camioneta alimentaron versiones de gritos, llanto, intervenci\u00f3n de seguridad y una fuerte pelea. <\/p>\n<p>Sin embargo, horas despu\u00e9s, <strong>Micaela<\/strong>, la mujer que acompa\u00f1a al exDT de River, decidi\u00f3 aclarar la situaci\u00f3n en chats que ahora quedaron expuestos. El periodista <strong>Oliver Quiroz<\/strong> fue quien se contact\u00f3 directamente con ella en nombre de un programa de televisi\u00f3n. <\/p>\n<p>El primer mensaje fue directo pero respetuoso: <em>\u201cHola Mica, \u00bfc\u00f3mo est\u00e1s? Soy del programa de Karina Mazzocco. Disculp\u00e1 que te moleste. Circularon unas im\u00e1genes tuyas junto a Mart\u00edn en una discusi\u00f3n y quer\u00eda saber si ten\u00e9s algo para decir, c\u00f3mo est\u00e1s vos\u201d.<\/em><\/p>\n<div class=\"mt-box \">\n<h4 class=\"mt-heading\">Mir\u00e1 Tambi\u00e9n<\/h4>\n<p><a href=\"https:\/\/www.paparazzi.com.ar\/videos\/exclusivo-tomas-dente-habla-de-su-particular-estilo-de-vida-no-tengo-sexo-ni-como-pizza-desde-hace-20-anos\/\"><\/p>\n<div class=\"mt-content\">\n<div class=\"mt-image-container\"><img decoding=\"async\" src=\"https:\/\/www.paparazzi.com.ar\/wp-content\/uploads\/2026\/01\/CHIMENTEROS-PORTADA-YT-TOMI-DENTE-359x226.jpg\" alt=\"\u00a1Exclusivo! Tom\u00e1s Dente habla de su particular estilo de vida: \u201cNo tengo sexo ni como pizza desde hace 20 a\u00f1os\u201d\" class=\"mt-image\" loading=\"lazy\" \/><\/div>\n<h5 class=\"mt-title\">\u00a1Exclusivo! Tom\u00e1s Dente habla de su particular estilo de vida: \u201cNo tengo sexo ni como pizza desde hace 20 a\u00f1os\u201d<\/h5>\n<\/div>\n<p><\/a><\/div>\n<p>La respuesta de Micaela fue inmediata y tajante. Lejos de esquivar el tema, neg\u00f3 de plano las versiones m\u00e1s graves que comenzaron a circular: <em>\u201cLejos de eso, Oliver, y te aclaro que nunca hubo violencia, ni gritos, ni llanto, ni se acerc\u00f3 nadie de seguridad como est\u00e1n diciendo. El tema es privado y queda entre nosotros, por eso nos fuimos a hablar al auto\u201d.<\/em><\/p>\n<p>Pese a la aclaraci\u00f3n, en el programa volvieron a insistir con el tema. Oliver le escribi\u00f3 nuevamente para saber si quer\u00eda sumar algo m\u00e1s, ya que en los medios se hablaba de<em> \u201cmomentos de tensi\u00f3n\u201d<\/em> y <em>\u201cfuertes discusiones\u201d <\/em>en el estacionamiento. <\/p>\n<div class=\"mt-box \">\n<h4 class=\"mt-heading\">Mir\u00e1 Tambi\u00e9n<\/h4>\n<p><a href=\"https:\/\/www.paparazzi.com.ar\/teve\/fuerte-video-violenta-pelea-de-martin-demichelis-con-su-nueva-novia-intervino-la-seguridad-y\/\"><\/p>\n<div class=\"mt-content\">\n<div class=\"mt-image-container\"><img decoding=\"async\" src=\"https:\/\/www.paparazzi.com.ar\/wp-content\/uploads\/2026\/01\/demichelis-martin-359x226.jpg\" alt=\"\u00a1Fuerte video! Violenta pelea de Mart\u00edn Demichelis con su nueva novia: \u201cIntervino la seguridad y\u2026\u201d\" class=\"mt-image\" loading=\"lazy\" \/><\/div>\n<h5 class=\"mt-title\">\u00a1Fuerte video! Violenta pelea de Mart\u00edn Demichelis con su nueva novia: \u201cIntervino la seguridad y\u2026\u201d<\/h5>\n<\/div>\n<p><\/a><\/div>\n<p>La respuesta de Micaela fue a\u00fan m\u00e1s contundente: <em>\u201cFue una conversaci\u00f3n como la de cualquier pareja. El resto exageraron. Estamos s\u00faper bien, gracias por preguntar. Estoy con Mart\u00edn, que tambi\u00e9n manda agradecimiento. Espero seas cuidadoso\u201d<\/em>. Sin embargo, lejos de cerrar el tema, los chats abrieron un nuevo frente de pol\u00e9mica. <\/p>\n<blockquote class=\"wp-block-quote is-layout-flow wp-block-quote-is-layout-flow\">\n<p>En el estudio, mientras se le\u00edan los mensajes en pantalla, una panelista lanz\u00f3 una frase que encendi\u00f3 la discusi\u00f3n: <em>\u201c\u00bfPuedo decir algo? En una discusi\u00f3n normal, si a m\u00ed se me meten por la ventana del auto como lo hizo Demichelis con ella, la verdad me dar\u00eda un poco de susto. No me parece una discusi\u00f3n normal de pareja\u201d.<\/em><\/p>\n<div class=\"mt-box \">\n<h4 class=\"mt-heading\">Mir\u00e1 Tambi\u00e9n<\/h4>\n<p><a href=\"https:\/\/www.paparazzi.com.ar\/romances\/explota-el-escandalo-se-filtraron-chats-intimos-de-martin-demichelis-con-una-joven-modelo\/\"><\/p>\n<div class=\"mt-content\">\n<div class=\"mt-image-container\"><img decoding=\"async\" src=\"https:\/\/www.paparazzi.com.ar\/wp-content\/uploads\/2025\/08\/Evangelina-Anderson-Martin-Demichelis-2.jpg.webp\" alt=\"\u00a1Explota el esc\u00e1ndalo! Se filtraron chats \u00edntimos de Mart\u00edn Demichelis con una joven modelo\" class=\"mt-image\" loading=\"lazy\" \/><\/div>\n<h5 class=\"mt-title\">\u00a1Explota el esc\u00e1ndalo! Se filtraron chats \u00edntimos de Mart\u00edn Demichelis con una joven modelo<\/h5>\n<\/div>\n<p><\/a><\/div>\n<\/blockquote>\n<p>El comentario gener\u00f3 incomodidad y reaviv\u00f3 las dudas sobre lo ocurrido realmente dentro del veh\u00edculo. Mientras Micaela insiste en que no hubo violencia ni escenas desmedidas, desde el panel cuestionaron el contexto y los gestos que quedaron registrados por las c\u00e1maras.<\/p>\n<p>As\u00ed, lo que empez\u00f3 como un episodio privado termin\u00f3 convertido en un debate p\u00fablico: los chats dicen una cosa, las im\u00e1genes sugieren otra y la opini\u00f3n televisiva suma sospechas. En medio del primer verano de Demichelis tras su separaci\u00f3n de Evangelina Anderson, la nueva relaci\u00f3n qued\u00f3 expuesta y bajo la lupa medi\u00e1tica.<\/p>\n<figure class=\"wp-block-image size-full\"><img decoding=\"async\" width=\"764\" height=\"790\" src=\"https:\/\/www.paparazzi.com.ar\/wp-content\/uploads\/2026\/01\/Chat-nueva-novia-Demichelis.png.webp\" loading=\"lazy\" alt=\"\" class=\"wp-image-459283\" \/><\/figure>\n<figure class=\"wp-block-image size-full\"><img decoding=\"async\" width=\"562\" height=\"576\" src=\"https:\/\/www.paparazzi.com.ar\/wp-content\/uploads\/2026\/01\/Chat-novia-de-Demichelis-1.png.webp\" loading=\"lazy\" alt=\"\" class=\"wp-image-459284\" \/><\/figure>\n<figure class=\"wp-block-image size-full\"><img decoding=\"async\" width=\"740\" height=\"596\" src=\"https:\/\/www.paparazzi.com.ar\/wp-content\/uploads\/2026\/01\/Chat-novia-Demichelis2.png.webp\" loading=\"lazy\" alt=\"\" class=\"wp-image-459285\" \/><\/figure>\n<div class=\"mt-box \">\n<h4 class=\"mt-heading\">Mir\u00e1 Tambi\u00e9n<\/h4>\n<p><a href=\"https:\/\/www.paparazzi.com.ar\/teve\/que-hizo-martin-demichelis-tras-la-polemica-de-su-hija-lola-donde-lo-trata-de-mal-padre\/\"><\/p>\n<div class=\"mt-content\">\n<div class=\"mt-image-container\"><img decoding=\"async\" src=\"https:\/\/www.paparazzi.com.ar\/wp-content\/uploads\/2025\/12\/Martin-Demichelis-Lola-Demichelis-Evangelina-Anderson-359x226.jpg\" alt=\"Qu\u00e9 hizo Mart\u00edn Demichelis tras la pol\u00e9mica de su hija Lola donde lo trata de mal padre\" class=\"mt-image\" loading=\"lazy\" \/><\/div>\n<h5 class=\"mt-title\">Qu\u00e9 hizo Mart\u00edn Demichelis tras la pol\u00e9mica de su hija Lola donde lo trata de mal padre<\/h5>\n<\/div>\n<p><\/a><\/div>\n<div class=\"mt-box \">\n<h4 class=\"mt-heading\">Mir\u00e1 Tambi\u00e9n<\/h4>\n<p><a href=\"https:\/\/www.paparazzi.com.ar\/teve\/escandalo-el-polemico-mensaje-de-la-hija-de-evangelina-anderson-contra-martin-demichelis-su-papa\/\"><\/p>\n<div class=\"mt-content\">\n<div class=\"mt-image-container\"><img decoding=\"async\" src=\"https:\/\/www.paparazzi.com.ar\/wp-content\/uploads\/2025\/12\/Evangelina-Anderson-Lola-Demichelis-Martin-Demichelis-359x226.jpg\" alt=\"Esc\u00e1ndalo: el pol\u00e9mico mensaje de la hija de Evangelina Anderson contra Mart\u00edn Demichelis, su pap\u00e1\" class=\"mt-image\" loading=\"lazy\" \/><\/div>\n<h5 class=\"mt-title\">Esc\u00e1ndalo: el pol\u00e9mico mensaje de la hija de Evangelina Anderson contra Mart\u00edn Demichelis, su pap\u00e1<\/h5>\n<\/div>\n<p><\/a><\/div>\n<p>The post <a href=\"https:\/\/www.paparazzi.com.ar\/romances\/la-nueva-novia-de-martin-demichelis-rompio-el-silencio-tras-la-violenta-pelea-en-punta-del-este-el-tema-es\/\">La nueva novia de Mart\u00edn Demichelis rompi\u00f3 el silencio tras la violenta pelea en Punta del Este: &quot;El tema es\u2026&quot;<\/a> appeared first on <a href=\"https:\/\/www.paparazzi.com.ar\">Revista Paparazzi<\/a>.<\/p>\n","protected":false},"excerpt":{"rendered":"<p>Las im\u00e1genes de Mart\u00edn Demichelis discutiendo con su nueva novia<\/p>\n","protected":false},"author":0,"featured_media":10104,"comment_status":"","ping_status":"","sticky":false,"template":"","format":"standard","meta":{"footnotes":""},"categories":[65],"tags":[],"class_list":["post-10103","post","type-post","status-publish","format-standard","has-post-thumbnail","hentry","category-pais"],"yoast_head":"<!-- This site is optimized with the Yoast SEO plugin v27.5 - https:\/\/yoast.com\/product\/yoast-seo-wordpress\/ -->\n<title>La nueva novia de Mart\u00edn Demichelis rompi\u00f3 el silencio tras la violenta pelea en Punta del Este: &quot;El tema es\u2026&quot; - Cuarteto en la Web<\/title>\n<meta name=\"robots\" content=\"index, follow, max-snippet:-1, max-image-preview:large, max-video-preview:-1\" \/>\n<link rel=\"canonical\" href=\"https:\/\/cuartetoenlaweb.com.ar\/sitio\/la-nueva-novia-de-martin-demichelis-rompio-el-silencio-tras-la-violenta-pelea-en-punta-del-este-el-tema-es\/\" \/>\n<meta property=\"og:locale\" content=\"es_ES\" \/>\n<meta property=\"og:type\" content=\"article\" \/>\n<meta property=\"og:title\" content=\"La nueva novia de Mart\u00edn Demichelis rompi\u00f3 el silencio tras la violenta pelea en Punta del Este: &quot;El tema es\u2026&quot; - Cuarteto en la Web\" \/>\n<meta property=\"og:description\" content=\"Las im\u00e1genes de Mart\u00edn Demichelis discutiendo con su nueva novia\" \/>\n<meta property=\"og:url\" content=\"https:\/\/cuartetoenlaweb.com.ar\/sitio\/la-nueva-novia-de-martin-demichelis-rompio-el-silencio-tras-la-violenta-pelea-en-punta-del-este-el-tema-es\/\" \/>\n<meta property=\"og:site_name\" content=\"Cuarteto en la Web\" \/>\n<meta property=\"article:published_time\" content=\"2026-01-07T22:59:39+00:00\" \/>\n<meta property=\"og:image\" content=\"https:\/\/cuartetoenlaweb.com.ar\/sitio\/wp-content\/uploads\/2026\/01\/CHIMENTEROS-PORTADA-YT-TOMI-DENTE-359x226-9.jpg\" \/>\n\t<meta property=\"og:image:width\" content=\"359\" \/>\n\t<meta property=\"og:image:height\" content=\"226\" \/>\n\t<meta property=\"og:image:type\" content=\"image\/jpeg\" \/>\n<meta name=\"twitter:card\" content=\"summary_large_image\" \/>\n<meta name=\"twitter:label1\" content=\"Tiempo de lectura\" \/>\n\t<meta name=\"twitter:data1\" content=\"3 minutos\" \/>\n<script type=\"application\/ld+json\" class=\"yoast-schema-graph\">{\"@context\":\"https:\\\/\\\/schema.org\",\"@graph\":[{\"@type\":\"Article\",\"@id\":\"https:\\\/\\\/cuartetoenlaweb.com.ar\\\/sitio\\\/la-nueva-novia-de-martin-demichelis-rompio-el-silencio-tras-la-violenta-pelea-en-punta-del-este-el-tema-es\\\/#article\",\"isPartOf\":{\"@id\":\"https:\\\/\\\/cuartetoenlaweb.com.ar\\\/sitio\\\/la-nueva-novia-de-martin-demichelis-rompio-el-silencio-tras-la-violenta-pelea-en-punta-del-este-el-tema-es\\\/\"},\"author\":{\"name\":\"\",\"@id\":\"\"},\"headline\":\"La nueva novia de Mart\u00edn Demichelis rompi\u00f3 el silencio tras la violenta pelea en Punta del Este: &quot;El tema es\u2026&quot;\",\"datePublished\":\"2026-01-07T22:59:39+00:00\",\"mainEntityOfPage\":{\"@id\":\"https:\\\/\\\/cuartetoenlaweb.com.ar\\\/sitio\\\/la-nueva-novia-de-martin-demichelis-rompio-el-silencio-tras-la-violenta-pelea-en-punta-del-este-el-tema-es\\\/\"},\"wordCount\":636,\"publisher\":{\"@id\":\"http:\\\/\\\/cuartetoenlaweb.com.ar\\\/sitio\\\/#organization\"},\"image\":{\"@id\":\"https:\\\/\\\/cuartetoenlaweb.com.ar\\\/sitio\\\/la-nueva-novia-de-martin-demichelis-rompio-el-silencio-tras-la-violenta-pelea-en-punta-del-este-el-tema-es\\\/#primaryimage\"},\"thumbnailUrl\":\"https:\\\/\\\/cuartetoenlaweb.com.ar\\\/sitio\\\/wp-content\\\/uploads\\\/2026\\\/01\\\/CHIMENTEROS-PORTADA-YT-TOMI-DENTE-359x226-9.jpg\",\"articleSection\":[\"PAIS\"],\"inLanguage\":\"es\"},{\"@type\":\"WebPage\",\"@id\":\"https:\\\/\\\/cuartetoenlaweb.com.ar\\\/sitio\\\/la-nueva-novia-de-martin-demichelis-rompio-el-silencio-tras-la-violenta-pelea-en-punta-del-este-el-tema-es\\\/\",\"url\":\"https:\\\/\\\/cuartetoenlaweb.com.ar\\\/sitio\\\/la-nueva-novia-de-martin-demichelis-rompio-el-silencio-tras-la-violenta-pelea-en-punta-del-este-el-tema-es\\\/\",\"name\":\"La nueva novia de Mart\u00edn Demichelis rompi\u00f3 el silencio tras la violenta pelea en Punta del Este: &quot;El tema es\u2026&quot; - Cuarteto en la Web\",\"isPartOf\":{\"@id\":\"http:\\\/\\\/cuartetoenlaweb.com.ar\\\/sitio\\\/#website\"},\"primaryImageOfPage\":{\"@id\":\"https:\\\/\\\/cuartetoenlaweb.com.ar\\\/sitio\\\/la-nueva-novia-de-martin-demichelis-rompio-el-silencio-tras-la-violenta-pelea-en-punta-del-este-el-tema-es\\\/#primaryimage\"},\"image\":{\"@id\":\"https:\\\/\\\/cuartetoenlaweb.com.ar\\\/sitio\\\/la-nueva-novia-de-martin-demichelis-rompio-el-silencio-tras-la-violenta-pelea-en-punta-del-este-el-tema-es\\\/#primaryimage\"},\"thumbnailUrl\":\"https:\\\/\\\/cuartetoenlaweb.com.ar\\\/sitio\\\/wp-content\\\/uploads\\\/2026\\\/01\\\/CHIMENTEROS-PORTADA-YT-TOMI-DENTE-359x226-9.jpg\",\"datePublished\":\"2026-01-07T22:59:39+00:00\",\"breadcrumb\":{\"@id\":\"https:\\\/\\\/cuartetoenlaweb.com.ar\\\/sitio\\\/la-nueva-novia-de-martin-demichelis-rompio-el-silencio-tras-la-violenta-pelea-en-punta-del-este-el-tema-es\\\/#breadcrumb\"},\"inLanguage\":\"es\",\"potentialAction\":[{\"@type\":\"ReadAction\",\"target\":[\"https:\\\/\\\/cuartetoenlaweb.com.ar\\\/sitio\\\/la-nueva-novia-de-martin-demichelis-rompio-el-silencio-tras-la-violenta-pelea-en-punta-del-este-el-tema-es\\\/\"]}]},{\"@type\":\"ImageObject\",\"inLanguage\":\"es\",\"@id\":\"https:\\\/\\\/cuartetoenlaweb.com.ar\\\/sitio\\\/la-nueva-novia-de-martin-demichelis-rompio-el-silencio-tras-la-violenta-pelea-en-punta-del-este-el-tema-es\\\/#primaryimage\",\"url\":\"https:\\\/\\\/cuartetoenlaweb.com.ar\\\/sitio\\\/wp-content\\\/uploads\\\/2026\\\/01\\\/CHIMENTEROS-PORTADA-YT-TOMI-DENTE-359x226-9.jpg\",\"contentUrl\":\"https:\\\/\\\/cuartetoenlaweb.com.ar\\\/sitio\\\/wp-content\\\/uploads\\\/2026\\\/01\\\/CHIMENTEROS-PORTADA-YT-TOMI-DENTE-359x226-9.jpg\",\"width\":359,\"height\":226},{\"@type\":\"BreadcrumbList\",\"@id\":\"https:\\\/\\\/cuartetoenlaweb.com.ar\\\/sitio\\\/la-nueva-novia-de-martin-demichelis-rompio-el-silencio-tras-la-violenta-pelea-en-punta-del-este-el-tema-es\\\/#breadcrumb\",\"itemListElement\":[{\"@type\":\"ListItem\",\"position\":1,\"name\":\"Portada\",\"item\":\"http:\\\/\\\/cuartetoenlaweb.com.ar\\\/sitio\\\/\"},{\"@type\":\"ListItem\",\"position\":2,\"name\":\"La nueva novia de Mart\u00edn Demichelis rompi\u00f3 el silencio tras la violenta pelea en Punta del Este: &quot;El tema es\u2026&quot;\"}]},{\"@type\":\"WebSite\",\"@id\":\"http:\\\/\\\/cuartetoenlaweb.com.ar\\\/sitio\\\/#website\",\"url\":\"http:\\\/\\\/cuartetoenlaweb.com.ar\\\/sitio\\\/\",\"name\":\"Cuarteto en la Web\",\"description\":\"\",\"publisher\":{\"@id\":\"http:\\\/\\\/cuartetoenlaweb.com.ar\\\/sitio\\\/#organization\"},\"potentialAction\":[{\"@type\":\"SearchAction\",\"target\":{\"@type\":\"EntryPoint\",\"urlTemplate\":\"http:\\\/\\\/cuartetoenlaweb.com.ar\\\/sitio\\\/?s={search_term_string}\"},\"query-input\":{\"@type\":\"PropertyValueSpecification\",\"valueRequired\":true,\"valueName\":\"search_term_string\"}}],\"inLanguage\":\"es\"},{\"@type\":\"Organization\",\"@id\":\"http:\\\/\\\/cuartetoenlaweb.com.ar\\\/sitio\\\/#organization\",\"name\":\"Cuarteto en la Web\",\"url\":\"http:\\\/\\\/cuartetoenlaweb.com.ar\\\/sitio\\\/\",\"logo\":{\"@type\":\"ImageObject\",\"inLanguage\":\"es\",\"@id\":\"http:\\\/\\\/cuartetoenlaweb.com.ar\\\/sitio\\\/#\\\/schema\\\/logo\\\/image\\\/\",\"url\":\"https:\\\/\\\/cuartetoenlaweb.com.ar\\\/sitio\\\/wp-content\\\/uploads\\\/2025\\\/07\\\/cropped-cropped-logitoweb21.png\",\"contentUrl\":\"https:\\\/\\\/cuartetoenlaweb.com.ar\\\/sitio\\\/wp-content\\\/uploads\\\/2025\\\/07\\\/cropped-cropped-logitoweb21.png\",\"width\":199,\"height\":199,\"caption\":\"Cuarteto en la Web\"},\"image\":{\"@id\":\"http:\\\/\\\/cuartetoenlaweb.com.ar\\\/sitio\\\/#\\\/schema\\\/logo\\\/image\\\/\"}}]}<\/script>\n<!-- \/ Yoast SEO plugin. -->","yoast_head_json":{"title":"La nueva novia de Mart\u00edn Demichelis rompi\u00f3 el silencio tras la violenta pelea en Punta del Este: &quot;El tema es\u2026&quot; - Cuarteto en la Web","robots":{"index":"index","follow":"follow","max-snippet":"max-snippet:-1","max-image-preview":"max-image-preview:large","max-video-preview":"max-video-preview:-1"},"canonical":"https:\/\/cuartetoenlaweb.com.ar\/sitio\/la-nueva-novia-de-martin-demichelis-rompio-el-silencio-tras-la-violenta-pelea-en-punta-del-este-el-tema-es\/","og_locale":"es_ES","og_type":"article","og_title":"La nueva novia de Mart\u00edn Demichelis rompi\u00f3 el silencio tras la violenta pelea en Punta del Este: &quot;El tema es\u2026&quot; - Cuarteto en la Web","og_description":"Las im\u00e1genes de Mart\u00edn Demichelis discutiendo con su nueva novia","og_url":"https:\/\/cuartetoenlaweb.com.ar\/sitio\/la-nueva-novia-de-martin-demichelis-rompio-el-silencio-tras-la-violenta-pelea-en-punta-del-este-el-tema-es\/","og_site_name":"Cuarteto en la Web","article_published_time":"2026-01-07T22:59:39+00:00","og_image":[{"width":359,"height":226,"url":"https:\/\/cuartetoenlaweb.com.ar\/sitio\/wp-content\/uploads\/2026\/01\/CHIMENTEROS-PORTADA-YT-TOMI-DENTE-359x226-9.jpg","type":"image\/jpeg"}],"twitter_card":"summary_large_image","twitter_misc":{"Tiempo de lectura":"3 minutos"},"schema":{"@context":"https:\/\/schema.org","@graph":[{"@type":"Article","@id":"https:\/\/cuartetoenlaweb.com.ar\/sitio\/la-nueva-novia-de-martin-demichelis-rompio-el-silencio-tras-la-violenta-pelea-en-punta-del-este-el-tema-es\/#article","isPartOf":{"@id":"https:\/\/cuartetoenlaweb.com.ar\/sitio\/la-nueva-novia-de-martin-demichelis-rompio-el-silencio-tras-la-violenta-pelea-en-punta-del-este-el-tema-es\/"},"author":{"name":"","@id":""},"headline":"La nueva novia de Mart\u00edn Demichelis rompi\u00f3 el silencio tras la violenta pelea en Punta del Este: &quot;El tema es\u2026&quot;","datePublished":"2026-01-07T22:59:39+00:00","mainEntityOfPage":{"@id":"https:\/\/cuartetoenlaweb.com.ar\/sitio\/la-nueva-novia-de-martin-demichelis-rompio-el-silencio-tras-la-violenta-pelea-en-punta-del-este-el-tema-es\/"},"wordCount":636,"publisher":{"@id":"http:\/\/cuartetoenlaweb.com.ar\/sitio\/#organization"},"image":{"@id":"https:\/\/cuartetoenlaweb.com.ar\/sitio\/la-nueva-novia-de-martin-demichelis-rompio-el-silencio-tras-la-violenta-pelea-en-punta-del-este-el-tema-es\/#primaryimage"},"thumbnailUrl":"https:\/\/cuartetoenlaweb.com.ar\/sitio\/wp-content\/uploads\/2026\/01\/CHIMENTEROS-PORTADA-YT-TOMI-DENTE-359x226-9.jpg","articleSection":["PAIS"],"inLanguage":"es"},{"@type":"WebPage","@id":"https:\/\/cuartetoenlaweb.com.ar\/sitio\/la-nueva-novia-de-martin-demichelis-rompio-el-silencio-tras-la-violenta-pelea-en-punta-del-este-el-tema-es\/","url":"https:\/\/cuartetoenlaweb.com.ar\/sitio\/la-nueva-novia-de-martin-demichelis-rompio-el-silencio-tras-la-violenta-pelea-en-punta-del-este-el-tema-es\/","name":"La nueva novia de Mart\u00edn Demichelis rompi\u00f3 el silencio tras la violenta pelea en Punta del Este: &quot;El tema es\u2026&quot; - Cuarteto en la Web","isPartOf":{"@id":"http:\/\/cuartetoenlaweb.com.ar\/sitio\/#website"},"primaryImageOfPage":{"@id":"https:\/\/cuartetoenlaweb.com.ar\/sitio\/la-nueva-novia-de-martin-demichelis-rompio-el-silencio-tras-la-violenta-pelea-en-punta-del-este-el-tema-es\/#primaryimage"},"image":{"@id":"https:\/\/cuartetoenlaweb.com.ar\/sitio\/la-nueva-novia-de-martin-demichelis-rompio-el-silencio-tras-la-violenta-pelea-en-punta-del-este-el-tema-es\/#primaryimage"},"thumbnailUrl":"https:\/\/cuartetoenlaweb.com.ar\/sitio\/wp-content\/uploads\/2026\/01\/CHIMENTEROS-PORTADA-YT-TOMI-DENTE-359x226-9.jpg","datePublished":"2026-01-07T22:59:39+00:00","breadcrumb":{"@id":"https:\/\/cuartetoenlaweb.com.ar\/sitio\/la-nueva-novia-de-martin-demichelis-rompio-el-silencio-tras-la-violenta-pelea-en-punta-del-este-el-tema-es\/#breadcrumb"},"inLanguage":"es","potentialAction":[{"@type":"ReadAction","target":["https:\/\/cuartetoenlaweb.com.ar\/sitio\/la-nueva-novia-de-martin-demichelis-rompio-el-silencio-tras-la-violenta-pelea-en-punta-del-este-el-tema-es\/"]}]},{"@type":"ImageObject","inLanguage":"es","@id":"https:\/\/cuartetoenlaweb.com.ar\/sitio\/la-nueva-novia-de-martin-demichelis-rompio-el-silencio-tras-la-violenta-pelea-en-punta-del-este-el-tema-es\/#primaryimage","url":"https:\/\/cuartetoenlaweb.com.ar\/sitio\/wp-content\/uploads\/2026\/01\/CHIMENTEROS-PORTADA-YT-TOMI-DENTE-359x226-9.jpg","contentUrl":"https:\/\/cuartetoenlaweb.com.ar\/sitio\/wp-content\/uploads\/2026\/01\/CHIMENTEROS-PORTADA-YT-TOMI-DENTE-359x226-9.jpg","width":359,"height":226},{"@type":"BreadcrumbList","@id":"https:\/\/cuartetoenlaweb.com.ar\/sitio\/la-nueva-novia-de-martin-demichelis-rompio-el-silencio-tras-la-violenta-pelea-en-punta-del-este-el-tema-es\/#breadcrumb","itemListElement":[{"@type":"ListItem","position":1,"name":"Portada","item":"http:\/\/cuartetoenlaweb.com.ar\/sitio\/"},{"@type":"ListItem","position":2,"name":"La nueva novia de Mart\u00edn Demichelis rompi\u00f3 el silencio tras la violenta pelea en Punta del Este: &quot;El tema es\u2026&quot;"}]},{"@type":"WebSite","@id":"http:\/\/cuartetoenlaweb.com.ar\/sitio\/#website","url":"http:\/\/cuartetoenlaweb.com.ar\/sitio\/","name":"Cuarteto en la Web","description":"","publisher":{"@id":"http:\/\/cuartetoenlaweb.com.ar\/sitio\/#organization"},"potentialAction":[{"@type":"SearchAction","target":{"@type":"EntryPoint","urlTemplate":"http:\/\/cuartetoenlaweb.com.ar\/sitio\/?s={search_term_string}"},"query-input":{"@type":"PropertyValueSpecification","valueRequired":true,"valueName":"search_term_string"}}],"inLanguage":"es"},{"@type":"Organization","@id":"http:\/\/cuartetoenlaweb.com.ar\/sitio\/#organization","name":"Cuarteto en la Web","url":"http:\/\/cuartetoenlaweb.com.ar\/sitio\/","logo":{"@type":"ImageObject","inLanguage":"es","@id":"http:\/\/cuartetoenlaweb.com.ar\/sitio\/#\/schema\/logo\/image\/","url":"https:\/\/cuartetoenlaweb.com.ar\/sitio\/wp-content\/uploads\/2025\/07\/cropped-cropped-logitoweb21.png","contentUrl":"https:\/\/cuartetoenlaweb.com.ar\/sitio\/wp-content\/uploads\/2025\/07\/cropped-cropped-logitoweb21.png","width":199,"height":199,"caption":"Cuarteto en la Web"},"image":{"@id":"http:\/\/cuartetoenlaweb.com.ar\/sitio\/#\/schema\/logo\/image\/"}}]}},"_links":{"self":[{"href":"https:\/\/cuartetoenlaweb.com.ar\/sitio\/wp-json\/wp\/v2\/posts\/10103","targetHints":{"allow":["GET"]}}],"collection":[{"href":"https:\/\/cuartetoenlaweb.com.ar\/sitio\/wp-json\/wp\/v2\/posts"}],"about":[{"href":"https:\/\/cuartetoenlaweb.com.ar\/sitio\/wp-json\/wp\/v2\/types\/post"}],"replies":[{"embeddable":true,"href":"https:\/\/cuartetoenlaweb.com.ar\/sitio\/wp-json\/wp\/v2\/comments?post=10103"}],"version-history":[{"count":0,"href":"https:\/\/cuartetoenlaweb.com.ar\/sitio\/wp-json\/wp\/v2\/posts\/10103\/revisions"}],"wp:featuredmedia":[{"embeddable":true,"href":"https:\/\/cuartetoenlaweb.com.ar\/sitio\/wp-json\/wp\/v2\/media\/10104"}],"wp:attachment":[{"href":"https:\/\/cuartetoenlaweb.com.ar\/sitio\/wp-json\/wp\/v2\/media?parent=10103"}],"wp:term":[{"taxonomy":"category","embeddable":true,"href":"https:\/\/cuartetoenlaweb.com.ar\/sitio\/wp-json\/wp\/v2\/categories?post=10103"},{"taxonomy":"post_tag","embeddable":true,"href":"https:\/\/cuartetoenlaweb.com.ar\/sitio\/wp-json\/wp\/v2\/tags?post=10103"}],"curies":[{"name":"wp","href":"https:\/\/api.w.org\/{rel}","templated":true}]}}