
{"id":10094,"date":"2026-01-07T07:00:20","date_gmt":"2026-01-07T10:00:20","guid":{"rendered":"https:\/\/cuartetoenlaweb.com.ar\/sitio\/santilli-se-reune-este-miercoles-con-ignacio-torres-por-la-reforma-laboral-de-milei\/"},"modified":"2026-01-07T07:00:20","modified_gmt":"2026-01-07T10:00:20","slug":"santilli-se-reune-este-miercoles-con-ignacio-torres-por-la-reforma-laboral-de-milei","status":"publish","type":"post","link":"https:\/\/cuartetoenlaweb.com.ar\/sitio\/santilli-se-reune-este-miercoles-con-ignacio-torres-por-la-reforma-laboral-de-milei\/","title":{"rendered":"Santilli se re\u00fane este mi\u00e9rcoles con Ignacio Torres por la reforma laboral de Milei"},"content":{"rendered":"<p>Buenos Aires, 7 enero (NA) \u2013 El ministro del Interior, Diego Santilli, se reunir\u00e1 este mi\u00e9rcoles por la ma\u00f1ana con el gobernador de Chubut, Ignacio Torres, como parte de las reuniones que retomar\u00e1 con los mandatarios provinciales por la reforma laboral y oros proyectos del Poder Ejecutivo.<\/p>\n<p>En lo que ser\u00e1 el primer encuentro del a\u00f1o, Santilli viajar\u00e1 temprano a Chubut, donde junto a Torres \u201char\u00e1 una recorrida para ver los dispositivos conjuntos que se est\u00e1n poniendo en pr\u00e1ctica entre la Naci\u00f3n y la provincia para atender los incendios\u201d, indicaron fuentes oficiales a la Agencia Noticias Argentinas.<\/p>\n<p>En tanto, el horario de la reuni\u00f3n hab\u00eda quedado a definir, a\u00f1adieron las fuentes.<\/p>\n<p>El plan de Santilli es desembarcar en al menos diez provincias durante enero, en la previa a la pr\u00f3rroga de las sesiones extraordinarias prevista para el 2 de febrero.<\/p>\n<p>El proyecto de \u201cModernizaci\u00f3n Laboral\u201d es una de las principales obsesiones del presidente Javier Milei, que aspira a que la mesa chica del Gobierno logre abrirle paso en el Congreso para esa iniciativa.<\/p>\n<p>El jefe de Gabinete, Manuel Adorni, reactiv\u00f3 las conversaciones con el equipo legislativo, en calidad de interlocutor de Javier y Karina Milei, para replicar el accionar que logr\u00f3 la aprobaci\u00f3n en diciembre \u00faltimo del Presupuesto 2026 y la Ley de Inocencia Fiscal.<\/p>\n<p>En eso trabajaron Patricia Bullrich y Mart\u00edn Menem en el Senado y Diputados, respectivamente, junto al equipo compuesto por Santilli, Eduardo \u201cLule\u201d Menem y el secretario de Asuntos Estrat\u00e9gicos, Ignacio Devitt. #AgenciaNA<\/p>\n","protected":false},"excerpt":{"rendered":"<p>Buenos Aires, 7 enero (NA) \u2013 El ministro del Interior,<\/p>\n","protected":false},"author":0,"featured_media":10095,"comment_status":"","ping_status":"","sticky":false,"template":"","format":"standard","meta":{"footnotes":""},"categories":[65],"tags":[],"class_list":["post-10094","post","type-post","status-publish","format-standard","has-post-thumbnail","hentry","category-pais"],"yoast_head":"<!-- This site is optimized with the Yoast SEO plugin v27.4 - https:\/\/yoast.com\/product\/yoast-seo-wordpress\/ -->\n<title>Santilli se re\u00fane este mi\u00e9rcoles con Ignacio Torres por la reforma laboral de Milei - Cuarteto en la Web<\/title>\n<meta name=\"robots\" content=\"index, follow, max-snippet:-1, max-image-preview:large, max-video-preview:-1\" \/>\n<link rel=\"canonical\" href=\"https:\/\/cuartetoenlaweb.com.ar\/sitio\/santilli-se-reune-este-miercoles-con-ignacio-torres-por-la-reforma-laboral-de-milei\/\" \/>\n<meta property=\"og:locale\" content=\"es_ES\" \/>\n<meta property=\"og:type\" content=\"article\" \/>\n<meta property=\"og:title\" content=\"Santilli se re\u00fane este mi\u00e9rcoles con Ignacio Torres por la reforma laboral de Milei - Cuarteto en la Web\" \/>\n<meta property=\"og:description\" content=\"Buenos Aires, 7 enero (NA) \u2013 El ministro del Interior,\" \/>\n<meta property=\"og:url\" content=\"https:\/\/cuartetoenlaweb.com.ar\/sitio\/santilli-se-reune-este-miercoles-con-ignacio-torres-por-la-reforma-laboral-de-milei\/\" \/>\n<meta property=\"og:site_name\" content=\"Cuarteto en la Web\" \/>\n<meta property=\"article:published_time\" content=\"2026-01-07T10:00:20+00:00\" \/>\n<meta property=\"og:image\" content=\"https:\/\/cuartetoenlaweb.com.ar\/sitio\/wp-content\/uploads\/2026\/01\/720-58.jpeg\" \/>\n\t<meta property=\"og:image:width\" content=\"1083\" \/>\n\t<meta property=\"og:image:height\" content=\"720\" \/>\n\t<meta property=\"og:image:type\" content=\"image\/jpeg\" \/>\n<meta name=\"twitter:card\" content=\"summary_large_image\" \/>\n<meta name=\"twitter:label1\" content=\"Tiempo de lectura\" \/>\n\t<meta name=\"twitter:data1\" content=\"1 minuto\" \/>\n<script type=\"application\/ld+json\" class=\"yoast-schema-graph\">{\"@context\":\"https:\\\/\\\/schema.org\",\"@graph\":[{\"@type\":\"Article\",\"@id\":\"https:\\\/\\\/cuartetoenlaweb.com.ar\\\/sitio\\\/santilli-se-reune-este-miercoles-con-ignacio-torres-por-la-reforma-laboral-de-milei\\\/#article\",\"isPartOf\":{\"@id\":\"https:\\\/\\\/cuartetoenlaweb.com.ar\\\/sitio\\\/santilli-se-reune-este-miercoles-con-ignacio-torres-por-la-reforma-laboral-de-milei\\\/\"},\"author\":{\"name\":\"\",\"@id\":\"\"},\"headline\":\"Santilli se re\u00fane este mi\u00e9rcoles con Ignacio Torres por la reforma laboral de Milei\",\"datePublished\":\"2026-01-07T10:00:20+00:00\",\"mainEntityOfPage\":{\"@id\":\"https:\\\/\\\/cuartetoenlaweb.com.ar\\\/sitio\\\/santilli-se-reune-este-miercoles-con-ignacio-torres-por-la-reforma-laboral-de-milei\\\/\"},\"wordCount\":273,\"publisher\":{\"@id\":\"http:\\\/\\\/cuartetoenlaweb.com.ar\\\/sitio\\\/#organization\"},\"image\":{\"@id\":\"https:\\\/\\\/cuartetoenlaweb.com.ar\\\/sitio\\\/santilli-se-reune-este-miercoles-con-ignacio-torres-por-la-reforma-laboral-de-milei\\\/#primaryimage\"},\"thumbnailUrl\":\"https:\\\/\\\/cuartetoenlaweb.com.ar\\\/sitio\\\/wp-content\\\/uploads\\\/2026\\\/01\\\/720-58.jpeg\",\"articleSection\":[\"PAIS\"],\"inLanguage\":\"es\"},{\"@type\":\"WebPage\",\"@id\":\"https:\\\/\\\/cuartetoenlaweb.com.ar\\\/sitio\\\/santilli-se-reune-este-miercoles-con-ignacio-torres-por-la-reforma-laboral-de-milei\\\/\",\"url\":\"https:\\\/\\\/cuartetoenlaweb.com.ar\\\/sitio\\\/santilli-se-reune-este-miercoles-con-ignacio-torres-por-la-reforma-laboral-de-milei\\\/\",\"name\":\"Santilli se re\u00fane este mi\u00e9rcoles con Ignacio Torres por la reforma laboral de Milei - Cuarteto en la Web\",\"isPartOf\":{\"@id\":\"http:\\\/\\\/cuartetoenlaweb.com.ar\\\/sitio\\\/#website\"},\"primaryImageOfPage\":{\"@id\":\"https:\\\/\\\/cuartetoenlaweb.com.ar\\\/sitio\\\/santilli-se-reune-este-miercoles-con-ignacio-torres-por-la-reforma-laboral-de-milei\\\/#primaryimage\"},\"image\":{\"@id\":\"https:\\\/\\\/cuartetoenlaweb.com.ar\\\/sitio\\\/santilli-se-reune-este-miercoles-con-ignacio-torres-por-la-reforma-laboral-de-milei\\\/#primaryimage\"},\"thumbnailUrl\":\"https:\\\/\\\/cuartetoenlaweb.com.ar\\\/sitio\\\/wp-content\\\/uploads\\\/2026\\\/01\\\/720-58.jpeg\",\"datePublished\":\"2026-01-07T10:00:20+00:00\",\"breadcrumb\":{\"@id\":\"https:\\\/\\\/cuartetoenlaweb.com.ar\\\/sitio\\\/santilli-se-reune-este-miercoles-con-ignacio-torres-por-la-reforma-laboral-de-milei\\\/#breadcrumb\"},\"inLanguage\":\"es\",\"potentialAction\":[{\"@type\":\"ReadAction\",\"target\":[\"https:\\\/\\\/cuartetoenlaweb.com.ar\\\/sitio\\\/santilli-se-reune-este-miercoles-con-ignacio-torres-por-la-reforma-laboral-de-milei\\\/\"]}]},{\"@type\":\"ImageObject\",\"inLanguage\":\"es\",\"@id\":\"https:\\\/\\\/cuartetoenlaweb.com.ar\\\/sitio\\\/santilli-se-reune-este-miercoles-con-ignacio-torres-por-la-reforma-laboral-de-milei\\\/#primaryimage\",\"url\":\"https:\\\/\\\/cuartetoenlaweb.com.ar\\\/sitio\\\/wp-content\\\/uploads\\\/2026\\\/01\\\/720-58.jpeg\",\"contentUrl\":\"https:\\\/\\\/cuartetoenlaweb.com.ar\\\/sitio\\\/wp-content\\\/uploads\\\/2026\\\/01\\\/720-58.jpeg\",\"width\":1083,\"height\":720},{\"@type\":\"BreadcrumbList\",\"@id\":\"https:\\\/\\\/cuartetoenlaweb.com.ar\\\/sitio\\\/santilli-se-reune-este-miercoles-con-ignacio-torres-por-la-reforma-laboral-de-milei\\\/#breadcrumb\",\"itemListElement\":[{\"@type\":\"ListItem\",\"position\":1,\"name\":\"Portada\",\"item\":\"http:\\\/\\\/cuartetoenlaweb.com.ar\\\/sitio\\\/\"},{\"@type\":\"ListItem\",\"position\":2,\"name\":\"Santilli se re\u00fane este mi\u00e9rcoles con Ignacio Torres por la reforma laboral de Milei\"}]},{\"@type\":\"WebSite\",\"@id\":\"http:\\\/\\\/cuartetoenlaweb.com.ar\\\/sitio\\\/#website\",\"url\":\"http:\\\/\\\/cuartetoenlaweb.com.ar\\\/sitio\\\/\",\"name\":\"Cuarteto en la Web\",\"description\":\"\",\"publisher\":{\"@id\":\"http:\\\/\\\/cuartetoenlaweb.com.ar\\\/sitio\\\/#organization\"},\"potentialAction\":[{\"@type\":\"SearchAction\",\"target\":{\"@type\":\"EntryPoint\",\"urlTemplate\":\"http:\\\/\\\/cuartetoenlaweb.com.ar\\\/sitio\\\/?s={search_term_string}\"},\"query-input\":{\"@type\":\"PropertyValueSpecification\",\"valueRequired\":true,\"valueName\":\"search_term_string\"}}],\"inLanguage\":\"es\"},{\"@type\":\"Organization\",\"@id\":\"http:\\\/\\\/cuartetoenlaweb.com.ar\\\/sitio\\\/#organization\",\"name\":\"Cuarteto en la Web\",\"url\":\"http:\\\/\\\/cuartetoenlaweb.com.ar\\\/sitio\\\/\",\"logo\":{\"@type\":\"ImageObject\",\"inLanguage\":\"es\",\"@id\":\"http:\\\/\\\/cuartetoenlaweb.com.ar\\\/sitio\\\/#\\\/schema\\\/logo\\\/image\\\/\",\"url\":\"https:\\\/\\\/cuartetoenlaweb.com.ar\\\/sitio\\\/wp-content\\\/uploads\\\/2025\\\/07\\\/cropped-cropped-logitoweb21.png\",\"contentUrl\":\"https:\\\/\\\/cuartetoenlaweb.com.ar\\\/sitio\\\/wp-content\\\/uploads\\\/2025\\\/07\\\/cropped-cropped-logitoweb21.png\",\"width\":199,\"height\":199,\"caption\":\"Cuarteto en la Web\"},\"image\":{\"@id\":\"http:\\\/\\\/cuartetoenlaweb.com.ar\\\/sitio\\\/#\\\/schema\\\/logo\\\/image\\\/\"}}]}<\/script>\n<!-- \/ Yoast SEO plugin. -->","yoast_head_json":{"title":"Santilli se re\u00fane este mi\u00e9rcoles con Ignacio Torres por la reforma laboral de Milei - Cuarteto en la Web","robots":{"index":"index","follow":"follow","max-snippet":"max-snippet:-1","max-image-preview":"max-image-preview:large","max-video-preview":"max-video-preview:-1"},"canonical":"https:\/\/cuartetoenlaweb.com.ar\/sitio\/santilli-se-reune-este-miercoles-con-ignacio-torres-por-la-reforma-laboral-de-milei\/","og_locale":"es_ES","og_type":"article","og_title":"Santilli se re\u00fane este mi\u00e9rcoles con Ignacio Torres por la reforma laboral de Milei - Cuarteto en la Web","og_description":"Buenos Aires, 7 enero (NA) \u2013 El ministro del Interior,","og_url":"https:\/\/cuartetoenlaweb.com.ar\/sitio\/santilli-se-reune-este-miercoles-con-ignacio-torres-por-la-reforma-laboral-de-milei\/","og_site_name":"Cuarteto en la Web","article_published_time":"2026-01-07T10:00:20+00:00","og_image":[{"width":1083,"height":720,"url":"https:\/\/cuartetoenlaweb.com.ar\/sitio\/wp-content\/uploads\/2026\/01\/720-58.jpeg","type":"image\/jpeg"}],"twitter_card":"summary_large_image","twitter_misc":{"Tiempo de lectura":"1 minuto"},"schema":{"@context":"https:\/\/schema.org","@graph":[{"@type":"Article","@id":"https:\/\/cuartetoenlaweb.com.ar\/sitio\/santilli-se-reune-este-miercoles-con-ignacio-torres-por-la-reforma-laboral-de-milei\/#article","isPartOf":{"@id":"https:\/\/cuartetoenlaweb.com.ar\/sitio\/santilli-se-reune-este-miercoles-con-ignacio-torres-por-la-reforma-laboral-de-milei\/"},"author":{"name":"","@id":""},"headline":"Santilli se re\u00fane este mi\u00e9rcoles con Ignacio Torres por la reforma laboral de Milei","datePublished":"2026-01-07T10:00:20+00:00","mainEntityOfPage":{"@id":"https:\/\/cuartetoenlaweb.com.ar\/sitio\/santilli-se-reune-este-miercoles-con-ignacio-torres-por-la-reforma-laboral-de-milei\/"},"wordCount":273,"publisher":{"@id":"http:\/\/cuartetoenlaweb.com.ar\/sitio\/#organization"},"image":{"@id":"https:\/\/cuartetoenlaweb.com.ar\/sitio\/santilli-se-reune-este-miercoles-con-ignacio-torres-por-la-reforma-laboral-de-milei\/#primaryimage"},"thumbnailUrl":"https:\/\/cuartetoenlaweb.com.ar\/sitio\/wp-content\/uploads\/2026\/01\/720-58.jpeg","articleSection":["PAIS"],"inLanguage":"es"},{"@type":"WebPage","@id":"https:\/\/cuartetoenlaweb.com.ar\/sitio\/santilli-se-reune-este-miercoles-con-ignacio-torres-por-la-reforma-laboral-de-milei\/","url":"https:\/\/cuartetoenlaweb.com.ar\/sitio\/santilli-se-reune-este-miercoles-con-ignacio-torres-por-la-reforma-laboral-de-milei\/","name":"Santilli se re\u00fane este mi\u00e9rcoles con Ignacio Torres por la reforma laboral de Milei - Cuarteto en la Web","isPartOf":{"@id":"http:\/\/cuartetoenlaweb.com.ar\/sitio\/#website"},"primaryImageOfPage":{"@id":"https:\/\/cuartetoenlaweb.com.ar\/sitio\/santilli-se-reune-este-miercoles-con-ignacio-torres-por-la-reforma-laboral-de-milei\/#primaryimage"},"image":{"@id":"https:\/\/cuartetoenlaweb.com.ar\/sitio\/santilli-se-reune-este-miercoles-con-ignacio-torres-por-la-reforma-laboral-de-milei\/#primaryimage"},"thumbnailUrl":"https:\/\/cuartetoenlaweb.com.ar\/sitio\/wp-content\/uploads\/2026\/01\/720-58.jpeg","datePublished":"2026-01-07T10:00:20+00:00","breadcrumb":{"@id":"https:\/\/cuartetoenlaweb.com.ar\/sitio\/santilli-se-reune-este-miercoles-con-ignacio-torres-por-la-reforma-laboral-de-milei\/#breadcrumb"},"inLanguage":"es","potentialAction":[{"@type":"ReadAction","target":["https:\/\/cuartetoenlaweb.com.ar\/sitio\/santilli-se-reune-este-miercoles-con-ignacio-torres-por-la-reforma-laboral-de-milei\/"]}]},{"@type":"ImageObject","inLanguage":"es","@id":"https:\/\/cuartetoenlaweb.com.ar\/sitio\/santilli-se-reune-este-miercoles-con-ignacio-torres-por-la-reforma-laboral-de-milei\/#primaryimage","url":"https:\/\/cuartetoenlaweb.com.ar\/sitio\/wp-content\/uploads\/2026\/01\/720-58.jpeg","contentUrl":"https:\/\/cuartetoenlaweb.com.ar\/sitio\/wp-content\/uploads\/2026\/01\/720-58.jpeg","width":1083,"height":720},{"@type":"BreadcrumbList","@id":"https:\/\/cuartetoenlaweb.com.ar\/sitio\/santilli-se-reune-este-miercoles-con-ignacio-torres-por-la-reforma-laboral-de-milei\/#breadcrumb","itemListElement":[{"@type":"ListItem","position":1,"name":"Portada","item":"http:\/\/cuartetoenlaweb.com.ar\/sitio\/"},{"@type":"ListItem","position":2,"name":"Santilli se re\u00fane este mi\u00e9rcoles con Ignacio Torres por la reforma laboral de Milei"}]},{"@type":"WebSite","@id":"http:\/\/cuartetoenlaweb.com.ar\/sitio\/#website","url":"http:\/\/cuartetoenlaweb.com.ar\/sitio\/","name":"Cuarteto en la Web","description":"","publisher":{"@id":"http:\/\/cuartetoenlaweb.com.ar\/sitio\/#organization"},"potentialAction":[{"@type":"SearchAction","target":{"@type":"EntryPoint","urlTemplate":"http:\/\/cuartetoenlaweb.com.ar\/sitio\/?s={search_term_string}"},"query-input":{"@type":"PropertyValueSpecification","valueRequired":true,"valueName":"search_term_string"}}],"inLanguage":"es"},{"@type":"Organization","@id":"http:\/\/cuartetoenlaweb.com.ar\/sitio\/#organization","name":"Cuarteto en la Web","url":"http:\/\/cuartetoenlaweb.com.ar\/sitio\/","logo":{"@type":"ImageObject","inLanguage":"es","@id":"http:\/\/cuartetoenlaweb.com.ar\/sitio\/#\/schema\/logo\/image\/","url":"https:\/\/cuartetoenlaweb.com.ar\/sitio\/wp-content\/uploads\/2025\/07\/cropped-cropped-logitoweb21.png","contentUrl":"https:\/\/cuartetoenlaweb.com.ar\/sitio\/wp-content\/uploads\/2025\/07\/cropped-cropped-logitoweb21.png","width":199,"height":199,"caption":"Cuarteto en la Web"},"image":{"@id":"http:\/\/cuartetoenlaweb.com.ar\/sitio\/#\/schema\/logo\/image\/"}}]}},"_links":{"self":[{"href":"https:\/\/cuartetoenlaweb.com.ar\/sitio\/wp-json\/wp\/v2\/posts\/10094","targetHints":{"allow":["GET"]}}],"collection":[{"href":"https:\/\/cuartetoenlaweb.com.ar\/sitio\/wp-json\/wp\/v2\/posts"}],"about":[{"href":"https:\/\/cuartetoenlaweb.com.ar\/sitio\/wp-json\/wp\/v2\/types\/post"}],"replies":[{"embeddable":true,"href":"https:\/\/cuartetoenlaweb.com.ar\/sitio\/wp-json\/wp\/v2\/comments?post=10094"}],"version-history":[{"count":0,"href":"https:\/\/cuartetoenlaweb.com.ar\/sitio\/wp-json\/wp\/v2\/posts\/10094\/revisions"}],"wp:featuredmedia":[{"embeddable":true,"href":"https:\/\/cuartetoenlaweb.com.ar\/sitio\/wp-json\/wp\/v2\/media\/10095"}],"wp:attachment":[{"href":"https:\/\/cuartetoenlaweb.com.ar\/sitio\/wp-json\/wp\/v2\/media?parent=10094"}],"wp:term":[{"taxonomy":"category","embeddable":true,"href":"https:\/\/cuartetoenlaweb.com.ar\/sitio\/wp-json\/wp\/v2\/categories?post=10094"},{"taxonomy":"post_tag","embeddable":true,"href":"https:\/\/cuartetoenlaweb.com.ar\/sitio\/wp-json\/wp\/v2\/tags?post=10094"}],"curies":[{"name":"wp","href":"https:\/\/api.w.org\/{rel}","templated":true}]}}