
{"id":10090,"date":"2026-01-07T07:00:15","date_gmt":"2026-01-07T10:00:15","guid":{"rendered":"https:\/\/cuartetoenlaweb.com.ar\/sitio\/la-decision-del-gobierno-de-francia-que-afecta-a-sudamerica\/"},"modified":"2026-01-07T07:00:15","modified_gmt":"2026-01-07T10:00:15","slug":"la-decision-del-gobierno-de-francia-que-afecta-a-sudamerica","status":"publish","type":"post","link":"https:\/\/cuartetoenlaweb.com.ar\/sitio\/la-decision-del-gobierno-de-francia-que-afecta-a-sudamerica\/","title":{"rendered":"La decisi\u00f3n del gobierno de Francia que afecta a Sudam\u00e9rica"},"content":{"rendered":"<p>Buenos Aires, 7 enero (NA) \u2013 El gobierno de Francia anunci\u00f3 que suspender\u00e1 las importaciones de productos agr\u00edcolas tratados con cinco fungicidas y herbicidas utilizados para el procesamiento de frutas y verduras, en particular paltas, mangos o guayabas sudamericanos, cuyo uso est\u00e1 prohibido en la Uni\u00f3n Europea por un per\u00edodo m\u00e1ximo de un a\u00f1o.<\/p>\n<p>As\u00ed lo indic\u00f3 a trav\u00e9s de decreto publicado este mi\u00e9rcoles en el Diario Oficial al que accedi\u00f3 la Agencia Noticias Argentinas y el mismo exige a las empresas controles para garantizar que los productos no contengan las sustancias prohibidas, a la vez que prev\u00e9 un plazo de liquidaci\u00f3n de las existencias de un m\u00e1ximo de un mes a partir de su entrada en vigor.<\/p>\n<p>Se trata, en concreto, de los productos mancozeb, utilizado para tratar paltas, mangos, uvas, frutillas, melones, lechugas y pimientos; tiofanato-metil (c\u00edtricos, manzanas, peras, membrillos, n\u00edsperos, c\u00edtricos, soja o avena); glufosinato (papas); carbendazim; y benomyl (c\u00edtricos, manzanas, peras, n\u00edsperos, damascos, melocotones, uvas, mangos, papayas, tomates y algunos cereales).<\/p>\n<p>En tanto, la suspensi\u00f3n afecta, \u00abteniendo en cuenta el perfil de los productos, sobre todo a Sudam\u00e9rica, aunque no es un decreto dirigido contra Sudam\u00e9rica, sino contra cualquier pa\u00eds del mundo que trate las frutas y verduras en cuesti\u00f3n con alguna de estas cinco sustancias\u00bb, indic\u00f3 el Ministerio de Agricultura a principios de semana.<\/p>\n<p>Seg\u00fan indicaron medios internacionales, la medida a\u00fan debe obtener la aprobaci\u00f3n de Bruselas, donde la titular francesa de Agricultura, Annie Genevard, asistir\u00e1 este mi\u00e9rcoles a una reuni\u00f3n especial con ministros europeos sobre el acuerdo comercial que negocia con el bloque sudamericano Mercosur, conformado por Argentina, Brasil, Paraguay y Uruguay, acuerdo del que Francia fue uno de los principales detractores.<\/p>\n<p>#AgenciaNA<\/p>\n","protected":false},"excerpt":{"rendered":"<p>Buenos Aires, 7 enero (NA) \u2013 El gobierno de Francia<\/p>\n","protected":false},"author":0,"featured_media":10091,"comment_status":"","ping_status":"","sticky":false,"template":"","format":"standard","meta":{"footnotes":""},"categories":[65],"tags":[],"class_list":["post-10090","post","type-post","status-publish","format-standard","has-post-thumbnail","hentry","category-pais"],"yoast_head":"<!-- This site is optimized with the Yoast SEO plugin v27.4 - https:\/\/yoast.com\/product\/yoast-seo-wordpress\/ -->\n<title>La decisi\u00f3n del gobierno de Francia que afecta a Sudam\u00e9rica - Cuarteto en la Web<\/title>\n<meta name=\"robots\" content=\"index, follow, max-snippet:-1, max-image-preview:large, max-video-preview:-1\" \/>\n<link rel=\"canonical\" href=\"https:\/\/cuartetoenlaweb.com.ar\/sitio\/la-decision-del-gobierno-de-francia-que-afecta-a-sudamerica\/\" \/>\n<meta property=\"og:locale\" content=\"es_ES\" \/>\n<meta property=\"og:type\" content=\"article\" \/>\n<meta property=\"og:title\" content=\"La decisi\u00f3n del gobierno de Francia que afecta a Sudam\u00e9rica - Cuarteto en la Web\" \/>\n<meta property=\"og:description\" content=\"Buenos Aires, 7 enero (NA) \u2013 El gobierno de Francia\" \/>\n<meta property=\"og:url\" content=\"https:\/\/cuartetoenlaweb.com.ar\/sitio\/la-decision-del-gobierno-de-francia-que-afecta-a-sudamerica\/\" \/>\n<meta property=\"og:site_name\" content=\"Cuarteto en la Web\" \/>\n<meta property=\"article:published_time\" content=\"2026-01-07T10:00:15+00:00\" \/>\n<meta property=\"og:image\" content=\"https:\/\/cuartetoenlaweb.com.ar\/sitio\/wp-content\/uploads\/2026\/01\/720-56.jpeg\" \/>\n\t<meta property=\"og:image:width\" content=\"1262\" \/>\n\t<meta property=\"og:image:height\" content=\"720\" \/>\n\t<meta property=\"og:image:type\" content=\"image\/jpeg\" \/>\n<meta name=\"twitter:card\" content=\"summary_large_image\" \/>\n<meta name=\"twitter:label1\" content=\"Tiempo de lectura\" \/>\n\t<meta name=\"twitter:data1\" content=\"2 minutos\" \/>\n<script type=\"application\/ld+json\" class=\"yoast-schema-graph\">{\"@context\":\"https:\\\/\\\/schema.org\",\"@graph\":[{\"@type\":\"Article\",\"@id\":\"https:\\\/\\\/cuartetoenlaweb.com.ar\\\/sitio\\\/la-decision-del-gobierno-de-francia-que-afecta-a-sudamerica\\\/#article\",\"isPartOf\":{\"@id\":\"https:\\\/\\\/cuartetoenlaweb.com.ar\\\/sitio\\\/la-decision-del-gobierno-de-francia-que-afecta-a-sudamerica\\\/\"},\"author\":{\"name\":\"\",\"@id\":\"\"},\"headline\":\"La decisi\u00f3n del gobierno de Francia que afecta a Sudam\u00e9rica\",\"datePublished\":\"2026-01-07T10:00:15+00:00\",\"mainEntityOfPage\":{\"@id\":\"https:\\\/\\\/cuartetoenlaweb.com.ar\\\/sitio\\\/la-decision-del-gobierno-de-francia-que-afecta-a-sudamerica\\\/\"},\"wordCount\":313,\"publisher\":{\"@id\":\"http:\\\/\\\/cuartetoenlaweb.com.ar\\\/sitio\\\/#organization\"},\"image\":{\"@id\":\"https:\\\/\\\/cuartetoenlaweb.com.ar\\\/sitio\\\/la-decision-del-gobierno-de-francia-que-afecta-a-sudamerica\\\/#primaryimage\"},\"thumbnailUrl\":\"https:\\\/\\\/cuartetoenlaweb.com.ar\\\/sitio\\\/wp-content\\\/uploads\\\/2026\\\/01\\\/720-56.jpeg\",\"articleSection\":[\"PAIS\"],\"inLanguage\":\"es\"},{\"@type\":\"WebPage\",\"@id\":\"https:\\\/\\\/cuartetoenlaweb.com.ar\\\/sitio\\\/la-decision-del-gobierno-de-francia-que-afecta-a-sudamerica\\\/\",\"url\":\"https:\\\/\\\/cuartetoenlaweb.com.ar\\\/sitio\\\/la-decision-del-gobierno-de-francia-que-afecta-a-sudamerica\\\/\",\"name\":\"La decisi\u00f3n del gobierno de Francia que afecta a Sudam\u00e9rica - Cuarteto en la Web\",\"isPartOf\":{\"@id\":\"http:\\\/\\\/cuartetoenlaweb.com.ar\\\/sitio\\\/#website\"},\"primaryImageOfPage\":{\"@id\":\"https:\\\/\\\/cuartetoenlaweb.com.ar\\\/sitio\\\/la-decision-del-gobierno-de-francia-que-afecta-a-sudamerica\\\/#primaryimage\"},\"image\":{\"@id\":\"https:\\\/\\\/cuartetoenlaweb.com.ar\\\/sitio\\\/la-decision-del-gobierno-de-francia-que-afecta-a-sudamerica\\\/#primaryimage\"},\"thumbnailUrl\":\"https:\\\/\\\/cuartetoenlaweb.com.ar\\\/sitio\\\/wp-content\\\/uploads\\\/2026\\\/01\\\/720-56.jpeg\",\"datePublished\":\"2026-01-07T10:00:15+00:00\",\"breadcrumb\":{\"@id\":\"https:\\\/\\\/cuartetoenlaweb.com.ar\\\/sitio\\\/la-decision-del-gobierno-de-francia-que-afecta-a-sudamerica\\\/#breadcrumb\"},\"inLanguage\":\"es\",\"potentialAction\":[{\"@type\":\"ReadAction\",\"target\":[\"https:\\\/\\\/cuartetoenlaweb.com.ar\\\/sitio\\\/la-decision-del-gobierno-de-francia-que-afecta-a-sudamerica\\\/\"]}]},{\"@type\":\"ImageObject\",\"inLanguage\":\"es\",\"@id\":\"https:\\\/\\\/cuartetoenlaweb.com.ar\\\/sitio\\\/la-decision-del-gobierno-de-francia-que-afecta-a-sudamerica\\\/#primaryimage\",\"url\":\"https:\\\/\\\/cuartetoenlaweb.com.ar\\\/sitio\\\/wp-content\\\/uploads\\\/2026\\\/01\\\/720-56.jpeg\",\"contentUrl\":\"https:\\\/\\\/cuartetoenlaweb.com.ar\\\/sitio\\\/wp-content\\\/uploads\\\/2026\\\/01\\\/720-56.jpeg\",\"width\":1262,\"height\":720},{\"@type\":\"BreadcrumbList\",\"@id\":\"https:\\\/\\\/cuartetoenlaweb.com.ar\\\/sitio\\\/la-decision-del-gobierno-de-francia-que-afecta-a-sudamerica\\\/#breadcrumb\",\"itemListElement\":[{\"@type\":\"ListItem\",\"position\":1,\"name\":\"Portada\",\"item\":\"http:\\\/\\\/cuartetoenlaweb.com.ar\\\/sitio\\\/\"},{\"@type\":\"ListItem\",\"position\":2,\"name\":\"La decisi\u00f3n del gobierno de Francia que afecta a Sudam\u00e9rica\"}]},{\"@type\":\"WebSite\",\"@id\":\"http:\\\/\\\/cuartetoenlaweb.com.ar\\\/sitio\\\/#website\",\"url\":\"http:\\\/\\\/cuartetoenlaweb.com.ar\\\/sitio\\\/\",\"name\":\"Cuarteto en la Web\",\"description\":\"\",\"publisher\":{\"@id\":\"http:\\\/\\\/cuartetoenlaweb.com.ar\\\/sitio\\\/#organization\"},\"potentialAction\":[{\"@type\":\"SearchAction\",\"target\":{\"@type\":\"EntryPoint\",\"urlTemplate\":\"http:\\\/\\\/cuartetoenlaweb.com.ar\\\/sitio\\\/?s={search_term_string}\"},\"query-input\":{\"@type\":\"PropertyValueSpecification\",\"valueRequired\":true,\"valueName\":\"search_term_string\"}}],\"inLanguage\":\"es\"},{\"@type\":\"Organization\",\"@id\":\"http:\\\/\\\/cuartetoenlaweb.com.ar\\\/sitio\\\/#organization\",\"name\":\"Cuarteto en la Web\",\"url\":\"http:\\\/\\\/cuartetoenlaweb.com.ar\\\/sitio\\\/\",\"logo\":{\"@type\":\"ImageObject\",\"inLanguage\":\"es\",\"@id\":\"http:\\\/\\\/cuartetoenlaweb.com.ar\\\/sitio\\\/#\\\/schema\\\/logo\\\/image\\\/\",\"url\":\"https:\\\/\\\/cuartetoenlaweb.com.ar\\\/sitio\\\/wp-content\\\/uploads\\\/2025\\\/07\\\/cropped-cropped-logitoweb21.png\",\"contentUrl\":\"https:\\\/\\\/cuartetoenlaweb.com.ar\\\/sitio\\\/wp-content\\\/uploads\\\/2025\\\/07\\\/cropped-cropped-logitoweb21.png\",\"width\":199,\"height\":199,\"caption\":\"Cuarteto en la Web\"},\"image\":{\"@id\":\"http:\\\/\\\/cuartetoenlaweb.com.ar\\\/sitio\\\/#\\\/schema\\\/logo\\\/image\\\/\"}}]}<\/script>\n<!-- \/ Yoast SEO plugin. -->","yoast_head_json":{"title":"La decisi\u00f3n del gobierno de Francia que afecta a Sudam\u00e9rica - Cuarteto en la Web","robots":{"index":"index","follow":"follow","max-snippet":"max-snippet:-1","max-image-preview":"max-image-preview:large","max-video-preview":"max-video-preview:-1"},"canonical":"https:\/\/cuartetoenlaweb.com.ar\/sitio\/la-decision-del-gobierno-de-francia-que-afecta-a-sudamerica\/","og_locale":"es_ES","og_type":"article","og_title":"La decisi\u00f3n del gobierno de Francia que afecta a Sudam\u00e9rica - Cuarteto en la Web","og_description":"Buenos Aires, 7 enero (NA) \u2013 El gobierno de Francia","og_url":"https:\/\/cuartetoenlaweb.com.ar\/sitio\/la-decision-del-gobierno-de-francia-que-afecta-a-sudamerica\/","og_site_name":"Cuarteto en la Web","article_published_time":"2026-01-07T10:00:15+00:00","og_image":[{"width":1262,"height":720,"url":"https:\/\/cuartetoenlaweb.com.ar\/sitio\/wp-content\/uploads\/2026\/01\/720-56.jpeg","type":"image\/jpeg"}],"twitter_card":"summary_large_image","twitter_misc":{"Tiempo de lectura":"2 minutos"},"schema":{"@context":"https:\/\/schema.org","@graph":[{"@type":"Article","@id":"https:\/\/cuartetoenlaweb.com.ar\/sitio\/la-decision-del-gobierno-de-francia-que-afecta-a-sudamerica\/#article","isPartOf":{"@id":"https:\/\/cuartetoenlaweb.com.ar\/sitio\/la-decision-del-gobierno-de-francia-que-afecta-a-sudamerica\/"},"author":{"name":"","@id":""},"headline":"La decisi\u00f3n del gobierno de Francia que afecta a Sudam\u00e9rica","datePublished":"2026-01-07T10:00:15+00:00","mainEntityOfPage":{"@id":"https:\/\/cuartetoenlaweb.com.ar\/sitio\/la-decision-del-gobierno-de-francia-que-afecta-a-sudamerica\/"},"wordCount":313,"publisher":{"@id":"http:\/\/cuartetoenlaweb.com.ar\/sitio\/#organization"},"image":{"@id":"https:\/\/cuartetoenlaweb.com.ar\/sitio\/la-decision-del-gobierno-de-francia-que-afecta-a-sudamerica\/#primaryimage"},"thumbnailUrl":"https:\/\/cuartetoenlaweb.com.ar\/sitio\/wp-content\/uploads\/2026\/01\/720-56.jpeg","articleSection":["PAIS"],"inLanguage":"es"},{"@type":"WebPage","@id":"https:\/\/cuartetoenlaweb.com.ar\/sitio\/la-decision-del-gobierno-de-francia-que-afecta-a-sudamerica\/","url":"https:\/\/cuartetoenlaweb.com.ar\/sitio\/la-decision-del-gobierno-de-francia-que-afecta-a-sudamerica\/","name":"La decisi\u00f3n del gobierno de Francia que afecta a Sudam\u00e9rica - Cuarteto en la Web","isPartOf":{"@id":"http:\/\/cuartetoenlaweb.com.ar\/sitio\/#website"},"primaryImageOfPage":{"@id":"https:\/\/cuartetoenlaweb.com.ar\/sitio\/la-decision-del-gobierno-de-francia-que-afecta-a-sudamerica\/#primaryimage"},"image":{"@id":"https:\/\/cuartetoenlaweb.com.ar\/sitio\/la-decision-del-gobierno-de-francia-que-afecta-a-sudamerica\/#primaryimage"},"thumbnailUrl":"https:\/\/cuartetoenlaweb.com.ar\/sitio\/wp-content\/uploads\/2026\/01\/720-56.jpeg","datePublished":"2026-01-07T10:00:15+00:00","breadcrumb":{"@id":"https:\/\/cuartetoenlaweb.com.ar\/sitio\/la-decision-del-gobierno-de-francia-que-afecta-a-sudamerica\/#breadcrumb"},"inLanguage":"es","potentialAction":[{"@type":"ReadAction","target":["https:\/\/cuartetoenlaweb.com.ar\/sitio\/la-decision-del-gobierno-de-francia-que-afecta-a-sudamerica\/"]}]},{"@type":"ImageObject","inLanguage":"es","@id":"https:\/\/cuartetoenlaweb.com.ar\/sitio\/la-decision-del-gobierno-de-francia-que-afecta-a-sudamerica\/#primaryimage","url":"https:\/\/cuartetoenlaweb.com.ar\/sitio\/wp-content\/uploads\/2026\/01\/720-56.jpeg","contentUrl":"https:\/\/cuartetoenlaweb.com.ar\/sitio\/wp-content\/uploads\/2026\/01\/720-56.jpeg","width":1262,"height":720},{"@type":"BreadcrumbList","@id":"https:\/\/cuartetoenlaweb.com.ar\/sitio\/la-decision-del-gobierno-de-francia-que-afecta-a-sudamerica\/#breadcrumb","itemListElement":[{"@type":"ListItem","position":1,"name":"Portada","item":"http:\/\/cuartetoenlaweb.com.ar\/sitio\/"},{"@type":"ListItem","position":2,"name":"La decisi\u00f3n del gobierno de Francia que afecta a Sudam\u00e9rica"}]},{"@type":"WebSite","@id":"http:\/\/cuartetoenlaweb.com.ar\/sitio\/#website","url":"http:\/\/cuartetoenlaweb.com.ar\/sitio\/","name":"Cuarteto en la Web","description":"","publisher":{"@id":"http:\/\/cuartetoenlaweb.com.ar\/sitio\/#organization"},"potentialAction":[{"@type":"SearchAction","target":{"@type":"EntryPoint","urlTemplate":"http:\/\/cuartetoenlaweb.com.ar\/sitio\/?s={search_term_string}"},"query-input":{"@type":"PropertyValueSpecification","valueRequired":true,"valueName":"search_term_string"}}],"inLanguage":"es"},{"@type":"Organization","@id":"http:\/\/cuartetoenlaweb.com.ar\/sitio\/#organization","name":"Cuarteto en la Web","url":"http:\/\/cuartetoenlaweb.com.ar\/sitio\/","logo":{"@type":"ImageObject","inLanguage":"es","@id":"http:\/\/cuartetoenlaweb.com.ar\/sitio\/#\/schema\/logo\/image\/","url":"https:\/\/cuartetoenlaweb.com.ar\/sitio\/wp-content\/uploads\/2025\/07\/cropped-cropped-logitoweb21.png","contentUrl":"https:\/\/cuartetoenlaweb.com.ar\/sitio\/wp-content\/uploads\/2025\/07\/cropped-cropped-logitoweb21.png","width":199,"height":199,"caption":"Cuarteto en la Web"},"image":{"@id":"http:\/\/cuartetoenlaweb.com.ar\/sitio\/#\/schema\/logo\/image\/"}}]}},"_links":{"self":[{"href":"https:\/\/cuartetoenlaweb.com.ar\/sitio\/wp-json\/wp\/v2\/posts\/10090","targetHints":{"allow":["GET"]}}],"collection":[{"href":"https:\/\/cuartetoenlaweb.com.ar\/sitio\/wp-json\/wp\/v2\/posts"}],"about":[{"href":"https:\/\/cuartetoenlaweb.com.ar\/sitio\/wp-json\/wp\/v2\/types\/post"}],"replies":[{"embeddable":true,"href":"https:\/\/cuartetoenlaweb.com.ar\/sitio\/wp-json\/wp\/v2\/comments?post=10090"}],"version-history":[{"count":0,"href":"https:\/\/cuartetoenlaweb.com.ar\/sitio\/wp-json\/wp\/v2\/posts\/10090\/revisions"}],"wp:featuredmedia":[{"embeddable":true,"href":"https:\/\/cuartetoenlaweb.com.ar\/sitio\/wp-json\/wp\/v2\/media\/10091"}],"wp:attachment":[{"href":"https:\/\/cuartetoenlaweb.com.ar\/sitio\/wp-json\/wp\/v2\/media?parent=10090"}],"wp:term":[{"taxonomy":"category","embeddable":true,"href":"https:\/\/cuartetoenlaweb.com.ar\/sitio\/wp-json\/wp\/v2\/categories?post=10090"},{"taxonomy":"post_tag","embeddable":true,"href":"https:\/\/cuartetoenlaweb.com.ar\/sitio\/wp-json\/wp\/v2\/tags?post=10090"}],"curies":[{"name":"wp","href":"https:\/\/api.w.org\/{rel}","templated":true}]}}