
{"id":10080,"date":"2026-01-07T07:00:09","date_gmt":"2026-01-07T10:00:09","guid":{"rendered":"https:\/\/cuartetoenlaweb.com.ar\/sitio\/christian-petersen-hablo-de-las-dramaticas-las-secuelas-de-salud-puede-enfrentar-voy-a-tener-los-resultados-de\/"},"modified":"2026-01-07T07:00:09","modified_gmt":"2026-01-07T10:00:09","slug":"christian-petersen-hablo-de-las-dramaticas-las-secuelas-de-salud-puede-enfrentar-voy-a-tener-los-resultados-de","status":"publish","type":"post","link":"https:\/\/cuartetoenlaweb.com.ar\/sitio\/christian-petersen-hablo-de-las-dramaticas-las-secuelas-de-salud-puede-enfrentar-voy-a-tener-los-resultados-de\/","title":{"rendered":"Christian Petersen habl\u00f3 de las dramaticas las secuelas de salud puede enfrentar: &quot;Voy a tener los resultados de&#8230;&quot;"},"content":{"rendered":"<p><strong>Christian Petersen<\/strong> finalmente recibi\u00f3 el alta y decidi\u00f3 hablar por primera vez; el reconocido chef le envi\u00f3 un audio exclusivo al periodista <strong>Juan Etchehegoyen<\/strong>, a donde revel\u00f3 cada uno de los detalles de lo que pas\u00f3: desde su descompensaci\u00f3n en el volc\u00e1n Lan\u00edn hasta su dram\u00e1tica internaci\u00f3n.<\/p>\n<p>Sin dudas que su momento m\u00e1s duro fue cuando recibi\u00f3 el diagn\u00f3stico de falla multiorg\u00e1nica y qued\u00f3 luchando por su vida. Agradecido a todo el equipo m\u00e9dico, <a href=\"https:\/\/www.paparazzi.com.ar\/teve\/christian-petersen-rompio-el-silencio-tras-recibir-el-alta-es-verdad-que-estaba-acelerado-los-medicos-no-saben-que-me-disparo-esto\/\">Petersen revel\u00f3 que esto a\u00fan no termin\u00f3<\/a> y deber\u00e1 someterse a un estudio que podr\u00eda ser definitorio en su cuadro de salud, sobre todo por las secuelas que podr\u00eda enfrentar.<\/p>\n<div class=\"mt-box \">\n<h4 class=\"mt-heading\">Mir\u00e1 Tambi\u00e9n<\/h4>\n<p><a href=\"https:\/\/www.paparazzi.com.ar\/teve\/christian-petersen-rompio-el-silencio-tras-recibir-el-alta-es-verdad-que-estaba-acelerado-los-medicos-no-saben-que-me-disparo-esto\/\"><\/p>\n<div class=\"mt-content\">\n<div class=\"mt-image-container\"><img decoding=\"async\" src=\"https:\/\/www.paparazzi.com.ar\/wp-content\/uploads\/2025\/12\/Christian-Petersen-3-359x226.jpg\" alt=\"Christian Petersen rompi\u00f3 el silencio tras recibir el alta: &quot;Es verdad que estaba acelerado, los m\u00e9dicos no saben qu\u00e9 me dispar\u00f3 esto&quot;\" class=\"mt-image\" loading=\"lazy\" \/><\/div>\n<h5 class=\"mt-title\">Christian Petersen rompi\u00f3 el silencio tras recibir el alta: \u00abEs verdad que estaba acelerado, los m\u00e9dicos no saben qu\u00e9 me dispar\u00f3 esto\u00bb<\/h5>\n<\/div>\n<p><\/a><\/div>\n<p>\u201c<em>Reci\u00e9n la semana que viene voy a tener los resultados de un estudio importante y ah\u00ed te contar\u00e9<\/em>\u201d, le cont\u00f3 <a href=\"https:\/\/www.paparazzi.com.ar\/teve\/la-polemica-revelacion-del-guia-de-la-montana-que-escalo-christian-petersen-soberbia-y\/\">Christian<\/a> al periodista. Recordando c\u00f3mo fue cada momento, el chef no esquiv\u00f3 ning\u00fan tema y decidi\u00f3 hablar de todo.<\/p>\n<p>En particular, opt\u00f3 por referirse a lo que fue el tema de los gu\u00edas y toda la pol\u00e9mica que aconteci\u00f3. En ese sentido, tuvo palabras de gratitud a cada una de las personas que lo ayudaron y lograron asistirlo en medio de su peor momento.<\/p>\n<h2 class=\"wp-block-heading\">CHRISTIAN PETERSEN CONT\u00d3 TODA SU VERDAD<\/h2>\n<p>\u201c<em>Es verdad que baj\u00e9 del volc\u00e1n Lan\u00edn muy r\u00e1pido y muy contento. Es verdad que los gu\u00edas son incre\u00edbles. Es verdad que tanto la gente de Jun\u00edn, de San Mart\u00edn de Los Andes y del Hospital Alem\u00e1n son los mejores m\u00e9dicos de la Argentina y me salvaron la vida<\/em>\u201d, destac\u00f3 <a href=\"https:\/\/www.paparazzi.com.ar\/teve\/el-diagnostico-de-los-medicos-de-christian-petersen-a-21-dias-de-su-dramatica-internacion-ningun-tipo-de\/\">Christian<\/a>.\u00a0<\/p>\n<div class=\"mt-box \">\n<h4 class=\"mt-heading\">Mir\u00e1 Tambi\u00e9n<\/h4>\n<p><a href=\"https:\/\/www.paparazzi.com.ar\/romances\/aparecieron-nuevos-detalles-de-ciro-de-los-piojos-tras-conocerse-su-explosivo-romance-estuvo-obsesionado-por-anos\/\"><\/p>\n<div class=\"mt-content\">\n<div class=\"mt-image-container\"><img decoding=\"async\" src=\"https:\/\/www.paparazzi.com.ar\/wp-content\/uploads\/2026\/01\/Aparecieron-nuevos-detalles-de-Ciro-de-Los-Piojos-tras-conocerse-su-explosivo-romance-22Estuvo-obsesionado-por-anos22-359x226.jpg\" alt=\"Aparecieron nuevos detalles de Ciro de Los Piojos tras conocerse su explosivo romance: &quot;Estuvo obsesionado por a\u00f1os&quot;\" class=\"mt-image\" loading=\"lazy\" \/><\/div>\n<h5 class=\"mt-title\">Aparecieron nuevos detalles de Ciro de Los Piojos tras conocerse su explosivo romance: \u00abEstuvo obsesionado por a\u00f1os\u00bb<\/h5>\n<\/div>\n<p><\/a><\/div>\n<p>En cuanto a su estado f\u00edsico y diferentes versiones que circularon, Petersen detall\u00f3 que se encontraba en condiciones. Empero, ocurrieron situaciones que se salieron fuera de su alcance, y que, como cualquier persona que sufre un problema de salud, tuvo que ser asistido.<\/p>\n<p>\u201c<em>Es verdad que cuando baj\u00e9 estaba acelerado y por eso fui al m\u00e9dico. Eso es todo lo que te puedo contar porque es lo que me acuerdo. estaba reentrenado para subir al Lan\u00edn. Hago de todo todos los d\u00edas y el gu\u00eda era superprofesional. De hecho, \u00e9l quer\u00eda que haga cumbre<\/em>\u201d, sentenci\u00f3.<\/p>\n<\/p>\n<p>The post <a href=\"https:\/\/www.paparazzi.com.ar\/teve\/christian-petersen-hablo-de-las-dramaticas-las-secuelas-de-salud-puede-enfrentar-voy-a-tener-los-resultados-de\/\">Christian Petersen habl\u00f3 de las dramaticas las secuelas de salud puede enfrentar: &quot;Voy a tener los resultados de&#8230;&quot;<\/a> appeared first on <a href=\"https:\/\/www.paparazzi.com.ar\">Revista Paparazzi<\/a>.<\/p>\n","protected":false},"excerpt":{"rendered":"<p>Christian Petersen finalmente recibi\u00f3 el alta y decidi\u00f3 hablar por<\/p>\n","protected":false},"author":0,"featured_media":10081,"comment_status":"","ping_status":"","sticky":false,"template":"","format":"standard","meta":{"footnotes":""},"categories":[65],"tags":[],"class_list":["post-10080","post","type-post","status-publish","format-standard","has-post-thumbnail","hentry","category-pais"],"yoast_head":"<!-- This site is optimized with the Yoast SEO plugin v27.4 - https:\/\/yoast.com\/product\/yoast-seo-wordpress\/ -->\n<title>Christian Petersen habl\u00f3 de las dramaticas las secuelas de salud puede enfrentar: &quot;Voy a tener los resultados de...&quot; - Cuarteto en la Web<\/title>\n<meta name=\"robots\" content=\"index, follow, max-snippet:-1, max-image-preview:large, max-video-preview:-1\" \/>\n<link rel=\"canonical\" href=\"http:\/\/cuartetoenlaweb.com.ar\/sitio\/christian-petersen-hablo-de-las-dramaticas-las-secuelas-de-salud-puede-enfrentar-voy-a-tener-los-resultados-de\/\" \/>\n<meta property=\"og:locale\" content=\"es_ES\" \/>\n<meta property=\"og:type\" content=\"article\" \/>\n<meta property=\"og:title\" content=\"Christian Petersen habl\u00f3 de las dramaticas las secuelas de salud puede enfrentar: &quot;Voy a tener los resultados de...&quot; - Cuarteto en la Web\" \/>\n<meta property=\"og:description\" content=\"Christian Petersen finalmente recibi\u00f3 el alta y decidi\u00f3 hablar por\" \/>\n<meta property=\"og:url\" content=\"http:\/\/cuartetoenlaweb.com.ar\/sitio\/christian-petersen-hablo-de-las-dramaticas-las-secuelas-de-salud-puede-enfrentar-voy-a-tener-los-resultados-de\/\" \/>\n<meta property=\"og:site_name\" content=\"Cuarteto en la Web\" \/>\n<meta property=\"article:published_time\" content=\"2026-01-07T10:00:09+00:00\" \/>\n<meta property=\"og:image\" content=\"http:\/\/cuartetoenlaweb.com.ar\/sitio\/wp-content\/uploads\/2026\/01\/Christian-Petersen-3-359x226-1.jpg\" \/>\n\t<meta property=\"og:image:width\" content=\"359\" \/>\n\t<meta property=\"og:image:height\" content=\"226\" \/>\n\t<meta property=\"og:image:type\" content=\"image\/jpeg\" \/>\n<meta name=\"twitter:card\" content=\"summary_large_image\" \/>\n<meta name=\"twitter:label1\" content=\"Tiempo de lectura\" \/>\n\t<meta name=\"twitter:data1\" content=\"2 minutos\" \/>\n<script type=\"application\/ld+json\" class=\"yoast-schema-graph\">{\"@context\":\"https:\\\/\\\/schema.org\",\"@graph\":[{\"@type\":\"Article\",\"@id\":\"http:\\\/\\\/cuartetoenlaweb.com.ar\\\/sitio\\\/christian-petersen-hablo-de-las-dramaticas-las-secuelas-de-salud-puede-enfrentar-voy-a-tener-los-resultados-de\\\/#article\",\"isPartOf\":{\"@id\":\"http:\\\/\\\/cuartetoenlaweb.com.ar\\\/sitio\\\/christian-petersen-hablo-de-las-dramaticas-las-secuelas-de-salud-puede-enfrentar-voy-a-tener-los-resultados-de\\\/\"},\"author\":{\"name\":\"\",\"@id\":\"\"},\"headline\":\"Christian Petersen habl\u00f3 de las dramaticas las secuelas de salud puede enfrentar: &quot;Voy a tener los resultados de&#8230;&quot;\",\"datePublished\":\"2026-01-07T10:00:09+00:00\",\"mainEntityOfPage\":{\"@id\":\"http:\\\/\\\/cuartetoenlaweb.com.ar\\\/sitio\\\/christian-petersen-hablo-de-las-dramaticas-las-secuelas-de-salud-puede-enfrentar-voy-a-tener-los-resultados-de\\\/\"},\"wordCount\":466,\"publisher\":{\"@id\":\"http:\\\/\\\/cuartetoenlaweb.com.ar\\\/sitio\\\/#organization\"},\"image\":{\"@id\":\"http:\\\/\\\/cuartetoenlaweb.com.ar\\\/sitio\\\/christian-petersen-hablo-de-las-dramaticas-las-secuelas-de-salud-puede-enfrentar-voy-a-tener-los-resultados-de\\\/#primaryimage\"},\"thumbnailUrl\":\"https:\\\/\\\/cuartetoenlaweb.com.ar\\\/sitio\\\/wp-content\\\/uploads\\\/2026\\\/01\\\/Christian-Petersen-3-359x226-1.jpg\",\"articleSection\":[\"PAIS\"],\"inLanguage\":\"es\"},{\"@type\":\"WebPage\",\"@id\":\"http:\\\/\\\/cuartetoenlaweb.com.ar\\\/sitio\\\/christian-petersen-hablo-de-las-dramaticas-las-secuelas-de-salud-puede-enfrentar-voy-a-tener-los-resultados-de\\\/\",\"url\":\"http:\\\/\\\/cuartetoenlaweb.com.ar\\\/sitio\\\/christian-petersen-hablo-de-las-dramaticas-las-secuelas-de-salud-puede-enfrentar-voy-a-tener-los-resultados-de\\\/\",\"name\":\"Christian Petersen habl\u00f3 de las dramaticas las secuelas de salud puede enfrentar: &quot;Voy a tener los resultados de...&quot; - Cuarteto en la Web\",\"isPartOf\":{\"@id\":\"http:\\\/\\\/cuartetoenlaweb.com.ar\\\/sitio\\\/#website\"},\"primaryImageOfPage\":{\"@id\":\"http:\\\/\\\/cuartetoenlaweb.com.ar\\\/sitio\\\/christian-petersen-hablo-de-las-dramaticas-las-secuelas-de-salud-puede-enfrentar-voy-a-tener-los-resultados-de\\\/#primaryimage\"},\"image\":{\"@id\":\"http:\\\/\\\/cuartetoenlaweb.com.ar\\\/sitio\\\/christian-petersen-hablo-de-las-dramaticas-las-secuelas-de-salud-puede-enfrentar-voy-a-tener-los-resultados-de\\\/#primaryimage\"},\"thumbnailUrl\":\"https:\\\/\\\/cuartetoenlaweb.com.ar\\\/sitio\\\/wp-content\\\/uploads\\\/2026\\\/01\\\/Christian-Petersen-3-359x226-1.jpg\",\"datePublished\":\"2026-01-07T10:00:09+00:00\",\"breadcrumb\":{\"@id\":\"http:\\\/\\\/cuartetoenlaweb.com.ar\\\/sitio\\\/christian-petersen-hablo-de-las-dramaticas-las-secuelas-de-salud-puede-enfrentar-voy-a-tener-los-resultados-de\\\/#breadcrumb\"},\"inLanguage\":\"es\",\"potentialAction\":[{\"@type\":\"ReadAction\",\"target\":[\"http:\\\/\\\/cuartetoenlaweb.com.ar\\\/sitio\\\/christian-petersen-hablo-de-las-dramaticas-las-secuelas-de-salud-puede-enfrentar-voy-a-tener-los-resultados-de\\\/\"]}]},{\"@type\":\"ImageObject\",\"inLanguage\":\"es\",\"@id\":\"http:\\\/\\\/cuartetoenlaweb.com.ar\\\/sitio\\\/christian-petersen-hablo-de-las-dramaticas-las-secuelas-de-salud-puede-enfrentar-voy-a-tener-los-resultados-de\\\/#primaryimage\",\"url\":\"https:\\\/\\\/cuartetoenlaweb.com.ar\\\/sitio\\\/wp-content\\\/uploads\\\/2026\\\/01\\\/Christian-Petersen-3-359x226-1.jpg\",\"contentUrl\":\"https:\\\/\\\/cuartetoenlaweb.com.ar\\\/sitio\\\/wp-content\\\/uploads\\\/2026\\\/01\\\/Christian-Petersen-3-359x226-1.jpg\",\"width\":359,\"height\":226},{\"@type\":\"BreadcrumbList\",\"@id\":\"http:\\\/\\\/cuartetoenlaweb.com.ar\\\/sitio\\\/christian-petersen-hablo-de-las-dramaticas-las-secuelas-de-salud-puede-enfrentar-voy-a-tener-los-resultados-de\\\/#breadcrumb\",\"itemListElement\":[{\"@type\":\"ListItem\",\"position\":1,\"name\":\"Portada\",\"item\":\"http:\\\/\\\/cuartetoenlaweb.com.ar\\\/sitio\\\/\"},{\"@type\":\"ListItem\",\"position\":2,\"name\":\"Christian Petersen habl\u00f3 de las dramaticas las secuelas de salud puede enfrentar: &quot;Voy a tener los resultados de&#8230;&quot;\"}]},{\"@type\":\"WebSite\",\"@id\":\"http:\\\/\\\/cuartetoenlaweb.com.ar\\\/sitio\\\/#website\",\"url\":\"http:\\\/\\\/cuartetoenlaweb.com.ar\\\/sitio\\\/\",\"name\":\"Cuarteto en la Web\",\"description\":\"\",\"publisher\":{\"@id\":\"http:\\\/\\\/cuartetoenlaweb.com.ar\\\/sitio\\\/#organization\"},\"potentialAction\":[{\"@type\":\"SearchAction\",\"target\":{\"@type\":\"EntryPoint\",\"urlTemplate\":\"http:\\\/\\\/cuartetoenlaweb.com.ar\\\/sitio\\\/?s={search_term_string}\"},\"query-input\":{\"@type\":\"PropertyValueSpecification\",\"valueRequired\":true,\"valueName\":\"search_term_string\"}}],\"inLanguage\":\"es\"},{\"@type\":\"Organization\",\"@id\":\"http:\\\/\\\/cuartetoenlaweb.com.ar\\\/sitio\\\/#organization\",\"name\":\"Cuarteto en la Web\",\"url\":\"http:\\\/\\\/cuartetoenlaweb.com.ar\\\/sitio\\\/\",\"logo\":{\"@type\":\"ImageObject\",\"inLanguage\":\"es\",\"@id\":\"http:\\\/\\\/cuartetoenlaweb.com.ar\\\/sitio\\\/#\\\/schema\\\/logo\\\/image\\\/\",\"url\":\"https:\\\/\\\/cuartetoenlaweb.com.ar\\\/sitio\\\/wp-content\\\/uploads\\\/2025\\\/07\\\/cropped-cropped-logitoweb21.png\",\"contentUrl\":\"https:\\\/\\\/cuartetoenlaweb.com.ar\\\/sitio\\\/wp-content\\\/uploads\\\/2025\\\/07\\\/cropped-cropped-logitoweb21.png\",\"width\":199,\"height\":199,\"caption\":\"Cuarteto en la Web\"},\"image\":{\"@id\":\"http:\\\/\\\/cuartetoenlaweb.com.ar\\\/sitio\\\/#\\\/schema\\\/logo\\\/image\\\/\"}}]}<\/script>\n<!-- \/ Yoast SEO plugin. -->","yoast_head_json":{"title":"Christian Petersen habl\u00f3 de las dramaticas las secuelas de salud puede enfrentar: &quot;Voy a tener los resultados de...&quot; - Cuarteto en la Web","robots":{"index":"index","follow":"follow","max-snippet":"max-snippet:-1","max-image-preview":"max-image-preview:large","max-video-preview":"max-video-preview:-1"},"canonical":"http:\/\/cuartetoenlaweb.com.ar\/sitio\/christian-petersen-hablo-de-las-dramaticas-las-secuelas-de-salud-puede-enfrentar-voy-a-tener-los-resultados-de\/","og_locale":"es_ES","og_type":"article","og_title":"Christian Petersen habl\u00f3 de las dramaticas las secuelas de salud puede enfrentar: &quot;Voy a tener los resultados de...&quot; - Cuarteto en la Web","og_description":"Christian Petersen finalmente recibi\u00f3 el alta y decidi\u00f3 hablar por","og_url":"http:\/\/cuartetoenlaweb.com.ar\/sitio\/christian-petersen-hablo-de-las-dramaticas-las-secuelas-de-salud-puede-enfrentar-voy-a-tener-los-resultados-de\/","og_site_name":"Cuarteto en la Web","article_published_time":"2026-01-07T10:00:09+00:00","og_image":[{"width":359,"height":226,"url":"http:\/\/cuartetoenlaweb.com.ar\/sitio\/wp-content\/uploads\/2026\/01\/Christian-Petersen-3-359x226-1.jpg","type":"image\/jpeg"}],"twitter_card":"summary_large_image","twitter_misc":{"Tiempo de lectura":"2 minutos"},"schema":{"@context":"https:\/\/schema.org","@graph":[{"@type":"Article","@id":"http:\/\/cuartetoenlaweb.com.ar\/sitio\/christian-petersen-hablo-de-las-dramaticas-las-secuelas-de-salud-puede-enfrentar-voy-a-tener-los-resultados-de\/#article","isPartOf":{"@id":"http:\/\/cuartetoenlaweb.com.ar\/sitio\/christian-petersen-hablo-de-las-dramaticas-las-secuelas-de-salud-puede-enfrentar-voy-a-tener-los-resultados-de\/"},"author":{"name":"","@id":""},"headline":"Christian Petersen habl\u00f3 de las dramaticas las secuelas de salud puede enfrentar: &quot;Voy a tener los resultados de&#8230;&quot;","datePublished":"2026-01-07T10:00:09+00:00","mainEntityOfPage":{"@id":"http:\/\/cuartetoenlaweb.com.ar\/sitio\/christian-petersen-hablo-de-las-dramaticas-las-secuelas-de-salud-puede-enfrentar-voy-a-tener-los-resultados-de\/"},"wordCount":466,"publisher":{"@id":"http:\/\/cuartetoenlaweb.com.ar\/sitio\/#organization"},"image":{"@id":"http:\/\/cuartetoenlaweb.com.ar\/sitio\/christian-petersen-hablo-de-las-dramaticas-las-secuelas-de-salud-puede-enfrentar-voy-a-tener-los-resultados-de\/#primaryimage"},"thumbnailUrl":"https:\/\/cuartetoenlaweb.com.ar\/sitio\/wp-content\/uploads\/2026\/01\/Christian-Petersen-3-359x226-1.jpg","articleSection":["PAIS"],"inLanguage":"es"},{"@type":"WebPage","@id":"http:\/\/cuartetoenlaweb.com.ar\/sitio\/christian-petersen-hablo-de-las-dramaticas-las-secuelas-de-salud-puede-enfrentar-voy-a-tener-los-resultados-de\/","url":"http:\/\/cuartetoenlaweb.com.ar\/sitio\/christian-petersen-hablo-de-las-dramaticas-las-secuelas-de-salud-puede-enfrentar-voy-a-tener-los-resultados-de\/","name":"Christian Petersen habl\u00f3 de las dramaticas las secuelas de salud puede enfrentar: &quot;Voy a tener los resultados de...&quot; - Cuarteto en la Web","isPartOf":{"@id":"http:\/\/cuartetoenlaweb.com.ar\/sitio\/#website"},"primaryImageOfPage":{"@id":"http:\/\/cuartetoenlaweb.com.ar\/sitio\/christian-petersen-hablo-de-las-dramaticas-las-secuelas-de-salud-puede-enfrentar-voy-a-tener-los-resultados-de\/#primaryimage"},"image":{"@id":"http:\/\/cuartetoenlaweb.com.ar\/sitio\/christian-petersen-hablo-de-las-dramaticas-las-secuelas-de-salud-puede-enfrentar-voy-a-tener-los-resultados-de\/#primaryimage"},"thumbnailUrl":"https:\/\/cuartetoenlaweb.com.ar\/sitio\/wp-content\/uploads\/2026\/01\/Christian-Petersen-3-359x226-1.jpg","datePublished":"2026-01-07T10:00:09+00:00","breadcrumb":{"@id":"http:\/\/cuartetoenlaweb.com.ar\/sitio\/christian-petersen-hablo-de-las-dramaticas-las-secuelas-de-salud-puede-enfrentar-voy-a-tener-los-resultados-de\/#breadcrumb"},"inLanguage":"es","potentialAction":[{"@type":"ReadAction","target":["http:\/\/cuartetoenlaweb.com.ar\/sitio\/christian-petersen-hablo-de-las-dramaticas-las-secuelas-de-salud-puede-enfrentar-voy-a-tener-los-resultados-de\/"]}]},{"@type":"ImageObject","inLanguage":"es","@id":"http:\/\/cuartetoenlaweb.com.ar\/sitio\/christian-petersen-hablo-de-las-dramaticas-las-secuelas-de-salud-puede-enfrentar-voy-a-tener-los-resultados-de\/#primaryimage","url":"https:\/\/cuartetoenlaweb.com.ar\/sitio\/wp-content\/uploads\/2026\/01\/Christian-Petersen-3-359x226-1.jpg","contentUrl":"https:\/\/cuartetoenlaweb.com.ar\/sitio\/wp-content\/uploads\/2026\/01\/Christian-Petersen-3-359x226-1.jpg","width":359,"height":226},{"@type":"BreadcrumbList","@id":"http:\/\/cuartetoenlaweb.com.ar\/sitio\/christian-petersen-hablo-de-las-dramaticas-las-secuelas-de-salud-puede-enfrentar-voy-a-tener-los-resultados-de\/#breadcrumb","itemListElement":[{"@type":"ListItem","position":1,"name":"Portada","item":"http:\/\/cuartetoenlaweb.com.ar\/sitio\/"},{"@type":"ListItem","position":2,"name":"Christian Petersen habl\u00f3 de las dramaticas las secuelas de salud puede enfrentar: &quot;Voy a tener los resultados de&#8230;&quot;"}]},{"@type":"WebSite","@id":"http:\/\/cuartetoenlaweb.com.ar\/sitio\/#website","url":"http:\/\/cuartetoenlaweb.com.ar\/sitio\/","name":"Cuarteto en la Web","description":"","publisher":{"@id":"http:\/\/cuartetoenlaweb.com.ar\/sitio\/#organization"},"potentialAction":[{"@type":"SearchAction","target":{"@type":"EntryPoint","urlTemplate":"http:\/\/cuartetoenlaweb.com.ar\/sitio\/?s={search_term_string}"},"query-input":{"@type":"PropertyValueSpecification","valueRequired":true,"valueName":"search_term_string"}}],"inLanguage":"es"},{"@type":"Organization","@id":"http:\/\/cuartetoenlaweb.com.ar\/sitio\/#organization","name":"Cuarteto en la Web","url":"http:\/\/cuartetoenlaweb.com.ar\/sitio\/","logo":{"@type":"ImageObject","inLanguage":"es","@id":"http:\/\/cuartetoenlaweb.com.ar\/sitio\/#\/schema\/logo\/image\/","url":"https:\/\/cuartetoenlaweb.com.ar\/sitio\/wp-content\/uploads\/2025\/07\/cropped-cropped-logitoweb21.png","contentUrl":"https:\/\/cuartetoenlaweb.com.ar\/sitio\/wp-content\/uploads\/2025\/07\/cropped-cropped-logitoweb21.png","width":199,"height":199,"caption":"Cuarteto en la Web"},"image":{"@id":"http:\/\/cuartetoenlaweb.com.ar\/sitio\/#\/schema\/logo\/image\/"}}]}},"_links":{"self":[{"href":"https:\/\/cuartetoenlaweb.com.ar\/sitio\/wp-json\/wp\/v2\/posts\/10080","targetHints":{"allow":["GET"]}}],"collection":[{"href":"https:\/\/cuartetoenlaweb.com.ar\/sitio\/wp-json\/wp\/v2\/posts"}],"about":[{"href":"https:\/\/cuartetoenlaweb.com.ar\/sitio\/wp-json\/wp\/v2\/types\/post"}],"replies":[{"embeddable":true,"href":"https:\/\/cuartetoenlaweb.com.ar\/sitio\/wp-json\/wp\/v2\/comments?post=10080"}],"version-history":[{"count":0,"href":"https:\/\/cuartetoenlaweb.com.ar\/sitio\/wp-json\/wp\/v2\/posts\/10080\/revisions"}],"wp:featuredmedia":[{"embeddable":true,"href":"https:\/\/cuartetoenlaweb.com.ar\/sitio\/wp-json\/wp\/v2\/media\/10081"}],"wp:attachment":[{"href":"https:\/\/cuartetoenlaweb.com.ar\/sitio\/wp-json\/wp\/v2\/media?parent=10080"}],"wp:term":[{"taxonomy":"category","embeddable":true,"href":"https:\/\/cuartetoenlaweb.com.ar\/sitio\/wp-json\/wp\/v2\/categories?post=10080"},{"taxonomy":"post_tag","embeddable":true,"href":"https:\/\/cuartetoenlaweb.com.ar\/sitio\/wp-json\/wp\/v2\/tags?post=10080"}],"curies":[{"name":"wp","href":"https:\/\/api.w.org\/{rel}","templated":true}]}}