
{"id":10074,"date":"2026-01-06T18:59:51","date_gmt":"2026-01-06T21:59:51","guid":{"rendered":"https:\/\/cuartetoenlaweb.com.ar\/sitio\/virginia-gallardo-presenta-su-primer-proyecto-para-pedir-por-las-inundaciones-en-su-provincia\/"},"modified":"2026-01-06T18:59:51","modified_gmt":"2026-01-06T21:59:51","slug":"virginia-gallardo-presenta-su-primer-proyecto-para-pedir-por-las-inundaciones-en-su-provincia","status":"publish","type":"post","link":"https:\/\/cuartetoenlaweb.com.ar\/sitio\/virginia-gallardo-presenta-su-primer-proyecto-para-pedir-por-las-inundaciones-en-su-provincia\/","title":{"rendered":"Virginia Gallardo presenta su primer proyecto para pedir por las inundaciones en su provincia"},"content":{"rendered":"<p>Buenos Aires, 6 enero (NA).- La flamante diputada de La Libertad Avanza (LLA) Virginia Gallardo present\u00f3 su primer proyecto para solicitar que se declare la \u201cemergencia h\u00eddrica\u201d en Corrientes, debido a las intensas lluvias que provocaron graves inundaciones en localidades de esa provincia.<\/p>\n<p>Junto al libertario correntino Lisandro Almir\u00f3n, Gallardo impuls\u00f3 una iniciativa de declaraci\u00f3n donde se\u00f1ala que \u201cver\u00eda con agrado que el Poder Ejecutivo Nacional declare el Estado de Emergencia H\u00eddrica en las zonas afectadas de la Provincia de Corrientes, como consecuencia de las intensas precipitaciones registradas en el \u00faltimo per\u00edodo\u201d.<\/p>\n<p>La legisladora buscar\u00e1 centralizar su actividad parlamentaria en temas vinculados a su provincia para impulsar la industria y a la ni\u00f1ez, seg\u00fan supo la Agencia Noticias Argentinas.<\/p>\n<p>En los fundamentos, Gallardo y Almir\u00f3n se\u00f1alaron que \u201cla declaraci\u00f3n de la Emergencia H\u00eddrica por parte del Poder Ejecutivo Nacional se presenta como una medida necesaria y oportuna, que permitir\u00eda agilizar mecanismos administrativos y presupuestarios, reforzar la asistencia a las poblaciones damnificadas y acompa\u00f1ar a las autoridades provinciales y municipales en las tareas de contenci\u00f3n, recuperaci\u00f3n y reconstrucci\u00f3n\u201d.<\/p>\n<p>\u201cLa adopci\u00f3n de medidas excepcionales en el marco de la emergencia constituye una herramienta indispensable para mitigar los efectos del desastre, proteger a la poblaci\u00f3n afectada y contribuir a la pronta normalizaci\u00f3n de las condiciones de vida en la Provincia de Corrientes\u201d, a\u00f1adieron.<\/p>\n<p>Los legisladores resaltaron tambi\u00e9n la ayuda brindada por el Gobierno tras las intensas precipitaciones que ocurrieron en los \u00faltimos d\u00edas de diciembre. En ese sentido se\u00f1alaron que \u201cresulta fundamental destacar las acciones de asistencia y log\u00edstica que ya se encuentran en marcha\u201d.<\/p>\n<p>Agregaron que \u201cdichos insumos fueron trasladados en un cami\u00f3n puesto a disposici\u00f3n por el municipio de Santo Tom\u00e9 hacia la localidad de San Luis del Palmar, recorriendo una distancia aproximada de trescientos cincuenta kil\u00f3metros\u201d.<\/p>\n<p>Y destacaron que \u00aba ello se suma el env\u00edo previsto de un cami\u00f3n de la Gendarmer\u00eda Nacional Argentina, en coordinaci\u00f3n con la Cruz Roja, que transportar\u00e1 cuatrocientos kits de higiene personal y para el hogar, destinados a reforzar la asistencia humanitaria en las zonas m\u00e1s afectadas. #AgenciaNA<\/p>\n","protected":false},"excerpt":{"rendered":"<p>Buenos Aires, 6 enero (NA).- La flamante diputada de La<\/p>\n","protected":false},"author":0,"featured_media":10075,"comment_status":"","ping_status":"","sticky":false,"template":"","format":"standard","meta":{"footnotes":""},"categories":[65],"tags":[],"class_list":["post-10074","post","type-post","status-publish","format-standard","has-post-thumbnail","hentry","category-pais"],"yoast_head":"<!-- This site is optimized with the Yoast SEO plugin v27.4 - https:\/\/yoast.com\/product\/yoast-seo-wordpress\/ -->\n<title>Virginia Gallardo presenta su primer proyecto para pedir por las inundaciones en su provincia - Cuarteto en la Web<\/title>\n<meta name=\"robots\" content=\"index, follow, max-snippet:-1, max-image-preview:large, max-video-preview:-1\" \/>\n<link rel=\"canonical\" href=\"http:\/\/cuartetoenlaweb.com.ar\/sitio\/virginia-gallardo-presenta-su-primer-proyecto-para-pedir-por-las-inundaciones-en-su-provincia\/\" \/>\n<meta property=\"og:locale\" content=\"es_ES\" \/>\n<meta property=\"og:type\" content=\"article\" \/>\n<meta property=\"og:title\" content=\"Virginia Gallardo presenta su primer proyecto para pedir por las inundaciones en su provincia - Cuarteto en la Web\" \/>\n<meta property=\"og:description\" content=\"Buenos Aires, 6 enero (NA).- La flamante diputada de La\" \/>\n<meta property=\"og:url\" content=\"http:\/\/cuartetoenlaweb.com.ar\/sitio\/virginia-gallardo-presenta-su-primer-proyecto-para-pedir-por-las-inundaciones-en-su-provincia\/\" \/>\n<meta property=\"og:site_name\" content=\"Cuarteto en la Web\" \/>\n<meta property=\"article:published_time\" content=\"2026-01-06T21:59:51+00:00\" \/>\n<meta property=\"og:image\" content=\"http:\/\/cuartetoenlaweb.com.ar\/sitio\/wp-content\/uploads\/2026\/01\/720-53.jpeg\" \/>\n\t<meta property=\"og:image:width\" content=\"1080\" \/>\n\t<meta property=\"og:image:height\" content=\"720\" \/>\n\t<meta property=\"og:image:type\" content=\"image\/jpeg\" \/>\n<meta name=\"twitter:card\" content=\"summary_large_image\" \/>\n<meta name=\"twitter:label1\" content=\"Tiempo de lectura\" \/>\n\t<meta name=\"twitter:data1\" content=\"2 minutos\" \/>\n<script type=\"application\/ld+json\" class=\"yoast-schema-graph\">{\"@context\":\"https:\\\/\\\/schema.org\",\"@graph\":[{\"@type\":\"Article\",\"@id\":\"http:\\\/\\\/cuartetoenlaweb.com.ar\\\/sitio\\\/virginia-gallardo-presenta-su-primer-proyecto-para-pedir-por-las-inundaciones-en-su-provincia\\\/#article\",\"isPartOf\":{\"@id\":\"http:\\\/\\\/cuartetoenlaweb.com.ar\\\/sitio\\\/virginia-gallardo-presenta-su-primer-proyecto-para-pedir-por-las-inundaciones-en-su-provincia\\\/\"},\"author\":{\"name\":\"\",\"@id\":\"\"},\"headline\":\"Virginia Gallardo presenta su primer proyecto para pedir por las inundaciones en su provincia\",\"datePublished\":\"2026-01-06T21:59:51+00:00\",\"mainEntityOfPage\":{\"@id\":\"http:\\\/\\\/cuartetoenlaweb.com.ar\\\/sitio\\\/virginia-gallardo-presenta-su-primer-proyecto-para-pedir-por-las-inundaciones-en-su-provincia\\\/\"},\"wordCount\":391,\"publisher\":{\"@id\":\"http:\\\/\\\/cuartetoenlaweb.com.ar\\\/sitio\\\/#organization\"},\"image\":{\"@id\":\"http:\\\/\\\/cuartetoenlaweb.com.ar\\\/sitio\\\/virginia-gallardo-presenta-su-primer-proyecto-para-pedir-por-las-inundaciones-en-su-provincia\\\/#primaryimage\"},\"thumbnailUrl\":\"https:\\\/\\\/cuartetoenlaweb.com.ar\\\/sitio\\\/wp-content\\\/uploads\\\/2026\\\/01\\\/720-53.jpeg\",\"articleSection\":[\"PAIS\"],\"inLanguage\":\"es\"},{\"@type\":\"WebPage\",\"@id\":\"http:\\\/\\\/cuartetoenlaweb.com.ar\\\/sitio\\\/virginia-gallardo-presenta-su-primer-proyecto-para-pedir-por-las-inundaciones-en-su-provincia\\\/\",\"url\":\"http:\\\/\\\/cuartetoenlaweb.com.ar\\\/sitio\\\/virginia-gallardo-presenta-su-primer-proyecto-para-pedir-por-las-inundaciones-en-su-provincia\\\/\",\"name\":\"Virginia Gallardo presenta su primer proyecto para pedir por las inundaciones en su provincia - Cuarteto en la Web\",\"isPartOf\":{\"@id\":\"http:\\\/\\\/cuartetoenlaweb.com.ar\\\/sitio\\\/#website\"},\"primaryImageOfPage\":{\"@id\":\"http:\\\/\\\/cuartetoenlaweb.com.ar\\\/sitio\\\/virginia-gallardo-presenta-su-primer-proyecto-para-pedir-por-las-inundaciones-en-su-provincia\\\/#primaryimage\"},\"image\":{\"@id\":\"http:\\\/\\\/cuartetoenlaweb.com.ar\\\/sitio\\\/virginia-gallardo-presenta-su-primer-proyecto-para-pedir-por-las-inundaciones-en-su-provincia\\\/#primaryimage\"},\"thumbnailUrl\":\"https:\\\/\\\/cuartetoenlaweb.com.ar\\\/sitio\\\/wp-content\\\/uploads\\\/2026\\\/01\\\/720-53.jpeg\",\"datePublished\":\"2026-01-06T21:59:51+00:00\",\"breadcrumb\":{\"@id\":\"http:\\\/\\\/cuartetoenlaweb.com.ar\\\/sitio\\\/virginia-gallardo-presenta-su-primer-proyecto-para-pedir-por-las-inundaciones-en-su-provincia\\\/#breadcrumb\"},\"inLanguage\":\"es\",\"potentialAction\":[{\"@type\":\"ReadAction\",\"target\":[\"http:\\\/\\\/cuartetoenlaweb.com.ar\\\/sitio\\\/virginia-gallardo-presenta-su-primer-proyecto-para-pedir-por-las-inundaciones-en-su-provincia\\\/\"]}]},{\"@type\":\"ImageObject\",\"inLanguage\":\"es\",\"@id\":\"http:\\\/\\\/cuartetoenlaweb.com.ar\\\/sitio\\\/virginia-gallardo-presenta-su-primer-proyecto-para-pedir-por-las-inundaciones-en-su-provincia\\\/#primaryimage\",\"url\":\"https:\\\/\\\/cuartetoenlaweb.com.ar\\\/sitio\\\/wp-content\\\/uploads\\\/2026\\\/01\\\/720-53.jpeg\",\"contentUrl\":\"https:\\\/\\\/cuartetoenlaweb.com.ar\\\/sitio\\\/wp-content\\\/uploads\\\/2026\\\/01\\\/720-53.jpeg\",\"width\":1080,\"height\":720},{\"@type\":\"BreadcrumbList\",\"@id\":\"http:\\\/\\\/cuartetoenlaweb.com.ar\\\/sitio\\\/virginia-gallardo-presenta-su-primer-proyecto-para-pedir-por-las-inundaciones-en-su-provincia\\\/#breadcrumb\",\"itemListElement\":[{\"@type\":\"ListItem\",\"position\":1,\"name\":\"Portada\",\"item\":\"http:\\\/\\\/cuartetoenlaweb.com.ar\\\/sitio\\\/\"},{\"@type\":\"ListItem\",\"position\":2,\"name\":\"Virginia Gallardo presenta su primer proyecto para pedir por las inundaciones en su provincia\"}]},{\"@type\":\"WebSite\",\"@id\":\"http:\\\/\\\/cuartetoenlaweb.com.ar\\\/sitio\\\/#website\",\"url\":\"http:\\\/\\\/cuartetoenlaweb.com.ar\\\/sitio\\\/\",\"name\":\"Cuarteto en la Web\",\"description\":\"\",\"publisher\":{\"@id\":\"http:\\\/\\\/cuartetoenlaweb.com.ar\\\/sitio\\\/#organization\"},\"potentialAction\":[{\"@type\":\"SearchAction\",\"target\":{\"@type\":\"EntryPoint\",\"urlTemplate\":\"http:\\\/\\\/cuartetoenlaweb.com.ar\\\/sitio\\\/?s={search_term_string}\"},\"query-input\":{\"@type\":\"PropertyValueSpecification\",\"valueRequired\":true,\"valueName\":\"search_term_string\"}}],\"inLanguage\":\"es\"},{\"@type\":\"Organization\",\"@id\":\"http:\\\/\\\/cuartetoenlaweb.com.ar\\\/sitio\\\/#organization\",\"name\":\"Cuarteto en la Web\",\"url\":\"http:\\\/\\\/cuartetoenlaweb.com.ar\\\/sitio\\\/\",\"logo\":{\"@type\":\"ImageObject\",\"inLanguage\":\"es\",\"@id\":\"http:\\\/\\\/cuartetoenlaweb.com.ar\\\/sitio\\\/#\\\/schema\\\/logo\\\/image\\\/\",\"url\":\"https:\\\/\\\/cuartetoenlaweb.com.ar\\\/sitio\\\/wp-content\\\/uploads\\\/2025\\\/07\\\/cropped-cropped-logitoweb21.png\",\"contentUrl\":\"https:\\\/\\\/cuartetoenlaweb.com.ar\\\/sitio\\\/wp-content\\\/uploads\\\/2025\\\/07\\\/cropped-cropped-logitoweb21.png\",\"width\":199,\"height\":199,\"caption\":\"Cuarteto en la Web\"},\"image\":{\"@id\":\"http:\\\/\\\/cuartetoenlaweb.com.ar\\\/sitio\\\/#\\\/schema\\\/logo\\\/image\\\/\"}}]}<\/script>\n<!-- \/ Yoast SEO plugin. -->","yoast_head_json":{"title":"Virginia Gallardo presenta su primer proyecto para pedir por las inundaciones en su provincia - Cuarteto en la Web","robots":{"index":"index","follow":"follow","max-snippet":"max-snippet:-1","max-image-preview":"max-image-preview:large","max-video-preview":"max-video-preview:-1"},"canonical":"http:\/\/cuartetoenlaweb.com.ar\/sitio\/virginia-gallardo-presenta-su-primer-proyecto-para-pedir-por-las-inundaciones-en-su-provincia\/","og_locale":"es_ES","og_type":"article","og_title":"Virginia Gallardo presenta su primer proyecto para pedir por las inundaciones en su provincia - Cuarteto en la Web","og_description":"Buenos Aires, 6 enero (NA).- La flamante diputada de La","og_url":"http:\/\/cuartetoenlaweb.com.ar\/sitio\/virginia-gallardo-presenta-su-primer-proyecto-para-pedir-por-las-inundaciones-en-su-provincia\/","og_site_name":"Cuarteto en la Web","article_published_time":"2026-01-06T21:59:51+00:00","og_image":[{"width":1080,"height":720,"url":"http:\/\/cuartetoenlaweb.com.ar\/sitio\/wp-content\/uploads\/2026\/01\/720-53.jpeg","type":"image\/jpeg"}],"twitter_card":"summary_large_image","twitter_misc":{"Tiempo de lectura":"2 minutos"},"schema":{"@context":"https:\/\/schema.org","@graph":[{"@type":"Article","@id":"http:\/\/cuartetoenlaweb.com.ar\/sitio\/virginia-gallardo-presenta-su-primer-proyecto-para-pedir-por-las-inundaciones-en-su-provincia\/#article","isPartOf":{"@id":"http:\/\/cuartetoenlaweb.com.ar\/sitio\/virginia-gallardo-presenta-su-primer-proyecto-para-pedir-por-las-inundaciones-en-su-provincia\/"},"author":{"name":"","@id":""},"headline":"Virginia Gallardo presenta su primer proyecto para pedir por las inundaciones en su provincia","datePublished":"2026-01-06T21:59:51+00:00","mainEntityOfPage":{"@id":"http:\/\/cuartetoenlaweb.com.ar\/sitio\/virginia-gallardo-presenta-su-primer-proyecto-para-pedir-por-las-inundaciones-en-su-provincia\/"},"wordCount":391,"publisher":{"@id":"http:\/\/cuartetoenlaweb.com.ar\/sitio\/#organization"},"image":{"@id":"http:\/\/cuartetoenlaweb.com.ar\/sitio\/virginia-gallardo-presenta-su-primer-proyecto-para-pedir-por-las-inundaciones-en-su-provincia\/#primaryimage"},"thumbnailUrl":"https:\/\/cuartetoenlaweb.com.ar\/sitio\/wp-content\/uploads\/2026\/01\/720-53.jpeg","articleSection":["PAIS"],"inLanguage":"es"},{"@type":"WebPage","@id":"http:\/\/cuartetoenlaweb.com.ar\/sitio\/virginia-gallardo-presenta-su-primer-proyecto-para-pedir-por-las-inundaciones-en-su-provincia\/","url":"http:\/\/cuartetoenlaweb.com.ar\/sitio\/virginia-gallardo-presenta-su-primer-proyecto-para-pedir-por-las-inundaciones-en-su-provincia\/","name":"Virginia Gallardo presenta su primer proyecto para pedir por las inundaciones en su provincia - Cuarteto en la Web","isPartOf":{"@id":"http:\/\/cuartetoenlaweb.com.ar\/sitio\/#website"},"primaryImageOfPage":{"@id":"http:\/\/cuartetoenlaweb.com.ar\/sitio\/virginia-gallardo-presenta-su-primer-proyecto-para-pedir-por-las-inundaciones-en-su-provincia\/#primaryimage"},"image":{"@id":"http:\/\/cuartetoenlaweb.com.ar\/sitio\/virginia-gallardo-presenta-su-primer-proyecto-para-pedir-por-las-inundaciones-en-su-provincia\/#primaryimage"},"thumbnailUrl":"https:\/\/cuartetoenlaweb.com.ar\/sitio\/wp-content\/uploads\/2026\/01\/720-53.jpeg","datePublished":"2026-01-06T21:59:51+00:00","breadcrumb":{"@id":"http:\/\/cuartetoenlaweb.com.ar\/sitio\/virginia-gallardo-presenta-su-primer-proyecto-para-pedir-por-las-inundaciones-en-su-provincia\/#breadcrumb"},"inLanguage":"es","potentialAction":[{"@type":"ReadAction","target":["http:\/\/cuartetoenlaweb.com.ar\/sitio\/virginia-gallardo-presenta-su-primer-proyecto-para-pedir-por-las-inundaciones-en-su-provincia\/"]}]},{"@type":"ImageObject","inLanguage":"es","@id":"http:\/\/cuartetoenlaweb.com.ar\/sitio\/virginia-gallardo-presenta-su-primer-proyecto-para-pedir-por-las-inundaciones-en-su-provincia\/#primaryimage","url":"https:\/\/cuartetoenlaweb.com.ar\/sitio\/wp-content\/uploads\/2026\/01\/720-53.jpeg","contentUrl":"https:\/\/cuartetoenlaweb.com.ar\/sitio\/wp-content\/uploads\/2026\/01\/720-53.jpeg","width":1080,"height":720},{"@type":"BreadcrumbList","@id":"http:\/\/cuartetoenlaweb.com.ar\/sitio\/virginia-gallardo-presenta-su-primer-proyecto-para-pedir-por-las-inundaciones-en-su-provincia\/#breadcrumb","itemListElement":[{"@type":"ListItem","position":1,"name":"Portada","item":"http:\/\/cuartetoenlaweb.com.ar\/sitio\/"},{"@type":"ListItem","position":2,"name":"Virginia Gallardo presenta su primer proyecto para pedir por las inundaciones en su provincia"}]},{"@type":"WebSite","@id":"http:\/\/cuartetoenlaweb.com.ar\/sitio\/#website","url":"http:\/\/cuartetoenlaweb.com.ar\/sitio\/","name":"Cuarteto en la Web","description":"","publisher":{"@id":"http:\/\/cuartetoenlaweb.com.ar\/sitio\/#organization"},"potentialAction":[{"@type":"SearchAction","target":{"@type":"EntryPoint","urlTemplate":"http:\/\/cuartetoenlaweb.com.ar\/sitio\/?s={search_term_string}"},"query-input":{"@type":"PropertyValueSpecification","valueRequired":true,"valueName":"search_term_string"}}],"inLanguage":"es"},{"@type":"Organization","@id":"http:\/\/cuartetoenlaweb.com.ar\/sitio\/#organization","name":"Cuarteto en la Web","url":"http:\/\/cuartetoenlaweb.com.ar\/sitio\/","logo":{"@type":"ImageObject","inLanguage":"es","@id":"http:\/\/cuartetoenlaweb.com.ar\/sitio\/#\/schema\/logo\/image\/","url":"https:\/\/cuartetoenlaweb.com.ar\/sitio\/wp-content\/uploads\/2025\/07\/cropped-cropped-logitoweb21.png","contentUrl":"https:\/\/cuartetoenlaweb.com.ar\/sitio\/wp-content\/uploads\/2025\/07\/cropped-cropped-logitoweb21.png","width":199,"height":199,"caption":"Cuarteto en la Web"},"image":{"@id":"http:\/\/cuartetoenlaweb.com.ar\/sitio\/#\/schema\/logo\/image\/"}}]}},"_links":{"self":[{"href":"https:\/\/cuartetoenlaweb.com.ar\/sitio\/wp-json\/wp\/v2\/posts\/10074","targetHints":{"allow":["GET"]}}],"collection":[{"href":"https:\/\/cuartetoenlaweb.com.ar\/sitio\/wp-json\/wp\/v2\/posts"}],"about":[{"href":"https:\/\/cuartetoenlaweb.com.ar\/sitio\/wp-json\/wp\/v2\/types\/post"}],"replies":[{"embeddable":true,"href":"https:\/\/cuartetoenlaweb.com.ar\/sitio\/wp-json\/wp\/v2\/comments?post=10074"}],"version-history":[{"count":0,"href":"https:\/\/cuartetoenlaweb.com.ar\/sitio\/wp-json\/wp\/v2\/posts\/10074\/revisions"}],"wp:featuredmedia":[{"embeddable":true,"href":"https:\/\/cuartetoenlaweb.com.ar\/sitio\/wp-json\/wp\/v2\/media\/10075"}],"wp:attachment":[{"href":"https:\/\/cuartetoenlaweb.com.ar\/sitio\/wp-json\/wp\/v2\/media?parent=10074"}],"wp:term":[{"taxonomy":"category","embeddable":true,"href":"https:\/\/cuartetoenlaweb.com.ar\/sitio\/wp-json\/wp\/v2\/categories?post=10074"},{"taxonomy":"post_tag","embeddable":true,"href":"https:\/\/cuartetoenlaweb.com.ar\/sitio\/wp-json\/wp\/v2\/tags?post=10074"}],"curies":[{"name":"wp","href":"https:\/\/api.w.org\/{rel}","templated":true}]}}