
{"id":10068,"date":"2026-01-06T18:59:45","date_gmt":"2026-01-06T21:59:45","guid":{"rendered":"https:\/\/cuartetoenlaweb.com.ar\/sitio\/el-gobierno-ratifico-ante-la-oea-su-apoyo-a-la-intervencion-de-trump-en-venezuela-y-el-secuestro-de-maduro\/"},"modified":"2026-01-06T18:59:45","modified_gmt":"2026-01-06T21:59:45","slug":"el-gobierno-ratifico-ante-la-oea-su-apoyo-a-la-intervencion-de-trump-en-venezuela-y-el-secuestro-de-maduro","status":"publish","type":"post","link":"https:\/\/cuartetoenlaweb.com.ar\/sitio\/el-gobierno-ratifico-ante-la-oea-su-apoyo-a-la-intervencion-de-trump-en-venezuela-y-el-secuestro-de-maduro\/","title":{"rendered":"El Gobierno ratific\u00f3 ante la OEA su apoyo a la intervenci\u00f3n de Trump en Venezuela y el secuestro de Maduro"},"content":{"rendered":"<p>Buenos Aires, 6 enero (NA) \u2013 El embajador argentino ante la Organizaci\u00f3n de Estados Americanos (OEA), Carlos Cherniak, ratific\u00f3 este martes la postura del Gobierno de Javier Milei de apoyo a la intervenci\u00f3n militar de Estados Unidos en Venezuela y el secuestro del depuesto presidente Nicol\u00e1s Maduro y su esposa, quienes fueron trasladados a Nueva York para ser juzgados por un tribunal federal norteamericano.<\/p>\n<p>\u201cLa Argentina valora la decisi\u00f3n y determinaci\u00f3n demostrada por el presidente de Estados Unidos y por su gobierno en las recientes acciones adoptadas en Venezuela, que derivaron en la captura del dictador Nicol\u00e1s Maduro, tambi\u00e9n l\u00edder del Cartel de los Soles, que al igual que el Tren de Aragua, fue declarado en 2025 como organizaci\u00f3n terrorista por el gobierno argentino\u201d, manifest\u00f3 el representante argentino durante una sesi\u00f3n extraordinaria llevada a cabo en Washington.<\/p>\n<p>Este pronunciamiento se produjo horas antes de que la Justicia norteamericana admitiera que el Cartel de los Soles, que hab\u00eda sido declarada meses atr\u00e1s organizaci\u00f3n terrorista por la entonces ministra de Seguridad Patricia Bullrich para alinearse a Donald Trump, en realidad nunca existi\u00f3, a pesar de haber sido utilizado durante a\u00f1os como acusaci\u00f3n contra Maduro, como inform\u00f3 la Agencia Noticias Argentinas.<\/p>\n<p>Durante la sesi\u00f3n extraordinaria, Cherniak dijo que espera que los acontecimientos recientes \u00abrepresenten un avance decisivo contra el narcoterrorismo que afecta a la regi\u00f3n\u00bb y que \u00ababran una etapa que permita al pueblo venezolano recuperar plenamente la democracia, el imperio de la ley y el respeto de los derechos humanos, poniendo fin a la opresi\u00f3n ejercida durante a\u00f1os por el r\u00e9gimen autoritario que hundi\u00f3 a su pueblo en la pobreza y oblig\u00f3 a ocho millones de venezolanos a escapar de su pa\u00eds\u201d.<\/p>\n<p>El representante argentino aprovech\u00f3 la ocasi\u00f3n para criticar a la OEA por \u00abel silencio\u00bb ante la violaci\u00f3n a los Derechos Humanos que ten\u00edan lugar en Venezuela.<\/p>\n<p>\u201cHemos sido claros en varias oportunidades que la diplomacia del silencio es inaceptable. Mientras a nivel regional y universal se registraban y denunciaban pr\u00e1cticas que se consideraban terrorismo de Estado y de cr\u00edmenes de lesa humanidad, el silencio de la OEA retumbaba en nuestras sociedades, haciendo poner en duda el mismo prop\u00f3sito de esta organizaci\u00f3n\u00bb, manifest\u00f3.<\/p>\n<p>Para Cherniak, \u00ablos enormes desaf\u00edos generados por los cambios en Venezuela se deben traducir en una acci\u00f3n com\u00fan para que el flagelo del narcoterrorismo deje de azotar a nuestros habitantes y haya democracia, respeto a los derechos humanos y libertad, permitiendo as\u00ed una verdadera paz en la regi\u00f3n\u201d.<\/p>\n<p>El diplom\u00e1tico reclam\u00f3 tambi\u00e9n por la liberaci\u00f3n del gendarme Nahuel Gallo, detenido desde diciembre del 2024 por el gobierno bolivariano.<\/p>\n<p>\u201cHemos insistido, en reiteradas oportunidades, que las constantes violaciones a los derechos y a las libertades de las personas en ese pa\u00eds deber\u00edan ser abordadas. En particular, la detenci\u00f3n arbitraria y desaparici\u00f3n forzada de ciudadanos venezolanos y de otros pa\u00edses, tales como el argentino Nahuel Gallo\u00bb, exigi\u00f3. <\/p>\n<p>\u00abEn esto queremos ser enf\u00e1ticos: a estas situaciones se les debe poner fin. Solicitamos con firmeza la inmediata liberaci\u00f3n del gendarme argentino, as\u00ed como se garantice su pronto y sano retorno al pa\u00eds para reencontrarse con su familia\u201d, enfatiz\u00f3.<\/p>\n<p>El mismo posicionamiento a favor de la intervenci\u00f3n norteamericana hab\u00eda expresado el embajador argentino ante la Organizaci\u00f3n de las Naciones Unidas (ONU), Francisco Tropepi, durante la reuni\u00f3n del Consejo de Seguridad del organismo. #AgenciaNA<\/p>\n","protected":false},"excerpt":{"rendered":"<p>Buenos Aires, 6 enero (NA) \u2013 El embajador argentino ante<\/p>\n","protected":false},"author":0,"featured_media":10069,"comment_status":"","ping_status":"","sticky":false,"template":"","format":"standard","meta":{"footnotes":""},"categories":[65],"tags":[],"class_list":["post-10068","post","type-post","status-publish","format-standard","has-post-thumbnail","hentry","category-pais"],"yoast_head":"<!-- This site is optimized with the Yoast SEO plugin v27.4 - https:\/\/yoast.com\/product\/yoast-seo-wordpress\/ -->\n<title>El Gobierno ratific\u00f3 ante la OEA su apoyo a la intervenci\u00f3n de Trump en Venezuela y el secuestro de Maduro - Cuarteto en la Web<\/title>\n<meta name=\"robots\" content=\"index, follow, max-snippet:-1, max-image-preview:large, max-video-preview:-1\" \/>\n<link rel=\"canonical\" href=\"https:\/\/cuartetoenlaweb.com.ar\/sitio\/el-gobierno-ratifico-ante-la-oea-su-apoyo-a-la-intervencion-de-trump-en-venezuela-y-el-secuestro-de-maduro\/\" \/>\n<meta property=\"og:locale\" content=\"es_ES\" \/>\n<meta property=\"og:type\" content=\"article\" \/>\n<meta property=\"og:title\" content=\"El Gobierno ratific\u00f3 ante la OEA su apoyo a la intervenci\u00f3n de Trump en Venezuela y el secuestro de Maduro - Cuarteto en la Web\" \/>\n<meta property=\"og:description\" content=\"Buenos Aires, 6 enero (NA) \u2013 El embajador argentino ante\" \/>\n<meta property=\"og:url\" content=\"https:\/\/cuartetoenlaweb.com.ar\/sitio\/el-gobierno-ratifico-ante-la-oea-su-apoyo-a-la-intervencion-de-trump-en-venezuela-y-el-secuestro-de-maduro\/\" \/>\n<meta property=\"og:site_name\" content=\"Cuarteto en la Web\" \/>\n<meta property=\"article:published_time\" content=\"2026-01-06T21:59:45+00:00\" \/>\n<meta property=\"og:image\" content=\"https:\/\/cuartetoenlaweb.com.ar\/sitio\/wp-content\/uploads\/2026\/01\/720-50.jpeg\" \/>\n\t<meta property=\"og:image:width\" content=\"1081\" \/>\n\t<meta property=\"og:image:height\" content=\"720\" \/>\n\t<meta property=\"og:image:type\" content=\"image\/jpeg\" \/>\n<meta name=\"twitter:card\" content=\"summary_large_image\" \/>\n<meta name=\"twitter:label1\" content=\"Tiempo de lectura\" \/>\n\t<meta name=\"twitter:data1\" content=\"3 minutos\" \/>\n<script type=\"application\/ld+json\" class=\"yoast-schema-graph\">{\"@context\":\"https:\\\/\\\/schema.org\",\"@graph\":[{\"@type\":\"Article\",\"@id\":\"https:\\\/\\\/cuartetoenlaweb.com.ar\\\/sitio\\\/el-gobierno-ratifico-ante-la-oea-su-apoyo-a-la-intervencion-de-trump-en-venezuela-y-el-secuestro-de-maduro\\\/#article\",\"isPartOf\":{\"@id\":\"https:\\\/\\\/cuartetoenlaweb.com.ar\\\/sitio\\\/el-gobierno-ratifico-ante-la-oea-su-apoyo-a-la-intervencion-de-trump-en-venezuela-y-el-secuestro-de-maduro\\\/\"},\"author\":{\"name\":\"\",\"@id\":\"\"},\"headline\":\"El Gobierno ratific\u00f3 ante la OEA su apoyo a la intervenci\u00f3n de Trump en Venezuela y el secuestro de Maduro\",\"datePublished\":\"2026-01-06T21:59:45+00:00\",\"mainEntityOfPage\":{\"@id\":\"https:\\\/\\\/cuartetoenlaweb.com.ar\\\/sitio\\\/el-gobierno-ratifico-ante-la-oea-su-apoyo-a-la-intervencion-de-trump-en-venezuela-y-el-secuestro-de-maduro\\\/\"},\"wordCount\":614,\"publisher\":{\"@id\":\"http:\\\/\\\/cuartetoenlaweb.com.ar\\\/sitio\\\/#organization\"},\"image\":{\"@id\":\"https:\\\/\\\/cuartetoenlaweb.com.ar\\\/sitio\\\/el-gobierno-ratifico-ante-la-oea-su-apoyo-a-la-intervencion-de-trump-en-venezuela-y-el-secuestro-de-maduro\\\/#primaryimage\"},\"thumbnailUrl\":\"https:\\\/\\\/cuartetoenlaweb.com.ar\\\/sitio\\\/wp-content\\\/uploads\\\/2026\\\/01\\\/720-50.jpeg\",\"articleSection\":[\"PAIS\"],\"inLanguage\":\"es\"},{\"@type\":\"WebPage\",\"@id\":\"https:\\\/\\\/cuartetoenlaweb.com.ar\\\/sitio\\\/el-gobierno-ratifico-ante-la-oea-su-apoyo-a-la-intervencion-de-trump-en-venezuela-y-el-secuestro-de-maduro\\\/\",\"url\":\"https:\\\/\\\/cuartetoenlaweb.com.ar\\\/sitio\\\/el-gobierno-ratifico-ante-la-oea-su-apoyo-a-la-intervencion-de-trump-en-venezuela-y-el-secuestro-de-maduro\\\/\",\"name\":\"El Gobierno ratific\u00f3 ante la OEA su apoyo a la intervenci\u00f3n de Trump en Venezuela y el secuestro de Maduro - Cuarteto en la Web\",\"isPartOf\":{\"@id\":\"http:\\\/\\\/cuartetoenlaweb.com.ar\\\/sitio\\\/#website\"},\"primaryImageOfPage\":{\"@id\":\"https:\\\/\\\/cuartetoenlaweb.com.ar\\\/sitio\\\/el-gobierno-ratifico-ante-la-oea-su-apoyo-a-la-intervencion-de-trump-en-venezuela-y-el-secuestro-de-maduro\\\/#primaryimage\"},\"image\":{\"@id\":\"https:\\\/\\\/cuartetoenlaweb.com.ar\\\/sitio\\\/el-gobierno-ratifico-ante-la-oea-su-apoyo-a-la-intervencion-de-trump-en-venezuela-y-el-secuestro-de-maduro\\\/#primaryimage\"},\"thumbnailUrl\":\"https:\\\/\\\/cuartetoenlaweb.com.ar\\\/sitio\\\/wp-content\\\/uploads\\\/2026\\\/01\\\/720-50.jpeg\",\"datePublished\":\"2026-01-06T21:59:45+00:00\",\"breadcrumb\":{\"@id\":\"https:\\\/\\\/cuartetoenlaweb.com.ar\\\/sitio\\\/el-gobierno-ratifico-ante-la-oea-su-apoyo-a-la-intervencion-de-trump-en-venezuela-y-el-secuestro-de-maduro\\\/#breadcrumb\"},\"inLanguage\":\"es\",\"potentialAction\":[{\"@type\":\"ReadAction\",\"target\":[\"https:\\\/\\\/cuartetoenlaweb.com.ar\\\/sitio\\\/el-gobierno-ratifico-ante-la-oea-su-apoyo-a-la-intervencion-de-trump-en-venezuela-y-el-secuestro-de-maduro\\\/\"]}]},{\"@type\":\"ImageObject\",\"inLanguage\":\"es\",\"@id\":\"https:\\\/\\\/cuartetoenlaweb.com.ar\\\/sitio\\\/el-gobierno-ratifico-ante-la-oea-su-apoyo-a-la-intervencion-de-trump-en-venezuela-y-el-secuestro-de-maduro\\\/#primaryimage\",\"url\":\"https:\\\/\\\/cuartetoenlaweb.com.ar\\\/sitio\\\/wp-content\\\/uploads\\\/2026\\\/01\\\/720-50.jpeg\",\"contentUrl\":\"https:\\\/\\\/cuartetoenlaweb.com.ar\\\/sitio\\\/wp-content\\\/uploads\\\/2026\\\/01\\\/720-50.jpeg\",\"width\":1081,\"height\":720},{\"@type\":\"BreadcrumbList\",\"@id\":\"https:\\\/\\\/cuartetoenlaweb.com.ar\\\/sitio\\\/el-gobierno-ratifico-ante-la-oea-su-apoyo-a-la-intervencion-de-trump-en-venezuela-y-el-secuestro-de-maduro\\\/#breadcrumb\",\"itemListElement\":[{\"@type\":\"ListItem\",\"position\":1,\"name\":\"Portada\",\"item\":\"http:\\\/\\\/cuartetoenlaweb.com.ar\\\/sitio\\\/\"},{\"@type\":\"ListItem\",\"position\":2,\"name\":\"El Gobierno ratific\u00f3 ante la OEA su apoyo a la intervenci\u00f3n de Trump en Venezuela y el secuestro de Maduro\"}]},{\"@type\":\"WebSite\",\"@id\":\"http:\\\/\\\/cuartetoenlaweb.com.ar\\\/sitio\\\/#website\",\"url\":\"http:\\\/\\\/cuartetoenlaweb.com.ar\\\/sitio\\\/\",\"name\":\"Cuarteto en la Web\",\"description\":\"\",\"publisher\":{\"@id\":\"http:\\\/\\\/cuartetoenlaweb.com.ar\\\/sitio\\\/#organization\"},\"potentialAction\":[{\"@type\":\"SearchAction\",\"target\":{\"@type\":\"EntryPoint\",\"urlTemplate\":\"http:\\\/\\\/cuartetoenlaweb.com.ar\\\/sitio\\\/?s={search_term_string}\"},\"query-input\":{\"@type\":\"PropertyValueSpecification\",\"valueRequired\":true,\"valueName\":\"search_term_string\"}}],\"inLanguage\":\"es\"},{\"@type\":\"Organization\",\"@id\":\"http:\\\/\\\/cuartetoenlaweb.com.ar\\\/sitio\\\/#organization\",\"name\":\"Cuarteto en la Web\",\"url\":\"http:\\\/\\\/cuartetoenlaweb.com.ar\\\/sitio\\\/\",\"logo\":{\"@type\":\"ImageObject\",\"inLanguage\":\"es\",\"@id\":\"http:\\\/\\\/cuartetoenlaweb.com.ar\\\/sitio\\\/#\\\/schema\\\/logo\\\/image\\\/\",\"url\":\"https:\\\/\\\/cuartetoenlaweb.com.ar\\\/sitio\\\/wp-content\\\/uploads\\\/2025\\\/07\\\/cropped-cropped-logitoweb21.png\",\"contentUrl\":\"https:\\\/\\\/cuartetoenlaweb.com.ar\\\/sitio\\\/wp-content\\\/uploads\\\/2025\\\/07\\\/cropped-cropped-logitoweb21.png\",\"width\":199,\"height\":199,\"caption\":\"Cuarteto en la Web\"},\"image\":{\"@id\":\"http:\\\/\\\/cuartetoenlaweb.com.ar\\\/sitio\\\/#\\\/schema\\\/logo\\\/image\\\/\"}}]}<\/script>\n<!-- \/ Yoast SEO plugin. -->","yoast_head_json":{"title":"El Gobierno ratific\u00f3 ante la OEA su apoyo a la intervenci\u00f3n de Trump en Venezuela y el secuestro de Maduro - Cuarteto en la Web","robots":{"index":"index","follow":"follow","max-snippet":"max-snippet:-1","max-image-preview":"max-image-preview:large","max-video-preview":"max-video-preview:-1"},"canonical":"https:\/\/cuartetoenlaweb.com.ar\/sitio\/el-gobierno-ratifico-ante-la-oea-su-apoyo-a-la-intervencion-de-trump-en-venezuela-y-el-secuestro-de-maduro\/","og_locale":"es_ES","og_type":"article","og_title":"El Gobierno ratific\u00f3 ante la OEA su apoyo a la intervenci\u00f3n de Trump en Venezuela y el secuestro de Maduro - Cuarteto en la Web","og_description":"Buenos Aires, 6 enero (NA) \u2013 El embajador argentino ante","og_url":"https:\/\/cuartetoenlaweb.com.ar\/sitio\/el-gobierno-ratifico-ante-la-oea-su-apoyo-a-la-intervencion-de-trump-en-venezuela-y-el-secuestro-de-maduro\/","og_site_name":"Cuarteto en la Web","article_published_time":"2026-01-06T21:59:45+00:00","og_image":[{"width":1081,"height":720,"url":"https:\/\/cuartetoenlaweb.com.ar\/sitio\/wp-content\/uploads\/2026\/01\/720-50.jpeg","type":"image\/jpeg"}],"twitter_card":"summary_large_image","twitter_misc":{"Tiempo de lectura":"3 minutos"},"schema":{"@context":"https:\/\/schema.org","@graph":[{"@type":"Article","@id":"https:\/\/cuartetoenlaweb.com.ar\/sitio\/el-gobierno-ratifico-ante-la-oea-su-apoyo-a-la-intervencion-de-trump-en-venezuela-y-el-secuestro-de-maduro\/#article","isPartOf":{"@id":"https:\/\/cuartetoenlaweb.com.ar\/sitio\/el-gobierno-ratifico-ante-la-oea-su-apoyo-a-la-intervencion-de-trump-en-venezuela-y-el-secuestro-de-maduro\/"},"author":{"name":"","@id":""},"headline":"El Gobierno ratific\u00f3 ante la OEA su apoyo a la intervenci\u00f3n de Trump en Venezuela y el secuestro de Maduro","datePublished":"2026-01-06T21:59:45+00:00","mainEntityOfPage":{"@id":"https:\/\/cuartetoenlaweb.com.ar\/sitio\/el-gobierno-ratifico-ante-la-oea-su-apoyo-a-la-intervencion-de-trump-en-venezuela-y-el-secuestro-de-maduro\/"},"wordCount":614,"publisher":{"@id":"http:\/\/cuartetoenlaweb.com.ar\/sitio\/#organization"},"image":{"@id":"https:\/\/cuartetoenlaweb.com.ar\/sitio\/el-gobierno-ratifico-ante-la-oea-su-apoyo-a-la-intervencion-de-trump-en-venezuela-y-el-secuestro-de-maduro\/#primaryimage"},"thumbnailUrl":"https:\/\/cuartetoenlaweb.com.ar\/sitio\/wp-content\/uploads\/2026\/01\/720-50.jpeg","articleSection":["PAIS"],"inLanguage":"es"},{"@type":"WebPage","@id":"https:\/\/cuartetoenlaweb.com.ar\/sitio\/el-gobierno-ratifico-ante-la-oea-su-apoyo-a-la-intervencion-de-trump-en-venezuela-y-el-secuestro-de-maduro\/","url":"https:\/\/cuartetoenlaweb.com.ar\/sitio\/el-gobierno-ratifico-ante-la-oea-su-apoyo-a-la-intervencion-de-trump-en-venezuela-y-el-secuestro-de-maduro\/","name":"El Gobierno ratific\u00f3 ante la OEA su apoyo a la intervenci\u00f3n de Trump en Venezuela y el secuestro de Maduro - Cuarteto en la Web","isPartOf":{"@id":"http:\/\/cuartetoenlaweb.com.ar\/sitio\/#website"},"primaryImageOfPage":{"@id":"https:\/\/cuartetoenlaweb.com.ar\/sitio\/el-gobierno-ratifico-ante-la-oea-su-apoyo-a-la-intervencion-de-trump-en-venezuela-y-el-secuestro-de-maduro\/#primaryimage"},"image":{"@id":"https:\/\/cuartetoenlaweb.com.ar\/sitio\/el-gobierno-ratifico-ante-la-oea-su-apoyo-a-la-intervencion-de-trump-en-venezuela-y-el-secuestro-de-maduro\/#primaryimage"},"thumbnailUrl":"https:\/\/cuartetoenlaweb.com.ar\/sitio\/wp-content\/uploads\/2026\/01\/720-50.jpeg","datePublished":"2026-01-06T21:59:45+00:00","breadcrumb":{"@id":"https:\/\/cuartetoenlaweb.com.ar\/sitio\/el-gobierno-ratifico-ante-la-oea-su-apoyo-a-la-intervencion-de-trump-en-venezuela-y-el-secuestro-de-maduro\/#breadcrumb"},"inLanguage":"es","potentialAction":[{"@type":"ReadAction","target":["https:\/\/cuartetoenlaweb.com.ar\/sitio\/el-gobierno-ratifico-ante-la-oea-su-apoyo-a-la-intervencion-de-trump-en-venezuela-y-el-secuestro-de-maduro\/"]}]},{"@type":"ImageObject","inLanguage":"es","@id":"https:\/\/cuartetoenlaweb.com.ar\/sitio\/el-gobierno-ratifico-ante-la-oea-su-apoyo-a-la-intervencion-de-trump-en-venezuela-y-el-secuestro-de-maduro\/#primaryimage","url":"https:\/\/cuartetoenlaweb.com.ar\/sitio\/wp-content\/uploads\/2026\/01\/720-50.jpeg","contentUrl":"https:\/\/cuartetoenlaweb.com.ar\/sitio\/wp-content\/uploads\/2026\/01\/720-50.jpeg","width":1081,"height":720},{"@type":"BreadcrumbList","@id":"https:\/\/cuartetoenlaweb.com.ar\/sitio\/el-gobierno-ratifico-ante-la-oea-su-apoyo-a-la-intervencion-de-trump-en-venezuela-y-el-secuestro-de-maduro\/#breadcrumb","itemListElement":[{"@type":"ListItem","position":1,"name":"Portada","item":"http:\/\/cuartetoenlaweb.com.ar\/sitio\/"},{"@type":"ListItem","position":2,"name":"El Gobierno ratific\u00f3 ante la OEA su apoyo a la intervenci\u00f3n de Trump en Venezuela y el secuestro de Maduro"}]},{"@type":"WebSite","@id":"http:\/\/cuartetoenlaweb.com.ar\/sitio\/#website","url":"http:\/\/cuartetoenlaweb.com.ar\/sitio\/","name":"Cuarteto en la Web","description":"","publisher":{"@id":"http:\/\/cuartetoenlaweb.com.ar\/sitio\/#organization"},"potentialAction":[{"@type":"SearchAction","target":{"@type":"EntryPoint","urlTemplate":"http:\/\/cuartetoenlaweb.com.ar\/sitio\/?s={search_term_string}"},"query-input":{"@type":"PropertyValueSpecification","valueRequired":true,"valueName":"search_term_string"}}],"inLanguage":"es"},{"@type":"Organization","@id":"http:\/\/cuartetoenlaweb.com.ar\/sitio\/#organization","name":"Cuarteto en la Web","url":"http:\/\/cuartetoenlaweb.com.ar\/sitio\/","logo":{"@type":"ImageObject","inLanguage":"es","@id":"http:\/\/cuartetoenlaweb.com.ar\/sitio\/#\/schema\/logo\/image\/","url":"https:\/\/cuartetoenlaweb.com.ar\/sitio\/wp-content\/uploads\/2025\/07\/cropped-cropped-logitoweb21.png","contentUrl":"https:\/\/cuartetoenlaweb.com.ar\/sitio\/wp-content\/uploads\/2025\/07\/cropped-cropped-logitoweb21.png","width":199,"height":199,"caption":"Cuarteto en la Web"},"image":{"@id":"http:\/\/cuartetoenlaweb.com.ar\/sitio\/#\/schema\/logo\/image\/"}}]}},"_links":{"self":[{"href":"https:\/\/cuartetoenlaweb.com.ar\/sitio\/wp-json\/wp\/v2\/posts\/10068","targetHints":{"allow":["GET"]}}],"collection":[{"href":"https:\/\/cuartetoenlaweb.com.ar\/sitio\/wp-json\/wp\/v2\/posts"}],"about":[{"href":"https:\/\/cuartetoenlaweb.com.ar\/sitio\/wp-json\/wp\/v2\/types\/post"}],"replies":[{"embeddable":true,"href":"https:\/\/cuartetoenlaweb.com.ar\/sitio\/wp-json\/wp\/v2\/comments?post=10068"}],"version-history":[{"count":0,"href":"https:\/\/cuartetoenlaweb.com.ar\/sitio\/wp-json\/wp\/v2\/posts\/10068\/revisions"}],"wp:featuredmedia":[{"embeddable":true,"href":"https:\/\/cuartetoenlaweb.com.ar\/sitio\/wp-json\/wp\/v2\/media\/10069"}],"wp:attachment":[{"href":"https:\/\/cuartetoenlaweb.com.ar\/sitio\/wp-json\/wp\/v2\/media?parent=10068"}],"wp:term":[{"taxonomy":"category","embeddable":true,"href":"https:\/\/cuartetoenlaweb.com.ar\/sitio\/wp-json\/wp\/v2\/categories?post=10068"},{"taxonomy":"post_tag","embeddable":true,"href":"https:\/\/cuartetoenlaweb.com.ar\/sitio\/wp-json\/wp\/v2\/tags?post=10068"}],"curies":[{"name":"wp","href":"https:\/\/api.w.org\/{rel}","templated":true}]}}