
{"id":10066,"date":"2026-01-06T18:59:44","date_gmt":"2026-01-06T21:59:44","guid":{"rendered":"https:\/\/cuartetoenlaweb.com.ar\/sitio\/gravisimo-jorge-rial-se-siente-en-peligro-y-perseguido-por-el-gobierno-de-milei-me-quisieron-allanar-y-meter-preso\/"},"modified":"2026-01-06T18:59:44","modified_gmt":"2026-01-06T21:59:44","slug":"gravisimo-jorge-rial-se-siente-en-peligro-y-perseguido-por-el-gobierno-de-milei-me-quisieron-allanar-y-meter-preso","status":"publish","type":"post","link":"https:\/\/cuartetoenlaweb.com.ar\/sitio\/gravisimo-jorge-rial-se-siente-en-peligro-y-perseguido-por-el-gobierno-de-milei-me-quisieron-allanar-y-meter-preso\/","title":{"rendered":"\u00a1Grav\u00edsimo! Jorge Rial se siente en peligro y perseguido por el gobierno de Milei: &quot;Me quisieron allanar y meter preso&quot;"},"content":{"rendered":"<p>A Jorge Rial se le movi\u00f3 el piso estos d\u00edas. Primero por <a href=\"https:\/\/www.paparazzi.com.ar\/teve\/panico-y-desesperacion-jorge-rial-vivio-uno-de-los-peores-momentos-en-la-calle-y-se-salvo-de-una-tragedia\/\">el terremoto que afect\u00f3 su estad\u00eda en M\u00e9xico<\/a> -donde est\u00e1 de viaje- y despu\u00e9s por una serie de rumores que pusieron en duda la continuidad de Carnaval, el canal de stream del que es cabeza visible desde que surgi\u00f3 a mediados de 2025. En virtud de todo lo que se dec\u00eda y de la pelota que se arm\u00f3 en torno al tema, el periodista irrumpi\u00f3 en sus redes sociales para decir lo suyo, aclarar algunas cuestiones y sembrar dudas sobre otras.<\/p>\n<p>\u00bfQu\u00e9 pasa con Carnaval? De alguna manera, el canal cay\u00f3 en la volteada que sacude por estas semanas a la AFA. La titularidad de la se\u00f1al est\u00e1 relacionada con gente muy vinculada a la \u00abCasa mayor del f\u00fatbol argentino\u00bb y la inestabilidad que azota a la c\u00fapula que encabezan el presidente Chiqui Tapia y su coequiper Pablo Toviggino hace tambalear, seg\u00fan las versiones, al 2026 de la emisora.<\/p>\n<p>Poco antes de terminar 2025, el periodista tom\u00f3 una decisi\u00f3n que en ese momento parec\u00eda l\u00f3gica pero que ahora suena un tanto audaz y arriesgada: renunci\u00f3 a Radio 10, donde conduc\u00eda la versi\u00f3n matinal de Argenzuela, para dedicarle m\u00e1s tiempo a Carnaval, donde ten\u00eda participaci\u00f3n activa en dos ciclos. Uno era \u00abC\u00f3nclave\u00bb, que compart\u00eda con Fabi\u00e1n Doman, Alejandro Fantino y Viviana Canosa, y otro mano a mano con la propia Canosa, quien hasta hace poco tiempo era su gran enemiga medi\u00e1tica. \u00abSe gana infinitamente m\u00e1s en el stream\u00bb fue el argumento que se dio, por lo bajo, en ese momento.<\/p>\n<div class=\"mt-box \">\n<h4 class=\"mt-heading\">Mir\u00e1 Tambi\u00e9n<\/h4>\n<p><a href=\"https:\/\/www.paparazzi.com.ar\/romances\/la-cancion-desesperada-que-ciro-le-escribio-a-luli-bass-cuando-todavia-estaba-casada\/\"><\/p>\n<div class=\"mt-content\">\n<div class=\"mt-image-container\"><img decoding=\"async\" src=\"https:\/\/www.paparazzi.com.ar\/wp-content\/uploads\/2026\/01\/Ciro-1-359x226.jpg\" alt=\"La canci\u00f3n desesperada que Ciro le escribi\u00f3 a Luli Bass cuando todav\u00eda estaba casada: &quot;Tu casa est\u00e1 armada pero te sent\u00eds vac\u00eda&quot;\" class=\"mt-image\" loading=\"lazy\" \/><\/div>\n<h5 class=\"mt-title\">La canci\u00f3n desesperada que Ciro le escribi\u00f3 a Luli Bass cuando todav\u00eda estaba casada: \u00abTu casa est\u00e1 armada pero te sent\u00eds vac\u00eda\u00bb<\/h5>\n<\/div>\n<p><\/a><\/div>\n<p>Frente a un posteo del periodista Alejandro Alfie que se\u00f1alaba que \u00abalertan por la continuidad del canal de streaming Carnaval, luego del allanamiento en busca de autos de Toviggino\u00bb, Rial le contest\u00f3 <em><strong>\u00abEl peligro no existe por los allanamientos sino por la persecuci\u00f3n de este gobierno desde que descubrimos la corrupci\u00f3n en ANDIS<\/strong><\/em>\u00bb confirmando, de alguna manera, que la consecuci\u00f3n del canal corre serio riesgo.<\/p>\n<h2 class=\"wp-block-heading\">JORGE RIAL EN GRAVES PROBLEMAS: DENUNCIA QUE ES PERSGUIDO POR EL GOBIERNO DE JAVIER MILEI<\/h2>\n<p>Pero eso no fue todo. Al contrario. Lo m\u00e1s fuerte vino despu\u00e9s, cuando le cont\u00f3 que se siente un perseguido pol\u00edtico del gobierno de Javier Milei. <em><strong>\u00abTengo dos causas abiertas por eso. Me quisieron allanar y meter preso. Me estacionaron un Falcon en la puerta de mi casa. No es por los allanamientos o los autos. MEs m\u00e1s f\u00e1cil reducir todo a eso\u00bb<\/strong><\/em>, exclam\u00f3.<\/p>\n<p>Finalmente, Rial le habl\u00f3 a Alfie como si estuvieran cara a cara: <em><strong>\u00abLamento que te sumes a esta campa\u00f1a oficial pero no van a lograr callarnos, que es lo que quieren. Menos voces opositoras y m\u00e1s como Clar\u00edn y La Naci\u00f3n\u00bb<\/strong><\/em>. Efectivamente, Rial y su equipo de trabajo hicieron saltar \u00abel esc\u00e1ndalo ANDIS\u00bb que dej\u00f3 como saldo la fuerte sospecha de que la hermana del presidente Karina Milei y gente muy allegada tanto a ella como al primer mandatario \u00abped\u00edan coimas del 3%\u00bb para favorecerlos en las contrataciones del ente oficial. <\/p>\n<figure class=\"wp-block-image size-full\"><img decoding=\"async\" width=\"404\" height=\"473\" src=\"https:\/\/www.paparazzi.com.ar\/wp-content\/uploads\/2026\/01\/Rial-1.jpg.webp\" loading=\"lazy\" alt=\"JORGE RIAL DENUNCIA PERSECUCION POLITICA POR PARTE DEL GOBIERNO DE JAVIER MILEI.\" class=\"wp-image-459134\" \/><figcaption class=\"wp-element-caption\"><strong>JORGE RIAL DENUNCIA PERSECUCION POLITICA POR PARTE DEL GOBIERNO DE JAVIER MILEI.<\/strong><\/figcaption><\/figure>\n<div class=\"mt-box \">\n<h4 class=\"mt-heading\">Mir\u00e1 Tambi\u00e9n<\/h4>\n<p><a href=\"https:\/\/www.paparazzi.com.ar\/romances\/tremendo-fernanda-iglesias-incendio-a-luciano-castro-le-metio-los-cuernos-a-griselda-siciliani-en-espana-con-una-de-28\/\"><\/p>\n<div class=\"mt-content\">\n<div class=\"mt-image-container\"><img decoding=\"async\" src=\"https:\/\/www.paparazzi.com.ar\/wp-content\/uploads\/2026\/01\/Iglesias-Castro-Siciliani-1-359x226.jpg\" alt=\"\u00a1Tremendo! Fernanda Iglesias incendi\u00f3 a Luciano Castro: &quot;Le meti\u00f3 los cuernos a Griselda Siciliani en Espa\u00f1a con una de 28&quot;\" class=\"mt-image\" loading=\"lazy\" \/><\/div>\n<h5 class=\"mt-title\">\u00a1Tremendo! Fernanda Iglesias incendi\u00f3 a Luciano Castro: \u00abLe meti\u00f3 los cuernos a Griselda Siciliani en Espa\u00f1a con una de 28\u00bb<\/h5>\n<\/div>\n<p><\/a><\/div>\n<div class=\"mt-box \">\n<h4 class=\"mt-heading\">Mir\u00e1 Tambi\u00e9n<\/h4>\n<p><a href=\"https:\/\/www.paparazzi.com.ar\/romances\/fernando-carrillo-admitio-romance-con-presidenta-venezolana-delcy-rodriguez-y-la-comparo-con-fulop\/\"><\/p>\n<div class=\"mt-content\">\n<div class=\"mt-image-container\"><img decoding=\"async\" src=\"https:\/\/www.paparazzi.com.ar\/wp-content\/uploads\/2026\/01\/Carrillo-1-359x226.jpg\" alt=\"Fernando Carrillo admiti\u00f3 su romance con Delcy Rodr\u00edguez, la presidenta que sucede a Maduro en Venezuela: &quot;M\u00e1s linda que Fulop&quot;\" class=\"mt-image\" loading=\"lazy\" \/><\/div>\n<h5 class=\"mt-title\">Fernando Carrillo admiti\u00f3 su romance con Delcy Rodr\u00edguez, la presidenta que sucede a Maduro en Venezuela: \u00abM\u00e1s linda que Fulop\u00bb<\/h5>\n<\/div>\n<p><\/a><\/div>\n<p>The post <a href=\"https:\/\/www.paparazzi.com.ar\/teve\/jorge-rial-se-siente-perseguido-por-el-gobierno-de-javier-milei\/\">\u00a1Grav\u00edsimo! Jorge Rial se siente en peligro y perseguido por el gobierno de Milei: &quot;Me quisieron allanar y meter preso&quot;<\/a> appeared first on <a href=\"https:\/\/www.paparazzi.com.ar\">Revista Paparazzi<\/a>.<\/p>\n","protected":false},"excerpt":{"rendered":"<p>A Jorge Rial se le movi\u00f3 el piso estos d\u00edas.<\/p>\n","protected":false},"author":0,"featured_media":10067,"comment_status":"","ping_status":"","sticky":false,"template":"","format":"standard","meta":{"footnotes":""},"categories":[65],"tags":[],"class_list":["post-10066","post","type-post","status-publish","format-standard","has-post-thumbnail","hentry","category-pais"],"yoast_head":"<!-- This site is optimized with the Yoast SEO plugin v27.4 - https:\/\/yoast.com\/product\/yoast-seo-wordpress\/ -->\n<title>\u00a1Grav\u00edsimo! Jorge Rial se siente en peligro y perseguido por el gobierno de Milei: &quot;Me quisieron allanar y meter preso&quot; - Cuarteto en la Web<\/title>\n<meta name=\"robots\" content=\"index, follow, max-snippet:-1, max-image-preview:large, max-video-preview:-1\" \/>\n<link rel=\"canonical\" href=\"https:\/\/cuartetoenlaweb.com.ar\/sitio\/gravisimo-jorge-rial-se-siente-en-peligro-y-perseguido-por-el-gobierno-de-milei-me-quisieron-allanar-y-meter-preso\/\" \/>\n<meta property=\"og:locale\" content=\"es_ES\" \/>\n<meta property=\"og:type\" content=\"article\" \/>\n<meta property=\"og:title\" content=\"\u00a1Grav\u00edsimo! Jorge Rial se siente en peligro y perseguido por el gobierno de Milei: &quot;Me quisieron allanar y meter preso&quot; - Cuarteto en la Web\" \/>\n<meta property=\"og:description\" content=\"A Jorge Rial se le movi\u00f3 el piso estos d\u00edas.\" \/>\n<meta property=\"og:url\" content=\"https:\/\/cuartetoenlaweb.com.ar\/sitio\/gravisimo-jorge-rial-se-siente-en-peligro-y-perseguido-por-el-gobierno-de-milei-me-quisieron-allanar-y-meter-preso\/\" \/>\n<meta property=\"og:site_name\" content=\"Cuarteto en la Web\" \/>\n<meta property=\"article:published_time\" content=\"2026-01-06T21:59:44+00:00\" \/>\n<meta property=\"og:image\" content=\"https:\/\/cuartetoenlaweb.com.ar\/sitio\/wp-content\/uploads\/2026\/01\/Ciro-1-359x226-2.jpg\" \/>\n\t<meta property=\"og:image:width\" content=\"359\" \/>\n\t<meta property=\"og:image:height\" content=\"226\" \/>\n\t<meta property=\"og:image:type\" content=\"image\/jpeg\" \/>\n<meta name=\"twitter:card\" content=\"summary_large_image\" \/>\n<meta name=\"twitter:label1\" content=\"Tiempo de lectura\" \/>\n\t<meta name=\"twitter:data1\" content=\"3 minutos\" \/>\n<script type=\"application\/ld+json\" class=\"yoast-schema-graph\">{\"@context\":\"https:\\\/\\\/schema.org\",\"@graph\":[{\"@type\":\"Article\",\"@id\":\"https:\\\/\\\/cuartetoenlaweb.com.ar\\\/sitio\\\/gravisimo-jorge-rial-se-siente-en-peligro-y-perseguido-por-el-gobierno-de-milei-me-quisieron-allanar-y-meter-preso\\\/#article\",\"isPartOf\":{\"@id\":\"https:\\\/\\\/cuartetoenlaweb.com.ar\\\/sitio\\\/gravisimo-jorge-rial-se-siente-en-peligro-y-perseguido-por-el-gobierno-de-milei-me-quisieron-allanar-y-meter-preso\\\/\"},\"author\":{\"name\":\"\",\"@id\":\"\"},\"headline\":\"\u00a1Grav\u00edsimo! Jorge Rial se siente en peligro y perseguido por el gobierno de Milei: &quot;Me quisieron allanar y meter preso&quot;\",\"datePublished\":\"2026-01-06T21:59:44+00:00\",\"mainEntityOfPage\":{\"@id\":\"https:\\\/\\\/cuartetoenlaweb.com.ar\\\/sitio\\\/gravisimo-jorge-rial-se-siente-en-peligro-y-perseguido-por-el-gobierno-de-milei-me-quisieron-allanar-y-meter-preso\\\/\"},\"wordCount\":670,\"publisher\":{\"@id\":\"http:\\\/\\\/cuartetoenlaweb.com.ar\\\/sitio\\\/#organization\"},\"image\":{\"@id\":\"https:\\\/\\\/cuartetoenlaweb.com.ar\\\/sitio\\\/gravisimo-jorge-rial-se-siente-en-peligro-y-perseguido-por-el-gobierno-de-milei-me-quisieron-allanar-y-meter-preso\\\/#primaryimage\"},\"thumbnailUrl\":\"https:\\\/\\\/cuartetoenlaweb.com.ar\\\/sitio\\\/wp-content\\\/uploads\\\/2026\\\/01\\\/Ciro-1-359x226-2.jpg\",\"articleSection\":[\"PAIS\"],\"inLanguage\":\"es\"},{\"@type\":\"WebPage\",\"@id\":\"https:\\\/\\\/cuartetoenlaweb.com.ar\\\/sitio\\\/gravisimo-jorge-rial-se-siente-en-peligro-y-perseguido-por-el-gobierno-de-milei-me-quisieron-allanar-y-meter-preso\\\/\",\"url\":\"https:\\\/\\\/cuartetoenlaweb.com.ar\\\/sitio\\\/gravisimo-jorge-rial-se-siente-en-peligro-y-perseguido-por-el-gobierno-de-milei-me-quisieron-allanar-y-meter-preso\\\/\",\"name\":\"\u00a1Grav\u00edsimo! Jorge Rial se siente en peligro y perseguido por el gobierno de Milei: &quot;Me quisieron allanar y meter preso&quot; - Cuarteto en la Web\",\"isPartOf\":{\"@id\":\"http:\\\/\\\/cuartetoenlaweb.com.ar\\\/sitio\\\/#website\"},\"primaryImageOfPage\":{\"@id\":\"https:\\\/\\\/cuartetoenlaweb.com.ar\\\/sitio\\\/gravisimo-jorge-rial-se-siente-en-peligro-y-perseguido-por-el-gobierno-de-milei-me-quisieron-allanar-y-meter-preso\\\/#primaryimage\"},\"image\":{\"@id\":\"https:\\\/\\\/cuartetoenlaweb.com.ar\\\/sitio\\\/gravisimo-jorge-rial-se-siente-en-peligro-y-perseguido-por-el-gobierno-de-milei-me-quisieron-allanar-y-meter-preso\\\/#primaryimage\"},\"thumbnailUrl\":\"https:\\\/\\\/cuartetoenlaweb.com.ar\\\/sitio\\\/wp-content\\\/uploads\\\/2026\\\/01\\\/Ciro-1-359x226-2.jpg\",\"datePublished\":\"2026-01-06T21:59:44+00:00\",\"breadcrumb\":{\"@id\":\"https:\\\/\\\/cuartetoenlaweb.com.ar\\\/sitio\\\/gravisimo-jorge-rial-se-siente-en-peligro-y-perseguido-por-el-gobierno-de-milei-me-quisieron-allanar-y-meter-preso\\\/#breadcrumb\"},\"inLanguage\":\"es\",\"potentialAction\":[{\"@type\":\"ReadAction\",\"target\":[\"https:\\\/\\\/cuartetoenlaweb.com.ar\\\/sitio\\\/gravisimo-jorge-rial-se-siente-en-peligro-y-perseguido-por-el-gobierno-de-milei-me-quisieron-allanar-y-meter-preso\\\/\"]}]},{\"@type\":\"ImageObject\",\"inLanguage\":\"es\",\"@id\":\"https:\\\/\\\/cuartetoenlaweb.com.ar\\\/sitio\\\/gravisimo-jorge-rial-se-siente-en-peligro-y-perseguido-por-el-gobierno-de-milei-me-quisieron-allanar-y-meter-preso\\\/#primaryimage\",\"url\":\"https:\\\/\\\/cuartetoenlaweb.com.ar\\\/sitio\\\/wp-content\\\/uploads\\\/2026\\\/01\\\/Ciro-1-359x226-2.jpg\",\"contentUrl\":\"https:\\\/\\\/cuartetoenlaweb.com.ar\\\/sitio\\\/wp-content\\\/uploads\\\/2026\\\/01\\\/Ciro-1-359x226-2.jpg\",\"width\":359,\"height\":226},{\"@type\":\"BreadcrumbList\",\"@id\":\"https:\\\/\\\/cuartetoenlaweb.com.ar\\\/sitio\\\/gravisimo-jorge-rial-se-siente-en-peligro-y-perseguido-por-el-gobierno-de-milei-me-quisieron-allanar-y-meter-preso\\\/#breadcrumb\",\"itemListElement\":[{\"@type\":\"ListItem\",\"position\":1,\"name\":\"Portada\",\"item\":\"http:\\\/\\\/cuartetoenlaweb.com.ar\\\/sitio\\\/\"},{\"@type\":\"ListItem\",\"position\":2,\"name\":\"\u00a1Grav\u00edsimo! Jorge Rial se siente en peligro y perseguido por el gobierno de Milei: &quot;Me quisieron allanar y meter preso&quot;\"}]},{\"@type\":\"WebSite\",\"@id\":\"http:\\\/\\\/cuartetoenlaweb.com.ar\\\/sitio\\\/#website\",\"url\":\"http:\\\/\\\/cuartetoenlaweb.com.ar\\\/sitio\\\/\",\"name\":\"Cuarteto en la Web\",\"description\":\"\",\"publisher\":{\"@id\":\"http:\\\/\\\/cuartetoenlaweb.com.ar\\\/sitio\\\/#organization\"},\"potentialAction\":[{\"@type\":\"SearchAction\",\"target\":{\"@type\":\"EntryPoint\",\"urlTemplate\":\"http:\\\/\\\/cuartetoenlaweb.com.ar\\\/sitio\\\/?s={search_term_string}\"},\"query-input\":{\"@type\":\"PropertyValueSpecification\",\"valueRequired\":true,\"valueName\":\"search_term_string\"}}],\"inLanguage\":\"es\"},{\"@type\":\"Organization\",\"@id\":\"http:\\\/\\\/cuartetoenlaweb.com.ar\\\/sitio\\\/#organization\",\"name\":\"Cuarteto en la Web\",\"url\":\"http:\\\/\\\/cuartetoenlaweb.com.ar\\\/sitio\\\/\",\"logo\":{\"@type\":\"ImageObject\",\"inLanguage\":\"es\",\"@id\":\"http:\\\/\\\/cuartetoenlaweb.com.ar\\\/sitio\\\/#\\\/schema\\\/logo\\\/image\\\/\",\"url\":\"https:\\\/\\\/cuartetoenlaweb.com.ar\\\/sitio\\\/wp-content\\\/uploads\\\/2025\\\/07\\\/cropped-cropped-logitoweb21.png\",\"contentUrl\":\"https:\\\/\\\/cuartetoenlaweb.com.ar\\\/sitio\\\/wp-content\\\/uploads\\\/2025\\\/07\\\/cropped-cropped-logitoweb21.png\",\"width\":199,\"height\":199,\"caption\":\"Cuarteto en la Web\"},\"image\":{\"@id\":\"http:\\\/\\\/cuartetoenlaweb.com.ar\\\/sitio\\\/#\\\/schema\\\/logo\\\/image\\\/\"}}]}<\/script>\n<!-- \/ Yoast SEO plugin. -->","yoast_head_json":{"title":"\u00a1Grav\u00edsimo! Jorge Rial se siente en peligro y perseguido por el gobierno de Milei: &quot;Me quisieron allanar y meter preso&quot; - Cuarteto en la Web","robots":{"index":"index","follow":"follow","max-snippet":"max-snippet:-1","max-image-preview":"max-image-preview:large","max-video-preview":"max-video-preview:-1"},"canonical":"https:\/\/cuartetoenlaweb.com.ar\/sitio\/gravisimo-jorge-rial-se-siente-en-peligro-y-perseguido-por-el-gobierno-de-milei-me-quisieron-allanar-y-meter-preso\/","og_locale":"es_ES","og_type":"article","og_title":"\u00a1Grav\u00edsimo! Jorge Rial se siente en peligro y perseguido por el gobierno de Milei: &quot;Me quisieron allanar y meter preso&quot; - Cuarteto en la Web","og_description":"A Jorge Rial se le movi\u00f3 el piso estos d\u00edas.","og_url":"https:\/\/cuartetoenlaweb.com.ar\/sitio\/gravisimo-jorge-rial-se-siente-en-peligro-y-perseguido-por-el-gobierno-de-milei-me-quisieron-allanar-y-meter-preso\/","og_site_name":"Cuarteto en la Web","article_published_time":"2026-01-06T21:59:44+00:00","og_image":[{"width":359,"height":226,"url":"https:\/\/cuartetoenlaweb.com.ar\/sitio\/wp-content\/uploads\/2026\/01\/Ciro-1-359x226-2.jpg","type":"image\/jpeg"}],"twitter_card":"summary_large_image","twitter_misc":{"Tiempo de lectura":"3 minutos"},"schema":{"@context":"https:\/\/schema.org","@graph":[{"@type":"Article","@id":"https:\/\/cuartetoenlaweb.com.ar\/sitio\/gravisimo-jorge-rial-se-siente-en-peligro-y-perseguido-por-el-gobierno-de-milei-me-quisieron-allanar-y-meter-preso\/#article","isPartOf":{"@id":"https:\/\/cuartetoenlaweb.com.ar\/sitio\/gravisimo-jorge-rial-se-siente-en-peligro-y-perseguido-por-el-gobierno-de-milei-me-quisieron-allanar-y-meter-preso\/"},"author":{"name":"","@id":""},"headline":"\u00a1Grav\u00edsimo! Jorge Rial se siente en peligro y perseguido por el gobierno de Milei: &quot;Me quisieron allanar y meter preso&quot;","datePublished":"2026-01-06T21:59:44+00:00","mainEntityOfPage":{"@id":"https:\/\/cuartetoenlaweb.com.ar\/sitio\/gravisimo-jorge-rial-se-siente-en-peligro-y-perseguido-por-el-gobierno-de-milei-me-quisieron-allanar-y-meter-preso\/"},"wordCount":670,"publisher":{"@id":"http:\/\/cuartetoenlaweb.com.ar\/sitio\/#organization"},"image":{"@id":"https:\/\/cuartetoenlaweb.com.ar\/sitio\/gravisimo-jorge-rial-se-siente-en-peligro-y-perseguido-por-el-gobierno-de-milei-me-quisieron-allanar-y-meter-preso\/#primaryimage"},"thumbnailUrl":"https:\/\/cuartetoenlaweb.com.ar\/sitio\/wp-content\/uploads\/2026\/01\/Ciro-1-359x226-2.jpg","articleSection":["PAIS"],"inLanguage":"es"},{"@type":"WebPage","@id":"https:\/\/cuartetoenlaweb.com.ar\/sitio\/gravisimo-jorge-rial-se-siente-en-peligro-y-perseguido-por-el-gobierno-de-milei-me-quisieron-allanar-y-meter-preso\/","url":"https:\/\/cuartetoenlaweb.com.ar\/sitio\/gravisimo-jorge-rial-se-siente-en-peligro-y-perseguido-por-el-gobierno-de-milei-me-quisieron-allanar-y-meter-preso\/","name":"\u00a1Grav\u00edsimo! Jorge Rial se siente en peligro y perseguido por el gobierno de Milei: &quot;Me quisieron allanar y meter preso&quot; - Cuarteto en la Web","isPartOf":{"@id":"http:\/\/cuartetoenlaweb.com.ar\/sitio\/#website"},"primaryImageOfPage":{"@id":"https:\/\/cuartetoenlaweb.com.ar\/sitio\/gravisimo-jorge-rial-se-siente-en-peligro-y-perseguido-por-el-gobierno-de-milei-me-quisieron-allanar-y-meter-preso\/#primaryimage"},"image":{"@id":"https:\/\/cuartetoenlaweb.com.ar\/sitio\/gravisimo-jorge-rial-se-siente-en-peligro-y-perseguido-por-el-gobierno-de-milei-me-quisieron-allanar-y-meter-preso\/#primaryimage"},"thumbnailUrl":"https:\/\/cuartetoenlaweb.com.ar\/sitio\/wp-content\/uploads\/2026\/01\/Ciro-1-359x226-2.jpg","datePublished":"2026-01-06T21:59:44+00:00","breadcrumb":{"@id":"https:\/\/cuartetoenlaweb.com.ar\/sitio\/gravisimo-jorge-rial-se-siente-en-peligro-y-perseguido-por-el-gobierno-de-milei-me-quisieron-allanar-y-meter-preso\/#breadcrumb"},"inLanguage":"es","potentialAction":[{"@type":"ReadAction","target":["https:\/\/cuartetoenlaweb.com.ar\/sitio\/gravisimo-jorge-rial-se-siente-en-peligro-y-perseguido-por-el-gobierno-de-milei-me-quisieron-allanar-y-meter-preso\/"]}]},{"@type":"ImageObject","inLanguage":"es","@id":"https:\/\/cuartetoenlaweb.com.ar\/sitio\/gravisimo-jorge-rial-se-siente-en-peligro-y-perseguido-por-el-gobierno-de-milei-me-quisieron-allanar-y-meter-preso\/#primaryimage","url":"https:\/\/cuartetoenlaweb.com.ar\/sitio\/wp-content\/uploads\/2026\/01\/Ciro-1-359x226-2.jpg","contentUrl":"https:\/\/cuartetoenlaweb.com.ar\/sitio\/wp-content\/uploads\/2026\/01\/Ciro-1-359x226-2.jpg","width":359,"height":226},{"@type":"BreadcrumbList","@id":"https:\/\/cuartetoenlaweb.com.ar\/sitio\/gravisimo-jorge-rial-se-siente-en-peligro-y-perseguido-por-el-gobierno-de-milei-me-quisieron-allanar-y-meter-preso\/#breadcrumb","itemListElement":[{"@type":"ListItem","position":1,"name":"Portada","item":"http:\/\/cuartetoenlaweb.com.ar\/sitio\/"},{"@type":"ListItem","position":2,"name":"\u00a1Grav\u00edsimo! Jorge Rial se siente en peligro y perseguido por el gobierno de Milei: &quot;Me quisieron allanar y meter preso&quot;"}]},{"@type":"WebSite","@id":"http:\/\/cuartetoenlaweb.com.ar\/sitio\/#website","url":"http:\/\/cuartetoenlaweb.com.ar\/sitio\/","name":"Cuarteto en la Web","description":"","publisher":{"@id":"http:\/\/cuartetoenlaweb.com.ar\/sitio\/#organization"},"potentialAction":[{"@type":"SearchAction","target":{"@type":"EntryPoint","urlTemplate":"http:\/\/cuartetoenlaweb.com.ar\/sitio\/?s={search_term_string}"},"query-input":{"@type":"PropertyValueSpecification","valueRequired":true,"valueName":"search_term_string"}}],"inLanguage":"es"},{"@type":"Organization","@id":"http:\/\/cuartetoenlaweb.com.ar\/sitio\/#organization","name":"Cuarteto en la Web","url":"http:\/\/cuartetoenlaweb.com.ar\/sitio\/","logo":{"@type":"ImageObject","inLanguage":"es","@id":"http:\/\/cuartetoenlaweb.com.ar\/sitio\/#\/schema\/logo\/image\/","url":"https:\/\/cuartetoenlaweb.com.ar\/sitio\/wp-content\/uploads\/2025\/07\/cropped-cropped-logitoweb21.png","contentUrl":"https:\/\/cuartetoenlaweb.com.ar\/sitio\/wp-content\/uploads\/2025\/07\/cropped-cropped-logitoweb21.png","width":199,"height":199,"caption":"Cuarteto en la Web"},"image":{"@id":"http:\/\/cuartetoenlaweb.com.ar\/sitio\/#\/schema\/logo\/image\/"}}]}},"_links":{"self":[{"href":"https:\/\/cuartetoenlaweb.com.ar\/sitio\/wp-json\/wp\/v2\/posts\/10066","targetHints":{"allow":["GET"]}}],"collection":[{"href":"https:\/\/cuartetoenlaweb.com.ar\/sitio\/wp-json\/wp\/v2\/posts"}],"about":[{"href":"https:\/\/cuartetoenlaweb.com.ar\/sitio\/wp-json\/wp\/v2\/types\/post"}],"replies":[{"embeddable":true,"href":"https:\/\/cuartetoenlaweb.com.ar\/sitio\/wp-json\/wp\/v2\/comments?post=10066"}],"version-history":[{"count":0,"href":"https:\/\/cuartetoenlaweb.com.ar\/sitio\/wp-json\/wp\/v2\/posts\/10066\/revisions"}],"wp:featuredmedia":[{"embeddable":true,"href":"https:\/\/cuartetoenlaweb.com.ar\/sitio\/wp-json\/wp\/v2\/media\/10067"}],"wp:attachment":[{"href":"https:\/\/cuartetoenlaweb.com.ar\/sitio\/wp-json\/wp\/v2\/media?parent=10066"}],"wp:term":[{"taxonomy":"category","embeddable":true,"href":"https:\/\/cuartetoenlaweb.com.ar\/sitio\/wp-json\/wp\/v2\/categories?post=10066"},{"taxonomy":"post_tag","embeddable":true,"href":"https:\/\/cuartetoenlaweb.com.ar\/sitio\/wp-json\/wp\/v2\/tags?post=10066"}],"curies":[{"name":"wp","href":"https:\/\/api.w.org\/{rel}","templated":true}]}}