
{"id":10030,"date":"2026-01-06T06:00:15","date_gmt":"2026-01-06T09:00:15","guid":{"rendered":"https:\/\/cuartetoenlaweb.com.ar\/sitio\/benjamin-vicuna-revelo-el-gran-paso-que-dara-su-hija-con-la-china-suarez-para-su-futuro-va-a-ir\/"},"modified":"2026-01-06T06:00:15","modified_gmt":"2026-01-06T09:00:15","slug":"benjamin-vicuna-revelo-el-gran-paso-que-dara-su-hija-con-la-china-suarez-para-su-futuro-va-a-ir","status":"publish","type":"post","link":"https:\/\/cuartetoenlaweb.com.ar\/sitio\/benjamin-vicuna-revelo-el-gran-paso-que-dara-su-hija-con-la-china-suarez-para-su-futuro-va-a-ir\/","title":{"rendered":"Benjam\u00edn Vicu\u00f1a revel\u00f3 el gran paso que dar\u00e1 su hija con la China Su\u00e1rez para su futuro: \u201cVa a ir\u2026\u201d"},"content":{"rendered":"<p><strong>Benjam\u00edn Vicu\u00f1a<\/strong> se encuentra disfrutando de unas espl\u00e9ndidas y felices vacaciones en Punta del Este. Lo hace junto a sus hijos <strong>Magnolia<\/strong> y <strong>Amancio<\/strong> -fruto de su relaci\u00f3n con la <strong>China Su\u00e1rez<\/strong>-, adem\u00e1s de la presencia de su novia <strong>Anita Espasand\u00edn<\/strong>. Vienen siendo d\u00edas de absoluto relax, despu\u00e9s de un a\u00f1o cargado y un 2026 que lo espera con nuevos desaf\u00edos.<\/p>\n<p>En este punto, y en la previa a lo que fue su debut con The Balls, su nuevo programa en Canal 13, <strong><a href=\"https:\/\/www.paparazzi.com.ar\/romances\/tremendo-anita-espasandin-le-echo-en-cara-a-benjamin-vicuna-su-pasado-amoroso-con-una-foto-letal\/\">Vicu\u00f1a<\/a><\/strong> decidi\u00f3 abrirse por completo en una charla con<strong> Moria Cas\u00e1n<\/strong>. Sucedi\u00f3 en el ciclo de la diva, <strong><em>La Ma\u00f1ana con Moria<\/em><\/strong>, donde se anim\u00f3 a contar detalles de sus desaf\u00edos profesionales para este a\u00f1o que comienza pero tambi\u00e9n se anim\u00f3 a hablar de algo impensado: sus hijos con la <strong>China<\/strong>.<\/p>\n<p>Incluso nadie esperaba que <strong><a href=\"https:\/\/www.paparazzi.com.ar\/romances\/benjamin-vicuna-revelo-el-trato-que-su-novia-anita-espasandin-tiene-hacia-su-hija-con-la-china-suarez\/\">Benjam\u00edn<\/a><\/strong> hablara de sus hijos. Sabiendo que algo de rispidez hab\u00eda quedado desde la nota que la <strong>China<\/strong> dio con la conductora -donde se encarg\u00f3 de hablar pestes contra el chileno-, el actor ahora sorprendi\u00f3 con su buena onda. Y si bien es obvio que no era algo personal contra <strong><em>La One<\/em><\/strong>, decidi\u00f3 mostrarse distendido y feliz por el clima profesional dejando atr\u00e1s cualquier tipo de diferencia o pendiente.<\/p>\n<div class=\"mt-box \">\n<h4 class=\"mt-heading\">Mir\u00e1 Tambi\u00e9n<\/h4>\n<p><a href=\"https:\/\/www.paparazzi.com.ar\/videos\/exclusivo-zoe-bogach-se-puso-en-la-piel-de-luisana-lopilato-y-recordo-a-mia-colucci-de-rebelde-way-yo-dejaria-todo-por-maluma\/\"><\/p>\n<div class=\"mt-content\">\n<div class=\"mt-image-container\"><img decoding=\"async\" src=\"https:\/\/www.paparazzi.com.ar\/wp-content\/uploads\/2025\/12\/PORTADA-WEB-YO-QUIERO-SER-zoe-gh-mia-colucci-359x226.jpg\" alt=\"\u00a1Exclusivo! Zoe Bogach se puso en la piel de Luisana Lopilato y record\u00f3 a M\u00eda Colucci de Rebelde Way: \u201cYo dejar\u00eda todo por Maluma\u201d\" class=\"mt-image\" loading=\"lazy\" \/><\/div>\n<h5 class=\"mt-title\">\u00a1Exclusivo! Zoe Bogach se puso en la piel de Luisana Lopilato y record\u00f3 a M\u00eda Colucci de Rebelde Way: \u201cYo dejar\u00eda todo por Maluma\u201d<\/h5>\n<\/div>\n<p><\/a><\/div>\n<p>Todo surgi\u00f3 poco despu\u00e9s de que <strong>Moria<\/strong> le preguntara a <strong><a href=\"https:\/\/www.paparazzi.com.ar\/romances\/el-ano-nuevo-de-benjamin-vicuna-con-sus-hijos-que-destrozo-a-la-china-suarez-cuando-estan-con-el-papa\/\">Vicu\u00f1a<\/a><\/strong> por el nuevo <em>\u201cemprendimiento\u201d<\/em> que <strong>Magnolia<\/strong> comenz\u00f3. <em>\u201cEstuve leyendo algo de Magnolia, que vende en el garage de la casa pulseritas. Me muero. \u00bfCu\u00e1ntos a\u00f1os tiene Magnolia?\u201d<\/em>, lanz\u00f3 la diva divertida y sorprendida. H\u00e1bil para moverse en una nota, la conductora puso en escena un tema que por estos d\u00edas gener\u00f3 impacto en las redes.<\/p>\n<h2 class=\"wp-block-heading\">BENJAM\u00cdN VICU\u00d1A CONT\u00d3 A QU\u00c9 SE QUIERE DEDICAR MAGNOLIA, SU HIJA CON LA CHINA SU\u00c1REZ<\/h2>\n<p>Sin esquivar la pregunta ni mostrar incomodidad al respecto, <strong>Benjam\u00edn<\/strong> respondi\u00f3 con una ternura l\u00f3gica de un pap\u00e1 que ve crecer a sus hijos. <em>\u201cTiene 7, va a cumplir 8 el 7 de febrero. Est\u00e1 hermosa, est\u00e1 disfrutando la playa\u201d<\/em>, dijo sobre <strong>Magnolia<\/strong>. Y esa tranquilidad, soltura y alegr\u00eda que mostr\u00f3 fue el puntapi\u00e9 para hacer una importante confesi\u00f3n.<\/p>\n<p>\u00bfDe qu\u00e9 se trata? De la decisi\u00f3n que <strong>Magnolia<\/strong> tom\u00f3 para su futuro. Ya de peque\u00f1a, la ni\u00f1a parece tener rasgos que la llevan al rubro art\u00edstico. Es parte de la herencia familiar y no era de menos esperar esto sabiendo que sus padres son <strong>Benjam\u00edn<\/strong> y <strong>Eugenia<\/strong>. Pero fue entonces cuando, mezclando un poco de humor, el chileno se anim\u00f3 a hacerle una divertida confesi\u00f3n a <strong>Moria<\/strong>.<\/p>\n<div class=\"mt-box \">\n<h4 class=\"mt-heading\">Mir\u00e1 Tambi\u00e9n<\/h4>\n<p><a href=\"https:\/\/www.paparazzi.com.ar\/romances\/tremendo-anita-espasandin-le-echo-en-cara-a-benjamin-vicuna-su-pasado-amoroso-con-una-foto-letal\/\"><\/p>\n<div class=\"mt-content\">\n<div class=\"mt-image-container\"><img decoding=\"async\" src=\"https:\/\/www.paparazzi.com.ar\/wp-content\/uploads\/2026\/01\/Anita-Espasandin-Benjamin-Vicuna-China-Suarez-Pampita-359x226.jpg\" alt=\"\u00a1Tremendo! Anita Espasand\u00edn le ech\u00f3 en cara a Benjam\u00edn Vicu\u00f1a su pasado amoroso con una foto letal\" class=\"mt-image\" loading=\"lazy\" \/><\/div>\n<h5 class=\"mt-title\">\u00a1Tremendo! Anita Espasand\u00edn le ech\u00f3 en cara a Benjam\u00edn Vicu\u00f1a su pasado amoroso con una foto letal<\/h5>\n<\/div>\n<p><\/a><\/div>\n<p>En el momento en el que habl\u00f3 de la personalidad de su peque\u00f1a hija y hasta haciendo una peque\u00f1a proyecci\u00f3n de hacia d\u00f3nde ir\u00e1 su vida, <strong>Vicu\u00f1a<\/strong> no titube\u00f3. <em>\u201cCreo que va a ir detr\u00e1s de tus pasos porque tambi\u00e9n le gusta bailar, le gusta actuar\u201d<\/em>, lanz\u00f3. Y adem\u00e1s agreg\u00f3 otra divertida observaci\u00f3n: <em>\u201cY ahora le gusta tambi\u00e9n el negocio\u201d<\/em>.<\/p>\n<div class=\"mt-box \">\n<h4 class=\"mt-heading\">Mir\u00e1 Tambi\u00e9n<\/h4>\n<p><a href=\"https:\/\/www.paparazzi.com.ar\/romances\/benjamin-vicuna-revelo-el-trato-que-su-novia-anita-espasandin-tiene-hacia-su-hija-con-la-china-suarez\/\"><\/p>\n<div class=\"mt-content\">\n<div class=\"mt-image-container\"><img decoding=\"async\" src=\"https:\/\/www.paparazzi.com.ar\/wp-content\/uploads\/2026\/01\/Benjamin-Vicuna-Anita-Espasandin-Magnolia-359x226.jpg\" alt=\"Benjam\u00edn Vicu\u00f1a revel\u00f3 el trato que su novia Anita Espasand\u00edn tiene hacia su hija con la China Su\u00e1rez\" class=\"mt-image\" loading=\"lazy\" \/><\/div>\n<h5 class=\"mt-title\">Benjam\u00edn Vicu\u00f1a revel\u00f3 el trato que su novia Anita Espasand\u00edn tiene hacia su hija con la China Su\u00e1rez<\/h5>\n<\/div>\n<p><\/a><\/div>\n<div class=\"mt-box \">\n<h4 class=\"mt-heading\">Mir\u00e1 Tambi\u00e9n<\/h4>\n<p><a href=\"https:\/\/www.paparazzi.com.ar\/romances\/el-ano-nuevo-de-benjamin-vicuna-con-sus-hijos-que-destrozo-a-la-china-suarez-cuando-estan-con-el-papa\/\"><\/p>\n<div class=\"mt-content\">\n<div class=\"mt-image-container\"><img decoding=\"async\" src=\"https:\/\/www.paparazzi.com.ar\/wp-content\/uploads\/2026\/01\/Benjamin-Vicuna-China-Suarez-hijos-359x226.jpg\" alt=\"El A\u00f1o Nuevo de Benjam\u00edn Vicu\u00f1a con sus hijos que destroz\u00f3 a la China Su\u00e1rez: \u201cCuando est\u00e1n con el pap\u00e1\u2026\u201d\" class=\"mt-image\" loading=\"lazy\" \/><\/div>\n<h5 class=\"mt-title\">El A\u00f1o Nuevo de Benjam\u00edn Vicu\u00f1a con sus hijos que destroz\u00f3 a la China Su\u00e1rez: \u201cCuando est\u00e1n con el pap\u00e1\u2026\u201d<\/h5>\n<\/div>\n<p><\/a><\/div>\n<p>The post <a href=\"https:\/\/www.paparazzi.com.ar\/romances\/benjamin-vicuna-revelo-el-gran-paso-que-dara-su-hija-con-la-china-suarez-para-su-futuro-va-a-ir\/\">Benjam\u00edn Vicu\u00f1a revel\u00f3 el gran paso que dar\u00e1 su hija con la China Su\u00e1rez para su futuro: \u201cVa a ir\u2026\u201d<\/a> appeared first on <a href=\"https:\/\/www.paparazzi.com.ar\">Revista Paparazzi<\/a>.<\/p>\n","protected":false},"excerpt":{"rendered":"<p>Benjam\u00edn Vicu\u00f1a se encuentra disfrutando de unas espl\u00e9ndidas y felices<\/p>\n","protected":false},"author":0,"featured_media":10031,"comment_status":"","ping_status":"","sticky":false,"template":"","format":"standard","meta":{"footnotes":""},"categories":[65],"tags":[],"class_list":["post-10030","post","type-post","status-publish","format-standard","has-post-thumbnail","hentry","category-pais"],"yoast_head":"<!-- This site is optimized with the Yoast SEO plugin v27.4 - https:\/\/yoast.com\/product\/yoast-seo-wordpress\/ -->\n<title>Benjam\u00edn Vicu\u00f1a revel\u00f3 el gran paso que dar\u00e1 su hija con la China Su\u00e1rez para su futuro: \u201cVa a ir\u2026\u201d - Cuarteto en la Web<\/title>\n<meta name=\"robots\" content=\"index, follow, max-snippet:-1, max-image-preview:large, max-video-preview:-1\" \/>\n<link rel=\"canonical\" href=\"http:\/\/cuartetoenlaweb.com.ar\/sitio\/benjamin-vicuna-revelo-el-gran-paso-que-dara-su-hija-con-la-china-suarez-para-su-futuro-va-a-ir\/\" \/>\n<meta property=\"og:locale\" content=\"es_ES\" \/>\n<meta property=\"og:type\" content=\"article\" \/>\n<meta property=\"og:title\" content=\"Benjam\u00edn Vicu\u00f1a revel\u00f3 el gran paso que dar\u00e1 su hija con la China Su\u00e1rez para su futuro: \u201cVa a ir\u2026\u201d - Cuarteto en la Web\" \/>\n<meta property=\"og:description\" content=\"Benjam\u00edn Vicu\u00f1a se encuentra disfrutando de unas espl\u00e9ndidas y felices\" \/>\n<meta property=\"og:url\" content=\"http:\/\/cuartetoenlaweb.com.ar\/sitio\/benjamin-vicuna-revelo-el-gran-paso-que-dara-su-hija-con-la-china-suarez-para-su-futuro-va-a-ir\/\" \/>\n<meta property=\"og:site_name\" content=\"Cuarteto en la Web\" \/>\n<meta property=\"article:published_time\" content=\"2026-01-06T09:00:15+00:00\" \/>\n<meta property=\"og:image\" content=\"http:\/\/cuartetoenlaweb.com.ar\/sitio\/wp-content\/uploads\/2026\/01\/PORTADA-WEB-YO-QUIERO-SER-zoe-gh-mia-colucci-359x226-14.jpg\" \/>\n\t<meta property=\"og:image:width\" content=\"359\" \/>\n\t<meta property=\"og:image:height\" content=\"226\" \/>\n\t<meta property=\"og:image:type\" content=\"image\/jpeg\" \/>\n<meta name=\"twitter:card\" content=\"summary_large_image\" \/>\n<meta name=\"twitter:label1\" content=\"Tiempo de lectura\" \/>\n\t<meta name=\"twitter:data1\" content=\"3 minutos\" \/>\n<script type=\"application\/ld+json\" class=\"yoast-schema-graph\">{\"@context\":\"https:\\\/\\\/schema.org\",\"@graph\":[{\"@type\":\"Article\",\"@id\":\"http:\\\/\\\/cuartetoenlaweb.com.ar\\\/sitio\\\/benjamin-vicuna-revelo-el-gran-paso-que-dara-su-hija-con-la-china-suarez-para-su-futuro-va-a-ir\\\/#article\",\"isPartOf\":{\"@id\":\"http:\\\/\\\/cuartetoenlaweb.com.ar\\\/sitio\\\/benjamin-vicuna-revelo-el-gran-paso-que-dara-su-hija-con-la-china-suarez-para-su-futuro-va-a-ir\\\/\"},\"author\":{\"name\":\"\",\"@id\":\"\"},\"headline\":\"Benjam\u00edn Vicu\u00f1a revel\u00f3 el gran paso que dar\u00e1 su hija con la China Su\u00e1rez para su futuro: \u201cVa a ir\u2026\u201d\",\"datePublished\":\"2026-01-06T09:00:15+00:00\",\"mainEntityOfPage\":{\"@id\":\"http:\\\/\\\/cuartetoenlaweb.com.ar\\\/sitio\\\/benjamin-vicuna-revelo-el-gran-paso-que-dara-su-hija-con-la-china-suarez-para-su-futuro-va-a-ir\\\/\"},\"wordCount\":677,\"publisher\":{\"@id\":\"http:\\\/\\\/cuartetoenlaweb.com.ar\\\/sitio\\\/#organization\"},\"image\":{\"@id\":\"http:\\\/\\\/cuartetoenlaweb.com.ar\\\/sitio\\\/benjamin-vicuna-revelo-el-gran-paso-que-dara-su-hija-con-la-china-suarez-para-su-futuro-va-a-ir\\\/#primaryimage\"},\"thumbnailUrl\":\"https:\\\/\\\/cuartetoenlaweb.com.ar\\\/sitio\\\/wp-content\\\/uploads\\\/2026\\\/01\\\/PORTADA-WEB-YO-QUIERO-SER-zoe-gh-mia-colucci-359x226-14.jpg\",\"articleSection\":[\"PAIS\"],\"inLanguage\":\"es\"},{\"@type\":\"WebPage\",\"@id\":\"http:\\\/\\\/cuartetoenlaweb.com.ar\\\/sitio\\\/benjamin-vicuna-revelo-el-gran-paso-que-dara-su-hija-con-la-china-suarez-para-su-futuro-va-a-ir\\\/\",\"url\":\"http:\\\/\\\/cuartetoenlaweb.com.ar\\\/sitio\\\/benjamin-vicuna-revelo-el-gran-paso-que-dara-su-hija-con-la-china-suarez-para-su-futuro-va-a-ir\\\/\",\"name\":\"Benjam\u00edn Vicu\u00f1a revel\u00f3 el gran paso que dar\u00e1 su hija con la China Su\u00e1rez para su futuro: \u201cVa a ir\u2026\u201d - Cuarteto en la Web\",\"isPartOf\":{\"@id\":\"http:\\\/\\\/cuartetoenlaweb.com.ar\\\/sitio\\\/#website\"},\"primaryImageOfPage\":{\"@id\":\"http:\\\/\\\/cuartetoenlaweb.com.ar\\\/sitio\\\/benjamin-vicuna-revelo-el-gran-paso-que-dara-su-hija-con-la-china-suarez-para-su-futuro-va-a-ir\\\/#primaryimage\"},\"image\":{\"@id\":\"http:\\\/\\\/cuartetoenlaweb.com.ar\\\/sitio\\\/benjamin-vicuna-revelo-el-gran-paso-que-dara-su-hija-con-la-china-suarez-para-su-futuro-va-a-ir\\\/#primaryimage\"},\"thumbnailUrl\":\"https:\\\/\\\/cuartetoenlaweb.com.ar\\\/sitio\\\/wp-content\\\/uploads\\\/2026\\\/01\\\/PORTADA-WEB-YO-QUIERO-SER-zoe-gh-mia-colucci-359x226-14.jpg\",\"datePublished\":\"2026-01-06T09:00:15+00:00\",\"breadcrumb\":{\"@id\":\"http:\\\/\\\/cuartetoenlaweb.com.ar\\\/sitio\\\/benjamin-vicuna-revelo-el-gran-paso-que-dara-su-hija-con-la-china-suarez-para-su-futuro-va-a-ir\\\/#breadcrumb\"},\"inLanguage\":\"es\",\"potentialAction\":[{\"@type\":\"ReadAction\",\"target\":[\"http:\\\/\\\/cuartetoenlaweb.com.ar\\\/sitio\\\/benjamin-vicuna-revelo-el-gran-paso-que-dara-su-hija-con-la-china-suarez-para-su-futuro-va-a-ir\\\/\"]}]},{\"@type\":\"ImageObject\",\"inLanguage\":\"es\",\"@id\":\"http:\\\/\\\/cuartetoenlaweb.com.ar\\\/sitio\\\/benjamin-vicuna-revelo-el-gran-paso-que-dara-su-hija-con-la-china-suarez-para-su-futuro-va-a-ir\\\/#primaryimage\",\"url\":\"https:\\\/\\\/cuartetoenlaweb.com.ar\\\/sitio\\\/wp-content\\\/uploads\\\/2026\\\/01\\\/PORTADA-WEB-YO-QUIERO-SER-zoe-gh-mia-colucci-359x226-14.jpg\",\"contentUrl\":\"https:\\\/\\\/cuartetoenlaweb.com.ar\\\/sitio\\\/wp-content\\\/uploads\\\/2026\\\/01\\\/PORTADA-WEB-YO-QUIERO-SER-zoe-gh-mia-colucci-359x226-14.jpg\",\"width\":359,\"height\":226},{\"@type\":\"BreadcrumbList\",\"@id\":\"http:\\\/\\\/cuartetoenlaweb.com.ar\\\/sitio\\\/benjamin-vicuna-revelo-el-gran-paso-que-dara-su-hija-con-la-china-suarez-para-su-futuro-va-a-ir\\\/#breadcrumb\",\"itemListElement\":[{\"@type\":\"ListItem\",\"position\":1,\"name\":\"Portada\",\"item\":\"http:\\\/\\\/cuartetoenlaweb.com.ar\\\/sitio\\\/\"},{\"@type\":\"ListItem\",\"position\":2,\"name\":\"Benjam\u00edn Vicu\u00f1a revel\u00f3 el gran paso que dar\u00e1 su hija con la China Su\u00e1rez para su futuro: \u201cVa a ir\u2026\u201d\"}]},{\"@type\":\"WebSite\",\"@id\":\"http:\\\/\\\/cuartetoenlaweb.com.ar\\\/sitio\\\/#website\",\"url\":\"http:\\\/\\\/cuartetoenlaweb.com.ar\\\/sitio\\\/\",\"name\":\"Cuarteto en la Web\",\"description\":\"\",\"publisher\":{\"@id\":\"http:\\\/\\\/cuartetoenlaweb.com.ar\\\/sitio\\\/#organization\"},\"potentialAction\":[{\"@type\":\"SearchAction\",\"target\":{\"@type\":\"EntryPoint\",\"urlTemplate\":\"http:\\\/\\\/cuartetoenlaweb.com.ar\\\/sitio\\\/?s={search_term_string}\"},\"query-input\":{\"@type\":\"PropertyValueSpecification\",\"valueRequired\":true,\"valueName\":\"search_term_string\"}}],\"inLanguage\":\"es\"},{\"@type\":\"Organization\",\"@id\":\"http:\\\/\\\/cuartetoenlaweb.com.ar\\\/sitio\\\/#organization\",\"name\":\"Cuarteto en la Web\",\"url\":\"http:\\\/\\\/cuartetoenlaweb.com.ar\\\/sitio\\\/\",\"logo\":{\"@type\":\"ImageObject\",\"inLanguage\":\"es\",\"@id\":\"http:\\\/\\\/cuartetoenlaweb.com.ar\\\/sitio\\\/#\\\/schema\\\/logo\\\/image\\\/\",\"url\":\"https:\\\/\\\/cuartetoenlaweb.com.ar\\\/sitio\\\/wp-content\\\/uploads\\\/2025\\\/07\\\/cropped-cropped-logitoweb21.png\",\"contentUrl\":\"https:\\\/\\\/cuartetoenlaweb.com.ar\\\/sitio\\\/wp-content\\\/uploads\\\/2025\\\/07\\\/cropped-cropped-logitoweb21.png\",\"width\":199,\"height\":199,\"caption\":\"Cuarteto en la Web\"},\"image\":{\"@id\":\"http:\\\/\\\/cuartetoenlaweb.com.ar\\\/sitio\\\/#\\\/schema\\\/logo\\\/image\\\/\"}}]}<\/script>\n<!-- \/ Yoast SEO plugin. -->","yoast_head_json":{"title":"Benjam\u00edn Vicu\u00f1a revel\u00f3 el gran paso que dar\u00e1 su hija con la China Su\u00e1rez para su futuro: \u201cVa a ir\u2026\u201d - Cuarteto en la Web","robots":{"index":"index","follow":"follow","max-snippet":"max-snippet:-1","max-image-preview":"max-image-preview:large","max-video-preview":"max-video-preview:-1"},"canonical":"http:\/\/cuartetoenlaweb.com.ar\/sitio\/benjamin-vicuna-revelo-el-gran-paso-que-dara-su-hija-con-la-china-suarez-para-su-futuro-va-a-ir\/","og_locale":"es_ES","og_type":"article","og_title":"Benjam\u00edn Vicu\u00f1a revel\u00f3 el gran paso que dar\u00e1 su hija con la China Su\u00e1rez para su futuro: \u201cVa a ir\u2026\u201d - Cuarteto en la Web","og_description":"Benjam\u00edn Vicu\u00f1a se encuentra disfrutando de unas espl\u00e9ndidas y felices","og_url":"http:\/\/cuartetoenlaweb.com.ar\/sitio\/benjamin-vicuna-revelo-el-gran-paso-que-dara-su-hija-con-la-china-suarez-para-su-futuro-va-a-ir\/","og_site_name":"Cuarteto en la Web","article_published_time":"2026-01-06T09:00:15+00:00","og_image":[{"width":359,"height":226,"url":"http:\/\/cuartetoenlaweb.com.ar\/sitio\/wp-content\/uploads\/2026\/01\/PORTADA-WEB-YO-QUIERO-SER-zoe-gh-mia-colucci-359x226-14.jpg","type":"image\/jpeg"}],"twitter_card":"summary_large_image","twitter_misc":{"Tiempo de lectura":"3 minutos"},"schema":{"@context":"https:\/\/schema.org","@graph":[{"@type":"Article","@id":"http:\/\/cuartetoenlaweb.com.ar\/sitio\/benjamin-vicuna-revelo-el-gran-paso-que-dara-su-hija-con-la-china-suarez-para-su-futuro-va-a-ir\/#article","isPartOf":{"@id":"http:\/\/cuartetoenlaweb.com.ar\/sitio\/benjamin-vicuna-revelo-el-gran-paso-que-dara-su-hija-con-la-china-suarez-para-su-futuro-va-a-ir\/"},"author":{"name":"","@id":""},"headline":"Benjam\u00edn Vicu\u00f1a revel\u00f3 el gran paso que dar\u00e1 su hija con la China Su\u00e1rez para su futuro: \u201cVa a ir\u2026\u201d","datePublished":"2026-01-06T09:00:15+00:00","mainEntityOfPage":{"@id":"http:\/\/cuartetoenlaweb.com.ar\/sitio\/benjamin-vicuna-revelo-el-gran-paso-que-dara-su-hija-con-la-china-suarez-para-su-futuro-va-a-ir\/"},"wordCount":677,"publisher":{"@id":"http:\/\/cuartetoenlaweb.com.ar\/sitio\/#organization"},"image":{"@id":"http:\/\/cuartetoenlaweb.com.ar\/sitio\/benjamin-vicuna-revelo-el-gran-paso-que-dara-su-hija-con-la-china-suarez-para-su-futuro-va-a-ir\/#primaryimage"},"thumbnailUrl":"https:\/\/cuartetoenlaweb.com.ar\/sitio\/wp-content\/uploads\/2026\/01\/PORTADA-WEB-YO-QUIERO-SER-zoe-gh-mia-colucci-359x226-14.jpg","articleSection":["PAIS"],"inLanguage":"es"},{"@type":"WebPage","@id":"http:\/\/cuartetoenlaweb.com.ar\/sitio\/benjamin-vicuna-revelo-el-gran-paso-que-dara-su-hija-con-la-china-suarez-para-su-futuro-va-a-ir\/","url":"http:\/\/cuartetoenlaweb.com.ar\/sitio\/benjamin-vicuna-revelo-el-gran-paso-que-dara-su-hija-con-la-china-suarez-para-su-futuro-va-a-ir\/","name":"Benjam\u00edn Vicu\u00f1a revel\u00f3 el gran paso que dar\u00e1 su hija con la China Su\u00e1rez para su futuro: \u201cVa a ir\u2026\u201d - Cuarteto en la Web","isPartOf":{"@id":"http:\/\/cuartetoenlaweb.com.ar\/sitio\/#website"},"primaryImageOfPage":{"@id":"http:\/\/cuartetoenlaweb.com.ar\/sitio\/benjamin-vicuna-revelo-el-gran-paso-que-dara-su-hija-con-la-china-suarez-para-su-futuro-va-a-ir\/#primaryimage"},"image":{"@id":"http:\/\/cuartetoenlaweb.com.ar\/sitio\/benjamin-vicuna-revelo-el-gran-paso-que-dara-su-hija-con-la-china-suarez-para-su-futuro-va-a-ir\/#primaryimage"},"thumbnailUrl":"https:\/\/cuartetoenlaweb.com.ar\/sitio\/wp-content\/uploads\/2026\/01\/PORTADA-WEB-YO-QUIERO-SER-zoe-gh-mia-colucci-359x226-14.jpg","datePublished":"2026-01-06T09:00:15+00:00","breadcrumb":{"@id":"http:\/\/cuartetoenlaweb.com.ar\/sitio\/benjamin-vicuna-revelo-el-gran-paso-que-dara-su-hija-con-la-china-suarez-para-su-futuro-va-a-ir\/#breadcrumb"},"inLanguage":"es","potentialAction":[{"@type":"ReadAction","target":["http:\/\/cuartetoenlaweb.com.ar\/sitio\/benjamin-vicuna-revelo-el-gran-paso-que-dara-su-hija-con-la-china-suarez-para-su-futuro-va-a-ir\/"]}]},{"@type":"ImageObject","inLanguage":"es","@id":"http:\/\/cuartetoenlaweb.com.ar\/sitio\/benjamin-vicuna-revelo-el-gran-paso-que-dara-su-hija-con-la-china-suarez-para-su-futuro-va-a-ir\/#primaryimage","url":"https:\/\/cuartetoenlaweb.com.ar\/sitio\/wp-content\/uploads\/2026\/01\/PORTADA-WEB-YO-QUIERO-SER-zoe-gh-mia-colucci-359x226-14.jpg","contentUrl":"https:\/\/cuartetoenlaweb.com.ar\/sitio\/wp-content\/uploads\/2026\/01\/PORTADA-WEB-YO-QUIERO-SER-zoe-gh-mia-colucci-359x226-14.jpg","width":359,"height":226},{"@type":"BreadcrumbList","@id":"http:\/\/cuartetoenlaweb.com.ar\/sitio\/benjamin-vicuna-revelo-el-gran-paso-que-dara-su-hija-con-la-china-suarez-para-su-futuro-va-a-ir\/#breadcrumb","itemListElement":[{"@type":"ListItem","position":1,"name":"Portada","item":"http:\/\/cuartetoenlaweb.com.ar\/sitio\/"},{"@type":"ListItem","position":2,"name":"Benjam\u00edn Vicu\u00f1a revel\u00f3 el gran paso que dar\u00e1 su hija con la China Su\u00e1rez para su futuro: \u201cVa a ir\u2026\u201d"}]},{"@type":"WebSite","@id":"http:\/\/cuartetoenlaweb.com.ar\/sitio\/#website","url":"http:\/\/cuartetoenlaweb.com.ar\/sitio\/","name":"Cuarteto en la Web","description":"","publisher":{"@id":"http:\/\/cuartetoenlaweb.com.ar\/sitio\/#organization"},"potentialAction":[{"@type":"SearchAction","target":{"@type":"EntryPoint","urlTemplate":"http:\/\/cuartetoenlaweb.com.ar\/sitio\/?s={search_term_string}"},"query-input":{"@type":"PropertyValueSpecification","valueRequired":true,"valueName":"search_term_string"}}],"inLanguage":"es"},{"@type":"Organization","@id":"http:\/\/cuartetoenlaweb.com.ar\/sitio\/#organization","name":"Cuarteto en la Web","url":"http:\/\/cuartetoenlaweb.com.ar\/sitio\/","logo":{"@type":"ImageObject","inLanguage":"es","@id":"http:\/\/cuartetoenlaweb.com.ar\/sitio\/#\/schema\/logo\/image\/","url":"https:\/\/cuartetoenlaweb.com.ar\/sitio\/wp-content\/uploads\/2025\/07\/cropped-cropped-logitoweb21.png","contentUrl":"https:\/\/cuartetoenlaweb.com.ar\/sitio\/wp-content\/uploads\/2025\/07\/cropped-cropped-logitoweb21.png","width":199,"height":199,"caption":"Cuarteto en la Web"},"image":{"@id":"http:\/\/cuartetoenlaweb.com.ar\/sitio\/#\/schema\/logo\/image\/"}}]}},"_links":{"self":[{"href":"https:\/\/cuartetoenlaweb.com.ar\/sitio\/wp-json\/wp\/v2\/posts\/10030","targetHints":{"allow":["GET"]}}],"collection":[{"href":"https:\/\/cuartetoenlaweb.com.ar\/sitio\/wp-json\/wp\/v2\/posts"}],"about":[{"href":"https:\/\/cuartetoenlaweb.com.ar\/sitio\/wp-json\/wp\/v2\/types\/post"}],"replies":[{"embeddable":true,"href":"https:\/\/cuartetoenlaweb.com.ar\/sitio\/wp-json\/wp\/v2\/comments?post=10030"}],"version-history":[{"count":0,"href":"https:\/\/cuartetoenlaweb.com.ar\/sitio\/wp-json\/wp\/v2\/posts\/10030\/revisions"}],"wp:featuredmedia":[{"embeddable":true,"href":"https:\/\/cuartetoenlaweb.com.ar\/sitio\/wp-json\/wp\/v2\/media\/10031"}],"wp:attachment":[{"href":"https:\/\/cuartetoenlaweb.com.ar\/sitio\/wp-json\/wp\/v2\/media?parent=10030"}],"wp:term":[{"taxonomy":"category","embeddable":true,"href":"https:\/\/cuartetoenlaweb.com.ar\/sitio\/wp-json\/wp\/v2\/categories?post=10030"},{"taxonomy":"post_tag","embeddable":true,"href":"https:\/\/cuartetoenlaweb.com.ar\/sitio\/wp-json\/wp\/v2\/tags?post=10030"}],"curies":[{"name":"wp","href":"https:\/\/api.w.org\/{rel}","templated":true}]}}