
{"id":9723,"date":"2025-12-29T13:54:05","date_gmt":"2025-12-29T16:54:05","guid":{"rendered":"https:\/\/cuartetoenlaweb.com.ar\/sitio\/crece-la-preocupacion-por-lowrdez-de-bandana-tras-los-inquietantes-videos-que-subio-a-sus-redes\/"},"modified":"2025-12-29T13:54:05","modified_gmt":"2025-12-29T16:54:05","slug":"crece-la-preocupacion-por-lowrdez-de-bandana-tras-los-inquietantes-videos-que-subio-a-sus-redes","status":"publish","type":"post","link":"http:\/\/cuartetoenlaweb.com.ar\/sitio\/crece-la-preocupacion-por-lowrdez-de-bandana-tras-los-inquietantes-videos-que-subio-a-sus-redes\/","title":{"rendered":"Crece la preocupaci\u00f3n por Lowrdez de Bandana tras los inquietantes videos que subi\u00f3 a sus redes"},"content":{"rendered":"<p><strong>Lowrdez Fern\u00e1ndez<\/strong> cierra un 2025 muy intenso, una monta\u00f1a rusa emocional de la que a\u00fan no se puede bajar. Es que a todo lo que la artista vivi\u00f3 en torno a la detenci\u00f3n de su ex novio, <strong>Leandro Garc\u00eda G\u00f3mez<\/strong>, sumado a la vuelta de <strong>Bandana <\/strong>y a la operaci\u00f3n que le realizaron a fines de noviembre, lo corona un duro golpe: la muerte de una amiga.\u00a0<\/p>\n<p>La bajista <strong>Ariana Falc\u00f3 Aureli <\/strong>falleci\u00f3 este fin de semana y <a href=\"https:\/\/www.paparazzi.com.ar\/tag\/lowrdez-fernandez\/\">Lowrdez <\/a>qued\u00f3 muy afectada. As\u00ed lo hizo ver en sus redes sociales, donde public\u00f3 videos que de inmediato encendieron la preocupaci\u00f3n de sus seguidores y fans. Err\u00e1tica, muy angustiada, con dificultades para el habla, as\u00ed se la ve a la artista en los clips que comparti\u00f3 en Instagram y luego elimin\u00f3.<\/p>\n<div class=\"mt-box \">\n<h4 class=\"mt-heading\">Mir\u00e1 Tambi\u00e9n<\/h4>\n<p><a href=\"https:\/\/www.paparazzi.com.ar\/teve\/el-impactante-diagnostico-de-lowrdez-de-bandana-tras-ser-operada-de-urgencia-enfermedad-de-m\/\"><\/p>\n<div class=\"mt-content\">\n<div class=\"mt-image-container\"><img decoding=\"async\" src=\"https:\/\/www.paparazzi.com.ar\/wp-content\/uploads\/2025\/10\/Lowrdez-Fernandez-Bandana-2-359x226.jpg\" alt=\"El impactante diagn\u00f3stico de Lowrdez de Bandana tras ser operada de urgencia: \u201cEnfermedad de m\u2026\u201d\" class=\"mt-image\" loading=\"lazy\" \/><\/div>\n<h5 class=\"mt-title\">El impactante diagn\u00f3stico de Lowrdez de Bandana tras ser operada de urgencia: \u201cEnfermedad de m\u2026\u201d<\/h5>\n<\/div>\n<p><\/a><\/div>\n<p>Alertados por las publicaciones, desde <strong>Lape Club Socia<\/strong>l (<strong>Am\u00e9rica<\/strong>) hablaron con <strong>Mabel L\u00f3pez<\/strong>, la mam\u00e1 de <a href=\"https:\/\/www.paparazzi.com.ar\/teve\/lowrdez-de-bandana-se-sometio-a-una-dificil-operacion-como-se-encuentra-de-salud\/\">Lowrdez<\/a>. <em>\u00abPas\u00f3 la Navidad con nosotros y estaba re bien, se qued\u00f3 a dormir, estaba s\u00faper. Y al d\u00eda siguiente me llama muy angustiada porque hab\u00eda fallecido una bajista que tocaba con ella\u201d<\/em>, cont\u00f3.\u00a0<\/p>\n<p>Mabel se\u00f1al\u00f3 que su hija expres\u00f3 reflexiones existencialistas. <em>\u201c\u00b4Pude haber sido yo\u00b4\u00bb<\/em>, record\u00f3 que le dijo, muy apesadumbrada, cuando la llam\u00f3 el domingo mientras ella estaba de guardia, cont\u00e1ndole que no pod\u00eda dormir. <em>\u201cYo veo las historias que publica y ahora no le digo nada. Es muy dif\u00edcil; la ayudo, pero est\u00e1 con un psiquiatra y es renuente a tomar medicaci\u00f3n, no se la puede obligar\u201d<\/em>, indic\u00f3.\u00a0<\/p>\n<h2 class=\"wp-block-heading\">EL DURO MOMENTO QUE ATRAVIESA LOWRDEZ DE BANDANA<\/h2>\n<p>La mam\u00e1 de la cantante de Bandana aclar\u00f3 que no es f\u00e1cil acompa\u00f1arla en este momento y que hacen todo lo que pueden. <em>\u201cElla cumple sus compromisos pero es todo un proceso\u201d<\/em>, dijo, sobre c\u00f3mo transita su presente y c\u00f3mo todo la afecta profundamente. Luego, Mabel L\u00f3pez habl\u00f3 sobre la reacci\u00f3n de Lowrdez ante la muerte de la bajista amiga.\u00a0<\/p>\n<p><em>\u201cEn casa siempre hablamos de la muerte, de lo que pasa m\u00e1s all\u00e1 de la muerte; me llama la atenci\u00f3n que lo haya tomado de esta forma, aunque lo que le pas\u00f3 es muy reciente\u201d<\/em>, dijo, antes de aclarar que es <strong>Valeria Gastaldi<\/strong> quien<em> \u201cla levanta mucho\u201d<\/em> y que fue fundamental para ayudarla a salir adelante.\u00a0<\/p>\n<div class=\"mt-box \">\n<h4 class=\"mt-heading\">Mir\u00e1 Tambi\u00e9n<\/h4>\n<p><a href=\"https:\/\/www.paparazzi.com.ar\/teve\/la-cruda-confesion-de-lowrdez-de-bandana-por-el-calvario-con-su-ex-no-me-siento-victima-sino-responsable\/\"><\/p>\n<div class=\"mt-content\">\n<div class=\"mt-image-container\"><img decoding=\"async\" src=\"https:\/\/www.paparazzi.com.ar\/wp-content\/uploads\/2025\/10\/Lowrdez-Fernandez-1-2-359x226.jpg\" alt=\"La cruda frase de Lowrdez de Bandana por el calvario con su ex: \u201cNo me siento v\u00edctima sino responsable\u201d\" class=\"mt-image\" loading=\"lazy\" \/><\/div>\n<h5 class=\"mt-title\">La cruda frase de Lowrdez de Bandana por el calvario con su ex: \u201cNo me siento v\u00edctima sino responsable\u201d<\/h5>\n<\/div>\n<p><\/a><\/div>\n<p>A su vez, la mujer coment\u00f3 que su hija ya no vive con culpa el hecho del encarcelamiento de Garc\u00eda G\u00f3mez.<em> \u201cEntre el 24 y el 25 ya me dijo que no se siente culpable de que est\u00e9 preso. En el posoperatorio ella contaba tambi\u00e9n, yo no pregunto y respeto sus tiempos. Le vienen pasando cosas muy fuertes\u201d<\/em>, dijo sobre su hija, que hoy vive con una amiga. Y cerr\u00f3: <em>\u201cEst\u00e1 cuidada cuando se deja cuidar\u201d<\/em>.<\/p>\n<p>The post <a href=\"https:\/\/www.paparazzi.com.ar\/teve\/crece-la-preocupacion-por-lowrdez-de-bandana-tras-los-inquietantes-videos-que-subio-a-sus-redes\/\">Crece la preocupaci\u00f3n por Lowrdez de Bandana tras los inquietantes videos que subi\u00f3 a sus redes<\/a> appeared first on <a href=\"https:\/\/www.paparazzi.com.ar\">Revista Paparazzi<\/a>.<\/p>\n","protected":false},"excerpt":{"rendered":"<p>Lowrdez Fern\u00e1ndez cierra un 2025 muy intenso, una monta\u00f1a rusa<\/p>\n","protected":false},"author":0,"featured_media":9724,"comment_status":"","ping_status":"","sticky":false,"template":"","format":"standard","meta":{"footnotes":""},"categories":[65],"tags":[],"class_list":["post-9723","post","type-post","status-publish","format-standard","has-post-thumbnail","hentry","category-pais"],"yoast_head":"<!-- This site is optimized with the Yoast SEO plugin v27.5 - https:\/\/yoast.com\/product\/yoast-seo-wordpress\/ -->\n<title>Crece la preocupaci\u00f3n por Lowrdez de Bandana tras los inquietantes videos que subi\u00f3 a sus redes - Cuarteto en la Web<\/title>\n<meta name=\"robots\" content=\"index, follow, max-snippet:-1, max-image-preview:large, max-video-preview:-1\" \/>\n<link rel=\"canonical\" href=\"http:\/\/cuartetoenlaweb.com.ar\/sitio\/crece-la-preocupacion-por-lowrdez-de-bandana-tras-los-inquietantes-videos-que-subio-a-sus-redes\/\" \/>\n<meta property=\"og:locale\" content=\"es_ES\" \/>\n<meta property=\"og:type\" content=\"article\" \/>\n<meta property=\"og:title\" content=\"Crece la preocupaci\u00f3n por Lowrdez de Bandana tras los inquietantes videos que subi\u00f3 a sus redes - Cuarteto en la Web\" \/>\n<meta property=\"og:description\" content=\"Lowrdez Fern\u00e1ndez cierra un 2025 muy intenso, una monta\u00f1a rusa\" \/>\n<meta property=\"og:url\" content=\"http:\/\/cuartetoenlaweb.com.ar\/sitio\/crece-la-preocupacion-por-lowrdez-de-bandana-tras-los-inquietantes-videos-que-subio-a-sus-redes\/\" \/>\n<meta property=\"og:site_name\" content=\"Cuarteto en la Web\" \/>\n<meta property=\"article:published_time\" content=\"2025-12-29T16:54:05+00:00\" \/>\n<meta property=\"og:image\" content=\"http:\/\/cuartetoenlaweb.com.ar\/sitio\/wp-content\/uploads\/2025\/12\/Lowrdez-Fernandez-Bandana-2-359x226-1.jpg\" \/>\n\t<meta property=\"og:image:width\" content=\"359\" \/>\n\t<meta property=\"og:image:height\" content=\"226\" \/>\n\t<meta property=\"og:image:type\" content=\"image\/jpeg\" \/>\n<meta name=\"twitter:card\" content=\"summary_large_image\" \/>\n<meta name=\"twitter:label1\" content=\"Tiempo de lectura\" \/>\n\t<meta name=\"twitter:data1\" content=\"3 minutos\" \/>\n<script type=\"application\/ld+json\" class=\"yoast-schema-graph\">{\"@context\":\"https:\\\/\\\/schema.org\",\"@graph\":[{\"@type\":\"Article\",\"@id\":\"http:\\\/\\\/cuartetoenlaweb.com.ar\\\/sitio\\\/crece-la-preocupacion-por-lowrdez-de-bandana-tras-los-inquietantes-videos-que-subio-a-sus-redes\\\/#article\",\"isPartOf\":{\"@id\":\"http:\\\/\\\/cuartetoenlaweb.com.ar\\\/sitio\\\/crece-la-preocupacion-por-lowrdez-de-bandana-tras-los-inquietantes-videos-que-subio-a-sus-redes\\\/\"},\"author\":{\"name\":\"\",\"@id\":\"\"},\"headline\":\"Crece la preocupaci\u00f3n por Lowrdez de Bandana tras los inquietantes videos que subi\u00f3 a sus redes\",\"datePublished\":\"2025-12-29T16:54:05+00:00\",\"mainEntityOfPage\":{\"@id\":\"http:\\\/\\\/cuartetoenlaweb.com.ar\\\/sitio\\\/crece-la-preocupacion-por-lowrdez-de-bandana-tras-los-inquietantes-videos-que-subio-a-sus-redes\\\/\"},\"wordCount\":556,\"publisher\":{\"@id\":\"http:\\\/\\\/cuartetoenlaweb.com.ar\\\/sitio\\\/#organization\"},\"image\":{\"@id\":\"http:\\\/\\\/cuartetoenlaweb.com.ar\\\/sitio\\\/crece-la-preocupacion-por-lowrdez-de-bandana-tras-los-inquietantes-videos-que-subio-a-sus-redes\\\/#primaryimage\"},\"thumbnailUrl\":\"http:\\\/\\\/cuartetoenlaweb.com.ar\\\/sitio\\\/wp-content\\\/uploads\\\/2025\\\/12\\\/Lowrdez-Fernandez-Bandana-2-359x226-1.jpg\",\"articleSection\":[\"PAIS\"],\"inLanguage\":\"es\"},{\"@type\":\"WebPage\",\"@id\":\"http:\\\/\\\/cuartetoenlaweb.com.ar\\\/sitio\\\/crece-la-preocupacion-por-lowrdez-de-bandana-tras-los-inquietantes-videos-que-subio-a-sus-redes\\\/\",\"url\":\"http:\\\/\\\/cuartetoenlaweb.com.ar\\\/sitio\\\/crece-la-preocupacion-por-lowrdez-de-bandana-tras-los-inquietantes-videos-que-subio-a-sus-redes\\\/\",\"name\":\"Crece la preocupaci\u00f3n por Lowrdez de Bandana tras los inquietantes videos que subi\u00f3 a sus redes - Cuarteto en la Web\",\"isPartOf\":{\"@id\":\"http:\\\/\\\/cuartetoenlaweb.com.ar\\\/sitio\\\/#website\"},\"primaryImageOfPage\":{\"@id\":\"http:\\\/\\\/cuartetoenlaweb.com.ar\\\/sitio\\\/crece-la-preocupacion-por-lowrdez-de-bandana-tras-los-inquietantes-videos-que-subio-a-sus-redes\\\/#primaryimage\"},\"image\":{\"@id\":\"http:\\\/\\\/cuartetoenlaweb.com.ar\\\/sitio\\\/crece-la-preocupacion-por-lowrdez-de-bandana-tras-los-inquietantes-videos-que-subio-a-sus-redes\\\/#primaryimage\"},\"thumbnailUrl\":\"http:\\\/\\\/cuartetoenlaweb.com.ar\\\/sitio\\\/wp-content\\\/uploads\\\/2025\\\/12\\\/Lowrdez-Fernandez-Bandana-2-359x226-1.jpg\",\"datePublished\":\"2025-12-29T16:54:05+00:00\",\"breadcrumb\":{\"@id\":\"http:\\\/\\\/cuartetoenlaweb.com.ar\\\/sitio\\\/crece-la-preocupacion-por-lowrdez-de-bandana-tras-los-inquietantes-videos-que-subio-a-sus-redes\\\/#breadcrumb\"},\"inLanguage\":\"es\",\"potentialAction\":[{\"@type\":\"ReadAction\",\"target\":[\"http:\\\/\\\/cuartetoenlaweb.com.ar\\\/sitio\\\/crece-la-preocupacion-por-lowrdez-de-bandana-tras-los-inquietantes-videos-que-subio-a-sus-redes\\\/\"]}]},{\"@type\":\"ImageObject\",\"inLanguage\":\"es\",\"@id\":\"http:\\\/\\\/cuartetoenlaweb.com.ar\\\/sitio\\\/crece-la-preocupacion-por-lowrdez-de-bandana-tras-los-inquietantes-videos-que-subio-a-sus-redes\\\/#primaryimage\",\"url\":\"http:\\\/\\\/cuartetoenlaweb.com.ar\\\/sitio\\\/wp-content\\\/uploads\\\/2025\\\/12\\\/Lowrdez-Fernandez-Bandana-2-359x226-1.jpg\",\"contentUrl\":\"http:\\\/\\\/cuartetoenlaweb.com.ar\\\/sitio\\\/wp-content\\\/uploads\\\/2025\\\/12\\\/Lowrdez-Fernandez-Bandana-2-359x226-1.jpg\",\"width\":359,\"height\":226},{\"@type\":\"BreadcrumbList\",\"@id\":\"http:\\\/\\\/cuartetoenlaweb.com.ar\\\/sitio\\\/crece-la-preocupacion-por-lowrdez-de-bandana-tras-los-inquietantes-videos-que-subio-a-sus-redes\\\/#breadcrumb\",\"itemListElement\":[{\"@type\":\"ListItem\",\"position\":1,\"name\":\"Portada\",\"item\":\"http:\\\/\\\/cuartetoenlaweb.com.ar\\\/sitio\\\/\"},{\"@type\":\"ListItem\",\"position\":2,\"name\":\"Crece la preocupaci\u00f3n por Lowrdez de Bandana tras los inquietantes videos que subi\u00f3 a sus redes\"}]},{\"@type\":\"WebSite\",\"@id\":\"http:\\\/\\\/cuartetoenlaweb.com.ar\\\/sitio\\\/#website\",\"url\":\"http:\\\/\\\/cuartetoenlaweb.com.ar\\\/sitio\\\/\",\"name\":\"Cuarteto en la Web\",\"description\":\"\",\"publisher\":{\"@id\":\"http:\\\/\\\/cuartetoenlaweb.com.ar\\\/sitio\\\/#organization\"},\"potentialAction\":[{\"@type\":\"SearchAction\",\"target\":{\"@type\":\"EntryPoint\",\"urlTemplate\":\"http:\\\/\\\/cuartetoenlaweb.com.ar\\\/sitio\\\/?s={search_term_string}\"},\"query-input\":{\"@type\":\"PropertyValueSpecification\",\"valueRequired\":true,\"valueName\":\"search_term_string\"}}],\"inLanguage\":\"es\"},{\"@type\":\"Organization\",\"@id\":\"http:\\\/\\\/cuartetoenlaweb.com.ar\\\/sitio\\\/#organization\",\"name\":\"Cuarteto en la Web\",\"url\":\"http:\\\/\\\/cuartetoenlaweb.com.ar\\\/sitio\\\/\",\"logo\":{\"@type\":\"ImageObject\",\"inLanguage\":\"es\",\"@id\":\"http:\\\/\\\/cuartetoenlaweb.com.ar\\\/sitio\\\/#\\\/schema\\\/logo\\\/image\\\/\",\"url\":\"http:\\\/\\\/cuartetoenlaweb.com.ar\\\/sitio\\\/wp-content\\\/uploads\\\/2025\\\/07\\\/cropped-cropped-logitoweb21.png\",\"contentUrl\":\"http:\\\/\\\/cuartetoenlaweb.com.ar\\\/sitio\\\/wp-content\\\/uploads\\\/2025\\\/07\\\/cropped-cropped-logitoweb21.png\",\"width\":199,\"height\":199,\"caption\":\"Cuarteto en la Web\"},\"image\":{\"@id\":\"http:\\\/\\\/cuartetoenlaweb.com.ar\\\/sitio\\\/#\\\/schema\\\/logo\\\/image\\\/\"}}]}<\/script>\n<!-- \/ Yoast SEO plugin. -->","yoast_head_json":{"title":"Crece la preocupaci\u00f3n por Lowrdez de Bandana tras los inquietantes videos que subi\u00f3 a sus redes - Cuarteto en la Web","robots":{"index":"index","follow":"follow","max-snippet":"max-snippet:-1","max-image-preview":"max-image-preview:large","max-video-preview":"max-video-preview:-1"},"canonical":"http:\/\/cuartetoenlaweb.com.ar\/sitio\/crece-la-preocupacion-por-lowrdez-de-bandana-tras-los-inquietantes-videos-que-subio-a-sus-redes\/","og_locale":"es_ES","og_type":"article","og_title":"Crece la preocupaci\u00f3n por Lowrdez de Bandana tras los inquietantes videos que subi\u00f3 a sus redes - Cuarteto en la Web","og_description":"Lowrdez Fern\u00e1ndez cierra un 2025 muy intenso, una monta\u00f1a rusa","og_url":"http:\/\/cuartetoenlaweb.com.ar\/sitio\/crece-la-preocupacion-por-lowrdez-de-bandana-tras-los-inquietantes-videos-que-subio-a-sus-redes\/","og_site_name":"Cuarteto en la Web","article_published_time":"2025-12-29T16:54:05+00:00","og_image":[{"width":359,"height":226,"url":"http:\/\/cuartetoenlaweb.com.ar\/sitio\/wp-content\/uploads\/2025\/12\/Lowrdez-Fernandez-Bandana-2-359x226-1.jpg","type":"image\/jpeg"}],"twitter_card":"summary_large_image","twitter_misc":{"Tiempo de lectura":"3 minutos"},"schema":{"@context":"https:\/\/schema.org","@graph":[{"@type":"Article","@id":"http:\/\/cuartetoenlaweb.com.ar\/sitio\/crece-la-preocupacion-por-lowrdez-de-bandana-tras-los-inquietantes-videos-que-subio-a-sus-redes\/#article","isPartOf":{"@id":"http:\/\/cuartetoenlaweb.com.ar\/sitio\/crece-la-preocupacion-por-lowrdez-de-bandana-tras-los-inquietantes-videos-que-subio-a-sus-redes\/"},"author":{"name":"","@id":""},"headline":"Crece la preocupaci\u00f3n por Lowrdez de Bandana tras los inquietantes videos que subi\u00f3 a sus redes","datePublished":"2025-12-29T16:54:05+00:00","mainEntityOfPage":{"@id":"http:\/\/cuartetoenlaweb.com.ar\/sitio\/crece-la-preocupacion-por-lowrdez-de-bandana-tras-los-inquietantes-videos-que-subio-a-sus-redes\/"},"wordCount":556,"publisher":{"@id":"http:\/\/cuartetoenlaweb.com.ar\/sitio\/#organization"},"image":{"@id":"http:\/\/cuartetoenlaweb.com.ar\/sitio\/crece-la-preocupacion-por-lowrdez-de-bandana-tras-los-inquietantes-videos-que-subio-a-sus-redes\/#primaryimage"},"thumbnailUrl":"http:\/\/cuartetoenlaweb.com.ar\/sitio\/wp-content\/uploads\/2025\/12\/Lowrdez-Fernandez-Bandana-2-359x226-1.jpg","articleSection":["PAIS"],"inLanguage":"es"},{"@type":"WebPage","@id":"http:\/\/cuartetoenlaweb.com.ar\/sitio\/crece-la-preocupacion-por-lowrdez-de-bandana-tras-los-inquietantes-videos-que-subio-a-sus-redes\/","url":"http:\/\/cuartetoenlaweb.com.ar\/sitio\/crece-la-preocupacion-por-lowrdez-de-bandana-tras-los-inquietantes-videos-que-subio-a-sus-redes\/","name":"Crece la preocupaci\u00f3n por Lowrdez de Bandana tras los inquietantes videos que subi\u00f3 a sus redes - Cuarteto en la Web","isPartOf":{"@id":"http:\/\/cuartetoenlaweb.com.ar\/sitio\/#website"},"primaryImageOfPage":{"@id":"http:\/\/cuartetoenlaweb.com.ar\/sitio\/crece-la-preocupacion-por-lowrdez-de-bandana-tras-los-inquietantes-videos-que-subio-a-sus-redes\/#primaryimage"},"image":{"@id":"http:\/\/cuartetoenlaweb.com.ar\/sitio\/crece-la-preocupacion-por-lowrdez-de-bandana-tras-los-inquietantes-videos-que-subio-a-sus-redes\/#primaryimage"},"thumbnailUrl":"http:\/\/cuartetoenlaweb.com.ar\/sitio\/wp-content\/uploads\/2025\/12\/Lowrdez-Fernandez-Bandana-2-359x226-1.jpg","datePublished":"2025-12-29T16:54:05+00:00","breadcrumb":{"@id":"http:\/\/cuartetoenlaweb.com.ar\/sitio\/crece-la-preocupacion-por-lowrdez-de-bandana-tras-los-inquietantes-videos-que-subio-a-sus-redes\/#breadcrumb"},"inLanguage":"es","potentialAction":[{"@type":"ReadAction","target":["http:\/\/cuartetoenlaweb.com.ar\/sitio\/crece-la-preocupacion-por-lowrdez-de-bandana-tras-los-inquietantes-videos-que-subio-a-sus-redes\/"]}]},{"@type":"ImageObject","inLanguage":"es","@id":"http:\/\/cuartetoenlaweb.com.ar\/sitio\/crece-la-preocupacion-por-lowrdez-de-bandana-tras-los-inquietantes-videos-que-subio-a-sus-redes\/#primaryimage","url":"http:\/\/cuartetoenlaweb.com.ar\/sitio\/wp-content\/uploads\/2025\/12\/Lowrdez-Fernandez-Bandana-2-359x226-1.jpg","contentUrl":"http:\/\/cuartetoenlaweb.com.ar\/sitio\/wp-content\/uploads\/2025\/12\/Lowrdez-Fernandez-Bandana-2-359x226-1.jpg","width":359,"height":226},{"@type":"BreadcrumbList","@id":"http:\/\/cuartetoenlaweb.com.ar\/sitio\/crece-la-preocupacion-por-lowrdez-de-bandana-tras-los-inquietantes-videos-que-subio-a-sus-redes\/#breadcrumb","itemListElement":[{"@type":"ListItem","position":1,"name":"Portada","item":"http:\/\/cuartetoenlaweb.com.ar\/sitio\/"},{"@type":"ListItem","position":2,"name":"Crece la preocupaci\u00f3n por Lowrdez de Bandana tras los inquietantes videos que subi\u00f3 a sus redes"}]},{"@type":"WebSite","@id":"http:\/\/cuartetoenlaweb.com.ar\/sitio\/#website","url":"http:\/\/cuartetoenlaweb.com.ar\/sitio\/","name":"Cuarteto en la Web","description":"","publisher":{"@id":"http:\/\/cuartetoenlaweb.com.ar\/sitio\/#organization"},"potentialAction":[{"@type":"SearchAction","target":{"@type":"EntryPoint","urlTemplate":"http:\/\/cuartetoenlaweb.com.ar\/sitio\/?s={search_term_string}"},"query-input":{"@type":"PropertyValueSpecification","valueRequired":true,"valueName":"search_term_string"}}],"inLanguage":"es"},{"@type":"Organization","@id":"http:\/\/cuartetoenlaweb.com.ar\/sitio\/#organization","name":"Cuarteto en la Web","url":"http:\/\/cuartetoenlaweb.com.ar\/sitio\/","logo":{"@type":"ImageObject","inLanguage":"es","@id":"http:\/\/cuartetoenlaweb.com.ar\/sitio\/#\/schema\/logo\/image\/","url":"http:\/\/cuartetoenlaweb.com.ar\/sitio\/wp-content\/uploads\/2025\/07\/cropped-cropped-logitoweb21.png","contentUrl":"http:\/\/cuartetoenlaweb.com.ar\/sitio\/wp-content\/uploads\/2025\/07\/cropped-cropped-logitoweb21.png","width":199,"height":199,"caption":"Cuarteto en la Web"},"image":{"@id":"http:\/\/cuartetoenlaweb.com.ar\/sitio\/#\/schema\/logo\/image\/"}}]}},"_links":{"self":[{"href":"http:\/\/cuartetoenlaweb.com.ar\/sitio\/wp-json\/wp\/v2\/posts\/9723","targetHints":{"allow":["GET"]}}],"collection":[{"href":"http:\/\/cuartetoenlaweb.com.ar\/sitio\/wp-json\/wp\/v2\/posts"}],"about":[{"href":"http:\/\/cuartetoenlaweb.com.ar\/sitio\/wp-json\/wp\/v2\/types\/post"}],"replies":[{"embeddable":true,"href":"http:\/\/cuartetoenlaweb.com.ar\/sitio\/wp-json\/wp\/v2\/comments?post=9723"}],"version-history":[{"count":0,"href":"http:\/\/cuartetoenlaweb.com.ar\/sitio\/wp-json\/wp\/v2\/posts\/9723\/revisions"}],"wp:featuredmedia":[{"embeddable":true,"href":"http:\/\/cuartetoenlaweb.com.ar\/sitio\/wp-json\/wp\/v2\/media\/9724"}],"wp:attachment":[{"href":"http:\/\/cuartetoenlaweb.com.ar\/sitio\/wp-json\/wp\/v2\/media?parent=9723"}],"wp:term":[{"taxonomy":"category","embeddable":true,"href":"http:\/\/cuartetoenlaweb.com.ar\/sitio\/wp-json\/wp\/v2\/categories?post=9723"},{"taxonomy":"post_tag","embeddable":true,"href":"http:\/\/cuartetoenlaweb.com.ar\/sitio\/wp-json\/wp\/v2\/tags?post=9723"}],"curies":[{"name":"wp","href":"https:\/\/api.w.org\/{rel}","templated":true}]}}