
{"id":9721,"date":"2025-12-29T13:54:05","date_gmt":"2025-12-29T16:54:05","guid":{"rendered":"https:\/\/cuartetoenlaweb.com.ar\/sitio\/escandalo-y-castigo-ejemplar-para-valeria-aquino-por-mostrar-a-su-hija-de-12-anos-manejando-en-la-ruta\/"},"modified":"2025-12-29T13:54:05","modified_gmt":"2025-12-29T16:54:05","slug":"escandalo-y-castigo-ejemplar-para-valeria-aquino-por-mostrar-a-su-hija-de-12-anos-manejando-en-la-ruta","status":"publish","type":"post","link":"http:\/\/cuartetoenlaweb.com.ar\/sitio\/escandalo-y-castigo-ejemplar-para-valeria-aquino-por-mostrar-a-su-hija-de-12-anos-manejando-en-la-ruta\/","title":{"rendered":"Esc\u00e1ndalo y castigo ejemplar para Valeria Aquino por mostrar a su hija de 12 a\u00f1os manejando en la ruta"},"content":{"rendered":"<p><strong>Valeria Aquino<\/strong> qued\u00f3 en el foco de la pol\u00e9mica en los \u00faltimos d\u00edas tras compartir en Instagram un video de su hija <strong>Alma Cwirkaluk<\/strong> (fruto de su relaci\u00f3n con <strong>El Polaco<\/strong>), manejando por la ruta. \u00bfEl eje del esc\u00e1ndalo? Que la nena tiene apenas 12 a\u00f1os. El clip se hizo viral de inmediato y en las \u00faltimas horas las autoridades de la Provincia de Buenos Aires anunciaron la dura sanci\u00f3n para Aquino.&nbsp;<\/p>\n<p>La escena del esc\u00e1ndalo ocurri\u00f3 el 25 de diciembre y fue la propia <a href=\"https:\/\/www.paparazzi.com.ar\/tag\/valeria-aquino\/\">Aquino <\/a>quien la subi\u00f3 a sus historias, a modo de ejemplo, para dar cuenta de c\u00f3mo educa a su hija <a href=\"https:\/\/www.paparazzi.com.ar\/romances\/la-fuerte-pelea-de-barby-silenzi-y-valeria-aquino-en-el-cumple-de-la-hija-de-el-polaco\/\">Alma<\/a>. \u201c<em>Criar tambi\u00e9n es ense\u00f1ar a hacer, no solo a mirar\u201d<\/em>, escribi\u00f3 la morocha, luego de mostrarse a ella misma en el asiento del acompa\u00f1ante.\u00a0<\/p>\n<div class=\"mt-box \">\n<h4 class=\"mt-heading\">Mir\u00e1 Tambi\u00e9n<\/h4>\n<p><a href=\"https:\/\/www.paparazzi.com.ar\/teve\/el-escandaloso-video-de-la-hija-de-el-polaco-y-valeria-aquino-manejando-en-la-ruta-con-12-anos-esta-en-shock\/\"><\/p>\n<div class=\"mt-content\">\n<div class=\"mt-image-container\"><img decoding=\"async\" src=\"https:\/\/www.paparazzi.com.ar\/wp-content\/uploads\/2025\/12\/el-polaco-alma-valeria-aquino-359x226.jpg\" alt=\"El escandaloso video de la hija de El Polaco y Valeria Aquino, manejando en la ruta con 12 a\u00f1os: &quot;Est\u00e1 en shock&quot;\" class=\"mt-image\" loading=\"lazy\" \/><\/div>\n<h5 class=\"mt-title\">El escandaloso video de la hija de El Polaco y Valeria Aquino, manejando en la ruta con 12 a\u00f1os: \u00abEst\u00e1 en shock\u00bb<\/h5>\n<\/div>\n<p><\/a><\/div>\n<p>Tras la catarata de cr\u00edticas y el repudio generalizado que gener\u00f3 este video de la ex pareja de <a href=\"https:\/\/www.paparazzi.com.ar\/teve\/ejemplar-el-duro-castigo-que-podria-recibir-valeria-aquino-por-permitir-que-su-hija-de-12-anos-maneje-un-auto\/\">El Polaco<\/a>, este lunes 29 de diciembre el Ministerio de Transporte de la Provincia le dio curso al pedido de inhabilitaci\u00f3n de la licencia de conducir que hab\u00eda realizado la Agencia Nacional de Seguridad Vial (ANSV).<\/p>\n<p><em>\u201cLa maniobra, difundida p\u00fablicamente, constituye una infracci\u00f3n grav\u00edsima a la normativa vial vigente, adem\u00e1s de una conducta de extrema irresponsabilidad por parte de la persona adulta responsable\u201d<\/em>, se pronunci\u00f3 el organismo en el comunicado oficial en el que confirm\u00f3 que se iniciaron los tr\u00e1mites para quitarle la licencia de conducir a Aquino por <em>\u201cgraves conductas viales que pusieron en riesgo la vida de terceros\u201d.<\/em>&nbsp;<\/p>\n<figure class=\"wp-block-image size-full\"><img decoding=\"async\" width=\"492\" height=\"708\" src=\"https:\/\/www.paparazzi.com.ar\/wp-content\/uploads\/2025\/12\/inhabilitacion-valeria-aquino.png.webp\" loading=\"lazy\" alt=\"\" class=\"wp-image-458098\" \/><\/figure>\n<h2 class=\"wp-block-heading\">LA DURA SANCI\u00d3N QUE RECIBI\u00d3 VALERIA AQUINO&nbsp;<\/h2>\n<p><em>\u201cConducir no es un juego. Permitir que un menor maneje o hacerlo en condiciones que comprometen seriamente la seguridad vial son decisiones irresponsables que pueden terminar en tragedia. Por eso intervenimos e inhabilitamos a los responsables\u201d<\/em>, dijeron desde el Ministerio de Transporte\u00a0<\/p>\n<p>Cabe recordar que, al ser consultado sobre el video durante la emisi\u00f3n del viernes 26 de <strong>Puro Show<\/strong> (<strong>El Trece<\/strong>), El Polaco dijo no estar para nada al tanto de la situaci\u00f3n. <em>\u00abNo vi nada, pas\u00f3 Navidad con su mam\u00e1. H\u00e1blenle a la madre; me estoy enterando ahora\u00bb<\/em>, fue todo lo que dijo el m\u00fasico, en tanto que el conductor <strong>Mat\u00edas V\u00e1zquez<\/strong> se\u00f1al\u00f3: \u201c<em>Est\u00e1 en shock\u201d<\/em>.<\/p>\n<p>The post <a href=\"https:\/\/www.paparazzi.com.ar\/teve\/escandalo-y-castigo-ejemplar-para-valeria-aquino-por-mostrar-a-su-hija-de-12-anos-manejando-en-la-ruta\/\">Esc\u00e1ndalo y castigo ejemplar para Valeria Aquino por mostrar a su hija de 12 a\u00f1os manejando en la ruta<\/a> appeared first on <a href=\"https:\/\/www.paparazzi.com.ar\">Revista Paparazzi<\/a>.<\/p>\n","protected":false},"excerpt":{"rendered":"<p>Valeria Aquino qued\u00f3 en el foco de la pol\u00e9mica en<\/p>\n","protected":false},"author":0,"featured_media":9722,"comment_status":"","ping_status":"","sticky":false,"template":"","format":"standard","meta":{"footnotes":""},"categories":[65],"tags":[],"class_list":["post-9721","post","type-post","status-publish","format-standard","has-post-thumbnail","hentry","category-pais"],"yoast_head":"<!-- This site is optimized with the Yoast SEO plugin v27.5 - https:\/\/yoast.com\/product\/yoast-seo-wordpress\/ -->\n<title>Esc\u00e1ndalo y castigo ejemplar para Valeria Aquino por mostrar a su hija de 12 a\u00f1os manejando en la ruta - Cuarteto en la Web<\/title>\n<meta name=\"robots\" content=\"index, follow, max-snippet:-1, max-image-preview:large, max-video-preview:-1\" \/>\n<link rel=\"canonical\" href=\"https:\/\/cuartetoenlaweb.com.ar\/sitio\/escandalo-y-castigo-ejemplar-para-valeria-aquino-por-mostrar-a-su-hija-de-12-anos-manejando-en-la-ruta\/\" \/>\n<meta property=\"og:locale\" content=\"es_ES\" \/>\n<meta property=\"og:type\" content=\"article\" \/>\n<meta property=\"og:title\" content=\"Esc\u00e1ndalo y castigo ejemplar para Valeria Aquino por mostrar a su hija de 12 a\u00f1os manejando en la ruta - Cuarteto en la Web\" \/>\n<meta property=\"og:description\" content=\"Valeria Aquino qued\u00f3 en el foco de la pol\u00e9mica en\" \/>\n<meta property=\"og:url\" content=\"https:\/\/cuartetoenlaweb.com.ar\/sitio\/escandalo-y-castigo-ejemplar-para-valeria-aquino-por-mostrar-a-su-hija-de-12-anos-manejando-en-la-ruta\/\" \/>\n<meta property=\"og:site_name\" content=\"Cuarteto en la Web\" \/>\n<meta property=\"article:published_time\" content=\"2025-12-29T16:54:05+00:00\" \/>\n<meta property=\"og:image\" content=\"https:\/\/cuartetoenlaweb.com.ar\/sitio\/wp-content\/uploads\/2025\/12\/el-polaco-alma-valeria-aquino-359x226-1.jpg\" \/>\n\t<meta property=\"og:image:width\" content=\"359\" \/>\n\t<meta property=\"og:image:height\" content=\"226\" \/>\n\t<meta property=\"og:image:type\" content=\"image\/jpeg\" \/>\n<meta name=\"twitter:card\" content=\"summary_large_image\" \/>\n<meta name=\"twitter:label1\" content=\"Tiempo de lectura\" \/>\n\t<meta name=\"twitter:data1\" content=\"2 minutos\" \/>\n<script type=\"application\/ld+json\" class=\"yoast-schema-graph\">{\"@context\":\"https:\\\/\\\/schema.org\",\"@graph\":[{\"@type\":\"Article\",\"@id\":\"https:\\\/\\\/cuartetoenlaweb.com.ar\\\/sitio\\\/escandalo-y-castigo-ejemplar-para-valeria-aquino-por-mostrar-a-su-hija-de-12-anos-manejando-en-la-ruta\\\/#article\",\"isPartOf\":{\"@id\":\"https:\\\/\\\/cuartetoenlaweb.com.ar\\\/sitio\\\/escandalo-y-castigo-ejemplar-para-valeria-aquino-por-mostrar-a-su-hija-de-12-anos-manejando-en-la-ruta\\\/\"},\"author\":{\"name\":\"\",\"@id\":\"\"},\"headline\":\"Esc\u00e1ndalo y castigo ejemplar para Valeria Aquino por mostrar a su hija de 12 a\u00f1os manejando en la ruta\",\"datePublished\":\"2025-12-29T16:54:05+00:00\",\"mainEntityOfPage\":{\"@id\":\"https:\\\/\\\/cuartetoenlaweb.com.ar\\\/sitio\\\/escandalo-y-castigo-ejemplar-para-valeria-aquino-por-mostrar-a-su-hija-de-12-anos-manejando-en-la-ruta\\\/\"},\"wordCount\":461,\"publisher\":{\"@id\":\"http:\\\/\\\/cuartetoenlaweb.com.ar\\\/sitio\\\/#organization\"},\"image\":{\"@id\":\"https:\\\/\\\/cuartetoenlaweb.com.ar\\\/sitio\\\/escandalo-y-castigo-ejemplar-para-valeria-aquino-por-mostrar-a-su-hija-de-12-anos-manejando-en-la-ruta\\\/#primaryimage\"},\"thumbnailUrl\":\"http:\\\/\\\/cuartetoenlaweb.com.ar\\\/sitio\\\/wp-content\\\/uploads\\\/2025\\\/12\\\/el-polaco-alma-valeria-aquino-359x226-1.jpg\",\"articleSection\":[\"PAIS\"],\"inLanguage\":\"es\"},{\"@type\":\"WebPage\",\"@id\":\"https:\\\/\\\/cuartetoenlaweb.com.ar\\\/sitio\\\/escandalo-y-castigo-ejemplar-para-valeria-aquino-por-mostrar-a-su-hija-de-12-anos-manejando-en-la-ruta\\\/\",\"url\":\"https:\\\/\\\/cuartetoenlaweb.com.ar\\\/sitio\\\/escandalo-y-castigo-ejemplar-para-valeria-aquino-por-mostrar-a-su-hija-de-12-anos-manejando-en-la-ruta\\\/\",\"name\":\"Esc\u00e1ndalo y castigo ejemplar para Valeria Aquino por mostrar a su hija de 12 a\u00f1os manejando en la ruta - Cuarteto en la Web\",\"isPartOf\":{\"@id\":\"http:\\\/\\\/cuartetoenlaweb.com.ar\\\/sitio\\\/#website\"},\"primaryImageOfPage\":{\"@id\":\"https:\\\/\\\/cuartetoenlaweb.com.ar\\\/sitio\\\/escandalo-y-castigo-ejemplar-para-valeria-aquino-por-mostrar-a-su-hija-de-12-anos-manejando-en-la-ruta\\\/#primaryimage\"},\"image\":{\"@id\":\"https:\\\/\\\/cuartetoenlaweb.com.ar\\\/sitio\\\/escandalo-y-castigo-ejemplar-para-valeria-aquino-por-mostrar-a-su-hija-de-12-anos-manejando-en-la-ruta\\\/#primaryimage\"},\"thumbnailUrl\":\"http:\\\/\\\/cuartetoenlaweb.com.ar\\\/sitio\\\/wp-content\\\/uploads\\\/2025\\\/12\\\/el-polaco-alma-valeria-aquino-359x226-1.jpg\",\"datePublished\":\"2025-12-29T16:54:05+00:00\",\"breadcrumb\":{\"@id\":\"https:\\\/\\\/cuartetoenlaweb.com.ar\\\/sitio\\\/escandalo-y-castigo-ejemplar-para-valeria-aquino-por-mostrar-a-su-hija-de-12-anos-manejando-en-la-ruta\\\/#breadcrumb\"},\"inLanguage\":\"es\",\"potentialAction\":[{\"@type\":\"ReadAction\",\"target\":[\"https:\\\/\\\/cuartetoenlaweb.com.ar\\\/sitio\\\/escandalo-y-castigo-ejemplar-para-valeria-aquino-por-mostrar-a-su-hija-de-12-anos-manejando-en-la-ruta\\\/\"]}]},{\"@type\":\"ImageObject\",\"inLanguage\":\"es\",\"@id\":\"https:\\\/\\\/cuartetoenlaweb.com.ar\\\/sitio\\\/escandalo-y-castigo-ejemplar-para-valeria-aquino-por-mostrar-a-su-hija-de-12-anos-manejando-en-la-ruta\\\/#primaryimage\",\"url\":\"http:\\\/\\\/cuartetoenlaweb.com.ar\\\/sitio\\\/wp-content\\\/uploads\\\/2025\\\/12\\\/el-polaco-alma-valeria-aquino-359x226-1.jpg\",\"contentUrl\":\"http:\\\/\\\/cuartetoenlaweb.com.ar\\\/sitio\\\/wp-content\\\/uploads\\\/2025\\\/12\\\/el-polaco-alma-valeria-aquino-359x226-1.jpg\",\"width\":359,\"height\":226},{\"@type\":\"BreadcrumbList\",\"@id\":\"https:\\\/\\\/cuartetoenlaweb.com.ar\\\/sitio\\\/escandalo-y-castigo-ejemplar-para-valeria-aquino-por-mostrar-a-su-hija-de-12-anos-manejando-en-la-ruta\\\/#breadcrumb\",\"itemListElement\":[{\"@type\":\"ListItem\",\"position\":1,\"name\":\"Portada\",\"item\":\"http:\\\/\\\/cuartetoenlaweb.com.ar\\\/sitio\\\/\"},{\"@type\":\"ListItem\",\"position\":2,\"name\":\"Esc\u00e1ndalo y castigo ejemplar para Valeria Aquino por mostrar a su hija de 12 a\u00f1os manejando en la ruta\"}]},{\"@type\":\"WebSite\",\"@id\":\"http:\\\/\\\/cuartetoenlaweb.com.ar\\\/sitio\\\/#website\",\"url\":\"http:\\\/\\\/cuartetoenlaweb.com.ar\\\/sitio\\\/\",\"name\":\"Cuarteto en la Web\",\"description\":\"\",\"publisher\":{\"@id\":\"http:\\\/\\\/cuartetoenlaweb.com.ar\\\/sitio\\\/#organization\"},\"potentialAction\":[{\"@type\":\"SearchAction\",\"target\":{\"@type\":\"EntryPoint\",\"urlTemplate\":\"http:\\\/\\\/cuartetoenlaweb.com.ar\\\/sitio\\\/?s={search_term_string}\"},\"query-input\":{\"@type\":\"PropertyValueSpecification\",\"valueRequired\":true,\"valueName\":\"search_term_string\"}}],\"inLanguage\":\"es\"},{\"@type\":\"Organization\",\"@id\":\"http:\\\/\\\/cuartetoenlaweb.com.ar\\\/sitio\\\/#organization\",\"name\":\"Cuarteto en la Web\",\"url\":\"http:\\\/\\\/cuartetoenlaweb.com.ar\\\/sitio\\\/\",\"logo\":{\"@type\":\"ImageObject\",\"inLanguage\":\"es\",\"@id\":\"http:\\\/\\\/cuartetoenlaweb.com.ar\\\/sitio\\\/#\\\/schema\\\/logo\\\/image\\\/\",\"url\":\"http:\\\/\\\/cuartetoenlaweb.com.ar\\\/sitio\\\/wp-content\\\/uploads\\\/2025\\\/07\\\/cropped-cropped-logitoweb21.png\",\"contentUrl\":\"http:\\\/\\\/cuartetoenlaweb.com.ar\\\/sitio\\\/wp-content\\\/uploads\\\/2025\\\/07\\\/cropped-cropped-logitoweb21.png\",\"width\":199,\"height\":199,\"caption\":\"Cuarteto en la Web\"},\"image\":{\"@id\":\"http:\\\/\\\/cuartetoenlaweb.com.ar\\\/sitio\\\/#\\\/schema\\\/logo\\\/image\\\/\"}}]}<\/script>\n<!-- \/ Yoast SEO plugin. -->","yoast_head_json":{"title":"Esc\u00e1ndalo y castigo ejemplar para Valeria Aquino por mostrar a su hija de 12 a\u00f1os manejando en la ruta - Cuarteto en la Web","robots":{"index":"index","follow":"follow","max-snippet":"max-snippet:-1","max-image-preview":"max-image-preview:large","max-video-preview":"max-video-preview:-1"},"canonical":"https:\/\/cuartetoenlaweb.com.ar\/sitio\/escandalo-y-castigo-ejemplar-para-valeria-aquino-por-mostrar-a-su-hija-de-12-anos-manejando-en-la-ruta\/","og_locale":"es_ES","og_type":"article","og_title":"Esc\u00e1ndalo y castigo ejemplar para Valeria Aquino por mostrar a su hija de 12 a\u00f1os manejando en la ruta - Cuarteto en la Web","og_description":"Valeria Aquino qued\u00f3 en el foco de la pol\u00e9mica en","og_url":"https:\/\/cuartetoenlaweb.com.ar\/sitio\/escandalo-y-castigo-ejemplar-para-valeria-aquino-por-mostrar-a-su-hija-de-12-anos-manejando-en-la-ruta\/","og_site_name":"Cuarteto en la Web","article_published_time":"2025-12-29T16:54:05+00:00","og_image":[{"width":359,"height":226,"url":"https:\/\/cuartetoenlaweb.com.ar\/sitio\/wp-content\/uploads\/2025\/12\/el-polaco-alma-valeria-aquino-359x226-1.jpg","type":"image\/jpeg"}],"twitter_card":"summary_large_image","twitter_misc":{"Tiempo de lectura":"2 minutos"},"schema":{"@context":"https:\/\/schema.org","@graph":[{"@type":"Article","@id":"https:\/\/cuartetoenlaweb.com.ar\/sitio\/escandalo-y-castigo-ejemplar-para-valeria-aquino-por-mostrar-a-su-hija-de-12-anos-manejando-en-la-ruta\/#article","isPartOf":{"@id":"https:\/\/cuartetoenlaweb.com.ar\/sitio\/escandalo-y-castigo-ejemplar-para-valeria-aquino-por-mostrar-a-su-hija-de-12-anos-manejando-en-la-ruta\/"},"author":{"name":"","@id":""},"headline":"Esc\u00e1ndalo y castigo ejemplar para Valeria Aquino por mostrar a su hija de 12 a\u00f1os manejando en la ruta","datePublished":"2025-12-29T16:54:05+00:00","mainEntityOfPage":{"@id":"https:\/\/cuartetoenlaweb.com.ar\/sitio\/escandalo-y-castigo-ejemplar-para-valeria-aquino-por-mostrar-a-su-hija-de-12-anos-manejando-en-la-ruta\/"},"wordCount":461,"publisher":{"@id":"http:\/\/cuartetoenlaweb.com.ar\/sitio\/#organization"},"image":{"@id":"https:\/\/cuartetoenlaweb.com.ar\/sitio\/escandalo-y-castigo-ejemplar-para-valeria-aquino-por-mostrar-a-su-hija-de-12-anos-manejando-en-la-ruta\/#primaryimage"},"thumbnailUrl":"http:\/\/cuartetoenlaweb.com.ar\/sitio\/wp-content\/uploads\/2025\/12\/el-polaco-alma-valeria-aquino-359x226-1.jpg","articleSection":["PAIS"],"inLanguage":"es"},{"@type":"WebPage","@id":"https:\/\/cuartetoenlaweb.com.ar\/sitio\/escandalo-y-castigo-ejemplar-para-valeria-aquino-por-mostrar-a-su-hija-de-12-anos-manejando-en-la-ruta\/","url":"https:\/\/cuartetoenlaweb.com.ar\/sitio\/escandalo-y-castigo-ejemplar-para-valeria-aquino-por-mostrar-a-su-hija-de-12-anos-manejando-en-la-ruta\/","name":"Esc\u00e1ndalo y castigo ejemplar para Valeria Aquino por mostrar a su hija de 12 a\u00f1os manejando en la ruta - Cuarteto en la Web","isPartOf":{"@id":"http:\/\/cuartetoenlaweb.com.ar\/sitio\/#website"},"primaryImageOfPage":{"@id":"https:\/\/cuartetoenlaweb.com.ar\/sitio\/escandalo-y-castigo-ejemplar-para-valeria-aquino-por-mostrar-a-su-hija-de-12-anos-manejando-en-la-ruta\/#primaryimage"},"image":{"@id":"https:\/\/cuartetoenlaweb.com.ar\/sitio\/escandalo-y-castigo-ejemplar-para-valeria-aquino-por-mostrar-a-su-hija-de-12-anos-manejando-en-la-ruta\/#primaryimage"},"thumbnailUrl":"http:\/\/cuartetoenlaweb.com.ar\/sitio\/wp-content\/uploads\/2025\/12\/el-polaco-alma-valeria-aquino-359x226-1.jpg","datePublished":"2025-12-29T16:54:05+00:00","breadcrumb":{"@id":"https:\/\/cuartetoenlaweb.com.ar\/sitio\/escandalo-y-castigo-ejemplar-para-valeria-aquino-por-mostrar-a-su-hija-de-12-anos-manejando-en-la-ruta\/#breadcrumb"},"inLanguage":"es","potentialAction":[{"@type":"ReadAction","target":["https:\/\/cuartetoenlaweb.com.ar\/sitio\/escandalo-y-castigo-ejemplar-para-valeria-aquino-por-mostrar-a-su-hija-de-12-anos-manejando-en-la-ruta\/"]}]},{"@type":"ImageObject","inLanguage":"es","@id":"https:\/\/cuartetoenlaweb.com.ar\/sitio\/escandalo-y-castigo-ejemplar-para-valeria-aquino-por-mostrar-a-su-hija-de-12-anos-manejando-en-la-ruta\/#primaryimage","url":"http:\/\/cuartetoenlaweb.com.ar\/sitio\/wp-content\/uploads\/2025\/12\/el-polaco-alma-valeria-aquino-359x226-1.jpg","contentUrl":"http:\/\/cuartetoenlaweb.com.ar\/sitio\/wp-content\/uploads\/2025\/12\/el-polaco-alma-valeria-aquino-359x226-1.jpg","width":359,"height":226},{"@type":"BreadcrumbList","@id":"https:\/\/cuartetoenlaweb.com.ar\/sitio\/escandalo-y-castigo-ejemplar-para-valeria-aquino-por-mostrar-a-su-hija-de-12-anos-manejando-en-la-ruta\/#breadcrumb","itemListElement":[{"@type":"ListItem","position":1,"name":"Portada","item":"http:\/\/cuartetoenlaweb.com.ar\/sitio\/"},{"@type":"ListItem","position":2,"name":"Esc\u00e1ndalo y castigo ejemplar para Valeria Aquino por mostrar a su hija de 12 a\u00f1os manejando en la ruta"}]},{"@type":"WebSite","@id":"http:\/\/cuartetoenlaweb.com.ar\/sitio\/#website","url":"http:\/\/cuartetoenlaweb.com.ar\/sitio\/","name":"Cuarteto en la Web","description":"","publisher":{"@id":"http:\/\/cuartetoenlaweb.com.ar\/sitio\/#organization"},"potentialAction":[{"@type":"SearchAction","target":{"@type":"EntryPoint","urlTemplate":"http:\/\/cuartetoenlaweb.com.ar\/sitio\/?s={search_term_string}"},"query-input":{"@type":"PropertyValueSpecification","valueRequired":true,"valueName":"search_term_string"}}],"inLanguage":"es"},{"@type":"Organization","@id":"http:\/\/cuartetoenlaweb.com.ar\/sitio\/#organization","name":"Cuarteto en la Web","url":"http:\/\/cuartetoenlaweb.com.ar\/sitio\/","logo":{"@type":"ImageObject","inLanguage":"es","@id":"http:\/\/cuartetoenlaweb.com.ar\/sitio\/#\/schema\/logo\/image\/","url":"http:\/\/cuartetoenlaweb.com.ar\/sitio\/wp-content\/uploads\/2025\/07\/cropped-cropped-logitoweb21.png","contentUrl":"http:\/\/cuartetoenlaweb.com.ar\/sitio\/wp-content\/uploads\/2025\/07\/cropped-cropped-logitoweb21.png","width":199,"height":199,"caption":"Cuarteto en la Web"},"image":{"@id":"http:\/\/cuartetoenlaweb.com.ar\/sitio\/#\/schema\/logo\/image\/"}}]}},"_links":{"self":[{"href":"http:\/\/cuartetoenlaweb.com.ar\/sitio\/wp-json\/wp\/v2\/posts\/9721","targetHints":{"allow":["GET"]}}],"collection":[{"href":"http:\/\/cuartetoenlaweb.com.ar\/sitio\/wp-json\/wp\/v2\/posts"}],"about":[{"href":"http:\/\/cuartetoenlaweb.com.ar\/sitio\/wp-json\/wp\/v2\/types\/post"}],"replies":[{"embeddable":true,"href":"http:\/\/cuartetoenlaweb.com.ar\/sitio\/wp-json\/wp\/v2\/comments?post=9721"}],"version-history":[{"count":0,"href":"http:\/\/cuartetoenlaweb.com.ar\/sitio\/wp-json\/wp\/v2\/posts\/9721\/revisions"}],"wp:featuredmedia":[{"embeddable":true,"href":"http:\/\/cuartetoenlaweb.com.ar\/sitio\/wp-json\/wp\/v2\/media\/9722"}],"wp:attachment":[{"href":"http:\/\/cuartetoenlaweb.com.ar\/sitio\/wp-json\/wp\/v2\/media?parent=9721"}],"wp:term":[{"taxonomy":"category","embeddable":true,"href":"http:\/\/cuartetoenlaweb.com.ar\/sitio\/wp-json\/wp\/v2\/categories?post=9721"},{"taxonomy":"post_tag","embeddable":true,"href":"http:\/\/cuartetoenlaweb.com.ar\/sitio\/wp-json\/wp\/v2\/tags?post=9721"}],"curies":[{"name":"wp","href":"https:\/\/api.w.org\/{rel}","templated":true}]}}