
{"id":9719,"date":"2025-12-29T13:54:03","date_gmt":"2025-12-29T16:54:03","guid":{"rendered":"https:\/\/cuartetoenlaweb.com.ar\/sitio\/tremendo-dato-sobre-cande-tinelli-en-medio-de-la-crisis-familiar-marcelo-le-dijo-que-tenia-que-trabajar-y-ella-volvio-a-onlyfans\/"},"modified":"2025-12-29T13:54:03","modified_gmt":"2025-12-29T16:54:03","slug":"tremendo-dato-sobre-cande-tinelli-en-medio-de-la-crisis-familiar-marcelo-le-dijo-que-tenia-que-trabajar-y-ella-volvio-a-onlyfans","status":"publish","type":"post","link":"http:\/\/cuartetoenlaweb.com.ar\/sitio\/tremendo-dato-sobre-cande-tinelli-en-medio-de-la-crisis-familiar-marcelo-le-dijo-que-tenia-que-trabajar-y-ella-volvio-a-onlyfans\/","title":{"rendered":"Tremendo dato sobre Cande Tinelli en medio de la crisis familiar: &quot;Marcelo le dijo que ten\u00eda que trabajar y ella volvi\u00f3 a OnlyFans&quot;"},"content":{"rendered":"<p>Es curioso el verano de \u00abLos Tinelli\u00bb. Se vincula a la familia con un momento de \u00abcrisis econ\u00f3mica\u00bb y de \u00abrecorte de gastos\u00bb pero guarda&#8230; no es que ahora viajan en bondi con la SUBE en negativo o que apagan un rato el aire por temor a que los sacuda la boleta de luz. Nada que ver: Marcelo no ir\u00e1 a Punta pero le alquil\u00f3 a Pampita una mansi\u00f3n en Nordelta (se supone que por 10 mil d\u00f3lares mensuales) y las hijas ya est\u00e1n en el este uruguayo donde \u00abse acomodar\u00e1n\u00bb en casas de amigos. En medio de ese \u00abper\u00edodo estival diferente\u00bb se dio a conocer un fuerte dato sucedido hace poco con una de las hijas del conductor y vinculado, tambi\u00e9n, a esa suerte de \u00abmotosierra 5 estrellas\u00bb que afecta al presupuesto del clan m\u00e1s medi\u00e1tico del pa\u00eds.<\/p>\n<p>De acuerdo a lo que contaron en el programa de Moria Cas\u00e1n, que poco a poco se va consolidando como una opci\u00f3n muy valedera de las ma\u00f1anas televisivas, el hecho sucedi\u00f3 cuando a Tinelli se le present\u00f3 un complicado momento econ\u00f3mico-judicial-personal un par de meses atr\u00e1s, quiz\u00e1s la instancia m\u00e1s dif\u00edcil que le toc\u00f3 vivir desde que se volvi\u00f3 el n\u00famero uno de la televisi\u00f3n argentina a comienzos de los 90.<\/p>\n<p>En ese momento, Tinelli se vio jaqueado por un embargo que le impuso el nuevo due\u00f1o de Telefe, Gustavo Scaglione, <a href=\"https:\/\/www.paparazzi.com.ar\/teve\/internaron-de-urgencia-a-gustavo-scaglione-el-dueno-de-telefe-que-habria-amenazado-a-la-hija-de-marcelo-tinelli\/\">quien en los \u00faltimos d\u00edas fue noticia por una violenta y masiva picadura de avispas en Punta del Este (\u00bfD\u00f3nde sino?)<\/a>. El empresario de medios pretend\u00eda cobrar una deuda que el conductor manten\u00eda con \u00e9l y se abalanz\u00f3 sobre los fondos frescos que consigui\u00f3 Marcelo al vender su extraordinaria residencia veraniega de \u00abLa Boyita Petrolera\u00bb. Se especula con que el comprador fue el propietario de la famosa marca italiana de indumentaria y accesorios \u00abFendi\u00bb.<\/p>\n<div class=\"mt-box \">\n<h4 class=\"mt-heading\">Mir\u00e1 Tambi\u00e9n<\/h4>\n<p><a href=\"https:\/\/www.paparazzi.com.ar\/romances\/se-caso-ex-de-la-china-suarez-y-hubo-polemica\/\"><\/p>\n<div class=\"mt-content\">\n<div class=\"mt-image-container\"><img decoding=\"async\" src=\"https:\/\/www.paparazzi.com.ar\/wp-content\/uploads\/2025\/12\/Ex-China-1-359x226.jpg\" alt=\"El fastuoso casamiento de un &quot;ex&quot; de la China Su\u00e1rez y la pol\u00e9mica que se arm\u00f3 con ella: &quot;Se le van&quot;\" class=\"mt-image\" loading=\"lazy\" \/><\/div>\n<h5 class=\"mt-title\">El fastuoso casamiento de un \u00abex\u00bb de la China Su\u00e1rez y la pol\u00e9mica que se arm\u00f3 con ella: \u00abSe le van\u00bb<\/h5>\n<\/div>\n<p><\/a><\/div>\n<p>Ese reclamo, se sospecha, habr\u00eda derivado en la crisis que sufri\u00f3 Juanita Tinelli tras recibir un macabro llamado que sinti\u00f3 como una amenaza para su integridad f\u00edsica y deriv\u00f3 en una fuerte interna familiar donde en un momenti parecieron estar todos contra todos. \u00abEn medio de ese problem\u00f3n que ten\u00eda, Tinelli tuvo que encarar a sus hijas para anunciarles que la situaci\u00f3n de todos hab\u00eda cambiado de manera dr\u00e1stica\u00bb se coment\u00f3 en el ciclo que la diva lidera todas las ma\u00f1anas en el 13.<\/p>\n<h2 class=\"wp-block-heading\">TREMENDO DATO SOBRE CANDE TINELLI EN MEDIO DE LA CRISIS FAMILIAR: \u00abVOLVIO A ONLYFANS\u00bb<\/h2>\n<p>\u00abUna de las cosas que hab\u00eda hecho Tinelli en su \u00e9poca de esplendor, para respetar el deseo de independencia de cada una de sus hijas, fue alquilarles un departamento con todos los chiches y todos los lujos en la torre Le Park donde tambi\u00e9n vive \u00e9l. As\u00ed de esa forma ellas estaban solas pero al mismo tiempo conectadas con \u00e9l y tambi\u00e9n entre todos. Pero bueno, el tiempo pas\u00f3, los ingresos fueron otros y la situaci\u00f3n se modific\u00f3\u00bb se agreg\u00f3 para darle forma a la informaci\u00f3n.<\/p>\n<p>\u00abEn ese sentido, Tinelli le tuvo que decir a Candelaria que eso ya no lo pod\u00eda bancar y que ella ten\u00eda que volver a trabajar, entonces ella fue y volvi\u00f3 a OnlyFans, que lo hab\u00eda tenido que cerrar porque a Coti Sorokin, su marido en ese entonces, no le gustaba nada que tuviera uno. Es dato, no es opini\u00f3n eh\u00bb se cuidaron de decir en el ciclo probablemente para problemas posteriores. Finalmente, contaron que despu\u00e9s del mes que le alquil\u00f3 a Pampita ser\u00e1 dif\u00edcil ver a Marcelo en Punta del Este \u00abporque se va a San Barth, en el caribe\u00bb. Ahhhh&#8230; confirmado que est\u00e1n sin un mango (?)<\/p>\n<div class=\"mt-box \">\n<h4 class=\"mt-heading\">Mir\u00e1 Tambi\u00e9n<\/h4>\n<p><a href=\"https:\/\/www.paparazzi.com.ar\/romances\/destapan-la-grave-mentira-de-mauro-icardi-tras-entregar-sus-hijas-a-wanda-nara-las-fotos-del-escandalo\/\"><\/p>\n<div class=\"mt-content\">\n<div class=\"mt-image-container\"><img decoding=\"async\" src=\"https:\/\/www.paparazzi.com.ar\/wp-content\/uploads\/2025\/12\/mauro-icardi-3-359x226.jpg\" alt=\"Destapan la grave mentira de Mauro Icardi tras entregar sus hijas a Wanda Nara: las fotos del esc\u00e1ndalo\" class=\"mt-image\" loading=\"lazy\" \/><\/div>\n<h5 class=\"mt-title\">Destapan la grave mentira de Mauro Icardi tras entregar sus hijas a Wanda Nara: las fotos del esc\u00e1ndalo<\/h5>\n<\/div>\n<p><\/a><\/div>\n<div class=\"mt-box \">\n<h4 class=\"mt-heading\">Mir\u00e1 Tambi\u00e9n<\/h4>\n<p><a href=\"https:\/\/www.paparazzi.com.ar\/videos\/exclusivo-zoe-bogach-se-puso-en-la-piel-de-luisana-lopilato-y-recordo-a-mia-colucci-de-rebelde-way-yo-dejaria-todo-por-maluma\/\"><\/p>\n<div class=\"mt-content\">\n<div class=\"mt-image-container\"><img decoding=\"async\" src=\"https:\/\/www.paparazzi.com.ar\/wp-content\/uploads\/2025\/12\/PORTADA-WEB-YO-QUIERO-SER-zoe-gh-mia-colucci-359x226.jpg\" alt=\"\u00a1Exclusivo! Zoe Bogach se puso en la piel de Luisana Lopilato y record\u00f3 a M\u00eda Colucci de Rebelde Way: \u201cYo dejar\u00eda todo por Maluma\u201d\" class=\"mt-image\" loading=\"lazy\" \/><\/div>\n<h5 class=\"mt-title\">\u00a1Exclusivo! Zoe Bogach se puso en la piel de Luisana Lopilato y record\u00f3 a M\u00eda Colucci de Rebelde Way: \u201cYo dejar\u00eda todo por Maluma\u201d<\/h5>\n<\/div>\n<p><\/a><\/div>\n<p>The post <a href=\"https:\/\/www.paparazzi.com.ar\/teve\/tremendo-dato-sobre-cande-tinelli-en-medio-de-la-crisis-familiar-marcelo-le-dijo-que-tenia-que-trabajar-y-ella-volvio-a-onlyfans\/\">Tremendo dato sobre Cande Tinelli en medio de la crisis familiar: &quot;Marcelo le dijo que ten\u00eda que trabajar y ella volvi\u00f3 a OnlyFans&quot;<\/a> appeared first on <a href=\"https:\/\/www.paparazzi.com.ar\">Revista Paparazzi<\/a>.<\/p>\n","protected":false},"excerpt":{"rendered":"<p>Es curioso el verano de \u00abLos Tinelli\u00bb. Se vincula a<\/p>\n","protected":false},"author":0,"featured_media":9720,"comment_status":"","ping_status":"","sticky":false,"template":"","format":"standard","meta":{"footnotes":""},"categories":[65],"tags":[],"class_list":["post-9719","post","type-post","status-publish","format-standard","has-post-thumbnail","hentry","category-pais"],"yoast_head":"<!-- This site is optimized with the Yoast SEO plugin v27.5 - https:\/\/yoast.com\/product\/yoast-seo-wordpress\/ -->\n<title>Tremendo dato sobre Cande Tinelli en medio de la crisis familiar: &quot;Marcelo le dijo que ten\u00eda que trabajar y ella volvi\u00f3 a OnlyFans&quot; - Cuarteto en la Web<\/title>\n<meta name=\"robots\" content=\"index, follow, max-snippet:-1, max-image-preview:large, max-video-preview:-1\" \/>\n<link rel=\"canonical\" href=\"http:\/\/cuartetoenlaweb.com.ar\/sitio\/tremendo-dato-sobre-cande-tinelli-en-medio-de-la-crisis-familiar-marcelo-le-dijo-que-tenia-que-trabajar-y-ella-volvio-a-onlyfans\/\" \/>\n<meta property=\"og:locale\" content=\"es_ES\" \/>\n<meta property=\"og:type\" content=\"article\" \/>\n<meta property=\"og:title\" content=\"Tremendo dato sobre Cande Tinelli en medio de la crisis familiar: &quot;Marcelo le dijo que ten\u00eda que trabajar y ella volvi\u00f3 a OnlyFans&quot; - Cuarteto en la Web\" \/>\n<meta property=\"og:description\" content=\"Es curioso el verano de \u00abLos Tinelli\u00bb. Se vincula a\" \/>\n<meta property=\"og:url\" content=\"http:\/\/cuartetoenlaweb.com.ar\/sitio\/tremendo-dato-sobre-cande-tinelli-en-medio-de-la-crisis-familiar-marcelo-le-dijo-que-tenia-que-trabajar-y-ella-volvio-a-onlyfans\/\" \/>\n<meta property=\"og:site_name\" content=\"Cuarteto en la Web\" \/>\n<meta property=\"article:published_time\" content=\"2025-12-29T16:54:03+00:00\" \/>\n<meta property=\"og:image\" content=\"http:\/\/cuartetoenlaweb.com.ar\/sitio\/wp-content\/uploads\/2025\/12\/Ex-China-1-359x226-1.jpg\" \/>\n\t<meta property=\"og:image:width\" content=\"359\" \/>\n\t<meta property=\"og:image:height\" content=\"226\" \/>\n\t<meta property=\"og:image:type\" content=\"image\/jpeg\" \/>\n<meta name=\"twitter:card\" content=\"summary_large_image\" \/>\n<meta name=\"twitter:label1\" content=\"Tiempo de lectura\" \/>\n\t<meta name=\"twitter:data1\" content=\"4 minutos\" \/>\n<script type=\"application\/ld+json\" class=\"yoast-schema-graph\">{\"@context\":\"https:\\\/\\\/schema.org\",\"@graph\":[{\"@type\":\"Article\",\"@id\":\"http:\\\/\\\/cuartetoenlaweb.com.ar\\\/sitio\\\/tremendo-dato-sobre-cande-tinelli-en-medio-de-la-crisis-familiar-marcelo-le-dijo-que-tenia-que-trabajar-y-ella-volvio-a-onlyfans\\\/#article\",\"isPartOf\":{\"@id\":\"http:\\\/\\\/cuartetoenlaweb.com.ar\\\/sitio\\\/tremendo-dato-sobre-cande-tinelli-en-medio-de-la-crisis-familiar-marcelo-le-dijo-que-tenia-que-trabajar-y-ella-volvio-a-onlyfans\\\/\"},\"author\":{\"name\":\"\",\"@id\":\"\"},\"headline\":\"Tremendo dato sobre Cande Tinelli en medio de la crisis familiar: &quot;Marcelo le dijo que ten\u00eda que trabajar y ella volvi\u00f3 a OnlyFans&quot;\",\"datePublished\":\"2025-12-29T16:54:03+00:00\",\"mainEntityOfPage\":{\"@id\":\"http:\\\/\\\/cuartetoenlaweb.com.ar\\\/sitio\\\/tremendo-dato-sobre-cande-tinelli-en-medio-de-la-crisis-familiar-marcelo-le-dijo-que-tenia-que-trabajar-y-ella-volvio-a-onlyfans\\\/\"},\"wordCount\":772,\"publisher\":{\"@id\":\"http:\\\/\\\/cuartetoenlaweb.com.ar\\\/sitio\\\/#organization\"},\"image\":{\"@id\":\"http:\\\/\\\/cuartetoenlaweb.com.ar\\\/sitio\\\/tremendo-dato-sobre-cande-tinelli-en-medio-de-la-crisis-familiar-marcelo-le-dijo-que-tenia-que-trabajar-y-ella-volvio-a-onlyfans\\\/#primaryimage\"},\"thumbnailUrl\":\"http:\\\/\\\/cuartetoenlaweb.com.ar\\\/sitio\\\/wp-content\\\/uploads\\\/2025\\\/12\\\/Ex-China-1-359x226-1.jpg\",\"articleSection\":[\"PAIS\"],\"inLanguage\":\"es\"},{\"@type\":\"WebPage\",\"@id\":\"http:\\\/\\\/cuartetoenlaweb.com.ar\\\/sitio\\\/tremendo-dato-sobre-cande-tinelli-en-medio-de-la-crisis-familiar-marcelo-le-dijo-que-tenia-que-trabajar-y-ella-volvio-a-onlyfans\\\/\",\"url\":\"http:\\\/\\\/cuartetoenlaweb.com.ar\\\/sitio\\\/tremendo-dato-sobre-cande-tinelli-en-medio-de-la-crisis-familiar-marcelo-le-dijo-que-tenia-que-trabajar-y-ella-volvio-a-onlyfans\\\/\",\"name\":\"Tremendo dato sobre Cande Tinelli en medio de la crisis familiar: &quot;Marcelo le dijo que ten\u00eda que trabajar y ella volvi\u00f3 a OnlyFans&quot; - Cuarteto en la Web\",\"isPartOf\":{\"@id\":\"http:\\\/\\\/cuartetoenlaweb.com.ar\\\/sitio\\\/#website\"},\"primaryImageOfPage\":{\"@id\":\"http:\\\/\\\/cuartetoenlaweb.com.ar\\\/sitio\\\/tremendo-dato-sobre-cande-tinelli-en-medio-de-la-crisis-familiar-marcelo-le-dijo-que-tenia-que-trabajar-y-ella-volvio-a-onlyfans\\\/#primaryimage\"},\"image\":{\"@id\":\"http:\\\/\\\/cuartetoenlaweb.com.ar\\\/sitio\\\/tremendo-dato-sobre-cande-tinelli-en-medio-de-la-crisis-familiar-marcelo-le-dijo-que-tenia-que-trabajar-y-ella-volvio-a-onlyfans\\\/#primaryimage\"},\"thumbnailUrl\":\"http:\\\/\\\/cuartetoenlaweb.com.ar\\\/sitio\\\/wp-content\\\/uploads\\\/2025\\\/12\\\/Ex-China-1-359x226-1.jpg\",\"datePublished\":\"2025-12-29T16:54:03+00:00\",\"breadcrumb\":{\"@id\":\"http:\\\/\\\/cuartetoenlaweb.com.ar\\\/sitio\\\/tremendo-dato-sobre-cande-tinelli-en-medio-de-la-crisis-familiar-marcelo-le-dijo-que-tenia-que-trabajar-y-ella-volvio-a-onlyfans\\\/#breadcrumb\"},\"inLanguage\":\"es\",\"potentialAction\":[{\"@type\":\"ReadAction\",\"target\":[\"http:\\\/\\\/cuartetoenlaweb.com.ar\\\/sitio\\\/tremendo-dato-sobre-cande-tinelli-en-medio-de-la-crisis-familiar-marcelo-le-dijo-que-tenia-que-trabajar-y-ella-volvio-a-onlyfans\\\/\"]}]},{\"@type\":\"ImageObject\",\"inLanguage\":\"es\",\"@id\":\"http:\\\/\\\/cuartetoenlaweb.com.ar\\\/sitio\\\/tremendo-dato-sobre-cande-tinelli-en-medio-de-la-crisis-familiar-marcelo-le-dijo-que-tenia-que-trabajar-y-ella-volvio-a-onlyfans\\\/#primaryimage\",\"url\":\"http:\\\/\\\/cuartetoenlaweb.com.ar\\\/sitio\\\/wp-content\\\/uploads\\\/2025\\\/12\\\/Ex-China-1-359x226-1.jpg\",\"contentUrl\":\"http:\\\/\\\/cuartetoenlaweb.com.ar\\\/sitio\\\/wp-content\\\/uploads\\\/2025\\\/12\\\/Ex-China-1-359x226-1.jpg\",\"width\":359,\"height\":226},{\"@type\":\"BreadcrumbList\",\"@id\":\"http:\\\/\\\/cuartetoenlaweb.com.ar\\\/sitio\\\/tremendo-dato-sobre-cande-tinelli-en-medio-de-la-crisis-familiar-marcelo-le-dijo-que-tenia-que-trabajar-y-ella-volvio-a-onlyfans\\\/#breadcrumb\",\"itemListElement\":[{\"@type\":\"ListItem\",\"position\":1,\"name\":\"Portada\",\"item\":\"http:\\\/\\\/cuartetoenlaweb.com.ar\\\/sitio\\\/\"},{\"@type\":\"ListItem\",\"position\":2,\"name\":\"Tremendo dato sobre Cande Tinelli en medio de la crisis familiar: &quot;Marcelo le dijo que ten\u00eda que trabajar y ella volvi\u00f3 a OnlyFans&quot;\"}]},{\"@type\":\"WebSite\",\"@id\":\"http:\\\/\\\/cuartetoenlaweb.com.ar\\\/sitio\\\/#website\",\"url\":\"http:\\\/\\\/cuartetoenlaweb.com.ar\\\/sitio\\\/\",\"name\":\"Cuarteto en la Web\",\"description\":\"\",\"publisher\":{\"@id\":\"http:\\\/\\\/cuartetoenlaweb.com.ar\\\/sitio\\\/#organization\"},\"potentialAction\":[{\"@type\":\"SearchAction\",\"target\":{\"@type\":\"EntryPoint\",\"urlTemplate\":\"http:\\\/\\\/cuartetoenlaweb.com.ar\\\/sitio\\\/?s={search_term_string}\"},\"query-input\":{\"@type\":\"PropertyValueSpecification\",\"valueRequired\":true,\"valueName\":\"search_term_string\"}}],\"inLanguage\":\"es\"},{\"@type\":\"Organization\",\"@id\":\"http:\\\/\\\/cuartetoenlaweb.com.ar\\\/sitio\\\/#organization\",\"name\":\"Cuarteto en la Web\",\"url\":\"http:\\\/\\\/cuartetoenlaweb.com.ar\\\/sitio\\\/\",\"logo\":{\"@type\":\"ImageObject\",\"inLanguage\":\"es\",\"@id\":\"http:\\\/\\\/cuartetoenlaweb.com.ar\\\/sitio\\\/#\\\/schema\\\/logo\\\/image\\\/\",\"url\":\"http:\\\/\\\/cuartetoenlaweb.com.ar\\\/sitio\\\/wp-content\\\/uploads\\\/2025\\\/07\\\/cropped-cropped-logitoweb21.png\",\"contentUrl\":\"http:\\\/\\\/cuartetoenlaweb.com.ar\\\/sitio\\\/wp-content\\\/uploads\\\/2025\\\/07\\\/cropped-cropped-logitoweb21.png\",\"width\":199,\"height\":199,\"caption\":\"Cuarteto en la Web\"},\"image\":{\"@id\":\"http:\\\/\\\/cuartetoenlaweb.com.ar\\\/sitio\\\/#\\\/schema\\\/logo\\\/image\\\/\"}}]}<\/script>\n<!-- \/ Yoast SEO plugin. -->","yoast_head_json":{"title":"Tremendo dato sobre Cande Tinelli en medio de la crisis familiar: &quot;Marcelo le dijo que ten\u00eda que trabajar y ella volvi\u00f3 a OnlyFans&quot; - Cuarteto en la Web","robots":{"index":"index","follow":"follow","max-snippet":"max-snippet:-1","max-image-preview":"max-image-preview:large","max-video-preview":"max-video-preview:-1"},"canonical":"http:\/\/cuartetoenlaweb.com.ar\/sitio\/tremendo-dato-sobre-cande-tinelli-en-medio-de-la-crisis-familiar-marcelo-le-dijo-que-tenia-que-trabajar-y-ella-volvio-a-onlyfans\/","og_locale":"es_ES","og_type":"article","og_title":"Tremendo dato sobre Cande Tinelli en medio de la crisis familiar: &quot;Marcelo le dijo que ten\u00eda que trabajar y ella volvi\u00f3 a OnlyFans&quot; - Cuarteto en la Web","og_description":"Es curioso el verano de \u00abLos Tinelli\u00bb. Se vincula a","og_url":"http:\/\/cuartetoenlaweb.com.ar\/sitio\/tremendo-dato-sobre-cande-tinelli-en-medio-de-la-crisis-familiar-marcelo-le-dijo-que-tenia-que-trabajar-y-ella-volvio-a-onlyfans\/","og_site_name":"Cuarteto en la Web","article_published_time":"2025-12-29T16:54:03+00:00","og_image":[{"width":359,"height":226,"url":"http:\/\/cuartetoenlaweb.com.ar\/sitio\/wp-content\/uploads\/2025\/12\/Ex-China-1-359x226-1.jpg","type":"image\/jpeg"}],"twitter_card":"summary_large_image","twitter_misc":{"Tiempo de lectura":"4 minutos"},"schema":{"@context":"https:\/\/schema.org","@graph":[{"@type":"Article","@id":"http:\/\/cuartetoenlaweb.com.ar\/sitio\/tremendo-dato-sobre-cande-tinelli-en-medio-de-la-crisis-familiar-marcelo-le-dijo-que-tenia-que-trabajar-y-ella-volvio-a-onlyfans\/#article","isPartOf":{"@id":"http:\/\/cuartetoenlaweb.com.ar\/sitio\/tremendo-dato-sobre-cande-tinelli-en-medio-de-la-crisis-familiar-marcelo-le-dijo-que-tenia-que-trabajar-y-ella-volvio-a-onlyfans\/"},"author":{"name":"","@id":""},"headline":"Tremendo dato sobre Cande Tinelli en medio de la crisis familiar: &quot;Marcelo le dijo que ten\u00eda que trabajar y ella volvi\u00f3 a OnlyFans&quot;","datePublished":"2025-12-29T16:54:03+00:00","mainEntityOfPage":{"@id":"http:\/\/cuartetoenlaweb.com.ar\/sitio\/tremendo-dato-sobre-cande-tinelli-en-medio-de-la-crisis-familiar-marcelo-le-dijo-que-tenia-que-trabajar-y-ella-volvio-a-onlyfans\/"},"wordCount":772,"publisher":{"@id":"http:\/\/cuartetoenlaweb.com.ar\/sitio\/#organization"},"image":{"@id":"http:\/\/cuartetoenlaweb.com.ar\/sitio\/tremendo-dato-sobre-cande-tinelli-en-medio-de-la-crisis-familiar-marcelo-le-dijo-que-tenia-que-trabajar-y-ella-volvio-a-onlyfans\/#primaryimage"},"thumbnailUrl":"http:\/\/cuartetoenlaweb.com.ar\/sitio\/wp-content\/uploads\/2025\/12\/Ex-China-1-359x226-1.jpg","articleSection":["PAIS"],"inLanguage":"es"},{"@type":"WebPage","@id":"http:\/\/cuartetoenlaweb.com.ar\/sitio\/tremendo-dato-sobre-cande-tinelli-en-medio-de-la-crisis-familiar-marcelo-le-dijo-que-tenia-que-trabajar-y-ella-volvio-a-onlyfans\/","url":"http:\/\/cuartetoenlaweb.com.ar\/sitio\/tremendo-dato-sobre-cande-tinelli-en-medio-de-la-crisis-familiar-marcelo-le-dijo-que-tenia-que-trabajar-y-ella-volvio-a-onlyfans\/","name":"Tremendo dato sobre Cande Tinelli en medio de la crisis familiar: &quot;Marcelo le dijo que ten\u00eda que trabajar y ella volvi\u00f3 a OnlyFans&quot; - Cuarteto en la Web","isPartOf":{"@id":"http:\/\/cuartetoenlaweb.com.ar\/sitio\/#website"},"primaryImageOfPage":{"@id":"http:\/\/cuartetoenlaweb.com.ar\/sitio\/tremendo-dato-sobre-cande-tinelli-en-medio-de-la-crisis-familiar-marcelo-le-dijo-que-tenia-que-trabajar-y-ella-volvio-a-onlyfans\/#primaryimage"},"image":{"@id":"http:\/\/cuartetoenlaweb.com.ar\/sitio\/tremendo-dato-sobre-cande-tinelli-en-medio-de-la-crisis-familiar-marcelo-le-dijo-que-tenia-que-trabajar-y-ella-volvio-a-onlyfans\/#primaryimage"},"thumbnailUrl":"http:\/\/cuartetoenlaweb.com.ar\/sitio\/wp-content\/uploads\/2025\/12\/Ex-China-1-359x226-1.jpg","datePublished":"2025-12-29T16:54:03+00:00","breadcrumb":{"@id":"http:\/\/cuartetoenlaweb.com.ar\/sitio\/tremendo-dato-sobre-cande-tinelli-en-medio-de-la-crisis-familiar-marcelo-le-dijo-que-tenia-que-trabajar-y-ella-volvio-a-onlyfans\/#breadcrumb"},"inLanguage":"es","potentialAction":[{"@type":"ReadAction","target":["http:\/\/cuartetoenlaweb.com.ar\/sitio\/tremendo-dato-sobre-cande-tinelli-en-medio-de-la-crisis-familiar-marcelo-le-dijo-que-tenia-que-trabajar-y-ella-volvio-a-onlyfans\/"]}]},{"@type":"ImageObject","inLanguage":"es","@id":"http:\/\/cuartetoenlaweb.com.ar\/sitio\/tremendo-dato-sobre-cande-tinelli-en-medio-de-la-crisis-familiar-marcelo-le-dijo-que-tenia-que-trabajar-y-ella-volvio-a-onlyfans\/#primaryimage","url":"http:\/\/cuartetoenlaweb.com.ar\/sitio\/wp-content\/uploads\/2025\/12\/Ex-China-1-359x226-1.jpg","contentUrl":"http:\/\/cuartetoenlaweb.com.ar\/sitio\/wp-content\/uploads\/2025\/12\/Ex-China-1-359x226-1.jpg","width":359,"height":226},{"@type":"BreadcrumbList","@id":"http:\/\/cuartetoenlaweb.com.ar\/sitio\/tremendo-dato-sobre-cande-tinelli-en-medio-de-la-crisis-familiar-marcelo-le-dijo-que-tenia-que-trabajar-y-ella-volvio-a-onlyfans\/#breadcrumb","itemListElement":[{"@type":"ListItem","position":1,"name":"Portada","item":"http:\/\/cuartetoenlaweb.com.ar\/sitio\/"},{"@type":"ListItem","position":2,"name":"Tremendo dato sobre Cande Tinelli en medio de la crisis familiar: &quot;Marcelo le dijo que ten\u00eda que trabajar y ella volvi\u00f3 a OnlyFans&quot;"}]},{"@type":"WebSite","@id":"http:\/\/cuartetoenlaweb.com.ar\/sitio\/#website","url":"http:\/\/cuartetoenlaweb.com.ar\/sitio\/","name":"Cuarteto en la Web","description":"","publisher":{"@id":"http:\/\/cuartetoenlaweb.com.ar\/sitio\/#organization"},"potentialAction":[{"@type":"SearchAction","target":{"@type":"EntryPoint","urlTemplate":"http:\/\/cuartetoenlaweb.com.ar\/sitio\/?s={search_term_string}"},"query-input":{"@type":"PropertyValueSpecification","valueRequired":true,"valueName":"search_term_string"}}],"inLanguage":"es"},{"@type":"Organization","@id":"http:\/\/cuartetoenlaweb.com.ar\/sitio\/#organization","name":"Cuarteto en la Web","url":"http:\/\/cuartetoenlaweb.com.ar\/sitio\/","logo":{"@type":"ImageObject","inLanguage":"es","@id":"http:\/\/cuartetoenlaweb.com.ar\/sitio\/#\/schema\/logo\/image\/","url":"http:\/\/cuartetoenlaweb.com.ar\/sitio\/wp-content\/uploads\/2025\/07\/cropped-cropped-logitoweb21.png","contentUrl":"http:\/\/cuartetoenlaweb.com.ar\/sitio\/wp-content\/uploads\/2025\/07\/cropped-cropped-logitoweb21.png","width":199,"height":199,"caption":"Cuarteto en la Web"},"image":{"@id":"http:\/\/cuartetoenlaweb.com.ar\/sitio\/#\/schema\/logo\/image\/"}}]}},"_links":{"self":[{"href":"http:\/\/cuartetoenlaweb.com.ar\/sitio\/wp-json\/wp\/v2\/posts\/9719","targetHints":{"allow":["GET"]}}],"collection":[{"href":"http:\/\/cuartetoenlaweb.com.ar\/sitio\/wp-json\/wp\/v2\/posts"}],"about":[{"href":"http:\/\/cuartetoenlaweb.com.ar\/sitio\/wp-json\/wp\/v2\/types\/post"}],"replies":[{"embeddable":true,"href":"http:\/\/cuartetoenlaweb.com.ar\/sitio\/wp-json\/wp\/v2\/comments?post=9719"}],"version-history":[{"count":0,"href":"http:\/\/cuartetoenlaweb.com.ar\/sitio\/wp-json\/wp\/v2\/posts\/9719\/revisions"}],"wp:featuredmedia":[{"embeddable":true,"href":"http:\/\/cuartetoenlaweb.com.ar\/sitio\/wp-json\/wp\/v2\/media\/9720"}],"wp:attachment":[{"href":"http:\/\/cuartetoenlaweb.com.ar\/sitio\/wp-json\/wp\/v2\/media?parent=9719"}],"wp:term":[{"taxonomy":"category","embeddable":true,"href":"http:\/\/cuartetoenlaweb.com.ar\/sitio\/wp-json\/wp\/v2\/categories?post=9719"},{"taxonomy":"post_tag","embeddable":true,"href":"http:\/\/cuartetoenlaweb.com.ar\/sitio\/wp-json\/wp\/v2\/tags?post=9719"}],"curies":[{"name":"wp","href":"https:\/\/api.w.org\/{rel}","templated":true}]}}