
{"id":9715,"date":"2025-12-29T01:49:11","date_gmt":"2025-12-29T04:49:11","guid":{"rendered":"https:\/\/cuartetoenlaweb.com.ar\/sitio\/brasil-registro-en-2025-el-mayor-volumen-de-inversion-extranjera-en-una-decada\/"},"modified":"2025-12-29T01:49:11","modified_gmt":"2025-12-29T04:49:11","slug":"brasil-registro-en-2025-el-mayor-volumen-de-inversion-extranjera-en-una-decada","status":"publish","type":"post","link":"http:\/\/cuartetoenlaweb.com.ar\/sitio\/brasil-registro-en-2025-el-mayor-volumen-de-inversion-extranjera-en-una-decada\/","title":{"rendered":"Brasil registr\u00f3 en 2025 el mayor volumen de inversi\u00f3n extranjera en una d\u00e9cada"},"content":{"rendered":"<p>Buenos Aires, 29 diciembre (NA) \u2013 El Gobierno de Luiz In\u00e1cio Lula da Silva cerr\u00f3 el a\u00f1o con cifras r\u00e9cord en materia econ\u00f3mica. Seg\u00fan inform\u00f3 el Palacio del Planalto, Brasil logr\u00f3 atraer 84.100 millones de d\u00f3lares en Inversi\u00f3n Extranjera Directa (IED) entre enero y noviembre de 2025, marcando el desempe\u00f1o m\u00e1s alto desde 2014.<\/p>\n<p>Desde la administraci\u00f3n del PT atribuyen este flujo de capitales al \u00abreposicionamiento internacional\u00bb del pa\u00eds y a una agresiva pol\u00edtica exterior que se consolid\u00f3 como el motor de la gesti\u00f3n, supo la Agencia Noticias Argentinas.<\/p>\n<p>Los n\u00fameros del boom inversor:<\/p>\n<p> * Crecimiento exponencial: Solo en noviembre, el ingreso de capitales alcanz\u00f3 los 9.800 millones de d\u00f3lares, lo que representa un salto del 72% respecto al mismo mes del a\u00f1o anterior.<br \/>\n * Camino al r\u00e9cord: Con los datos actuales, Brasil est\u00e1 a un paso de superar las marcas hist\u00f3ricas logradas durante el gobierno de Dilma Rousseff entre 2011 y 2014.<br \/>\n * Apertura de mercados: Durante el tercer mandato de Lula, Brasil logr\u00f3 abrir m\u00e1s de 500 nuevos mercados internacionales para productos nacionales, gracias a una coordinaci\u00f3n interministerial enfocada en las exportaciones.<br \/>\n * Protagonismo global: El informe oficial destaca que, en tres a\u00f1os de gesti\u00f3n, Lula realiz\u00f3 61 misiones oficiales y mantuvo casi 200 encuentros bilaterales, factor que el Ejecutivo considera determinante para generar confianza en los inversores globales.<\/p>\n<p>Este balance positivo se presenta como el principal argumento de defensa del oficialismo brasile\u00f1o frente a los desaf\u00edos geopol\u00edticos actuales, posicionando a Brasil como el destino predilecto para el capital extranjero en Sudam\u00e9rica. #AgenciaNA<\/p>\n","protected":false},"excerpt":{"rendered":"<p>Buenos Aires, 29 diciembre (NA) \u2013 El Gobierno de Luiz<\/p>\n","protected":false},"author":0,"featured_media":9716,"comment_status":"","ping_status":"","sticky":false,"template":"","format":"standard","meta":{"footnotes":""},"categories":[65],"tags":[],"class_list":["post-9715","post","type-post","status-publish","format-standard","has-post-thumbnail","hentry","category-pais"],"yoast_head":"<!-- This site is optimized with the Yoast SEO plugin v27.5 - https:\/\/yoast.com\/product\/yoast-seo-wordpress\/ -->\n<title>Brasil registr\u00f3 en 2025 el mayor volumen de inversi\u00f3n extranjera en una d\u00e9cada - Cuarteto en la Web<\/title>\n<meta name=\"robots\" content=\"index, follow, max-snippet:-1, max-image-preview:large, max-video-preview:-1\" \/>\n<link rel=\"canonical\" href=\"http:\/\/cuartetoenlaweb.com.ar\/sitio\/brasil-registro-en-2025-el-mayor-volumen-de-inversion-extranjera-en-una-decada\/\" \/>\n<meta property=\"og:locale\" content=\"es_ES\" \/>\n<meta property=\"og:type\" content=\"article\" \/>\n<meta property=\"og:title\" content=\"Brasil registr\u00f3 en 2025 el mayor volumen de inversi\u00f3n extranjera en una d\u00e9cada - Cuarteto en la Web\" \/>\n<meta property=\"og:description\" content=\"Buenos Aires, 29 diciembre (NA) \u2013 El Gobierno de Luiz\" \/>\n<meta property=\"og:url\" content=\"http:\/\/cuartetoenlaweb.com.ar\/sitio\/brasil-registro-en-2025-el-mayor-volumen-de-inversion-extranjera-en-una-decada\/\" \/>\n<meta property=\"og:site_name\" content=\"Cuarteto en la Web\" \/>\n<meta property=\"article:published_time\" content=\"2025-12-29T04:49:11+00:00\" \/>\n<meta property=\"og:image\" content=\"http:\/\/cuartetoenlaweb.com.ar\/sitio\/wp-content\/uploads\/2025\/12\/720-389.jpeg\" \/>\n\t<meta property=\"og:image:width\" content=\"1280\" \/>\n\t<meta property=\"og:image:height\" content=\"669\" \/>\n\t<meta property=\"og:image:type\" content=\"image\/jpeg\" \/>\n<meta name=\"twitter:card\" content=\"summary_large_image\" \/>\n<meta name=\"twitter:label1\" content=\"Tiempo de lectura\" \/>\n\t<meta name=\"twitter:data1\" content=\"1 minuto\" \/>\n<script type=\"application\/ld+json\" class=\"yoast-schema-graph\">{\"@context\":\"https:\\\/\\\/schema.org\",\"@graph\":[{\"@type\":\"Article\",\"@id\":\"http:\\\/\\\/cuartetoenlaweb.com.ar\\\/sitio\\\/brasil-registro-en-2025-el-mayor-volumen-de-inversion-extranjera-en-una-decada\\\/#article\",\"isPartOf\":{\"@id\":\"http:\\\/\\\/cuartetoenlaweb.com.ar\\\/sitio\\\/brasil-registro-en-2025-el-mayor-volumen-de-inversion-extranjera-en-una-decada\\\/\"},\"author\":{\"name\":\"\",\"@id\":\"\"},\"headline\":\"Brasil registr\u00f3 en 2025 el mayor volumen de inversi\u00f3n extranjera en una d\u00e9cada\",\"datePublished\":\"2025-12-29T04:49:11+00:00\",\"mainEntityOfPage\":{\"@id\":\"http:\\\/\\\/cuartetoenlaweb.com.ar\\\/sitio\\\/brasil-registro-en-2025-el-mayor-volumen-de-inversion-extranjera-en-una-decada\\\/\"},\"wordCount\":279,\"publisher\":{\"@id\":\"http:\\\/\\\/cuartetoenlaweb.com.ar\\\/sitio\\\/#organization\"},\"image\":{\"@id\":\"http:\\\/\\\/cuartetoenlaweb.com.ar\\\/sitio\\\/brasil-registro-en-2025-el-mayor-volumen-de-inversion-extranjera-en-una-decada\\\/#primaryimage\"},\"thumbnailUrl\":\"http:\\\/\\\/cuartetoenlaweb.com.ar\\\/sitio\\\/wp-content\\\/uploads\\\/2025\\\/12\\\/720-389.jpeg\",\"articleSection\":[\"PAIS\"],\"inLanguage\":\"es\"},{\"@type\":\"WebPage\",\"@id\":\"http:\\\/\\\/cuartetoenlaweb.com.ar\\\/sitio\\\/brasil-registro-en-2025-el-mayor-volumen-de-inversion-extranjera-en-una-decada\\\/\",\"url\":\"http:\\\/\\\/cuartetoenlaweb.com.ar\\\/sitio\\\/brasil-registro-en-2025-el-mayor-volumen-de-inversion-extranjera-en-una-decada\\\/\",\"name\":\"Brasil registr\u00f3 en 2025 el mayor volumen de inversi\u00f3n extranjera en una d\u00e9cada - Cuarteto en la Web\",\"isPartOf\":{\"@id\":\"http:\\\/\\\/cuartetoenlaweb.com.ar\\\/sitio\\\/#website\"},\"primaryImageOfPage\":{\"@id\":\"http:\\\/\\\/cuartetoenlaweb.com.ar\\\/sitio\\\/brasil-registro-en-2025-el-mayor-volumen-de-inversion-extranjera-en-una-decada\\\/#primaryimage\"},\"image\":{\"@id\":\"http:\\\/\\\/cuartetoenlaweb.com.ar\\\/sitio\\\/brasil-registro-en-2025-el-mayor-volumen-de-inversion-extranjera-en-una-decada\\\/#primaryimage\"},\"thumbnailUrl\":\"http:\\\/\\\/cuartetoenlaweb.com.ar\\\/sitio\\\/wp-content\\\/uploads\\\/2025\\\/12\\\/720-389.jpeg\",\"datePublished\":\"2025-12-29T04:49:11+00:00\",\"breadcrumb\":{\"@id\":\"http:\\\/\\\/cuartetoenlaweb.com.ar\\\/sitio\\\/brasil-registro-en-2025-el-mayor-volumen-de-inversion-extranjera-en-una-decada\\\/#breadcrumb\"},\"inLanguage\":\"es\",\"potentialAction\":[{\"@type\":\"ReadAction\",\"target\":[\"http:\\\/\\\/cuartetoenlaweb.com.ar\\\/sitio\\\/brasil-registro-en-2025-el-mayor-volumen-de-inversion-extranjera-en-una-decada\\\/\"]}]},{\"@type\":\"ImageObject\",\"inLanguage\":\"es\",\"@id\":\"http:\\\/\\\/cuartetoenlaweb.com.ar\\\/sitio\\\/brasil-registro-en-2025-el-mayor-volumen-de-inversion-extranjera-en-una-decada\\\/#primaryimage\",\"url\":\"http:\\\/\\\/cuartetoenlaweb.com.ar\\\/sitio\\\/wp-content\\\/uploads\\\/2025\\\/12\\\/720-389.jpeg\",\"contentUrl\":\"http:\\\/\\\/cuartetoenlaweb.com.ar\\\/sitio\\\/wp-content\\\/uploads\\\/2025\\\/12\\\/720-389.jpeg\",\"width\":1280,\"height\":669},{\"@type\":\"BreadcrumbList\",\"@id\":\"http:\\\/\\\/cuartetoenlaweb.com.ar\\\/sitio\\\/brasil-registro-en-2025-el-mayor-volumen-de-inversion-extranjera-en-una-decada\\\/#breadcrumb\",\"itemListElement\":[{\"@type\":\"ListItem\",\"position\":1,\"name\":\"Portada\",\"item\":\"http:\\\/\\\/cuartetoenlaweb.com.ar\\\/sitio\\\/\"},{\"@type\":\"ListItem\",\"position\":2,\"name\":\"Brasil registr\u00f3 en 2025 el mayor volumen de inversi\u00f3n extranjera en una d\u00e9cada\"}]},{\"@type\":\"WebSite\",\"@id\":\"http:\\\/\\\/cuartetoenlaweb.com.ar\\\/sitio\\\/#website\",\"url\":\"http:\\\/\\\/cuartetoenlaweb.com.ar\\\/sitio\\\/\",\"name\":\"Cuarteto en la Web\",\"description\":\"\",\"publisher\":{\"@id\":\"http:\\\/\\\/cuartetoenlaweb.com.ar\\\/sitio\\\/#organization\"},\"potentialAction\":[{\"@type\":\"SearchAction\",\"target\":{\"@type\":\"EntryPoint\",\"urlTemplate\":\"http:\\\/\\\/cuartetoenlaweb.com.ar\\\/sitio\\\/?s={search_term_string}\"},\"query-input\":{\"@type\":\"PropertyValueSpecification\",\"valueRequired\":true,\"valueName\":\"search_term_string\"}}],\"inLanguage\":\"es\"},{\"@type\":\"Organization\",\"@id\":\"http:\\\/\\\/cuartetoenlaweb.com.ar\\\/sitio\\\/#organization\",\"name\":\"Cuarteto en la Web\",\"url\":\"http:\\\/\\\/cuartetoenlaweb.com.ar\\\/sitio\\\/\",\"logo\":{\"@type\":\"ImageObject\",\"inLanguage\":\"es\",\"@id\":\"http:\\\/\\\/cuartetoenlaweb.com.ar\\\/sitio\\\/#\\\/schema\\\/logo\\\/image\\\/\",\"url\":\"http:\\\/\\\/cuartetoenlaweb.com.ar\\\/sitio\\\/wp-content\\\/uploads\\\/2025\\\/07\\\/cropped-cropped-logitoweb21.png\",\"contentUrl\":\"http:\\\/\\\/cuartetoenlaweb.com.ar\\\/sitio\\\/wp-content\\\/uploads\\\/2025\\\/07\\\/cropped-cropped-logitoweb21.png\",\"width\":199,\"height\":199,\"caption\":\"Cuarteto en la Web\"},\"image\":{\"@id\":\"http:\\\/\\\/cuartetoenlaweb.com.ar\\\/sitio\\\/#\\\/schema\\\/logo\\\/image\\\/\"}}]}<\/script>\n<!-- \/ Yoast SEO plugin. -->","yoast_head_json":{"title":"Brasil registr\u00f3 en 2025 el mayor volumen de inversi\u00f3n extranjera en una d\u00e9cada - Cuarteto en la Web","robots":{"index":"index","follow":"follow","max-snippet":"max-snippet:-1","max-image-preview":"max-image-preview:large","max-video-preview":"max-video-preview:-1"},"canonical":"http:\/\/cuartetoenlaweb.com.ar\/sitio\/brasil-registro-en-2025-el-mayor-volumen-de-inversion-extranjera-en-una-decada\/","og_locale":"es_ES","og_type":"article","og_title":"Brasil registr\u00f3 en 2025 el mayor volumen de inversi\u00f3n extranjera en una d\u00e9cada - Cuarteto en la Web","og_description":"Buenos Aires, 29 diciembre (NA) \u2013 El Gobierno de Luiz","og_url":"http:\/\/cuartetoenlaweb.com.ar\/sitio\/brasil-registro-en-2025-el-mayor-volumen-de-inversion-extranjera-en-una-decada\/","og_site_name":"Cuarteto en la Web","article_published_time":"2025-12-29T04:49:11+00:00","og_image":[{"width":1280,"height":669,"url":"http:\/\/cuartetoenlaweb.com.ar\/sitio\/wp-content\/uploads\/2025\/12\/720-389.jpeg","type":"image\/jpeg"}],"twitter_card":"summary_large_image","twitter_misc":{"Tiempo de lectura":"1 minuto"},"schema":{"@context":"https:\/\/schema.org","@graph":[{"@type":"Article","@id":"http:\/\/cuartetoenlaweb.com.ar\/sitio\/brasil-registro-en-2025-el-mayor-volumen-de-inversion-extranjera-en-una-decada\/#article","isPartOf":{"@id":"http:\/\/cuartetoenlaweb.com.ar\/sitio\/brasil-registro-en-2025-el-mayor-volumen-de-inversion-extranjera-en-una-decada\/"},"author":{"name":"","@id":""},"headline":"Brasil registr\u00f3 en 2025 el mayor volumen de inversi\u00f3n extranjera en una d\u00e9cada","datePublished":"2025-12-29T04:49:11+00:00","mainEntityOfPage":{"@id":"http:\/\/cuartetoenlaweb.com.ar\/sitio\/brasil-registro-en-2025-el-mayor-volumen-de-inversion-extranjera-en-una-decada\/"},"wordCount":279,"publisher":{"@id":"http:\/\/cuartetoenlaweb.com.ar\/sitio\/#organization"},"image":{"@id":"http:\/\/cuartetoenlaweb.com.ar\/sitio\/brasil-registro-en-2025-el-mayor-volumen-de-inversion-extranjera-en-una-decada\/#primaryimage"},"thumbnailUrl":"http:\/\/cuartetoenlaweb.com.ar\/sitio\/wp-content\/uploads\/2025\/12\/720-389.jpeg","articleSection":["PAIS"],"inLanguage":"es"},{"@type":"WebPage","@id":"http:\/\/cuartetoenlaweb.com.ar\/sitio\/brasil-registro-en-2025-el-mayor-volumen-de-inversion-extranjera-en-una-decada\/","url":"http:\/\/cuartetoenlaweb.com.ar\/sitio\/brasil-registro-en-2025-el-mayor-volumen-de-inversion-extranjera-en-una-decada\/","name":"Brasil registr\u00f3 en 2025 el mayor volumen de inversi\u00f3n extranjera en una d\u00e9cada - Cuarteto en la Web","isPartOf":{"@id":"http:\/\/cuartetoenlaweb.com.ar\/sitio\/#website"},"primaryImageOfPage":{"@id":"http:\/\/cuartetoenlaweb.com.ar\/sitio\/brasil-registro-en-2025-el-mayor-volumen-de-inversion-extranjera-en-una-decada\/#primaryimage"},"image":{"@id":"http:\/\/cuartetoenlaweb.com.ar\/sitio\/brasil-registro-en-2025-el-mayor-volumen-de-inversion-extranjera-en-una-decada\/#primaryimage"},"thumbnailUrl":"http:\/\/cuartetoenlaweb.com.ar\/sitio\/wp-content\/uploads\/2025\/12\/720-389.jpeg","datePublished":"2025-12-29T04:49:11+00:00","breadcrumb":{"@id":"http:\/\/cuartetoenlaweb.com.ar\/sitio\/brasil-registro-en-2025-el-mayor-volumen-de-inversion-extranjera-en-una-decada\/#breadcrumb"},"inLanguage":"es","potentialAction":[{"@type":"ReadAction","target":["http:\/\/cuartetoenlaweb.com.ar\/sitio\/brasil-registro-en-2025-el-mayor-volumen-de-inversion-extranjera-en-una-decada\/"]}]},{"@type":"ImageObject","inLanguage":"es","@id":"http:\/\/cuartetoenlaweb.com.ar\/sitio\/brasil-registro-en-2025-el-mayor-volumen-de-inversion-extranjera-en-una-decada\/#primaryimage","url":"http:\/\/cuartetoenlaweb.com.ar\/sitio\/wp-content\/uploads\/2025\/12\/720-389.jpeg","contentUrl":"http:\/\/cuartetoenlaweb.com.ar\/sitio\/wp-content\/uploads\/2025\/12\/720-389.jpeg","width":1280,"height":669},{"@type":"BreadcrumbList","@id":"http:\/\/cuartetoenlaweb.com.ar\/sitio\/brasil-registro-en-2025-el-mayor-volumen-de-inversion-extranjera-en-una-decada\/#breadcrumb","itemListElement":[{"@type":"ListItem","position":1,"name":"Portada","item":"http:\/\/cuartetoenlaweb.com.ar\/sitio\/"},{"@type":"ListItem","position":2,"name":"Brasil registr\u00f3 en 2025 el mayor volumen de inversi\u00f3n extranjera en una d\u00e9cada"}]},{"@type":"WebSite","@id":"http:\/\/cuartetoenlaweb.com.ar\/sitio\/#website","url":"http:\/\/cuartetoenlaweb.com.ar\/sitio\/","name":"Cuarteto en la Web","description":"","publisher":{"@id":"http:\/\/cuartetoenlaweb.com.ar\/sitio\/#organization"},"potentialAction":[{"@type":"SearchAction","target":{"@type":"EntryPoint","urlTemplate":"http:\/\/cuartetoenlaweb.com.ar\/sitio\/?s={search_term_string}"},"query-input":{"@type":"PropertyValueSpecification","valueRequired":true,"valueName":"search_term_string"}}],"inLanguage":"es"},{"@type":"Organization","@id":"http:\/\/cuartetoenlaweb.com.ar\/sitio\/#organization","name":"Cuarteto en la Web","url":"http:\/\/cuartetoenlaweb.com.ar\/sitio\/","logo":{"@type":"ImageObject","inLanguage":"es","@id":"http:\/\/cuartetoenlaweb.com.ar\/sitio\/#\/schema\/logo\/image\/","url":"http:\/\/cuartetoenlaweb.com.ar\/sitio\/wp-content\/uploads\/2025\/07\/cropped-cropped-logitoweb21.png","contentUrl":"http:\/\/cuartetoenlaweb.com.ar\/sitio\/wp-content\/uploads\/2025\/07\/cropped-cropped-logitoweb21.png","width":199,"height":199,"caption":"Cuarteto en la Web"},"image":{"@id":"http:\/\/cuartetoenlaweb.com.ar\/sitio\/#\/schema\/logo\/image\/"}}]}},"_links":{"self":[{"href":"http:\/\/cuartetoenlaweb.com.ar\/sitio\/wp-json\/wp\/v2\/posts\/9715","targetHints":{"allow":["GET"]}}],"collection":[{"href":"http:\/\/cuartetoenlaweb.com.ar\/sitio\/wp-json\/wp\/v2\/posts"}],"about":[{"href":"http:\/\/cuartetoenlaweb.com.ar\/sitio\/wp-json\/wp\/v2\/types\/post"}],"replies":[{"embeddable":true,"href":"http:\/\/cuartetoenlaweb.com.ar\/sitio\/wp-json\/wp\/v2\/comments?post=9715"}],"version-history":[{"count":0,"href":"http:\/\/cuartetoenlaweb.com.ar\/sitio\/wp-json\/wp\/v2\/posts\/9715\/revisions"}],"wp:featuredmedia":[{"embeddable":true,"href":"http:\/\/cuartetoenlaweb.com.ar\/sitio\/wp-json\/wp\/v2\/media\/9716"}],"wp:attachment":[{"href":"http:\/\/cuartetoenlaweb.com.ar\/sitio\/wp-json\/wp\/v2\/media?parent=9715"}],"wp:term":[{"taxonomy":"category","embeddable":true,"href":"http:\/\/cuartetoenlaweb.com.ar\/sitio\/wp-json\/wp\/v2\/categories?post=9715"},{"taxonomy":"post_tag","embeddable":true,"href":"http:\/\/cuartetoenlaweb.com.ar\/sitio\/wp-json\/wp\/v2\/tags?post=9715"}],"curies":[{"name":"wp","href":"https:\/\/api.w.org\/{rel}","templated":true}]}}