
{"id":9713,"date":"2025-12-29T01:49:10","date_gmt":"2025-12-29T04:49:10","guid":{"rendered":"https:\/\/cuartetoenlaweb.com.ar\/sitio\/por-que-se-acostumbra-a-vestirse-de-blanco-en-ano-nuevo\/"},"modified":"2025-12-29T01:49:10","modified_gmt":"2025-12-29T04:49:10","slug":"por-que-se-acostumbra-a-vestirse-de-blanco-en-ano-nuevo","status":"publish","type":"post","link":"http:\/\/cuartetoenlaweb.com.ar\/sitio\/por-que-se-acostumbra-a-vestirse-de-blanco-en-ano-nuevo\/","title":{"rendered":"Por qu\u00e9 se acostumbra a vestirse de blanco en A\u00f1o Nuevo"},"content":{"rendered":"<p>Buenos Aires, 28 diciembre (NA) \u2013 Vestirse de blanco en A\u00f1o Nuevo es una tradici\u00f3n que tiene diferentes interpretaciones y simbolismos en diversas culturas. <\/p>\n<p>Seg\u00fan supo la Agencia Noticias Argentinas, la indumentaria para despedir y recibir el a\u00f1os se volvi\u00f3 cada vez m\u00e1s importante con el correr del tiempo.<\/p>\n<p>Esta costumbre tiene ra\u00edces en varias tradiciones y creencias culturales alrededor del mundo. Este acto simboliza, en general, la b\u00fasqueda de pureza, renovaci\u00f3n y positividad para el nuevo a\u00f1o que comienza.<\/p>\n<p>VESTIRSE DE BLANCO EN A\u00d1O NUEVO: DIFERENTES SIGNIFICADOS<\/p>\n<p> 1. Pureza y limpiar el pasado: El blanco se asocia com\u00fanmente con la pureza y la limpieza. Al vestirse de blanco en A\u00f1o Nuevo, muchas personas buscan simbolizar la idea de dejar atr\u00e1s el pasado, liberarse de las cargas negativas y comenzar el a\u00f1o con una hoja en blanco.<br \/>\n 2. Renovaci\u00f3n y nuevos comienzos: El cambio de a\u00f1o marca naturalmente un nuevo comienzo. Vestirse de blanco se interpreta como una forma de representar este renacimiento y la oportunidad de emprender nuevos proyectos, metas y experiencias.<br \/>\n 3. Atracci\u00f3n de energ\u00edas positivas: En algunas culturas, el blanco se considera un color que atrae energ\u00edas positivas. Al usarlo durante la celebraci\u00f3n de A\u00f1o Nuevo, se busca iniciar el a\u00f1o con optimismo y atraer vibraciones positivas para los meses venideros.<br \/>\n 4. Tradici\u00f3n cultural y religiosa: En ciertos lugares, vestirse de blanco puede tener conexiones con tradiciones religiosas o espirituales espec\u00edficas asociadas con la celebraci\u00f3n del A\u00f1o Nuevo. Esto puede variar seg\u00fan la regi\u00f3n y las costumbres locales.<br \/>\n 5. Celebraciones espec\u00edficas: En algunas partes del mundo, la pr\u00e1ctica de vestirse de blanco puede estar vinculada a celebraciones y rituales espec\u00edficos que se realizan durante la transici\u00f3n de un a\u00f1o a otro.<\/p>\n<p>Es importante destacar que, aunque la tradici\u00f3n de vestirse de blanco tiene diferentes significados, cada persona puede interpretarla de manera \u00fanica y personal. En \u00faltima instancia, la elecci\u00f3n del color para recibir el A\u00f1o Nuevo refleja la esperanza de un futuro lleno de positividad y nuevas oportunidades. #AgenciaNA<\/p>\n","protected":false},"excerpt":{"rendered":"<p>Buenos Aires, 28 diciembre (NA) \u2013 Vestirse de blanco en<\/p>\n","protected":false},"author":0,"featured_media":9714,"comment_status":"","ping_status":"","sticky":false,"template":"","format":"standard","meta":{"footnotes":""},"categories":[65],"tags":[],"class_list":["post-9713","post","type-post","status-publish","format-standard","has-post-thumbnail","hentry","category-pais"],"yoast_head":"<!-- This site is optimized with the Yoast SEO plugin v27.5 - https:\/\/yoast.com\/product\/yoast-seo-wordpress\/ -->\n<title>Por qu\u00e9 se acostumbra a vestirse de blanco en A\u00f1o Nuevo - Cuarteto en la Web<\/title>\n<meta name=\"robots\" content=\"index, follow, max-snippet:-1, max-image-preview:large, max-video-preview:-1\" \/>\n<link rel=\"canonical\" href=\"https:\/\/cuartetoenlaweb.com.ar\/sitio\/por-que-se-acostumbra-a-vestirse-de-blanco-en-ano-nuevo\/\" \/>\n<meta property=\"og:locale\" content=\"es_ES\" \/>\n<meta property=\"og:type\" content=\"article\" \/>\n<meta property=\"og:title\" content=\"Por qu\u00e9 se acostumbra a vestirse de blanco en A\u00f1o Nuevo - Cuarteto en la Web\" \/>\n<meta property=\"og:description\" content=\"Buenos Aires, 28 diciembre (NA) \u2013 Vestirse de blanco en\" \/>\n<meta property=\"og:url\" content=\"https:\/\/cuartetoenlaweb.com.ar\/sitio\/por-que-se-acostumbra-a-vestirse-de-blanco-en-ano-nuevo\/\" \/>\n<meta property=\"og:site_name\" content=\"Cuarteto en la Web\" \/>\n<meta property=\"article:published_time\" content=\"2025-12-29T04:49:10+00:00\" \/>\n<meta property=\"og:image\" content=\"https:\/\/cuartetoenlaweb.com.ar\/sitio\/wp-content\/uploads\/2025\/12\/720-388.jpeg\" \/>\n\t<meta property=\"og:image:width\" content=\"1080\" \/>\n\t<meta property=\"og:image:height\" content=\"720\" \/>\n\t<meta property=\"og:image:type\" content=\"image\/jpeg\" \/>\n<meta name=\"twitter:card\" content=\"summary_large_image\" \/>\n<meta name=\"twitter:label1\" content=\"Tiempo de lectura\" \/>\n\t<meta name=\"twitter:data1\" content=\"2 minutos\" \/>\n<script type=\"application\/ld+json\" class=\"yoast-schema-graph\">{\"@context\":\"https:\\\/\\\/schema.org\",\"@graph\":[{\"@type\":\"Article\",\"@id\":\"https:\\\/\\\/cuartetoenlaweb.com.ar\\\/sitio\\\/por-que-se-acostumbra-a-vestirse-de-blanco-en-ano-nuevo\\\/#article\",\"isPartOf\":{\"@id\":\"https:\\\/\\\/cuartetoenlaweb.com.ar\\\/sitio\\\/por-que-se-acostumbra-a-vestirse-de-blanco-en-ano-nuevo\\\/\"},\"author\":{\"name\":\"\",\"@id\":\"\"},\"headline\":\"Por qu\u00e9 se acostumbra a vestirse de blanco en A\u00f1o Nuevo\",\"datePublished\":\"2025-12-29T04:49:10+00:00\",\"mainEntityOfPage\":{\"@id\":\"https:\\\/\\\/cuartetoenlaweb.com.ar\\\/sitio\\\/por-que-se-acostumbra-a-vestirse-de-blanco-en-ano-nuevo\\\/\"},\"wordCount\":373,\"publisher\":{\"@id\":\"http:\\\/\\\/cuartetoenlaweb.com.ar\\\/sitio\\\/#organization\"},\"image\":{\"@id\":\"https:\\\/\\\/cuartetoenlaweb.com.ar\\\/sitio\\\/por-que-se-acostumbra-a-vestirse-de-blanco-en-ano-nuevo\\\/#primaryimage\"},\"thumbnailUrl\":\"http:\\\/\\\/cuartetoenlaweb.com.ar\\\/sitio\\\/wp-content\\\/uploads\\\/2025\\\/12\\\/720-388.jpeg\",\"articleSection\":[\"PAIS\"],\"inLanguage\":\"es\"},{\"@type\":\"WebPage\",\"@id\":\"https:\\\/\\\/cuartetoenlaweb.com.ar\\\/sitio\\\/por-que-se-acostumbra-a-vestirse-de-blanco-en-ano-nuevo\\\/\",\"url\":\"https:\\\/\\\/cuartetoenlaweb.com.ar\\\/sitio\\\/por-que-se-acostumbra-a-vestirse-de-blanco-en-ano-nuevo\\\/\",\"name\":\"Por qu\u00e9 se acostumbra a vestirse de blanco en A\u00f1o Nuevo - Cuarteto en la Web\",\"isPartOf\":{\"@id\":\"http:\\\/\\\/cuartetoenlaweb.com.ar\\\/sitio\\\/#website\"},\"primaryImageOfPage\":{\"@id\":\"https:\\\/\\\/cuartetoenlaweb.com.ar\\\/sitio\\\/por-que-se-acostumbra-a-vestirse-de-blanco-en-ano-nuevo\\\/#primaryimage\"},\"image\":{\"@id\":\"https:\\\/\\\/cuartetoenlaweb.com.ar\\\/sitio\\\/por-que-se-acostumbra-a-vestirse-de-blanco-en-ano-nuevo\\\/#primaryimage\"},\"thumbnailUrl\":\"http:\\\/\\\/cuartetoenlaweb.com.ar\\\/sitio\\\/wp-content\\\/uploads\\\/2025\\\/12\\\/720-388.jpeg\",\"datePublished\":\"2025-12-29T04:49:10+00:00\",\"breadcrumb\":{\"@id\":\"https:\\\/\\\/cuartetoenlaweb.com.ar\\\/sitio\\\/por-que-se-acostumbra-a-vestirse-de-blanco-en-ano-nuevo\\\/#breadcrumb\"},\"inLanguage\":\"es\",\"potentialAction\":[{\"@type\":\"ReadAction\",\"target\":[\"https:\\\/\\\/cuartetoenlaweb.com.ar\\\/sitio\\\/por-que-se-acostumbra-a-vestirse-de-blanco-en-ano-nuevo\\\/\"]}]},{\"@type\":\"ImageObject\",\"inLanguage\":\"es\",\"@id\":\"https:\\\/\\\/cuartetoenlaweb.com.ar\\\/sitio\\\/por-que-se-acostumbra-a-vestirse-de-blanco-en-ano-nuevo\\\/#primaryimage\",\"url\":\"http:\\\/\\\/cuartetoenlaweb.com.ar\\\/sitio\\\/wp-content\\\/uploads\\\/2025\\\/12\\\/720-388.jpeg\",\"contentUrl\":\"http:\\\/\\\/cuartetoenlaweb.com.ar\\\/sitio\\\/wp-content\\\/uploads\\\/2025\\\/12\\\/720-388.jpeg\",\"width\":1080,\"height\":720},{\"@type\":\"BreadcrumbList\",\"@id\":\"https:\\\/\\\/cuartetoenlaweb.com.ar\\\/sitio\\\/por-que-se-acostumbra-a-vestirse-de-blanco-en-ano-nuevo\\\/#breadcrumb\",\"itemListElement\":[{\"@type\":\"ListItem\",\"position\":1,\"name\":\"Portada\",\"item\":\"http:\\\/\\\/cuartetoenlaweb.com.ar\\\/sitio\\\/\"},{\"@type\":\"ListItem\",\"position\":2,\"name\":\"Por qu\u00e9 se acostumbra a vestirse de blanco en A\u00f1o Nuevo\"}]},{\"@type\":\"WebSite\",\"@id\":\"http:\\\/\\\/cuartetoenlaweb.com.ar\\\/sitio\\\/#website\",\"url\":\"http:\\\/\\\/cuartetoenlaweb.com.ar\\\/sitio\\\/\",\"name\":\"Cuarteto en la Web\",\"description\":\"\",\"publisher\":{\"@id\":\"http:\\\/\\\/cuartetoenlaweb.com.ar\\\/sitio\\\/#organization\"},\"potentialAction\":[{\"@type\":\"SearchAction\",\"target\":{\"@type\":\"EntryPoint\",\"urlTemplate\":\"http:\\\/\\\/cuartetoenlaweb.com.ar\\\/sitio\\\/?s={search_term_string}\"},\"query-input\":{\"@type\":\"PropertyValueSpecification\",\"valueRequired\":true,\"valueName\":\"search_term_string\"}}],\"inLanguage\":\"es\"},{\"@type\":\"Organization\",\"@id\":\"http:\\\/\\\/cuartetoenlaweb.com.ar\\\/sitio\\\/#organization\",\"name\":\"Cuarteto en la Web\",\"url\":\"http:\\\/\\\/cuartetoenlaweb.com.ar\\\/sitio\\\/\",\"logo\":{\"@type\":\"ImageObject\",\"inLanguage\":\"es\",\"@id\":\"http:\\\/\\\/cuartetoenlaweb.com.ar\\\/sitio\\\/#\\\/schema\\\/logo\\\/image\\\/\",\"url\":\"http:\\\/\\\/cuartetoenlaweb.com.ar\\\/sitio\\\/wp-content\\\/uploads\\\/2025\\\/07\\\/cropped-cropped-logitoweb21.png\",\"contentUrl\":\"http:\\\/\\\/cuartetoenlaweb.com.ar\\\/sitio\\\/wp-content\\\/uploads\\\/2025\\\/07\\\/cropped-cropped-logitoweb21.png\",\"width\":199,\"height\":199,\"caption\":\"Cuarteto en la Web\"},\"image\":{\"@id\":\"http:\\\/\\\/cuartetoenlaweb.com.ar\\\/sitio\\\/#\\\/schema\\\/logo\\\/image\\\/\"}}]}<\/script>\n<!-- \/ Yoast SEO plugin. -->","yoast_head_json":{"title":"Por qu\u00e9 se acostumbra a vestirse de blanco en A\u00f1o Nuevo - Cuarteto en la Web","robots":{"index":"index","follow":"follow","max-snippet":"max-snippet:-1","max-image-preview":"max-image-preview:large","max-video-preview":"max-video-preview:-1"},"canonical":"https:\/\/cuartetoenlaweb.com.ar\/sitio\/por-que-se-acostumbra-a-vestirse-de-blanco-en-ano-nuevo\/","og_locale":"es_ES","og_type":"article","og_title":"Por qu\u00e9 se acostumbra a vestirse de blanco en A\u00f1o Nuevo - Cuarteto en la Web","og_description":"Buenos Aires, 28 diciembre (NA) \u2013 Vestirse de blanco en","og_url":"https:\/\/cuartetoenlaweb.com.ar\/sitio\/por-que-se-acostumbra-a-vestirse-de-blanco-en-ano-nuevo\/","og_site_name":"Cuarteto en la Web","article_published_time":"2025-12-29T04:49:10+00:00","og_image":[{"width":1080,"height":720,"url":"https:\/\/cuartetoenlaweb.com.ar\/sitio\/wp-content\/uploads\/2025\/12\/720-388.jpeg","type":"image\/jpeg"}],"twitter_card":"summary_large_image","twitter_misc":{"Tiempo de lectura":"2 minutos"},"schema":{"@context":"https:\/\/schema.org","@graph":[{"@type":"Article","@id":"https:\/\/cuartetoenlaweb.com.ar\/sitio\/por-que-se-acostumbra-a-vestirse-de-blanco-en-ano-nuevo\/#article","isPartOf":{"@id":"https:\/\/cuartetoenlaweb.com.ar\/sitio\/por-que-se-acostumbra-a-vestirse-de-blanco-en-ano-nuevo\/"},"author":{"name":"","@id":""},"headline":"Por qu\u00e9 se acostumbra a vestirse de blanco en A\u00f1o Nuevo","datePublished":"2025-12-29T04:49:10+00:00","mainEntityOfPage":{"@id":"https:\/\/cuartetoenlaweb.com.ar\/sitio\/por-que-se-acostumbra-a-vestirse-de-blanco-en-ano-nuevo\/"},"wordCount":373,"publisher":{"@id":"http:\/\/cuartetoenlaweb.com.ar\/sitio\/#organization"},"image":{"@id":"https:\/\/cuartetoenlaweb.com.ar\/sitio\/por-que-se-acostumbra-a-vestirse-de-blanco-en-ano-nuevo\/#primaryimage"},"thumbnailUrl":"http:\/\/cuartetoenlaweb.com.ar\/sitio\/wp-content\/uploads\/2025\/12\/720-388.jpeg","articleSection":["PAIS"],"inLanguage":"es"},{"@type":"WebPage","@id":"https:\/\/cuartetoenlaweb.com.ar\/sitio\/por-que-se-acostumbra-a-vestirse-de-blanco-en-ano-nuevo\/","url":"https:\/\/cuartetoenlaweb.com.ar\/sitio\/por-que-se-acostumbra-a-vestirse-de-blanco-en-ano-nuevo\/","name":"Por qu\u00e9 se acostumbra a vestirse de blanco en A\u00f1o Nuevo - Cuarteto en la Web","isPartOf":{"@id":"http:\/\/cuartetoenlaweb.com.ar\/sitio\/#website"},"primaryImageOfPage":{"@id":"https:\/\/cuartetoenlaweb.com.ar\/sitio\/por-que-se-acostumbra-a-vestirse-de-blanco-en-ano-nuevo\/#primaryimage"},"image":{"@id":"https:\/\/cuartetoenlaweb.com.ar\/sitio\/por-que-se-acostumbra-a-vestirse-de-blanco-en-ano-nuevo\/#primaryimage"},"thumbnailUrl":"http:\/\/cuartetoenlaweb.com.ar\/sitio\/wp-content\/uploads\/2025\/12\/720-388.jpeg","datePublished":"2025-12-29T04:49:10+00:00","breadcrumb":{"@id":"https:\/\/cuartetoenlaweb.com.ar\/sitio\/por-que-se-acostumbra-a-vestirse-de-blanco-en-ano-nuevo\/#breadcrumb"},"inLanguage":"es","potentialAction":[{"@type":"ReadAction","target":["https:\/\/cuartetoenlaweb.com.ar\/sitio\/por-que-se-acostumbra-a-vestirse-de-blanco-en-ano-nuevo\/"]}]},{"@type":"ImageObject","inLanguage":"es","@id":"https:\/\/cuartetoenlaweb.com.ar\/sitio\/por-que-se-acostumbra-a-vestirse-de-blanco-en-ano-nuevo\/#primaryimage","url":"http:\/\/cuartetoenlaweb.com.ar\/sitio\/wp-content\/uploads\/2025\/12\/720-388.jpeg","contentUrl":"http:\/\/cuartetoenlaweb.com.ar\/sitio\/wp-content\/uploads\/2025\/12\/720-388.jpeg","width":1080,"height":720},{"@type":"BreadcrumbList","@id":"https:\/\/cuartetoenlaweb.com.ar\/sitio\/por-que-se-acostumbra-a-vestirse-de-blanco-en-ano-nuevo\/#breadcrumb","itemListElement":[{"@type":"ListItem","position":1,"name":"Portada","item":"http:\/\/cuartetoenlaweb.com.ar\/sitio\/"},{"@type":"ListItem","position":2,"name":"Por qu\u00e9 se acostumbra a vestirse de blanco en A\u00f1o Nuevo"}]},{"@type":"WebSite","@id":"http:\/\/cuartetoenlaweb.com.ar\/sitio\/#website","url":"http:\/\/cuartetoenlaweb.com.ar\/sitio\/","name":"Cuarteto en la Web","description":"","publisher":{"@id":"http:\/\/cuartetoenlaweb.com.ar\/sitio\/#organization"},"potentialAction":[{"@type":"SearchAction","target":{"@type":"EntryPoint","urlTemplate":"http:\/\/cuartetoenlaweb.com.ar\/sitio\/?s={search_term_string}"},"query-input":{"@type":"PropertyValueSpecification","valueRequired":true,"valueName":"search_term_string"}}],"inLanguage":"es"},{"@type":"Organization","@id":"http:\/\/cuartetoenlaweb.com.ar\/sitio\/#organization","name":"Cuarteto en la Web","url":"http:\/\/cuartetoenlaweb.com.ar\/sitio\/","logo":{"@type":"ImageObject","inLanguage":"es","@id":"http:\/\/cuartetoenlaweb.com.ar\/sitio\/#\/schema\/logo\/image\/","url":"http:\/\/cuartetoenlaweb.com.ar\/sitio\/wp-content\/uploads\/2025\/07\/cropped-cropped-logitoweb21.png","contentUrl":"http:\/\/cuartetoenlaweb.com.ar\/sitio\/wp-content\/uploads\/2025\/07\/cropped-cropped-logitoweb21.png","width":199,"height":199,"caption":"Cuarteto en la Web"},"image":{"@id":"http:\/\/cuartetoenlaweb.com.ar\/sitio\/#\/schema\/logo\/image\/"}}]}},"_links":{"self":[{"href":"http:\/\/cuartetoenlaweb.com.ar\/sitio\/wp-json\/wp\/v2\/posts\/9713","targetHints":{"allow":["GET"]}}],"collection":[{"href":"http:\/\/cuartetoenlaweb.com.ar\/sitio\/wp-json\/wp\/v2\/posts"}],"about":[{"href":"http:\/\/cuartetoenlaweb.com.ar\/sitio\/wp-json\/wp\/v2\/types\/post"}],"replies":[{"embeddable":true,"href":"http:\/\/cuartetoenlaweb.com.ar\/sitio\/wp-json\/wp\/v2\/comments?post=9713"}],"version-history":[{"count":0,"href":"http:\/\/cuartetoenlaweb.com.ar\/sitio\/wp-json\/wp\/v2\/posts\/9713\/revisions"}],"wp:featuredmedia":[{"embeddable":true,"href":"http:\/\/cuartetoenlaweb.com.ar\/sitio\/wp-json\/wp\/v2\/media\/9714"}],"wp:attachment":[{"href":"http:\/\/cuartetoenlaweb.com.ar\/sitio\/wp-json\/wp\/v2\/media?parent=9713"}],"wp:term":[{"taxonomy":"category","embeddable":true,"href":"http:\/\/cuartetoenlaweb.com.ar\/sitio\/wp-json\/wp\/v2\/categories?post=9713"},{"taxonomy":"post_tag","embeddable":true,"href":"http:\/\/cuartetoenlaweb.com.ar\/sitio\/wp-json\/wp\/v2\/tags?post=9713"}],"curies":[{"name":"wp","href":"https:\/\/api.w.org\/{rel}","templated":true}]}}