
{"id":9707,"date":"2025-12-29T01:49:06","date_gmt":"2025-12-29T04:49:06","guid":{"rendered":"https:\/\/cuartetoenlaweb.com.ar\/sitio\/el-incomodo-momento-que-vivio-nicolas-cabre-en-el-reencuentro-con-su-hija-rufina\/"},"modified":"2025-12-29T01:49:06","modified_gmt":"2025-12-29T04:49:06","slug":"el-incomodo-momento-que-vivio-nicolas-cabre-en-el-reencuentro-con-su-hija-rufina","status":"publish","type":"post","link":"http:\/\/cuartetoenlaweb.com.ar\/sitio\/el-incomodo-momento-que-vivio-nicolas-cabre-en-el-reencuentro-con-su-hija-rufina\/","title":{"rendered":"El inc\u00f3modo momento que vivi\u00f3 Nicol\u00e1s Cabr\u00e9 en el reencuentro con su hija Rufina"},"content":{"rendered":"<p>El <a href=\"https:\/\/www.paparazzi.com.ar\/teve\/nicolas-cabre-volvio-a-encontrarse-con-su-hija-rufina-cabre-que-hizo-la-china-suarez\/\">esperado reencuentro<\/a> de <strong><a href=\"https:\/\/www.paparazzi.com.ar\/?s=Nicol%C3%A1s+Cabr%C3%A9\">Nicol\u00e1s Cabr\u00e9<\/a> <\/strong>con su hija<strong> <a href=\"https:\/\/www.paparazzi.com.ar\/?s=Rufina+Cabr%C3%A9\">Rufina<\/a><\/strong>, luego de que la nena pasara la Navidad junto a la <strong>China Su\u00e1rez<\/strong>, no fue tan perfecto como muchos imaginaban. Si bien el actor atraviesa un gran momento personal y profesional, el encuentro estuvo atravesado por un imprevisto que alter\u00f3 los planes y sum\u00f3 una cuota de tensi\u00f3n a un momento que promet\u00eda ser puro disfrute.<\/p>\n<p>Cabr\u00e9 se encuentra instalado en Villa Carlos Paz por su debut teatral en la temporada de verano con <em>Ni una sola palabra<\/em>, la comedia que protagoniza junto a <strong>Mariano Mart\u00ednez <\/strong>y <strong>Bicho G\u00f3mez<\/strong>, y que adem\u00e1s codirige junto a su esposa, <strong>Roc\u00edo Pardo<\/strong>. <\/p>\n<p>En ese contexto, la llegada de Rufina ten\u00eda un valor emocional especial: compartir tiempo juntos en plena vor\u00e1gine laboral y en una fecha sensible de fin de a\u00f1o. Sin embargo, el reencuentro no estuvo exento de sobresaltos. Seg\u00fan mostr\u00f3 el propio actor en sus redes sociales, un descuido inesperado complic\u00f3 la jornada: se olvidaron las llaves de la camioneta dentro del camar\u00edn del teatro.<\/p>\n<div class=\"mt-box \">\n<h4 class=\"mt-heading\">Mir\u00e1 Tambi\u00e9n<\/h4>\n<p><a href=\"https:\/\/www.paparazzi.com.ar\/teve\/exclusivo-el-dramatico-momento-que-protagonizo-christian-petersen-a-los-gritos-yo-nunca\/\"><\/p>\n<div class=\"mt-content\">\n<div class=\"mt-image-container\"><img decoding=\"async\" src=\"https:\/\/www.paparazzi.com.ar\/wp-content\/uploads\/2025\/12\/\u00a1Exclusivo-El-dramatico-momento-que-protagonizo-Christian-Petersen-a-los-gritos-22Yo-nunca.22-359x226.jpg\" alt=\"\u00a1Exclusivo! El dram\u00e1tico momento que protagoniz\u00f3 Christian Petersen a los gritos: &quot;Yo nunca...&quot;\" class=\"mt-image\" loading=\"lazy\" \/><\/div>\n<h5 class=\"mt-title\">\u00a1Exclusivo! El dram\u00e1tico momento que protagoniz\u00f3 Christian Petersen a los gritos: \u00abYo nunca&#8230;\u00bb<\/h5>\n<\/div>\n<p><\/a><\/div>\n<p>El contratiempo los dej\u00f3 varados y oblig\u00f3 a cambiar los planes sobre la marcha, generando un momento inc\u00f3modo que sorprendi\u00f3 a todos. Lejos de ocultar la situaci\u00f3n, Cabr\u00e9 eligi\u00f3 tom\u00e1rselo con humor y lo comparti\u00f3 a trav\u00e9s de una historia de Instagram. <\/p>\n<p>Sentado al costado del veh\u00edculo junto a Roc\u00edo Pardo, escribi\u00f3 con iron\u00eda: <em>\u201cAlguien se olvid\u00f3 las llaves de la camioneta en el camar\u00edn\u201d<\/em>, acompa\u00f1ado de un emoji de risa. Aunque el tono fue distendido, el episodio expuso que el reencuentro con Rufina estuvo lejos de ser completamente tranquilo.<\/p>\n<div class=\"mt-box \">\n<h4 class=\"mt-heading\">Mir\u00e1 Tambi\u00e9n<\/h4>\n<p><a href=\"https:\/\/www.paparazzi.com.ar\/romances\/asi-es-la-luna-de-miel-atipica-de-nicolas-cabre-y-rocio-pardo-tras-su-boda-sonada-las-fotos-mas-lindas\/\"><\/p>\n<div class=\"mt-content\">\n<div class=\"mt-image-container\"><img decoding=\"async\" src=\"https:\/\/www.paparazzi.com.ar\/wp-content\/uploads\/2025\/12\/nicolas-cabre-rocio-pardo-3-359x226.jpg\" alt=\"As\u00ed es la luna de miel at\u00edpica de Nicol\u00e1s Cabr\u00e9 y Roc\u00edo Pardo tras su boda so\u00f1ada: las fotos m\u00e1s lindas\" class=\"mt-image\" loading=\"lazy\" \/><\/div>\n<h5 class=\"mt-title\">As\u00ed es la luna de miel at\u00edpica de Nicol\u00e1s Cabr\u00e9 y Roc\u00edo Pardo tras su boda so\u00f1ada: las fotos m\u00e1s lindas<\/h5>\n<\/div>\n<p><\/a><\/div>\n<p>El hecho llam\u00f3 la atenci\u00f3n porque se dio en un momento de m\u00e1xima exposici\u00f3n para el actor. A d\u00edas de haber estrenado la obra en Carlos Paz, con funciones a sala llena y una fuerte repercusi\u00f3n medi\u00e1tica, cualquier imprevisto se vuelve m\u00e1s visible. <\/p>\n<p>Adem\u00e1s, el regreso de Rufina se produce en medio de un contexto familiar siempre observado de cerca, debido a la hist\u00f3rica atenci\u00f3n que despierta la relaci\u00f3n entre Cabr\u00e9 y la China Su\u00e1rez. M\u00e1s all\u00e1 del contratiempo, el v\u00ednculo entre padre e hija se mostr\u00f3 intacto. <\/p>\n<div class=\"mt-box \">\n<h4 class=\"mt-heading\">Mir\u00e1 Tambi\u00e9n<\/h4>\n<p><a href=\"https:\/\/www.paparazzi.com.ar\/romances\/asi-es-la-luna-de-miel-atipica-de-nicolas-cabre-y-rocio-pardo-tras-su-boda-sonada-las-fotos-mas-lindas\/\"><\/p>\n<div class=\"mt-content\">\n<div class=\"mt-image-container\"><img decoding=\"async\" src=\"https:\/\/www.paparazzi.com.ar\/wp-content\/uploads\/2025\/12\/nicolas-cabre-rocio-pardo-3-359x226.jpg\" alt=\"As\u00ed es la luna de miel at\u00edpica de Nicol\u00e1s Cabr\u00e9 y Roc\u00edo Pardo tras su boda so\u00f1ada: las fotos m\u00e1s lindas\" class=\"mt-image\" loading=\"lazy\" \/><\/div>\n<h5 class=\"mt-title\">As\u00ed es la luna de miel at\u00edpica de Nicol\u00e1s Cabr\u00e9 y Roc\u00edo Pardo tras su boda so\u00f1ada: las fotos m\u00e1s lindas<\/h5>\n<\/div>\n<p><\/a><\/div>\n<p>En redes, Roc\u00edo tambi\u00e9n expres\u00f3 su felicidad por el presente que viven juntos. Tras el estreno de la obra, le dedic\u00f3 a Cabr\u00e9 un mensaje cargado de amor y admiraci\u00f3n, dejando en claro que atraviesan un momento de fuerte conexi\u00f3n, incluso cuando aparecen peque\u00f1os problemas inesperados.<\/p>\n<p>As\u00ed, el reencuentro de Nicol\u00e1s Cabr\u00e9 con Rufina combin\u00f3 emoci\u00f3n, risas y un imprevisto que oblig\u00f3 a frenar y reorganizar todo. Un episodio menor, pero suficiente para demostrar que incluso en los momentos m\u00e1s esperados, la realidad siempre puede sorprender.<\/p>\n<figure class=\"wp-block-image size-large\"><img decoding=\"async\" src=\"https:\/\/www.paparazzi.com.ar\/wp-content\/uploads\/2025\/12\/image-101-589x1024.png.webp\" loading=\"lazy\" alt=\"\" class=\"wp-image-458011\" \/><\/figure>\n<div class=\"mt-box \">\n<h4 class=\"mt-heading\">Mir\u00e1 Tambi\u00e9n<\/h4>\n<p><a href=\"https:\/\/www.paparazzi.com.ar\/teve\/nicolas-cabre-volvio-a-encontrarse-con-su-hija-rufina-cabre-que-hizo-la-china-suarez\/\"><\/p>\n<div class=\"mt-content\">\n<div class=\"mt-image-container\"><img decoding=\"async\" src=\"https:\/\/www.paparazzi.com.ar\/wp-content\/uploads\/2025\/12\/China-Suarez-Nicolas-Cabre-y-Rufina-359x226.jpg\" alt=\"Nicol\u00e1s Cabre volvi\u00f3 a encontrarse con su hija Rufina Cabr\u00e9: qu\u00e9 hizo la China Su\u00e1rez\" class=\"mt-image\" loading=\"lazy\" \/><\/div>\n<h5 class=\"mt-title\">Nicol\u00e1s Cabre volvi\u00f3 a encontrarse con su hija Rufina Cabr\u00e9: qu\u00e9 hizo la China Su\u00e1rez<\/h5>\n<\/div>\n<p><\/a><\/div>\n<div class=\"mt-box \">\n<h4 class=\"mt-heading\">Mir\u00e1 Tambi\u00e9n<\/h4>\n<p><a href=\"https:\/\/www.paparazzi.com.ar\/teve\/asi-es-la-increible-mansion-de-nicolas-cabre-y-su-esposa-en-cordoba\/\"><\/p>\n<div class=\"mt-content\">\n<div class=\"mt-image-container\"><img decoding=\"async\" src=\"https:\/\/www.paparazzi.com.ar\/wp-content\/uploads\/2025\/12\/Rocio-Pardo-y-Nicolas-Cabre-1-359x226.jpg\" alt=\"As\u00ed es la incre\u00edble mansi\u00f3n de Nicol\u00e1s Cabr\u00e9 y su esposa en C\u00f3rdoba\" class=\"mt-image\" loading=\"lazy\" \/><\/div>\n<h5 class=\"mt-title\">As\u00ed es la incre\u00edble mansi\u00f3n de Nicol\u00e1s Cabr\u00e9 y su esposa en C\u00f3rdoba<\/h5>\n<\/div>\n<p><\/a><\/div>\n<p>The post <a href=\"https:\/\/www.paparazzi.com.ar\/teve\/el-incomodo-momento-que-vivio-nicolas-cabre-en-el-reencuentro-con-su-hija-rufina\/\">El inc\u00f3modo momento que vivi\u00f3 Nicol\u00e1s Cabr\u00e9 en el reencuentro con su hija Rufina<\/a> appeared first on <a href=\"https:\/\/www.paparazzi.com.ar\">Revista Paparazzi<\/a>.<\/p>\n","protected":false},"excerpt":{"rendered":"<p>El esperado reencuentro de Nicol\u00e1s Cabr\u00e9 con su hija Rufina,<\/p>\n","protected":false},"author":0,"featured_media":9708,"comment_status":"","ping_status":"","sticky":false,"template":"","format":"standard","meta":{"footnotes":""},"categories":[65],"tags":[],"class_list":["post-9707","post","type-post","status-publish","format-standard","has-post-thumbnail","hentry","category-pais"],"yoast_head":"<!-- This site is optimized with the Yoast SEO plugin v27.5 - https:\/\/yoast.com\/product\/yoast-seo-wordpress\/ -->\n<title>El inc\u00f3modo momento que vivi\u00f3 Nicol\u00e1s Cabr\u00e9 en el reencuentro con su hija Rufina - Cuarteto en la Web<\/title>\n<meta name=\"robots\" content=\"index, follow, max-snippet:-1, max-image-preview:large, max-video-preview:-1\" \/>\n<link rel=\"canonical\" href=\"http:\/\/cuartetoenlaweb.com.ar\/sitio\/el-incomodo-momento-que-vivio-nicolas-cabre-en-el-reencuentro-con-su-hija-rufina\/\" \/>\n<meta property=\"og:locale\" content=\"es_ES\" \/>\n<meta property=\"og:type\" content=\"article\" \/>\n<meta property=\"og:title\" content=\"El inc\u00f3modo momento que vivi\u00f3 Nicol\u00e1s Cabr\u00e9 en el reencuentro con su hija Rufina - Cuarteto en la Web\" \/>\n<meta property=\"og:description\" content=\"El esperado reencuentro de Nicol\u00e1s Cabr\u00e9 con su hija Rufina,\" \/>\n<meta property=\"og:url\" content=\"http:\/\/cuartetoenlaweb.com.ar\/sitio\/el-incomodo-momento-que-vivio-nicolas-cabre-en-el-reencuentro-con-su-hija-rufina\/\" \/>\n<meta property=\"og:site_name\" content=\"Cuarteto en la Web\" \/>\n<meta property=\"article:published_time\" content=\"2025-12-29T04:49:06+00:00\" \/>\n<meta property=\"og:image\" content=\"http:\/\/cuartetoenlaweb.com.ar\/sitio\/wp-content\/uploads\/2025\/12\/\u00a1Exclusivo-El-dramatico-momento-que-protagonizo-Christian-Petersen-a-los-gritos-22Yo-nunca.22-359x226-7.jpg\" \/>\n\t<meta property=\"og:image:width\" content=\"359\" \/>\n\t<meta property=\"og:image:height\" content=\"226\" \/>\n\t<meta property=\"og:image:type\" content=\"image\/jpeg\" \/>\n<meta name=\"twitter:card\" content=\"summary_large_image\" \/>\n<meta name=\"twitter:label1\" content=\"Tiempo de lectura\" \/>\n\t<meta name=\"twitter:data1\" content=\"3 minutos\" \/>\n<script type=\"application\/ld+json\" class=\"yoast-schema-graph\">{\"@context\":\"https:\\\/\\\/schema.org\",\"@graph\":[{\"@type\":\"Article\",\"@id\":\"http:\\\/\\\/cuartetoenlaweb.com.ar\\\/sitio\\\/el-incomodo-momento-que-vivio-nicolas-cabre-en-el-reencuentro-con-su-hija-rufina\\\/#article\",\"isPartOf\":{\"@id\":\"http:\\\/\\\/cuartetoenlaweb.com.ar\\\/sitio\\\/el-incomodo-momento-que-vivio-nicolas-cabre-en-el-reencuentro-con-su-hija-rufina\\\/\"},\"author\":{\"name\":\"\",\"@id\":\"\"},\"headline\":\"El inc\u00f3modo momento que vivi\u00f3 Nicol\u00e1s Cabr\u00e9 en el reencuentro con su hija Rufina\",\"datePublished\":\"2025-12-29T04:49:06+00:00\",\"mainEntityOfPage\":{\"@id\":\"http:\\\/\\\/cuartetoenlaweb.com.ar\\\/sitio\\\/el-incomodo-momento-que-vivio-nicolas-cabre-en-el-reencuentro-con-su-hija-rufina\\\/\"},\"wordCount\":635,\"publisher\":{\"@id\":\"http:\\\/\\\/cuartetoenlaweb.com.ar\\\/sitio\\\/#organization\"},\"image\":{\"@id\":\"http:\\\/\\\/cuartetoenlaweb.com.ar\\\/sitio\\\/el-incomodo-momento-que-vivio-nicolas-cabre-en-el-reencuentro-con-su-hija-rufina\\\/#primaryimage\"},\"thumbnailUrl\":\"http:\\\/\\\/cuartetoenlaweb.com.ar\\\/sitio\\\/wp-content\\\/uploads\\\/2025\\\/12\\\/\u00a1Exclusivo-El-dramatico-momento-que-protagonizo-Christian-Petersen-a-los-gritos-22Yo-nunca.22-359x226-7.jpg\",\"articleSection\":[\"PAIS\"],\"inLanguage\":\"es\"},{\"@type\":\"WebPage\",\"@id\":\"http:\\\/\\\/cuartetoenlaweb.com.ar\\\/sitio\\\/el-incomodo-momento-que-vivio-nicolas-cabre-en-el-reencuentro-con-su-hija-rufina\\\/\",\"url\":\"http:\\\/\\\/cuartetoenlaweb.com.ar\\\/sitio\\\/el-incomodo-momento-que-vivio-nicolas-cabre-en-el-reencuentro-con-su-hija-rufina\\\/\",\"name\":\"El inc\u00f3modo momento que vivi\u00f3 Nicol\u00e1s Cabr\u00e9 en el reencuentro con su hija Rufina - Cuarteto en la Web\",\"isPartOf\":{\"@id\":\"http:\\\/\\\/cuartetoenlaweb.com.ar\\\/sitio\\\/#website\"},\"primaryImageOfPage\":{\"@id\":\"http:\\\/\\\/cuartetoenlaweb.com.ar\\\/sitio\\\/el-incomodo-momento-que-vivio-nicolas-cabre-en-el-reencuentro-con-su-hija-rufina\\\/#primaryimage\"},\"image\":{\"@id\":\"http:\\\/\\\/cuartetoenlaweb.com.ar\\\/sitio\\\/el-incomodo-momento-que-vivio-nicolas-cabre-en-el-reencuentro-con-su-hija-rufina\\\/#primaryimage\"},\"thumbnailUrl\":\"http:\\\/\\\/cuartetoenlaweb.com.ar\\\/sitio\\\/wp-content\\\/uploads\\\/2025\\\/12\\\/\u00a1Exclusivo-El-dramatico-momento-que-protagonizo-Christian-Petersen-a-los-gritos-22Yo-nunca.22-359x226-7.jpg\",\"datePublished\":\"2025-12-29T04:49:06+00:00\",\"breadcrumb\":{\"@id\":\"http:\\\/\\\/cuartetoenlaweb.com.ar\\\/sitio\\\/el-incomodo-momento-que-vivio-nicolas-cabre-en-el-reencuentro-con-su-hija-rufina\\\/#breadcrumb\"},\"inLanguage\":\"es\",\"potentialAction\":[{\"@type\":\"ReadAction\",\"target\":[\"http:\\\/\\\/cuartetoenlaweb.com.ar\\\/sitio\\\/el-incomodo-momento-que-vivio-nicolas-cabre-en-el-reencuentro-con-su-hija-rufina\\\/\"]}]},{\"@type\":\"ImageObject\",\"inLanguage\":\"es\",\"@id\":\"http:\\\/\\\/cuartetoenlaweb.com.ar\\\/sitio\\\/el-incomodo-momento-que-vivio-nicolas-cabre-en-el-reencuentro-con-su-hija-rufina\\\/#primaryimage\",\"url\":\"http:\\\/\\\/cuartetoenlaweb.com.ar\\\/sitio\\\/wp-content\\\/uploads\\\/2025\\\/12\\\/\u00a1Exclusivo-El-dramatico-momento-que-protagonizo-Christian-Petersen-a-los-gritos-22Yo-nunca.22-359x226-7.jpg\",\"contentUrl\":\"http:\\\/\\\/cuartetoenlaweb.com.ar\\\/sitio\\\/wp-content\\\/uploads\\\/2025\\\/12\\\/\u00a1Exclusivo-El-dramatico-momento-que-protagonizo-Christian-Petersen-a-los-gritos-22Yo-nunca.22-359x226-7.jpg\",\"width\":359,\"height\":226},{\"@type\":\"BreadcrumbList\",\"@id\":\"http:\\\/\\\/cuartetoenlaweb.com.ar\\\/sitio\\\/el-incomodo-momento-que-vivio-nicolas-cabre-en-el-reencuentro-con-su-hija-rufina\\\/#breadcrumb\",\"itemListElement\":[{\"@type\":\"ListItem\",\"position\":1,\"name\":\"Portada\",\"item\":\"http:\\\/\\\/cuartetoenlaweb.com.ar\\\/sitio\\\/\"},{\"@type\":\"ListItem\",\"position\":2,\"name\":\"El inc\u00f3modo momento que vivi\u00f3 Nicol\u00e1s Cabr\u00e9 en el reencuentro con su hija Rufina\"}]},{\"@type\":\"WebSite\",\"@id\":\"http:\\\/\\\/cuartetoenlaweb.com.ar\\\/sitio\\\/#website\",\"url\":\"http:\\\/\\\/cuartetoenlaweb.com.ar\\\/sitio\\\/\",\"name\":\"Cuarteto en la Web\",\"description\":\"\",\"publisher\":{\"@id\":\"http:\\\/\\\/cuartetoenlaweb.com.ar\\\/sitio\\\/#organization\"},\"potentialAction\":[{\"@type\":\"SearchAction\",\"target\":{\"@type\":\"EntryPoint\",\"urlTemplate\":\"http:\\\/\\\/cuartetoenlaweb.com.ar\\\/sitio\\\/?s={search_term_string}\"},\"query-input\":{\"@type\":\"PropertyValueSpecification\",\"valueRequired\":true,\"valueName\":\"search_term_string\"}}],\"inLanguage\":\"es\"},{\"@type\":\"Organization\",\"@id\":\"http:\\\/\\\/cuartetoenlaweb.com.ar\\\/sitio\\\/#organization\",\"name\":\"Cuarteto en la Web\",\"url\":\"http:\\\/\\\/cuartetoenlaweb.com.ar\\\/sitio\\\/\",\"logo\":{\"@type\":\"ImageObject\",\"inLanguage\":\"es\",\"@id\":\"http:\\\/\\\/cuartetoenlaweb.com.ar\\\/sitio\\\/#\\\/schema\\\/logo\\\/image\\\/\",\"url\":\"http:\\\/\\\/cuartetoenlaweb.com.ar\\\/sitio\\\/wp-content\\\/uploads\\\/2025\\\/07\\\/cropped-cropped-logitoweb21.png\",\"contentUrl\":\"http:\\\/\\\/cuartetoenlaweb.com.ar\\\/sitio\\\/wp-content\\\/uploads\\\/2025\\\/07\\\/cropped-cropped-logitoweb21.png\",\"width\":199,\"height\":199,\"caption\":\"Cuarteto en la Web\"},\"image\":{\"@id\":\"http:\\\/\\\/cuartetoenlaweb.com.ar\\\/sitio\\\/#\\\/schema\\\/logo\\\/image\\\/\"}}]}<\/script>\n<!-- \/ Yoast SEO plugin. -->","yoast_head_json":{"title":"El inc\u00f3modo momento que vivi\u00f3 Nicol\u00e1s Cabr\u00e9 en el reencuentro con su hija Rufina - Cuarteto en la Web","robots":{"index":"index","follow":"follow","max-snippet":"max-snippet:-1","max-image-preview":"max-image-preview:large","max-video-preview":"max-video-preview:-1"},"canonical":"http:\/\/cuartetoenlaweb.com.ar\/sitio\/el-incomodo-momento-que-vivio-nicolas-cabre-en-el-reencuentro-con-su-hija-rufina\/","og_locale":"es_ES","og_type":"article","og_title":"El inc\u00f3modo momento que vivi\u00f3 Nicol\u00e1s Cabr\u00e9 en el reencuentro con su hija Rufina - Cuarteto en la Web","og_description":"El esperado reencuentro de Nicol\u00e1s Cabr\u00e9 con su hija Rufina,","og_url":"http:\/\/cuartetoenlaweb.com.ar\/sitio\/el-incomodo-momento-que-vivio-nicolas-cabre-en-el-reencuentro-con-su-hija-rufina\/","og_site_name":"Cuarteto en la Web","article_published_time":"2025-12-29T04:49:06+00:00","og_image":[{"width":359,"height":226,"url":"http:\/\/cuartetoenlaweb.com.ar\/sitio\/wp-content\/uploads\/2025\/12\/\u00a1Exclusivo-El-dramatico-momento-que-protagonizo-Christian-Petersen-a-los-gritos-22Yo-nunca.22-359x226-7.jpg","type":"image\/jpeg"}],"twitter_card":"summary_large_image","twitter_misc":{"Tiempo de lectura":"3 minutos"},"schema":{"@context":"https:\/\/schema.org","@graph":[{"@type":"Article","@id":"http:\/\/cuartetoenlaweb.com.ar\/sitio\/el-incomodo-momento-que-vivio-nicolas-cabre-en-el-reencuentro-con-su-hija-rufina\/#article","isPartOf":{"@id":"http:\/\/cuartetoenlaweb.com.ar\/sitio\/el-incomodo-momento-que-vivio-nicolas-cabre-en-el-reencuentro-con-su-hija-rufina\/"},"author":{"name":"","@id":""},"headline":"El inc\u00f3modo momento que vivi\u00f3 Nicol\u00e1s Cabr\u00e9 en el reencuentro con su hija Rufina","datePublished":"2025-12-29T04:49:06+00:00","mainEntityOfPage":{"@id":"http:\/\/cuartetoenlaweb.com.ar\/sitio\/el-incomodo-momento-que-vivio-nicolas-cabre-en-el-reencuentro-con-su-hija-rufina\/"},"wordCount":635,"publisher":{"@id":"http:\/\/cuartetoenlaweb.com.ar\/sitio\/#organization"},"image":{"@id":"http:\/\/cuartetoenlaweb.com.ar\/sitio\/el-incomodo-momento-que-vivio-nicolas-cabre-en-el-reencuentro-con-su-hija-rufina\/#primaryimage"},"thumbnailUrl":"http:\/\/cuartetoenlaweb.com.ar\/sitio\/wp-content\/uploads\/2025\/12\/\u00a1Exclusivo-El-dramatico-momento-que-protagonizo-Christian-Petersen-a-los-gritos-22Yo-nunca.22-359x226-7.jpg","articleSection":["PAIS"],"inLanguage":"es"},{"@type":"WebPage","@id":"http:\/\/cuartetoenlaweb.com.ar\/sitio\/el-incomodo-momento-que-vivio-nicolas-cabre-en-el-reencuentro-con-su-hija-rufina\/","url":"http:\/\/cuartetoenlaweb.com.ar\/sitio\/el-incomodo-momento-que-vivio-nicolas-cabre-en-el-reencuentro-con-su-hija-rufina\/","name":"El inc\u00f3modo momento que vivi\u00f3 Nicol\u00e1s Cabr\u00e9 en el reencuentro con su hija Rufina - Cuarteto en la Web","isPartOf":{"@id":"http:\/\/cuartetoenlaweb.com.ar\/sitio\/#website"},"primaryImageOfPage":{"@id":"http:\/\/cuartetoenlaweb.com.ar\/sitio\/el-incomodo-momento-que-vivio-nicolas-cabre-en-el-reencuentro-con-su-hija-rufina\/#primaryimage"},"image":{"@id":"http:\/\/cuartetoenlaweb.com.ar\/sitio\/el-incomodo-momento-que-vivio-nicolas-cabre-en-el-reencuentro-con-su-hija-rufina\/#primaryimage"},"thumbnailUrl":"http:\/\/cuartetoenlaweb.com.ar\/sitio\/wp-content\/uploads\/2025\/12\/\u00a1Exclusivo-El-dramatico-momento-que-protagonizo-Christian-Petersen-a-los-gritos-22Yo-nunca.22-359x226-7.jpg","datePublished":"2025-12-29T04:49:06+00:00","breadcrumb":{"@id":"http:\/\/cuartetoenlaweb.com.ar\/sitio\/el-incomodo-momento-que-vivio-nicolas-cabre-en-el-reencuentro-con-su-hija-rufina\/#breadcrumb"},"inLanguage":"es","potentialAction":[{"@type":"ReadAction","target":["http:\/\/cuartetoenlaweb.com.ar\/sitio\/el-incomodo-momento-que-vivio-nicolas-cabre-en-el-reencuentro-con-su-hija-rufina\/"]}]},{"@type":"ImageObject","inLanguage":"es","@id":"http:\/\/cuartetoenlaweb.com.ar\/sitio\/el-incomodo-momento-que-vivio-nicolas-cabre-en-el-reencuentro-con-su-hija-rufina\/#primaryimage","url":"http:\/\/cuartetoenlaweb.com.ar\/sitio\/wp-content\/uploads\/2025\/12\/\u00a1Exclusivo-El-dramatico-momento-que-protagonizo-Christian-Petersen-a-los-gritos-22Yo-nunca.22-359x226-7.jpg","contentUrl":"http:\/\/cuartetoenlaweb.com.ar\/sitio\/wp-content\/uploads\/2025\/12\/\u00a1Exclusivo-El-dramatico-momento-que-protagonizo-Christian-Petersen-a-los-gritos-22Yo-nunca.22-359x226-7.jpg","width":359,"height":226},{"@type":"BreadcrumbList","@id":"http:\/\/cuartetoenlaweb.com.ar\/sitio\/el-incomodo-momento-que-vivio-nicolas-cabre-en-el-reencuentro-con-su-hija-rufina\/#breadcrumb","itemListElement":[{"@type":"ListItem","position":1,"name":"Portada","item":"http:\/\/cuartetoenlaweb.com.ar\/sitio\/"},{"@type":"ListItem","position":2,"name":"El inc\u00f3modo momento que vivi\u00f3 Nicol\u00e1s Cabr\u00e9 en el reencuentro con su hija Rufina"}]},{"@type":"WebSite","@id":"http:\/\/cuartetoenlaweb.com.ar\/sitio\/#website","url":"http:\/\/cuartetoenlaweb.com.ar\/sitio\/","name":"Cuarteto en la Web","description":"","publisher":{"@id":"http:\/\/cuartetoenlaweb.com.ar\/sitio\/#organization"},"potentialAction":[{"@type":"SearchAction","target":{"@type":"EntryPoint","urlTemplate":"http:\/\/cuartetoenlaweb.com.ar\/sitio\/?s={search_term_string}"},"query-input":{"@type":"PropertyValueSpecification","valueRequired":true,"valueName":"search_term_string"}}],"inLanguage":"es"},{"@type":"Organization","@id":"http:\/\/cuartetoenlaweb.com.ar\/sitio\/#organization","name":"Cuarteto en la Web","url":"http:\/\/cuartetoenlaweb.com.ar\/sitio\/","logo":{"@type":"ImageObject","inLanguage":"es","@id":"http:\/\/cuartetoenlaweb.com.ar\/sitio\/#\/schema\/logo\/image\/","url":"http:\/\/cuartetoenlaweb.com.ar\/sitio\/wp-content\/uploads\/2025\/07\/cropped-cropped-logitoweb21.png","contentUrl":"http:\/\/cuartetoenlaweb.com.ar\/sitio\/wp-content\/uploads\/2025\/07\/cropped-cropped-logitoweb21.png","width":199,"height":199,"caption":"Cuarteto en la Web"},"image":{"@id":"http:\/\/cuartetoenlaweb.com.ar\/sitio\/#\/schema\/logo\/image\/"}}]}},"_links":{"self":[{"href":"http:\/\/cuartetoenlaweb.com.ar\/sitio\/wp-json\/wp\/v2\/posts\/9707","targetHints":{"allow":["GET"]}}],"collection":[{"href":"http:\/\/cuartetoenlaweb.com.ar\/sitio\/wp-json\/wp\/v2\/posts"}],"about":[{"href":"http:\/\/cuartetoenlaweb.com.ar\/sitio\/wp-json\/wp\/v2\/types\/post"}],"replies":[{"embeddable":true,"href":"http:\/\/cuartetoenlaweb.com.ar\/sitio\/wp-json\/wp\/v2\/comments?post=9707"}],"version-history":[{"count":0,"href":"http:\/\/cuartetoenlaweb.com.ar\/sitio\/wp-json\/wp\/v2\/posts\/9707\/revisions"}],"wp:featuredmedia":[{"embeddable":true,"href":"http:\/\/cuartetoenlaweb.com.ar\/sitio\/wp-json\/wp\/v2\/media\/9708"}],"wp:attachment":[{"href":"http:\/\/cuartetoenlaweb.com.ar\/sitio\/wp-json\/wp\/v2\/media?parent=9707"}],"wp:term":[{"taxonomy":"category","embeddable":true,"href":"http:\/\/cuartetoenlaweb.com.ar\/sitio\/wp-json\/wp\/v2\/categories?post=9707"},{"taxonomy":"post_tag","embeddable":true,"href":"http:\/\/cuartetoenlaweb.com.ar\/sitio\/wp-json\/wp\/v2\/tags?post=9707"}],"curies":[{"name":"wp","href":"https:\/\/api.w.org\/{rel}","templated":true}]}}