
{"id":9705,"date":"2025-12-29T01:49:06","date_gmt":"2025-12-29T04:49:06","guid":{"rendered":"https:\/\/cuartetoenlaweb.com.ar\/sitio\/preocupacion-por-la-grave-enfermedad-de-un-integrante-de-midachi-fue-un-pequeno-infierno\/"},"modified":"2025-12-29T01:49:06","modified_gmt":"2025-12-29T04:49:06","slug":"preocupacion-por-la-grave-enfermedad-de-un-integrante-de-midachi-fue-un-pequeno-infierno","status":"publish","type":"post","link":"http:\/\/cuartetoenlaweb.com.ar\/sitio\/preocupacion-por-la-grave-enfermedad-de-un-integrante-de-midachi-fue-un-pequeno-infierno\/","title":{"rendered":"Preocupaci\u00f3n por la grave enfermedad de un integrante de Midachi: \u201cFue un peque\u00f1o infierno\u201d"},"content":{"rendered":"<p>El humorista <strong><a href=\"https:\/\/www.paparazzi.com.ar\/?s=Chino+Volpato\">Chino Volpato<\/a><\/strong> sorprendi\u00f3 al p\u00fablico al revelar por primera vez que fue diagnosticado con c\u00e1ncer de pr\u00f3stata, una enfermedad que atraves\u00f3 lejos de los medios y que marc\u00f3 un antes y un despu\u00e9s tanto en su vida personal como familiar. <\/p>\n<p>La confesi\u00f3n se dio en el programa <em>La Divina Noche de Dante<\/em>, donde <a href=\"https:\/\/www.paparazzi.com.ar\/teve\/chino-volpato-se-distancio-de-los-dichos-de-su-companero-dady-brieva-molesta-que-siga-desgastando-su-credito-con-el-publico\/\">el integrante de Midachi habl\u00f3 sin filtros<\/a> sobre el duro proceso que vivi\u00f3 y el impacto emocional que le gener\u00f3 escuchar una palabra que, seg\u00fan \u00e9l mismo defini\u00f3, <em>\u201cte cambia la cabeza para siempre\u201d.<\/em><\/p>\n<p><em>\u201cTuve una peque\u00f1a dificultad, c\u00e1ncer, y la verdad que la pas\u00e9 mal\u201d,<\/em> expres\u00f3 Volpato, generando un clima de profundo respeto en el estudio. El actor explic\u00f3 que, m\u00e1s all\u00e1 de los tratamientos y las complicaciones f\u00edsicas, <a href=\"https:\/\/www.paparazzi.com.ar\/teve\/el-chino-volpato-reconocio-su-gran-debilidad-es-una-sensacion-unica-y-diferente\/\">lo m\u00e1s dif\u00edcil fue asumir el diagn\u00f3stico<\/a> y enfrentar el miedo que aparece cuando la enfermedad deja de ser algo ajeno y pasa a tocarte de cerca.<\/p>\n<div class=\"mt-box \">\n<h4 class=\"mt-heading\">Mir\u00e1 Tambi\u00e9n<\/h4>\n<p><a href=\"https:\/\/www.paparazzi.com.ar\/teve\/exclusivo-el-dramatico-momento-que-protagonizo-christian-petersen-a-los-gritos-yo-nunca\/\"><\/p>\n<div class=\"mt-content\">\n<div class=\"mt-image-container\"><img decoding=\"async\" src=\"https:\/\/www.paparazzi.com.ar\/wp-content\/uploads\/2025\/12\/\u00a1Exclusivo-El-dramatico-momento-que-protagonizo-Christian-Petersen-a-los-gritos-22Yo-nunca.22-359x226.jpg\" alt=\"\u00a1Exclusivo! El dram\u00e1tico momento que protagoniz\u00f3 Christian Petersen a los gritos: &quot;Yo nunca...&quot;\" class=\"mt-image\" loading=\"lazy\" \/><\/div>\n<h5 class=\"mt-title\">\u00a1Exclusivo! El dram\u00e1tico momento que protagoniz\u00f3 Christian Petersen a los gritos: \u00abYo nunca&#8230;\u00bb<\/h5>\n<\/div>\n<p><\/a><\/div>\n<p><em>\u201cLa palabra c\u00e1ncer es m\u00e1s fuerte que el hecho en s\u00ed\u201d,<\/em> reconoci\u00f3, dejando en claro que el golpe emocional fue tan intenso como el f\u00edsico. Seg\u00fan cont\u00f3, el proceso no solo lo afect\u00f3 a \u00e9l, sino tambi\u00e9n a su entorno m\u00e1s cercano, especialmente a su familia, que atraves\u00f3 momentos de angustia e incertidumbre durante el tratamiento.<\/p>\n<p>En ese contexto, Volpato destac\u00f3 el acompa\u00f1amiento incondicional que recibi\u00f3 de Miguel del Sel, uno de sus compa\u00f1eros hist\u00f3ricos de Midachi, quien estuvo a su lado durante toda la temporada teatral que compartieron mientras \u00e9l atravesaba la enfermedad<em>. \u201cGracias a Miguel lo pude llevar adelante\u201d<\/em>, asegur\u00f3, visiblemente emocionado.<\/p>\n<div class=\"mt-box \">\n<h4 class=\"mt-heading\">Mir\u00e1 Tambi\u00e9n<\/h4>\n<p><a href=\"https:\/\/www.paparazzi.com.ar\/teve\/dady-brieva-conto-por-que-nunca-mas-trabajara-para-midachi\/\"><\/p>\n<div class=\"mt-content\">\n<div class=\"mt-image-container\"><img decoding=\"async\" src=\"https:\/\/www.paparazzi.com.ar\/wp-content\/uploads\/2021\/06\/Dady-apertura.jpg.webp\" alt=\"Dady Brieva cont\u00f3 por qu\u00e9 nunca m\u00e1s trabajar\u00e1 para Midachi\" class=\"mt-image\" loading=\"lazy\" \/><\/div>\n<h5 class=\"mt-title\">Dady Brieva cont\u00f3 por qu\u00e9 nunca m\u00e1s trabajar\u00e1 para Midachi<\/h5>\n<\/div>\n<p><\/a><\/div>\n<p>El humorista tambi\u00e9n reflexion\u00f3 sobre c\u00f3mo este tipo de diagn\u00f3sticos generan una reacci\u00f3n en cadena: llamados, consejos, advertencias y opiniones que muchas veces aumentan la carga emocional del paciente. <em>\u201cHay gente que te tranquiliza y otra que te dice que te prepares para lo peor. Todo eso te atraviesa\u201d<\/em>, explic\u00f3.<\/p>\n<p>A pesar de la dureza del camino, Volpato llev\u00f3 tranquilidad al contar que hoy su estado de salud es favorable. <em>\u201cEstoy bien, estoy estabilizado\u201d<\/em>, afirm\u00f3, aunque no dud\u00f3 en definir todo el proceso como <em>\u201cun peque\u00f1o infierno\u201d.<\/em> Su testimonio abri\u00f3 una reflexi\u00f3n profunda sobre la importancia de la detecci\u00f3n temprana y el acompa\u00f1amiento emocional frente a una enfermedad que, incluso cuando se supera, deja huellas.<\/p>\n<div class=\"mt-box \">\n<h4 class=\"mt-heading\">Mir\u00e1 Tambi\u00e9n<\/h4>\n<p><a href=\"https:\/\/www.paparazzi.com.ar\/teve\/el-chino-volpato-reconocio-su-gran-debilidad-es-una-sensacion-unica-y-diferente\/\"><\/p>\n<div class=\"mt-content\">\n<div class=\"mt-image-container\"><img decoding=\"async\" src=\"https:\/\/www.paparazzi.com.ar\/wp-content\/uploads\/2019\/07\/47204-ni-Captura-de-pantalla-2018-02-16-a-las-15.43.58.png-359x226.webp\" alt=\"El Chino Volpato reconoci\u00f3 su gran debilidad: &quot;Es una sensaci\u00f3n \u00fanica y diferente&quot;\" class=\"mt-image\" loading=\"lazy\" \/><\/div>\n<h5 class=\"mt-title\">El Chino Volpato reconoci\u00f3 su gran debilidad: \u00abEs una sensaci\u00f3n \u00fanica y diferente\u00bb<\/h5>\n<\/div>\n<p><\/a><\/div>\n<div class=\"mt-box \">\n<h4 class=\"mt-heading\">Mir\u00e1 Tambi\u00e9n<\/h4>\n<p><a href=\"https:\/\/www.paparazzi.com.ar\/teve\/chino-volpato-se-distancio-de-los-dichos-de-su-companero-dady-brieva-molesta-que-siga-desgastando-su-credito-con-el-publico\/\"><\/p>\n<div class=\"mt-content\">\n<div class=\"mt-image-container\"><img decoding=\"async\" src=\"https:\/\/www.paparazzi.com.ar\/wp-content\/uploads\/2020\/06\/chino-volpato-dady-brieva.jpg.webp\" alt=\"Chino Volpato se distanci\u00f3 de los dichos de su compa\u00f1ero Dady Brieva: &quot;Molesta que siga desgastando su cr\u00e9dito con el p\u00fablico&quot;\" class=\"mt-image\" loading=\"lazy\" \/><\/div>\n<h5 class=\"mt-title\">Chino Volpato se distanci\u00f3 de los dichos de su compa\u00f1ero Dady Brieva: \u00abMolesta que siga desgastando su cr\u00e9dito con el p\u00fablico\u00bb<\/h5>\n<\/div>\n<p><\/a><\/div>\n<p>The post <a href=\"https:\/\/www.paparazzi.com.ar\/teve\/preocupacion-por-la-grave-enfermedad-de-un-integrante-de-midachi-fue-un-pequeno-infierno\/\">Preocupaci\u00f3n por la grave enfermedad de un integrante de Midachi: \u201cFue un peque\u00f1o infierno\u201d<\/a> appeared first on <a href=\"https:\/\/www.paparazzi.com.ar\">Revista Paparazzi<\/a>.<\/p>\n","protected":false},"excerpt":{"rendered":"<p>El humorista Chino Volpato sorprendi\u00f3 al p\u00fablico al revelar por<\/p>\n","protected":false},"author":0,"featured_media":9706,"comment_status":"","ping_status":"","sticky":false,"template":"","format":"standard","meta":{"footnotes":""},"categories":[65],"tags":[],"class_list":["post-9705","post","type-post","status-publish","format-standard","has-post-thumbnail","hentry","category-pais"],"yoast_head":"<!-- This site is optimized with the Yoast SEO plugin v27.5 - https:\/\/yoast.com\/product\/yoast-seo-wordpress\/ -->\n<title>Preocupaci\u00f3n por la grave enfermedad de un integrante de Midachi: \u201cFue un peque\u00f1o infierno\u201d - Cuarteto en la Web<\/title>\n<meta name=\"robots\" content=\"index, follow, max-snippet:-1, max-image-preview:large, max-video-preview:-1\" \/>\n<link rel=\"canonical\" href=\"http:\/\/cuartetoenlaweb.com.ar\/sitio\/preocupacion-por-la-grave-enfermedad-de-un-integrante-de-midachi-fue-un-pequeno-infierno\/\" \/>\n<meta property=\"og:locale\" content=\"es_ES\" \/>\n<meta property=\"og:type\" content=\"article\" \/>\n<meta property=\"og:title\" content=\"Preocupaci\u00f3n por la grave enfermedad de un integrante de Midachi: \u201cFue un peque\u00f1o infierno\u201d - Cuarteto en la Web\" \/>\n<meta property=\"og:description\" content=\"El humorista Chino Volpato sorprendi\u00f3 al p\u00fablico al revelar por\" \/>\n<meta property=\"og:url\" content=\"http:\/\/cuartetoenlaweb.com.ar\/sitio\/preocupacion-por-la-grave-enfermedad-de-un-integrante-de-midachi-fue-un-pequeno-infierno\/\" \/>\n<meta property=\"og:site_name\" content=\"Cuarteto en la Web\" \/>\n<meta property=\"article:published_time\" content=\"2025-12-29T04:49:06+00:00\" \/>\n<meta property=\"og:image\" content=\"http:\/\/cuartetoenlaweb.com.ar\/sitio\/wp-content\/uploads\/2025\/12\/\u00a1Exclusivo-El-dramatico-momento-que-protagonizo-Christian-Petersen-a-los-gritos-22Yo-nunca.22-359x226-6.jpg\" \/>\n\t<meta property=\"og:image:width\" content=\"359\" \/>\n\t<meta property=\"og:image:height\" content=\"226\" \/>\n\t<meta property=\"og:image:type\" content=\"image\/jpeg\" \/>\n<meta name=\"twitter:card\" content=\"summary_large_image\" \/>\n<meta name=\"twitter:label1\" content=\"Tiempo de lectura\" \/>\n\t<meta name=\"twitter:data1\" content=\"2 minutos\" \/>\n<script type=\"application\/ld+json\" class=\"yoast-schema-graph\">{\"@context\":\"https:\\\/\\\/schema.org\",\"@graph\":[{\"@type\":\"Article\",\"@id\":\"http:\\\/\\\/cuartetoenlaweb.com.ar\\\/sitio\\\/preocupacion-por-la-grave-enfermedad-de-un-integrante-de-midachi-fue-un-pequeno-infierno\\\/#article\",\"isPartOf\":{\"@id\":\"http:\\\/\\\/cuartetoenlaweb.com.ar\\\/sitio\\\/preocupacion-por-la-grave-enfermedad-de-un-integrante-de-midachi-fue-un-pequeno-infierno\\\/\"},\"author\":{\"name\":\"\",\"@id\":\"\"},\"headline\":\"Preocupaci\u00f3n por la grave enfermedad de un integrante de Midachi: \u201cFue un peque\u00f1o infierno\u201d\",\"datePublished\":\"2025-12-29T04:49:06+00:00\",\"mainEntityOfPage\":{\"@id\":\"http:\\\/\\\/cuartetoenlaweb.com.ar\\\/sitio\\\/preocupacion-por-la-grave-enfermedad-de-un-integrante-de-midachi-fue-un-pequeno-infierno\\\/\"},\"wordCount\":515,\"publisher\":{\"@id\":\"http:\\\/\\\/cuartetoenlaweb.com.ar\\\/sitio\\\/#organization\"},\"image\":{\"@id\":\"http:\\\/\\\/cuartetoenlaweb.com.ar\\\/sitio\\\/preocupacion-por-la-grave-enfermedad-de-un-integrante-de-midachi-fue-un-pequeno-infierno\\\/#primaryimage\"},\"thumbnailUrl\":\"http:\\\/\\\/cuartetoenlaweb.com.ar\\\/sitio\\\/wp-content\\\/uploads\\\/2025\\\/12\\\/\u00a1Exclusivo-El-dramatico-momento-que-protagonizo-Christian-Petersen-a-los-gritos-22Yo-nunca.22-359x226-6.jpg\",\"articleSection\":[\"PAIS\"],\"inLanguage\":\"es\"},{\"@type\":\"WebPage\",\"@id\":\"http:\\\/\\\/cuartetoenlaweb.com.ar\\\/sitio\\\/preocupacion-por-la-grave-enfermedad-de-un-integrante-de-midachi-fue-un-pequeno-infierno\\\/\",\"url\":\"http:\\\/\\\/cuartetoenlaweb.com.ar\\\/sitio\\\/preocupacion-por-la-grave-enfermedad-de-un-integrante-de-midachi-fue-un-pequeno-infierno\\\/\",\"name\":\"Preocupaci\u00f3n por la grave enfermedad de un integrante de Midachi: \u201cFue un peque\u00f1o infierno\u201d - Cuarteto en la Web\",\"isPartOf\":{\"@id\":\"http:\\\/\\\/cuartetoenlaweb.com.ar\\\/sitio\\\/#website\"},\"primaryImageOfPage\":{\"@id\":\"http:\\\/\\\/cuartetoenlaweb.com.ar\\\/sitio\\\/preocupacion-por-la-grave-enfermedad-de-un-integrante-de-midachi-fue-un-pequeno-infierno\\\/#primaryimage\"},\"image\":{\"@id\":\"http:\\\/\\\/cuartetoenlaweb.com.ar\\\/sitio\\\/preocupacion-por-la-grave-enfermedad-de-un-integrante-de-midachi-fue-un-pequeno-infierno\\\/#primaryimage\"},\"thumbnailUrl\":\"http:\\\/\\\/cuartetoenlaweb.com.ar\\\/sitio\\\/wp-content\\\/uploads\\\/2025\\\/12\\\/\u00a1Exclusivo-El-dramatico-momento-que-protagonizo-Christian-Petersen-a-los-gritos-22Yo-nunca.22-359x226-6.jpg\",\"datePublished\":\"2025-12-29T04:49:06+00:00\",\"breadcrumb\":{\"@id\":\"http:\\\/\\\/cuartetoenlaweb.com.ar\\\/sitio\\\/preocupacion-por-la-grave-enfermedad-de-un-integrante-de-midachi-fue-un-pequeno-infierno\\\/#breadcrumb\"},\"inLanguage\":\"es\",\"potentialAction\":[{\"@type\":\"ReadAction\",\"target\":[\"http:\\\/\\\/cuartetoenlaweb.com.ar\\\/sitio\\\/preocupacion-por-la-grave-enfermedad-de-un-integrante-de-midachi-fue-un-pequeno-infierno\\\/\"]}]},{\"@type\":\"ImageObject\",\"inLanguage\":\"es\",\"@id\":\"http:\\\/\\\/cuartetoenlaweb.com.ar\\\/sitio\\\/preocupacion-por-la-grave-enfermedad-de-un-integrante-de-midachi-fue-un-pequeno-infierno\\\/#primaryimage\",\"url\":\"http:\\\/\\\/cuartetoenlaweb.com.ar\\\/sitio\\\/wp-content\\\/uploads\\\/2025\\\/12\\\/\u00a1Exclusivo-El-dramatico-momento-que-protagonizo-Christian-Petersen-a-los-gritos-22Yo-nunca.22-359x226-6.jpg\",\"contentUrl\":\"http:\\\/\\\/cuartetoenlaweb.com.ar\\\/sitio\\\/wp-content\\\/uploads\\\/2025\\\/12\\\/\u00a1Exclusivo-El-dramatico-momento-que-protagonizo-Christian-Petersen-a-los-gritos-22Yo-nunca.22-359x226-6.jpg\",\"width\":359,\"height\":226},{\"@type\":\"BreadcrumbList\",\"@id\":\"http:\\\/\\\/cuartetoenlaweb.com.ar\\\/sitio\\\/preocupacion-por-la-grave-enfermedad-de-un-integrante-de-midachi-fue-un-pequeno-infierno\\\/#breadcrumb\",\"itemListElement\":[{\"@type\":\"ListItem\",\"position\":1,\"name\":\"Portada\",\"item\":\"http:\\\/\\\/cuartetoenlaweb.com.ar\\\/sitio\\\/\"},{\"@type\":\"ListItem\",\"position\":2,\"name\":\"Preocupaci\u00f3n por la grave enfermedad de un integrante de Midachi: \u201cFue un peque\u00f1o infierno\u201d\"}]},{\"@type\":\"WebSite\",\"@id\":\"http:\\\/\\\/cuartetoenlaweb.com.ar\\\/sitio\\\/#website\",\"url\":\"http:\\\/\\\/cuartetoenlaweb.com.ar\\\/sitio\\\/\",\"name\":\"Cuarteto en la Web\",\"description\":\"\",\"publisher\":{\"@id\":\"http:\\\/\\\/cuartetoenlaweb.com.ar\\\/sitio\\\/#organization\"},\"potentialAction\":[{\"@type\":\"SearchAction\",\"target\":{\"@type\":\"EntryPoint\",\"urlTemplate\":\"http:\\\/\\\/cuartetoenlaweb.com.ar\\\/sitio\\\/?s={search_term_string}\"},\"query-input\":{\"@type\":\"PropertyValueSpecification\",\"valueRequired\":true,\"valueName\":\"search_term_string\"}}],\"inLanguage\":\"es\"},{\"@type\":\"Organization\",\"@id\":\"http:\\\/\\\/cuartetoenlaweb.com.ar\\\/sitio\\\/#organization\",\"name\":\"Cuarteto en la Web\",\"url\":\"http:\\\/\\\/cuartetoenlaweb.com.ar\\\/sitio\\\/\",\"logo\":{\"@type\":\"ImageObject\",\"inLanguage\":\"es\",\"@id\":\"http:\\\/\\\/cuartetoenlaweb.com.ar\\\/sitio\\\/#\\\/schema\\\/logo\\\/image\\\/\",\"url\":\"http:\\\/\\\/cuartetoenlaweb.com.ar\\\/sitio\\\/wp-content\\\/uploads\\\/2025\\\/07\\\/cropped-cropped-logitoweb21.png\",\"contentUrl\":\"http:\\\/\\\/cuartetoenlaweb.com.ar\\\/sitio\\\/wp-content\\\/uploads\\\/2025\\\/07\\\/cropped-cropped-logitoweb21.png\",\"width\":199,\"height\":199,\"caption\":\"Cuarteto en la Web\"},\"image\":{\"@id\":\"http:\\\/\\\/cuartetoenlaweb.com.ar\\\/sitio\\\/#\\\/schema\\\/logo\\\/image\\\/\"}}]}<\/script>\n<!-- \/ Yoast SEO plugin. -->","yoast_head_json":{"title":"Preocupaci\u00f3n por la grave enfermedad de un integrante de Midachi: \u201cFue un peque\u00f1o infierno\u201d - Cuarteto en la Web","robots":{"index":"index","follow":"follow","max-snippet":"max-snippet:-1","max-image-preview":"max-image-preview:large","max-video-preview":"max-video-preview:-1"},"canonical":"http:\/\/cuartetoenlaweb.com.ar\/sitio\/preocupacion-por-la-grave-enfermedad-de-un-integrante-de-midachi-fue-un-pequeno-infierno\/","og_locale":"es_ES","og_type":"article","og_title":"Preocupaci\u00f3n por la grave enfermedad de un integrante de Midachi: \u201cFue un peque\u00f1o infierno\u201d - Cuarteto en la Web","og_description":"El humorista Chino Volpato sorprendi\u00f3 al p\u00fablico al revelar por","og_url":"http:\/\/cuartetoenlaweb.com.ar\/sitio\/preocupacion-por-la-grave-enfermedad-de-un-integrante-de-midachi-fue-un-pequeno-infierno\/","og_site_name":"Cuarteto en la Web","article_published_time":"2025-12-29T04:49:06+00:00","og_image":[{"width":359,"height":226,"url":"http:\/\/cuartetoenlaweb.com.ar\/sitio\/wp-content\/uploads\/2025\/12\/\u00a1Exclusivo-El-dramatico-momento-que-protagonizo-Christian-Petersen-a-los-gritos-22Yo-nunca.22-359x226-6.jpg","type":"image\/jpeg"}],"twitter_card":"summary_large_image","twitter_misc":{"Tiempo de lectura":"2 minutos"},"schema":{"@context":"https:\/\/schema.org","@graph":[{"@type":"Article","@id":"http:\/\/cuartetoenlaweb.com.ar\/sitio\/preocupacion-por-la-grave-enfermedad-de-un-integrante-de-midachi-fue-un-pequeno-infierno\/#article","isPartOf":{"@id":"http:\/\/cuartetoenlaweb.com.ar\/sitio\/preocupacion-por-la-grave-enfermedad-de-un-integrante-de-midachi-fue-un-pequeno-infierno\/"},"author":{"name":"","@id":""},"headline":"Preocupaci\u00f3n por la grave enfermedad de un integrante de Midachi: \u201cFue un peque\u00f1o infierno\u201d","datePublished":"2025-12-29T04:49:06+00:00","mainEntityOfPage":{"@id":"http:\/\/cuartetoenlaweb.com.ar\/sitio\/preocupacion-por-la-grave-enfermedad-de-un-integrante-de-midachi-fue-un-pequeno-infierno\/"},"wordCount":515,"publisher":{"@id":"http:\/\/cuartetoenlaweb.com.ar\/sitio\/#organization"},"image":{"@id":"http:\/\/cuartetoenlaweb.com.ar\/sitio\/preocupacion-por-la-grave-enfermedad-de-un-integrante-de-midachi-fue-un-pequeno-infierno\/#primaryimage"},"thumbnailUrl":"http:\/\/cuartetoenlaweb.com.ar\/sitio\/wp-content\/uploads\/2025\/12\/\u00a1Exclusivo-El-dramatico-momento-que-protagonizo-Christian-Petersen-a-los-gritos-22Yo-nunca.22-359x226-6.jpg","articleSection":["PAIS"],"inLanguage":"es"},{"@type":"WebPage","@id":"http:\/\/cuartetoenlaweb.com.ar\/sitio\/preocupacion-por-la-grave-enfermedad-de-un-integrante-de-midachi-fue-un-pequeno-infierno\/","url":"http:\/\/cuartetoenlaweb.com.ar\/sitio\/preocupacion-por-la-grave-enfermedad-de-un-integrante-de-midachi-fue-un-pequeno-infierno\/","name":"Preocupaci\u00f3n por la grave enfermedad de un integrante de Midachi: \u201cFue un peque\u00f1o infierno\u201d - Cuarteto en la Web","isPartOf":{"@id":"http:\/\/cuartetoenlaweb.com.ar\/sitio\/#website"},"primaryImageOfPage":{"@id":"http:\/\/cuartetoenlaweb.com.ar\/sitio\/preocupacion-por-la-grave-enfermedad-de-un-integrante-de-midachi-fue-un-pequeno-infierno\/#primaryimage"},"image":{"@id":"http:\/\/cuartetoenlaweb.com.ar\/sitio\/preocupacion-por-la-grave-enfermedad-de-un-integrante-de-midachi-fue-un-pequeno-infierno\/#primaryimage"},"thumbnailUrl":"http:\/\/cuartetoenlaweb.com.ar\/sitio\/wp-content\/uploads\/2025\/12\/\u00a1Exclusivo-El-dramatico-momento-que-protagonizo-Christian-Petersen-a-los-gritos-22Yo-nunca.22-359x226-6.jpg","datePublished":"2025-12-29T04:49:06+00:00","breadcrumb":{"@id":"http:\/\/cuartetoenlaweb.com.ar\/sitio\/preocupacion-por-la-grave-enfermedad-de-un-integrante-de-midachi-fue-un-pequeno-infierno\/#breadcrumb"},"inLanguage":"es","potentialAction":[{"@type":"ReadAction","target":["http:\/\/cuartetoenlaweb.com.ar\/sitio\/preocupacion-por-la-grave-enfermedad-de-un-integrante-de-midachi-fue-un-pequeno-infierno\/"]}]},{"@type":"ImageObject","inLanguage":"es","@id":"http:\/\/cuartetoenlaweb.com.ar\/sitio\/preocupacion-por-la-grave-enfermedad-de-un-integrante-de-midachi-fue-un-pequeno-infierno\/#primaryimage","url":"http:\/\/cuartetoenlaweb.com.ar\/sitio\/wp-content\/uploads\/2025\/12\/\u00a1Exclusivo-El-dramatico-momento-que-protagonizo-Christian-Petersen-a-los-gritos-22Yo-nunca.22-359x226-6.jpg","contentUrl":"http:\/\/cuartetoenlaweb.com.ar\/sitio\/wp-content\/uploads\/2025\/12\/\u00a1Exclusivo-El-dramatico-momento-que-protagonizo-Christian-Petersen-a-los-gritos-22Yo-nunca.22-359x226-6.jpg","width":359,"height":226},{"@type":"BreadcrumbList","@id":"http:\/\/cuartetoenlaweb.com.ar\/sitio\/preocupacion-por-la-grave-enfermedad-de-un-integrante-de-midachi-fue-un-pequeno-infierno\/#breadcrumb","itemListElement":[{"@type":"ListItem","position":1,"name":"Portada","item":"http:\/\/cuartetoenlaweb.com.ar\/sitio\/"},{"@type":"ListItem","position":2,"name":"Preocupaci\u00f3n por la grave enfermedad de un integrante de Midachi: \u201cFue un peque\u00f1o infierno\u201d"}]},{"@type":"WebSite","@id":"http:\/\/cuartetoenlaweb.com.ar\/sitio\/#website","url":"http:\/\/cuartetoenlaweb.com.ar\/sitio\/","name":"Cuarteto en la Web","description":"","publisher":{"@id":"http:\/\/cuartetoenlaweb.com.ar\/sitio\/#organization"},"potentialAction":[{"@type":"SearchAction","target":{"@type":"EntryPoint","urlTemplate":"http:\/\/cuartetoenlaweb.com.ar\/sitio\/?s={search_term_string}"},"query-input":{"@type":"PropertyValueSpecification","valueRequired":true,"valueName":"search_term_string"}}],"inLanguage":"es"},{"@type":"Organization","@id":"http:\/\/cuartetoenlaweb.com.ar\/sitio\/#organization","name":"Cuarteto en la Web","url":"http:\/\/cuartetoenlaweb.com.ar\/sitio\/","logo":{"@type":"ImageObject","inLanguage":"es","@id":"http:\/\/cuartetoenlaweb.com.ar\/sitio\/#\/schema\/logo\/image\/","url":"http:\/\/cuartetoenlaweb.com.ar\/sitio\/wp-content\/uploads\/2025\/07\/cropped-cropped-logitoweb21.png","contentUrl":"http:\/\/cuartetoenlaweb.com.ar\/sitio\/wp-content\/uploads\/2025\/07\/cropped-cropped-logitoweb21.png","width":199,"height":199,"caption":"Cuarteto en la Web"},"image":{"@id":"http:\/\/cuartetoenlaweb.com.ar\/sitio\/#\/schema\/logo\/image\/"}}]}},"_links":{"self":[{"href":"http:\/\/cuartetoenlaweb.com.ar\/sitio\/wp-json\/wp\/v2\/posts\/9705","targetHints":{"allow":["GET"]}}],"collection":[{"href":"http:\/\/cuartetoenlaweb.com.ar\/sitio\/wp-json\/wp\/v2\/posts"}],"about":[{"href":"http:\/\/cuartetoenlaweb.com.ar\/sitio\/wp-json\/wp\/v2\/types\/post"}],"replies":[{"embeddable":true,"href":"http:\/\/cuartetoenlaweb.com.ar\/sitio\/wp-json\/wp\/v2\/comments?post=9705"}],"version-history":[{"count":0,"href":"http:\/\/cuartetoenlaweb.com.ar\/sitio\/wp-json\/wp\/v2\/posts\/9705\/revisions"}],"wp:featuredmedia":[{"embeddable":true,"href":"http:\/\/cuartetoenlaweb.com.ar\/sitio\/wp-json\/wp\/v2\/media\/9706"}],"wp:attachment":[{"href":"http:\/\/cuartetoenlaweb.com.ar\/sitio\/wp-json\/wp\/v2\/media?parent=9705"}],"wp:term":[{"taxonomy":"category","embeddable":true,"href":"http:\/\/cuartetoenlaweb.com.ar\/sitio\/wp-json\/wp\/v2\/categories?post=9705"},{"taxonomy":"post_tag","embeddable":true,"href":"http:\/\/cuartetoenlaweb.com.ar\/sitio\/wp-json\/wp\/v2\/tags?post=9705"}],"curies":[{"name":"wp","href":"https:\/\/api.w.org\/{rel}","templated":true}]}}