
{"id":9703,"date":"2025-12-29T01:49:05","date_gmt":"2025-12-29T04:49:05","guid":{"rendered":"https:\/\/cuartetoenlaweb.com.ar\/sitio\/el-inesperado-pasado-de-momi-giardina-que-salio-a-la-luz-en-masterchef-durante-seis-anos-fui\/"},"modified":"2025-12-29T01:49:05","modified_gmt":"2025-12-29T04:49:05","slug":"el-inesperado-pasado-de-momi-giardina-que-salio-a-la-luz-en-masterchef-durante-seis-anos-fui","status":"publish","type":"post","link":"http:\/\/cuartetoenlaweb.com.ar\/sitio\/el-inesperado-pasado-de-momi-giardina-que-salio-a-la-luz-en-masterchef-durante-seis-anos-fui\/","title":{"rendered":"El inesperado pasado de Momi Giardina que sali\u00f3 a la luz en MasterChef: \u201cDurante seis a\u00f1os fui&#8230;\u201d"},"content":{"rendered":"<p><strong><a href=\"https:\/\/www.paparazzi.com.ar\/?s=MasterChef+Celebrity\">MasterChef Celebrity<\/a><\/strong> volvi\u00f3 a subir la vara con un desaf\u00edo tan ex\u00f3tico como exigente. Esta vez, el reto estuvo inspirado en la cocina de Nepal, una propuesta poco frecuente en el certamen que puso a prueba a los famosos con sabores intensos, especias poco habituales y t\u00e9cnicas desconocidas. <\/p>\n<p>En ese contexto, no solo hubo tensi\u00f3n y nervios en las cocinas, sino tambi\u00e9n revelaciones inesperadas. Mientras los participantes intentaban conquistar al jurado para avanzar a la pr\u00f3xima etapa y evitar la temida gala de eliminaci\u00f3n, <strong><a href=\"https:\/\/www.paparazzi.com.ar\/?s=Momi+Giardina\">Momi Giardina<\/a><\/strong> se convirti\u00f3 en una de las protagonistas de la noche por una confesi\u00f3n que llam\u00f3 la atenci\u00f3n de todos.<\/p>\n<p>Durante la competencia, y en medio del intercambio con el jurado y sus compa\u00f1eros, la actriz y humorista dej\u00f3 al descubierto una parte de su pasado que hasta ahora hab\u00eda pasado inadvertida: sus ra\u00edces scouts. Con naturalidad, Momi explic\u00f3 que fue scout durante seis a\u00f1os.<\/p>\n<div class=\"mt-box \">\n<h4 class=\"mt-heading\">Mir\u00e1 Tambi\u00e9n<\/h4>\n<p><a href=\"https:\/\/www.paparazzi.com.ar\/teve\/exclusivo-el-dramatico-momento-que-protagonizo-christian-petersen-a-los-gritos-yo-nunca\/\"><\/p>\n<div class=\"mt-content\">\n<div class=\"mt-image-container\"><img decoding=\"async\" src=\"https:\/\/www.paparazzi.com.ar\/wp-content\/uploads\/2025\/12\/\u00a1Exclusivo-El-dramatico-momento-que-protagonizo-Christian-Petersen-a-los-gritos-22Yo-nunca.22-359x226.jpg\" alt=\"\u00a1Exclusivo! El dram\u00e1tico momento que protagoniz\u00f3 Christian Petersen a los gritos: &quot;Yo nunca...&quot;\" class=\"mt-image\" loading=\"lazy\" \/><\/div>\n<h5 class=\"mt-title\">\u00a1Exclusivo! El dram\u00e1tico momento que protagoniz\u00f3 Christian Petersen a los gritos: \u00abYo nunca&#8230;\u00bb<\/h5>\n<\/div>\n<p><\/a><\/div>\n<p><em>\u201cSiempre lista\u201d,<\/em> repiti\u00f3 varias veces, incluso haciendo la cl\u00e1sica se\u00f1a con los dedos, mientras explicaba que ese lema no es solo una frase, sino una manera de vivir. <em>\u201cUn scout siempre est\u00e1 listo para ayudar a otro\u201d,<\/em> coment\u00f3, dejando en claro que esos c\u00f3digos siguen presentes en su vida cotidiana y tambi\u00e9n dentro de la competencia.<\/p>\n<p>La revelaci\u00f3n no pas\u00f3 desapercibida. <strong>Wanda Nara<\/strong>, atenta a cada detalle, se mostr\u00f3 sorprendida por la cantidad de <em>\u201cc\u00f3digos de campamento\u201d <\/em>que manejaba Momi y no dud\u00f3 en remarcarlo al aire. Lejos de esquivar el comentario, Giardina profundiz\u00f3 a\u00fan m\u00e1s: habl\u00f3 de su patrulla y del valor de proteger al m\u00e1s chico.<\/p>\n<div class=\"mt-box \">\n<h4 class=\"mt-heading\">Mir\u00e1 Tambi\u00e9n<\/h4>\n<p><a href=\"https:\/\/www.paparazzi.com.ar\/teve\/se-pudrio-en-masterchef-wanda-nara-ninguneo-a-moni-giardina-y-se-armo-un-escandalo\/\"><\/p>\n<div class=\"mt-content\">\n<div class=\"mt-image-container\"><img decoding=\"async\" src=\"https:\/\/www.paparazzi.com.ar\/wp-content\/uploads\/2025\/12\/Momi-Giardina-y-Wanda-Nara-359x226.jpg\" alt=\"Se pudri\u00f3 en MasterChef: Wanda Nara ningune\u00f3 a Momi Giardina y se arm\u00f3 un esc\u00e1ndalo\" class=\"mt-image\" loading=\"lazy\" \/><\/div>\n<h5 class=\"mt-title\">Se pudri\u00f3 en MasterChef: Wanda Nara ningune\u00f3 a Momi Giardina y se arm\u00f3 un esc\u00e1ndalo<\/h5>\n<\/div>\n<p><\/a><\/div>\n<p>Mientras el jurado evaluaba platos cargados de especias y sabores intensos, la participante dej\u00f3 en claro que, m\u00e1s all\u00e1 del resultado, hay aprendizajes que trascienden el reality. Y aunque el objetivo principal es avanzar en la competencia, su confesi\u00f3n sum\u00f3 un costado humano que no pas\u00f3 desapercibido para la audiencia.<\/p>\n<p>As\u00ed, en una noche marcada por la cocina de Nepal, Momi Giardina termin\u00f3 sorprendiendo no solo por lo que present\u00f3 en el plato, sino por el pasado que explic\u00f3 qui\u00e9n es hoy dentro de MasterChef: alguien que, fiel a su lema, siempre est\u00e1 lista.<\/p>\n<div class=\"mt-box \">\n<h4 class=\"mt-heading\">Mir\u00e1 Tambi\u00e9n<\/h4>\n<p><a href=\"https:\/\/www.paparazzi.com.ar\/teve\/wanda-nara-revelo-como-momi-giardina-traiciono-de-la-peor-manera-a-su-mejor-amigo-de-masterchef\/\"><\/p>\n<div class=\"mt-content\">\n<div class=\"mt-image-container\"><img decoding=\"async\" src=\"https:\/\/www.paparazzi.com.ar\/wp-content\/uploads\/2025\/11\/Momi-Giardina-359x226.jpg\" alt=\"Wanda Nara revel\u00f3 c\u00f3mo Momi Giardina traicion\u00f3 de la peor manera a su mejor amigo de MasterChef\" class=\"mt-image\" loading=\"lazy\" \/><\/div>\n<h5 class=\"mt-title\">Wanda Nara revel\u00f3 c\u00f3mo Momi Giardina traicion\u00f3 de la peor manera a su mejor amigo de MasterChef<\/h5>\n<\/div>\n<p><\/a><\/div>\n<div class=\"mt-box \">\n<h4 class=\"mt-heading\">Mir\u00e1 Tambi\u00e9n<\/h4>\n<p><a href=\"https:\/\/www.paparazzi.com.ar\/teve\/la-escandalosa-pelea-entre-momi-giardina-y-el-turco-husain-en-masterchef-que-termino-con-acusaciones-de-traicion\/\"><\/p>\n<div class=\"mt-content\">\n<div class=\"mt-image-container\"><img decoding=\"async\" src=\"https:\/\/www.paparazzi.com.ar\/wp-content\/uploads\/2025\/11\/turco-husain-momi-giardina-masterchef-359x226.png\" alt=\"La escandalosa pelea entre Momi Giardina y el Turco Husa\u00edn en MasterChef que termin\u00f3 con acusaciones de traici\u00f3n\" class=\"mt-image\" loading=\"lazy\" \/><\/div>\n<h5 class=\"mt-title\">La escandalosa pelea entre Momi Giardina y el Turco Husa\u00edn en MasterChef que termin\u00f3 con acusaciones de traici\u00f3n<\/h5>\n<\/div>\n<p><\/a><\/div>\n<p>The post <a href=\"https:\/\/www.paparazzi.com.ar\/teve\/el-inesperado-pasado-de-momi-giardina-que-salio-a-la-luz-en-masterchef-durante-seis-anos-fui\/\">El inesperado pasado de Momi Giardina que sali\u00f3 a la luz en MasterChef: \u201cDurante seis a\u00f1os fui&#8230;\u201d<\/a> appeared first on <a href=\"https:\/\/www.paparazzi.com.ar\">Revista Paparazzi<\/a>.<\/p>\n","protected":false},"excerpt":{"rendered":"<p>MasterChef Celebrity volvi\u00f3 a subir la vara con un desaf\u00edo<\/p>\n","protected":false},"author":0,"featured_media":9704,"comment_status":"","ping_status":"","sticky":false,"template":"","format":"standard","meta":{"footnotes":""},"categories":[65],"tags":[],"class_list":["post-9703","post","type-post","status-publish","format-standard","has-post-thumbnail","hentry","category-pais"],"yoast_head":"<!-- This site is optimized with the Yoast SEO plugin v27.5 - https:\/\/yoast.com\/product\/yoast-seo-wordpress\/ -->\n<title>El inesperado pasado de Momi Giardina que sali\u00f3 a la luz en MasterChef: \u201cDurante seis a\u00f1os fui...\u201d - Cuarteto en la Web<\/title>\n<meta name=\"robots\" content=\"index, follow, max-snippet:-1, max-image-preview:large, max-video-preview:-1\" \/>\n<link rel=\"canonical\" href=\"https:\/\/cuartetoenlaweb.com.ar\/sitio\/el-inesperado-pasado-de-momi-giardina-que-salio-a-la-luz-en-masterchef-durante-seis-anos-fui\/\" \/>\n<meta property=\"og:locale\" content=\"es_ES\" \/>\n<meta property=\"og:type\" content=\"article\" \/>\n<meta property=\"og:title\" content=\"El inesperado pasado de Momi Giardina que sali\u00f3 a la luz en MasterChef: \u201cDurante seis a\u00f1os fui...\u201d - Cuarteto en la Web\" \/>\n<meta property=\"og:description\" content=\"MasterChef Celebrity volvi\u00f3 a subir la vara con un desaf\u00edo\" \/>\n<meta property=\"og:url\" content=\"https:\/\/cuartetoenlaweb.com.ar\/sitio\/el-inesperado-pasado-de-momi-giardina-que-salio-a-la-luz-en-masterchef-durante-seis-anos-fui\/\" \/>\n<meta property=\"og:site_name\" content=\"Cuarteto en la Web\" \/>\n<meta property=\"article:published_time\" content=\"2025-12-29T04:49:05+00:00\" \/>\n<meta property=\"og:image\" content=\"https:\/\/cuartetoenlaweb.com.ar\/sitio\/wp-content\/uploads\/2025\/12\/\u00a1Exclusivo-El-dramatico-momento-que-protagonizo-Christian-Petersen-a-los-gritos-22Yo-nunca.22-359x226-5.jpg\" \/>\n\t<meta property=\"og:image:width\" content=\"359\" \/>\n\t<meta property=\"og:image:height\" content=\"226\" \/>\n\t<meta property=\"og:image:type\" content=\"image\/jpeg\" \/>\n<meta name=\"twitter:card\" content=\"summary_large_image\" \/>\n<meta name=\"twitter:label1\" content=\"Tiempo de lectura\" \/>\n\t<meta name=\"twitter:data1\" content=\"2 minutos\" \/>\n<script type=\"application\/ld+json\" class=\"yoast-schema-graph\">{\"@context\":\"https:\\\/\\\/schema.org\",\"@graph\":[{\"@type\":\"Article\",\"@id\":\"https:\\\/\\\/cuartetoenlaweb.com.ar\\\/sitio\\\/el-inesperado-pasado-de-momi-giardina-que-salio-a-la-luz-en-masterchef-durante-seis-anos-fui\\\/#article\",\"isPartOf\":{\"@id\":\"https:\\\/\\\/cuartetoenlaweb.com.ar\\\/sitio\\\/el-inesperado-pasado-de-momi-giardina-que-salio-a-la-luz-en-masterchef-durante-seis-anos-fui\\\/\"},\"author\":{\"name\":\"\",\"@id\":\"\"},\"headline\":\"El inesperado pasado de Momi Giardina que sali\u00f3 a la luz en MasterChef: \u201cDurante seis a\u00f1os fui&#8230;\u201d\",\"datePublished\":\"2025-12-29T04:49:05+00:00\",\"mainEntityOfPage\":{\"@id\":\"https:\\\/\\\/cuartetoenlaweb.com.ar\\\/sitio\\\/el-inesperado-pasado-de-momi-giardina-que-salio-a-la-luz-en-masterchef-durante-seis-anos-fui\\\/\"},\"wordCount\":500,\"publisher\":{\"@id\":\"http:\\\/\\\/cuartetoenlaweb.com.ar\\\/sitio\\\/#organization\"},\"image\":{\"@id\":\"https:\\\/\\\/cuartetoenlaweb.com.ar\\\/sitio\\\/el-inesperado-pasado-de-momi-giardina-que-salio-a-la-luz-en-masterchef-durante-seis-anos-fui\\\/#primaryimage\"},\"thumbnailUrl\":\"http:\\\/\\\/cuartetoenlaweb.com.ar\\\/sitio\\\/wp-content\\\/uploads\\\/2025\\\/12\\\/\u00a1Exclusivo-El-dramatico-momento-que-protagonizo-Christian-Petersen-a-los-gritos-22Yo-nunca.22-359x226-5.jpg\",\"articleSection\":[\"PAIS\"],\"inLanguage\":\"es\"},{\"@type\":\"WebPage\",\"@id\":\"https:\\\/\\\/cuartetoenlaweb.com.ar\\\/sitio\\\/el-inesperado-pasado-de-momi-giardina-que-salio-a-la-luz-en-masterchef-durante-seis-anos-fui\\\/\",\"url\":\"https:\\\/\\\/cuartetoenlaweb.com.ar\\\/sitio\\\/el-inesperado-pasado-de-momi-giardina-que-salio-a-la-luz-en-masterchef-durante-seis-anos-fui\\\/\",\"name\":\"El inesperado pasado de Momi Giardina que sali\u00f3 a la luz en MasterChef: \u201cDurante seis a\u00f1os fui...\u201d - Cuarteto en la Web\",\"isPartOf\":{\"@id\":\"http:\\\/\\\/cuartetoenlaweb.com.ar\\\/sitio\\\/#website\"},\"primaryImageOfPage\":{\"@id\":\"https:\\\/\\\/cuartetoenlaweb.com.ar\\\/sitio\\\/el-inesperado-pasado-de-momi-giardina-que-salio-a-la-luz-en-masterchef-durante-seis-anos-fui\\\/#primaryimage\"},\"image\":{\"@id\":\"https:\\\/\\\/cuartetoenlaweb.com.ar\\\/sitio\\\/el-inesperado-pasado-de-momi-giardina-que-salio-a-la-luz-en-masterchef-durante-seis-anos-fui\\\/#primaryimage\"},\"thumbnailUrl\":\"http:\\\/\\\/cuartetoenlaweb.com.ar\\\/sitio\\\/wp-content\\\/uploads\\\/2025\\\/12\\\/\u00a1Exclusivo-El-dramatico-momento-que-protagonizo-Christian-Petersen-a-los-gritos-22Yo-nunca.22-359x226-5.jpg\",\"datePublished\":\"2025-12-29T04:49:05+00:00\",\"breadcrumb\":{\"@id\":\"https:\\\/\\\/cuartetoenlaweb.com.ar\\\/sitio\\\/el-inesperado-pasado-de-momi-giardina-que-salio-a-la-luz-en-masterchef-durante-seis-anos-fui\\\/#breadcrumb\"},\"inLanguage\":\"es\",\"potentialAction\":[{\"@type\":\"ReadAction\",\"target\":[\"https:\\\/\\\/cuartetoenlaweb.com.ar\\\/sitio\\\/el-inesperado-pasado-de-momi-giardina-que-salio-a-la-luz-en-masterchef-durante-seis-anos-fui\\\/\"]}]},{\"@type\":\"ImageObject\",\"inLanguage\":\"es\",\"@id\":\"https:\\\/\\\/cuartetoenlaweb.com.ar\\\/sitio\\\/el-inesperado-pasado-de-momi-giardina-que-salio-a-la-luz-en-masterchef-durante-seis-anos-fui\\\/#primaryimage\",\"url\":\"http:\\\/\\\/cuartetoenlaweb.com.ar\\\/sitio\\\/wp-content\\\/uploads\\\/2025\\\/12\\\/\u00a1Exclusivo-El-dramatico-momento-que-protagonizo-Christian-Petersen-a-los-gritos-22Yo-nunca.22-359x226-5.jpg\",\"contentUrl\":\"http:\\\/\\\/cuartetoenlaweb.com.ar\\\/sitio\\\/wp-content\\\/uploads\\\/2025\\\/12\\\/\u00a1Exclusivo-El-dramatico-momento-que-protagonizo-Christian-Petersen-a-los-gritos-22Yo-nunca.22-359x226-5.jpg\",\"width\":359,\"height\":226},{\"@type\":\"BreadcrumbList\",\"@id\":\"https:\\\/\\\/cuartetoenlaweb.com.ar\\\/sitio\\\/el-inesperado-pasado-de-momi-giardina-que-salio-a-la-luz-en-masterchef-durante-seis-anos-fui\\\/#breadcrumb\",\"itemListElement\":[{\"@type\":\"ListItem\",\"position\":1,\"name\":\"Portada\",\"item\":\"http:\\\/\\\/cuartetoenlaweb.com.ar\\\/sitio\\\/\"},{\"@type\":\"ListItem\",\"position\":2,\"name\":\"El inesperado pasado de Momi Giardina que sali\u00f3 a la luz en MasterChef: \u201cDurante seis a\u00f1os fui&#8230;\u201d\"}]},{\"@type\":\"WebSite\",\"@id\":\"http:\\\/\\\/cuartetoenlaweb.com.ar\\\/sitio\\\/#website\",\"url\":\"http:\\\/\\\/cuartetoenlaweb.com.ar\\\/sitio\\\/\",\"name\":\"Cuarteto en la Web\",\"description\":\"\",\"publisher\":{\"@id\":\"http:\\\/\\\/cuartetoenlaweb.com.ar\\\/sitio\\\/#organization\"},\"potentialAction\":[{\"@type\":\"SearchAction\",\"target\":{\"@type\":\"EntryPoint\",\"urlTemplate\":\"http:\\\/\\\/cuartetoenlaweb.com.ar\\\/sitio\\\/?s={search_term_string}\"},\"query-input\":{\"@type\":\"PropertyValueSpecification\",\"valueRequired\":true,\"valueName\":\"search_term_string\"}}],\"inLanguage\":\"es\"},{\"@type\":\"Organization\",\"@id\":\"http:\\\/\\\/cuartetoenlaweb.com.ar\\\/sitio\\\/#organization\",\"name\":\"Cuarteto en la Web\",\"url\":\"http:\\\/\\\/cuartetoenlaweb.com.ar\\\/sitio\\\/\",\"logo\":{\"@type\":\"ImageObject\",\"inLanguage\":\"es\",\"@id\":\"http:\\\/\\\/cuartetoenlaweb.com.ar\\\/sitio\\\/#\\\/schema\\\/logo\\\/image\\\/\",\"url\":\"http:\\\/\\\/cuartetoenlaweb.com.ar\\\/sitio\\\/wp-content\\\/uploads\\\/2025\\\/07\\\/cropped-cropped-logitoweb21.png\",\"contentUrl\":\"http:\\\/\\\/cuartetoenlaweb.com.ar\\\/sitio\\\/wp-content\\\/uploads\\\/2025\\\/07\\\/cropped-cropped-logitoweb21.png\",\"width\":199,\"height\":199,\"caption\":\"Cuarteto en la Web\"},\"image\":{\"@id\":\"http:\\\/\\\/cuartetoenlaweb.com.ar\\\/sitio\\\/#\\\/schema\\\/logo\\\/image\\\/\"}}]}<\/script>\n<!-- \/ Yoast SEO plugin. -->","yoast_head_json":{"title":"El inesperado pasado de Momi Giardina que sali\u00f3 a la luz en MasterChef: \u201cDurante seis a\u00f1os fui...\u201d - Cuarteto en la Web","robots":{"index":"index","follow":"follow","max-snippet":"max-snippet:-1","max-image-preview":"max-image-preview:large","max-video-preview":"max-video-preview:-1"},"canonical":"https:\/\/cuartetoenlaweb.com.ar\/sitio\/el-inesperado-pasado-de-momi-giardina-que-salio-a-la-luz-en-masterchef-durante-seis-anos-fui\/","og_locale":"es_ES","og_type":"article","og_title":"El inesperado pasado de Momi Giardina que sali\u00f3 a la luz en MasterChef: \u201cDurante seis a\u00f1os fui...\u201d - Cuarteto en la Web","og_description":"MasterChef Celebrity volvi\u00f3 a subir la vara con un desaf\u00edo","og_url":"https:\/\/cuartetoenlaweb.com.ar\/sitio\/el-inesperado-pasado-de-momi-giardina-que-salio-a-la-luz-en-masterchef-durante-seis-anos-fui\/","og_site_name":"Cuarteto en la Web","article_published_time":"2025-12-29T04:49:05+00:00","og_image":[{"width":359,"height":226,"url":"https:\/\/cuartetoenlaweb.com.ar\/sitio\/wp-content\/uploads\/2025\/12\/\u00a1Exclusivo-El-dramatico-momento-que-protagonizo-Christian-Petersen-a-los-gritos-22Yo-nunca.22-359x226-5.jpg","type":"image\/jpeg"}],"twitter_card":"summary_large_image","twitter_misc":{"Tiempo de lectura":"2 minutos"},"schema":{"@context":"https:\/\/schema.org","@graph":[{"@type":"Article","@id":"https:\/\/cuartetoenlaweb.com.ar\/sitio\/el-inesperado-pasado-de-momi-giardina-que-salio-a-la-luz-en-masterchef-durante-seis-anos-fui\/#article","isPartOf":{"@id":"https:\/\/cuartetoenlaweb.com.ar\/sitio\/el-inesperado-pasado-de-momi-giardina-que-salio-a-la-luz-en-masterchef-durante-seis-anos-fui\/"},"author":{"name":"","@id":""},"headline":"El inesperado pasado de Momi Giardina que sali\u00f3 a la luz en MasterChef: \u201cDurante seis a\u00f1os fui&#8230;\u201d","datePublished":"2025-12-29T04:49:05+00:00","mainEntityOfPage":{"@id":"https:\/\/cuartetoenlaweb.com.ar\/sitio\/el-inesperado-pasado-de-momi-giardina-que-salio-a-la-luz-en-masterchef-durante-seis-anos-fui\/"},"wordCount":500,"publisher":{"@id":"http:\/\/cuartetoenlaweb.com.ar\/sitio\/#organization"},"image":{"@id":"https:\/\/cuartetoenlaweb.com.ar\/sitio\/el-inesperado-pasado-de-momi-giardina-que-salio-a-la-luz-en-masterchef-durante-seis-anos-fui\/#primaryimage"},"thumbnailUrl":"http:\/\/cuartetoenlaweb.com.ar\/sitio\/wp-content\/uploads\/2025\/12\/\u00a1Exclusivo-El-dramatico-momento-que-protagonizo-Christian-Petersen-a-los-gritos-22Yo-nunca.22-359x226-5.jpg","articleSection":["PAIS"],"inLanguage":"es"},{"@type":"WebPage","@id":"https:\/\/cuartetoenlaweb.com.ar\/sitio\/el-inesperado-pasado-de-momi-giardina-que-salio-a-la-luz-en-masterchef-durante-seis-anos-fui\/","url":"https:\/\/cuartetoenlaweb.com.ar\/sitio\/el-inesperado-pasado-de-momi-giardina-que-salio-a-la-luz-en-masterchef-durante-seis-anos-fui\/","name":"El inesperado pasado de Momi Giardina que sali\u00f3 a la luz en MasterChef: \u201cDurante seis a\u00f1os fui...\u201d - Cuarteto en la Web","isPartOf":{"@id":"http:\/\/cuartetoenlaweb.com.ar\/sitio\/#website"},"primaryImageOfPage":{"@id":"https:\/\/cuartetoenlaweb.com.ar\/sitio\/el-inesperado-pasado-de-momi-giardina-que-salio-a-la-luz-en-masterchef-durante-seis-anos-fui\/#primaryimage"},"image":{"@id":"https:\/\/cuartetoenlaweb.com.ar\/sitio\/el-inesperado-pasado-de-momi-giardina-que-salio-a-la-luz-en-masterchef-durante-seis-anos-fui\/#primaryimage"},"thumbnailUrl":"http:\/\/cuartetoenlaweb.com.ar\/sitio\/wp-content\/uploads\/2025\/12\/\u00a1Exclusivo-El-dramatico-momento-que-protagonizo-Christian-Petersen-a-los-gritos-22Yo-nunca.22-359x226-5.jpg","datePublished":"2025-12-29T04:49:05+00:00","breadcrumb":{"@id":"https:\/\/cuartetoenlaweb.com.ar\/sitio\/el-inesperado-pasado-de-momi-giardina-que-salio-a-la-luz-en-masterchef-durante-seis-anos-fui\/#breadcrumb"},"inLanguage":"es","potentialAction":[{"@type":"ReadAction","target":["https:\/\/cuartetoenlaweb.com.ar\/sitio\/el-inesperado-pasado-de-momi-giardina-que-salio-a-la-luz-en-masterchef-durante-seis-anos-fui\/"]}]},{"@type":"ImageObject","inLanguage":"es","@id":"https:\/\/cuartetoenlaweb.com.ar\/sitio\/el-inesperado-pasado-de-momi-giardina-que-salio-a-la-luz-en-masterchef-durante-seis-anos-fui\/#primaryimage","url":"http:\/\/cuartetoenlaweb.com.ar\/sitio\/wp-content\/uploads\/2025\/12\/\u00a1Exclusivo-El-dramatico-momento-que-protagonizo-Christian-Petersen-a-los-gritos-22Yo-nunca.22-359x226-5.jpg","contentUrl":"http:\/\/cuartetoenlaweb.com.ar\/sitio\/wp-content\/uploads\/2025\/12\/\u00a1Exclusivo-El-dramatico-momento-que-protagonizo-Christian-Petersen-a-los-gritos-22Yo-nunca.22-359x226-5.jpg","width":359,"height":226},{"@type":"BreadcrumbList","@id":"https:\/\/cuartetoenlaweb.com.ar\/sitio\/el-inesperado-pasado-de-momi-giardina-que-salio-a-la-luz-en-masterchef-durante-seis-anos-fui\/#breadcrumb","itemListElement":[{"@type":"ListItem","position":1,"name":"Portada","item":"http:\/\/cuartetoenlaweb.com.ar\/sitio\/"},{"@type":"ListItem","position":2,"name":"El inesperado pasado de Momi Giardina que sali\u00f3 a la luz en MasterChef: \u201cDurante seis a\u00f1os fui&#8230;\u201d"}]},{"@type":"WebSite","@id":"http:\/\/cuartetoenlaweb.com.ar\/sitio\/#website","url":"http:\/\/cuartetoenlaweb.com.ar\/sitio\/","name":"Cuarteto en la Web","description":"","publisher":{"@id":"http:\/\/cuartetoenlaweb.com.ar\/sitio\/#organization"},"potentialAction":[{"@type":"SearchAction","target":{"@type":"EntryPoint","urlTemplate":"http:\/\/cuartetoenlaweb.com.ar\/sitio\/?s={search_term_string}"},"query-input":{"@type":"PropertyValueSpecification","valueRequired":true,"valueName":"search_term_string"}}],"inLanguage":"es"},{"@type":"Organization","@id":"http:\/\/cuartetoenlaweb.com.ar\/sitio\/#organization","name":"Cuarteto en la Web","url":"http:\/\/cuartetoenlaweb.com.ar\/sitio\/","logo":{"@type":"ImageObject","inLanguage":"es","@id":"http:\/\/cuartetoenlaweb.com.ar\/sitio\/#\/schema\/logo\/image\/","url":"http:\/\/cuartetoenlaweb.com.ar\/sitio\/wp-content\/uploads\/2025\/07\/cropped-cropped-logitoweb21.png","contentUrl":"http:\/\/cuartetoenlaweb.com.ar\/sitio\/wp-content\/uploads\/2025\/07\/cropped-cropped-logitoweb21.png","width":199,"height":199,"caption":"Cuarteto en la Web"},"image":{"@id":"http:\/\/cuartetoenlaweb.com.ar\/sitio\/#\/schema\/logo\/image\/"}}]}},"_links":{"self":[{"href":"http:\/\/cuartetoenlaweb.com.ar\/sitio\/wp-json\/wp\/v2\/posts\/9703","targetHints":{"allow":["GET"]}}],"collection":[{"href":"http:\/\/cuartetoenlaweb.com.ar\/sitio\/wp-json\/wp\/v2\/posts"}],"about":[{"href":"http:\/\/cuartetoenlaweb.com.ar\/sitio\/wp-json\/wp\/v2\/types\/post"}],"replies":[{"embeddable":true,"href":"http:\/\/cuartetoenlaweb.com.ar\/sitio\/wp-json\/wp\/v2\/comments?post=9703"}],"version-history":[{"count":0,"href":"http:\/\/cuartetoenlaweb.com.ar\/sitio\/wp-json\/wp\/v2\/posts\/9703\/revisions"}],"wp:featuredmedia":[{"embeddable":true,"href":"http:\/\/cuartetoenlaweb.com.ar\/sitio\/wp-json\/wp\/v2\/media\/9704"}],"wp:attachment":[{"href":"http:\/\/cuartetoenlaweb.com.ar\/sitio\/wp-json\/wp\/v2\/media?parent=9703"}],"wp:term":[{"taxonomy":"category","embeddable":true,"href":"http:\/\/cuartetoenlaweb.com.ar\/sitio\/wp-json\/wp\/v2\/categories?post=9703"},{"taxonomy":"post_tag","embeddable":true,"href":"http:\/\/cuartetoenlaweb.com.ar\/sitio\/wp-json\/wp\/v2\/tags?post=9703"}],"curies":[{"name":"wp","href":"https:\/\/api.w.org\/{rel}","templated":true}]}}