
{"id":9699,"date":"2025-12-29T01:49:03","date_gmt":"2025-12-29T04:49:03","guid":{"rendered":"https:\/\/cuartetoenlaweb.com.ar\/sitio\/rocio-robles-celebro-sus-33-anos-en-europa-con-adrian-suar-las-fotos-de-un-feliz-cumple-gitano\/"},"modified":"2025-12-29T01:49:03","modified_gmt":"2025-12-29T04:49:03","slug":"rocio-robles-celebro-sus-33-anos-en-europa-con-adrian-suar-las-fotos-de-un-feliz-cumple-gitano","status":"publish","type":"post","link":"http:\/\/cuartetoenlaweb.com.ar\/sitio\/rocio-robles-celebro-sus-33-anos-en-europa-con-adrian-suar-las-fotos-de-un-feliz-cumple-gitano\/","title":{"rendered":"Roc\u00edo Robles celebr\u00f3 sus 33 a\u00f1os en Europa con Adri\u00e1n Suar: las fotos de un &quot;feliz cumple gitano&quot;"},"content":{"rendered":"<p><strong><a href=\"https:\/\/www.paparazzi.com.ar\/?s=Roc%C3%ADo+Robles\">Roc\u00edo Robles<\/a><\/strong> atraviesa <a href=\"https:\/\/www.paparazzi.com.ar\/romances\/adrian-suar-anuncio-su-noviazgo-con-rocio-robles-con-unas-fotos-muy-intimas\/\">uno de los momentos m\u00e1s felices de su vida personal<\/a> y decidi\u00f3 compartirlo con sus seguidores. En las \u00faltimas horas, la modelo mostr\u00f3 en sus redes sociales c\u00f3mo fue el \u00edntimo festejo de su cumplea\u00f1os n\u00famero 33, que celebr\u00f3 nada menos que en Italia junto a <strong>Adri\u00e1n Suar<\/strong>.<\/p>\n<p>Si bien Robles suele ser muy cuidadosa a la hora de exponer su vida privada, esta vez eligi\u00f3 abrir una peque\u00f1a ventana a su intimidad y publicar un carrusel de im\u00e1genes que reflejan el clima de amor y tranquilidad que vive junto al productor. <\/p>\n<p>Seg\u00fan mostr\u00f3 en su cuenta de Instagram, el cumplea\u00f1os comenz\u00f3 temprano con una sorpresa especial en el hotel. Globos dorados con el n\u00famero 33, una mesa cuidadosamente armada y un desayuno con frutas, torta individual, champagne y velas marcaron el inicio del gran d\u00eda. Un gesto simple que dej\u00f3 en evidencia la dedicaci\u00f3n y el acompa\u00f1amiento de Suar.<\/p>\n<div class=\"mt-box \">\n<h4 class=\"mt-heading\">Mir\u00e1 Tambi\u00e9n<\/h4>\n<p><a href=\"https:\/\/www.paparazzi.com.ar\/teve\/exclusivo-el-dramatico-momento-que-protagonizo-christian-petersen-a-los-gritos-yo-nunca\/\"><\/p>\n<div class=\"mt-content\">\n<div class=\"mt-image-container\"><img decoding=\"async\" src=\"https:\/\/www.paparazzi.com.ar\/wp-content\/uploads\/2025\/12\/\u00a1Exclusivo-El-dramatico-momento-que-protagonizo-Christian-Petersen-a-los-gritos-22Yo-nunca.22-359x226.jpg\" alt=\"\u00a1Exclusivo! El dram\u00e1tico momento que protagoniz\u00f3 Christian Petersen a los gritos: &quot;Yo nunca...&quot;\" class=\"mt-image\" loading=\"lazy\" \/><\/div>\n<h5 class=\"mt-title\">\u00a1Exclusivo! El dram\u00e1tico momento que protagoniz\u00f3 Christian Petersen a los gritos: \u00abYo nunca&#8230;\u00bb<\/h5>\n<\/div>\n<p><\/a><\/div>\n<p>A lo largo de la jornada, la pareja recorri\u00f3 algunos de los puntos m\u00e1s emblem\u00e1ticos de Roma. Entre ellos, la Fontana dei Quattro Fiumi y la ic\u00f3nica Fontana di Trevi, donde Robles aprovech\u00f3 para capturar postales del lugar y, fiel a la tradici\u00f3n, pedir deseos para el nuevo a\u00f1o de vida. <\/p>\n<p>Para el cierre del festejo, Roc\u00edo eligi\u00f3 un look elegante y minimalista: un top lencero satinado en tono champagne con detalles de encaje negro, combinado con un pantal\u00f3n oscuro, ideal para una noche rom\u00e1ntica en Europa. La celebraci\u00f3n continu\u00f3 en un restaurante italiano, donde disfrutaron de la gastronom\u00eda y coronaron la velada con un volc\u00e1n de chocolate que llevaba la inscripci\u00f3n <em>\u201cFeliz cumplea\u00f1os\u201d.<\/em><\/p>\n<div class=\"mt-box \">\n<h4 class=\"mt-heading\">Mir\u00e1 Tambi\u00e9n<\/h4>\n<p><a href=\"https:\/\/www.paparazzi.com.ar\/romances\/quien-es-rocio-robles-la-modelo-24-anos-menor-que-enamoro-a-adrian-suar\/\"><\/p>\n<div class=\"mt-content\">\n<div class=\"mt-image-container\"><img decoding=\"async\" src=\"https:\/\/www.paparazzi.com.ar\/wp-content\/uploads\/2025\/12\/Rocio-Robles-Adrian-Suar-359x226.jpg\" alt=\"Qui\u00e9n es Roc\u00edo Robles, la modelo 24 a\u00f1os menor que enamor\u00f3 a Adri\u00e1n Suar\" class=\"mt-image\" loading=\"lazy\" \/><\/div>\n<h5 class=\"mt-title\">Qui\u00e9n es Roc\u00edo Robles, la modelo 24 a\u00f1os menor que enamor\u00f3 a Adri\u00e1n Suar<\/h5>\n<\/div>\n<p><\/a><\/div>\n<p>En una de las \u00faltimas im\u00e1genes del carrusel, Robles dej\u00f3 ver parcialmente el rostro de Adri\u00e1n Suar durante la cena, manteniendo ese equilibrio entre mostrar y preservar que caracteriza a la pareja desde que blanquearon su relaci\u00f3n.  Las postales llegan, adem\u00e1s, <a href=\"https:\/\/www.paparazzi.com.ar\/romances\/empezaron-mal-por-que-adrian-suar-fue-presionado-para-blanquear-su-noviazgo-con-rocio-robles\/\">pocos d\u00edas despu\u00e9s del revuelo que involucr\u00f3 al productor,<\/a> por lo que muchos interpretaron este viaje como una pausa necesaria, lejos del ruido y cerca del disfrute. <\/p>\n<p>Sin declaraciones ni aclaraciones, Roc\u00edo eligi\u00f3 hablar a trav\u00e9s de las im\u00e1genes: amor, celebraci\u00f3n y un presente que la encuentra plena. De este modo, Roc\u00edo Robles celebr\u00f3 sus 33 a\u00f1os rodeada de gestos, paisajes inolvidables y la compa\u00f1\u00eda de Adri\u00e1n Suar, confirmando que atraviesa una etapa de felicidad que decidi\u00f3, al menos por un rato, compartir con el p\u00fablico.<\/p>\n<h2 class=\"wp-block-heading\">Las fotos de Adri\u00e1n Suar festejando el cumplea\u00f1os 33 de su novia Roc\u00edo Robles:<\/h2>\n<figure class=\"wp-block-image size-large\"><img decoding=\"async\" src=\"https:\/\/www.paparazzi.com.ar\/wp-content\/uploads\/2025\/12\/Cumpleanos-Rocio-Robles-768x1024.jpg.webp\" loading=\"lazy\" alt=\"\" class=\"wp-image-457986\" \/><\/figure>\n<figure class=\"wp-block-image size-large\"><img decoding=\"async\" src=\"https:\/\/www.paparazzi.com.ar\/wp-content\/uploads\/2025\/12\/Cumpleanos-Rocio-Robles1-769x1024.jpg.webp\" loading=\"lazy\" alt=\"\" class=\"wp-image-457987\" \/><\/figure>\n<figure class=\"wp-block-image size-large\"><img decoding=\"async\" src=\"https:\/\/www.paparazzi.com.ar\/wp-content\/uploads\/2025\/12\/Cumpleanos-Rocio-Robles3-769x1024.jpg.webp\" loading=\"lazy\" alt=\"\" class=\"wp-image-457988\" \/><\/figure>\n<figure class=\"wp-block-image size-large\"><img decoding=\"async\" src=\"https:\/\/www.paparazzi.com.ar\/wp-content\/uploads\/2025\/12\/Cumpleanos-Rocio-Robles5-769x1024.jpg.webp\" loading=\"lazy\" alt=\"\" class=\"wp-image-457989\" \/><\/figure>\n<figure class=\"wp-block-image size-large\"><img decoding=\"async\" src=\"https:\/\/www.paparazzi.com.ar\/wp-content\/uploads\/2025\/12\/Cumpleanos-Rocio-Robles6-769x1024.jpg.webp\" loading=\"lazy\" alt=\"\" class=\"wp-image-457990\" \/><\/figure>\n<figure class=\"wp-block-image size-large\"><img decoding=\"async\" src=\"https:\/\/www.paparazzi.com.ar\/wp-content\/uploads\/2025\/12\/Cumpleanos-Rocio-Robles7-768x1024.jpg.webp\" loading=\"lazy\" alt=\"\" class=\"wp-image-457991\" \/><\/figure>\n<figure class=\"wp-block-image size-large\"><img decoding=\"async\" src=\"https:\/\/www.paparazzi.com.ar\/wp-content\/uploads\/2025\/12\/Cumpleanos-Rocio-Robles8-769x1024.jpg.webp\" loading=\"lazy\" alt=\"\" class=\"wp-image-457992\" \/><\/figure>\n<figure class=\"wp-block-image size-large\"><img decoding=\"async\" src=\"https:\/\/www.paparazzi.com.ar\/wp-content\/uploads\/2025\/12\/Cumpleanos-Rocio-Robles9-769x1024.jpg.webp\" loading=\"lazy\" alt=\"\" class=\"wp-image-457993\" \/><\/figure>\n<figure class=\"wp-block-image size-large\"><img decoding=\"async\" src=\"https:\/\/www.paparazzi.com.ar\/wp-content\/uploads\/2025\/12\/Cumpleanos-Rocio-Robles10-768x1024.jpg.webp\" loading=\"lazy\" alt=\"\" class=\"wp-image-457994\" \/><\/figure>\n<figure class=\"wp-block-image size-large\"><img decoding=\"async\" src=\"https:\/\/www.paparazzi.com.ar\/wp-content\/uploads\/2025\/12\/Cumpleanos-Rocio-Robles11-768x1024.jpg.webp\" loading=\"lazy\" alt=\"\" class=\"wp-image-457995\" \/><\/figure>\n<figure class=\"wp-block-image size-large\"><img decoding=\"async\" src=\"https:\/\/www.paparazzi.com.ar\/wp-content\/uploads\/2025\/12\/Cumpleanos-Rocio-Robles12-768x1024.jpg.webp\" loading=\"lazy\" alt=\"\" class=\"wp-image-457996\" \/><\/figure>\n<figure class=\"wp-block-image size-large\"><img decoding=\"async\" src=\"https:\/\/www.paparazzi.com.ar\/wp-content\/uploads\/2025\/12\/Un-feliz-cumple-gitano-\ud83d\udc83\ud83c\udffb-768x1024.jpg.webp\" loading=\"lazy\" alt=\"\" class=\"wp-image-457997\" \/><\/figure>\n<div class=\"mt-box \">\n<h4 class=\"mt-heading\">Mir\u00e1 Tambi\u00e9n<\/h4>\n<p><a href=\"https:\/\/www.paparazzi.com.ar\/romances\/adrian-suar-anuncio-su-noviazgo-con-rocio-robles-con-unas-fotos-muy-intimas\/\"><\/p>\n<div class=\"mt-content\">\n<div class=\"mt-image-container\"><img decoding=\"async\" src=\"https:\/\/www.paparazzi.com.ar\/wp-content\/uploads\/2025\/09\/adrian-suar.jpg.webp\" alt=\"Adri\u00e1n Suar anunci\u00f3 su noviazgo con Roc\u00edo Robles con unas fotos muy \u00edntimas\" class=\"mt-image\" loading=\"lazy\" \/><\/div>\n<h5 class=\"mt-title\">Adri\u00e1n Suar anunci\u00f3 su noviazgo con Roc\u00edo Robles con unas fotos muy \u00edntimas<\/h5>\n<\/div>\n<p><\/a><\/div>\n<div class=\"mt-box \">\n<h4 class=\"mt-heading\">Mir\u00e1 Tambi\u00e9n<\/h4>\n<p><a href=\"https:\/\/www.paparazzi.com.ar\/romances\/empezaron-mal-por-que-adrian-suar-fue-presionado-para-blanquear-su-noviazgo-con-rocio-robles\/\"><\/p>\n<div class=\"mt-content\">\n<div class=\"mt-image-container\"><img decoding=\"async\" src=\"https:\/\/www.paparazzi.com.ar\/wp-content\/uploads\/2025\/06\/adrian-suar-rocio-robles.png.webp\" alt=\"Empezaron mal: por qu\u00e9 Adri\u00e1n Suar fue &quot;presionado&quot; para blanquear su noviazgo con Roc\u00edo Robles\" class=\"mt-image\" loading=\"lazy\" \/><\/div>\n<h5 class=\"mt-title\">Empezaron mal: por qu\u00e9 Adri\u00e1n Suar fue \u00abpresionado\u00bb para blanquear su noviazgo con Roc\u00edo Robles<\/h5>\n<\/div>\n<p><\/a><\/div>\n<p>The post <a href=\"https:\/\/www.paparazzi.com.ar\/romances\/rocio-robles-celebro-sus-33-anos-en-europa-con-adrian-suar-las-fotos-de-un-feliz-cumple-gitano\/\">Roc\u00edo Robles celebr\u00f3 sus 33 a\u00f1os en Europa con Adri\u00e1n Suar: las fotos de un &quot;feliz cumple gitano&quot;<\/a> appeared first on <a href=\"https:\/\/www.paparazzi.com.ar\">Revista Paparazzi<\/a>.<\/p>\n","protected":false},"excerpt":{"rendered":"<p>Roc\u00edo Robles atraviesa uno de los momentos m\u00e1s felices de<\/p>\n","protected":false},"author":0,"featured_media":9700,"comment_status":"","ping_status":"","sticky":false,"template":"","format":"standard","meta":{"footnotes":""},"categories":[65],"tags":[],"class_list":["post-9699","post","type-post","status-publish","format-standard","has-post-thumbnail","hentry","category-pais"],"yoast_head":"<!-- This site is optimized with the Yoast SEO plugin v27.5 - https:\/\/yoast.com\/product\/yoast-seo-wordpress\/ -->\n<title>Roc\u00edo Robles celebr\u00f3 sus 33 a\u00f1os en Europa con Adri\u00e1n Suar: las fotos de un &quot;feliz cumple gitano&quot; - Cuarteto en la Web<\/title>\n<meta name=\"robots\" content=\"index, follow, max-snippet:-1, max-image-preview:large, max-video-preview:-1\" \/>\n<link rel=\"canonical\" href=\"https:\/\/cuartetoenlaweb.com.ar\/sitio\/rocio-robles-celebro-sus-33-anos-en-europa-con-adrian-suar-las-fotos-de-un-feliz-cumple-gitano\/\" \/>\n<meta property=\"og:locale\" content=\"es_ES\" \/>\n<meta property=\"og:type\" content=\"article\" \/>\n<meta property=\"og:title\" content=\"Roc\u00edo Robles celebr\u00f3 sus 33 a\u00f1os en Europa con Adri\u00e1n Suar: las fotos de un &quot;feliz cumple gitano&quot; - Cuarteto en la Web\" \/>\n<meta property=\"og:description\" content=\"Roc\u00edo Robles atraviesa uno de los momentos m\u00e1s felices de\" \/>\n<meta property=\"og:url\" content=\"https:\/\/cuartetoenlaweb.com.ar\/sitio\/rocio-robles-celebro-sus-33-anos-en-europa-con-adrian-suar-las-fotos-de-un-feliz-cumple-gitano\/\" \/>\n<meta property=\"og:site_name\" content=\"Cuarteto en la Web\" \/>\n<meta property=\"article:published_time\" content=\"2025-12-29T04:49:03+00:00\" \/>\n<meta property=\"og:image\" content=\"https:\/\/cuartetoenlaweb.com.ar\/sitio\/wp-content\/uploads\/2025\/12\/\u00a1Exclusivo-El-dramatico-momento-que-protagonizo-Christian-Petersen-a-los-gritos-22Yo-nunca.22-359x226-3.jpg\" \/>\n\t<meta property=\"og:image:width\" content=\"359\" \/>\n\t<meta property=\"og:image:height\" content=\"226\" \/>\n\t<meta property=\"og:image:type\" content=\"image\/jpeg\" \/>\n<meta name=\"twitter:card\" content=\"summary_large_image\" \/>\n<meta name=\"twitter:label1\" content=\"Tiempo de lectura\" \/>\n\t<meta name=\"twitter:data1\" content=\"3 minutos\" \/>\n<script type=\"application\/ld+json\" class=\"yoast-schema-graph\">{\"@context\":\"https:\\\/\\\/schema.org\",\"@graph\":[{\"@type\":\"Article\",\"@id\":\"https:\\\/\\\/cuartetoenlaweb.com.ar\\\/sitio\\\/rocio-robles-celebro-sus-33-anos-en-europa-con-adrian-suar-las-fotos-de-un-feliz-cumple-gitano\\\/#article\",\"isPartOf\":{\"@id\":\"https:\\\/\\\/cuartetoenlaweb.com.ar\\\/sitio\\\/rocio-robles-celebro-sus-33-anos-en-europa-con-adrian-suar-las-fotos-de-un-feliz-cumple-gitano\\\/\"},\"author\":{\"name\":\"\",\"@id\":\"\"},\"headline\":\"Roc\u00edo Robles celebr\u00f3 sus 33 a\u00f1os en Europa con Adri\u00e1n Suar: las fotos de un &quot;feliz cumple gitano&quot;\",\"datePublished\":\"2025-12-29T04:49:03+00:00\",\"mainEntityOfPage\":{\"@id\":\"https:\\\/\\\/cuartetoenlaweb.com.ar\\\/sitio\\\/rocio-robles-celebro-sus-33-anos-en-europa-con-adrian-suar-las-fotos-de-un-feliz-cumple-gitano\\\/\"},\"wordCount\":575,\"publisher\":{\"@id\":\"http:\\\/\\\/cuartetoenlaweb.com.ar\\\/sitio\\\/#organization\"},\"image\":{\"@id\":\"https:\\\/\\\/cuartetoenlaweb.com.ar\\\/sitio\\\/rocio-robles-celebro-sus-33-anos-en-europa-con-adrian-suar-las-fotos-de-un-feliz-cumple-gitano\\\/#primaryimage\"},\"thumbnailUrl\":\"http:\\\/\\\/cuartetoenlaweb.com.ar\\\/sitio\\\/wp-content\\\/uploads\\\/2025\\\/12\\\/\u00a1Exclusivo-El-dramatico-momento-que-protagonizo-Christian-Petersen-a-los-gritos-22Yo-nunca.22-359x226-3.jpg\",\"articleSection\":[\"PAIS\"],\"inLanguage\":\"es\"},{\"@type\":\"WebPage\",\"@id\":\"https:\\\/\\\/cuartetoenlaweb.com.ar\\\/sitio\\\/rocio-robles-celebro-sus-33-anos-en-europa-con-adrian-suar-las-fotos-de-un-feliz-cumple-gitano\\\/\",\"url\":\"https:\\\/\\\/cuartetoenlaweb.com.ar\\\/sitio\\\/rocio-robles-celebro-sus-33-anos-en-europa-con-adrian-suar-las-fotos-de-un-feliz-cumple-gitano\\\/\",\"name\":\"Roc\u00edo Robles celebr\u00f3 sus 33 a\u00f1os en Europa con Adri\u00e1n Suar: las fotos de un &quot;feliz cumple gitano&quot; - Cuarteto en la Web\",\"isPartOf\":{\"@id\":\"http:\\\/\\\/cuartetoenlaweb.com.ar\\\/sitio\\\/#website\"},\"primaryImageOfPage\":{\"@id\":\"https:\\\/\\\/cuartetoenlaweb.com.ar\\\/sitio\\\/rocio-robles-celebro-sus-33-anos-en-europa-con-adrian-suar-las-fotos-de-un-feliz-cumple-gitano\\\/#primaryimage\"},\"image\":{\"@id\":\"https:\\\/\\\/cuartetoenlaweb.com.ar\\\/sitio\\\/rocio-robles-celebro-sus-33-anos-en-europa-con-adrian-suar-las-fotos-de-un-feliz-cumple-gitano\\\/#primaryimage\"},\"thumbnailUrl\":\"http:\\\/\\\/cuartetoenlaweb.com.ar\\\/sitio\\\/wp-content\\\/uploads\\\/2025\\\/12\\\/\u00a1Exclusivo-El-dramatico-momento-que-protagonizo-Christian-Petersen-a-los-gritos-22Yo-nunca.22-359x226-3.jpg\",\"datePublished\":\"2025-12-29T04:49:03+00:00\",\"breadcrumb\":{\"@id\":\"https:\\\/\\\/cuartetoenlaweb.com.ar\\\/sitio\\\/rocio-robles-celebro-sus-33-anos-en-europa-con-adrian-suar-las-fotos-de-un-feliz-cumple-gitano\\\/#breadcrumb\"},\"inLanguage\":\"es\",\"potentialAction\":[{\"@type\":\"ReadAction\",\"target\":[\"https:\\\/\\\/cuartetoenlaweb.com.ar\\\/sitio\\\/rocio-robles-celebro-sus-33-anos-en-europa-con-adrian-suar-las-fotos-de-un-feliz-cumple-gitano\\\/\"]}]},{\"@type\":\"ImageObject\",\"inLanguage\":\"es\",\"@id\":\"https:\\\/\\\/cuartetoenlaweb.com.ar\\\/sitio\\\/rocio-robles-celebro-sus-33-anos-en-europa-con-adrian-suar-las-fotos-de-un-feliz-cumple-gitano\\\/#primaryimage\",\"url\":\"http:\\\/\\\/cuartetoenlaweb.com.ar\\\/sitio\\\/wp-content\\\/uploads\\\/2025\\\/12\\\/\u00a1Exclusivo-El-dramatico-momento-que-protagonizo-Christian-Petersen-a-los-gritos-22Yo-nunca.22-359x226-3.jpg\",\"contentUrl\":\"http:\\\/\\\/cuartetoenlaweb.com.ar\\\/sitio\\\/wp-content\\\/uploads\\\/2025\\\/12\\\/\u00a1Exclusivo-El-dramatico-momento-que-protagonizo-Christian-Petersen-a-los-gritos-22Yo-nunca.22-359x226-3.jpg\",\"width\":359,\"height\":226},{\"@type\":\"BreadcrumbList\",\"@id\":\"https:\\\/\\\/cuartetoenlaweb.com.ar\\\/sitio\\\/rocio-robles-celebro-sus-33-anos-en-europa-con-adrian-suar-las-fotos-de-un-feliz-cumple-gitano\\\/#breadcrumb\",\"itemListElement\":[{\"@type\":\"ListItem\",\"position\":1,\"name\":\"Portada\",\"item\":\"http:\\\/\\\/cuartetoenlaweb.com.ar\\\/sitio\\\/\"},{\"@type\":\"ListItem\",\"position\":2,\"name\":\"Roc\u00edo Robles celebr\u00f3 sus 33 a\u00f1os en Europa con Adri\u00e1n Suar: las fotos de un &quot;feliz cumple gitano&quot;\"}]},{\"@type\":\"WebSite\",\"@id\":\"http:\\\/\\\/cuartetoenlaweb.com.ar\\\/sitio\\\/#website\",\"url\":\"http:\\\/\\\/cuartetoenlaweb.com.ar\\\/sitio\\\/\",\"name\":\"Cuarteto en la Web\",\"description\":\"\",\"publisher\":{\"@id\":\"http:\\\/\\\/cuartetoenlaweb.com.ar\\\/sitio\\\/#organization\"},\"potentialAction\":[{\"@type\":\"SearchAction\",\"target\":{\"@type\":\"EntryPoint\",\"urlTemplate\":\"http:\\\/\\\/cuartetoenlaweb.com.ar\\\/sitio\\\/?s={search_term_string}\"},\"query-input\":{\"@type\":\"PropertyValueSpecification\",\"valueRequired\":true,\"valueName\":\"search_term_string\"}}],\"inLanguage\":\"es\"},{\"@type\":\"Organization\",\"@id\":\"http:\\\/\\\/cuartetoenlaweb.com.ar\\\/sitio\\\/#organization\",\"name\":\"Cuarteto en la Web\",\"url\":\"http:\\\/\\\/cuartetoenlaweb.com.ar\\\/sitio\\\/\",\"logo\":{\"@type\":\"ImageObject\",\"inLanguage\":\"es\",\"@id\":\"http:\\\/\\\/cuartetoenlaweb.com.ar\\\/sitio\\\/#\\\/schema\\\/logo\\\/image\\\/\",\"url\":\"http:\\\/\\\/cuartetoenlaweb.com.ar\\\/sitio\\\/wp-content\\\/uploads\\\/2025\\\/07\\\/cropped-cropped-logitoweb21.png\",\"contentUrl\":\"http:\\\/\\\/cuartetoenlaweb.com.ar\\\/sitio\\\/wp-content\\\/uploads\\\/2025\\\/07\\\/cropped-cropped-logitoweb21.png\",\"width\":199,\"height\":199,\"caption\":\"Cuarteto en la Web\"},\"image\":{\"@id\":\"http:\\\/\\\/cuartetoenlaweb.com.ar\\\/sitio\\\/#\\\/schema\\\/logo\\\/image\\\/\"}}]}<\/script>\n<!-- \/ Yoast SEO plugin. -->","yoast_head_json":{"title":"Roc\u00edo Robles celebr\u00f3 sus 33 a\u00f1os en Europa con Adri\u00e1n Suar: las fotos de un &quot;feliz cumple gitano&quot; - Cuarteto en la Web","robots":{"index":"index","follow":"follow","max-snippet":"max-snippet:-1","max-image-preview":"max-image-preview:large","max-video-preview":"max-video-preview:-1"},"canonical":"https:\/\/cuartetoenlaweb.com.ar\/sitio\/rocio-robles-celebro-sus-33-anos-en-europa-con-adrian-suar-las-fotos-de-un-feliz-cumple-gitano\/","og_locale":"es_ES","og_type":"article","og_title":"Roc\u00edo Robles celebr\u00f3 sus 33 a\u00f1os en Europa con Adri\u00e1n Suar: las fotos de un &quot;feliz cumple gitano&quot; - Cuarteto en la Web","og_description":"Roc\u00edo Robles atraviesa uno de los momentos m\u00e1s felices de","og_url":"https:\/\/cuartetoenlaweb.com.ar\/sitio\/rocio-robles-celebro-sus-33-anos-en-europa-con-adrian-suar-las-fotos-de-un-feliz-cumple-gitano\/","og_site_name":"Cuarteto en la Web","article_published_time":"2025-12-29T04:49:03+00:00","og_image":[{"width":359,"height":226,"url":"https:\/\/cuartetoenlaweb.com.ar\/sitio\/wp-content\/uploads\/2025\/12\/\u00a1Exclusivo-El-dramatico-momento-que-protagonizo-Christian-Petersen-a-los-gritos-22Yo-nunca.22-359x226-3.jpg","type":"image\/jpeg"}],"twitter_card":"summary_large_image","twitter_misc":{"Tiempo de lectura":"3 minutos"},"schema":{"@context":"https:\/\/schema.org","@graph":[{"@type":"Article","@id":"https:\/\/cuartetoenlaweb.com.ar\/sitio\/rocio-robles-celebro-sus-33-anos-en-europa-con-adrian-suar-las-fotos-de-un-feliz-cumple-gitano\/#article","isPartOf":{"@id":"https:\/\/cuartetoenlaweb.com.ar\/sitio\/rocio-robles-celebro-sus-33-anos-en-europa-con-adrian-suar-las-fotos-de-un-feliz-cumple-gitano\/"},"author":{"name":"","@id":""},"headline":"Roc\u00edo Robles celebr\u00f3 sus 33 a\u00f1os en Europa con Adri\u00e1n Suar: las fotos de un &quot;feliz cumple gitano&quot;","datePublished":"2025-12-29T04:49:03+00:00","mainEntityOfPage":{"@id":"https:\/\/cuartetoenlaweb.com.ar\/sitio\/rocio-robles-celebro-sus-33-anos-en-europa-con-adrian-suar-las-fotos-de-un-feliz-cumple-gitano\/"},"wordCount":575,"publisher":{"@id":"http:\/\/cuartetoenlaweb.com.ar\/sitio\/#organization"},"image":{"@id":"https:\/\/cuartetoenlaweb.com.ar\/sitio\/rocio-robles-celebro-sus-33-anos-en-europa-con-adrian-suar-las-fotos-de-un-feliz-cumple-gitano\/#primaryimage"},"thumbnailUrl":"http:\/\/cuartetoenlaweb.com.ar\/sitio\/wp-content\/uploads\/2025\/12\/\u00a1Exclusivo-El-dramatico-momento-que-protagonizo-Christian-Petersen-a-los-gritos-22Yo-nunca.22-359x226-3.jpg","articleSection":["PAIS"],"inLanguage":"es"},{"@type":"WebPage","@id":"https:\/\/cuartetoenlaweb.com.ar\/sitio\/rocio-robles-celebro-sus-33-anos-en-europa-con-adrian-suar-las-fotos-de-un-feliz-cumple-gitano\/","url":"https:\/\/cuartetoenlaweb.com.ar\/sitio\/rocio-robles-celebro-sus-33-anos-en-europa-con-adrian-suar-las-fotos-de-un-feliz-cumple-gitano\/","name":"Roc\u00edo Robles celebr\u00f3 sus 33 a\u00f1os en Europa con Adri\u00e1n Suar: las fotos de un &quot;feliz cumple gitano&quot; - Cuarteto en la Web","isPartOf":{"@id":"http:\/\/cuartetoenlaweb.com.ar\/sitio\/#website"},"primaryImageOfPage":{"@id":"https:\/\/cuartetoenlaweb.com.ar\/sitio\/rocio-robles-celebro-sus-33-anos-en-europa-con-adrian-suar-las-fotos-de-un-feliz-cumple-gitano\/#primaryimage"},"image":{"@id":"https:\/\/cuartetoenlaweb.com.ar\/sitio\/rocio-robles-celebro-sus-33-anos-en-europa-con-adrian-suar-las-fotos-de-un-feliz-cumple-gitano\/#primaryimage"},"thumbnailUrl":"http:\/\/cuartetoenlaweb.com.ar\/sitio\/wp-content\/uploads\/2025\/12\/\u00a1Exclusivo-El-dramatico-momento-que-protagonizo-Christian-Petersen-a-los-gritos-22Yo-nunca.22-359x226-3.jpg","datePublished":"2025-12-29T04:49:03+00:00","breadcrumb":{"@id":"https:\/\/cuartetoenlaweb.com.ar\/sitio\/rocio-robles-celebro-sus-33-anos-en-europa-con-adrian-suar-las-fotos-de-un-feliz-cumple-gitano\/#breadcrumb"},"inLanguage":"es","potentialAction":[{"@type":"ReadAction","target":["https:\/\/cuartetoenlaweb.com.ar\/sitio\/rocio-robles-celebro-sus-33-anos-en-europa-con-adrian-suar-las-fotos-de-un-feliz-cumple-gitano\/"]}]},{"@type":"ImageObject","inLanguage":"es","@id":"https:\/\/cuartetoenlaweb.com.ar\/sitio\/rocio-robles-celebro-sus-33-anos-en-europa-con-adrian-suar-las-fotos-de-un-feliz-cumple-gitano\/#primaryimage","url":"http:\/\/cuartetoenlaweb.com.ar\/sitio\/wp-content\/uploads\/2025\/12\/\u00a1Exclusivo-El-dramatico-momento-que-protagonizo-Christian-Petersen-a-los-gritos-22Yo-nunca.22-359x226-3.jpg","contentUrl":"http:\/\/cuartetoenlaweb.com.ar\/sitio\/wp-content\/uploads\/2025\/12\/\u00a1Exclusivo-El-dramatico-momento-que-protagonizo-Christian-Petersen-a-los-gritos-22Yo-nunca.22-359x226-3.jpg","width":359,"height":226},{"@type":"BreadcrumbList","@id":"https:\/\/cuartetoenlaweb.com.ar\/sitio\/rocio-robles-celebro-sus-33-anos-en-europa-con-adrian-suar-las-fotos-de-un-feliz-cumple-gitano\/#breadcrumb","itemListElement":[{"@type":"ListItem","position":1,"name":"Portada","item":"http:\/\/cuartetoenlaweb.com.ar\/sitio\/"},{"@type":"ListItem","position":2,"name":"Roc\u00edo Robles celebr\u00f3 sus 33 a\u00f1os en Europa con Adri\u00e1n Suar: las fotos de un &quot;feliz cumple gitano&quot;"}]},{"@type":"WebSite","@id":"http:\/\/cuartetoenlaweb.com.ar\/sitio\/#website","url":"http:\/\/cuartetoenlaweb.com.ar\/sitio\/","name":"Cuarteto en la Web","description":"","publisher":{"@id":"http:\/\/cuartetoenlaweb.com.ar\/sitio\/#organization"},"potentialAction":[{"@type":"SearchAction","target":{"@type":"EntryPoint","urlTemplate":"http:\/\/cuartetoenlaweb.com.ar\/sitio\/?s={search_term_string}"},"query-input":{"@type":"PropertyValueSpecification","valueRequired":true,"valueName":"search_term_string"}}],"inLanguage":"es"},{"@type":"Organization","@id":"http:\/\/cuartetoenlaweb.com.ar\/sitio\/#organization","name":"Cuarteto en la Web","url":"http:\/\/cuartetoenlaweb.com.ar\/sitio\/","logo":{"@type":"ImageObject","inLanguage":"es","@id":"http:\/\/cuartetoenlaweb.com.ar\/sitio\/#\/schema\/logo\/image\/","url":"http:\/\/cuartetoenlaweb.com.ar\/sitio\/wp-content\/uploads\/2025\/07\/cropped-cropped-logitoweb21.png","contentUrl":"http:\/\/cuartetoenlaweb.com.ar\/sitio\/wp-content\/uploads\/2025\/07\/cropped-cropped-logitoweb21.png","width":199,"height":199,"caption":"Cuarteto en la Web"},"image":{"@id":"http:\/\/cuartetoenlaweb.com.ar\/sitio\/#\/schema\/logo\/image\/"}}]}},"_links":{"self":[{"href":"http:\/\/cuartetoenlaweb.com.ar\/sitio\/wp-json\/wp\/v2\/posts\/9699","targetHints":{"allow":["GET"]}}],"collection":[{"href":"http:\/\/cuartetoenlaweb.com.ar\/sitio\/wp-json\/wp\/v2\/posts"}],"about":[{"href":"http:\/\/cuartetoenlaweb.com.ar\/sitio\/wp-json\/wp\/v2\/types\/post"}],"replies":[{"embeddable":true,"href":"http:\/\/cuartetoenlaweb.com.ar\/sitio\/wp-json\/wp\/v2\/comments?post=9699"}],"version-history":[{"count":0,"href":"http:\/\/cuartetoenlaweb.com.ar\/sitio\/wp-json\/wp\/v2\/posts\/9699\/revisions"}],"wp:featuredmedia":[{"embeddable":true,"href":"http:\/\/cuartetoenlaweb.com.ar\/sitio\/wp-json\/wp\/v2\/media\/9700"}],"wp:attachment":[{"href":"http:\/\/cuartetoenlaweb.com.ar\/sitio\/wp-json\/wp\/v2\/media?parent=9699"}],"wp:term":[{"taxonomy":"category","embeddable":true,"href":"http:\/\/cuartetoenlaweb.com.ar\/sitio\/wp-json\/wp\/v2\/categories?post=9699"},{"taxonomy":"post_tag","embeddable":true,"href":"http:\/\/cuartetoenlaweb.com.ar\/sitio\/wp-json\/wp\/v2\/tags?post=9699"}],"curies":[{"name":"wp","href":"https:\/\/api.w.org\/{rel}","templated":true}]}}