
{"id":9693,"date":"2025-12-28T13:44:12","date_gmt":"2025-12-28T16:44:12","guid":{"rendered":"https:\/\/cuartetoenlaweb.com.ar\/sitio\/el-optimismo-en-brasil-nao-tem-fim-un-69-cree-que-en-2026-va-a-estar-mejor\/"},"modified":"2025-12-28T13:44:12","modified_gmt":"2025-12-28T16:44:12","slug":"el-optimismo-en-brasil-nao-tem-fim-un-69-cree-que-en-2026-va-a-estar-mejor","status":"publish","type":"post","link":"http:\/\/cuartetoenlaweb.com.ar\/sitio\/el-optimismo-en-brasil-nao-tem-fim-un-69-cree-que-en-2026-va-a-estar-mejor\/","title":{"rendered":"El optimismo en Brasil \u201cnao tem fim\u201d: un 69% cree que en 2026 va a estar mejor"},"content":{"rendered":"<p>Buenos Aires, 28 diciembre (NA) \u2013 Una encuesta realizada en Brasil indic\u00f3 que los habitantes encarar\u00e1n el 2026 con un optimismo absoluto, ya que el 69 por ciento considera que ser\u00e1 un a\u00f1o mejor para su situaci\u00f3n personal en comparaci\u00f3n con 2025.<\/p>\n<p>As\u00ed lo se\u00f1al\u00f3 una encuesta de opini\u00f3n divulgada este domingo por el instituto Datafolha en la portada del diario Folha de Sao Paulo, seg\u00fan pudo saber la Agencia Noticias Argentinas.<\/p>\n<p>El resultado representa un aumento de nueve puntos porcentuales frente a la medici\u00f3n anterior, ya que a fines de 2024 el 60 por ciento de los entrevistados esperaba una mejora en la situaci\u00f3n personal en el actual a\u00f1o.<\/p>\n<p>Ante la pregunta \u00abEn su opini\u00f3n, \u00bf2026 ser\u00e1 un a\u00f1o mejor, igual o peor que 2025 para usted?\u00bb, el 16 por ciento respondi\u00f3 que la situaci\u00f3n ser\u00e1 igual, el 11 por ciento cree que empeorar\u00e1 y el 3 por ciento no supo responder.<\/p>\n<p>El sondeo tambi\u00e9n muestra un aumento del optimismo sobre la situaci\u00f3n de Brasil en general, en un a\u00f1o en el cual habr\u00e1 elecciones generales y el presidente Lula da Silva se presentar\u00e1 a la reelecci\u00f3n.<\/p>\n<p>Para el 60 por ciento de los encuestados, 2026 ser\u00e1 un a\u00f1o mejor para Brasil en comparaci\u00f3n con 2025, frente al 47 por ciento registrado en la encuesta anterior.<\/p>\n<p>Ese nivel de confianza iguala el observado tras las elecciones presidenciales de 2022, que llevaron a Lula a su tercer mandato, apunt\u00f3 el estudio.<\/p>\n<p>El optimismo es mayor entre las mujeres, ya que el 74 por ciento espera una mejora en la situaci\u00f3n personal en 2026, frente al 65 por ciento de los hombres.<\/p>\n<p>Por preferencias pol\u00edticas, el 78 por ciento de quienes votan por Lula en la segunda vuelta de 2022 espera una mejora en 2026, mientras que el porcentaje desciende al 61 por ciento entre los votantes del ex presidente Jair Bolsonaro, hoy preso por una condena a 27 a\u00f1os y 3 meses por intento de golpe de Estado.<\/p>\n<p>El optimismo alcanza al 79 por ciento entre quienes aprueban la gesti\u00f3n del Gobierno y baja al 59 por ciento entre quienes la desaprueban.<\/p>\n<p>#AgenciaNA<\/p>\n","protected":false},"excerpt":{"rendered":"<p>Buenos Aires, 28 diciembre (NA) \u2013 Una encuesta realizada en<\/p>\n","protected":false},"author":0,"featured_media":9694,"comment_status":"","ping_status":"","sticky":false,"template":"","format":"standard","meta":{"footnotes":""},"categories":[65],"tags":[],"class_list":["post-9693","post","type-post","status-publish","format-standard","has-post-thumbnail","hentry","category-pais"],"yoast_head":"<!-- This site is optimized with the Yoast SEO plugin v27.5 - https:\/\/yoast.com\/product\/yoast-seo-wordpress\/ -->\n<title>El optimismo en Brasil \u201cnao tem fim\u201d: un 69% cree que en 2026 va a estar mejor - Cuarteto en la Web<\/title>\n<meta name=\"robots\" content=\"index, follow, max-snippet:-1, max-image-preview:large, max-video-preview:-1\" \/>\n<link rel=\"canonical\" href=\"https:\/\/cuartetoenlaweb.com.ar\/sitio\/el-optimismo-en-brasil-nao-tem-fim-un-69-cree-que-en-2026-va-a-estar-mejor\/\" \/>\n<meta property=\"og:locale\" content=\"es_ES\" \/>\n<meta property=\"og:type\" content=\"article\" \/>\n<meta property=\"og:title\" content=\"El optimismo en Brasil \u201cnao tem fim\u201d: un 69% cree que en 2026 va a estar mejor - Cuarteto en la Web\" \/>\n<meta property=\"og:description\" content=\"Buenos Aires, 28 diciembre (NA) \u2013 Una encuesta realizada en\" \/>\n<meta property=\"og:url\" content=\"https:\/\/cuartetoenlaweb.com.ar\/sitio\/el-optimismo-en-brasil-nao-tem-fim-un-69-cree-que-en-2026-va-a-estar-mejor\/\" \/>\n<meta property=\"og:site_name\" content=\"Cuarteto en la Web\" \/>\n<meta property=\"article:published_time\" content=\"2025-12-28T16:44:12+00:00\" \/>\n<meta property=\"og:image\" content=\"https:\/\/cuartetoenlaweb.com.ar\/sitio\/wp-content\/uploads\/2025\/12\/image-14.jpg\" \/>\n\t<meta property=\"og:image:width\" content=\"1024\" \/>\n\t<meta property=\"og:image:height\" content=\"680\" \/>\n\t<meta property=\"og:image:type\" content=\"image\/jpeg\" \/>\n<meta name=\"twitter:card\" content=\"summary_large_image\" \/>\n<meta name=\"twitter:label1\" content=\"Tiempo de lectura\" \/>\n\t<meta name=\"twitter:data1\" content=\"2 minutos\" \/>\n<script type=\"application\/ld+json\" class=\"yoast-schema-graph\">{\"@context\":\"https:\\\/\\\/schema.org\",\"@graph\":[{\"@type\":\"Article\",\"@id\":\"https:\\\/\\\/cuartetoenlaweb.com.ar\\\/sitio\\\/el-optimismo-en-brasil-nao-tem-fim-un-69-cree-que-en-2026-va-a-estar-mejor\\\/#article\",\"isPartOf\":{\"@id\":\"https:\\\/\\\/cuartetoenlaweb.com.ar\\\/sitio\\\/el-optimismo-en-brasil-nao-tem-fim-un-69-cree-que-en-2026-va-a-estar-mejor\\\/\"},\"author\":{\"name\":\"\",\"@id\":\"\"},\"headline\":\"El optimismo en Brasil \u201cnao tem fim\u201d: un 69% cree que en 2026 va a estar mejor\",\"datePublished\":\"2025-12-28T16:44:12+00:00\",\"mainEntityOfPage\":{\"@id\":\"https:\\\/\\\/cuartetoenlaweb.com.ar\\\/sitio\\\/el-optimismo-en-brasil-nao-tem-fim-un-69-cree-que-en-2026-va-a-estar-mejor\\\/\"},\"wordCount\":363,\"publisher\":{\"@id\":\"http:\\\/\\\/cuartetoenlaweb.com.ar\\\/sitio\\\/#organization\"},\"image\":{\"@id\":\"https:\\\/\\\/cuartetoenlaweb.com.ar\\\/sitio\\\/el-optimismo-en-brasil-nao-tem-fim-un-69-cree-que-en-2026-va-a-estar-mejor\\\/#primaryimage\"},\"thumbnailUrl\":\"http:\\\/\\\/cuartetoenlaweb.com.ar\\\/sitio\\\/wp-content\\\/uploads\\\/2025\\\/12\\\/image-14.jpg\",\"articleSection\":[\"PAIS\"],\"inLanguage\":\"es\"},{\"@type\":\"WebPage\",\"@id\":\"https:\\\/\\\/cuartetoenlaweb.com.ar\\\/sitio\\\/el-optimismo-en-brasil-nao-tem-fim-un-69-cree-que-en-2026-va-a-estar-mejor\\\/\",\"url\":\"https:\\\/\\\/cuartetoenlaweb.com.ar\\\/sitio\\\/el-optimismo-en-brasil-nao-tem-fim-un-69-cree-que-en-2026-va-a-estar-mejor\\\/\",\"name\":\"El optimismo en Brasil \u201cnao tem fim\u201d: un 69% cree que en 2026 va a estar mejor - Cuarteto en la Web\",\"isPartOf\":{\"@id\":\"http:\\\/\\\/cuartetoenlaweb.com.ar\\\/sitio\\\/#website\"},\"primaryImageOfPage\":{\"@id\":\"https:\\\/\\\/cuartetoenlaweb.com.ar\\\/sitio\\\/el-optimismo-en-brasil-nao-tem-fim-un-69-cree-que-en-2026-va-a-estar-mejor\\\/#primaryimage\"},\"image\":{\"@id\":\"https:\\\/\\\/cuartetoenlaweb.com.ar\\\/sitio\\\/el-optimismo-en-brasil-nao-tem-fim-un-69-cree-que-en-2026-va-a-estar-mejor\\\/#primaryimage\"},\"thumbnailUrl\":\"http:\\\/\\\/cuartetoenlaweb.com.ar\\\/sitio\\\/wp-content\\\/uploads\\\/2025\\\/12\\\/image-14.jpg\",\"datePublished\":\"2025-12-28T16:44:12+00:00\",\"breadcrumb\":{\"@id\":\"https:\\\/\\\/cuartetoenlaweb.com.ar\\\/sitio\\\/el-optimismo-en-brasil-nao-tem-fim-un-69-cree-que-en-2026-va-a-estar-mejor\\\/#breadcrumb\"},\"inLanguage\":\"es\",\"potentialAction\":[{\"@type\":\"ReadAction\",\"target\":[\"https:\\\/\\\/cuartetoenlaweb.com.ar\\\/sitio\\\/el-optimismo-en-brasil-nao-tem-fim-un-69-cree-que-en-2026-va-a-estar-mejor\\\/\"]}]},{\"@type\":\"ImageObject\",\"inLanguage\":\"es\",\"@id\":\"https:\\\/\\\/cuartetoenlaweb.com.ar\\\/sitio\\\/el-optimismo-en-brasil-nao-tem-fim-un-69-cree-que-en-2026-va-a-estar-mejor\\\/#primaryimage\",\"url\":\"http:\\\/\\\/cuartetoenlaweb.com.ar\\\/sitio\\\/wp-content\\\/uploads\\\/2025\\\/12\\\/image-14.jpg\",\"contentUrl\":\"http:\\\/\\\/cuartetoenlaweb.com.ar\\\/sitio\\\/wp-content\\\/uploads\\\/2025\\\/12\\\/image-14.jpg\",\"width\":1024,\"height\":680},{\"@type\":\"BreadcrumbList\",\"@id\":\"https:\\\/\\\/cuartetoenlaweb.com.ar\\\/sitio\\\/el-optimismo-en-brasil-nao-tem-fim-un-69-cree-que-en-2026-va-a-estar-mejor\\\/#breadcrumb\",\"itemListElement\":[{\"@type\":\"ListItem\",\"position\":1,\"name\":\"Portada\",\"item\":\"http:\\\/\\\/cuartetoenlaweb.com.ar\\\/sitio\\\/\"},{\"@type\":\"ListItem\",\"position\":2,\"name\":\"El optimismo en Brasil \u201cnao tem fim\u201d: un 69% cree que en 2026 va a estar mejor\"}]},{\"@type\":\"WebSite\",\"@id\":\"http:\\\/\\\/cuartetoenlaweb.com.ar\\\/sitio\\\/#website\",\"url\":\"http:\\\/\\\/cuartetoenlaweb.com.ar\\\/sitio\\\/\",\"name\":\"Cuarteto en la Web\",\"description\":\"\",\"publisher\":{\"@id\":\"http:\\\/\\\/cuartetoenlaweb.com.ar\\\/sitio\\\/#organization\"},\"potentialAction\":[{\"@type\":\"SearchAction\",\"target\":{\"@type\":\"EntryPoint\",\"urlTemplate\":\"http:\\\/\\\/cuartetoenlaweb.com.ar\\\/sitio\\\/?s={search_term_string}\"},\"query-input\":{\"@type\":\"PropertyValueSpecification\",\"valueRequired\":true,\"valueName\":\"search_term_string\"}}],\"inLanguage\":\"es\"},{\"@type\":\"Organization\",\"@id\":\"http:\\\/\\\/cuartetoenlaweb.com.ar\\\/sitio\\\/#organization\",\"name\":\"Cuarteto en la Web\",\"url\":\"http:\\\/\\\/cuartetoenlaweb.com.ar\\\/sitio\\\/\",\"logo\":{\"@type\":\"ImageObject\",\"inLanguage\":\"es\",\"@id\":\"http:\\\/\\\/cuartetoenlaweb.com.ar\\\/sitio\\\/#\\\/schema\\\/logo\\\/image\\\/\",\"url\":\"http:\\\/\\\/cuartetoenlaweb.com.ar\\\/sitio\\\/wp-content\\\/uploads\\\/2025\\\/07\\\/cropped-cropped-logitoweb21.png\",\"contentUrl\":\"http:\\\/\\\/cuartetoenlaweb.com.ar\\\/sitio\\\/wp-content\\\/uploads\\\/2025\\\/07\\\/cropped-cropped-logitoweb21.png\",\"width\":199,\"height\":199,\"caption\":\"Cuarteto en la Web\"},\"image\":{\"@id\":\"http:\\\/\\\/cuartetoenlaweb.com.ar\\\/sitio\\\/#\\\/schema\\\/logo\\\/image\\\/\"}}]}<\/script>\n<!-- \/ Yoast SEO plugin. -->","yoast_head_json":{"title":"El optimismo en Brasil \u201cnao tem fim\u201d: un 69% cree que en 2026 va a estar mejor - Cuarteto en la Web","robots":{"index":"index","follow":"follow","max-snippet":"max-snippet:-1","max-image-preview":"max-image-preview:large","max-video-preview":"max-video-preview:-1"},"canonical":"https:\/\/cuartetoenlaweb.com.ar\/sitio\/el-optimismo-en-brasil-nao-tem-fim-un-69-cree-que-en-2026-va-a-estar-mejor\/","og_locale":"es_ES","og_type":"article","og_title":"El optimismo en Brasil \u201cnao tem fim\u201d: un 69% cree que en 2026 va a estar mejor - Cuarteto en la Web","og_description":"Buenos Aires, 28 diciembre (NA) \u2013 Una encuesta realizada en","og_url":"https:\/\/cuartetoenlaweb.com.ar\/sitio\/el-optimismo-en-brasil-nao-tem-fim-un-69-cree-que-en-2026-va-a-estar-mejor\/","og_site_name":"Cuarteto en la Web","article_published_time":"2025-12-28T16:44:12+00:00","og_image":[{"width":1024,"height":680,"url":"https:\/\/cuartetoenlaweb.com.ar\/sitio\/wp-content\/uploads\/2025\/12\/image-14.jpg","type":"image\/jpeg"}],"twitter_card":"summary_large_image","twitter_misc":{"Tiempo de lectura":"2 minutos"},"schema":{"@context":"https:\/\/schema.org","@graph":[{"@type":"Article","@id":"https:\/\/cuartetoenlaweb.com.ar\/sitio\/el-optimismo-en-brasil-nao-tem-fim-un-69-cree-que-en-2026-va-a-estar-mejor\/#article","isPartOf":{"@id":"https:\/\/cuartetoenlaweb.com.ar\/sitio\/el-optimismo-en-brasil-nao-tem-fim-un-69-cree-que-en-2026-va-a-estar-mejor\/"},"author":{"name":"","@id":""},"headline":"El optimismo en Brasil \u201cnao tem fim\u201d: un 69% cree que en 2026 va a estar mejor","datePublished":"2025-12-28T16:44:12+00:00","mainEntityOfPage":{"@id":"https:\/\/cuartetoenlaweb.com.ar\/sitio\/el-optimismo-en-brasil-nao-tem-fim-un-69-cree-que-en-2026-va-a-estar-mejor\/"},"wordCount":363,"publisher":{"@id":"http:\/\/cuartetoenlaweb.com.ar\/sitio\/#organization"},"image":{"@id":"https:\/\/cuartetoenlaweb.com.ar\/sitio\/el-optimismo-en-brasil-nao-tem-fim-un-69-cree-que-en-2026-va-a-estar-mejor\/#primaryimage"},"thumbnailUrl":"http:\/\/cuartetoenlaweb.com.ar\/sitio\/wp-content\/uploads\/2025\/12\/image-14.jpg","articleSection":["PAIS"],"inLanguage":"es"},{"@type":"WebPage","@id":"https:\/\/cuartetoenlaweb.com.ar\/sitio\/el-optimismo-en-brasil-nao-tem-fim-un-69-cree-que-en-2026-va-a-estar-mejor\/","url":"https:\/\/cuartetoenlaweb.com.ar\/sitio\/el-optimismo-en-brasil-nao-tem-fim-un-69-cree-que-en-2026-va-a-estar-mejor\/","name":"El optimismo en Brasil \u201cnao tem fim\u201d: un 69% cree que en 2026 va a estar mejor - Cuarteto en la Web","isPartOf":{"@id":"http:\/\/cuartetoenlaweb.com.ar\/sitio\/#website"},"primaryImageOfPage":{"@id":"https:\/\/cuartetoenlaweb.com.ar\/sitio\/el-optimismo-en-brasil-nao-tem-fim-un-69-cree-que-en-2026-va-a-estar-mejor\/#primaryimage"},"image":{"@id":"https:\/\/cuartetoenlaweb.com.ar\/sitio\/el-optimismo-en-brasil-nao-tem-fim-un-69-cree-que-en-2026-va-a-estar-mejor\/#primaryimage"},"thumbnailUrl":"http:\/\/cuartetoenlaweb.com.ar\/sitio\/wp-content\/uploads\/2025\/12\/image-14.jpg","datePublished":"2025-12-28T16:44:12+00:00","breadcrumb":{"@id":"https:\/\/cuartetoenlaweb.com.ar\/sitio\/el-optimismo-en-brasil-nao-tem-fim-un-69-cree-que-en-2026-va-a-estar-mejor\/#breadcrumb"},"inLanguage":"es","potentialAction":[{"@type":"ReadAction","target":["https:\/\/cuartetoenlaweb.com.ar\/sitio\/el-optimismo-en-brasil-nao-tem-fim-un-69-cree-que-en-2026-va-a-estar-mejor\/"]}]},{"@type":"ImageObject","inLanguage":"es","@id":"https:\/\/cuartetoenlaweb.com.ar\/sitio\/el-optimismo-en-brasil-nao-tem-fim-un-69-cree-que-en-2026-va-a-estar-mejor\/#primaryimage","url":"http:\/\/cuartetoenlaweb.com.ar\/sitio\/wp-content\/uploads\/2025\/12\/image-14.jpg","contentUrl":"http:\/\/cuartetoenlaweb.com.ar\/sitio\/wp-content\/uploads\/2025\/12\/image-14.jpg","width":1024,"height":680},{"@type":"BreadcrumbList","@id":"https:\/\/cuartetoenlaweb.com.ar\/sitio\/el-optimismo-en-brasil-nao-tem-fim-un-69-cree-que-en-2026-va-a-estar-mejor\/#breadcrumb","itemListElement":[{"@type":"ListItem","position":1,"name":"Portada","item":"http:\/\/cuartetoenlaweb.com.ar\/sitio\/"},{"@type":"ListItem","position":2,"name":"El optimismo en Brasil \u201cnao tem fim\u201d: un 69% cree que en 2026 va a estar mejor"}]},{"@type":"WebSite","@id":"http:\/\/cuartetoenlaweb.com.ar\/sitio\/#website","url":"http:\/\/cuartetoenlaweb.com.ar\/sitio\/","name":"Cuarteto en la Web","description":"","publisher":{"@id":"http:\/\/cuartetoenlaweb.com.ar\/sitio\/#organization"},"potentialAction":[{"@type":"SearchAction","target":{"@type":"EntryPoint","urlTemplate":"http:\/\/cuartetoenlaweb.com.ar\/sitio\/?s={search_term_string}"},"query-input":{"@type":"PropertyValueSpecification","valueRequired":true,"valueName":"search_term_string"}}],"inLanguage":"es"},{"@type":"Organization","@id":"http:\/\/cuartetoenlaweb.com.ar\/sitio\/#organization","name":"Cuarteto en la Web","url":"http:\/\/cuartetoenlaweb.com.ar\/sitio\/","logo":{"@type":"ImageObject","inLanguage":"es","@id":"http:\/\/cuartetoenlaweb.com.ar\/sitio\/#\/schema\/logo\/image\/","url":"http:\/\/cuartetoenlaweb.com.ar\/sitio\/wp-content\/uploads\/2025\/07\/cropped-cropped-logitoweb21.png","contentUrl":"http:\/\/cuartetoenlaweb.com.ar\/sitio\/wp-content\/uploads\/2025\/07\/cropped-cropped-logitoweb21.png","width":199,"height":199,"caption":"Cuarteto en la Web"},"image":{"@id":"http:\/\/cuartetoenlaweb.com.ar\/sitio\/#\/schema\/logo\/image\/"}}]}},"_links":{"self":[{"href":"http:\/\/cuartetoenlaweb.com.ar\/sitio\/wp-json\/wp\/v2\/posts\/9693","targetHints":{"allow":["GET"]}}],"collection":[{"href":"http:\/\/cuartetoenlaweb.com.ar\/sitio\/wp-json\/wp\/v2\/posts"}],"about":[{"href":"http:\/\/cuartetoenlaweb.com.ar\/sitio\/wp-json\/wp\/v2\/types\/post"}],"replies":[{"embeddable":true,"href":"http:\/\/cuartetoenlaweb.com.ar\/sitio\/wp-json\/wp\/v2\/comments?post=9693"}],"version-history":[{"count":0,"href":"http:\/\/cuartetoenlaweb.com.ar\/sitio\/wp-json\/wp\/v2\/posts\/9693\/revisions"}],"wp:featuredmedia":[{"embeddable":true,"href":"http:\/\/cuartetoenlaweb.com.ar\/sitio\/wp-json\/wp\/v2\/media\/9694"}],"wp:attachment":[{"href":"http:\/\/cuartetoenlaweb.com.ar\/sitio\/wp-json\/wp\/v2\/media?parent=9693"}],"wp:term":[{"taxonomy":"category","embeddable":true,"href":"http:\/\/cuartetoenlaweb.com.ar\/sitio\/wp-json\/wp\/v2\/categories?post=9693"},{"taxonomy":"post_tag","embeddable":true,"href":"http:\/\/cuartetoenlaweb.com.ar\/sitio\/wp-json\/wp\/v2\/tags?post=9693"}],"curies":[{"name":"wp","href":"https:\/\/api.w.org\/{rel}","templated":true}]}}