
{"id":9687,"date":"2025-12-28T13:44:07","date_gmt":"2025-12-28T16:44:07","guid":{"rendered":"https:\/\/cuartetoenlaweb.com.ar\/sitio\/el-fuerte-dato-sobre-la-internacion-de-la-ex-gran-hermano-silvina-scheffler-delicado-un-virus-que\/"},"modified":"2025-12-28T13:44:07","modified_gmt":"2025-12-28T16:44:07","slug":"el-fuerte-dato-sobre-la-internacion-de-la-ex-gran-hermano-silvina-scheffler-delicado-un-virus-que","status":"publish","type":"post","link":"http:\/\/cuartetoenlaweb.com.ar\/sitio\/el-fuerte-dato-sobre-la-internacion-de-la-ex-gran-hermano-silvina-scheffler-delicado-un-virus-que\/","title":{"rendered":"El fuerte dato sobre la internaci\u00f3n de la ex Gran Hermano Silvina Scheffler: \u201cDelicado, un virus que\u2026\u201d"},"content":{"rendered":"<p>La noticia gener\u00f3 preocupaci\u00f3n desde el primer momento, aunque luego, con el paso de las horas, lleg\u00f3 una bocanada de alivio.<strong> Silvina Scheffler<\/strong>, exparticipante de <strong>Gran Hermano<\/strong>, atraviesa un delicado cuadro de salud desde hace m\u00e1s de una semana. El drama sobre su salud se dio a conocer este s\u00e1bado, pero con el correr del d\u00eda se fueron conociendo algunas cuestiones alentadoras.<\/p>\n<p><strong><a href=\"https:\/\/www.paparazzi.com.ar\/teve\/conmocion-la-ex-gran-hermano-que-esta-internada-en-terapia-intensiva-por-un-dificil-cuadro-de-salud\/\">Silvina<\/a><\/strong> permanec\u00eda internada en terapia intensiva en la Cl\u00ednica Bazterrica a ra\u00edz de una leptospirosis, una enfermedad infecciosa que encendi\u00f3 todas las alarmas. Con el sacud\u00f3n de la noticia, todos se movilizaron para conocer un poco m\u00e1s sobre este delicado cuadro de salud, y fue <strong>Nito Artaza<\/strong> quien rompi\u00f3 el silencio en di\u00e1logo con TN Show.<\/p>\n<p>Artaza, que fue pareja de <strong><a href=\"https:\/\/www.paparazzi.com.ar\/teve\/bomba-en-gran-hermano-santiago-del-moro-confirmo-una-de-las-noticias-mas-fuertes-del-reality\/\">Scheffler<\/a><\/strong> hace unos a\u00f1os pero que todav\u00eda sigue en contacto con ella, confirm\u00f3 que el peor momento ya qued\u00f3 atr\u00e1s y hay optimismo en su recuperaci\u00f3n. <em>\u201cEstuvo en terapia durante cinco d\u00edas, pero ahora ya la van a pasar a una sala com\u00fan\u201d<\/em>, explic\u00f3 sobre el giro positivo en su salud. As\u00ed las cosas, la incertidumbre parece desaparecer.<\/p>\n<div class=\"mt-box \">\n<h4 class=\"mt-heading\">Mir\u00e1 Tambi\u00e9n<\/h4>\n<p><a href=\"https:\/\/www.paparazzi.com.ar\/videos\/exclusivo-la-sensible-revelacion-de-luis-ventura-sobre-sus-noches-duermo-con-los-seres-queridos-que-ya-partieron\/\"><\/p>\n<div class=\"mt-content\">\n<div class=\"mt-image-container\"><img decoding=\"async\" src=\"https:\/\/www.paparazzi.com.ar\/wp-content\/uploads\/2025\/11\/Ventura-1-359x226.jpg\" alt=\"\u00a1Exclusivo! La sensible revelaci\u00f3n de Luis Ventura sobre sus noches: &quot;Duermo con los seres queridos que ya partieron&quot;\" class=\"mt-image\" loading=\"lazy\" \/><\/div>\n<h5 class=\"mt-title\">\u00a1Exclusivo! La sensible revelaci\u00f3n de Luis Ventura sobre sus noches: \u00abDuermo con los seres queridos que ya partieron\u00bb<\/h5>\n<\/div>\n<p><\/a><\/div>\n<p>El camino hasta llegar al diagn\u00f3stico no fue sencillo. Seg\u00fan relat\u00f3 el productor teatral, los primeros d\u00edas estuvieron atravesados por la preocupaci\u00f3n. <em>\u201cEl tema fue delicado porque era un virus que no encontraban; se lo detectaron al final\u201d<\/em>, cont\u00f3. Definitivamente, <strong><a href=\"https:\/\/www.paparazzi.com.ar\/romances\/que-historia-la-ex-gh-2022-que-fue-mama-con-el-hermano-de-su-ex-novio-hoy-empieza-la-verdadera-vida\/\">Silvina<\/a><\/strong> no la pas\u00f3 nada bien durante estos d\u00edas en terapia intensiva mientras los m\u00e9dicos buscaban respuestas a su caso.<\/p>\n<h2 class=\"wp-block-heading\">C\u00d3MO SIGUE LA SALUD DE SILVINA SCHEFFLER TRAS SER INTERNADA POR UN COMPLEJO DIAGN\u00d3STICO<\/h2>\n<p>Por otro lado, <strong>Scheffler<\/strong> no estuvo sola. <strong>Artaza<\/strong> destac\u00f3 tanto la atenci\u00f3n m\u00e9dica recibida como el acompa\u00f1amiento familiar que result\u00f3 clave en este momento. <em>\u201cFue muy bien atendida ah\u00ed en la Bazterrica, excelente. Yo estuve acompa\u00f1\u00e1ndola tambi\u00e9n, por supuesto. Estuvo su hermana, y tambi\u00e9n vino su madre desde Entre R\u00edos\u201d<\/em>, se\u00f1al\u00f3.<\/p>\n<p>Si bien la relaci\u00f3n de pareja entre la ex <strong>Gran Hermano<\/strong> y el productor termin\u00f3 hace varios a\u00f1os, ambos siguen en contacto desde un buen v\u00ednculo. <em>\u201cHa evolucionado muy bien, est\u00e1 muy bien. Siempre estamos en contacto. Yo ya ven\u00eda en contacto con ella y acompa\u00f1\u00e1ndola tambi\u00e9n\u201d<\/em>, cont\u00f3 sobre el di\u00e1logo que a\u00fan mantienen.<\/p>\n<div class=\"mt-box \">\n<h4 class=\"mt-heading\">Mir\u00e1 Tambi\u00e9n<\/h4>\n<p><a href=\"https:\/\/www.paparazzi.com.ar\/teve\/conmocion-la-ex-gran-hermano-que-esta-internada-en-terapia-intensiva-por-un-dificil-cuadro-de-salud\/\"><\/p>\n<div class=\"mt-content\">\n<div class=\"mt-image-container\"><img decoding=\"async\" src=\"https:\/\/www.paparazzi.com.ar\/wp-content\/uploads\/2025\/12\/Silvina-Scheffler-359x226.jpg\" alt=\"Conmoci\u00f3n: la ex Gran Hermano que est\u00e1 internada en terapia intensiva por un dif\u00edcil cuadro de salud\" class=\"mt-image\" loading=\"lazy\" \/><\/div>\n<h5 class=\"mt-title\">Conmoci\u00f3n: la ex Gran Hermano que est\u00e1 internada en terapia intensiva por un dif\u00edcil cuadro de salud<\/h5>\n<\/div>\n<p><\/a><\/div>\n<p>Con el diagn\u00f3stico confirmado y ya en tratamiento, el panorama de <strong>Silvina<\/strong> cambi\u00f3 favorablemente. De hecho el productor se mostr\u00f3 optimista y esperanzado respecto al alta m\u00e9dica. <em>\u201cEst\u00e1 muy bien. La veo con muchas ganas. Se puso muy bien al enterarse de que ya pudieron detectar de qu\u00e9 se trataba. Y la medicaci\u00f3n fue muy acertada. Y creo que va a salir bien. Si Dios quiere, en los pr\u00f3ximos d\u00edas estar\u00e1 en su casa\u201d<\/em>, sentenci\u00f3.<\/p>\n<div class=\"mt-box \">\n<h4 class=\"mt-heading\">Mir\u00e1 Tambi\u00e9n<\/h4>\n<p><a href=\"https:\/\/www.paparazzi.com.ar\/teve\/bomba-en-gran-hermano-santiago-del-moro-confirmo-una-de-las-noticias-mas-fuertes-del-reality\/\"><\/p>\n<div class=\"mt-content\">\n<div class=\"mt-image-container\"><img decoding=\"async\" src=\"https:\/\/www.paparazzi.com.ar\/wp-content\/uploads\/2025\/12\/Santi-Del-Moro-359x226.jpg\" alt=\"Bomba en Gran Hermano: Santiago del Moro confirm\u00f3 una de las noticias m\u00e1s fuertes del reality\" class=\"mt-image\" loading=\"lazy\" \/><\/div>\n<h5 class=\"mt-title\">Bomba en Gran Hermano: Santiago del Moro confirm\u00f3 una de las noticias m\u00e1s fuertes del reality<\/h5>\n<\/div>\n<p><\/a><\/div>\n<div class=\"mt-box \">\n<h4 class=\"mt-heading\">Mir\u00e1 Tambi\u00e9n<\/h4>\n<p><a href=\"https:\/\/www.paparazzi.com.ar\/romances\/que-historia-la-ex-gh-2022-que-fue-mama-con-el-hermano-de-su-ex-novio-hoy-empieza-la-verdadera-vida\/\"><\/p>\n<div class=\"mt-content\">\n<div class=\"mt-image-container\"><img decoding=\"async\" src=\"https:\/\/www.paparazzi.com.ar\/wp-content\/uploads\/2025\/12\/Hermano-1-359x226.jpg\" alt=\"\u00a1Qu\u00e9 historia! La ex GH 2022 que fue mam\u00e1 con el hermano de su ex novio: &quot;Hoy empieza la verdadera vida&quot;\" class=\"mt-image\" loading=\"lazy\" \/><\/div>\n<h5 class=\"mt-title\">\u00a1Qu\u00e9 historia! La ex GH 2022 que fue mam\u00e1 con el hermano de su ex novio: \u00abHoy empieza la verdadera vida\u00bb<\/h5>\n<\/div>\n<p><\/a><\/div>\n<p>The post <a href=\"https:\/\/www.paparazzi.com.ar\/teve\/el-fuerte-dato-sobre-la-internacion-de-la-ex-gran-hermano-silvina-scheffler-delicado-un-virus-que\/\">El fuerte dato sobre la internaci\u00f3n de la ex Gran Hermano Silvina Scheffler: \u201cDelicado, un virus que\u2026\u201d<\/a> appeared first on <a href=\"https:\/\/www.paparazzi.com.ar\">Revista Paparazzi<\/a>.<\/p>\n","protected":false},"excerpt":{"rendered":"<p>La noticia gener\u00f3 preocupaci\u00f3n desde el primer momento, aunque luego,<\/p>\n","protected":false},"author":0,"featured_media":9688,"comment_status":"","ping_status":"","sticky":false,"template":"","format":"standard","meta":{"footnotes":""},"categories":[65],"tags":[],"class_list":["post-9687","post","type-post","status-publish","format-standard","has-post-thumbnail","hentry","category-pais"],"yoast_head":"<!-- This site is optimized with the Yoast SEO plugin v27.5 - https:\/\/yoast.com\/product\/yoast-seo-wordpress\/ -->\n<title>El fuerte dato sobre la internaci\u00f3n de la ex Gran Hermano Silvina Scheffler: \u201cDelicado, un virus que\u2026\u201d - Cuarteto en la Web<\/title>\n<meta name=\"robots\" content=\"index, follow, max-snippet:-1, max-image-preview:large, max-video-preview:-1\" \/>\n<link rel=\"canonical\" href=\"http:\/\/cuartetoenlaweb.com.ar\/sitio\/el-fuerte-dato-sobre-la-internacion-de-la-ex-gran-hermano-silvina-scheffler-delicado-un-virus-que\/\" \/>\n<meta property=\"og:locale\" content=\"es_ES\" \/>\n<meta property=\"og:type\" content=\"article\" \/>\n<meta property=\"og:title\" content=\"El fuerte dato sobre la internaci\u00f3n de la ex Gran Hermano Silvina Scheffler: \u201cDelicado, un virus que\u2026\u201d - Cuarteto en la Web\" \/>\n<meta property=\"og:description\" content=\"La noticia gener\u00f3 preocupaci\u00f3n desde el primer momento, aunque luego,\" \/>\n<meta property=\"og:url\" content=\"http:\/\/cuartetoenlaweb.com.ar\/sitio\/el-fuerte-dato-sobre-la-internacion-de-la-ex-gran-hermano-silvina-scheffler-delicado-un-virus-que\/\" \/>\n<meta property=\"og:site_name\" content=\"Cuarteto en la Web\" \/>\n<meta property=\"article:published_time\" content=\"2025-12-28T16:44:07+00:00\" \/>\n<meta property=\"og:image\" content=\"http:\/\/cuartetoenlaweb.com.ar\/sitio\/wp-content\/uploads\/2025\/12\/Ventura-1-359x226-58.jpg\" \/>\n\t<meta property=\"og:image:width\" content=\"359\" \/>\n\t<meta property=\"og:image:height\" content=\"226\" \/>\n\t<meta property=\"og:image:type\" content=\"image\/jpeg\" \/>\n<meta name=\"twitter:card\" content=\"summary_large_image\" \/>\n<meta name=\"twitter:label1\" content=\"Tiempo de lectura\" \/>\n\t<meta name=\"twitter:data1\" content=\"3 minutos\" \/>\n<script type=\"application\/ld+json\" class=\"yoast-schema-graph\">{\"@context\":\"https:\\\/\\\/schema.org\",\"@graph\":[{\"@type\":\"Article\",\"@id\":\"http:\\\/\\\/cuartetoenlaweb.com.ar\\\/sitio\\\/el-fuerte-dato-sobre-la-internacion-de-la-ex-gran-hermano-silvina-scheffler-delicado-un-virus-que\\\/#article\",\"isPartOf\":{\"@id\":\"http:\\\/\\\/cuartetoenlaweb.com.ar\\\/sitio\\\/el-fuerte-dato-sobre-la-internacion-de-la-ex-gran-hermano-silvina-scheffler-delicado-un-virus-que\\\/\"},\"author\":{\"name\":\"\",\"@id\":\"\"},\"headline\":\"El fuerte dato sobre la internaci\u00f3n de la ex Gran Hermano Silvina Scheffler: \u201cDelicado, un virus que\u2026\u201d\",\"datePublished\":\"2025-12-28T16:44:07+00:00\",\"mainEntityOfPage\":{\"@id\":\"http:\\\/\\\/cuartetoenlaweb.com.ar\\\/sitio\\\/el-fuerte-dato-sobre-la-internacion-de-la-ex-gran-hermano-silvina-scheffler-delicado-un-virus-que\\\/\"},\"wordCount\":610,\"publisher\":{\"@id\":\"http:\\\/\\\/cuartetoenlaweb.com.ar\\\/sitio\\\/#organization\"},\"image\":{\"@id\":\"http:\\\/\\\/cuartetoenlaweb.com.ar\\\/sitio\\\/el-fuerte-dato-sobre-la-internacion-de-la-ex-gran-hermano-silvina-scheffler-delicado-un-virus-que\\\/#primaryimage\"},\"thumbnailUrl\":\"http:\\\/\\\/cuartetoenlaweb.com.ar\\\/sitio\\\/wp-content\\\/uploads\\\/2025\\\/12\\\/Ventura-1-359x226-58.jpg\",\"articleSection\":[\"PAIS\"],\"inLanguage\":\"es\"},{\"@type\":\"WebPage\",\"@id\":\"http:\\\/\\\/cuartetoenlaweb.com.ar\\\/sitio\\\/el-fuerte-dato-sobre-la-internacion-de-la-ex-gran-hermano-silvina-scheffler-delicado-un-virus-que\\\/\",\"url\":\"http:\\\/\\\/cuartetoenlaweb.com.ar\\\/sitio\\\/el-fuerte-dato-sobre-la-internacion-de-la-ex-gran-hermano-silvina-scheffler-delicado-un-virus-que\\\/\",\"name\":\"El fuerte dato sobre la internaci\u00f3n de la ex Gran Hermano Silvina Scheffler: \u201cDelicado, un virus que\u2026\u201d - Cuarteto en la Web\",\"isPartOf\":{\"@id\":\"http:\\\/\\\/cuartetoenlaweb.com.ar\\\/sitio\\\/#website\"},\"primaryImageOfPage\":{\"@id\":\"http:\\\/\\\/cuartetoenlaweb.com.ar\\\/sitio\\\/el-fuerte-dato-sobre-la-internacion-de-la-ex-gran-hermano-silvina-scheffler-delicado-un-virus-que\\\/#primaryimage\"},\"image\":{\"@id\":\"http:\\\/\\\/cuartetoenlaweb.com.ar\\\/sitio\\\/el-fuerte-dato-sobre-la-internacion-de-la-ex-gran-hermano-silvina-scheffler-delicado-un-virus-que\\\/#primaryimage\"},\"thumbnailUrl\":\"http:\\\/\\\/cuartetoenlaweb.com.ar\\\/sitio\\\/wp-content\\\/uploads\\\/2025\\\/12\\\/Ventura-1-359x226-58.jpg\",\"datePublished\":\"2025-12-28T16:44:07+00:00\",\"breadcrumb\":{\"@id\":\"http:\\\/\\\/cuartetoenlaweb.com.ar\\\/sitio\\\/el-fuerte-dato-sobre-la-internacion-de-la-ex-gran-hermano-silvina-scheffler-delicado-un-virus-que\\\/#breadcrumb\"},\"inLanguage\":\"es\",\"potentialAction\":[{\"@type\":\"ReadAction\",\"target\":[\"http:\\\/\\\/cuartetoenlaweb.com.ar\\\/sitio\\\/el-fuerte-dato-sobre-la-internacion-de-la-ex-gran-hermano-silvina-scheffler-delicado-un-virus-que\\\/\"]}]},{\"@type\":\"ImageObject\",\"inLanguage\":\"es\",\"@id\":\"http:\\\/\\\/cuartetoenlaweb.com.ar\\\/sitio\\\/el-fuerte-dato-sobre-la-internacion-de-la-ex-gran-hermano-silvina-scheffler-delicado-un-virus-que\\\/#primaryimage\",\"url\":\"http:\\\/\\\/cuartetoenlaweb.com.ar\\\/sitio\\\/wp-content\\\/uploads\\\/2025\\\/12\\\/Ventura-1-359x226-58.jpg\",\"contentUrl\":\"http:\\\/\\\/cuartetoenlaweb.com.ar\\\/sitio\\\/wp-content\\\/uploads\\\/2025\\\/12\\\/Ventura-1-359x226-58.jpg\",\"width\":359,\"height\":226},{\"@type\":\"BreadcrumbList\",\"@id\":\"http:\\\/\\\/cuartetoenlaweb.com.ar\\\/sitio\\\/el-fuerte-dato-sobre-la-internacion-de-la-ex-gran-hermano-silvina-scheffler-delicado-un-virus-que\\\/#breadcrumb\",\"itemListElement\":[{\"@type\":\"ListItem\",\"position\":1,\"name\":\"Portada\",\"item\":\"http:\\\/\\\/cuartetoenlaweb.com.ar\\\/sitio\\\/\"},{\"@type\":\"ListItem\",\"position\":2,\"name\":\"El fuerte dato sobre la internaci\u00f3n de la ex Gran Hermano Silvina Scheffler: \u201cDelicado, un virus que\u2026\u201d\"}]},{\"@type\":\"WebSite\",\"@id\":\"http:\\\/\\\/cuartetoenlaweb.com.ar\\\/sitio\\\/#website\",\"url\":\"http:\\\/\\\/cuartetoenlaweb.com.ar\\\/sitio\\\/\",\"name\":\"Cuarteto en la Web\",\"description\":\"\",\"publisher\":{\"@id\":\"http:\\\/\\\/cuartetoenlaweb.com.ar\\\/sitio\\\/#organization\"},\"potentialAction\":[{\"@type\":\"SearchAction\",\"target\":{\"@type\":\"EntryPoint\",\"urlTemplate\":\"http:\\\/\\\/cuartetoenlaweb.com.ar\\\/sitio\\\/?s={search_term_string}\"},\"query-input\":{\"@type\":\"PropertyValueSpecification\",\"valueRequired\":true,\"valueName\":\"search_term_string\"}}],\"inLanguage\":\"es\"},{\"@type\":\"Organization\",\"@id\":\"http:\\\/\\\/cuartetoenlaweb.com.ar\\\/sitio\\\/#organization\",\"name\":\"Cuarteto en la Web\",\"url\":\"http:\\\/\\\/cuartetoenlaweb.com.ar\\\/sitio\\\/\",\"logo\":{\"@type\":\"ImageObject\",\"inLanguage\":\"es\",\"@id\":\"http:\\\/\\\/cuartetoenlaweb.com.ar\\\/sitio\\\/#\\\/schema\\\/logo\\\/image\\\/\",\"url\":\"http:\\\/\\\/cuartetoenlaweb.com.ar\\\/sitio\\\/wp-content\\\/uploads\\\/2025\\\/07\\\/cropped-cropped-logitoweb21.png\",\"contentUrl\":\"http:\\\/\\\/cuartetoenlaweb.com.ar\\\/sitio\\\/wp-content\\\/uploads\\\/2025\\\/07\\\/cropped-cropped-logitoweb21.png\",\"width\":199,\"height\":199,\"caption\":\"Cuarteto en la Web\"},\"image\":{\"@id\":\"http:\\\/\\\/cuartetoenlaweb.com.ar\\\/sitio\\\/#\\\/schema\\\/logo\\\/image\\\/\"}}]}<\/script>\n<!-- \/ Yoast SEO plugin. -->","yoast_head_json":{"title":"El fuerte dato sobre la internaci\u00f3n de la ex Gran Hermano Silvina Scheffler: \u201cDelicado, un virus que\u2026\u201d - Cuarteto en la Web","robots":{"index":"index","follow":"follow","max-snippet":"max-snippet:-1","max-image-preview":"max-image-preview:large","max-video-preview":"max-video-preview:-1"},"canonical":"http:\/\/cuartetoenlaweb.com.ar\/sitio\/el-fuerte-dato-sobre-la-internacion-de-la-ex-gran-hermano-silvina-scheffler-delicado-un-virus-que\/","og_locale":"es_ES","og_type":"article","og_title":"El fuerte dato sobre la internaci\u00f3n de la ex Gran Hermano Silvina Scheffler: \u201cDelicado, un virus que\u2026\u201d - Cuarteto en la Web","og_description":"La noticia gener\u00f3 preocupaci\u00f3n desde el primer momento, aunque luego,","og_url":"http:\/\/cuartetoenlaweb.com.ar\/sitio\/el-fuerte-dato-sobre-la-internacion-de-la-ex-gran-hermano-silvina-scheffler-delicado-un-virus-que\/","og_site_name":"Cuarteto en la Web","article_published_time":"2025-12-28T16:44:07+00:00","og_image":[{"width":359,"height":226,"url":"http:\/\/cuartetoenlaweb.com.ar\/sitio\/wp-content\/uploads\/2025\/12\/Ventura-1-359x226-58.jpg","type":"image\/jpeg"}],"twitter_card":"summary_large_image","twitter_misc":{"Tiempo de lectura":"3 minutos"},"schema":{"@context":"https:\/\/schema.org","@graph":[{"@type":"Article","@id":"http:\/\/cuartetoenlaweb.com.ar\/sitio\/el-fuerte-dato-sobre-la-internacion-de-la-ex-gran-hermano-silvina-scheffler-delicado-un-virus-que\/#article","isPartOf":{"@id":"http:\/\/cuartetoenlaweb.com.ar\/sitio\/el-fuerte-dato-sobre-la-internacion-de-la-ex-gran-hermano-silvina-scheffler-delicado-un-virus-que\/"},"author":{"name":"","@id":""},"headline":"El fuerte dato sobre la internaci\u00f3n de la ex Gran Hermano Silvina Scheffler: \u201cDelicado, un virus que\u2026\u201d","datePublished":"2025-12-28T16:44:07+00:00","mainEntityOfPage":{"@id":"http:\/\/cuartetoenlaweb.com.ar\/sitio\/el-fuerte-dato-sobre-la-internacion-de-la-ex-gran-hermano-silvina-scheffler-delicado-un-virus-que\/"},"wordCount":610,"publisher":{"@id":"http:\/\/cuartetoenlaweb.com.ar\/sitio\/#organization"},"image":{"@id":"http:\/\/cuartetoenlaweb.com.ar\/sitio\/el-fuerte-dato-sobre-la-internacion-de-la-ex-gran-hermano-silvina-scheffler-delicado-un-virus-que\/#primaryimage"},"thumbnailUrl":"http:\/\/cuartetoenlaweb.com.ar\/sitio\/wp-content\/uploads\/2025\/12\/Ventura-1-359x226-58.jpg","articleSection":["PAIS"],"inLanguage":"es"},{"@type":"WebPage","@id":"http:\/\/cuartetoenlaweb.com.ar\/sitio\/el-fuerte-dato-sobre-la-internacion-de-la-ex-gran-hermano-silvina-scheffler-delicado-un-virus-que\/","url":"http:\/\/cuartetoenlaweb.com.ar\/sitio\/el-fuerte-dato-sobre-la-internacion-de-la-ex-gran-hermano-silvina-scheffler-delicado-un-virus-que\/","name":"El fuerte dato sobre la internaci\u00f3n de la ex Gran Hermano Silvina Scheffler: \u201cDelicado, un virus que\u2026\u201d - Cuarteto en la Web","isPartOf":{"@id":"http:\/\/cuartetoenlaweb.com.ar\/sitio\/#website"},"primaryImageOfPage":{"@id":"http:\/\/cuartetoenlaweb.com.ar\/sitio\/el-fuerte-dato-sobre-la-internacion-de-la-ex-gran-hermano-silvina-scheffler-delicado-un-virus-que\/#primaryimage"},"image":{"@id":"http:\/\/cuartetoenlaweb.com.ar\/sitio\/el-fuerte-dato-sobre-la-internacion-de-la-ex-gran-hermano-silvina-scheffler-delicado-un-virus-que\/#primaryimage"},"thumbnailUrl":"http:\/\/cuartetoenlaweb.com.ar\/sitio\/wp-content\/uploads\/2025\/12\/Ventura-1-359x226-58.jpg","datePublished":"2025-12-28T16:44:07+00:00","breadcrumb":{"@id":"http:\/\/cuartetoenlaweb.com.ar\/sitio\/el-fuerte-dato-sobre-la-internacion-de-la-ex-gran-hermano-silvina-scheffler-delicado-un-virus-que\/#breadcrumb"},"inLanguage":"es","potentialAction":[{"@type":"ReadAction","target":["http:\/\/cuartetoenlaweb.com.ar\/sitio\/el-fuerte-dato-sobre-la-internacion-de-la-ex-gran-hermano-silvina-scheffler-delicado-un-virus-que\/"]}]},{"@type":"ImageObject","inLanguage":"es","@id":"http:\/\/cuartetoenlaweb.com.ar\/sitio\/el-fuerte-dato-sobre-la-internacion-de-la-ex-gran-hermano-silvina-scheffler-delicado-un-virus-que\/#primaryimage","url":"http:\/\/cuartetoenlaweb.com.ar\/sitio\/wp-content\/uploads\/2025\/12\/Ventura-1-359x226-58.jpg","contentUrl":"http:\/\/cuartetoenlaweb.com.ar\/sitio\/wp-content\/uploads\/2025\/12\/Ventura-1-359x226-58.jpg","width":359,"height":226},{"@type":"BreadcrumbList","@id":"http:\/\/cuartetoenlaweb.com.ar\/sitio\/el-fuerte-dato-sobre-la-internacion-de-la-ex-gran-hermano-silvina-scheffler-delicado-un-virus-que\/#breadcrumb","itemListElement":[{"@type":"ListItem","position":1,"name":"Portada","item":"http:\/\/cuartetoenlaweb.com.ar\/sitio\/"},{"@type":"ListItem","position":2,"name":"El fuerte dato sobre la internaci\u00f3n de la ex Gran Hermano Silvina Scheffler: \u201cDelicado, un virus que\u2026\u201d"}]},{"@type":"WebSite","@id":"http:\/\/cuartetoenlaweb.com.ar\/sitio\/#website","url":"http:\/\/cuartetoenlaweb.com.ar\/sitio\/","name":"Cuarteto en la Web","description":"","publisher":{"@id":"http:\/\/cuartetoenlaweb.com.ar\/sitio\/#organization"},"potentialAction":[{"@type":"SearchAction","target":{"@type":"EntryPoint","urlTemplate":"http:\/\/cuartetoenlaweb.com.ar\/sitio\/?s={search_term_string}"},"query-input":{"@type":"PropertyValueSpecification","valueRequired":true,"valueName":"search_term_string"}}],"inLanguage":"es"},{"@type":"Organization","@id":"http:\/\/cuartetoenlaweb.com.ar\/sitio\/#organization","name":"Cuarteto en la Web","url":"http:\/\/cuartetoenlaweb.com.ar\/sitio\/","logo":{"@type":"ImageObject","inLanguage":"es","@id":"http:\/\/cuartetoenlaweb.com.ar\/sitio\/#\/schema\/logo\/image\/","url":"http:\/\/cuartetoenlaweb.com.ar\/sitio\/wp-content\/uploads\/2025\/07\/cropped-cropped-logitoweb21.png","contentUrl":"http:\/\/cuartetoenlaweb.com.ar\/sitio\/wp-content\/uploads\/2025\/07\/cropped-cropped-logitoweb21.png","width":199,"height":199,"caption":"Cuarteto en la Web"},"image":{"@id":"http:\/\/cuartetoenlaweb.com.ar\/sitio\/#\/schema\/logo\/image\/"}}]}},"_links":{"self":[{"href":"http:\/\/cuartetoenlaweb.com.ar\/sitio\/wp-json\/wp\/v2\/posts\/9687","targetHints":{"allow":["GET"]}}],"collection":[{"href":"http:\/\/cuartetoenlaweb.com.ar\/sitio\/wp-json\/wp\/v2\/posts"}],"about":[{"href":"http:\/\/cuartetoenlaweb.com.ar\/sitio\/wp-json\/wp\/v2\/types\/post"}],"replies":[{"embeddable":true,"href":"http:\/\/cuartetoenlaweb.com.ar\/sitio\/wp-json\/wp\/v2\/comments?post=9687"}],"version-history":[{"count":0,"href":"http:\/\/cuartetoenlaweb.com.ar\/sitio\/wp-json\/wp\/v2\/posts\/9687\/revisions"}],"wp:featuredmedia":[{"embeddable":true,"href":"http:\/\/cuartetoenlaweb.com.ar\/sitio\/wp-json\/wp\/v2\/media\/9688"}],"wp:attachment":[{"href":"http:\/\/cuartetoenlaweb.com.ar\/sitio\/wp-json\/wp\/v2\/media?parent=9687"}],"wp:term":[{"taxonomy":"category","embeddable":true,"href":"http:\/\/cuartetoenlaweb.com.ar\/sitio\/wp-json\/wp\/v2\/categories?post=9687"},{"taxonomy":"post_tag","embeddable":true,"href":"http:\/\/cuartetoenlaweb.com.ar\/sitio\/wp-json\/wp\/v2\/tags?post=9687"}],"curies":[{"name":"wp","href":"https:\/\/api.w.org\/{rel}","templated":true}]}}