
{"id":9683,"date":"2025-12-28T13:44:06","date_gmt":"2025-12-28T16:44:06","guid":{"rendered":"https:\/\/cuartetoenlaweb.com.ar\/sitio\/el-famoso-conductor-que-confeso-su-romance-oculto-con-una-companera-de-su-programa\/"},"modified":"2025-12-28T13:44:06","modified_gmt":"2025-12-28T16:44:06","slug":"el-famoso-conductor-que-confeso-su-romance-oculto-con-una-companera-de-su-programa","status":"publish","type":"post","link":"http:\/\/cuartetoenlaweb.com.ar\/sitio\/el-famoso-conductor-que-confeso-su-romance-oculto-con-una-companera-de-su-programa\/","title":{"rendered":"El famoso conductor que confes\u00f3 su romance oculto con una compa\u00f1era de su programa"},"content":{"rendered":"<p>Las historias de amor que comienzan cuando las c\u00e1maras se apagan pueden tardar en salir a la luz. Pasa entre compa\u00f1eros que, con tantas horas compartidas de trabajo y generando un v\u00ednculo tan cercano a diario, terminan iniciando algo. Romances que no siempre se blanquean por diferentes motivos pero que est\u00e1n ah\u00ed, en el aire, que se concretan y perduran o que se diluyen con el tiempo. \u00bfEl protagonista? <strong>Beto Casella<\/strong>.<\/p>\n<p>Alrededor de la vida privada de<strong> <a href=\"https:\/\/www.paparazzi.com.ar\/teve\/edith-hermida-conto-como-es-beto-casella-desnudo\/\">Casella<\/a> <\/strong>siempre gir\u00f3 un halo de conquistador. Y la relaci\u00f3n con<strong> Edith Hermida<\/strong>, su compa\u00f1era de programa en <strong><em>Bendita<\/em><\/strong>, nunca fue algo que haya pasado desapercibido. Una de las duplas televisivas m\u00e1s conocidas, que en este 2025 lleg\u00f3 a su final con el traspaso del conductor de Canal 9 a Am\u00e9rica para seguir su carrera. Una decisi\u00f3n que tuvo un fuerte trasfondo y que se encamina hacia nuevos horizontes.<\/p>\n<p>Desde lo profesional, <strong>Beto<\/strong> y <strong><a href=\"https:\/\/www.paparazzi.com.ar\/romances\/hay-amor-edith-hermida-revelo-que-siente-realmente-por-beto-casella\/\">Edith<\/a><\/strong> dejar\u00e1n de compartir programa ya que \u00e9l se muda a la se\u00f1al del cubo mientras que ella seguir\u00e1 en <strong><em>Bendita<\/em><\/strong>. Sin embargo, este cambio de canal destap\u00f3 una supuesta pelea entre ambos, caminos que se separaron por la decisi\u00f3n y que hasta en alg\u00fan punto lleg\u00f3 a trascender que hubo un romance entre ambos.<\/p>\n<div class=\"mt-box \">\n<h4 class=\"mt-heading\">Mir\u00e1 Tambi\u00e9n<\/h4>\n<p><a href=\"https:\/\/www.paparazzi.com.ar\/videos\/exclusivo-la-sensible-revelacion-de-luis-ventura-sobre-sus-noches-duermo-con-los-seres-queridos-que-ya-partieron\/\"><\/p>\n<div class=\"mt-content\">\n<div class=\"mt-image-container\"><img decoding=\"async\" src=\"https:\/\/www.paparazzi.com.ar\/wp-content\/uploads\/2025\/11\/Ventura-1-359x226.jpg\" alt=\"\u00a1Exclusivo! La sensible revelaci\u00f3n de Luis Ventura sobre sus noches: &quot;Duermo con los seres queridos que ya partieron&quot;\" class=\"mt-image\" loading=\"lazy\" \/><\/div>\n<h5 class=\"mt-title\">\u00a1Exclusivo! La sensible revelaci\u00f3n de Luis Ventura sobre sus noches: \u00abDuermo con los seres queridos que ya partieron\u00bb<\/h5>\n<\/div>\n<p><\/a><\/div>\n<p>Si bien la complicidad de ambos siempre estuvo en evidencia con cada di\u00e1logo que ten\u00edan en el programa, nadie hasta ahora hab\u00eda blanqueado que realmente haya pasado algo entre los dos. Solo hab\u00eda fuertes rumores, pero ninguna declaraci\u00f3n concreta. Sin embargo, ahora <strong><a href=\"https:\/\/www.paparazzi.com.ar\/teve\/edith-hermida-despidio-a-beto-casella-con-un-emotivo-mensaje-la-fria-respuesta-del-conductor\/\">Casella<\/a><\/strong> por fin dej\u00f3 el misterio y confirm\u00f3 que tuvo <em>\u201calgo\u201d<\/em> con <strong>Edith<\/strong>. Aunque no ahond\u00f3 en muchos detalles.<\/p>\n<h2 class=\"wp-block-heading\">BETO CASELLA BLANQUE\u00d3 SU HISTORIA DE AMOR CON EDITH HERMIDA<\/h2>\n<p>Este s\u00e1bado 27 de diciembre, <strong>Beto<\/strong> fue uno de los invitados que tuvo la mesa de <strong>Mirtha Legrand<\/strong>. Fue uno de los personajes de las \u00faltimas semanas por su incorporaci\u00f3n a la pantalla de Am\u00e9rica y su salida de Canal 9 despu\u00e9s de dos d\u00e9cadas. Sin embargo, m\u00e1s all\u00e1 del importante cambio que tendr\u00e1 su carrera, no pudo evitar hablar de la pol\u00e9mica de los \u00faltimos d\u00edas con <strong>Hermida<\/strong> y se vio acorralado con las preguntas de la diva.<\/p>\n<p><em>\u201cYo juego hasta con los m\u00f3viles, pero esto no lo quer\u00eda dejar pasar porque que circule que yo puedo estar enojado con Edith porque no quiso venir conmigo me da una cosa de abuso de poder\u2026\u201d<\/em>, explicaba <strong>Casella<\/strong>. Sin embargo, <strong>Mirtha<\/strong> no lo dej\u00f3 terminar y lo interrumpi\u00f3 con una pregunta al hueso: <em>\u201c\u00bfEstuviste enamorado de ella vos?\u201d<\/em>.<\/p>\n<div class=\"mt-box \">\n<h4 class=\"mt-heading\">Mir\u00e1 Tambi\u00e9n<\/h4>\n<p><a href=\"https:\/\/www.paparazzi.com.ar\/teve\/edith-hermida-conto-como-es-beto-casella-desnudo\/\"><\/p>\n<div class=\"mt-content\">\n<div class=\"mt-image-container\"><img decoding=\"async\" src=\"https:\/\/www.paparazzi.com.ar\/wp-content\/uploads\/2025\/12\/Hermida-Beto-1-359x226.jpg\" alt=\"\u00a1Al fin confes\u00f3! Edith Hermida reconoci\u00f3 haber visto desnudo a Beto Casella: &quot;Tiene una buena...&quot;\" class=\"mt-image\" loading=\"lazy\" \/><\/div>\n<h5 class=\"mt-title\">\u00a1Al fin confes\u00f3! Edith Hermida reconoci\u00f3 haber visto desnudo a Beto Casella: \u00abTiene una buena&#8230;\u00bb<\/h5>\n<\/div>\n<p><\/a><\/div>\n<p><em>\u201cNo puedo contestar eso\u201d<\/em>, se defendi\u00f3 <strong>Beto<\/strong>, un tanto descolocado por la pregunta. <em>\u201cEst\u00e1 en esta mesa y lo tiene que contestar\u201d<\/em>, le retruc\u00f3 <strong><em>la Chiqui <\/em><\/strong>con picard\u00eda. Y entonces el conductor se abri\u00f3 sobre su historia con <strong>Edith<\/strong>:<em> \u201cNo puedo contestar eso, tendr\u00eda que consensuarlo con ella para ver si alguna vez podemos contar algo breve, pero sin permiso de ella me parece que\u2026 lo importante es que hoy hay respeto\u201d<\/em>.<\/p>\n<p><em>\u201cFue en un momento de\u2026 sin compromiso de ninguno de los dos\u201d<\/em>, lleg\u00f3 a decir <strong>Casella<\/strong>. Y en ese momento, ya para terminar de acomodar las piezas del rompecabezas y aclarar todo, <strong>Pilar Smith <\/strong>intervino: <em>\u201cBueno, algo pas\u00f3, porque si dec\u00eds que ten\u00e9s que consensuar con ella es porque algo pas\u00f3. Si no hubiese pasado nada dec\u00eds \u2018no pas\u00f3 nada\u2019 y listo\u201d<\/em>. \u00a1Clarito!<\/p>\n<div class=\"mt-box \">\n<h4 class=\"mt-heading\">Mir\u00e1 Tambi\u00e9n<\/h4>\n<p><a href=\"https:\/\/www.paparazzi.com.ar\/romances\/hay-amor-edith-hermida-revelo-que-siente-realmente-por-beto-casella\/\"><\/p>\n<div class=\"mt-content\">\n<div class=\"mt-image-container\"><img decoding=\"async\" src=\"https:\/\/www.paparazzi.com.ar\/wp-content\/uploads\/2024\/07\/beto-casella-edith-hermida.jpg.webp\" alt=\"\u00bfHay amor? Edith Hermida revel\u00f3 qu\u00e9 siente realmente por Beto Casella\" class=\"mt-image\" loading=\"lazy\" \/><\/div>\n<h5 class=\"mt-title\">\u00bfHay amor? Edith Hermida revel\u00f3 qu\u00e9 siente realmente por Beto Casella<\/h5>\n<\/div>\n<p><\/a><\/div>\n<div class=\"mt-box \">\n<h4 class=\"mt-heading\">Mir\u00e1 Tambi\u00e9n<\/h4>\n<p><a href=\"https:\/\/www.paparazzi.com.ar\/teve\/edith-hermida-despidio-a-beto-casella-con-un-emotivo-mensaje-la-fria-respuesta-del-conductor\/\"><\/p>\n<div class=\"mt-content\">\n<div class=\"mt-image-container\"><img decoding=\"async\" src=\"https:\/\/www.paparazzi.com.ar\/wp-content\/uploads\/2025\/12\/Edith-Hermida-Casella-Beto-359x226.jpg\" alt=\"Edith Hermida despidi\u00f3 a Beto Casella con un emotivo mensaje: la fr\u00eda respuesta del conductor\" class=\"mt-image\" loading=\"lazy\" \/><\/div>\n<h5 class=\"mt-title\">Edith Hermida despidi\u00f3 a Beto Casella con un emotivo mensaje: la fr\u00eda respuesta del conductor<\/h5>\n<\/div>\n<p><\/a><\/div>\n<p>The post <a href=\"https:\/\/www.paparazzi.com.ar\/romances\/el-famoso-conductor-que-confeso-su-romance-oculto-con-una-companera-de-su-programa\/\">El famoso conductor que confes\u00f3 su romance oculto con una compa\u00f1era de su programa<\/a> appeared first on <a href=\"https:\/\/www.paparazzi.com.ar\">Revista Paparazzi<\/a>.<\/p>\n","protected":false},"excerpt":{"rendered":"<p>Las historias de amor que comienzan cuando las c\u00e1maras se<\/p>\n","protected":false},"author":0,"featured_media":9684,"comment_status":"","ping_status":"","sticky":false,"template":"","format":"standard","meta":{"footnotes":""},"categories":[65],"tags":[],"class_list":["post-9683","post","type-post","status-publish","format-standard","has-post-thumbnail","hentry","category-pais"],"yoast_head":"<!-- This site is optimized with the Yoast SEO plugin v27.5 - https:\/\/yoast.com\/product\/yoast-seo-wordpress\/ -->\n<title>El famoso conductor que confes\u00f3 su romance oculto con una compa\u00f1era de su programa - Cuarteto en la Web<\/title>\n<meta name=\"robots\" content=\"index, follow, max-snippet:-1, max-image-preview:large, max-video-preview:-1\" \/>\n<link rel=\"canonical\" href=\"http:\/\/cuartetoenlaweb.com.ar\/sitio\/el-famoso-conductor-que-confeso-su-romance-oculto-con-una-companera-de-su-programa\/\" \/>\n<meta property=\"og:locale\" content=\"es_ES\" \/>\n<meta property=\"og:type\" content=\"article\" \/>\n<meta property=\"og:title\" content=\"El famoso conductor que confes\u00f3 su romance oculto con una compa\u00f1era de su programa - Cuarteto en la Web\" \/>\n<meta property=\"og:description\" content=\"Las historias de amor que comienzan cuando las c\u00e1maras se\" \/>\n<meta property=\"og:url\" content=\"http:\/\/cuartetoenlaweb.com.ar\/sitio\/el-famoso-conductor-que-confeso-su-romance-oculto-con-una-companera-de-su-programa\/\" \/>\n<meta property=\"og:site_name\" content=\"Cuarteto en la Web\" \/>\n<meta property=\"article:published_time\" content=\"2025-12-28T16:44:06+00:00\" \/>\n<meta property=\"og:image\" content=\"http:\/\/cuartetoenlaweb.com.ar\/sitio\/wp-content\/uploads\/2025\/12\/Ventura-1-359x226-56.jpg\" \/>\n\t<meta property=\"og:image:width\" content=\"359\" \/>\n\t<meta property=\"og:image:height\" content=\"226\" \/>\n\t<meta property=\"og:image:type\" content=\"image\/jpeg\" \/>\n<meta name=\"twitter:card\" content=\"summary_large_image\" \/>\n<meta name=\"twitter:label1\" content=\"Tiempo de lectura\" \/>\n\t<meta name=\"twitter:data1\" content=\"3 minutos\" \/>\n<script type=\"application\/ld+json\" class=\"yoast-schema-graph\">{\"@context\":\"https:\\\/\\\/schema.org\",\"@graph\":[{\"@type\":\"Article\",\"@id\":\"http:\\\/\\\/cuartetoenlaweb.com.ar\\\/sitio\\\/el-famoso-conductor-que-confeso-su-romance-oculto-con-una-companera-de-su-programa\\\/#article\",\"isPartOf\":{\"@id\":\"http:\\\/\\\/cuartetoenlaweb.com.ar\\\/sitio\\\/el-famoso-conductor-que-confeso-su-romance-oculto-con-una-companera-de-su-programa\\\/\"},\"author\":{\"name\":\"\",\"@id\":\"\"},\"headline\":\"El famoso conductor que confes\u00f3 su romance oculto con una compa\u00f1era de su programa\",\"datePublished\":\"2025-12-28T16:44:06+00:00\",\"mainEntityOfPage\":{\"@id\":\"http:\\\/\\\/cuartetoenlaweb.com.ar\\\/sitio\\\/el-famoso-conductor-que-confeso-su-romance-oculto-con-una-companera-de-su-programa\\\/\"},\"wordCount\":688,\"publisher\":{\"@id\":\"http:\\\/\\\/cuartetoenlaweb.com.ar\\\/sitio\\\/#organization\"},\"image\":{\"@id\":\"http:\\\/\\\/cuartetoenlaweb.com.ar\\\/sitio\\\/el-famoso-conductor-que-confeso-su-romance-oculto-con-una-companera-de-su-programa\\\/#primaryimage\"},\"thumbnailUrl\":\"http:\\\/\\\/cuartetoenlaweb.com.ar\\\/sitio\\\/wp-content\\\/uploads\\\/2025\\\/12\\\/Ventura-1-359x226-56.jpg\",\"articleSection\":[\"PAIS\"],\"inLanguage\":\"es\"},{\"@type\":\"WebPage\",\"@id\":\"http:\\\/\\\/cuartetoenlaweb.com.ar\\\/sitio\\\/el-famoso-conductor-que-confeso-su-romance-oculto-con-una-companera-de-su-programa\\\/\",\"url\":\"http:\\\/\\\/cuartetoenlaweb.com.ar\\\/sitio\\\/el-famoso-conductor-que-confeso-su-romance-oculto-con-una-companera-de-su-programa\\\/\",\"name\":\"El famoso conductor que confes\u00f3 su romance oculto con una compa\u00f1era de su programa - Cuarteto en la Web\",\"isPartOf\":{\"@id\":\"http:\\\/\\\/cuartetoenlaweb.com.ar\\\/sitio\\\/#website\"},\"primaryImageOfPage\":{\"@id\":\"http:\\\/\\\/cuartetoenlaweb.com.ar\\\/sitio\\\/el-famoso-conductor-que-confeso-su-romance-oculto-con-una-companera-de-su-programa\\\/#primaryimage\"},\"image\":{\"@id\":\"http:\\\/\\\/cuartetoenlaweb.com.ar\\\/sitio\\\/el-famoso-conductor-que-confeso-su-romance-oculto-con-una-companera-de-su-programa\\\/#primaryimage\"},\"thumbnailUrl\":\"http:\\\/\\\/cuartetoenlaweb.com.ar\\\/sitio\\\/wp-content\\\/uploads\\\/2025\\\/12\\\/Ventura-1-359x226-56.jpg\",\"datePublished\":\"2025-12-28T16:44:06+00:00\",\"breadcrumb\":{\"@id\":\"http:\\\/\\\/cuartetoenlaweb.com.ar\\\/sitio\\\/el-famoso-conductor-que-confeso-su-romance-oculto-con-una-companera-de-su-programa\\\/#breadcrumb\"},\"inLanguage\":\"es\",\"potentialAction\":[{\"@type\":\"ReadAction\",\"target\":[\"http:\\\/\\\/cuartetoenlaweb.com.ar\\\/sitio\\\/el-famoso-conductor-que-confeso-su-romance-oculto-con-una-companera-de-su-programa\\\/\"]}]},{\"@type\":\"ImageObject\",\"inLanguage\":\"es\",\"@id\":\"http:\\\/\\\/cuartetoenlaweb.com.ar\\\/sitio\\\/el-famoso-conductor-que-confeso-su-romance-oculto-con-una-companera-de-su-programa\\\/#primaryimage\",\"url\":\"http:\\\/\\\/cuartetoenlaweb.com.ar\\\/sitio\\\/wp-content\\\/uploads\\\/2025\\\/12\\\/Ventura-1-359x226-56.jpg\",\"contentUrl\":\"http:\\\/\\\/cuartetoenlaweb.com.ar\\\/sitio\\\/wp-content\\\/uploads\\\/2025\\\/12\\\/Ventura-1-359x226-56.jpg\",\"width\":359,\"height\":226},{\"@type\":\"BreadcrumbList\",\"@id\":\"http:\\\/\\\/cuartetoenlaweb.com.ar\\\/sitio\\\/el-famoso-conductor-que-confeso-su-romance-oculto-con-una-companera-de-su-programa\\\/#breadcrumb\",\"itemListElement\":[{\"@type\":\"ListItem\",\"position\":1,\"name\":\"Portada\",\"item\":\"http:\\\/\\\/cuartetoenlaweb.com.ar\\\/sitio\\\/\"},{\"@type\":\"ListItem\",\"position\":2,\"name\":\"El famoso conductor que confes\u00f3 su romance oculto con una compa\u00f1era de su programa\"}]},{\"@type\":\"WebSite\",\"@id\":\"http:\\\/\\\/cuartetoenlaweb.com.ar\\\/sitio\\\/#website\",\"url\":\"http:\\\/\\\/cuartetoenlaweb.com.ar\\\/sitio\\\/\",\"name\":\"Cuarteto en la Web\",\"description\":\"\",\"publisher\":{\"@id\":\"http:\\\/\\\/cuartetoenlaweb.com.ar\\\/sitio\\\/#organization\"},\"potentialAction\":[{\"@type\":\"SearchAction\",\"target\":{\"@type\":\"EntryPoint\",\"urlTemplate\":\"http:\\\/\\\/cuartetoenlaweb.com.ar\\\/sitio\\\/?s={search_term_string}\"},\"query-input\":{\"@type\":\"PropertyValueSpecification\",\"valueRequired\":true,\"valueName\":\"search_term_string\"}}],\"inLanguage\":\"es\"},{\"@type\":\"Organization\",\"@id\":\"http:\\\/\\\/cuartetoenlaweb.com.ar\\\/sitio\\\/#organization\",\"name\":\"Cuarteto en la Web\",\"url\":\"http:\\\/\\\/cuartetoenlaweb.com.ar\\\/sitio\\\/\",\"logo\":{\"@type\":\"ImageObject\",\"inLanguage\":\"es\",\"@id\":\"http:\\\/\\\/cuartetoenlaweb.com.ar\\\/sitio\\\/#\\\/schema\\\/logo\\\/image\\\/\",\"url\":\"http:\\\/\\\/cuartetoenlaweb.com.ar\\\/sitio\\\/wp-content\\\/uploads\\\/2025\\\/07\\\/cropped-cropped-logitoweb21.png\",\"contentUrl\":\"http:\\\/\\\/cuartetoenlaweb.com.ar\\\/sitio\\\/wp-content\\\/uploads\\\/2025\\\/07\\\/cropped-cropped-logitoweb21.png\",\"width\":199,\"height\":199,\"caption\":\"Cuarteto en la Web\"},\"image\":{\"@id\":\"http:\\\/\\\/cuartetoenlaweb.com.ar\\\/sitio\\\/#\\\/schema\\\/logo\\\/image\\\/\"}}]}<\/script>\n<!-- \/ Yoast SEO plugin. -->","yoast_head_json":{"title":"El famoso conductor que confes\u00f3 su romance oculto con una compa\u00f1era de su programa - Cuarteto en la Web","robots":{"index":"index","follow":"follow","max-snippet":"max-snippet:-1","max-image-preview":"max-image-preview:large","max-video-preview":"max-video-preview:-1"},"canonical":"http:\/\/cuartetoenlaweb.com.ar\/sitio\/el-famoso-conductor-que-confeso-su-romance-oculto-con-una-companera-de-su-programa\/","og_locale":"es_ES","og_type":"article","og_title":"El famoso conductor que confes\u00f3 su romance oculto con una compa\u00f1era de su programa - Cuarteto en la Web","og_description":"Las historias de amor que comienzan cuando las c\u00e1maras se","og_url":"http:\/\/cuartetoenlaweb.com.ar\/sitio\/el-famoso-conductor-que-confeso-su-romance-oculto-con-una-companera-de-su-programa\/","og_site_name":"Cuarteto en la Web","article_published_time":"2025-12-28T16:44:06+00:00","og_image":[{"width":359,"height":226,"url":"http:\/\/cuartetoenlaweb.com.ar\/sitio\/wp-content\/uploads\/2025\/12\/Ventura-1-359x226-56.jpg","type":"image\/jpeg"}],"twitter_card":"summary_large_image","twitter_misc":{"Tiempo de lectura":"3 minutos"},"schema":{"@context":"https:\/\/schema.org","@graph":[{"@type":"Article","@id":"http:\/\/cuartetoenlaweb.com.ar\/sitio\/el-famoso-conductor-que-confeso-su-romance-oculto-con-una-companera-de-su-programa\/#article","isPartOf":{"@id":"http:\/\/cuartetoenlaweb.com.ar\/sitio\/el-famoso-conductor-que-confeso-su-romance-oculto-con-una-companera-de-su-programa\/"},"author":{"name":"","@id":""},"headline":"El famoso conductor que confes\u00f3 su romance oculto con una compa\u00f1era de su programa","datePublished":"2025-12-28T16:44:06+00:00","mainEntityOfPage":{"@id":"http:\/\/cuartetoenlaweb.com.ar\/sitio\/el-famoso-conductor-que-confeso-su-romance-oculto-con-una-companera-de-su-programa\/"},"wordCount":688,"publisher":{"@id":"http:\/\/cuartetoenlaweb.com.ar\/sitio\/#organization"},"image":{"@id":"http:\/\/cuartetoenlaweb.com.ar\/sitio\/el-famoso-conductor-que-confeso-su-romance-oculto-con-una-companera-de-su-programa\/#primaryimage"},"thumbnailUrl":"http:\/\/cuartetoenlaweb.com.ar\/sitio\/wp-content\/uploads\/2025\/12\/Ventura-1-359x226-56.jpg","articleSection":["PAIS"],"inLanguage":"es"},{"@type":"WebPage","@id":"http:\/\/cuartetoenlaweb.com.ar\/sitio\/el-famoso-conductor-que-confeso-su-romance-oculto-con-una-companera-de-su-programa\/","url":"http:\/\/cuartetoenlaweb.com.ar\/sitio\/el-famoso-conductor-que-confeso-su-romance-oculto-con-una-companera-de-su-programa\/","name":"El famoso conductor que confes\u00f3 su romance oculto con una compa\u00f1era de su programa - Cuarteto en la Web","isPartOf":{"@id":"http:\/\/cuartetoenlaweb.com.ar\/sitio\/#website"},"primaryImageOfPage":{"@id":"http:\/\/cuartetoenlaweb.com.ar\/sitio\/el-famoso-conductor-que-confeso-su-romance-oculto-con-una-companera-de-su-programa\/#primaryimage"},"image":{"@id":"http:\/\/cuartetoenlaweb.com.ar\/sitio\/el-famoso-conductor-que-confeso-su-romance-oculto-con-una-companera-de-su-programa\/#primaryimage"},"thumbnailUrl":"http:\/\/cuartetoenlaweb.com.ar\/sitio\/wp-content\/uploads\/2025\/12\/Ventura-1-359x226-56.jpg","datePublished":"2025-12-28T16:44:06+00:00","breadcrumb":{"@id":"http:\/\/cuartetoenlaweb.com.ar\/sitio\/el-famoso-conductor-que-confeso-su-romance-oculto-con-una-companera-de-su-programa\/#breadcrumb"},"inLanguage":"es","potentialAction":[{"@type":"ReadAction","target":["http:\/\/cuartetoenlaweb.com.ar\/sitio\/el-famoso-conductor-que-confeso-su-romance-oculto-con-una-companera-de-su-programa\/"]}]},{"@type":"ImageObject","inLanguage":"es","@id":"http:\/\/cuartetoenlaweb.com.ar\/sitio\/el-famoso-conductor-que-confeso-su-romance-oculto-con-una-companera-de-su-programa\/#primaryimage","url":"http:\/\/cuartetoenlaweb.com.ar\/sitio\/wp-content\/uploads\/2025\/12\/Ventura-1-359x226-56.jpg","contentUrl":"http:\/\/cuartetoenlaweb.com.ar\/sitio\/wp-content\/uploads\/2025\/12\/Ventura-1-359x226-56.jpg","width":359,"height":226},{"@type":"BreadcrumbList","@id":"http:\/\/cuartetoenlaweb.com.ar\/sitio\/el-famoso-conductor-que-confeso-su-romance-oculto-con-una-companera-de-su-programa\/#breadcrumb","itemListElement":[{"@type":"ListItem","position":1,"name":"Portada","item":"http:\/\/cuartetoenlaweb.com.ar\/sitio\/"},{"@type":"ListItem","position":2,"name":"El famoso conductor que confes\u00f3 su romance oculto con una compa\u00f1era de su programa"}]},{"@type":"WebSite","@id":"http:\/\/cuartetoenlaweb.com.ar\/sitio\/#website","url":"http:\/\/cuartetoenlaweb.com.ar\/sitio\/","name":"Cuarteto en la Web","description":"","publisher":{"@id":"http:\/\/cuartetoenlaweb.com.ar\/sitio\/#organization"},"potentialAction":[{"@type":"SearchAction","target":{"@type":"EntryPoint","urlTemplate":"http:\/\/cuartetoenlaweb.com.ar\/sitio\/?s={search_term_string}"},"query-input":{"@type":"PropertyValueSpecification","valueRequired":true,"valueName":"search_term_string"}}],"inLanguage":"es"},{"@type":"Organization","@id":"http:\/\/cuartetoenlaweb.com.ar\/sitio\/#organization","name":"Cuarteto en la Web","url":"http:\/\/cuartetoenlaweb.com.ar\/sitio\/","logo":{"@type":"ImageObject","inLanguage":"es","@id":"http:\/\/cuartetoenlaweb.com.ar\/sitio\/#\/schema\/logo\/image\/","url":"http:\/\/cuartetoenlaweb.com.ar\/sitio\/wp-content\/uploads\/2025\/07\/cropped-cropped-logitoweb21.png","contentUrl":"http:\/\/cuartetoenlaweb.com.ar\/sitio\/wp-content\/uploads\/2025\/07\/cropped-cropped-logitoweb21.png","width":199,"height":199,"caption":"Cuarteto en la Web"},"image":{"@id":"http:\/\/cuartetoenlaweb.com.ar\/sitio\/#\/schema\/logo\/image\/"}}]}},"_links":{"self":[{"href":"http:\/\/cuartetoenlaweb.com.ar\/sitio\/wp-json\/wp\/v2\/posts\/9683","targetHints":{"allow":["GET"]}}],"collection":[{"href":"http:\/\/cuartetoenlaweb.com.ar\/sitio\/wp-json\/wp\/v2\/posts"}],"about":[{"href":"http:\/\/cuartetoenlaweb.com.ar\/sitio\/wp-json\/wp\/v2\/types\/post"}],"replies":[{"embeddable":true,"href":"http:\/\/cuartetoenlaweb.com.ar\/sitio\/wp-json\/wp\/v2\/comments?post=9683"}],"version-history":[{"count":0,"href":"http:\/\/cuartetoenlaweb.com.ar\/sitio\/wp-json\/wp\/v2\/posts\/9683\/revisions"}],"wp:featuredmedia":[{"embeddable":true,"href":"http:\/\/cuartetoenlaweb.com.ar\/sitio\/wp-json\/wp\/v2\/media\/9684"}],"wp:attachment":[{"href":"http:\/\/cuartetoenlaweb.com.ar\/sitio\/wp-json\/wp\/v2\/media?parent=9683"}],"wp:term":[{"taxonomy":"category","embeddable":true,"href":"http:\/\/cuartetoenlaweb.com.ar\/sitio\/wp-json\/wp\/v2\/categories?post=9683"},{"taxonomy":"post_tag","embeddable":true,"href":"http:\/\/cuartetoenlaweb.com.ar\/sitio\/wp-json\/wp\/v2\/tags?post=9683"}],"curies":[{"name":"wp","href":"https:\/\/api.w.org\/{rel}","templated":true}]}}