
{"id":9681,"date":"2025-12-28T13:44:05","date_gmt":"2025-12-28T16:44:05","guid":{"rendered":"https:\/\/cuartetoenlaweb.com.ar\/sitio\/que-se-sabe-sobre-la-muerte-de-brigitte-bardot-la-leyenda-del-cine-internacional-a-los-91-anos\/"},"modified":"2025-12-28T13:44:05","modified_gmt":"2025-12-28T16:44:05","slug":"que-se-sabe-sobre-la-muerte-de-brigitte-bardot-la-leyenda-del-cine-internacional-a-los-91-anos","status":"publish","type":"post","link":"http:\/\/cuartetoenlaweb.com.ar\/sitio\/que-se-sabe-sobre-la-muerte-de-brigitte-bardot-la-leyenda-del-cine-internacional-a-los-91-anos\/","title":{"rendered":"Qu\u00e9 se sabe sobre la muerte de Brigitte Bardot, la leyenda del cine internacional, a los 91 a\u00f1os"},"content":{"rendered":"<p>La noticia sacudi\u00f3 al mundo del cine y el espect\u00e1culo internacional: <strong>Brigitte Bardot <\/strong>muri\u00f3 a los 91 a\u00f1os. \u00cdcono de una \u00e9poca, rostro del cine franc\u00e9s y figura que trascendi\u00f3 la pantalla, su partida marca el cierre de una vida atravesada por la fama, la pol\u00e9mica, la libertad y un firme compromiso con la defensa de los animales. Una noticia que golpea a todos.<\/p>\n<p>La confirmaci\u00f3n de la muerte de <strong><a href=\"https:\/\/www.paparazzi.com.ar\/internacionales\/preocupa-la-salud-de-brigitte-bardot-por-que-fue-internada-a-los-91-anos\/\">Brigitte<\/a><\/strong> lleg\u00f3 a trav\u00e9s de un comunicado oficial de la organizaci\u00f3n que ella misma cre\u00f3 y presidi\u00f3 durante d\u00e9cadas. <em>\u201cLa Fundaci\u00f3n Brigitte Bardot anuncia con inmensa tristeza el fallecimiento de su fundadora y presidenta, la se\u00f1ora Brigitte Bardot, actriz y cantante mundialmente reconocida, que decidi\u00f3 abandonar su prestigiosa carrera para dedicar su vida y su energ\u00eda a la defensa de los animales y a su Fundaci\u00f3n\u201d<\/em>, se inform\u00f3.<\/p>\n<p>Pero entonces se instal\u00f3 una pregunta: \u00bfDe qu\u00e9 muri\u00f3? Si bien no confirmaron los motivos concretos de su deceso, <strong><a href=\"https:\/\/www.paparazzi.com.ar\/internacionales\/fin-de-ano-amargo-para-david-y-victoria-beckham-la-grieta-que-divide-al-clan\/\">Bardot<\/a><\/strong> ven\u00eda peleando contra un delicado cuadro de salud durante los \u00faltimos a\u00f1os. Las internaciones y algunas operaciones hab\u00edan generado preocupaci\u00f3n y una intensa circulaci\u00f3n de versiones, incluso falsas, sobre su estado.<\/p>\n<div class=\"mt-box \">\n<h4 class=\"mt-heading\">Mir\u00e1 Tambi\u00e9n<\/h4>\n<p><a href=\"https:\/\/www.paparazzi.com.ar\/videos\/exclusivo-la-sensible-revelacion-de-luis-ventura-sobre-sus-noches-duermo-con-los-seres-queridos-que-ya-partieron\/\"><\/p>\n<div class=\"mt-content\">\n<div class=\"mt-image-container\"><img decoding=\"async\" src=\"https:\/\/www.paparazzi.com.ar\/wp-content\/uploads\/2025\/11\/Ventura-1-359x226.jpg\" alt=\"\u00a1Exclusivo! La sensible revelaci\u00f3n de Luis Ventura sobre sus noches: &quot;Duermo con los seres queridos que ya partieron&quot;\" class=\"mt-image\" loading=\"lazy\" \/><\/div>\n<h5 class=\"mt-title\">\u00a1Exclusivo! La sensible revelaci\u00f3n de Luis Ventura sobre sus noches: \u00abDuermo con los seres queridos que ya partieron\u00bb<\/h5>\n<\/div>\n<p><\/a><\/div>\n<p>De hecho, hace poco se tuvo que desmentir su propia muerte. A principios de diciembre, la fundaci\u00f3n que llevaba su nombre hab\u00eda salido a aclarar la situaci\u00f3n con un comunicado. <em>\u201cLa fundaci\u00f3n Brigitte Bardot desea aclarar los hechos tras los dichos e insinuaciones de algunos periodistas, en particular de los medios Var-Matin y Nice-Matin\u201d<\/em>, se\u00f1alaba el texto de <strong><a href=\"https:\/\/www.paparazzi.com.ar\/internacionales\/maluma-se-aleja-de-la-musica-tras-sufrir-una-pesadilla-de-depresion-y-ansiedad-un-proceso-de-sancion\/\">Brigitte<\/a><\/strong> difundido entonces.<\/p>\n<h2 class=\"wp-block-heading\">LOS PROBLEMAS DE SALUD QUE ATRAVES\u00d3 BRIGITTE BARDOT EN LOS \u00daLTIMOS A\u00d1OS<\/h2>\n<p>En ese mensaje, la asociaci\u00f3n llev\u00f3 tranquilidad a quienes segu\u00edan con atenci\u00f3n la evoluci\u00f3n de <strong>Bardot<\/strong>. <em>\u201cEn respuesta a la difusi\u00f3n de informaci\u00f3n falsa en los \u00faltimos d\u00edas, la se\u00f1ora Brigitte Bardot quiere recordar a todos que actualmente se est\u00e1 recuperando, que agradecer\u00eda que las personas respetaran su privacidad e invita a todos a la calma. La se\u00f1ora Bardot desea tranquilizar a quienes est\u00e1n realmente preocupados por ella y les env\u00eda este mensaje: &#8216;Les env\u00edo mi cari\u00f1o a todos&#8217;\u201d<\/em>.<\/p>\n<p>Seg\u00fan el diario Var-Matin, <strong>Brigitte<\/strong> se hab\u00eda sometido recientemente a una intervenci\u00f3n quir\u00fargica en un hospital privado de la ciudad <em>\u201cpor una enfermedad grave\u201d<\/em>. A esto se sumaban antecedentes complejos: en enero de 2023 hab\u00eda sido hospitalizada por una insuficiencia respiratoria, y no era la primera vez que su salud encend\u00eda alarmas.<\/p>\n<div class=\"mt-box \">\n<h4 class=\"mt-heading\">Mir\u00e1 Tambi\u00e9n<\/h4>\n<p><a href=\"https:\/\/www.paparazzi.com.ar\/internacionales\/preocupa-la-salud-de-brigitte-bardot-por-que-fue-internada-a-los-91-anos\/\"><\/p>\n<div class=\"mt-content\">\n<div class=\"mt-image-container\"><img decoding=\"async\" src=\"https:\/\/www.paparazzi.com.ar\/wp-content\/uploads\/2025\/10\/image-226-359x226.png\" alt=\"Preocupa la salud de Brigitte Bardot: por qu\u00e9 fue internada a los 91 a\u00f1os\" class=\"mt-image\" loading=\"lazy\" \/><\/div>\n<h5 class=\"mt-title\">Preocupa la salud de Brigitte Bardot: por qu\u00e9 fue internada a los 91 a\u00f1os<\/h5>\n<\/div>\n<p><\/a><\/div>\n<p>A lo largo de su vida, <strong>Bardot<\/strong> enfrent\u00f3 momentos cr\u00edticos. En septiembre de 1983, el d\u00eda que cumpli\u00f3 49 a\u00f1os, fue internada de urgencia tras ingerir una sobredosis de somn\u00edferos o sedantes con vino tinto. Los m\u00e9dicos lograron salvarle la vida mediante un lavado g\u00e1strico. Tambi\u00e9n fue sobreviviente de c\u00e1ncer de mama, una batalla que marc\u00f3 otro cap\u00edtulo silencioso de su historia.<\/p>\n<p>M\u00e1s all\u00e1 de las luces del cine y del mito que supo construir, <strong>Brigitte Bardot <\/strong>eligi\u00f3 retirarse joven del espect\u00e1culo para volcarse por completo a una causa que la defini\u00f3 hasta el final. Como activista de los derechos de los animales tuvo esa otra faceta fuerte, lejos de los flashes y del s\u00edmbolo sensual que supo ser. Con su muerte, se apaga una figura irrepetible, pero queda una huella profunda.<\/p>\n<div class=\"mt-box \">\n<h4 class=\"mt-heading\">Mir\u00e1 Tambi\u00e9n<\/h4>\n<p><a href=\"https:\/\/www.paparazzi.com.ar\/internacionales\/fin-de-ano-amargo-para-david-y-victoria-beckham-la-grieta-que-divide-al-clan\/\"><\/p>\n<div class=\"mt-content\">\n<div class=\"mt-image-container\"><img decoding=\"async\" src=\"https:\/\/www.paparazzi.com.ar\/wp-content\/uploads\/2025\/12\/david-beckham-victoria-359x226.jpg\" alt=\"Fin de a\u00f1o amargo para David y Victoria Beckham: la grieta que divide al clan\" class=\"mt-image\" loading=\"lazy\" \/><\/div>\n<h5 class=\"mt-title\">Fin de a\u00f1o amargo para David y Victoria Beckham: la grieta que divide al clan<\/h5>\n<\/div>\n<p><\/a><\/div>\n<div class=\"mt-box \">\n<h4 class=\"mt-heading\">Mir\u00e1 Tambi\u00e9n<\/h4>\n<p><a href=\"https:\/\/www.paparazzi.com.ar\/internacionales\/maluma-se-aleja-de-la-musica-tras-sufrir-una-pesadilla-de-depresion-y-ansiedad-un-proceso-de-sancion\/\"><\/p>\n<div class=\"mt-content\">\n<div class=\"mt-image-container\"><img decoding=\"async\" src=\"https:\/\/www.paparazzi.com.ar\/wp-content\/uploads\/2025\/12\/Maluma-359x226.jpeg\" alt=\"Maluma se aleja de la m\u00fasica tras sufrir una pesadilla de depresi\u00f3n y ansiedad: \u201cUn proceso de sanci\u00f3n\u201d\" class=\"mt-image\" loading=\"lazy\" \/><\/div>\n<h5 class=\"mt-title\">Maluma se aleja de la m\u00fasica tras sufrir una pesadilla de depresi\u00f3n y ansiedad: \u201cUn proceso de sanci\u00f3n\u201d<\/h5>\n<\/div>\n<p><\/a><\/div>\n<p>The post <a href=\"https:\/\/www.paparazzi.com.ar\/internacionales\/que-se-sabe-sobre-la-muerte-de-brigitte-bardot-la-leyenda-del-cine-internal-a-los-91-anos\/\">Qu\u00e9 se sabe sobre la muerte de Brigitte Bardot, la leyenda del cine internacional, a los 91 a\u00f1os<\/a> appeared first on <a href=\"https:\/\/www.paparazzi.com.ar\">Revista Paparazzi<\/a>.<\/p>\n","protected":false},"excerpt":{"rendered":"<p>La noticia sacudi\u00f3 al mundo del cine y el espect\u00e1culo<\/p>\n","protected":false},"author":0,"featured_media":9682,"comment_status":"","ping_status":"","sticky":false,"template":"","format":"standard","meta":{"footnotes":""},"categories":[65],"tags":[],"class_list":["post-9681","post","type-post","status-publish","format-standard","has-post-thumbnail","hentry","category-pais"],"yoast_head":"<!-- This site is optimized with the Yoast SEO plugin v27.5 - https:\/\/yoast.com\/product\/yoast-seo-wordpress\/ -->\n<title>Qu\u00e9 se sabe sobre la muerte de Brigitte Bardot, la leyenda del cine internacional, a los 91 a\u00f1os - Cuarteto en la Web<\/title>\n<meta name=\"robots\" content=\"index, follow, max-snippet:-1, max-image-preview:large, max-video-preview:-1\" \/>\n<link rel=\"canonical\" href=\"http:\/\/cuartetoenlaweb.com.ar\/sitio\/que-se-sabe-sobre-la-muerte-de-brigitte-bardot-la-leyenda-del-cine-internacional-a-los-91-anos\/\" \/>\n<meta property=\"og:locale\" content=\"es_ES\" \/>\n<meta property=\"og:type\" content=\"article\" \/>\n<meta property=\"og:title\" content=\"Qu\u00e9 se sabe sobre la muerte de Brigitte Bardot, la leyenda del cine internacional, a los 91 a\u00f1os - Cuarteto en la Web\" \/>\n<meta property=\"og:description\" content=\"La noticia sacudi\u00f3 al mundo del cine y el espect\u00e1culo\" \/>\n<meta property=\"og:url\" content=\"http:\/\/cuartetoenlaweb.com.ar\/sitio\/que-se-sabe-sobre-la-muerte-de-brigitte-bardot-la-leyenda-del-cine-internacional-a-los-91-anos\/\" \/>\n<meta property=\"og:site_name\" content=\"Cuarteto en la Web\" \/>\n<meta property=\"article:published_time\" content=\"2025-12-28T16:44:05+00:00\" \/>\n<meta property=\"og:image\" content=\"http:\/\/cuartetoenlaweb.com.ar\/sitio\/wp-content\/uploads\/2025\/12\/Ventura-1-359x226-55.jpg\" \/>\n\t<meta property=\"og:image:width\" content=\"359\" \/>\n\t<meta property=\"og:image:height\" content=\"226\" \/>\n\t<meta property=\"og:image:type\" content=\"image\/jpeg\" \/>\n<meta name=\"twitter:card\" content=\"summary_large_image\" \/>\n<meta name=\"twitter:label1\" content=\"Tiempo de lectura\" \/>\n\t<meta name=\"twitter:data1\" content=\"3 minutos\" \/>\n<script type=\"application\/ld+json\" class=\"yoast-schema-graph\">{\"@context\":\"https:\\\/\\\/schema.org\",\"@graph\":[{\"@type\":\"Article\",\"@id\":\"http:\\\/\\\/cuartetoenlaweb.com.ar\\\/sitio\\\/que-se-sabe-sobre-la-muerte-de-brigitte-bardot-la-leyenda-del-cine-internacional-a-los-91-anos\\\/#article\",\"isPartOf\":{\"@id\":\"http:\\\/\\\/cuartetoenlaweb.com.ar\\\/sitio\\\/que-se-sabe-sobre-la-muerte-de-brigitte-bardot-la-leyenda-del-cine-internacional-a-los-91-anos\\\/\"},\"author\":{\"name\":\"\",\"@id\":\"\"},\"headline\":\"Qu\u00e9 se sabe sobre la muerte de Brigitte Bardot, la leyenda del cine internacional, a los 91 a\u00f1os\",\"datePublished\":\"2025-12-28T16:44:05+00:00\",\"mainEntityOfPage\":{\"@id\":\"http:\\\/\\\/cuartetoenlaweb.com.ar\\\/sitio\\\/que-se-sabe-sobre-la-muerte-de-brigitte-bardot-la-leyenda-del-cine-internacional-a-los-91-anos\\\/\"},\"wordCount\":701,\"publisher\":{\"@id\":\"http:\\\/\\\/cuartetoenlaweb.com.ar\\\/sitio\\\/#organization\"},\"image\":{\"@id\":\"http:\\\/\\\/cuartetoenlaweb.com.ar\\\/sitio\\\/que-se-sabe-sobre-la-muerte-de-brigitte-bardot-la-leyenda-del-cine-internacional-a-los-91-anos\\\/#primaryimage\"},\"thumbnailUrl\":\"http:\\\/\\\/cuartetoenlaweb.com.ar\\\/sitio\\\/wp-content\\\/uploads\\\/2025\\\/12\\\/Ventura-1-359x226-55.jpg\",\"articleSection\":[\"PAIS\"],\"inLanguage\":\"es\"},{\"@type\":\"WebPage\",\"@id\":\"http:\\\/\\\/cuartetoenlaweb.com.ar\\\/sitio\\\/que-se-sabe-sobre-la-muerte-de-brigitte-bardot-la-leyenda-del-cine-internacional-a-los-91-anos\\\/\",\"url\":\"http:\\\/\\\/cuartetoenlaweb.com.ar\\\/sitio\\\/que-se-sabe-sobre-la-muerte-de-brigitte-bardot-la-leyenda-del-cine-internacional-a-los-91-anos\\\/\",\"name\":\"Qu\u00e9 se sabe sobre la muerte de Brigitte Bardot, la leyenda del cine internacional, a los 91 a\u00f1os - Cuarteto en la Web\",\"isPartOf\":{\"@id\":\"http:\\\/\\\/cuartetoenlaweb.com.ar\\\/sitio\\\/#website\"},\"primaryImageOfPage\":{\"@id\":\"http:\\\/\\\/cuartetoenlaweb.com.ar\\\/sitio\\\/que-se-sabe-sobre-la-muerte-de-brigitte-bardot-la-leyenda-del-cine-internacional-a-los-91-anos\\\/#primaryimage\"},\"image\":{\"@id\":\"http:\\\/\\\/cuartetoenlaweb.com.ar\\\/sitio\\\/que-se-sabe-sobre-la-muerte-de-brigitte-bardot-la-leyenda-del-cine-internacional-a-los-91-anos\\\/#primaryimage\"},\"thumbnailUrl\":\"http:\\\/\\\/cuartetoenlaweb.com.ar\\\/sitio\\\/wp-content\\\/uploads\\\/2025\\\/12\\\/Ventura-1-359x226-55.jpg\",\"datePublished\":\"2025-12-28T16:44:05+00:00\",\"breadcrumb\":{\"@id\":\"http:\\\/\\\/cuartetoenlaweb.com.ar\\\/sitio\\\/que-se-sabe-sobre-la-muerte-de-brigitte-bardot-la-leyenda-del-cine-internacional-a-los-91-anos\\\/#breadcrumb\"},\"inLanguage\":\"es\",\"potentialAction\":[{\"@type\":\"ReadAction\",\"target\":[\"http:\\\/\\\/cuartetoenlaweb.com.ar\\\/sitio\\\/que-se-sabe-sobre-la-muerte-de-brigitte-bardot-la-leyenda-del-cine-internacional-a-los-91-anos\\\/\"]}]},{\"@type\":\"ImageObject\",\"inLanguage\":\"es\",\"@id\":\"http:\\\/\\\/cuartetoenlaweb.com.ar\\\/sitio\\\/que-se-sabe-sobre-la-muerte-de-brigitte-bardot-la-leyenda-del-cine-internacional-a-los-91-anos\\\/#primaryimage\",\"url\":\"http:\\\/\\\/cuartetoenlaweb.com.ar\\\/sitio\\\/wp-content\\\/uploads\\\/2025\\\/12\\\/Ventura-1-359x226-55.jpg\",\"contentUrl\":\"http:\\\/\\\/cuartetoenlaweb.com.ar\\\/sitio\\\/wp-content\\\/uploads\\\/2025\\\/12\\\/Ventura-1-359x226-55.jpg\",\"width\":359,\"height\":226},{\"@type\":\"BreadcrumbList\",\"@id\":\"http:\\\/\\\/cuartetoenlaweb.com.ar\\\/sitio\\\/que-se-sabe-sobre-la-muerte-de-brigitte-bardot-la-leyenda-del-cine-internacional-a-los-91-anos\\\/#breadcrumb\",\"itemListElement\":[{\"@type\":\"ListItem\",\"position\":1,\"name\":\"Portada\",\"item\":\"http:\\\/\\\/cuartetoenlaweb.com.ar\\\/sitio\\\/\"},{\"@type\":\"ListItem\",\"position\":2,\"name\":\"Qu\u00e9 se sabe sobre la muerte de Brigitte Bardot, la leyenda del cine internacional, a los 91 a\u00f1os\"}]},{\"@type\":\"WebSite\",\"@id\":\"http:\\\/\\\/cuartetoenlaweb.com.ar\\\/sitio\\\/#website\",\"url\":\"http:\\\/\\\/cuartetoenlaweb.com.ar\\\/sitio\\\/\",\"name\":\"Cuarteto en la Web\",\"description\":\"\",\"publisher\":{\"@id\":\"http:\\\/\\\/cuartetoenlaweb.com.ar\\\/sitio\\\/#organization\"},\"potentialAction\":[{\"@type\":\"SearchAction\",\"target\":{\"@type\":\"EntryPoint\",\"urlTemplate\":\"http:\\\/\\\/cuartetoenlaweb.com.ar\\\/sitio\\\/?s={search_term_string}\"},\"query-input\":{\"@type\":\"PropertyValueSpecification\",\"valueRequired\":true,\"valueName\":\"search_term_string\"}}],\"inLanguage\":\"es\"},{\"@type\":\"Organization\",\"@id\":\"http:\\\/\\\/cuartetoenlaweb.com.ar\\\/sitio\\\/#organization\",\"name\":\"Cuarteto en la Web\",\"url\":\"http:\\\/\\\/cuartetoenlaweb.com.ar\\\/sitio\\\/\",\"logo\":{\"@type\":\"ImageObject\",\"inLanguage\":\"es\",\"@id\":\"http:\\\/\\\/cuartetoenlaweb.com.ar\\\/sitio\\\/#\\\/schema\\\/logo\\\/image\\\/\",\"url\":\"http:\\\/\\\/cuartetoenlaweb.com.ar\\\/sitio\\\/wp-content\\\/uploads\\\/2025\\\/07\\\/cropped-cropped-logitoweb21.png\",\"contentUrl\":\"http:\\\/\\\/cuartetoenlaweb.com.ar\\\/sitio\\\/wp-content\\\/uploads\\\/2025\\\/07\\\/cropped-cropped-logitoweb21.png\",\"width\":199,\"height\":199,\"caption\":\"Cuarteto en la Web\"},\"image\":{\"@id\":\"http:\\\/\\\/cuartetoenlaweb.com.ar\\\/sitio\\\/#\\\/schema\\\/logo\\\/image\\\/\"}}]}<\/script>\n<!-- \/ Yoast SEO plugin. -->","yoast_head_json":{"title":"Qu\u00e9 se sabe sobre la muerte de Brigitte Bardot, la leyenda del cine internacional, a los 91 a\u00f1os - Cuarteto en la Web","robots":{"index":"index","follow":"follow","max-snippet":"max-snippet:-1","max-image-preview":"max-image-preview:large","max-video-preview":"max-video-preview:-1"},"canonical":"http:\/\/cuartetoenlaweb.com.ar\/sitio\/que-se-sabe-sobre-la-muerte-de-brigitte-bardot-la-leyenda-del-cine-internacional-a-los-91-anos\/","og_locale":"es_ES","og_type":"article","og_title":"Qu\u00e9 se sabe sobre la muerte de Brigitte Bardot, la leyenda del cine internacional, a los 91 a\u00f1os - Cuarteto en la Web","og_description":"La noticia sacudi\u00f3 al mundo del cine y el espect\u00e1culo","og_url":"http:\/\/cuartetoenlaweb.com.ar\/sitio\/que-se-sabe-sobre-la-muerte-de-brigitte-bardot-la-leyenda-del-cine-internacional-a-los-91-anos\/","og_site_name":"Cuarteto en la Web","article_published_time":"2025-12-28T16:44:05+00:00","og_image":[{"width":359,"height":226,"url":"http:\/\/cuartetoenlaweb.com.ar\/sitio\/wp-content\/uploads\/2025\/12\/Ventura-1-359x226-55.jpg","type":"image\/jpeg"}],"twitter_card":"summary_large_image","twitter_misc":{"Tiempo de lectura":"3 minutos"},"schema":{"@context":"https:\/\/schema.org","@graph":[{"@type":"Article","@id":"http:\/\/cuartetoenlaweb.com.ar\/sitio\/que-se-sabe-sobre-la-muerte-de-brigitte-bardot-la-leyenda-del-cine-internacional-a-los-91-anos\/#article","isPartOf":{"@id":"http:\/\/cuartetoenlaweb.com.ar\/sitio\/que-se-sabe-sobre-la-muerte-de-brigitte-bardot-la-leyenda-del-cine-internacional-a-los-91-anos\/"},"author":{"name":"","@id":""},"headline":"Qu\u00e9 se sabe sobre la muerte de Brigitte Bardot, la leyenda del cine internacional, a los 91 a\u00f1os","datePublished":"2025-12-28T16:44:05+00:00","mainEntityOfPage":{"@id":"http:\/\/cuartetoenlaweb.com.ar\/sitio\/que-se-sabe-sobre-la-muerte-de-brigitte-bardot-la-leyenda-del-cine-internacional-a-los-91-anos\/"},"wordCount":701,"publisher":{"@id":"http:\/\/cuartetoenlaweb.com.ar\/sitio\/#organization"},"image":{"@id":"http:\/\/cuartetoenlaweb.com.ar\/sitio\/que-se-sabe-sobre-la-muerte-de-brigitte-bardot-la-leyenda-del-cine-internacional-a-los-91-anos\/#primaryimage"},"thumbnailUrl":"http:\/\/cuartetoenlaweb.com.ar\/sitio\/wp-content\/uploads\/2025\/12\/Ventura-1-359x226-55.jpg","articleSection":["PAIS"],"inLanguage":"es"},{"@type":"WebPage","@id":"http:\/\/cuartetoenlaweb.com.ar\/sitio\/que-se-sabe-sobre-la-muerte-de-brigitte-bardot-la-leyenda-del-cine-internacional-a-los-91-anos\/","url":"http:\/\/cuartetoenlaweb.com.ar\/sitio\/que-se-sabe-sobre-la-muerte-de-brigitte-bardot-la-leyenda-del-cine-internacional-a-los-91-anos\/","name":"Qu\u00e9 se sabe sobre la muerte de Brigitte Bardot, la leyenda del cine internacional, a los 91 a\u00f1os - Cuarteto en la Web","isPartOf":{"@id":"http:\/\/cuartetoenlaweb.com.ar\/sitio\/#website"},"primaryImageOfPage":{"@id":"http:\/\/cuartetoenlaweb.com.ar\/sitio\/que-se-sabe-sobre-la-muerte-de-brigitte-bardot-la-leyenda-del-cine-internacional-a-los-91-anos\/#primaryimage"},"image":{"@id":"http:\/\/cuartetoenlaweb.com.ar\/sitio\/que-se-sabe-sobre-la-muerte-de-brigitte-bardot-la-leyenda-del-cine-internacional-a-los-91-anos\/#primaryimage"},"thumbnailUrl":"http:\/\/cuartetoenlaweb.com.ar\/sitio\/wp-content\/uploads\/2025\/12\/Ventura-1-359x226-55.jpg","datePublished":"2025-12-28T16:44:05+00:00","breadcrumb":{"@id":"http:\/\/cuartetoenlaweb.com.ar\/sitio\/que-se-sabe-sobre-la-muerte-de-brigitte-bardot-la-leyenda-del-cine-internacional-a-los-91-anos\/#breadcrumb"},"inLanguage":"es","potentialAction":[{"@type":"ReadAction","target":["http:\/\/cuartetoenlaweb.com.ar\/sitio\/que-se-sabe-sobre-la-muerte-de-brigitte-bardot-la-leyenda-del-cine-internacional-a-los-91-anos\/"]}]},{"@type":"ImageObject","inLanguage":"es","@id":"http:\/\/cuartetoenlaweb.com.ar\/sitio\/que-se-sabe-sobre-la-muerte-de-brigitte-bardot-la-leyenda-del-cine-internacional-a-los-91-anos\/#primaryimage","url":"http:\/\/cuartetoenlaweb.com.ar\/sitio\/wp-content\/uploads\/2025\/12\/Ventura-1-359x226-55.jpg","contentUrl":"http:\/\/cuartetoenlaweb.com.ar\/sitio\/wp-content\/uploads\/2025\/12\/Ventura-1-359x226-55.jpg","width":359,"height":226},{"@type":"BreadcrumbList","@id":"http:\/\/cuartetoenlaweb.com.ar\/sitio\/que-se-sabe-sobre-la-muerte-de-brigitte-bardot-la-leyenda-del-cine-internacional-a-los-91-anos\/#breadcrumb","itemListElement":[{"@type":"ListItem","position":1,"name":"Portada","item":"http:\/\/cuartetoenlaweb.com.ar\/sitio\/"},{"@type":"ListItem","position":2,"name":"Qu\u00e9 se sabe sobre la muerte de Brigitte Bardot, la leyenda del cine internacional, a los 91 a\u00f1os"}]},{"@type":"WebSite","@id":"http:\/\/cuartetoenlaweb.com.ar\/sitio\/#website","url":"http:\/\/cuartetoenlaweb.com.ar\/sitio\/","name":"Cuarteto en la Web","description":"","publisher":{"@id":"http:\/\/cuartetoenlaweb.com.ar\/sitio\/#organization"},"potentialAction":[{"@type":"SearchAction","target":{"@type":"EntryPoint","urlTemplate":"http:\/\/cuartetoenlaweb.com.ar\/sitio\/?s={search_term_string}"},"query-input":{"@type":"PropertyValueSpecification","valueRequired":true,"valueName":"search_term_string"}}],"inLanguage":"es"},{"@type":"Organization","@id":"http:\/\/cuartetoenlaweb.com.ar\/sitio\/#organization","name":"Cuarteto en la Web","url":"http:\/\/cuartetoenlaweb.com.ar\/sitio\/","logo":{"@type":"ImageObject","inLanguage":"es","@id":"http:\/\/cuartetoenlaweb.com.ar\/sitio\/#\/schema\/logo\/image\/","url":"http:\/\/cuartetoenlaweb.com.ar\/sitio\/wp-content\/uploads\/2025\/07\/cropped-cropped-logitoweb21.png","contentUrl":"http:\/\/cuartetoenlaweb.com.ar\/sitio\/wp-content\/uploads\/2025\/07\/cropped-cropped-logitoweb21.png","width":199,"height":199,"caption":"Cuarteto en la Web"},"image":{"@id":"http:\/\/cuartetoenlaweb.com.ar\/sitio\/#\/schema\/logo\/image\/"}}]}},"_links":{"self":[{"href":"http:\/\/cuartetoenlaweb.com.ar\/sitio\/wp-json\/wp\/v2\/posts\/9681","targetHints":{"allow":["GET"]}}],"collection":[{"href":"http:\/\/cuartetoenlaweb.com.ar\/sitio\/wp-json\/wp\/v2\/posts"}],"about":[{"href":"http:\/\/cuartetoenlaweb.com.ar\/sitio\/wp-json\/wp\/v2\/types\/post"}],"replies":[{"embeddable":true,"href":"http:\/\/cuartetoenlaweb.com.ar\/sitio\/wp-json\/wp\/v2\/comments?post=9681"}],"version-history":[{"count":0,"href":"http:\/\/cuartetoenlaweb.com.ar\/sitio\/wp-json\/wp\/v2\/posts\/9681\/revisions"}],"wp:featuredmedia":[{"embeddable":true,"href":"http:\/\/cuartetoenlaweb.com.ar\/sitio\/wp-json\/wp\/v2\/media\/9682"}],"wp:attachment":[{"href":"http:\/\/cuartetoenlaweb.com.ar\/sitio\/wp-json\/wp\/v2\/media?parent=9681"}],"wp:term":[{"taxonomy":"category","embeddable":true,"href":"http:\/\/cuartetoenlaweb.com.ar\/sitio\/wp-json\/wp\/v2\/categories?post=9681"},{"taxonomy":"post_tag","embeddable":true,"href":"http:\/\/cuartetoenlaweb.com.ar\/sitio\/wp-json\/wp\/v2\/tags?post=9681"}],"curies":[{"name":"wp","href":"https:\/\/api.w.org\/{rel}","templated":true}]}}