
{"id":9671,"date":"2025-12-28T01:39:10","date_gmt":"2025-12-28T04:39:10","guid":{"rendered":"https:\/\/cuartetoenlaweb.com.ar\/sitio\/tailandia-y-camboya-acuerdan-un-alto-el-fuego-tras-tensiones-en-la-frontera\/"},"modified":"2025-12-28T01:39:10","modified_gmt":"2025-12-28T04:39:10","slug":"tailandia-y-camboya-acuerdan-un-alto-el-fuego-tras-tensiones-en-la-frontera","status":"publish","type":"post","link":"http:\/\/cuartetoenlaweb.com.ar\/sitio\/tailandia-y-camboya-acuerdan-un-alto-el-fuego-tras-tensiones-en-la-frontera\/","title":{"rendered":"Tailandia y Camboya acuerdan un alto el fuego tras tensiones en la frontera"},"content":{"rendered":"<p>Buenos Aires, 28 diciembre (NA) \u2014 Tailandia y Camboya alcanzaron un acuerdo de alto el fuego, tras una reuni\u00f3n bilateral celebrada en la provincia tailandesa de Chanthaburi, en una nueva se\u00f1al de distensi\u00f3n luego de recientes tensiones en la zona lim\u00edtrofe entre ambos pa\u00edses.<\/p>\n<p>La declaraci\u00f3n conjunta fue firmada por el ministro de Defensa de Tailandia, Natthapon Nakpanich, y el viceprimer ministro y ministro de Defensa de Camboya, Tea Seiha, durante la tercera reuni\u00f3n del Comit\u00e9 General Especial de Fronteras, seg\u00fan supo la Agencia Noticias Argentinas.<\/p>\n<p>Seg\u00fan inform\u00f3 Natthapon tras el encuentro, el acuerdo establece que ambas partes mantendr\u00e1n sus actuales despliegues de tropas, sin realizar nuevos movimientos, patrullajes ni avances hacia las posiciones del otro pa\u00eds. El funcionario subray\u00f3 que, para las Fuerzas Armadas tailandesas, el alto el fuego solo se considerar\u00e1 efectivo cuando cesen completamente las hostilidades sobre el terreno.<\/p>\n<p>El cese de fuego ser\u00e1 supervisado durante un per\u00edodo inicial de 72 horas. En ese lapso, y siempre que se mantenga la estabilidad, se permitir\u00e1 el regreso seguro de la poblaci\u00f3n civil desplazada y se concretar\u00e1 la liberaci\u00f3n de 18 soldados camboyanos capturados, conforme a las normas y pr\u00e1cticas internacionales.<\/p>\n<p>Por su parte, el ministro de Defensa de Camboya confirm\u00f3 que la devoluci\u00f3n de los efectivos detenidos se realizar\u00e1 una vez cumplido el plazo de 72 horas de alto el fuego efectivo.<\/p>\n<p>Ambos gobiernos tambi\u00e9n acordaron reactivar, a la mayor brevedad posible, los trabajos de la Comisi\u00f3n Fronteriza Conjunta, con el objetivo de retomar las tareas de sondeo y demarcaci\u00f3n de la frontera en base a los acuerdos vigentes, como parte de un esfuerzo para alcanzar una paz duradera en toda la zona lim\u00edtrofe.<\/p>\n<p>#AgenciaNA<\/p>\n","protected":false},"excerpt":{"rendered":"<p>Buenos Aires, 28 diciembre (NA) \u2014 Tailandia y Camboya alcanzaron<\/p>\n","protected":false},"author":0,"featured_media":9672,"comment_status":"","ping_status":"","sticky":false,"template":"","format":"standard","meta":{"footnotes":""},"categories":[65],"tags":[],"class_list":["post-9671","post","type-post","status-publish","format-standard","has-post-thumbnail","hentry","category-pais"],"yoast_head":"<!-- This site is optimized with the Yoast SEO plugin v27.5 - https:\/\/yoast.com\/product\/yoast-seo-wordpress\/ -->\n<title>Tailandia y Camboya acuerdan un alto el fuego tras tensiones en la frontera - Cuarteto en la Web<\/title>\n<meta name=\"robots\" content=\"index, follow, max-snippet:-1, max-image-preview:large, max-video-preview:-1\" \/>\n<link rel=\"canonical\" href=\"http:\/\/cuartetoenlaweb.com.ar\/sitio\/tailandia-y-camboya-acuerdan-un-alto-el-fuego-tras-tensiones-en-la-frontera\/\" \/>\n<meta property=\"og:locale\" content=\"es_ES\" \/>\n<meta property=\"og:type\" content=\"article\" \/>\n<meta property=\"og:title\" content=\"Tailandia y Camboya acuerdan un alto el fuego tras tensiones en la frontera - Cuarteto en la Web\" \/>\n<meta property=\"og:description\" content=\"Buenos Aires, 28 diciembre (NA) \u2014 Tailandia y Camboya alcanzaron\" \/>\n<meta property=\"og:url\" content=\"http:\/\/cuartetoenlaweb.com.ar\/sitio\/tailandia-y-camboya-acuerdan-un-alto-el-fuego-tras-tensiones-en-la-frontera\/\" \/>\n<meta property=\"og:site_name\" content=\"Cuarteto en la Web\" \/>\n<meta property=\"article:published_time\" content=\"2025-12-28T04:39:10+00:00\" \/>\n<meta property=\"og:image\" content=\"http:\/\/cuartetoenlaweb.com.ar\/sitio\/wp-content\/uploads\/2025\/12\/720-378.jpeg\" \/>\n\t<meta property=\"og:image:width\" content=\"960\" \/>\n\t<meta property=\"og:image:height\" content=\"720\" \/>\n\t<meta property=\"og:image:type\" content=\"image\/jpeg\" \/>\n<meta name=\"twitter:card\" content=\"summary_large_image\" \/>\n<meta name=\"twitter:label1\" content=\"Tiempo de lectura\" \/>\n\t<meta name=\"twitter:data1\" content=\"1 minuto\" \/>\n<script type=\"application\/ld+json\" class=\"yoast-schema-graph\">{\"@context\":\"https:\\\/\\\/schema.org\",\"@graph\":[{\"@type\":\"Article\",\"@id\":\"http:\\\/\\\/cuartetoenlaweb.com.ar\\\/sitio\\\/tailandia-y-camboya-acuerdan-un-alto-el-fuego-tras-tensiones-en-la-frontera\\\/#article\",\"isPartOf\":{\"@id\":\"http:\\\/\\\/cuartetoenlaweb.com.ar\\\/sitio\\\/tailandia-y-camboya-acuerdan-un-alto-el-fuego-tras-tensiones-en-la-frontera\\\/\"},\"author\":{\"name\":\"\",\"@id\":\"\"},\"headline\":\"Tailandia y Camboya acuerdan un alto el fuego tras tensiones en la frontera\",\"datePublished\":\"2025-12-28T04:39:10+00:00\",\"mainEntityOfPage\":{\"@id\":\"http:\\\/\\\/cuartetoenlaweb.com.ar\\\/sitio\\\/tailandia-y-camboya-acuerdan-un-alto-el-fuego-tras-tensiones-en-la-frontera\\\/\"},\"wordCount\":305,\"publisher\":{\"@id\":\"http:\\\/\\\/cuartetoenlaweb.com.ar\\\/sitio\\\/#organization\"},\"image\":{\"@id\":\"http:\\\/\\\/cuartetoenlaweb.com.ar\\\/sitio\\\/tailandia-y-camboya-acuerdan-un-alto-el-fuego-tras-tensiones-en-la-frontera\\\/#primaryimage\"},\"thumbnailUrl\":\"http:\\\/\\\/cuartetoenlaweb.com.ar\\\/sitio\\\/wp-content\\\/uploads\\\/2025\\\/12\\\/720-378.jpeg\",\"articleSection\":[\"PAIS\"],\"inLanguage\":\"es\"},{\"@type\":\"WebPage\",\"@id\":\"http:\\\/\\\/cuartetoenlaweb.com.ar\\\/sitio\\\/tailandia-y-camboya-acuerdan-un-alto-el-fuego-tras-tensiones-en-la-frontera\\\/\",\"url\":\"http:\\\/\\\/cuartetoenlaweb.com.ar\\\/sitio\\\/tailandia-y-camboya-acuerdan-un-alto-el-fuego-tras-tensiones-en-la-frontera\\\/\",\"name\":\"Tailandia y Camboya acuerdan un alto el fuego tras tensiones en la frontera - Cuarteto en la Web\",\"isPartOf\":{\"@id\":\"http:\\\/\\\/cuartetoenlaweb.com.ar\\\/sitio\\\/#website\"},\"primaryImageOfPage\":{\"@id\":\"http:\\\/\\\/cuartetoenlaweb.com.ar\\\/sitio\\\/tailandia-y-camboya-acuerdan-un-alto-el-fuego-tras-tensiones-en-la-frontera\\\/#primaryimage\"},\"image\":{\"@id\":\"http:\\\/\\\/cuartetoenlaweb.com.ar\\\/sitio\\\/tailandia-y-camboya-acuerdan-un-alto-el-fuego-tras-tensiones-en-la-frontera\\\/#primaryimage\"},\"thumbnailUrl\":\"http:\\\/\\\/cuartetoenlaweb.com.ar\\\/sitio\\\/wp-content\\\/uploads\\\/2025\\\/12\\\/720-378.jpeg\",\"datePublished\":\"2025-12-28T04:39:10+00:00\",\"breadcrumb\":{\"@id\":\"http:\\\/\\\/cuartetoenlaweb.com.ar\\\/sitio\\\/tailandia-y-camboya-acuerdan-un-alto-el-fuego-tras-tensiones-en-la-frontera\\\/#breadcrumb\"},\"inLanguage\":\"es\",\"potentialAction\":[{\"@type\":\"ReadAction\",\"target\":[\"http:\\\/\\\/cuartetoenlaweb.com.ar\\\/sitio\\\/tailandia-y-camboya-acuerdan-un-alto-el-fuego-tras-tensiones-en-la-frontera\\\/\"]}]},{\"@type\":\"ImageObject\",\"inLanguage\":\"es\",\"@id\":\"http:\\\/\\\/cuartetoenlaweb.com.ar\\\/sitio\\\/tailandia-y-camboya-acuerdan-un-alto-el-fuego-tras-tensiones-en-la-frontera\\\/#primaryimage\",\"url\":\"http:\\\/\\\/cuartetoenlaweb.com.ar\\\/sitio\\\/wp-content\\\/uploads\\\/2025\\\/12\\\/720-378.jpeg\",\"contentUrl\":\"http:\\\/\\\/cuartetoenlaweb.com.ar\\\/sitio\\\/wp-content\\\/uploads\\\/2025\\\/12\\\/720-378.jpeg\",\"width\":960,\"height\":720},{\"@type\":\"BreadcrumbList\",\"@id\":\"http:\\\/\\\/cuartetoenlaweb.com.ar\\\/sitio\\\/tailandia-y-camboya-acuerdan-un-alto-el-fuego-tras-tensiones-en-la-frontera\\\/#breadcrumb\",\"itemListElement\":[{\"@type\":\"ListItem\",\"position\":1,\"name\":\"Portada\",\"item\":\"http:\\\/\\\/cuartetoenlaweb.com.ar\\\/sitio\\\/\"},{\"@type\":\"ListItem\",\"position\":2,\"name\":\"Tailandia y Camboya acuerdan un alto el fuego tras tensiones en la frontera\"}]},{\"@type\":\"WebSite\",\"@id\":\"http:\\\/\\\/cuartetoenlaweb.com.ar\\\/sitio\\\/#website\",\"url\":\"http:\\\/\\\/cuartetoenlaweb.com.ar\\\/sitio\\\/\",\"name\":\"Cuarteto en la Web\",\"description\":\"\",\"publisher\":{\"@id\":\"http:\\\/\\\/cuartetoenlaweb.com.ar\\\/sitio\\\/#organization\"},\"potentialAction\":[{\"@type\":\"SearchAction\",\"target\":{\"@type\":\"EntryPoint\",\"urlTemplate\":\"http:\\\/\\\/cuartetoenlaweb.com.ar\\\/sitio\\\/?s={search_term_string}\"},\"query-input\":{\"@type\":\"PropertyValueSpecification\",\"valueRequired\":true,\"valueName\":\"search_term_string\"}}],\"inLanguage\":\"es\"},{\"@type\":\"Organization\",\"@id\":\"http:\\\/\\\/cuartetoenlaweb.com.ar\\\/sitio\\\/#organization\",\"name\":\"Cuarteto en la Web\",\"url\":\"http:\\\/\\\/cuartetoenlaweb.com.ar\\\/sitio\\\/\",\"logo\":{\"@type\":\"ImageObject\",\"inLanguage\":\"es\",\"@id\":\"http:\\\/\\\/cuartetoenlaweb.com.ar\\\/sitio\\\/#\\\/schema\\\/logo\\\/image\\\/\",\"url\":\"http:\\\/\\\/cuartetoenlaweb.com.ar\\\/sitio\\\/wp-content\\\/uploads\\\/2025\\\/07\\\/cropped-cropped-logitoweb21.png\",\"contentUrl\":\"http:\\\/\\\/cuartetoenlaweb.com.ar\\\/sitio\\\/wp-content\\\/uploads\\\/2025\\\/07\\\/cropped-cropped-logitoweb21.png\",\"width\":199,\"height\":199,\"caption\":\"Cuarteto en la Web\"},\"image\":{\"@id\":\"http:\\\/\\\/cuartetoenlaweb.com.ar\\\/sitio\\\/#\\\/schema\\\/logo\\\/image\\\/\"}}]}<\/script>\n<!-- \/ Yoast SEO plugin. -->","yoast_head_json":{"title":"Tailandia y Camboya acuerdan un alto el fuego tras tensiones en la frontera - Cuarteto en la Web","robots":{"index":"index","follow":"follow","max-snippet":"max-snippet:-1","max-image-preview":"max-image-preview:large","max-video-preview":"max-video-preview:-1"},"canonical":"http:\/\/cuartetoenlaweb.com.ar\/sitio\/tailandia-y-camboya-acuerdan-un-alto-el-fuego-tras-tensiones-en-la-frontera\/","og_locale":"es_ES","og_type":"article","og_title":"Tailandia y Camboya acuerdan un alto el fuego tras tensiones en la frontera - Cuarteto en la Web","og_description":"Buenos Aires, 28 diciembre (NA) \u2014 Tailandia y Camboya alcanzaron","og_url":"http:\/\/cuartetoenlaweb.com.ar\/sitio\/tailandia-y-camboya-acuerdan-un-alto-el-fuego-tras-tensiones-en-la-frontera\/","og_site_name":"Cuarteto en la Web","article_published_time":"2025-12-28T04:39:10+00:00","og_image":[{"width":960,"height":720,"url":"http:\/\/cuartetoenlaweb.com.ar\/sitio\/wp-content\/uploads\/2025\/12\/720-378.jpeg","type":"image\/jpeg"}],"twitter_card":"summary_large_image","twitter_misc":{"Tiempo de lectura":"1 minuto"},"schema":{"@context":"https:\/\/schema.org","@graph":[{"@type":"Article","@id":"http:\/\/cuartetoenlaweb.com.ar\/sitio\/tailandia-y-camboya-acuerdan-un-alto-el-fuego-tras-tensiones-en-la-frontera\/#article","isPartOf":{"@id":"http:\/\/cuartetoenlaweb.com.ar\/sitio\/tailandia-y-camboya-acuerdan-un-alto-el-fuego-tras-tensiones-en-la-frontera\/"},"author":{"name":"","@id":""},"headline":"Tailandia y Camboya acuerdan un alto el fuego tras tensiones en la frontera","datePublished":"2025-12-28T04:39:10+00:00","mainEntityOfPage":{"@id":"http:\/\/cuartetoenlaweb.com.ar\/sitio\/tailandia-y-camboya-acuerdan-un-alto-el-fuego-tras-tensiones-en-la-frontera\/"},"wordCount":305,"publisher":{"@id":"http:\/\/cuartetoenlaweb.com.ar\/sitio\/#organization"},"image":{"@id":"http:\/\/cuartetoenlaweb.com.ar\/sitio\/tailandia-y-camboya-acuerdan-un-alto-el-fuego-tras-tensiones-en-la-frontera\/#primaryimage"},"thumbnailUrl":"http:\/\/cuartetoenlaweb.com.ar\/sitio\/wp-content\/uploads\/2025\/12\/720-378.jpeg","articleSection":["PAIS"],"inLanguage":"es"},{"@type":"WebPage","@id":"http:\/\/cuartetoenlaweb.com.ar\/sitio\/tailandia-y-camboya-acuerdan-un-alto-el-fuego-tras-tensiones-en-la-frontera\/","url":"http:\/\/cuartetoenlaweb.com.ar\/sitio\/tailandia-y-camboya-acuerdan-un-alto-el-fuego-tras-tensiones-en-la-frontera\/","name":"Tailandia y Camboya acuerdan un alto el fuego tras tensiones en la frontera - Cuarteto en la Web","isPartOf":{"@id":"http:\/\/cuartetoenlaweb.com.ar\/sitio\/#website"},"primaryImageOfPage":{"@id":"http:\/\/cuartetoenlaweb.com.ar\/sitio\/tailandia-y-camboya-acuerdan-un-alto-el-fuego-tras-tensiones-en-la-frontera\/#primaryimage"},"image":{"@id":"http:\/\/cuartetoenlaweb.com.ar\/sitio\/tailandia-y-camboya-acuerdan-un-alto-el-fuego-tras-tensiones-en-la-frontera\/#primaryimage"},"thumbnailUrl":"http:\/\/cuartetoenlaweb.com.ar\/sitio\/wp-content\/uploads\/2025\/12\/720-378.jpeg","datePublished":"2025-12-28T04:39:10+00:00","breadcrumb":{"@id":"http:\/\/cuartetoenlaweb.com.ar\/sitio\/tailandia-y-camboya-acuerdan-un-alto-el-fuego-tras-tensiones-en-la-frontera\/#breadcrumb"},"inLanguage":"es","potentialAction":[{"@type":"ReadAction","target":["http:\/\/cuartetoenlaweb.com.ar\/sitio\/tailandia-y-camboya-acuerdan-un-alto-el-fuego-tras-tensiones-en-la-frontera\/"]}]},{"@type":"ImageObject","inLanguage":"es","@id":"http:\/\/cuartetoenlaweb.com.ar\/sitio\/tailandia-y-camboya-acuerdan-un-alto-el-fuego-tras-tensiones-en-la-frontera\/#primaryimage","url":"http:\/\/cuartetoenlaweb.com.ar\/sitio\/wp-content\/uploads\/2025\/12\/720-378.jpeg","contentUrl":"http:\/\/cuartetoenlaweb.com.ar\/sitio\/wp-content\/uploads\/2025\/12\/720-378.jpeg","width":960,"height":720},{"@type":"BreadcrumbList","@id":"http:\/\/cuartetoenlaweb.com.ar\/sitio\/tailandia-y-camboya-acuerdan-un-alto-el-fuego-tras-tensiones-en-la-frontera\/#breadcrumb","itemListElement":[{"@type":"ListItem","position":1,"name":"Portada","item":"http:\/\/cuartetoenlaweb.com.ar\/sitio\/"},{"@type":"ListItem","position":2,"name":"Tailandia y Camboya acuerdan un alto el fuego tras tensiones en la frontera"}]},{"@type":"WebSite","@id":"http:\/\/cuartetoenlaweb.com.ar\/sitio\/#website","url":"http:\/\/cuartetoenlaweb.com.ar\/sitio\/","name":"Cuarteto en la Web","description":"","publisher":{"@id":"http:\/\/cuartetoenlaweb.com.ar\/sitio\/#organization"},"potentialAction":[{"@type":"SearchAction","target":{"@type":"EntryPoint","urlTemplate":"http:\/\/cuartetoenlaweb.com.ar\/sitio\/?s={search_term_string}"},"query-input":{"@type":"PropertyValueSpecification","valueRequired":true,"valueName":"search_term_string"}}],"inLanguage":"es"},{"@type":"Organization","@id":"http:\/\/cuartetoenlaweb.com.ar\/sitio\/#organization","name":"Cuarteto en la Web","url":"http:\/\/cuartetoenlaweb.com.ar\/sitio\/","logo":{"@type":"ImageObject","inLanguage":"es","@id":"http:\/\/cuartetoenlaweb.com.ar\/sitio\/#\/schema\/logo\/image\/","url":"http:\/\/cuartetoenlaweb.com.ar\/sitio\/wp-content\/uploads\/2025\/07\/cropped-cropped-logitoweb21.png","contentUrl":"http:\/\/cuartetoenlaweb.com.ar\/sitio\/wp-content\/uploads\/2025\/07\/cropped-cropped-logitoweb21.png","width":199,"height":199,"caption":"Cuarteto en la Web"},"image":{"@id":"http:\/\/cuartetoenlaweb.com.ar\/sitio\/#\/schema\/logo\/image\/"}}]}},"_links":{"self":[{"href":"http:\/\/cuartetoenlaweb.com.ar\/sitio\/wp-json\/wp\/v2\/posts\/9671","targetHints":{"allow":["GET"]}}],"collection":[{"href":"http:\/\/cuartetoenlaweb.com.ar\/sitio\/wp-json\/wp\/v2\/posts"}],"about":[{"href":"http:\/\/cuartetoenlaweb.com.ar\/sitio\/wp-json\/wp\/v2\/types\/post"}],"replies":[{"embeddable":true,"href":"http:\/\/cuartetoenlaweb.com.ar\/sitio\/wp-json\/wp\/v2\/comments?post=9671"}],"version-history":[{"count":0,"href":"http:\/\/cuartetoenlaweb.com.ar\/sitio\/wp-json\/wp\/v2\/posts\/9671\/revisions"}],"wp:featuredmedia":[{"embeddable":true,"href":"http:\/\/cuartetoenlaweb.com.ar\/sitio\/wp-json\/wp\/v2\/media\/9672"}],"wp:attachment":[{"href":"http:\/\/cuartetoenlaweb.com.ar\/sitio\/wp-json\/wp\/v2\/media?parent=9671"}],"wp:term":[{"taxonomy":"category","embeddable":true,"href":"http:\/\/cuartetoenlaweb.com.ar\/sitio\/wp-json\/wp\/v2\/categories?post=9671"},{"taxonomy":"post_tag","embeddable":true,"href":"http:\/\/cuartetoenlaweb.com.ar\/sitio\/wp-json\/wp\/v2\/tags?post=9671"}],"curies":[{"name":"wp","href":"https:\/\/api.w.org\/{rel}","templated":true}]}}