
{"id":9665,"date":"2025-12-28T01:39:06","date_gmt":"2025-12-28T04:39:06","guid":{"rendered":"https:\/\/cuartetoenlaweb.com.ar\/sitio\/faustino-simeone-el-hijo-de-eva-bargiela-y-gianluca-simeone-tuvo-su-bautismo-las-hermosas-fotos\/"},"modified":"2025-12-28T01:39:06","modified_gmt":"2025-12-28T04:39:06","slug":"faustino-simeone-el-hijo-de-eva-bargiela-y-gianluca-simeone-tuvo-su-bautismo-las-hermosas-fotos","status":"publish","type":"post","link":"http:\/\/cuartetoenlaweb.com.ar\/sitio\/faustino-simeone-el-hijo-de-eva-bargiela-y-gianluca-simeone-tuvo-su-bautismo-las-hermosas-fotos\/","title":{"rendered":"Faustino Simeone, el hijo de Eva Bargiela y Gianluca Simeone tuvo su bautismo: las hermosas fotos"},"content":{"rendered":"<p><strong><a href=\"https:\/\/www.paparazzi.com.ar\/?s=Eva+Bargiela\">Eva Bargiela<\/a><\/strong> y <strong><a href=\"https:\/\/www.paparazzi.com.ar\/?s=Gianluca+Simeone\">Gianluca Simeone<\/a><\/strong> vivieron <a href=\"https:\/\/www.paparazzi.com.ar\/romances\/eva-bargiela-mostro-la-carita-de-su-hijo-con-gianluca-simeone-y-compartio-las-10-fotos-mas-intimas-desde-el-parto\/\">uno de los momentos m\u00e1s importantes desde que se convirtieron en padres<\/a>: el bautismo de su hijo Faustino. La ceremonia tuvo lugar en la imponente Bas\u00edlica de Luj\u00e1n y reuni\u00f3 a familiares y amigos \u00edntimos, en una jornada cargada de emoci\u00f3n, fe y celebraci\u00f3n.<\/p>\n<p>Desde las primeras im\u00e1genes que circularon en redes sociales, se pudo ver a <strong>Carolina Baldini<\/strong>, mam\u00e1 de Gianluca, sosteniendo al peque\u00f1o Faustino en brazos, acompa\u00f1ada por su hijo. Vestidos en tonos claros y relajados, acordes al clima c\u00e1lido, los Simeone comenzaron as\u00ed un d\u00eda que quedar\u00e1 grabado para siempre en su historia familiar.<\/p>\n<p>La Bas\u00edlica de Luj\u00e1n fue el escenario elegido para este sacramento tan especial. La arquitectura majestuosa, los vitrales y la luz natural que atravesaba el altar principal aportaron un clima de recogimiento y solemnidad. Mientras los invitados aguardaban el inicio del rito, se vivieron momentos de charlas en voz baja, abrazos y miradas c\u00f3mplices que reflejaron la emoci\u00f3n compartida.<\/p>\n<div class=\"mt-box \">\n<h4 class=\"mt-heading\">Mir\u00e1 Tambi\u00e9n<\/h4>\n<p><a href=\"https:\/\/www.paparazzi.com.ar\/teve\/exclusivo-el-dramatico-momento-que-protagonizo-christian-petersen-a-los-gritos-yo-nunca\/\"><\/p>\n<div class=\"mt-content\">\n<div class=\"mt-image-container\"><img decoding=\"async\" src=\"https:\/\/www.paparazzi.com.ar\/wp-content\/uploads\/2025\/12\/\u00a1Exclusivo-El-dramatico-momento-que-protagonizo-Christian-Petersen-a-los-gritos-22Yo-nunca.22-359x226.jpg\" alt=\"\u00a1Exclusivo! El dram\u00e1tico momento que protagoniz\u00f3 Christian Petersen a los gritos: &quot;Yo nunca...&quot;\" class=\"mt-image\" loading=\"lazy\" \/><\/div>\n<h5 class=\"mt-title\">\u00a1Exclusivo! El dram\u00e1tico momento que protagoniz\u00f3 Christian Petersen a los gritos: \u00abYo nunca&#8230;\u00bb<\/h5>\n<\/div>\n<p><\/a><\/div>\n<p>Durante el bautismo, uno de los instantes m\u00e1s conmovedores fue cuando la madrina sostuvo a Faustino en brazos frente al altar. Eva Bargiela y Gianluca Simeone observaron la escena visiblemente emocionados, acompa\u00f1ados tambi\u00e9n por Giuliano Simeone, hermano del pap\u00e1 del peque\u00f1o. <\/p>\n<p>Las im\u00e1genes captaron la intensidad del momento y la uni\u00f3n de la familia en torno a este nuevo comienzo. Para la ocasi\u00f3n, Eva eligi\u00f3 un look total white, sencillo y elegante, en sinton\u00eda con el esp\u00edritu del bautismo. Fiel a su estilo, opt\u00f3 por una propuesta delicada que combin\u00f3 comodidad y sofisticaci\u00f3n, ideal para una ceremonia religiosa de d\u00eda.<\/p>\n<div class=\"mt-box \">\n<h4 class=\"mt-heading\">Mir\u00e1 Tambi\u00e9n<\/h4>\n<p><a href=\"https:\/\/www.paparazzi.com.ar\/teve\/eva-bargiela-conto-el-accidente-escatologico-que-tuvo-con-su-bebe-recien-nacido\/\"><\/p>\n<div class=\"mt-content\">\n<div class=\"mt-image-container\"><img decoding=\"async\" src=\"https:\/\/www.paparazzi.com.ar\/wp-content\/uploads\/2025\/11\/eva-bargiela-359x226.png\" alt=\"Eva Bargiela cont\u00f3 el accidente escatol\u00f3gico que tuvo con su beb\u00e9 reci\u00e9n nacido\" class=\"mt-image\" loading=\"lazy\" \/><\/div>\n<h5 class=\"mt-title\">Eva Bargiela cont\u00f3 el accidente escatol\u00f3gico que tuvo con su beb\u00e9 reci\u00e9n nacido<\/h5>\n<\/div>\n<p><\/a><\/div>\n<p>Finalizado el rito, la celebraci\u00f3n continu\u00f3 al aire libre, en un ambiente mucho m\u00e1s distendido. Rodeados de verde, los invitados compartieron una recepci\u00f3n \u00edntima donde no faltaron las risas, las charlas y las fotos familiares. El centro de la mesa fue una torta blanca de dos pisos decorada con una cruz, s\u00edmbolo del sacramento recibido por Faustino.<\/p>\n<p>Diciembre fue un mes especialmente significativo para Eva Bargiela: celebr\u00f3 su primer cumplea\u00f1os como mam\u00e1, su primera Navidad junto a su hijo y ahora sum\u00f3 el bautismo, consolidando una etapa de profundas emociones y cambios en su vida personal.<\/p>\n<figure class=\"wp-block-image size-large\"><img decoding=\"async\" src=\"https:\/\/www.paparazzi.com.ar\/wp-content\/uploads\/2025\/12\/Eva-Bargiela-y-Gianluca-Bautismo-768x1024.jpg.webp\" loading=\"lazy\" alt=\"\" class=\"wp-image-457912\" \/><\/figure>\n<figure class=\"wp-block-image size-large\"><img decoding=\"async\" src=\"https:\/\/www.paparazzi.com.ar\/wp-content\/uploads\/2025\/12\/Eva-Bargiela-y-Gianluca-Bautismo1-1024x684.jpg.webp\" loading=\"lazy\" alt=\"\" class=\"wp-image-457913\" \/><\/figure>\n<figure class=\"wp-block-image size-large\"><img decoding=\"async\" src=\"https:\/\/www.paparazzi.com.ar\/wp-content\/uploads\/2025\/12\/Eva-Bargiela-y-Gianluca-Bautismo2-1024x684.jpg.webp\" loading=\"lazy\" alt=\"\" class=\"wp-image-457914\" \/><\/figure>\n<figure class=\"wp-block-image size-large\"><img decoding=\"async\" src=\"https:\/\/www.paparazzi.com.ar\/wp-content\/uploads\/2025\/12\/Eva-Bargiela-y-Gianluca-Bautismo4-1024x682.jpg.webp\" loading=\"lazy\" alt=\"\" class=\"wp-image-457915\" \/><\/figure>\n<figure class=\"wp-block-image size-large\"><img decoding=\"async\" src=\"https:\/\/www.paparazzi.com.ar\/wp-content\/uploads\/2025\/12\/Eva-Bargiela-y-Gianluca-Bautismo6-768x1024.jpg.webp\" loading=\"lazy\" alt=\"\" class=\"wp-image-457916\" \/><\/figure>\n<figure class=\"wp-block-image size-large\"><img decoding=\"async\" src=\"https:\/\/www.paparazzi.com.ar\/wp-content\/uploads\/2025\/12\/Eva-Bargiela-y-Gianluca-Bautismo99-1024x684.jpg.webp\" loading=\"lazy\" alt=\"\" class=\"wp-image-457917\" \/><\/figure>\n<figure class=\"wp-block-image size-large\"><img decoding=\"async\" src=\"https:\/\/www.paparazzi.com.ar\/wp-content\/uploads\/2025\/12\/Eva-Bargiela-y-Gianluca-Bautismo10-768x1024.jpg.webp\" loading=\"lazy\" alt=\"\" class=\"wp-image-457918\" \/><\/figure>\n<figure class=\"wp-block-image size-large\"><img decoding=\"async\" src=\"https:\/\/www.paparazzi.com.ar\/wp-content\/uploads\/2025\/12\/Eva-Bargiela-y-Gianluca-Bautismo11-1024x682.jpg.webp\" loading=\"lazy\" alt=\"\" class=\"wp-image-457919\" \/><\/figure>\n<figure class=\"wp-block-image size-large\"><img decoding=\"async\" src=\"https:\/\/www.paparazzi.com.ar\/wp-content\/uploads\/2025\/12\/Eva-Bargiela-y-Gianluca-Bautismo12-1024x682.jpg.webp\" loading=\"lazy\" alt=\"\" class=\"wp-image-457920\" \/><\/figure>\n<figure class=\"wp-block-image size-large\"><img decoding=\"async\" src=\"https:\/\/www.paparazzi.com.ar\/wp-content\/uploads\/2025\/12\/Eva-Bargiela-y-Gianluca-Bautismo14-768x1024.jpg.webp\" loading=\"lazy\" alt=\"\" class=\"wp-image-457921\" \/><\/figure>\n<figure class=\"wp-block-image size-large\"><img decoding=\"async\" src=\"https:\/\/www.paparazzi.com.ar\/wp-content\/uploads\/2025\/12\/Eva-Bargiela-y-Gianluca-Bautismo15-1024x682.jpg.webp\" loading=\"lazy\" alt=\"\" class=\"wp-image-457922\" \/><\/figure>\n<figure class=\"wp-block-image size-large\"><img decoding=\"async\" src=\"https:\/\/www.paparazzi.com.ar\/wp-content\/uploads\/2025\/12\/Eva-Bargiela-y-Gianluca-Bautismo16-768x1024.jpg.webp\" loading=\"lazy\" alt=\"\" class=\"wp-image-457923\" \/><\/figure>\n<div class=\"mt-box \">\n<h4 class=\"mt-heading\">Mir\u00e1 Tambi\u00e9n<\/h4>\n<p><a href=\"https:\/\/www.paparazzi.com.ar\/teve\/era-necesario-el-mensaje-del-cholo-simeone-por-el-bebe-de-eva-bargiela-y-gianluca-simeone\/\"><\/p>\n<div class=\"mt-content\">\n<div class=\"mt-image-container\"><img decoding=\"async\" src=\"https:\/\/www.paparazzi.com.ar\/wp-content\/uploads\/2025\/10\/Cholo-Simeone-Eva-Bargiela-Gianluca-Simeone-359x226.jpg\" alt=\"\u00bfEra necesario? El mensaje del Cholo Simeone por el beb\u00e9 de Eva Bargiela y Gianluca Simeone\" class=\"mt-image\" loading=\"lazy\" \/><\/div>\n<h5 class=\"mt-title\">\u00bfEra necesario? El mensaje del Cholo Simeone por el beb\u00e9 de Eva Bargiela y Gianluca Simeone<\/h5>\n<\/div>\n<p><\/a><\/div>\n<div class=\"mt-box \">\n<h4 class=\"mt-heading\">Mir\u00e1 Tambi\u00e9n<\/h4>\n<p><a href=\"https:\/\/www.paparazzi.com.ar\/romances\/eva-bargiela-mostro-la-carita-de-su-hijo-con-gianluca-simeone-y-compartio-las-10-fotos-mas-intimas-desde-el-parto\/\"><\/p>\n<div class=\"mt-content\">\n<div class=\"mt-image-container\"><img decoding=\"async\" src=\"https:\/\/www.paparazzi.com.ar\/wp-content\/uploads\/2025\/10\/eva-bargiela-gianluca-simeone-1-359x226.jpg\" alt=\"Eva Bargiela mostr\u00f3 la carita de su hijo con Gianluca Simeone y comparti\u00f3 las 10 fotos m\u00e1s \u00edntimas desde el parto\" class=\"mt-image\" loading=\"lazy\" \/><\/div>\n<h5 class=\"mt-title\">Eva Bargiela mostr\u00f3 la carita de su hijo con Gianluca Simeone y comparti\u00f3 las 10 fotos m\u00e1s \u00edntimas desde el parto<\/h5>\n<\/div>\n<p><\/a><\/div>\n<p>The post <a href=\"https:\/\/www.paparazzi.com.ar\/teve\/faustino-simeone-el-hijo-de-eva-bargiela-y-gianluca-simeone-tuvo-su-bautismo-las-hermosas-fotos\/\">Faustino Simeone, el hijo de Eva Bargiela y Gianluca Simeone tuvo su bautismo: las hermosas fotos<\/a> appeared first on <a href=\"https:\/\/www.paparazzi.com.ar\">Revista Paparazzi<\/a>.<\/p>\n","protected":false},"excerpt":{"rendered":"<p>Eva Bargiela y Gianluca Simeone vivieron uno de los momentos<\/p>\n","protected":false},"author":0,"featured_media":9666,"comment_status":"","ping_status":"","sticky":false,"template":"","format":"standard","meta":{"footnotes":""},"categories":[65],"tags":[],"class_list":["post-9665","post","type-post","status-publish","format-standard","has-post-thumbnail","hentry","category-pais"],"yoast_head":"<!-- This site is optimized with the Yoast SEO plugin v27.4 - https:\/\/yoast.com\/product\/yoast-seo-wordpress\/ -->\n<title>Faustino Simeone, el hijo de Eva Bargiela y Gianluca Simeone tuvo su bautismo: las hermosas fotos - Cuarteto en la Web<\/title>\n<meta name=\"robots\" content=\"index, follow, max-snippet:-1, max-image-preview:large, max-video-preview:-1\" \/>\n<link rel=\"canonical\" href=\"http:\/\/cuartetoenlaweb.com.ar\/sitio\/faustino-simeone-el-hijo-de-eva-bargiela-y-gianluca-simeone-tuvo-su-bautismo-las-hermosas-fotos\/\" \/>\n<meta property=\"og:locale\" content=\"es_ES\" \/>\n<meta property=\"og:type\" content=\"article\" \/>\n<meta property=\"og:title\" content=\"Faustino Simeone, el hijo de Eva Bargiela y Gianluca Simeone tuvo su bautismo: las hermosas fotos - Cuarteto en la Web\" \/>\n<meta property=\"og:description\" content=\"Eva Bargiela y Gianluca Simeone vivieron uno de los momentos\" \/>\n<meta property=\"og:url\" content=\"http:\/\/cuartetoenlaweb.com.ar\/sitio\/faustino-simeone-el-hijo-de-eva-bargiela-y-gianluca-simeone-tuvo-su-bautismo-las-hermosas-fotos\/\" \/>\n<meta property=\"og:site_name\" content=\"Cuarteto en la Web\" \/>\n<meta property=\"article:published_time\" content=\"2025-12-28T04:39:06+00:00\" \/>\n<meta property=\"og:image\" content=\"http:\/\/cuartetoenlaweb.com.ar\/sitio\/wp-content\/uploads\/2025\/12\/\u00a1Exclusivo-El-dramatico-momento-que-protagonizo-Christian-Petersen-a-los-gritos-22Yo-nunca.22-359x226-1.jpg\" \/>\n\t<meta property=\"og:image:width\" content=\"359\" \/>\n\t<meta property=\"og:image:height\" content=\"226\" \/>\n\t<meta property=\"og:image:type\" content=\"image\/jpeg\" \/>\n<meta name=\"twitter:card\" content=\"summary_large_image\" \/>\n<meta name=\"twitter:label1\" content=\"Tiempo de lectura\" \/>\n\t<meta name=\"twitter:data1\" content=\"2 minutos\" \/>\n<script type=\"application\/ld+json\" class=\"yoast-schema-graph\">{\"@context\":\"https:\\\/\\\/schema.org\",\"@graph\":[{\"@type\":\"Article\",\"@id\":\"http:\\\/\\\/cuartetoenlaweb.com.ar\\\/sitio\\\/faustino-simeone-el-hijo-de-eva-bargiela-y-gianluca-simeone-tuvo-su-bautismo-las-hermosas-fotos\\\/#article\",\"isPartOf\":{\"@id\":\"http:\\\/\\\/cuartetoenlaweb.com.ar\\\/sitio\\\/faustino-simeone-el-hijo-de-eva-bargiela-y-gianluca-simeone-tuvo-su-bautismo-las-hermosas-fotos\\\/\"},\"author\":{\"name\":\"\",\"@id\":\"\"},\"headline\":\"Faustino Simeone, el hijo de Eva Bargiela y Gianluca Simeone tuvo su bautismo: las hermosas fotos\",\"datePublished\":\"2025-12-28T04:39:06+00:00\",\"mainEntityOfPage\":{\"@id\":\"http:\\\/\\\/cuartetoenlaweb.com.ar\\\/sitio\\\/faustino-simeone-el-hijo-de-eva-bargiela-y-gianluca-simeone-tuvo-su-bautismo-las-hermosas-fotos\\\/\"},\"wordCount\":505,\"publisher\":{\"@id\":\"https:\\\/\\\/cuartetoenlaweb.com.ar\\\/sitio\\\/#organization\"},\"image\":{\"@id\":\"http:\\\/\\\/cuartetoenlaweb.com.ar\\\/sitio\\\/faustino-simeone-el-hijo-de-eva-bargiela-y-gianluca-simeone-tuvo-su-bautismo-las-hermosas-fotos\\\/#primaryimage\"},\"thumbnailUrl\":\"http:\\\/\\\/cuartetoenlaweb.com.ar\\\/sitio\\\/wp-content\\\/uploads\\\/2025\\\/12\\\/\u00a1Exclusivo-El-dramatico-momento-que-protagonizo-Christian-Petersen-a-los-gritos-22Yo-nunca.22-359x226-1.jpg\",\"articleSection\":[\"PAIS\"],\"inLanguage\":\"es\"},{\"@type\":\"WebPage\",\"@id\":\"http:\\\/\\\/cuartetoenlaweb.com.ar\\\/sitio\\\/faustino-simeone-el-hijo-de-eva-bargiela-y-gianluca-simeone-tuvo-su-bautismo-las-hermosas-fotos\\\/\",\"url\":\"http:\\\/\\\/cuartetoenlaweb.com.ar\\\/sitio\\\/faustino-simeone-el-hijo-de-eva-bargiela-y-gianluca-simeone-tuvo-su-bautismo-las-hermosas-fotos\\\/\",\"name\":\"Faustino Simeone, el hijo de Eva Bargiela y Gianluca Simeone tuvo su bautismo: las hermosas fotos - Cuarteto en la Web\",\"isPartOf\":{\"@id\":\"https:\\\/\\\/cuartetoenlaweb.com.ar\\\/sitio\\\/#website\"},\"primaryImageOfPage\":{\"@id\":\"http:\\\/\\\/cuartetoenlaweb.com.ar\\\/sitio\\\/faustino-simeone-el-hijo-de-eva-bargiela-y-gianluca-simeone-tuvo-su-bautismo-las-hermosas-fotos\\\/#primaryimage\"},\"image\":{\"@id\":\"http:\\\/\\\/cuartetoenlaweb.com.ar\\\/sitio\\\/faustino-simeone-el-hijo-de-eva-bargiela-y-gianluca-simeone-tuvo-su-bautismo-las-hermosas-fotos\\\/#primaryimage\"},\"thumbnailUrl\":\"http:\\\/\\\/cuartetoenlaweb.com.ar\\\/sitio\\\/wp-content\\\/uploads\\\/2025\\\/12\\\/\u00a1Exclusivo-El-dramatico-momento-que-protagonizo-Christian-Petersen-a-los-gritos-22Yo-nunca.22-359x226-1.jpg\",\"datePublished\":\"2025-12-28T04:39:06+00:00\",\"breadcrumb\":{\"@id\":\"http:\\\/\\\/cuartetoenlaweb.com.ar\\\/sitio\\\/faustino-simeone-el-hijo-de-eva-bargiela-y-gianluca-simeone-tuvo-su-bautismo-las-hermosas-fotos\\\/#breadcrumb\"},\"inLanguage\":\"es\",\"potentialAction\":[{\"@type\":\"ReadAction\",\"target\":[\"http:\\\/\\\/cuartetoenlaweb.com.ar\\\/sitio\\\/faustino-simeone-el-hijo-de-eva-bargiela-y-gianluca-simeone-tuvo-su-bautismo-las-hermosas-fotos\\\/\"]}]},{\"@type\":\"ImageObject\",\"inLanguage\":\"es\",\"@id\":\"http:\\\/\\\/cuartetoenlaweb.com.ar\\\/sitio\\\/faustino-simeone-el-hijo-de-eva-bargiela-y-gianluca-simeone-tuvo-su-bautismo-las-hermosas-fotos\\\/#primaryimage\",\"url\":\"http:\\\/\\\/cuartetoenlaweb.com.ar\\\/sitio\\\/wp-content\\\/uploads\\\/2025\\\/12\\\/\u00a1Exclusivo-El-dramatico-momento-que-protagonizo-Christian-Petersen-a-los-gritos-22Yo-nunca.22-359x226-1.jpg\",\"contentUrl\":\"http:\\\/\\\/cuartetoenlaweb.com.ar\\\/sitio\\\/wp-content\\\/uploads\\\/2025\\\/12\\\/\u00a1Exclusivo-El-dramatico-momento-que-protagonizo-Christian-Petersen-a-los-gritos-22Yo-nunca.22-359x226-1.jpg\",\"width\":359,\"height\":226},{\"@type\":\"BreadcrumbList\",\"@id\":\"http:\\\/\\\/cuartetoenlaweb.com.ar\\\/sitio\\\/faustino-simeone-el-hijo-de-eva-bargiela-y-gianluca-simeone-tuvo-su-bautismo-las-hermosas-fotos\\\/#breadcrumb\",\"itemListElement\":[{\"@type\":\"ListItem\",\"position\":1,\"name\":\"Portada\",\"item\":\"https:\\\/\\\/cuartetoenlaweb.com.ar\\\/sitio\\\/\"},{\"@type\":\"ListItem\",\"position\":2,\"name\":\"Faustino Simeone, el hijo de Eva Bargiela y Gianluca Simeone tuvo su bautismo: las hermosas fotos\"}]},{\"@type\":\"WebSite\",\"@id\":\"https:\\\/\\\/cuartetoenlaweb.com.ar\\\/sitio\\\/#website\",\"url\":\"https:\\\/\\\/cuartetoenlaweb.com.ar\\\/sitio\\\/\",\"name\":\"Cuarteto en la Web\",\"description\":\"\",\"publisher\":{\"@id\":\"https:\\\/\\\/cuartetoenlaweb.com.ar\\\/sitio\\\/#organization\"},\"potentialAction\":[{\"@type\":\"SearchAction\",\"target\":{\"@type\":\"EntryPoint\",\"urlTemplate\":\"https:\\\/\\\/cuartetoenlaweb.com.ar\\\/sitio\\\/?s={search_term_string}\"},\"query-input\":{\"@type\":\"PropertyValueSpecification\",\"valueRequired\":true,\"valueName\":\"search_term_string\"}}],\"inLanguage\":\"es\"},{\"@type\":\"Organization\",\"@id\":\"https:\\\/\\\/cuartetoenlaweb.com.ar\\\/sitio\\\/#organization\",\"name\":\"Cuarteto en la Web\",\"url\":\"https:\\\/\\\/cuartetoenlaweb.com.ar\\\/sitio\\\/\",\"logo\":{\"@type\":\"ImageObject\",\"inLanguage\":\"es\",\"@id\":\"https:\\\/\\\/cuartetoenlaweb.com.ar\\\/sitio\\\/#\\\/schema\\\/logo\\\/image\\\/\",\"url\":\"http:\\\/\\\/cuartetoenlaweb.com.ar\\\/sitio\\\/wp-content\\\/uploads\\\/2025\\\/07\\\/cropped-cropped-logitoweb21.png\",\"contentUrl\":\"http:\\\/\\\/cuartetoenlaweb.com.ar\\\/sitio\\\/wp-content\\\/uploads\\\/2025\\\/07\\\/cropped-cropped-logitoweb21.png\",\"width\":199,\"height\":199,\"caption\":\"Cuarteto en la Web\"},\"image\":{\"@id\":\"https:\\\/\\\/cuartetoenlaweb.com.ar\\\/sitio\\\/#\\\/schema\\\/logo\\\/image\\\/\"}}]}<\/script>\n<!-- \/ Yoast SEO plugin. -->","yoast_head_json":{"title":"Faustino Simeone, el hijo de Eva Bargiela y Gianluca Simeone tuvo su bautismo: las hermosas fotos - Cuarteto en la Web","robots":{"index":"index","follow":"follow","max-snippet":"max-snippet:-1","max-image-preview":"max-image-preview:large","max-video-preview":"max-video-preview:-1"},"canonical":"http:\/\/cuartetoenlaweb.com.ar\/sitio\/faustino-simeone-el-hijo-de-eva-bargiela-y-gianluca-simeone-tuvo-su-bautismo-las-hermosas-fotos\/","og_locale":"es_ES","og_type":"article","og_title":"Faustino Simeone, el hijo de Eva Bargiela y Gianluca Simeone tuvo su bautismo: las hermosas fotos - Cuarteto en la Web","og_description":"Eva Bargiela y Gianluca Simeone vivieron uno de los momentos","og_url":"http:\/\/cuartetoenlaweb.com.ar\/sitio\/faustino-simeone-el-hijo-de-eva-bargiela-y-gianluca-simeone-tuvo-su-bautismo-las-hermosas-fotos\/","og_site_name":"Cuarteto en la Web","article_published_time":"2025-12-28T04:39:06+00:00","og_image":[{"width":359,"height":226,"url":"http:\/\/cuartetoenlaweb.com.ar\/sitio\/wp-content\/uploads\/2025\/12\/\u00a1Exclusivo-El-dramatico-momento-que-protagonizo-Christian-Petersen-a-los-gritos-22Yo-nunca.22-359x226-1.jpg","type":"image\/jpeg"}],"twitter_card":"summary_large_image","twitter_misc":{"Tiempo de lectura":"2 minutos"},"schema":{"@context":"https:\/\/schema.org","@graph":[{"@type":"Article","@id":"http:\/\/cuartetoenlaweb.com.ar\/sitio\/faustino-simeone-el-hijo-de-eva-bargiela-y-gianluca-simeone-tuvo-su-bautismo-las-hermosas-fotos\/#article","isPartOf":{"@id":"http:\/\/cuartetoenlaweb.com.ar\/sitio\/faustino-simeone-el-hijo-de-eva-bargiela-y-gianluca-simeone-tuvo-su-bautismo-las-hermosas-fotos\/"},"author":{"name":"","@id":""},"headline":"Faustino Simeone, el hijo de Eva Bargiela y Gianluca Simeone tuvo su bautismo: las hermosas fotos","datePublished":"2025-12-28T04:39:06+00:00","mainEntityOfPage":{"@id":"http:\/\/cuartetoenlaweb.com.ar\/sitio\/faustino-simeone-el-hijo-de-eva-bargiela-y-gianluca-simeone-tuvo-su-bautismo-las-hermosas-fotos\/"},"wordCount":505,"publisher":{"@id":"https:\/\/cuartetoenlaweb.com.ar\/sitio\/#organization"},"image":{"@id":"http:\/\/cuartetoenlaweb.com.ar\/sitio\/faustino-simeone-el-hijo-de-eva-bargiela-y-gianluca-simeone-tuvo-su-bautismo-las-hermosas-fotos\/#primaryimage"},"thumbnailUrl":"http:\/\/cuartetoenlaweb.com.ar\/sitio\/wp-content\/uploads\/2025\/12\/\u00a1Exclusivo-El-dramatico-momento-que-protagonizo-Christian-Petersen-a-los-gritos-22Yo-nunca.22-359x226-1.jpg","articleSection":["PAIS"],"inLanguage":"es"},{"@type":"WebPage","@id":"http:\/\/cuartetoenlaweb.com.ar\/sitio\/faustino-simeone-el-hijo-de-eva-bargiela-y-gianluca-simeone-tuvo-su-bautismo-las-hermosas-fotos\/","url":"http:\/\/cuartetoenlaweb.com.ar\/sitio\/faustino-simeone-el-hijo-de-eva-bargiela-y-gianluca-simeone-tuvo-su-bautismo-las-hermosas-fotos\/","name":"Faustino Simeone, el hijo de Eva Bargiela y Gianluca Simeone tuvo su bautismo: las hermosas fotos - Cuarteto en la Web","isPartOf":{"@id":"https:\/\/cuartetoenlaweb.com.ar\/sitio\/#website"},"primaryImageOfPage":{"@id":"http:\/\/cuartetoenlaweb.com.ar\/sitio\/faustino-simeone-el-hijo-de-eva-bargiela-y-gianluca-simeone-tuvo-su-bautismo-las-hermosas-fotos\/#primaryimage"},"image":{"@id":"http:\/\/cuartetoenlaweb.com.ar\/sitio\/faustino-simeone-el-hijo-de-eva-bargiela-y-gianluca-simeone-tuvo-su-bautismo-las-hermosas-fotos\/#primaryimage"},"thumbnailUrl":"http:\/\/cuartetoenlaweb.com.ar\/sitio\/wp-content\/uploads\/2025\/12\/\u00a1Exclusivo-El-dramatico-momento-que-protagonizo-Christian-Petersen-a-los-gritos-22Yo-nunca.22-359x226-1.jpg","datePublished":"2025-12-28T04:39:06+00:00","breadcrumb":{"@id":"http:\/\/cuartetoenlaweb.com.ar\/sitio\/faustino-simeone-el-hijo-de-eva-bargiela-y-gianluca-simeone-tuvo-su-bautismo-las-hermosas-fotos\/#breadcrumb"},"inLanguage":"es","potentialAction":[{"@type":"ReadAction","target":["http:\/\/cuartetoenlaweb.com.ar\/sitio\/faustino-simeone-el-hijo-de-eva-bargiela-y-gianluca-simeone-tuvo-su-bautismo-las-hermosas-fotos\/"]}]},{"@type":"ImageObject","inLanguage":"es","@id":"http:\/\/cuartetoenlaweb.com.ar\/sitio\/faustino-simeone-el-hijo-de-eva-bargiela-y-gianluca-simeone-tuvo-su-bautismo-las-hermosas-fotos\/#primaryimage","url":"http:\/\/cuartetoenlaweb.com.ar\/sitio\/wp-content\/uploads\/2025\/12\/\u00a1Exclusivo-El-dramatico-momento-que-protagonizo-Christian-Petersen-a-los-gritos-22Yo-nunca.22-359x226-1.jpg","contentUrl":"http:\/\/cuartetoenlaweb.com.ar\/sitio\/wp-content\/uploads\/2025\/12\/\u00a1Exclusivo-El-dramatico-momento-que-protagonizo-Christian-Petersen-a-los-gritos-22Yo-nunca.22-359x226-1.jpg","width":359,"height":226},{"@type":"BreadcrumbList","@id":"http:\/\/cuartetoenlaweb.com.ar\/sitio\/faustino-simeone-el-hijo-de-eva-bargiela-y-gianluca-simeone-tuvo-su-bautismo-las-hermosas-fotos\/#breadcrumb","itemListElement":[{"@type":"ListItem","position":1,"name":"Portada","item":"https:\/\/cuartetoenlaweb.com.ar\/sitio\/"},{"@type":"ListItem","position":2,"name":"Faustino Simeone, el hijo de Eva Bargiela y Gianluca Simeone tuvo su bautismo: las hermosas fotos"}]},{"@type":"WebSite","@id":"https:\/\/cuartetoenlaweb.com.ar\/sitio\/#website","url":"https:\/\/cuartetoenlaweb.com.ar\/sitio\/","name":"Cuarteto en la Web","description":"","publisher":{"@id":"https:\/\/cuartetoenlaweb.com.ar\/sitio\/#organization"},"potentialAction":[{"@type":"SearchAction","target":{"@type":"EntryPoint","urlTemplate":"https:\/\/cuartetoenlaweb.com.ar\/sitio\/?s={search_term_string}"},"query-input":{"@type":"PropertyValueSpecification","valueRequired":true,"valueName":"search_term_string"}}],"inLanguage":"es"},{"@type":"Organization","@id":"https:\/\/cuartetoenlaweb.com.ar\/sitio\/#organization","name":"Cuarteto en la Web","url":"https:\/\/cuartetoenlaweb.com.ar\/sitio\/","logo":{"@type":"ImageObject","inLanguage":"es","@id":"https:\/\/cuartetoenlaweb.com.ar\/sitio\/#\/schema\/logo\/image\/","url":"http:\/\/cuartetoenlaweb.com.ar\/sitio\/wp-content\/uploads\/2025\/07\/cropped-cropped-logitoweb21.png","contentUrl":"http:\/\/cuartetoenlaweb.com.ar\/sitio\/wp-content\/uploads\/2025\/07\/cropped-cropped-logitoweb21.png","width":199,"height":199,"caption":"Cuarteto en la Web"},"image":{"@id":"https:\/\/cuartetoenlaweb.com.ar\/sitio\/#\/schema\/logo\/image\/"}}]}},"_links":{"self":[{"href":"http:\/\/cuartetoenlaweb.com.ar\/sitio\/wp-json\/wp\/v2\/posts\/9665","targetHints":{"allow":["GET"]}}],"collection":[{"href":"http:\/\/cuartetoenlaweb.com.ar\/sitio\/wp-json\/wp\/v2\/posts"}],"about":[{"href":"http:\/\/cuartetoenlaweb.com.ar\/sitio\/wp-json\/wp\/v2\/types\/post"}],"replies":[{"embeddable":true,"href":"http:\/\/cuartetoenlaweb.com.ar\/sitio\/wp-json\/wp\/v2\/comments?post=9665"}],"version-history":[{"count":0,"href":"http:\/\/cuartetoenlaweb.com.ar\/sitio\/wp-json\/wp\/v2\/posts\/9665\/revisions"}],"wp:featuredmedia":[{"embeddable":true,"href":"http:\/\/cuartetoenlaweb.com.ar\/sitio\/wp-json\/wp\/v2\/media\/9666"}],"wp:attachment":[{"href":"http:\/\/cuartetoenlaweb.com.ar\/sitio\/wp-json\/wp\/v2\/media?parent=9665"}],"wp:term":[{"taxonomy":"category","embeddable":true,"href":"http:\/\/cuartetoenlaweb.com.ar\/sitio\/wp-json\/wp\/v2\/categories?post=9665"},{"taxonomy":"post_tag","embeddable":true,"href":"http:\/\/cuartetoenlaweb.com.ar\/sitio\/wp-json\/wp\/v2\/tags?post=9665"}],"curies":[{"name":"wp","href":"https:\/\/api.w.org\/{rel}","templated":true}]}}