
{"id":9663,"date":"2025-12-28T01:39:06","date_gmt":"2025-12-28T04:39:06","guid":{"rendered":"https:\/\/cuartetoenlaweb.com.ar\/sitio\/mica-tinelli-se-acerco-a-su-papa-marcelo-y-mostro-como-cierran-el-ano-luego-de-su-escandalo-familiar\/"},"modified":"2025-12-28T01:39:06","modified_gmt":"2025-12-28T04:39:06","slug":"mica-tinelli-se-acerco-a-su-papa-marcelo-y-mostro-como-cierran-el-ano-luego-de-su-escandalo-familiar","status":"publish","type":"post","link":"http:\/\/cuartetoenlaweb.com.ar\/sitio\/mica-tinelli-se-acerco-a-su-papa-marcelo-y-mostro-como-cierran-el-ano-luego-de-su-escandalo-familiar\/","title":{"rendered":"Mica Tinelli se acerc\u00f3 a su pap\u00e1 Marcelo y mostr\u00f3 c\u00f3mo cierran el a\u00f1o luego de su esc\u00e1ndalo familiar"},"content":{"rendered":"<p><strong><a href=\"https:\/\/www.paparazzi.com.ar\/?s=Marcelo+Tinelli\">Marcelo Tinelli<\/a> <\/strong>atraviesa uno de los momentos m\u00e1s introspectivos de su vida personal. Lejos de los flashes, las fiestas multitudinarias y las celebraciones hist\u00f3ricas en Punta del Este, este fin de a\u00f1o encontr\u00f3 al conductor en un clima completamente distinto, marcado por la intimidad familiar, los cambios profundos y una inevitable cuota de nostalgia.<\/p>\n<p>La informaci\u00f3n fue confirmada por su hija <strong><a href=\"https:\/\/www.paparazzi.com.ar\/?s=Mica+Tinelli+\">Mica Tinelli<\/a><\/strong>, quien habl\u00f3 con la prensa y revel\u00f3 c\u00f3mo se vivi\u00f3 la Navidad puertas adentro. A diferencia de otros a\u00f1os, Marcelo pas\u00f3 la Nochebuena solo con dos de sus hijas, Cande y Mica, mientras el resto del clan celebr\u00f3 con sus respectivas madres. <\/p>\n<p>Un escenario impensado tiempo atr\u00e1s para una familia acostumbrada a reuniones numerosas y celebraciones extensas. Durante m\u00e1s de 26 a\u00f1os, las fiestas de fin de a\u00f1o de Tinelli fueron sin\u00f3nimo de encuentros multitudinarios en su hist\u00f3rica chacra Guanahani, ubicada en La Boyita, Uruguay. <\/p>\n<div class=\"mt-box \">\n<h4 class=\"mt-heading\">Mir\u00e1 Tambi\u00e9n<\/h4>\n<p><a href=\"https:\/\/www.paparazzi.com.ar\/teve\/exclusivo-un-testigo-del-brote-de-christian-petersen-conto-toda-la-verdad-de-su-ataque-en-la-montana-gritaba-que\/\"><\/p>\n<div class=\"mt-content\">\n<div class=\"mt-image-container\"><img decoding=\"async\" src=\"https:\/\/www.paparazzi.com.ar\/wp-content\/uploads\/2025\/12\/christian-petersen-5-359x226.jpg\" alt=\"\u00a1Exclusivo! Un testigo del brote de Christian Petersen cont\u00f3 toda la verdad de su ataque en la monta\u00f1a: \u201cGritaba que\u2026\u201d\" class=\"mt-image\" loading=\"lazy\" \/><\/div>\n<h5 class=\"mt-title\">\u00a1Exclusivo! Un testigo del brote de Christian Petersen cont\u00f3 toda la verdad de su ataque en la monta\u00f1a: \u201cGritaba que\u2026\u201d<\/h5>\n<\/div>\n<p><\/a><\/div>\n<p>Amigos, familiares y figuras del espect\u00e1culo sol\u00edan reunirse all\u00ed para despedir el a\u00f1o en una postal que ya se hab\u00eda convertido en un cl\u00e1sico del verano este\u00f1o. Sin embargo, esa etapa lleg\u00f3 a su fin en junio de este a\u00f1o, cuando Marcelo decidi\u00f3 vender la propiedad a un empresario estadounidense. <\/p>\n<p>La operaci\u00f3n se dio en medio de un contexto econ\u00f3mico complejo, <a href=\"https:\/\/www.paparazzi.com.ar\/teve\/mica-tinelli-conto-lo-peor-del-escandalo-entre-marcelo-y-juanita-tras-las-amenazas-a-las-patadas\/\">atravesado por embargos y la necesidad de afrontar compromisos financieros pendientes<\/a>. Una decisi\u00f3n dif\u00edcil, postergada hasta \u00faltimo momento, pero inevitable.<\/p>\n<div class=\"mt-box \">\n<h4 class=\"mt-heading\">Mir\u00e1 Tambi\u00e9n<\/h4>\n<p><a href=\"https:\/\/www.paparazzi.com.ar\/teve\/escandalo-con-marcelo-tinelli-la-furia-de-la-duena-de-un-hotel-donde-filmaron-el-reality\/\"><\/p>\n<div class=\"mt-content\">\n<div class=\"mt-image-container\"><img decoding=\"async\" src=\"https:\/\/www.paparazzi.com.ar\/wp-content\/uploads\/2025\/12\/Marcelo-Tinelli-hotel-359x226.jpg\" alt=\"Esc\u00e1ndalo con Marcelo Tinelli: la furia de la due\u00f1a de un hotel donde filmaron el reality\" class=\"mt-image\" loading=\"lazy\" \/><\/div>\n<h5 class=\"mt-title\">Esc\u00e1ndalo con Marcelo Tinelli: la furia de la due\u00f1a de un hotel donde filmaron el reality<\/h5>\n<\/div>\n<p><\/a><\/div>\n<p>Seg\u00fan cont\u00f3 Mica, su pap\u00e1 no viajar\u00e1 a Uruguay este verano y tampoco pasar\u00e1 A\u00f1o Nuevo all\u00ed. <em>\u201cNo viene. Se queda en Buenos Aires. Se va a extra\u00f1ar toda la din\u00e1mica que ten\u00edamos. Fueron m\u00e1s de 26 a\u00f1os\u201d<\/em>, expres\u00f3 la dise\u00f1adora, dejando entrever la carga emocional que implica este cambio para toda la familia.<\/p>\n<p>La ausencia de la chacra no es solo material: representa el cierre de un ciclo cargado de recuerdos. <em>\u201cFue toda una vida\u201d,<\/em> reflexion\u00f3 Mica, al recordar que sus hijos crecieron entre esas celebraciones. La imposibilidad de volver al lugar donde se construyeron tantas memorias parece ser un factor determinante en la decisi\u00f3n de Marcelo de mantenerse lejos este verano.<\/p>\n<div class=\"mt-box \">\n<h4 class=\"mt-heading\">Mir\u00e1 Tambi\u00e9n<\/h4>\n<p><a href=\"https:\/\/www.paparazzi.com.ar\/teve\/y-juanita-como-fue-la-navidad-de-marcelo-tinelli-tras-el-escandalo-familiar\/\"><\/p>\n<div class=\"mt-content\">\n<div class=\"mt-image-container\"><img decoding=\"async\" src=\"https:\/\/www.paparazzi.com.ar\/wp-content\/uploads\/2025\/12\/Marcelo-Tinelli-Juanita-Tinelli-359x226.jpg\" alt=\"\u00bfY Juanita? C\u00f3mo fue la Navidad de Marcelo Tinelli tras el esc\u00e1ndalo familiar\" class=\"mt-image\" loading=\"lazy\" \/><\/div>\n<h5 class=\"mt-title\">\u00bfY Juanita? C\u00f3mo fue la Navidad de Marcelo Tinelli tras el esc\u00e1ndalo familiar<\/h5>\n<\/div>\n<p><\/a><\/div>\n<p>A pesar de todo, Mica asegur\u00f3 que ella seguir\u00e1 viajando a Uruguay, aunque esta vez se alojar\u00e1 en casas de conocidos. Separada de Lisandro L\u00f3pez, cont\u00f3 que est\u00e1 soltera y tranquila, y que pasar\u00e1 algunos d\u00edas en Punta del Este antes de regresar a Buenos Aires.<\/p>\n<p>Mientras tanto, Marcelo Tinelli enfrenta un cierre de a\u00f1o diferente, m\u00e1s silencioso y reflexivo. Lejos del ruido, las luces y los brindis multitudinarios, el conductor transita una etapa de reacomodamiento personal, en la que las tradiciones quedaron atr\u00e1s y el foco parece estar puesto en sanar, adaptarse y empezar de nuevo.<\/p>\n<div class=\"mt-box \">\n<h4 class=\"mt-heading\">Mir\u00e1 Tambi\u00e9n<\/h4>\n<p><a href=\"https:\/\/www.paparazzi.com.ar\/teve\/internaron-de-urgencia-a-gustavo-scaglione-el-dueno-de-telefe-que-habria-amenazado-a-la-hija-de-marcelo-tinelli\/\"><\/p>\n<div class=\"mt-content\">\n<div class=\"mt-image-container\"><img decoding=\"async\" src=\"https:\/\/www.paparazzi.com.ar\/wp-content\/uploads\/2025\/12\/Jorge-Scaglione-Marcelo-Tinelli-359x226.jpg\" alt=\"Internaron de urgencia a Gustavo Scaglione, el due\u00f1o de Telefe que habr\u00eda amenazado a la hija de Marcelo Tinelli\" class=\"mt-image\" loading=\"lazy\" \/><\/div>\n<h5 class=\"mt-title\">Internaron de urgencia a Gustavo Scaglione, el due\u00f1o de Telefe que habr\u00eda amenazado a la hija de Marcelo Tinelli<\/h5>\n<\/div>\n<p><\/a><\/div>\n<div class=\"mt-box \">\n<h4 class=\"mt-heading\">Mir\u00e1 Tambi\u00e9n<\/h4>\n<p><a href=\"https:\/\/www.paparazzi.com.ar\/teve\/la-polemica-charla-de-guillermina-valdes-con-su-hijo-lolo-en-medio-del-escandalo-de-marcelo-tinelli\/\"><\/p>\n<div class=\"mt-content\">\n<div class=\"mt-image-container\"><img decoding=\"async\" src=\"https:\/\/www.paparazzi.com.ar\/wp-content\/uploads\/2025\/11\/Guillermina-Valdes-Lolo-Marcelo-Tinelli-359x226.jpg\" alt=\"La pol\u00e9mica charla de Guillermina Vald\u00e9s con su hijo Lolo en medio del esc\u00e1ndalo de Marcelo Tinelli\" class=\"mt-image\" loading=\"lazy\" \/><\/div>\n<h5 class=\"mt-title\">La pol\u00e9mica charla de Guillermina Vald\u00e9s con su hijo Lolo en medio del esc\u00e1ndalo de Marcelo Tinelli<\/h5>\n<\/div>\n<p><\/a><\/div>\n<p>The post <a href=\"https:\/\/www.paparazzi.com.ar\/teve\/mica-tinelli-se-acerco-a-su-papa-marcelo-y-mostro-como-cierran-el-ano-luego-de-su-escandalo-familiar\/\">Mica Tinelli se acerc\u00f3 a su pap\u00e1 Marcelo y mostr\u00f3 c\u00f3mo cierran el a\u00f1o luego de su esc\u00e1ndalo familiar<\/a> appeared first on <a href=\"https:\/\/www.paparazzi.com.ar\">Revista Paparazzi<\/a>.<\/p>\n","protected":false},"excerpt":{"rendered":"<p>Marcelo Tinelli atraviesa uno de los momentos m\u00e1s introspectivos de<\/p>\n","protected":false},"author":0,"featured_media":9664,"comment_status":"","ping_status":"","sticky":false,"template":"","format":"standard","meta":{"footnotes":""},"categories":[65],"tags":[],"class_list":["post-9663","post","type-post","status-publish","format-standard","has-post-thumbnail","hentry","category-pais"],"yoast_head":"<!-- This site is optimized with the Yoast SEO plugin v27.4 - https:\/\/yoast.com\/product\/yoast-seo-wordpress\/ -->\n<title>Mica Tinelli se acerc\u00f3 a su pap\u00e1 Marcelo y mostr\u00f3 c\u00f3mo cierran el a\u00f1o luego de su esc\u00e1ndalo familiar - Cuarteto en la Web<\/title>\n<meta name=\"robots\" content=\"index, follow, max-snippet:-1, max-image-preview:large, max-video-preview:-1\" \/>\n<link rel=\"canonical\" href=\"https:\/\/cuartetoenlaweb.com.ar\/sitio\/mica-tinelli-se-acerco-a-su-papa-marcelo-y-mostro-como-cierran-el-ano-luego-de-su-escandalo-familiar\/\" \/>\n<meta property=\"og:locale\" content=\"es_ES\" \/>\n<meta property=\"og:type\" content=\"article\" \/>\n<meta property=\"og:title\" content=\"Mica Tinelli se acerc\u00f3 a su pap\u00e1 Marcelo y mostr\u00f3 c\u00f3mo cierran el a\u00f1o luego de su esc\u00e1ndalo familiar - Cuarteto en la Web\" \/>\n<meta property=\"og:description\" content=\"Marcelo Tinelli atraviesa uno de los momentos m\u00e1s introspectivos de\" \/>\n<meta property=\"og:url\" content=\"https:\/\/cuartetoenlaweb.com.ar\/sitio\/mica-tinelli-se-acerco-a-su-papa-marcelo-y-mostro-como-cierran-el-ano-luego-de-su-escandalo-familiar\/\" \/>\n<meta property=\"og:site_name\" content=\"Cuarteto en la Web\" \/>\n<meta property=\"article:published_time\" content=\"2025-12-28T04:39:06+00:00\" \/>\n<meta property=\"og:image\" content=\"https:\/\/cuartetoenlaweb.com.ar\/sitio\/wp-content\/uploads\/2025\/12\/christian-petersen-5-359x226-5.jpg\" \/>\n\t<meta property=\"og:image:width\" content=\"359\" \/>\n\t<meta property=\"og:image:height\" content=\"226\" \/>\n\t<meta property=\"og:image:type\" content=\"image\/jpeg\" \/>\n<meta name=\"twitter:card\" content=\"summary_large_image\" \/>\n<meta name=\"twitter:label1\" content=\"Tiempo de lectura\" \/>\n\t<meta name=\"twitter:data1\" content=\"3 minutos\" \/>\n<script type=\"application\/ld+json\" class=\"yoast-schema-graph\">{\"@context\":\"https:\\\/\\\/schema.org\",\"@graph\":[{\"@type\":\"Article\",\"@id\":\"https:\\\/\\\/cuartetoenlaweb.com.ar\\\/sitio\\\/mica-tinelli-se-acerco-a-su-papa-marcelo-y-mostro-como-cierran-el-ano-luego-de-su-escandalo-familiar\\\/#article\",\"isPartOf\":{\"@id\":\"https:\\\/\\\/cuartetoenlaweb.com.ar\\\/sitio\\\/mica-tinelli-se-acerco-a-su-papa-marcelo-y-mostro-como-cierran-el-ano-luego-de-su-escandalo-familiar\\\/\"},\"author\":{\"name\":\"\",\"@id\":\"\"},\"headline\":\"Mica Tinelli se acerc\u00f3 a su pap\u00e1 Marcelo y mostr\u00f3 c\u00f3mo cierran el a\u00f1o luego de su esc\u00e1ndalo familiar\",\"datePublished\":\"2025-12-28T04:39:06+00:00\",\"mainEntityOfPage\":{\"@id\":\"https:\\\/\\\/cuartetoenlaweb.com.ar\\\/sitio\\\/mica-tinelli-se-acerco-a-su-papa-marcelo-y-mostro-como-cierran-el-ano-luego-de-su-escandalo-familiar\\\/\"},\"wordCount\":635,\"publisher\":{\"@id\":\"http:\\\/\\\/cuartetoenlaweb.com.ar\\\/sitio\\\/#organization\"},\"image\":{\"@id\":\"https:\\\/\\\/cuartetoenlaweb.com.ar\\\/sitio\\\/mica-tinelli-se-acerco-a-su-papa-marcelo-y-mostro-como-cierran-el-ano-luego-de-su-escandalo-familiar\\\/#primaryimage\"},\"thumbnailUrl\":\"http:\\\/\\\/cuartetoenlaweb.com.ar\\\/sitio\\\/wp-content\\\/uploads\\\/2025\\\/12\\\/christian-petersen-5-359x226-5.jpg\",\"articleSection\":[\"PAIS\"],\"inLanguage\":\"es\"},{\"@type\":\"WebPage\",\"@id\":\"https:\\\/\\\/cuartetoenlaweb.com.ar\\\/sitio\\\/mica-tinelli-se-acerco-a-su-papa-marcelo-y-mostro-como-cierran-el-ano-luego-de-su-escandalo-familiar\\\/\",\"url\":\"https:\\\/\\\/cuartetoenlaweb.com.ar\\\/sitio\\\/mica-tinelli-se-acerco-a-su-papa-marcelo-y-mostro-como-cierran-el-ano-luego-de-su-escandalo-familiar\\\/\",\"name\":\"Mica Tinelli se acerc\u00f3 a su pap\u00e1 Marcelo y mostr\u00f3 c\u00f3mo cierran el a\u00f1o luego de su esc\u00e1ndalo familiar - Cuarteto en la Web\",\"isPartOf\":{\"@id\":\"http:\\\/\\\/cuartetoenlaweb.com.ar\\\/sitio\\\/#website\"},\"primaryImageOfPage\":{\"@id\":\"https:\\\/\\\/cuartetoenlaweb.com.ar\\\/sitio\\\/mica-tinelli-se-acerco-a-su-papa-marcelo-y-mostro-como-cierran-el-ano-luego-de-su-escandalo-familiar\\\/#primaryimage\"},\"image\":{\"@id\":\"https:\\\/\\\/cuartetoenlaweb.com.ar\\\/sitio\\\/mica-tinelli-se-acerco-a-su-papa-marcelo-y-mostro-como-cierran-el-ano-luego-de-su-escandalo-familiar\\\/#primaryimage\"},\"thumbnailUrl\":\"http:\\\/\\\/cuartetoenlaweb.com.ar\\\/sitio\\\/wp-content\\\/uploads\\\/2025\\\/12\\\/christian-petersen-5-359x226-5.jpg\",\"datePublished\":\"2025-12-28T04:39:06+00:00\",\"breadcrumb\":{\"@id\":\"https:\\\/\\\/cuartetoenlaweb.com.ar\\\/sitio\\\/mica-tinelli-se-acerco-a-su-papa-marcelo-y-mostro-como-cierran-el-ano-luego-de-su-escandalo-familiar\\\/#breadcrumb\"},\"inLanguage\":\"es\",\"potentialAction\":[{\"@type\":\"ReadAction\",\"target\":[\"https:\\\/\\\/cuartetoenlaweb.com.ar\\\/sitio\\\/mica-tinelli-se-acerco-a-su-papa-marcelo-y-mostro-como-cierran-el-ano-luego-de-su-escandalo-familiar\\\/\"]}]},{\"@type\":\"ImageObject\",\"inLanguage\":\"es\",\"@id\":\"https:\\\/\\\/cuartetoenlaweb.com.ar\\\/sitio\\\/mica-tinelli-se-acerco-a-su-papa-marcelo-y-mostro-como-cierran-el-ano-luego-de-su-escandalo-familiar\\\/#primaryimage\",\"url\":\"http:\\\/\\\/cuartetoenlaweb.com.ar\\\/sitio\\\/wp-content\\\/uploads\\\/2025\\\/12\\\/christian-petersen-5-359x226-5.jpg\",\"contentUrl\":\"http:\\\/\\\/cuartetoenlaweb.com.ar\\\/sitio\\\/wp-content\\\/uploads\\\/2025\\\/12\\\/christian-petersen-5-359x226-5.jpg\",\"width\":359,\"height\":226},{\"@type\":\"BreadcrumbList\",\"@id\":\"https:\\\/\\\/cuartetoenlaweb.com.ar\\\/sitio\\\/mica-tinelli-se-acerco-a-su-papa-marcelo-y-mostro-como-cierran-el-ano-luego-de-su-escandalo-familiar\\\/#breadcrumb\",\"itemListElement\":[{\"@type\":\"ListItem\",\"position\":1,\"name\":\"Portada\",\"item\":\"http:\\\/\\\/cuartetoenlaweb.com.ar\\\/sitio\\\/\"},{\"@type\":\"ListItem\",\"position\":2,\"name\":\"Mica Tinelli se acerc\u00f3 a su pap\u00e1 Marcelo y mostr\u00f3 c\u00f3mo cierran el a\u00f1o luego de su esc\u00e1ndalo familiar\"}]},{\"@type\":\"WebSite\",\"@id\":\"http:\\\/\\\/cuartetoenlaweb.com.ar\\\/sitio\\\/#website\",\"url\":\"http:\\\/\\\/cuartetoenlaweb.com.ar\\\/sitio\\\/\",\"name\":\"Cuarteto en la Web\",\"description\":\"\",\"publisher\":{\"@id\":\"http:\\\/\\\/cuartetoenlaweb.com.ar\\\/sitio\\\/#organization\"},\"potentialAction\":[{\"@type\":\"SearchAction\",\"target\":{\"@type\":\"EntryPoint\",\"urlTemplate\":\"http:\\\/\\\/cuartetoenlaweb.com.ar\\\/sitio\\\/?s={search_term_string}\"},\"query-input\":{\"@type\":\"PropertyValueSpecification\",\"valueRequired\":true,\"valueName\":\"search_term_string\"}}],\"inLanguage\":\"es\"},{\"@type\":\"Organization\",\"@id\":\"http:\\\/\\\/cuartetoenlaweb.com.ar\\\/sitio\\\/#organization\",\"name\":\"Cuarteto en la Web\",\"url\":\"http:\\\/\\\/cuartetoenlaweb.com.ar\\\/sitio\\\/\",\"logo\":{\"@type\":\"ImageObject\",\"inLanguage\":\"es\",\"@id\":\"http:\\\/\\\/cuartetoenlaweb.com.ar\\\/sitio\\\/#\\\/schema\\\/logo\\\/image\\\/\",\"url\":\"http:\\\/\\\/cuartetoenlaweb.com.ar\\\/sitio\\\/wp-content\\\/uploads\\\/2025\\\/07\\\/cropped-cropped-logitoweb21.png\",\"contentUrl\":\"http:\\\/\\\/cuartetoenlaweb.com.ar\\\/sitio\\\/wp-content\\\/uploads\\\/2025\\\/07\\\/cropped-cropped-logitoweb21.png\",\"width\":199,\"height\":199,\"caption\":\"Cuarteto en la Web\"},\"image\":{\"@id\":\"http:\\\/\\\/cuartetoenlaweb.com.ar\\\/sitio\\\/#\\\/schema\\\/logo\\\/image\\\/\"}}]}<\/script>\n<!-- \/ Yoast SEO plugin. -->","yoast_head_json":{"title":"Mica Tinelli se acerc\u00f3 a su pap\u00e1 Marcelo y mostr\u00f3 c\u00f3mo cierran el a\u00f1o luego de su esc\u00e1ndalo familiar - Cuarteto en la Web","robots":{"index":"index","follow":"follow","max-snippet":"max-snippet:-1","max-image-preview":"max-image-preview:large","max-video-preview":"max-video-preview:-1"},"canonical":"https:\/\/cuartetoenlaweb.com.ar\/sitio\/mica-tinelli-se-acerco-a-su-papa-marcelo-y-mostro-como-cierran-el-ano-luego-de-su-escandalo-familiar\/","og_locale":"es_ES","og_type":"article","og_title":"Mica Tinelli se acerc\u00f3 a su pap\u00e1 Marcelo y mostr\u00f3 c\u00f3mo cierran el a\u00f1o luego de su esc\u00e1ndalo familiar - Cuarteto en la Web","og_description":"Marcelo Tinelli atraviesa uno de los momentos m\u00e1s introspectivos de","og_url":"https:\/\/cuartetoenlaweb.com.ar\/sitio\/mica-tinelli-se-acerco-a-su-papa-marcelo-y-mostro-como-cierran-el-ano-luego-de-su-escandalo-familiar\/","og_site_name":"Cuarteto en la Web","article_published_time":"2025-12-28T04:39:06+00:00","og_image":[{"width":359,"height":226,"url":"https:\/\/cuartetoenlaweb.com.ar\/sitio\/wp-content\/uploads\/2025\/12\/christian-petersen-5-359x226-5.jpg","type":"image\/jpeg"}],"twitter_card":"summary_large_image","twitter_misc":{"Tiempo de lectura":"3 minutos"},"schema":{"@context":"https:\/\/schema.org","@graph":[{"@type":"Article","@id":"https:\/\/cuartetoenlaweb.com.ar\/sitio\/mica-tinelli-se-acerco-a-su-papa-marcelo-y-mostro-como-cierran-el-ano-luego-de-su-escandalo-familiar\/#article","isPartOf":{"@id":"https:\/\/cuartetoenlaweb.com.ar\/sitio\/mica-tinelli-se-acerco-a-su-papa-marcelo-y-mostro-como-cierran-el-ano-luego-de-su-escandalo-familiar\/"},"author":{"name":"","@id":""},"headline":"Mica Tinelli se acerc\u00f3 a su pap\u00e1 Marcelo y mostr\u00f3 c\u00f3mo cierran el a\u00f1o luego de su esc\u00e1ndalo familiar","datePublished":"2025-12-28T04:39:06+00:00","mainEntityOfPage":{"@id":"https:\/\/cuartetoenlaweb.com.ar\/sitio\/mica-tinelli-se-acerco-a-su-papa-marcelo-y-mostro-como-cierran-el-ano-luego-de-su-escandalo-familiar\/"},"wordCount":635,"publisher":{"@id":"http:\/\/cuartetoenlaweb.com.ar\/sitio\/#organization"},"image":{"@id":"https:\/\/cuartetoenlaweb.com.ar\/sitio\/mica-tinelli-se-acerco-a-su-papa-marcelo-y-mostro-como-cierran-el-ano-luego-de-su-escandalo-familiar\/#primaryimage"},"thumbnailUrl":"http:\/\/cuartetoenlaweb.com.ar\/sitio\/wp-content\/uploads\/2025\/12\/christian-petersen-5-359x226-5.jpg","articleSection":["PAIS"],"inLanguage":"es"},{"@type":"WebPage","@id":"https:\/\/cuartetoenlaweb.com.ar\/sitio\/mica-tinelli-se-acerco-a-su-papa-marcelo-y-mostro-como-cierran-el-ano-luego-de-su-escandalo-familiar\/","url":"https:\/\/cuartetoenlaweb.com.ar\/sitio\/mica-tinelli-se-acerco-a-su-papa-marcelo-y-mostro-como-cierran-el-ano-luego-de-su-escandalo-familiar\/","name":"Mica Tinelli se acerc\u00f3 a su pap\u00e1 Marcelo y mostr\u00f3 c\u00f3mo cierran el a\u00f1o luego de su esc\u00e1ndalo familiar - Cuarteto en la Web","isPartOf":{"@id":"http:\/\/cuartetoenlaweb.com.ar\/sitio\/#website"},"primaryImageOfPage":{"@id":"https:\/\/cuartetoenlaweb.com.ar\/sitio\/mica-tinelli-se-acerco-a-su-papa-marcelo-y-mostro-como-cierran-el-ano-luego-de-su-escandalo-familiar\/#primaryimage"},"image":{"@id":"https:\/\/cuartetoenlaweb.com.ar\/sitio\/mica-tinelli-se-acerco-a-su-papa-marcelo-y-mostro-como-cierran-el-ano-luego-de-su-escandalo-familiar\/#primaryimage"},"thumbnailUrl":"http:\/\/cuartetoenlaweb.com.ar\/sitio\/wp-content\/uploads\/2025\/12\/christian-petersen-5-359x226-5.jpg","datePublished":"2025-12-28T04:39:06+00:00","breadcrumb":{"@id":"https:\/\/cuartetoenlaweb.com.ar\/sitio\/mica-tinelli-se-acerco-a-su-papa-marcelo-y-mostro-como-cierran-el-ano-luego-de-su-escandalo-familiar\/#breadcrumb"},"inLanguage":"es","potentialAction":[{"@type":"ReadAction","target":["https:\/\/cuartetoenlaweb.com.ar\/sitio\/mica-tinelli-se-acerco-a-su-papa-marcelo-y-mostro-como-cierran-el-ano-luego-de-su-escandalo-familiar\/"]}]},{"@type":"ImageObject","inLanguage":"es","@id":"https:\/\/cuartetoenlaweb.com.ar\/sitio\/mica-tinelli-se-acerco-a-su-papa-marcelo-y-mostro-como-cierran-el-ano-luego-de-su-escandalo-familiar\/#primaryimage","url":"http:\/\/cuartetoenlaweb.com.ar\/sitio\/wp-content\/uploads\/2025\/12\/christian-petersen-5-359x226-5.jpg","contentUrl":"http:\/\/cuartetoenlaweb.com.ar\/sitio\/wp-content\/uploads\/2025\/12\/christian-petersen-5-359x226-5.jpg","width":359,"height":226},{"@type":"BreadcrumbList","@id":"https:\/\/cuartetoenlaweb.com.ar\/sitio\/mica-tinelli-se-acerco-a-su-papa-marcelo-y-mostro-como-cierran-el-ano-luego-de-su-escandalo-familiar\/#breadcrumb","itemListElement":[{"@type":"ListItem","position":1,"name":"Portada","item":"http:\/\/cuartetoenlaweb.com.ar\/sitio\/"},{"@type":"ListItem","position":2,"name":"Mica Tinelli se acerc\u00f3 a su pap\u00e1 Marcelo y mostr\u00f3 c\u00f3mo cierran el a\u00f1o luego de su esc\u00e1ndalo familiar"}]},{"@type":"WebSite","@id":"http:\/\/cuartetoenlaweb.com.ar\/sitio\/#website","url":"http:\/\/cuartetoenlaweb.com.ar\/sitio\/","name":"Cuarteto en la Web","description":"","publisher":{"@id":"http:\/\/cuartetoenlaweb.com.ar\/sitio\/#organization"},"potentialAction":[{"@type":"SearchAction","target":{"@type":"EntryPoint","urlTemplate":"http:\/\/cuartetoenlaweb.com.ar\/sitio\/?s={search_term_string}"},"query-input":{"@type":"PropertyValueSpecification","valueRequired":true,"valueName":"search_term_string"}}],"inLanguage":"es"},{"@type":"Organization","@id":"http:\/\/cuartetoenlaweb.com.ar\/sitio\/#organization","name":"Cuarteto en la Web","url":"http:\/\/cuartetoenlaweb.com.ar\/sitio\/","logo":{"@type":"ImageObject","inLanguage":"es","@id":"http:\/\/cuartetoenlaweb.com.ar\/sitio\/#\/schema\/logo\/image\/","url":"http:\/\/cuartetoenlaweb.com.ar\/sitio\/wp-content\/uploads\/2025\/07\/cropped-cropped-logitoweb21.png","contentUrl":"http:\/\/cuartetoenlaweb.com.ar\/sitio\/wp-content\/uploads\/2025\/07\/cropped-cropped-logitoweb21.png","width":199,"height":199,"caption":"Cuarteto en la Web"},"image":{"@id":"http:\/\/cuartetoenlaweb.com.ar\/sitio\/#\/schema\/logo\/image\/"}}]}},"_links":{"self":[{"href":"http:\/\/cuartetoenlaweb.com.ar\/sitio\/wp-json\/wp\/v2\/posts\/9663","targetHints":{"allow":["GET"]}}],"collection":[{"href":"http:\/\/cuartetoenlaweb.com.ar\/sitio\/wp-json\/wp\/v2\/posts"}],"about":[{"href":"http:\/\/cuartetoenlaweb.com.ar\/sitio\/wp-json\/wp\/v2\/types\/post"}],"replies":[{"embeddable":true,"href":"http:\/\/cuartetoenlaweb.com.ar\/sitio\/wp-json\/wp\/v2\/comments?post=9663"}],"version-history":[{"count":0,"href":"http:\/\/cuartetoenlaweb.com.ar\/sitio\/wp-json\/wp\/v2\/posts\/9663\/revisions"}],"wp:featuredmedia":[{"embeddable":true,"href":"http:\/\/cuartetoenlaweb.com.ar\/sitio\/wp-json\/wp\/v2\/media\/9664"}],"wp:attachment":[{"href":"http:\/\/cuartetoenlaweb.com.ar\/sitio\/wp-json\/wp\/v2\/media?parent=9663"}],"wp:term":[{"taxonomy":"category","embeddable":true,"href":"http:\/\/cuartetoenlaweb.com.ar\/sitio\/wp-json\/wp\/v2\/categories?post=9663"},{"taxonomy":"post_tag","embeddable":true,"href":"http:\/\/cuartetoenlaweb.com.ar\/sitio\/wp-json\/wp\/v2\/tags?post=9663"}],"curies":[{"name":"wp","href":"https:\/\/api.w.org\/{rel}","templated":true}]}}