
{"id":9661,"date":"2025-12-28T01:39:05","date_gmt":"2025-12-28T04:39:05","guid":{"rendered":"https:\/\/cuartetoenlaweb.com.ar\/sitio\/flavio-mendoza-conto-la-charla-profunda-que-tuvo-con-su-hijo-de-7-anos-por-que-no-tengo-mama\/"},"modified":"2025-12-28T01:39:05","modified_gmt":"2025-12-28T04:39:05","slug":"flavio-mendoza-conto-la-charla-profunda-que-tuvo-con-su-hijo-de-7-anos-por-que-no-tengo-mama","status":"publish","type":"post","link":"http:\/\/cuartetoenlaweb.com.ar\/sitio\/flavio-mendoza-conto-la-charla-profunda-que-tuvo-con-su-hijo-de-7-anos-por-que-no-tengo-mama\/","title":{"rendered":"Flavio Mendoza cont\u00f3 la charla profunda que tuvo con su hijo de 7 a\u00f1os: \u201c\u00bfPor qu\u00e9 no tengo mam\u00e1?\u201d"},"content":{"rendered":"<p><strong><a href=\"https:\/\/www.paparazzi.com.ar\/?s=Flavio+Mendoza\">Flavio Mendoza<\/a><\/strong> volvi\u00f3 a conmover al p\u00fablico al compartir uno de los momentos m\u00e1s \u00edntimos y personales de su vida: la charla que tuvo con su hijo Dionisio sobre c\u00f3mo lleg\u00f3 al mundo. Con la honestidad que lo caracteriza, el artista <a href=\"https:\/\/www.paparazzi.com.ar\/teve\/flavio-mendoza-conto-que-exigencia-le-puso-su-hijo-dionisio-para-aceptarle-un-novio-que-sea-un-jugador-de-boca\/\">relat\u00f3 c\u00f3mo respondi\u00f3 a una de las preguntas m\u00e1s profundas<\/a> que pueden surgir en la infancia.<\/p>\n<p><em>\u201cUn d\u00eda me pregunt\u00f3: \u2018\u00bfY yo por qu\u00e9 no tengo mam\u00e1?\u2019\u201d,<\/em> record\u00f3 Flavio. Lejos de esquivar el tema, decidi\u00f3 abordarlo con naturalidad y tranquilidad, adaptando el mensaje a la edad de su hijo. <em>\u201cLe expliqu\u00e9 que pap\u00e1 quer\u00eda traerlo al mundo y que necesit\u00f3 la ayuda de una mujer, porque los beb\u00e9s los tienen las nenas en la pancita\u201d<\/em>, cont\u00f3.<\/p>\n<p>El core\u00f3grafo explic\u00f3 que busc\u00f3 un lenguaje simple, sin dramatizar ni ocultar informaci\u00f3n. <em>\u201cFue todo muy natural, \u00e9l lo entendi\u00f3 bien y lo tom\u00f3 con mucha tranquilidad\u201d,<\/em> asegur\u00f3. Seg\u00fan Flavio, los chicos de hoy est\u00e1n mucho m\u00e1s estimulados y preparados para comprender realidades diversas desde edades tempranas.<\/p>\n<div class=\"mt-box \">\n<h4 class=\"mt-heading\">Mir\u00e1 Tambi\u00e9n<\/h4>\n<p><a href=\"https:\/\/www.paparazzi.com.ar\/teve\/exclusivo-las-fotos-mas-jugadas-de-shakira-en-una-increible-salida-por-buenos-aires\/\"><\/p>\n<div class=\"mt-content\">\n<div class=\"mt-image-container\"><img decoding=\"async\" src=\"https:\/\/www.paparazzi.com.ar\/wp-content\/uploads\/2025\/12\/Shakira-en-Argentina-359x226.jpg\" alt=\"\u00a1Exclusivo! Las fotos m\u00e1s jugadas de Shakira en una incre\u00edble salida por Buenos Aires\" class=\"mt-image\" loading=\"lazy\" \/><\/div>\n<h5 class=\"mt-title\">\u00a1Exclusivo! Las fotos m\u00e1s jugadas de Shakira en una incre\u00edble salida por Buenos Aires<\/h5>\n<\/div>\n<p><\/a><\/div>\n<p>Durante la entrevista, tambi\u00e9n <a href=\"https:\/\/www.paparazzi.com.ar\/teve\/flavio-mendoza-admitio-un-drama-que-enfrenta-con-su-hijo-dionisio-no-quiere-que-yo-lo\/\">se anim\u00f3 a hablar de un aspecto poco visibilizado de la paternidad<\/a>: el v\u00ednculo emocional inmediato tras el nacimiento. Mendoza confes\u00f3 que, si bien llor\u00f3 cuando Dionisio naci\u00f3, el amor no apareci\u00f3 de forma instant\u00e1nea. <em>\u201cA las dos horas lo ten\u00eda al lado m\u00edo y lo miraba, pero no sent\u00eda eso de \u2018estoy loco de amor\u2019. Y me preocup\u00e9\u201d,<\/em> revel\u00f3.<\/p>\n<h2 class=\"wp-block-heading\">LA PATERNIDAD DE FLAVIO MENDOZA:<\/h2>\n<p>Esa inquietud lo llev\u00f3 a consultar con un psic\u00f3logo, quien lo tranquiliz\u00f3. <em>\u201cMe dijo que era completamente normal, que el amor tambi\u00e9n se construye\u201d<\/em>, explic\u00f3. Con el paso de las semanas, ese v\u00ednculo se fue fortaleciendo hasta convertirse en el amor profundo que hoy siente por su hijo.<em> \u201cNo creo que el amor aparezca m\u00e1gicamente porque nace, se va construyendo\u201d,<\/em> reflexion\u00f3.<\/p>\n<p>Flavio tambi\u00e9n record\u00f3 con emoci\u00f3n el momento del parto, una experiencia que defini\u00f3 como transformadora. <em>\u201cNunca hab\u00eda presenciado un parto y me pareci\u00f3 algo incre\u00edble. Ah\u00ed entend\u00ed todav\u00eda m\u00e1s la fortaleza de las mujeres\u201d<\/em>, expres\u00f3. <\/p>\n<div class=\"mt-box \">\n<h4 class=\"mt-heading\">Mir\u00e1 Tambi\u00e9n<\/h4>\n<p><a href=\"https:\/\/www.paparazzi.com.ar\/teve\/el-secreto-sobre-marcelo-tinelli-que-conto-flavio-mendoza-en-plena-ppz-fest-lo-conozco-muy-intimamente\/\"><\/p>\n<div class=\"mt-content\">\n<div class=\"mt-image-container\"><img decoding=\"async\" src=\"https:\/\/www.paparazzi.com.ar\/wp-content\/uploads\/2025\/11\/flavio-tinelli-359x226.jpeg\" alt=\"El secreto sobre Marcelo Tinelli que cont\u00f3 Flavio Mendoza en plena PPZ Fest: &quot;Lo conozco muy \u00edntimamente&quot;\" class=\"mt-image\" loading=\"lazy\" \/><\/div>\n<h5 class=\"mt-title\">El secreto sobre Marcelo Tinelli que cont\u00f3 Flavio Mendoza en plena PPZ Fest: \u00abLo conozco muy \u00edntimamente\u00bb<\/h5>\n<\/div>\n<p><\/a><\/div>\n<p>Incluso relat\u00f3 una an\u00e9cdota que mezcl\u00f3 nervios y ternura: el instante en que le toc\u00f3 cortar el cord\u00f3n umbilical. <em>\u201cPens\u00e9 que me iba a desmayar. Es dur\u00edsimo, parece una manguera\u201d<\/em>, dijo entre risas. Finalmente, Mendoza cont\u00f3 c\u00f3mo la llegada de Dionisio cambi\u00f3 su forma de vivir y de trabajar. <\/p>\n<p><em>\u201cHay muchas cosas que hoy digo que no por \u00e9l. Quiero acompa\u00f1arlo, estar presente, no perderme nada\u201d<\/em>, explic\u00f3. Desde llevarlo a entrenamientos hasta compartir viajes juntos, Flavio dej\u00f3 en claro que su prioridad hoy es su hijo. Un testimonio honesto, sensible y profundo que volvi\u00f3 a mostrar el costado m\u00e1s humano de Flavio Mendoza y dej\u00f3 un mensaje poderoso sobre las nuevas formas de familia.<\/p>\n<div class=\"mt-box \">\n<h4 class=\"mt-heading\">Mir\u00e1 Tambi\u00e9n<\/h4>\n<p><a href=\"https:\/\/www.paparazzi.com.ar\/teve\/flavio-mendoza-conto-los-detalles-mas-escalofriantes-de-su-dramatico-accidente-perdi-el-conocimiento-y\/\"><\/p>\n<div class=\"mt-content\">\n<div class=\"mt-image-container\"><img decoding=\"async\" src=\"https:\/\/www.paparazzi.com.ar\/wp-content\/uploads\/2025\/07\/Flavio-Mendoza-1.jpg.webp\" alt=\"Flavio Mendoza cont\u00f3 los detalles m\u00e1s escalofriantes de su dram\u00e1tico accidente: &quot;Perd\u00ed el conocimiento y\u2026&quot;\" class=\"mt-image\" loading=\"lazy\" \/><\/div>\n<h5 class=\"mt-title\">Flavio Mendoza cont\u00f3 los detalles m\u00e1s escalofriantes de su dram\u00e1tico accidente: \u00abPerd\u00ed el conocimiento y\u2026\u00bb<\/h5>\n<\/div>\n<p><\/a><\/div>\n<div class=\"mt-box \">\n<h4 class=\"mt-heading\">Mir\u00e1 Tambi\u00e9n<\/h4>\n<p><a href=\"https:\/\/www.paparazzi.com.ar\/teve\/el-desgarrador-video-de-flavio-mendoza-tras-confirmar-la-muerte-de-un-ser-querido-muchos-anos-de-lucha\/\"><\/p>\n<div class=\"mt-content\">\n<div class=\"mt-image-container\"><img decoding=\"async\" src=\"https:\/\/www.paparazzi.com.ar\/wp-content\/uploads\/2025\/11\/flavio-mendoza-359x226.png\" alt=\"El desgarrador video de Flavio Mendoza tras confirmar la muerte de un ser querido: &quot;Muchos a\u00f1os de lucha&quot;\" class=\"mt-image\" loading=\"lazy\" \/><\/div>\n<h5 class=\"mt-title\">El desgarrador video de Flavio Mendoza tras confirmar la muerte de un ser querido: \u00abMuchos a\u00f1os de lucha\u00bb<\/h5>\n<\/div>\n<p><\/a><\/div>\n<p>The post <a href=\"https:\/\/www.paparazzi.com.ar\/teve\/flavio-mendoza-conto-la-charla-profunda-que-tuvo-con-su-hijo-de-7-anos-por-que-no-tengo-mama\/\">Flavio Mendoza cont\u00f3 la charla profunda que tuvo con su hijo de 7 a\u00f1os: \u201c\u00bfPor qu\u00e9 no tengo mam\u00e1?\u201d<\/a> appeared first on <a href=\"https:\/\/www.paparazzi.com.ar\">Revista Paparazzi<\/a>.<\/p>\n","protected":false},"excerpt":{"rendered":"<p>Flavio Mendoza volvi\u00f3 a conmover al p\u00fablico al compartir uno<\/p>\n","protected":false},"author":0,"featured_media":9662,"comment_status":"","ping_status":"","sticky":false,"template":"","format":"standard","meta":{"footnotes":""},"categories":[65],"tags":[],"class_list":["post-9661","post","type-post","status-publish","format-standard","has-post-thumbnail","hentry","category-pais"],"yoast_head":"<!-- This site is optimized with the Yoast SEO plugin v27.4 - https:\/\/yoast.com\/product\/yoast-seo-wordpress\/ -->\n<title>Flavio Mendoza cont\u00f3 la charla profunda que tuvo con su hijo de 7 a\u00f1os: \u201c\u00bfPor qu\u00e9 no tengo mam\u00e1?\u201d - Cuarteto en la Web<\/title>\n<meta name=\"robots\" content=\"index, follow, max-snippet:-1, max-image-preview:large, max-video-preview:-1\" \/>\n<link rel=\"canonical\" href=\"https:\/\/cuartetoenlaweb.com.ar\/sitio\/flavio-mendoza-conto-la-charla-profunda-que-tuvo-con-su-hijo-de-7-anos-por-que-no-tengo-mama\/\" \/>\n<meta property=\"og:locale\" content=\"es_ES\" \/>\n<meta property=\"og:type\" content=\"article\" \/>\n<meta property=\"og:title\" content=\"Flavio Mendoza cont\u00f3 la charla profunda que tuvo con su hijo de 7 a\u00f1os: \u201c\u00bfPor qu\u00e9 no tengo mam\u00e1?\u201d - Cuarteto en la Web\" \/>\n<meta property=\"og:description\" content=\"Flavio Mendoza volvi\u00f3 a conmover al p\u00fablico al compartir uno\" \/>\n<meta property=\"og:url\" content=\"https:\/\/cuartetoenlaweb.com.ar\/sitio\/flavio-mendoza-conto-la-charla-profunda-que-tuvo-con-su-hijo-de-7-anos-por-que-no-tengo-mama\/\" \/>\n<meta property=\"og:site_name\" content=\"Cuarteto en la Web\" \/>\n<meta property=\"article:published_time\" content=\"2025-12-28T04:39:05+00:00\" \/>\n<meta property=\"og:image\" content=\"https:\/\/cuartetoenlaweb.com.ar\/sitio\/wp-content\/uploads\/2025\/12\/Shakira-en-Argentina-359x226-19.jpg\" \/>\n\t<meta property=\"og:image:width\" content=\"359\" \/>\n\t<meta property=\"og:image:height\" content=\"226\" \/>\n\t<meta property=\"og:image:type\" content=\"image\/jpeg\" \/>\n<meta name=\"twitter:card\" content=\"summary_large_image\" \/>\n<meta name=\"twitter:label1\" content=\"Tiempo de lectura\" \/>\n\t<meta name=\"twitter:data1\" content=\"3 minutos\" \/>\n<script type=\"application\/ld+json\" class=\"yoast-schema-graph\">{\"@context\":\"https:\\\/\\\/schema.org\",\"@graph\":[{\"@type\":\"Article\",\"@id\":\"https:\\\/\\\/cuartetoenlaweb.com.ar\\\/sitio\\\/flavio-mendoza-conto-la-charla-profunda-que-tuvo-con-su-hijo-de-7-anos-por-que-no-tengo-mama\\\/#article\",\"isPartOf\":{\"@id\":\"https:\\\/\\\/cuartetoenlaweb.com.ar\\\/sitio\\\/flavio-mendoza-conto-la-charla-profunda-que-tuvo-con-su-hijo-de-7-anos-por-que-no-tengo-mama\\\/\"},\"author\":{\"name\":\"\",\"@id\":\"\"},\"headline\":\"Flavio Mendoza cont\u00f3 la charla profunda que tuvo con su hijo de 7 a\u00f1os: \u201c\u00bfPor qu\u00e9 no tengo mam\u00e1?\u201d\",\"datePublished\":\"2025-12-28T04:39:05+00:00\",\"mainEntityOfPage\":{\"@id\":\"https:\\\/\\\/cuartetoenlaweb.com.ar\\\/sitio\\\/flavio-mendoza-conto-la-charla-profunda-que-tuvo-con-su-hijo-de-7-anos-por-que-no-tengo-mama\\\/\"},\"wordCount\":604,\"publisher\":{\"@id\":\"http:\\\/\\\/cuartetoenlaweb.com.ar\\\/sitio\\\/#organization\"},\"image\":{\"@id\":\"https:\\\/\\\/cuartetoenlaweb.com.ar\\\/sitio\\\/flavio-mendoza-conto-la-charla-profunda-que-tuvo-con-su-hijo-de-7-anos-por-que-no-tengo-mama\\\/#primaryimage\"},\"thumbnailUrl\":\"http:\\\/\\\/cuartetoenlaweb.com.ar\\\/sitio\\\/wp-content\\\/uploads\\\/2025\\\/12\\\/Shakira-en-Argentina-359x226-19.jpg\",\"articleSection\":[\"PAIS\"],\"inLanguage\":\"es\"},{\"@type\":\"WebPage\",\"@id\":\"https:\\\/\\\/cuartetoenlaweb.com.ar\\\/sitio\\\/flavio-mendoza-conto-la-charla-profunda-que-tuvo-con-su-hijo-de-7-anos-por-que-no-tengo-mama\\\/\",\"url\":\"https:\\\/\\\/cuartetoenlaweb.com.ar\\\/sitio\\\/flavio-mendoza-conto-la-charla-profunda-que-tuvo-con-su-hijo-de-7-anos-por-que-no-tengo-mama\\\/\",\"name\":\"Flavio Mendoza cont\u00f3 la charla profunda que tuvo con su hijo de 7 a\u00f1os: \u201c\u00bfPor qu\u00e9 no tengo mam\u00e1?\u201d - Cuarteto en la Web\",\"isPartOf\":{\"@id\":\"http:\\\/\\\/cuartetoenlaweb.com.ar\\\/sitio\\\/#website\"},\"primaryImageOfPage\":{\"@id\":\"https:\\\/\\\/cuartetoenlaweb.com.ar\\\/sitio\\\/flavio-mendoza-conto-la-charla-profunda-que-tuvo-con-su-hijo-de-7-anos-por-que-no-tengo-mama\\\/#primaryimage\"},\"image\":{\"@id\":\"https:\\\/\\\/cuartetoenlaweb.com.ar\\\/sitio\\\/flavio-mendoza-conto-la-charla-profunda-que-tuvo-con-su-hijo-de-7-anos-por-que-no-tengo-mama\\\/#primaryimage\"},\"thumbnailUrl\":\"http:\\\/\\\/cuartetoenlaweb.com.ar\\\/sitio\\\/wp-content\\\/uploads\\\/2025\\\/12\\\/Shakira-en-Argentina-359x226-19.jpg\",\"datePublished\":\"2025-12-28T04:39:05+00:00\",\"breadcrumb\":{\"@id\":\"https:\\\/\\\/cuartetoenlaweb.com.ar\\\/sitio\\\/flavio-mendoza-conto-la-charla-profunda-que-tuvo-con-su-hijo-de-7-anos-por-que-no-tengo-mama\\\/#breadcrumb\"},\"inLanguage\":\"es\",\"potentialAction\":[{\"@type\":\"ReadAction\",\"target\":[\"https:\\\/\\\/cuartetoenlaweb.com.ar\\\/sitio\\\/flavio-mendoza-conto-la-charla-profunda-que-tuvo-con-su-hijo-de-7-anos-por-que-no-tengo-mama\\\/\"]}]},{\"@type\":\"ImageObject\",\"inLanguage\":\"es\",\"@id\":\"https:\\\/\\\/cuartetoenlaweb.com.ar\\\/sitio\\\/flavio-mendoza-conto-la-charla-profunda-que-tuvo-con-su-hijo-de-7-anos-por-que-no-tengo-mama\\\/#primaryimage\",\"url\":\"http:\\\/\\\/cuartetoenlaweb.com.ar\\\/sitio\\\/wp-content\\\/uploads\\\/2025\\\/12\\\/Shakira-en-Argentina-359x226-19.jpg\",\"contentUrl\":\"http:\\\/\\\/cuartetoenlaweb.com.ar\\\/sitio\\\/wp-content\\\/uploads\\\/2025\\\/12\\\/Shakira-en-Argentina-359x226-19.jpg\",\"width\":359,\"height\":226},{\"@type\":\"BreadcrumbList\",\"@id\":\"https:\\\/\\\/cuartetoenlaweb.com.ar\\\/sitio\\\/flavio-mendoza-conto-la-charla-profunda-que-tuvo-con-su-hijo-de-7-anos-por-que-no-tengo-mama\\\/#breadcrumb\",\"itemListElement\":[{\"@type\":\"ListItem\",\"position\":1,\"name\":\"Portada\",\"item\":\"http:\\\/\\\/cuartetoenlaweb.com.ar\\\/sitio\\\/\"},{\"@type\":\"ListItem\",\"position\":2,\"name\":\"Flavio Mendoza cont\u00f3 la charla profunda que tuvo con su hijo de 7 a\u00f1os: \u201c\u00bfPor qu\u00e9 no tengo mam\u00e1?\u201d\"}]},{\"@type\":\"WebSite\",\"@id\":\"http:\\\/\\\/cuartetoenlaweb.com.ar\\\/sitio\\\/#website\",\"url\":\"http:\\\/\\\/cuartetoenlaweb.com.ar\\\/sitio\\\/\",\"name\":\"Cuarteto en la Web\",\"description\":\"\",\"publisher\":{\"@id\":\"http:\\\/\\\/cuartetoenlaweb.com.ar\\\/sitio\\\/#organization\"},\"potentialAction\":[{\"@type\":\"SearchAction\",\"target\":{\"@type\":\"EntryPoint\",\"urlTemplate\":\"http:\\\/\\\/cuartetoenlaweb.com.ar\\\/sitio\\\/?s={search_term_string}\"},\"query-input\":{\"@type\":\"PropertyValueSpecification\",\"valueRequired\":true,\"valueName\":\"search_term_string\"}}],\"inLanguage\":\"es\"},{\"@type\":\"Organization\",\"@id\":\"http:\\\/\\\/cuartetoenlaweb.com.ar\\\/sitio\\\/#organization\",\"name\":\"Cuarteto en la Web\",\"url\":\"http:\\\/\\\/cuartetoenlaweb.com.ar\\\/sitio\\\/\",\"logo\":{\"@type\":\"ImageObject\",\"inLanguage\":\"es\",\"@id\":\"http:\\\/\\\/cuartetoenlaweb.com.ar\\\/sitio\\\/#\\\/schema\\\/logo\\\/image\\\/\",\"url\":\"http:\\\/\\\/cuartetoenlaweb.com.ar\\\/sitio\\\/wp-content\\\/uploads\\\/2025\\\/07\\\/cropped-cropped-logitoweb21.png\",\"contentUrl\":\"http:\\\/\\\/cuartetoenlaweb.com.ar\\\/sitio\\\/wp-content\\\/uploads\\\/2025\\\/07\\\/cropped-cropped-logitoweb21.png\",\"width\":199,\"height\":199,\"caption\":\"Cuarteto en la Web\"},\"image\":{\"@id\":\"http:\\\/\\\/cuartetoenlaweb.com.ar\\\/sitio\\\/#\\\/schema\\\/logo\\\/image\\\/\"}}]}<\/script>\n<!-- \/ Yoast SEO plugin. -->","yoast_head_json":{"title":"Flavio Mendoza cont\u00f3 la charla profunda que tuvo con su hijo de 7 a\u00f1os: \u201c\u00bfPor qu\u00e9 no tengo mam\u00e1?\u201d - Cuarteto en la Web","robots":{"index":"index","follow":"follow","max-snippet":"max-snippet:-1","max-image-preview":"max-image-preview:large","max-video-preview":"max-video-preview:-1"},"canonical":"https:\/\/cuartetoenlaweb.com.ar\/sitio\/flavio-mendoza-conto-la-charla-profunda-que-tuvo-con-su-hijo-de-7-anos-por-que-no-tengo-mama\/","og_locale":"es_ES","og_type":"article","og_title":"Flavio Mendoza cont\u00f3 la charla profunda que tuvo con su hijo de 7 a\u00f1os: \u201c\u00bfPor qu\u00e9 no tengo mam\u00e1?\u201d - Cuarteto en la Web","og_description":"Flavio Mendoza volvi\u00f3 a conmover al p\u00fablico al compartir uno","og_url":"https:\/\/cuartetoenlaweb.com.ar\/sitio\/flavio-mendoza-conto-la-charla-profunda-que-tuvo-con-su-hijo-de-7-anos-por-que-no-tengo-mama\/","og_site_name":"Cuarteto en la Web","article_published_time":"2025-12-28T04:39:05+00:00","og_image":[{"width":359,"height":226,"url":"https:\/\/cuartetoenlaweb.com.ar\/sitio\/wp-content\/uploads\/2025\/12\/Shakira-en-Argentina-359x226-19.jpg","type":"image\/jpeg"}],"twitter_card":"summary_large_image","twitter_misc":{"Tiempo de lectura":"3 minutos"},"schema":{"@context":"https:\/\/schema.org","@graph":[{"@type":"Article","@id":"https:\/\/cuartetoenlaweb.com.ar\/sitio\/flavio-mendoza-conto-la-charla-profunda-que-tuvo-con-su-hijo-de-7-anos-por-que-no-tengo-mama\/#article","isPartOf":{"@id":"https:\/\/cuartetoenlaweb.com.ar\/sitio\/flavio-mendoza-conto-la-charla-profunda-que-tuvo-con-su-hijo-de-7-anos-por-que-no-tengo-mama\/"},"author":{"name":"","@id":""},"headline":"Flavio Mendoza cont\u00f3 la charla profunda que tuvo con su hijo de 7 a\u00f1os: \u201c\u00bfPor qu\u00e9 no tengo mam\u00e1?\u201d","datePublished":"2025-12-28T04:39:05+00:00","mainEntityOfPage":{"@id":"https:\/\/cuartetoenlaweb.com.ar\/sitio\/flavio-mendoza-conto-la-charla-profunda-que-tuvo-con-su-hijo-de-7-anos-por-que-no-tengo-mama\/"},"wordCount":604,"publisher":{"@id":"http:\/\/cuartetoenlaweb.com.ar\/sitio\/#organization"},"image":{"@id":"https:\/\/cuartetoenlaweb.com.ar\/sitio\/flavio-mendoza-conto-la-charla-profunda-que-tuvo-con-su-hijo-de-7-anos-por-que-no-tengo-mama\/#primaryimage"},"thumbnailUrl":"http:\/\/cuartetoenlaweb.com.ar\/sitio\/wp-content\/uploads\/2025\/12\/Shakira-en-Argentina-359x226-19.jpg","articleSection":["PAIS"],"inLanguage":"es"},{"@type":"WebPage","@id":"https:\/\/cuartetoenlaweb.com.ar\/sitio\/flavio-mendoza-conto-la-charla-profunda-que-tuvo-con-su-hijo-de-7-anos-por-que-no-tengo-mama\/","url":"https:\/\/cuartetoenlaweb.com.ar\/sitio\/flavio-mendoza-conto-la-charla-profunda-que-tuvo-con-su-hijo-de-7-anos-por-que-no-tengo-mama\/","name":"Flavio Mendoza cont\u00f3 la charla profunda que tuvo con su hijo de 7 a\u00f1os: \u201c\u00bfPor qu\u00e9 no tengo mam\u00e1?\u201d - Cuarteto en la Web","isPartOf":{"@id":"http:\/\/cuartetoenlaweb.com.ar\/sitio\/#website"},"primaryImageOfPage":{"@id":"https:\/\/cuartetoenlaweb.com.ar\/sitio\/flavio-mendoza-conto-la-charla-profunda-que-tuvo-con-su-hijo-de-7-anos-por-que-no-tengo-mama\/#primaryimage"},"image":{"@id":"https:\/\/cuartetoenlaweb.com.ar\/sitio\/flavio-mendoza-conto-la-charla-profunda-que-tuvo-con-su-hijo-de-7-anos-por-que-no-tengo-mama\/#primaryimage"},"thumbnailUrl":"http:\/\/cuartetoenlaweb.com.ar\/sitio\/wp-content\/uploads\/2025\/12\/Shakira-en-Argentina-359x226-19.jpg","datePublished":"2025-12-28T04:39:05+00:00","breadcrumb":{"@id":"https:\/\/cuartetoenlaweb.com.ar\/sitio\/flavio-mendoza-conto-la-charla-profunda-que-tuvo-con-su-hijo-de-7-anos-por-que-no-tengo-mama\/#breadcrumb"},"inLanguage":"es","potentialAction":[{"@type":"ReadAction","target":["https:\/\/cuartetoenlaweb.com.ar\/sitio\/flavio-mendoza-conto-la-charla-profunda-que-tuvo-con-su-hijo-de-7-anos-por-que-no-tengo-mama\/"]}]},{"@type":"ImageObject","inLanguage":"es","@id":"https:\/\/cuartetoenlaweb.com.ar\/sitio\/flavio-mendoza-conto-la-charla-profunda-que-tuvo-con-su-hijo-de-7-anos-por-que-no-tengo-mama\/#primaryimage","url":"http:\/\/cuartetoenlaweb.com.ar\/sitio\/wp-content\/uploads\/2025\/12\/Shakira-en-Argentina-359x226-19.jpg","contentUrl":"http:\/\/cuartetoenlaweb.com.ar\/sitio\/wp-content\/uploads\/2025\/12\/Shakira-en-Argentina-359x226-19.jpg","width":359,"height":226},{"@type":"BreadcrumbList","@id":"https:\/\/cuartetoenlaweb.com.ar\/sitio\/flavio-mendoza-conto-la-charla-profunda-que-tuvo-con-su-hijo-de-7-anos-por-que-no-tengo-mama\/#breadcrumb","itemListElement":[{"@type":"ListItem","position":1,"name":"Portada","item":"http:\/\/cuartetoenlaweb.com.ar\/sitio\/"},{"@type":"ListItem","position":2,"name":"Flavio Mendoza cont\u00f3 la charla profunda que tuvo con su hijo de 7 a\u00f1os: \u201c\u00bfPor qu\u00e9 no tengo mam\u00e1?\u201d"}]},{"@type":"WebSite","@id":"http:\/\/cuartetoenlaweb.com.ar\/sitio\/#website","url":"http:\/\/cuartetoenlaweb.com.ar\/sitio\/","name":"Cuarteto en la Web","description":"","publisher":{"@id":"http:\/\/cuartetoenlaweb.com.ar\/sitio\/#organization"},"potentialAction":[{"@type":"SearchAction","target":{"@type":"EntryPoint","urlTemplate":"http:\/\/cuartetoenlaweb.com.ar\/sitio\/?s={search_term_string}"},"query-input":{"@type":"PropertyValueSpecification","valueRequired":true,"valueName":"search_term_string"}}],"inLanguage":"es"},{"@type":"Organization","@id":"http:\/\/cuartetoenlaweb.com.ar\/sitio\/#organization","name":"Cuarteto en la Web","url":"http:\/\/cuartetoenlaweb.com.ar\/sitio\/","logo":{"@type":"ImageObject","inLanguage":"es","@id":"http:\/\/cuartetoenlaweb.com.ar\/sitio\/#\/schema\/logo\/image\/","url":"http:\/\/cuartetoenlaweb.com.ar\/sitio\/wp-content\/uploads\/2025\/07\/cropped-cropped-logitoweb21.png","contentUrl":"http:\/\/cuartetoenlaweb.com.ar\/sitio\/wp-content\/uploads\/2025\/07\/cropped-cropped-logitoweb21.png","width":199,"height":199,"caption":"Cuarteto en la Web"},"image":{"@id":"http:\/\/cuartetoenlaweb.com.ar\/sitio\/#\/schema\/logo\/image\/"}}]}},"_links":{"self":[{"href":"http:\/\/cuartetoenlaweb.com.ar\/sitio\/wp-json\/wp\/v2\/posts\/9661","targetHints":{"allow":["GET"]}}],"collection":[{"href":"http:\/\/cuartetoenlaweb.com.ar\/sitio\/wp-json\/wp\/v2\/posts"}],"about":[{"href":"http:\/\/cuartetoenlaweb.com.ar\/sitio\/wp-json\/wp\/v2\/types\/post"}],"replies":[{"embeddable":true,"href":"http:\/\/cuartetoenlaweb.com.ar\/sitio\/wp-json\/wp\/v2\/comments?post=9661"}],"version-history":[{"count":0,"href":"http:\/\/cuartetoenlaweb.com.ar\/sitio\/wp-json\/wp\/v2\/posts\/9661\/revisions"}],"wp:featuredmedia":[{"embeddable":true,"href":"http:\/\/cuartetoenlaweb.com.ar\/sitio\/wp-json\/wp\/v2\/media\/9662"}],"wp:attachment":[{"href":"http:\/\/cuartetoenlaweb.com.ar\/sitio\/wp-json\/wp\/v2\/media?parent=9661"}],"wp:term":[{"taxonomy":"category","embeddable":true,"href":"http:\/\/cuartetoenlaweb.com.ar\/sitio\/wp-json\/wp\/v2\/categories?post=9661"},{"taxonomy":"post_tag","embeddable":true,"href":"http:\/\/cuartetoenlaweb.com.ar\/sitio\/wp-json\/wp\/v2\/tags?post=9661"}],"curies":[{"name":"wp","href":"https:\/\/api.w.org\/{rel}","templated":true}]}}