
{"id":9659,"date":"2025-12-28T01:39:04","date_gmt":"2025-12-28T04:39:04","guid":{"rendered":"https:\/\/cuartetoenlaweb.com.ar\/sitio\/mirtha-legrand-pidio-disculpas-a-alejandro-fantino-y-revivio-un-escandalo-espero-dejar-atras-este\/"},"modified":"2025-12-28T01:39:04","modified_gmt":"2025-12-28T04:39:04","slug":"mirtha-legrand-pidio-disculpas-a-alejandro-fantino-y-revivio-un-escandalo-espero-dejar-atras-este","status":"publish","type":"post","link":"http:\/\/cuartetoenlaweb.com.ar\/sitio\/mirtha-legrand-pidio-disculpas-a-alejandro-fantino-y-revivio-un-escandalo-espero-dejar-atras-este\/","title":{"rendered":"Mirtha Legrand pidi\u00f3 disculpas a Alejandro Fantino y revivi\u00f3 un esc\u00e1ndalo: \u201cEspero dejar atr\u00e1s este\u2026\u201d"},"content":{"rendered":"<p><strong>Mirtha Legrand<\/strong> protagoniz\u00f3 uno de los momentos m\u00e1s fuertes de la televisi\u00f3n argentina en el cierre del a\u00f1o. En el inicio de su programa, la hist\u00f3rica conductora <a href=\"https:\/\/www.paparazzi.com.ar\/teve\/la-bronca-de-nacho-viale-con-alejandro-fantino-por-el-juicio-que-le-hizo-a-mirtha-legrand\/\">ley\u00f3 una carta en la que pidi\u00f3 disculpas p\u00fablicas<\/a> a <strong>Alejandro Fantino<\/strong> y a su familia <a href=\"https:\/\/www.paparazzi.com.ar\/teve\/el-descargo-de-fantino-luego-de-que-natacha-jaitt-lo-involucrara-en-el-caso-independiente\/\">por los comentarios que se realizaron a\u00f1os atr\u00e1s en su mesa<\/a>, durante una de las emisiones m\u00e1s pol\u00e9micas de su ciclo, <a href=\"https:\/\/www.paparazzi.com.ar\/teve\/revelan-que-habia-en-la-tablet-de-natacha-jaitt-2055-videos-buscaba-fantino-bastia-y-a-un-periodista-deportivo-le-dijo-que\/\">aquella en la que estuvo invitada <strong>Natacha Jaitt<\/strong><\/a>.<\/p>\n<p>Con voz firme, pero visiblemente consciente del peso de sus palabras en esas disculpas, Mirtha decidi\u00f3 enfrentar un episodio que qued\u00f3 grabado en la memoria colectiva y que marc\u00f3 un antes y un despu\u00e9s tanto para ella como para el periodista.<\/p>\n<p><em>\u201cQuiero aprovechar este fin de a\u00f1o para pedir disculpas en mi nombre y en el de la producci\u00f3n al se\u00f1or Alejandro Fantino y su familia, que se sintieron agraviados en su honor por un hecho que tuvo lugar hace a\u00f1os en este programa\u201d<\/em>, expres\u00f3 al aire.<\/p>\n<div class=\"mt-box \">\n<h4 class=\"mt-heading\">Mir\u00e1 Tambi\u00e9n<\/h4>\n<p><a href=\"https:\/\/www.paparazzi.com.ar\/romances\/ultimo-momento-asi-volvieron-mauro-icardi-y-la-china-suarez-al-pais-para-reencontrarse-con-sus-hijos-lo-que-es-este-video\/\"><\/p>\n<div class=\"mt-content\">\n<div class=\"mt-image-container\"><img decoding=\"async\" src=\"https:\/\/www.paparazzi.com.ar\/wp-content\/uploads\/2025\/12\/Mauro-Icardi-llego-a-Argentina-2-359x226.jpg\" alt=\"\u00a1Fotos exclusivas! As\u00ed volvieron Mauro Icardi y la China Su\u00e1rez al pa\u00eds para reencontrarse con sus hijos: &quot;Las fiestas ac\u00e1&quot;\" class=\"mt-image\" loading=\"lazy\" \/><\/div>\n<h5 class=\"mt-title\">\u00a1Fotos exclusivas! As\u00ed volvieron Mauro Icardi y la China Su\u00e1rez al pa\u00eds para reencontrarse con sus hijos: \u00abLas fiestas ac\u00e1\u00bb<\/h5>\n<\/div>\n<p><\/a><\/div>\n<p>La conductora fue clara y directa. Reconoci\u00f3 el error sin rodeos y asumi\u00f3 la responsabilidad por lo ocurrido: <em>\u201cEspero que este gesto contribuya a dejar atr\u00e1s este episodio. Muy feliz a\u00f1o y, una vez m\u00e1s, pido disculpas por el comentario que hice, fuera de lugar\u201d. <\/em><\/p>\n<p>El conflicto al que hizo referencia Mirtha se remonta a 2018, cuando Fantino fue mencionado en el programa en el marco de graves acusaciones que se lanzaron esa noche y que generaron un enorme impacto. En aquel entonces, el periodista manifest\u00f3 p\u00fablicamente su dolor y decepci\u00f3n, y lleg\u00f3 a afirmar: <em>\u201cMirtha Legrand me desilusion\u00f3\u201d.<\/em> <\/p>\n<div class=\"mt-box \">\n<h4 class=\"mt-heading\">Mir\u00e1 Tambi\u00e9n<\/h4>\n<p><a href=\"https:\/\/www.paparazzi.com.ar\/teve\/revelan-que-habia-en-la-tablet-de-natacha-jaitt-2055-videos-buscaba-fantino-bastia-y-a-un-periodista-deportivo-le-dijo-que\/\"><\/p>\n<div class=\"mt-content\">\n<div class=\"mt-image-container\"><img decoding=\"async\" src=\"https:\/\/www.paparazzi.com.ar\/wp-content\/uploads\/2023\/07\/Natacha-Jaitt-tablet-1.jpg.webp\" alt=\"Revelan qu\u00e9 hab\u00eda en la tablet de Natacha Jaitt: &quot;2055 videos, buscaba Fantino-Bast\u00eda y a un periodista deportivo le dijo que...&quot;\" class=\"mt-image\" loading=\"lazy\" \/><\/div>\n<h5 class=\"mt-title\">Revelan qu\u00e9 hab\u00eda en la tablet de Natacha Jaitt: \u00ab2055 videos, buscaba Fantino-Bast\u00eda y a un periodista deportivo le dijo que&#8230;\u00bb<\/h5>\n<\/div>\n<p><\/a><\/div>\n<p>Fantino expres\u00f3 que la conductora era para \u00e9l \u201cun faro\u201d en el medio y que sinti\u00f3 una profunda tristeza por lo ocurrido. Tras aquel episodio, Fantino dedic\u00f3 varios minutos en sus programas para defender su honor y el de su familia, aclarando que no ten\u00eda nada que ver con las acusaciones que circularon y reclamando que la investigaci\u00f3n judicial siguiera su curso. <\/p>\n<p><em>\u201cLo m\u00e1s importante es que la investigaci\u00f3n tenga \u00e9xito\u201d<\/em>, remarc\u00f3 en m\u00e1s de una oportunidad, intentando correr el foco del esc\u00e1ndalo medi\u00e1tico. El pedido de disculpas de Mirtha, realizado en vivo y de manera expl\u00edcita, fue le\u00eddo como un gesto de reparaci\u00f3n simb\u00f3lica despu\u00e9s de a\u00f1os de silencio. <\/p>\n<div class=\"mt-box \">\n<h4 class=\"mt-heading\">Mir\u00e1 Tambi\u00e9n<\/h4>\n<p><a href=\"https:\/\/www.paparazzi.com.ar\/teve\/la-oscura-interna-que-denuncio-alejandro-fantino-de-mirtha-legrand-y-nacho-viale\/\"><\/p>\n<div class=\"mt-content\">\n<div class=\"mt-image-container\"><img decoding=\"async\" src=\"https:\/\/www.paparazzi.com.ar\/wp-content\/uploads\/2024\/10\/fantino.png.webp\" alt=\"La oscura interna que denunci\u00f3 Alejandro Fantino de Mirtha Legrand y Nacho Viale\" class=\"mt-image\" loading=\"lazy\" \/><\/div>\n<h5 class=\"mt-title\">La oscura interna que denunci\u00f3 Alejandro Fantino de Mirtha Legrand y Nacho Viale<\/h5>\n<\/div>\n<p><\/a><\/div>\n<p>No solo incluy\u00f3 a Fantino, sino tambi\u00e9n a su entorno m\u00e1s cercano, que se vio afectado por la exposici\u00f3n y el impacto de aquellos dichos. En un contexto donde pocas figuras p\u00fablicas reconocen errores pasados, la decisi\u00f3n de la diva de la televisi\u00f3n de hacerse cargo y pedir perd\u00f3n marca un momento televisivo muy fuerte.<\/p>\n<p>El cierre de a\u00f1o encontr\u00f3 a Mirtha Legrand revisando su propia historia, enfrentando una vieja herida medi\u00e1tica y dejando en claro que, incluso despu\u00e9s de d\u00e9cadas frente a c\u00e1mara, todav\u00eda hay espacio para la autocr\u00edtica y la reparaci\u00f3n.<\/p>\n<div class=\"mt-box \">\n<h4 class=\"mt-heading\">Mir\u00e1 Tambi\u00e9n<\/h4>\n<p><a href=\"https:\/\/www.paparazzi.com.ar\/teve\/la-bronca-de-nacho-viale-con-alejandro-fantino-por-el-juicio-que-le-hizo-a-mirtha-legrand\/\"><\/p>\n<div class=\"mt-content\">\n<div class=\"mt-image-container\"><img decoding=\"async\" src=\"https:\/\/www.paparazzi.com.ar\/wp-content\/uploads\/2024\/11\/nacho-viale-fantino-pelea-2.jpg.webp\" alt=\"La bronca de Nacho Viale con Alejandro Fantino por el juicio que le hizo a Mirtha Legrand\" class=\"mt-image\" loading=\"lazy\" \/><\/div>\n<h5 class=\"mt-title\">La bronca de Nacho Viale con Alejandro Fantino por el juicio que le hizo a Mirtha Legrand<\/h5>\n<\/div>\n<p><\/a><\/div>\n<div class=\"mt-box \">\n<h4 class=\"mt-heading\">Mir\u00e1 Tambi\u00e9n<\/h4>\n<p><a href=\"https:\/\/www.paparazzi.com.ar\/teve\/asi-fue-el-ultimo-mensaje-que-escribio-natacha-jaitt-horas-antes-de-su-muerte\/\"><\/p>\n<div class=\"mt-content\">\n<div class=\"mt-image-container\"><img decoding=\"async\" src=\"https:\/\/www.paparazzi.com.ar\/wp-content\/uploads\/2023\/07\/El-ultimo-mensaje-de-Natacha-Jaitt-con-vida-1.jpg.webp\" alt=\"As\u00ed fue el \u00faltimo mensaje que escribi\u00f3 Natacha Jaitt horas antes de su muerte\" class=\"mt-image\" loading=\"lazy\" \/><\/div>\n<h5 class=\"mt-title\">As\u00ed fue el \u00faltimo mensaje que escribi\u00f3 Natacha Jaitt horas antes de su muerte<\/h5>\n<\/div>\n<p><\/a><\/div>\n<p>The post <a href=\"https:\/\/www.paparazzi.com.ar\/teve\/mirtha-legrand-pidio-disculpas-a-alejandro-fantino-y-revivio-un-escandalo-espero-dejar-atras-este\/\">Mirtha Legrand pidi\u00f3 disculpas a Alejandro Fantino y revivi\u00f3 un esc\u00e1ndalo: \u201cEspero dejar atr\u00e1s este\u2026\u201d<\/a> appeared first on <a href=\"https:\/\/www.paparazzi.com.ar\">Revista Paparazzi<\/a>.<\/p>\n","protected":false},"excerpt":{"rendered":"<p>Mirtha Legrand protagoniz\u00f3 uno de los momentos m\u00e1s fuertes de<\/p>\n","protected":false},"author":0,"featured_media":9660,"comment_status":"","ping_status":"","sticky":false,"template":"","format":"standard","meta":{"footnotes":""},"categories":[65],"tags":[],"class_list":["post-9659","post","type-post","status-publish","format-standard","has-post-thumbnail","hentry","category-pais"],"yoast_head":"<!-- This site is optimized with the Yoast SEO plugin v27.4 - https:\/\/yoast.com\/product\/yoast-seo-wordpress\/ -->\n<title>Mirtha Legrand pidi\u00f3 disculpas a Alejandro Fantino y revivi\u00f3 un esc\u00e1ndalo: \u201cEspero dejar atr\u00e1s este\u2026\u201d - Cuarteto en la Web<\/title>\n<meta name=\"robots\" content=\"index, follow, max-snippet:-1, max-image-preview:large, max-video-preview:-1\" \/>\n<link rel=\"canonical\" href=\"http:\/\/cuartetoenlaweb.com.ar\/sitio\/mirtha-legrand-pidio-disculpas-a-alejandro-fantino-y-revivio-un-escandalo-espero-dejar-atras-este\/\" \/>\n<meta property=\"og:locale\" content=\"es_ES\" \/>\n<meta property=\"og:type\" content=\"article\" \/>\n<meta property=\"og:title\" content=\"Mirtha Legrand pidi\u00f3 disculpas a Alejandro Fantino y revivi\u00f3 un esc\u00e1ndalo: \u201cEspero dejar atr\u00e1s este\u2026\u201d - Cuarteto en la Web\" \/>\n<meta property=\"og:description\" content=\"Mirtha Legrand protagoniz\u00f3 uno de los momentos m\u00e1s fuertes de\" \/>\n<meta property=\"og:url\" content=\"http:\/\/cuartetoenlaweb.com.ar\/sitio\/mirtha-legrand-pidio-disculpas-a-alejandro-fantino-y-revivio-un-escandalo-espero-dejar-atras-este\/\" \/>\n<meta property=\"og:site_name\" content=\"Cuarteto en la Web\" \/>\n<meta property=\"article:published_time\" content=\"2025-12-28T04:39:04+00:00\" \/>\n<meta property=\"og:image\" content=\"http:\/\/cuartetoenlaweb.com.ar\/sitio\/wp-content\/uploads\/2025\/12\/Mauro-Icardi-llego-a-Argentina-2-359x226-6.jpg\" \/>\n\t<meta property=\"og:image:width\" content=\"359\" \/>\n\t<meta property=\"og:image:height\" content=\"226\" \/>\n\t<meta property=\"og:image:type\" content=\"image\/jpeg\" \/>\n<meta name=\"twitter:card\" content=\"summary_large_image\" \/>\n<meta name=\"twitter:label1\" content=\"Tiempo de lectura\" \/>\n\t<meta name=\"twitter:data1\" content=\"3 minutos\" \/>\n<script type=\"application\/ld+json\" class=\"yoast-schema-graph\">{\"@context\":\"https:\\\/\\\/schema.org\",\"@graph\":[{\"@type\":\"Article\",\"@id\":\"http:\\\/\\\/cuartetoenlaweb.com.ar\\\/sitio\\\/mirtha-legrand-pidio-disculpas-a-alejandro-fantino-y-revivio-un-escandalo-espero-dejar-atras-este\\\/#article\",\"isPartOf\":{\"@id\":\"http:\\\/\\\/cuartetoenlaweb.com.ar\\\/sitio\\\/mirtha-legrand-pidio-disculpas-a-alejandro-fantino-y-revivio-un-escandalo-espero-dejar-atras-este\\\/\"},\"author\":{\"name\":\"\",\"@id\":\"\"},\"headline\":\"Mirtha Legrand pidi\u00f3 disculpas a Alejandro Fantino y revivi\u00f3 un esc\u00e1ndalo: \u201cEspero dejar atr\u00e1s este\u2026\u201d\",\"datePublished\":\"2025-12-28T04:39:04+00:00\",\"mainEntityOfPage\":{\"@id\":\"http:\\\/\\\/cuartetoenlaweb.com.ar\\\/sitio\\\/mirtha-legrand-pidio-disculpas-a-alejandro-fantino-y-revivio-un-escandalo-espero-dejar-atras-este\\\/\"},\"wordCount\":651,\"publisher\":{\"@id\":\"http:\\\/\\\/cuartetoenlaweb.com.ar\\\/sitio\\\/#organization\"},\"image\":{\"@id\":\"http:\\\/\\\/cuartetoenlaweb.com.ar\\\/sitio\\\/mirtha-legrand-pidio-disculpas-a-alejandro-fantino-y-revivio-un-escandalo-espero-dejar-atras-este\\\/#primaryimage\"},\"thumbnailUrl\":\"http:\\\/\\\/cuartetoenlaweb.com.ar\\\/sitio\\\/wp-content\\\/uploads\\\/2025\\\/12\\\/Mauro-Icardi-llego-a-Argentina-2-359x226-6.jpg\",\"articleSection\":[\"PAIS\"],\"inLanguage\":\"es\"},{\"@type\":\"WebPage\",\"@id\":\"http:\\\/\\\/cuartetoenlaweb.com.ar\\\/sitio\\\/mirtha-legrand-pidio-disculpas-a-alejandro-fantino-y-revivio-un-escandalo-espero-dejar-atras-este\\\/\",\"url\":\"http:\\\/\\\/cuartetoenlaweb.com.ar\\\/sitio\\\/mirtha-legrand-pidio-disculpas-a-alejandro-fantino-y-revivio-un-escandalo-espero-dejar-atras-este\\\/\",\"name\":\"Mirtha Legrand pidi\u00f3 disculpas a Alejandro Fantino y revivi\u00f3 un esc\u00e1ndalo: \u201cEspero dejar atr\u00e1s este\u2026\u201d - Cuarteto en la Web\",\"isPartOf\":{\"@id\":\"http:\\\/\\\/cuartetoenlaweb.com.ar\\\/sitio\\\/#website\"},\"primaryImageOfPage\":{\"@id\":\"http:\\\/\\\/cuartetoenlaweb.com.ar\\\/sitio\\\/mirtha-legrand-pidio-disculpas-a-alejandro-fantino-y-revivio-un-escandalo-espero-dejar-atras-este\\\/#primaryimage\"},\"image\":{\"@id\":\"http:\\\/\\\/cuartetoenlaweb.com.ar\\\/sitio\\\/mirtha-legrand-pidio-disculpas-a-alejandro-fantino-y-revivio-un-escandalo-espero-dejar-atras-este\\\/#primaryimage\"},\"thumbnailUrl\":\"http:\\\/\\\/cuartetoenlaweb.com.ar\\\/sitio\\\/wp-content\\\/uploads\\\/2025\\\/12\\\/Mauro-Icardi-llego-a-Argentina-2-359x226-6.jpg\",\"datePublished\":\"2025-12-28T04:39:04+00:00\",\"breadcrumb\":{\"@id\":\"http:\\\/\\\/cuartetoenlaweb.com.ar\\\/sitio\\\/mirtha-legrand-pidio-disculpas-a-alejandro-fantino-y-revivio-un-escandalo-espero-dejar-atras-este\\\/#breadcrumb\"},\"inLanguage\":\"es\",\"potentialAction\":[{\"@type\":\"ReadAction\",\"target\":[\"http:\\\/\\\/cuartetoenlaweb.com.ar\\\/sitio\\\/mirtha-legrand-pidio-disculpas-a-alejandro-fantino-y-revivio-un-escandalo-espero-dejar-atras-este\\\/\"]}]},{\"@type\":\"ImageObject\",\"inLanguage\":\"es\",\"@id\":\"http:\\\/\\\/cuartetoenlaweb.com.ar\\\/sitio\\\/mirtha-legrand-pidio-disculpas-a-alejandro-fantino-y-revivio-un-escandalo-espero-dejar-atras-este\\\/#primaryimage\",\"url\":\"http:\\\/\\\/cuartetoenlaweb.com.ar\\\/sitio\\\/wp-content\\\/uploads\\\/2025\\\/12\\\/Mauro-Icardi-llego-a-Argentina-2-359x226-6.jpg\",\"contentUrl\":\"http:\\\/\\\/cuartetoenlaweb.com.ar\\\/sitio\\\/wp-content\\\/uploads\\\/2025\\\/12\\\/Mauro-Icardi-llego-a-Argentina-2-359x226-6.jpg\",\"width\":359,\"height\":226},{\"@type\":\"BreadcrumbList\",\"@id\":\"http:\\\/\\\/cuartetoenlaweb.com.ar\\\/sitio\\\/mirtha-legrand-pidio-disculpas-a-alejandro-fantino-y-revivio-un-escandalo-espero-dejar-atras-este\\\/#breadcrumb\",\"itemListElement\":[{\"@type\":\"ListItem\",\"position\":1,\"name\":\"Portada\",\"item\":\"http:\\\/\\\/cuartetoenlaweb.com.ar\\\/sitio\\\/\"},{\"@type\":\"ListItem\",\"position\":2,\"name\":\"Mirtha Legrand pidi\u00f3 disculpas a Alejandro Fantino y revivi\u00f3 un esc\u00e1ndalo: \u201cEspero dejar atr\u00e1s este\u2026\u201d\"}]},{\"@type\":\"WebSite\",\"@id\":\"http:\\\/\\\/cuartetoenlaweb.com.ar\\\/sitio\\\/#website\",\"url\":\"http:\\\/\\\/cuartetoenlaweb.com.ar\\\/sitio\\\/\",\"name\":\"Cuarteto en la Web\",\"description\":\"\",\"publisher\":{\"@id\":\"http:\\\/\\\/cuartetoenlaweb.com.ar\\\/sitio\\\/#organization\"},\"potentialAction\":[{\"@type\":\"SearchAction\",\"target\":{\"@type\":\"EntryPoint\",\"urlTemplate\":\"http:\\\/\\\/cuartetoenlaweb.com.ar\\\/sitio\\\/?s={search_term_string}\"},\"query-input\":{\"@type\":\"PropertyValueSpecification\",\"valueRequired\":true,\"valueName\":\"search_term_string\"}}],\"inLanguage\":\"es\"},{\"@type\":\"Organization\",\"@id\":\"http:\\\/\\\/cuartetoenlaweb.com.ar\\\/sitio\\\/#organization\",\"name\":\"Cuarteto en la Web\",\"url\":\"http:\\\/\\\/cuartetoenlaweb.com.ar\\\/sitio\\\/\",\"logo\":{\"@type\":\"ImageObject\",\"inLanguage\":\"es\",\"@id\":\"http:\\\/\\\/cuartetoenlaweb.com.ar\\\/sitio\\\/#\\\/schema\\\/logo\\\/image\\\/\",\"url\":\"http:\\\/\\\/cuartetoenlaweb.com.ar\\\/sitio\\\/wp-content\\\/uploads\\\/2025\\\/07\\\/cropped-cropped-logitoweb21.png\",\"contentUrl\":\"http:\\\/\\\/cuartetoenlaweb.com.ar\\\/sitio\\\/wp-content\\\/uploads\\\/2025\\\/07\\\/cropped-cropped-logitoweb21.png\",\"width\":199,\"height\":199,\"caption\":\"Cuarteto en la Web\"},\"image\":{\"@id\":\"http:\\\/\\\/cuartetoenlaweb.com.ar\\\/sitio\\\/#\\\/schema\\\/logo\\\/image\\\/\"}}]}<\/script>\n<!-- \/ Yoast SEO plugin. -->","yoast_head_json":{"title":"Mirtha Legrand pidi\u00f3 disculpas a Alejandro Fantino y revivi\u00f3 un esc\u00e1ndalo: \u201cEspero dejar atr\u00e1s este\u2026\u201d - Cuarteto en la Web","robots":{"index":"index","follow":"follow","max-snippet":"max-snippet:-1","max-image-preview":"max-image-preview:large","max-video-preview":"max-video-preview:-1"},"canonical":"http:\/\/cuartetoenlaweb.com.ar\/sitio\/mirtha-legrand-pidio-disculpas-a-alejandro-fantino-y-revivio-un-escandalo-espero-dejar-atras-este\/","og_locale":"es_ES","og_type":"article","og_title":"Mirtha Legrand pidi\u00f3 disculpas a Alejandro Fantino y revivi\u00f3 un esc\u00e1ndalo: \u201cEspero dejar atr\u00e1s este\u2026\u201d - Cuarteto en la Web","og_description":"Mirtha Legrand protagoniz\u00f3 uno de los momentos m\u00e1s fuertes de","og_url":"http:\/\/cuartetoenlaweb.com.ar\/sitio\/mirtha-legrand-pidio-disculpas-a-alejandro-fantino-y-revivio-un-escandalo-espero-dejar-atras-este\/","og_site_name":"Cuarteto en la Web","article_published_time":"2025-12-28T04:39:04+00:00","og_image":[{"width":359,"height":226,"url":"http:\/\/cuartetoenlaweb.com.ar\/sitio\/wp-content\/uploads\/2025\/12\/Mauro-Icardi-llego-a-Argentina-2-359x226-6.jpg","type":"image\/jpeg"}],"twitter_card":"summary_large_image","twitter_misc":{"Tiempo de lectura":"3 minutos"},"schema":{"@context":"https:\/\/schema.org","@graph":[{"@type":"Article","@id":"http:\/\/cuartetoenlaweb.com.ar\/sitio\/mirtha-legrand-pidio-disculpas-a-alejandro-fantino-y-revivio-un-escandalo-espero-dejar-atras-este\/#article","isPartOf":{"@id":"http:\/\/cuartetoenlaweb.com.ar\/sitio\/mirtha-legrand-pidio-disculpas-a-alejandro-fantino-y-revivio-un-escandalo-espero-dejar-atras-este\/"},"author":{"name":"","@id":""},"headline":"Mirtha Legrand pidi\u00f3 disculpas a Alejandro Fantino y revivi\u00f3 un esc\u00e1ndalo: \u201cEspero dejar atr\u00e1s este\u2026\u201d","datePublished":"2025-12-28T04:39:04+00:00","mainEntityOfPage":{"@id":"http:\/\/cuartetoenlaweb.com.ar\/sitio\/mirtha-legrand-pidio-disculpas-a-alejandro-fantino-y-revivio-un-escandalo-espero-dejar-atras-este\/"},"wordCount":651,"publisher":{"@id":"http:\/\/cuartetoenlaweb.com.ar\/sitio\/#organization"},"image":{"@id":"http:\/\/cuartetoenlaweb.com.ar\/sitio\/mirtha-legrand-pidio-disculpas-a-alejandro-fantino-y-revivio-un-escandalo-espero-dejar-atras-este\/#primaryimage"},"thumbnailUrl":"http:\/\/cuartetoenlaweb.com.ar\/sitio\/wp-content\/uploads\/2025\/12\/Mauro-Icardi-llego-a-Argentina-2-359x226-6.jpg","articleSection":["PAIS"],"inLanguage":"es"},{"@type":"WebPage","@id":"http:\/\/cuartetoenlaweb.com.ar\/sitio\/mirtha-legrand-pidio-disculpas-a-alejandro-fantino-y-revivio-un-escandalo-espero-dejar-atras-este\/","url":"http:\/\/cuartetoenlaweb.com.ar\/sitio\/mirtha-legrand-pidio-disculpas-a-alejandro-fantino-y-revivio-un-escandalo-espero-dejar-atras-este\/","name":"Mirtha Legrand pidi\u00f3 disculpas a Alejandro Fantino y revivi\u00f3 un esc\u00e1ndalo: \u201cEspero dejar atr\u00e1s este\u2026\u201d - Cuarteto en la Web","isPartOf":{"@id":"http:\/\/cuartetoenlaweb.com.ar\/sitio\/#website"},"primaryImageOfPage":{"@id":"http:\/\/cuartetoenlaweb.com.ar\/sitio\/mirtha-legrand-pidio-disculpas-a-alejandro-fantino-y-revivio-un-escandalo-espero-dejar-atras-este\/#primaryimage"},"image":{"@id":"http:\/\/cuartetoenlaweb.com.ar\/sitio\/mirtha-legrand-pidio-disculpas-a-alejandro-fantino-y-revivio-un-escandalo-espero-dejar-atras-este\/#primaryimage"},"thumbnailUrl":"http:\/\/cuartetoenlaweb.com.ar\/sitio\/wp-content\/uploads\/2025\/12\/Mauro-Icardi-llego-a-Argentina-2-359x226-6.jpg","datePublished":"2025-12-28T04:39:04+00:00","breadcrumb":{"@id":"http:\/\/cuartetoenlaweb.com.ar\/sitio\/mirtha-legrand-pidio-disculpas-a-alejandro-fantino-y-revivio-un-escandalo-espero-dejar-atras-este\/#breadcrumb"},"inLanguage":"es","potentialAction":[{"@type":"ReadAction","target":["http:\/\/cuartetoenlaweb.com.ar\/sitio\/mirtha-legrand-pidio-disculpas-a-alejandro-fantino-y-revivio-un-escandalo-espero-dejar-atras-este\/"]}]},{"@type":"ImageObject","inLanguage":"es","@id":"http:\/\/cuartetoenlaweb.com.ar\/sitio\/mirtha-legrand-pidio-disculpas-a-alejandro-fantino-y-revivio-un-escandalo-espero-dejar-atras-este\/#primaryimage","url":"http:\/\/cuartetoenlaweb.com.ar\/sitio\/wp-content\/uploads\/2025\/12\/Mauro-Icardi-llego-a-Argentina-2-359x226-6.jpg","contentUrl":"http:\/\/cuartetoenlaweb.com.ar\/sitio\/wp-content\/uploads\/2025\/12\/Mauro-Icardi-llego-a-Argentina-2-359x226-6.jpg","width":359,"height":226},{"@type":"BreadcrumbList","@id":"http:\/\/cuartetoenlaweb.com.ar\/sitio\/mirtha-legrand-pidio-disculpas-a-alejandro-fantino-y-revivio-un-escandalo-espero-dejar-atras-este\/#breadcrumb","itemListElement":[{"@type":"ListItem","position":1,"name":"Portada","item":"http:\/\/cuartetoenlaweb.com.ar\/sitio\/"},{"@type":"ListItem","position":2,"name":"Mirtha Legrand pidi\u00f3 disculpas a Alejandro Fantino y revivi\u00f3 un esc\u00e1ndalo: \u201cEspero dejar atr\u00e1s este\u2026\u201d"}]},{"@type":"WebSite","@id":"http:\/\/cuartetoenlaweb.com.ar\/sitio\/#website","url":"http:\/\/cuartetoenlaweb.com.ar\/sitio\/","name":"Cuarteto en la Web","description":"","publisher":{"@id":"http:\/\/cuartetoenlaweb.com.ar\/sitio\/#organization"},"potentialAction":[{"@type":"SearchAction","target":{"@type":"EntryPoint","urlTemplate":"http:\/\/cuartetoenlaweb.com.ar\/sitio\/?s={search_term_string}"},"query-input":{"@type":"PropertyValueSpecification","valueRequired":true,"valueName":"search_term_string"}}],"inLanguage":"es"},{"@type":"Organization","@id":"http:\/\/cuartetoenlaweb.com.ar\/sitio\/#organization","name":"Cuarteto en la Web","url":"http:\/\/cuartetoenlaweb.com.ar\/sitio\/","logo":{"@type":"ImageObject","inLanguage":"es","@id":"http:\/\/cuartetoenlaweb.com.ar\/sitio\/#\/schema\/logo\/image\/","url":"http:\/\/cuartetoenlaweb.com.ar\/sitio\/wp-content\/uploads\/2025\/07\/cropped-cropped-logitoweb21.png","contentUrl":"http:\/\/cuartetoenlaweb.com.ar\/sitio\/wp-content\/uploads\/2025\/07\/cropped-cropped-logitoweb21.png","width":199,"height":199,"caption":"Cuarteto en la Web"},"image":{"@id":"http:\/\/cuartetoenlaweb.com.ar\/sitio\/#\/schema\/logo\/image\/"}}]}},"_links":{"self":[{"href":"http:\/\/cuartetoenlaweb.com.ar\/sitio\/wp-json\/wp\/v2\/posts\/9659","targetHints":{"allow":["GET"]}}],"collection":[{"href":"http:\/\/cuartetoenlaweb.com.ar\/sitio\/wp-json\/wp\/v2\/posts"}],"about":[{"href":"http:\/\/cuartetoenlaweb.com.ar\/sitio\/wp-json\/wp\/v2\/types\/post"}],"replies":[{"embeddable":true,"href":"http:\/\/cuartetoenlaweb.com.ar\/sitio\/wp-json\/wp\/v2\/comments?post=9659"}],"version-history":[{"count":0,"href":"http:\/\/cuartetoenlaweb.com.ar\/sitio\/wp-json\/wp\/v2\/posts\/9659\/revisions"}],"wp:featuredmedia":[{"embeddable":true,"href":"http:\/\/cuartetoenlaweb.com.ar\/sitio\/wp-json\/wp\/v2\/media\/9660"}],"wp:attachment":[{"href":"http:\/\/cuartetoenlaweb.com.ar\/sitio\/wp-json\/wp\/v2\/media?parent=9659"}],"wp:term":[{"taxonomy":"category","embeddable":true,"href":"http:\/\/cuartetoenlaweb.com.ar\/sitio\/wp-json\/wp\/v2\/categories?post=9659"},{"taxonomy":"post_tag","embeddable":true,"href":"http:\/\/cuartetoenlaweb.com.ar\/sitio\/wp-json\/wp\/v2\/tags?post=9659"}],"curies":[{"name":"wp","href":"https:\/\/api.w.org\/{rel}","templated":true}]}}